{"id":1470,"date":"2016-07-20T07:00:41","date_gmt":"2016-07-20T07:00:41","guid":{"rendered":"http:\/\/skoda-rowery.pl\/?p=1470"},"modified":"2016-12-05T08:47:24","modified_gmt":"2016-12-05T08:47:24","slug":"prawdziwy-rowerowy-weteran-norman-ellis-gregory","status":"publish","type":"post","link":"https:\/\/www.welovecycling.com\/pl\/2016\/07\/20\/prawdziwy-rowerowy-weteran-norman-ellis-gregory\/","title":{"rendered":"Prawdziwy rowerowy weteran: Norman Ellis Gregory"},"content":{"rendered":"<p style=\"text-align: justify\">M\u00f3wi si\u0119, \u017ce je\u015bli ludzie nie przestaj\u0105 spe\u0142nia\u0107 swoich marze\u0144, to si\u0119 nie starzej\u0105. 94-letni Norman Ellis Gregory twierdzi, \u017ce zawdzi\u0119cza sw\u00f3j \u015bwietny stan zdrowia dobrym genom oraz faktowi, \u017ce jego rodzina jest d\u0142ugowieczna. Zdaje si\u0119, \u017ce pokonywanie oko\u0142o 3 tys. mil na rowerze rocznie musi oznacza\u0107 nieco wi\u0119cej ni\u017c tylko to! \u00a0Po ponad dziewi\u0119ciu dekadach \u017cycia i walce w wojnie \u015bwiatowej, w tym prze\u017cyciu ewakuacji samolotu, Norman jako weteran wie, \u017ce nie mo\u017cna bra\u0107 swojego cia\u0142a i zdrowia za pewnik.<!--more--><\/p>\n<p style=\"text-align: justify\">Norman wcze\u015bnie rozpocz\u0105\u0142 swoj\u0105 przygod\u0119 z jazd\u0105 na rowerze, przeje\u017cd\u017ca\u0142 \u0142\u0105cznie ponad 100 mil tygodniowo, podr\u00f3\u017cuj\u0105c mi\u0119dzy wsi\u0105, w kt\u00f3rej mieszka\u0142 a liceum w Sudbury. Pierwszy raz przejecha\u0142 100 mil jednego dnia, gdy wybra\u0142 si\u0119 w podr\u00f3\u017c do Huntingdon i z powrotem, a w 1939 r. uda\u0142 si\u0119 na spontaniczn\u0105 przeja\u017cd\u017ck\u0119 rowerow\u0105 o d\u0142ugo\u015bci 1700 mil po swoim kraju, Anglii. Ta zaimprowizowana podr\u00f3\u017c rozpocz\u0119\u0142a si\u0119, gdy zmierza\u0142 do Northumberland, aby odwiedzi\u0107 krewnych, a \u017ce by\u0142 w okolicy, zdecydowa\u0142, \u017ce r\u00f3wnie dobrze mo\u017ce podjecha\u0107 i rzuci\u0107 okiem na Edynburg, stamt\u0105d pojecha\u0142 jeszcze do John O\u2019Groats, a potem jeszcze dalej.<\/p>\n<p style=\"text-align: justify\">Opr\u00f3cz d\u0142ugich tras Norman ceni sobie r\u00f3wnie\u017c spok\u00f3j ducha, kt\u00f3ry mo\u017ce przynie\u015b\u0107 jazda po wsi. Poniewa\u017c mieszka w pag\u00f3rkowatym rejonie wiejskim Suffolk, jego lokalne trasy s\u0105 ciche, \u0142adne i sprzyjaj\u0105 \u0142agodnym ewolucjom. Mimo \u017ce mo\u017ce nie ustanawia \u017cadnych rekord\u00f3w \u015bwiata, regularnie pokonuje za ka\u017cdym razem od 10 do 20 mil, a odleg\u0142o\u015bci zapisuje w dzienniku. Jest to aktywno\u015b\u0107 fizyczna, kt\u00f3ra regularnie motywuje go do wyj\u015bcia z domu &#8211; czerpie z niej ogromn\u0105 rado\u015b\u0107 i satysfakcj\u0119.<\/p>\n<p style=\"text-align: justify\"><img loading=\"lazy\" decoding=\"async\" class=\"alignnone size-large wp-image-1472\" src=\"http:\/\/skoda-rowery.pl\/wp-content\/uploads\/2016\/07\/profimedia-0282352189-683x1024.jpg\" alt=\"profimedia-0282352189\" width=\"683\" height=\"1024\" srcset=\"https:\/\/d2p6e6u75xmxt8.cloudfront.net\/5\/2016\/07\/profimedia-0282352189-683x1024.jpg 683w, https:\/\/d2p6e6u75xmxt8.cloudfront.net\/5\/2016\/07\/profimedia-0282352189-200x300.jpg 200w, https:\/\/d2p6e6u75xmxt8.cloudfront.net\/5\/2016\/07\/profimedia-0282352189-768x1152.jpg 768w, https:\/\/d2p6e6u75xmxt8.cloudfront.net\/5\/2016\/07\/profimedia-0282352189.jpg 833w\" sizes=\"auto, (max-width: 683px) 100vw, 683px\" \/><\/p>\n<p style=\"text-align: justify\">Z nielicznymi wyj\u0105tkami jego typowy poranek to \u015bniadanie, szybkie mycie si\u0119 i golenie oraz wyj\u015bcie na rower jeszcze przed godzin\u0105 dziewi\u0105t\u0105. W normalnych okoliczno\u015bciach rusza z zamiarem jazdy przez dwie godziny, ale je\u015bli b\u0119dzie sz\u0142o dobrze, wyjdzie na trzy godziny. Re\u017cim ten wynika z jego silnego przekonania, \u017ce ludzie, niezale\u017cnie od ambicji, s\u0105 przede wszystkim zwierz\u0119tami. Norman podkre\u015bla konieczno\u015b\u0107 rozs\u0105dnej ilo\u015bci codziennych \u0107wicze\u0144 dla m\u00f3zgu i cia\u0142a. Opr\u00f3cz zwalczania schorze\u0144 i chor\u00f3b, poprawy nastroju i zwi\u0119kszenia energii, codzienne przeja\u017cd\u017cki Normana pozwalaj\u0105 mu zachowa\u0107 si\u0142\u0119, nawet w wieku 94 lat.<\/p>\n<p style=\"text-align: justify\">Docenienie tego nie przychodzi \u0142atwo. W prostszych czasach przedwojennych Norman uwa\u017ca\u0142 sw\u00f3j rower Dawes za najcenniejsz\u0105 rzecz, kt\u00f3r\u0105 posiada\u0142. Po\u015bwi\u0119ci\u0142 prawie ca\u0142a miesi\u0119czn\u0105 pensj\u0119, by kupi\u0107 to cudo, a nawet zainwestowa\u0142 w pot\u0119\u017cne dynamo, aby go ulepszy\u0107. Co zrozumia\u0142e, by\u0142 zdruzgotany, kiedy straci\u0142 rower po tym, jak australijski cz\u0142onek ekipy zostawi\u0142 go gdzie\u015b po pota\u0144c\u00f3wce, ale, jak to cz\u0119sto bywa w czasach niestabilno\u015bci, frustracja kilka dni p\u00f3\u017aniej ust\u0105pi\u0142a powa\u017cniejszym prze\u017cyciom. W dniu 23 maja 1944 r. Norman i pi\u0119ciu cz\u0142onk\u00f3w jego za\u0142ogi pad\u0142o ofiarami nalotu, kt\u00f3ry zmusi\u0142 ich do opuszczenia samolotu i skoku w kierunku ziemi z wysoko\u015bci 23 tys. st\u00f3p.<\/p>\n<p style=\"text-align: justify\">Dziesi\u0119\u0107 sekund p\u00f3\u017aniej, po wyci\u0105gni\u0119ciu uchwytu wyzwalaj\u0105cego, Norman straci\u0142 przytomno\u015b\u0107. Jego spr\u0119\u017cynowy spadochron piersiowy z\u0142apa\u0142 go pod brod\u0105 w trakcie otwierania si\u0119. Jednak doszed\u0142 do siebie jeszcze podczas spadania i dozna\u0142 jedynie kontuzji kolana w wyniku niezr\u0119cznego l\u0105dowania w lesie. W\u0142a\u015bnie z powodu tej kontuzji Norman dosta\u0142 si\u0119 w r\u0119ce w\u0142adz (prawie rok by\u0142 je\u0144cem wojennym i przetrwa\u0142 przemarsze w 1945 r.). Tak si\u0119 z\u0142o\u017cy\u0142o, \u017ce transportowa\u0142 go policjant, na kierownicy swojego roweru.<\/p>\n<p style=\"text-align: justify\">Tego rodzaju do\u015bwiadczenia przynosz\u0105 prawdziw\u0105 \u015bwiadomo\u015b\u0107 tego, jak cenne i kruche jest w rzeczywisto\u015bci \u017cycie. G\u0142\u0119boka i ci\u0105\u017c\u0105ca \u015bwiadomo\u015b\u0107 tego faktu motywuje naszego bohatera do codziennej jazdy na rowerze. Norman m\u00f3wi, \u017ce od 2009 r. co rok pokonuje kolejnych 5 tys. mil. Jego historia to historia wytrwa\u0142o\u015bci, pasji i tego, do czego naprawd\u0119 s\u0105 zdolni ludzie. Fakt, \u017ce ten weteran trzyma si\u0119 swojego re\u017cimu przypomina nam, \u017ce gdy si\u0119 starzejemy, najlepsz\u0105 rzecz\u0105, jak\u0105 mo\u017cemy zrobi\u0107 jest zacz\u0105\u0107 korzysta\u0107 z energii i \u015brodk\u00f3w, kt\u00f3rymi dysponujemy, bez wzgl\u0119du na to, jak wydaj\u0105 si\u0119 ograniczone, aby realizowa\u0107 to, co liczy si\u0119 dla nas i \u017cy\u0107 \u017cyciem, jakiego pragniemy. Zastan\u00f3w si\u0119, jak jazda na rowerze pozytywnie wp\u0142yn\u0119\u0142a na jako\u015b\u0107 Twojego \u017cycia?<\/p>\n<p style=\"text-align: justify\"><strong>\u0141\u0105czy nas kolarska pasja! \u0160koda nap\u0119dza Tour de France.<\/strong><\/p>\n","protected":false},"excerpt":{"rendered":"<p>M\u00f3wi si\u0119, \u017ce je\u015bli ludzie nie przestaj\u0105 spe\u0142nia\u0107 swoich marze\u0144, to si\u0119 nie starzej\u0105. 94-letni Norman Ellis Gregory twierdzi, \u017ce [&hellip;]<\/p>\n","protected":false},"author":1,"featured_media":1471,"comment_status":"open","ping_status":"closed","sticky":false,"template":"","format":"standard","meta":{"footnotes":""},"categories":[1],"tags":[77],"global-categories":[],"class_list":["post-1470","post","type-post","status-publish","format-standard","has-post-thumbnail","hentry","category-uncategorized","tag-tour-de-france"],"yoast_head":"<!-- This site is optimized with the Yoast SEO Premium plugin v25.3 (Yoast SEO v25.9) - https:\/\/yoast.com\/wordpress\/plugins\/seo\/ -->\n<title>Prawdziwy rowerowy weteran: Norman Ellis Gregory - \u0160koda We Love Cycling - Poland<\/title>\n<meta name=\"robots\" content=\"index, follow, max-snippet:-1, max-image-preview:large, max-video-preview:-1\" \/>\n<link rel=\"canonical\" href=\"https:\/\/www.welovecycling.com\/pl\/2016\/07\/20\/prawdziwy-rowerowy-weteran-norman-ellis-gregory\/\" \/>\n<meta property=\"og:locale\" content=\"pl_PL\" \/>\n<meta property=\"og:type\" content=\"article\" \/>\n<meta property=\"og:title\" content=\"Prawdziwy rowerowy weteran: Norman Ellis Gregory\" \/>\n<meta property=\"og:description\" content=\"M\u00f3wi si\u0119, \u017ce je\u015bli ludzie nie przestaj\u0105 spe\u0142nia\u0107 swoich marze\u0144, to si\u0119 nie starzej\u0105. 94-letni Norman Ellis Gregory twierdzi, \u017ce [&hellip;]\" \/>\n<meta property=\"og:url\" content=\"https:\/\/www.welovecycling.com\/pl\/2016\/07\/20\/prawdziwy-rowerowy-weteran-norman-ellis-gregory\/\" \/>\n<meta property=\"og:site_name\" content=\"\u0160koda We Love Cycling - Poland\" \/>\n<meta property=\"article:published_time\" content=\"2016-07-20T07:00:41+00:00\" \/>\n<meta property=\"article:modified_time\" content=\"2016-12-05T08:47:24+00:00\" \/>\n<meta property=\"og:image\" content=\"https:\/\/d2p6e6u75xmxt8.cloudfront.net\/5\/2016\/07\/148181456_4956595984.jpg\" \/>\n\t<meta property=\"og:image:width\" content=\"1375\" \/>\n\t<meta property=\"og:image:height\" content=\"600\" \/>\n\t<meta property=\"og:image:type\" content=\"image\/jpeg\" \/>\n<meta name=\"author\" content=\"WeLoveCycling\" \/>\n<meta name=\"twitter:card\" content=\"summary_large_image\" \/>\n<meta name=\"twitter:label1\" content=\"Written by\" \/>\n\t<meta name=\"twitter:data1\" content=\"WeLoveCycling\" \/>\n\t<meta name=\"twitter:label2\" content=\"Est. reading time\" \/>\n\t<meta name=\"twitter:data2\" content=\"4 minutes\" \/>\n<script type=\"application\/ld+json\" class=\"yoast-schema-graph\">{\"@context\":\"https:\/\/schema.org\",\"@graph\":[{\"@type\":\"WebPage\",\"@id\":\"https:\/\/www.welovecycling.com\/pl\/2016\/07\/20\/prawdziwy-rowerowy-weteran-norman-ellis-gregory\/\",\"url\":\"https:\/\/www.welovecycling.com\/pl\/2016\/07\/20\/prawdziwy-rowerowy-weteran-norman-ellis-gregory\/\",\"name\":\"Prawdziwy rowerowy weteran: Norman Ellis Gregory - \u0160koda We Love Cycling - Poland\",\"isPartOf\":{\"@id\":\"https:\/\/www.welovecycling.com\/pl\/#website\"},\"primaryImageOfPage\":{\"@id\":\"https:\/\/www.welovecycling.com\/pl\/2016\/07\/20\/prawdziwy-rowerowy-weteran-norman-ellis-gregory\/#primaryimage\"},\"image\":{\"@id\":\"https:\/\/www.welovecycling.com\/pl\/2016\/07\/20\/prawdziwy-rowerowy-weteran-norman-ellis-gregory\/#primaryimage\"},\"thumbnailUrl\":\"https:\/\/d2p6e6u75xmxt8.cloudfront.net\/5\/2016\/07\/148181456_4956595984.jpg\",\"datePublished\":\"2016-07-20T07:00:41+00:00\",\"dateModified\":\"2016-12-05T08:47:24+00:00\",\"author\":{\"@id\":\"https:\/\/www.welovecycling.com\/pl\/#\/schema\/person\/e5187c9cac8dd619ebc7b41bd73c2fd9\"},\"breadcrumb\":{\"@id\":\"https:\/\/www.welovecycling.com\/pl\/2016\/07\/20\/prawdziwy-rowerowy-weteran-norman-ellis-gregory\/#breadcrumb\"},\"inLanguage\":\"pl-PL\",\"potentialAction\":[{\"@type\":\"ReadAction\",\"target\":[\"https:\/\/www.welovecycling.com\/pl\/2016\/07\/20\/prawdziwy-rowerowy-weteran-norman-ellis-gregory\/\"]}]},{\"@type\":\"ImageObject\",\"inLanguage\":\"pl-PL\",\"@id\":\"https:\/\/www.welovecycling.com\/pl\/2016\/07\/20\/prawdziwy-rowerowy-weteran-norman-ellis-gregory\/#primaryimage\",\"url\":\"https:\/\/d2p6e6u75xmxt8.cloudfront.net\/5\/2016\/07\/148181456_4956595984.jpg\",\"contentUrl\":\"https:\/\/d2p6e6u75xmxt8.cloudfront.net\/5\/2016\/07\/148181456_4956595984.jpg\",\"width\":1375,\"height\":600},{\"@type\":\"BreadcrumbList\",\"@id\":\"https:\/\/www.welovecycling.com\/pl\/2016\/07\/20\/prawdziwy-rowerowy-weteran-norman-ellis-gregory\/#breadcrumb\",\"itemListElement\":[{\"@type\":\"ListItem\",\"position\":1,\"name\":\"Home\",\"item\":\"https:\/\/www.welovecycling.com\/pl\/\"},{\"@type\":\"ListItem\",\"position\":2,\"name\":\"Prawdziwy rowerowy weteran: Norman Ellis Gregory\"}]},{\"@type\":\"WebSite\",\"@id\":\"https:\/\/www.welovecycling.com\/pl\/#website\",\"url\":\"https:\/\/www.welovecycling.com\/pl\/\",\"name\":\"\u0160koda We Love Cycling - Poland\",\"description\":\"\",\"potentialAction\":[{\"@type\":\"SearchAction\",\"target\":{\"@type\":\"EntryPoint\",\"urlTemplate\":\"https:\/\/www.welovecycling.com\/pl\/?s={search_term_string}\"},\"query-input\":{\"@type\":\"PropertyValueSpecification\",\"valueRequired\":true,\"valueName\":\"search_term_string\"}}],\"inLanguage\":\"pl-PL\"},{\"@type\":\"Person\",\"@id\":\"https:\/\/www.welovecycling.com\/pl\/#\/schema\/person\/e5187c9cac8dd619ebc7b41bd73c2fd9\",\"name\":\"WeLoveCycling\",\"image\":{\"@type\":\"ImageObject\",\"inLanguage\":\"pl-PL\",\"@id\":\"https:\/\/www.welovecycling.com\/pl\/#\/schema\/person\/image\/\",\"url\":\"https:\/\/secure.gravatar.com\/avatar\/7e1ee0ecc5e294b19ef32b9f6086e0afbb9da00c3cb0d465ba4695331f4a9187?s=96&d=mm&r=g\",\"contentUrl\":\"https:\/\/secure.gravatar.com\/avatar\/7e1ee0ecc5e294b19ef32b9f6086e0afbb9da00c3cb0d465ba4695331f4a9187?s=96&d=mm&r=g\",\"caption\":\"WeLoveCycling\"},\"url\":\"https:\/\/www.welovecycling.com\/pl\/author\/lukascech\/\"}]}<\/script>\n<!-- \/ Yoast SEO Premium plugin. -->","yoast_head_json":{"title":"Prawdziwy rowerowy weteran: Norman Ellis Gregory - \u0160koda We Love Cycling - Poland","robots":{"index":"index","follow":"follow","max-snippet":"max-snippet:-1","max-image-preview":"max-image-preview:large","max-video-preview":"max-video-preview:-1"},"canonical":"https:\/\/www.welovecycling.com\/pl\/2016\/07\/20\/prawdziwy-rowerowy-weteran-norman-ellis-gregory\/","og_locale":"pl_PL","og_type":"article","og_title":"Prawdziwy rowerowy weteran: Norman Ellis Gregory","og_description":"M\u00f3wi si\u0119, \u017ce je\u015bli ludzie nie przestaj\u0105 spe\u0142nia\u0107 swoich marze\u0144, to si\u0119 nie starzej\u0105. 94-letni Norman Ellis Gregory twierdzi, \u017ce [&hellip;]","og_url":"https:\/\/www.welovecycling.com\/pl\/2016\/07\/20\/prawdziwy-rowerowy-weteran-norman-ellis-gregory\/","og_site_name":"\u0160koda We Love Cycling - Poland","article_published_time":"2016-07-20T07:00:41+00:00","article_modified_time":"2016-12-05T08:47:24+00:00","og_image":[{"width":1375,"height":600,"url":"https:\/\/d2p6e6u75xmxt8.cloudfront.net\/5\/2016\/07\/148181456_4956595984.jpg","type":"image\/jpeg"}],"author":"WeLoveCycling","twitter_card":"summary_large_image","twitter_misc":{"Written by":"WeLoveCycling","Est. reading time":"4 minutes"},"schema":{"@context":"https:\/\/schema.org","@graph":[{"@type":"WebPage","@id":"https:\/\/www.welovecycling.com\/pl\/2016\/07\/20\/prawdziwy-rowerowy-weteran-norman-ellis-gregory\/","url":"https:\/\/www.welovecycling.com\/pl\/2016\/07\/20\/prawdziwy-rowerowy-weteran-norman-ellis-gregory\/","name":"Prawdziwy rowerowy weteran: Norman Ellis Gregory - \u0160koda We Love Cycling - Poland","isPartOf":{"@id":"https:\/\/www.welovecycling.com\/pl\/#website"},"primaryImageOfPage":{"@id":"https:\/\/www.welovecycling.com\/pl\/2016\/07\/20\/prawdziwy-rowerowy-weteran-norman-ellis-gregory\/#primaryimage"},"image":{"@id":"https:\/\/www.welovecycling.com\/pl\/2016\/07\/20\/prawdziwy-rowerowy-weteran-norman-ellis-gregory\/#primaryimage"},"thumbnailUrl":"https:\/\/d2p6e6u75xmxt8.cloudfront.net\/5\/2016\/07\/148181456_4956595984.jpg","datePublished":"2016-07-20T07:00:41+00:00","dateModified":"2016-12-05T08:47:24+00:00","author":{"@id":"https:\/\/www.welovecycling.com\/pl\/#\/schema\/person\/e5187c9cac8dd619ebc7b41bd73c2fd9"},"breadcrumb":{"@id":"https:\/\/www.welovecycling.com\/pl\/2016\/07\/20\/prawdziwy-rowerowy-weteran-norman-ellis-gregory\/#breadcrumb"},"inLanguage":"pl-PL","potentialAction":[{"@type":"ReadAction","target":["https:\/\/www.welovecycling.com\/pl\/2016\/07\/20\/prawdziwy-rowerowy-weteran-norman-ellis-gregory\/"]}]},{"@type":"ImageObject","inLanguage":"pl-PL","@id":"https:\/\/www.welovecycling.com\/pl\/2016\/07\/20\/prawdziwy-rowerowy-weteran-norman-ellis-gregory\/#primaryimage","url":"https:\/\/d2p6e6u75xmxt8.cloudfront.net\/5\/2016\/07\/148181456_4956595984.jpg","contentUrl":"https:\/\/d2p6e6u75xmxt8.cloudfront.net\/5\/2016\/07\/148181456_4956595984.jpg","width":1375,"height":600},{"@type":"BreadcrumbList","@id":"https:\/\/www.welovecycling.com\/pl\/2016\/07\/20\/prawdziwy-rowerowy-weteran-norman-ellis-gregory\/#breadcrumb","itemListElement":[{"@type":"ListItem","position":1,"name":"Home","item":"https:\/\/www.welovecycling.com\/pl\/"},{"@type":"ListItem","position":2,"name":"Prawdziwy rowerowy weteran: Norman Ellis Gregory"}]},{"@type":"WebSite","@id":"https:\/\/www.welovecycling.com\/pl\/#website","url":"https:\/\/www.welovecycling.com\/pl\/","name":"\u0160koda We Love Cycling - Poland","description":"","potentialAction":[{"@type":"SearchAction","target":{"@type":"EntryPoint","urlTemplate":"https:\/\/www.welovecycling.com\/pl\/?s={search_term_string}"},"query-input":{"@type":"PropertyValueSpecification","valueRequired":true,"valueName":"search_term_string"}}],"inLanguage":"pl-PL"},{"@type":"Person","@id":"https:\/\/www.welovecycling.com\/pl\/#\/schema\/person\/e5187c9cac8dd619ebc7b41bd73c2fd9","name":"WeLoveCycling","image":{"@type":"ImageObject","inLanguage":"pl-PL","@id":"https:\/\/www.welovecycling.com\/pl\/#\/schema\/person\/image\/","url":"https:\/\/secure.gravatar.com\/avatar\/7e1ee0ecc5e294b19ef32b9f6086e0afbb9da00c3cb0d465ba4695331f4a9187?s=96&d=mm&r=g","contentUrl":"https:\/\/secure.gravatar.com\/avatar\/7e1ee0ecc5e294b19ef32b9f6086e0afbb9da00c3cb0d465ba4695331f4a9187?s=96&d=mm&r=g","caption":"WeLoveCycling"},"url":"https:\/\/www.welovecycling.com\/pl\/author\/lukascech\/"}]}},"_links":{"self":[{"href":"https:\/\/www.welovecycling.com\/pl\/wp-json\/wp\/v2\/posts\/1470","targetHints":{"allow":["GET"]}}],"collection":[{"href":"https:\/\/www.welovecycling.com\/pl\/wp-json\/wp\/v2\/posts"}],"about":[{"href":"https:\/\/www.welovecycling.com\/pl\/wp-json\/wp\/v2\/types\/post"}],"author":[{"embeddable":true,"href":"https:\/\/www.welovecycling.com\/pl\/wp-json\/wp\/v2\/users\/1"}],"replies":[{"embeddable":true,"href":"https:\/\/www.welovecycling.com\/pl\/wp-json\/wp\/v2\/comments?post=1470"}],"version-history":[{"count":1,"href":"https:\/\/www.welovecycling.com\/pl\/wp-json\/wp\/v2\/posts\/1470\/revisions"}],"predecessor-version":[{"id":2419,"href":"https:\/\/www.welovecycling.com\/pl\/wp-json\/wp\/v2\/posts\/1470\/revisions\/2419"}],"wp:featuredmedia":[{"embeddable":true,"href":"https:\/\/www.welovecycling.com\/pl\/wp-json\/wp\/v2\/media\/1471"}],"wp:attachment":[{"href":"https:\/\/www.welovecycling.com\/pl\/wp-json\/wp\/v2\/media?parent=1470"}],"wp:term":[{"taxonomy":"category","embeddable":true,"href":"https:\/\/www.welovecycling.com\/pl\/wp-json\/wp\/v2\/categories?post=1470"},{"taxonomy":"post_tag","embeddable":true,"href":"https:\/\/www.welovecycling.com\/pl\/wp-json\/wp\/v2\/tags?post=1470"},{"taxonomy":"global-categories","embeddable":true,"href":"https:\/\/www.welovecycling.com\/pl\/wp-json\/wp\/v2\/global-categories?post=1470"}],"curies":[{"name":"wp","href":"https:\/\/api.w.org\/{rel}","templated":true}]}}