{"id":14698,"date":"2024-05-06T12:37:55","date_gmt":"2024-05-06T12:37:55","guid":{"rendered":"https:\/\/www.welovecycling.com\/pl\/?p=14698"},"modified":"2024-05-06T12:37:55","modified_gmt":"2024-05-06T12:37:55","slug":"przebita-detka-to-za-malo-piekny-finisz-i-nagroda","status":"publish","type":"post","link":"https:\/\/www.welovecycling.com\/pl\/2024\/05\/06\/przebita-detka-to-za-malo-piekny-finisz-i-nagroda\/","title":{"rendered":"Przebita d\u0119tka to za ma\u0142o\u2026 Pi\u0119kny finisz i nagroda"},"content":{"rendered":"<p><strong>By\u0142a usterka, pi\u0119kny po\u015bcig i w ko\u0144cu prowadzenie w klasyfikacji generalnej \u2013 Giro d\u2019Italia rozkr\u0119ca si\u0119 na dobre, a przewodzi mu Tadej Poga\u010dar. O sobie nie daje zapomnie\u0107 tak\u017ce Tour de France, w kt\u00f3rego sprawie uchylono r\u0105bka tajemnicy. A wszystkiemu z boku przygl\u0105da si\u0119 Katarzyna Niewiadoma, kt\u00f3ra uda\u0142a si\u0119 na zas\u0142u\u017cony odpoczynek.<\/strong><\/p>\n<p>Oczy ca\u0142ego kolarskiego \u015bwiata zwr\u00f3cone s\u0105 teraz na W\u0142ochy, gdzie w\u0142a\u015bnie wystartowa\u0142 pierwszy wy\u015bcig z cyklu Grand Tour \u2013 Giro d\u2019Italia. Zacz\u0119\u0142o si\u0119 do\u015b\u0107 zaskakuj\u0105co, bo od zwyci\u0119stwa na pierwszym etapie Jhonatana Narv\u00e1eza (INEOS Grenadiers), kt\u00f3ry pokona\u0142 faworyta ca\u0142ego wy\u015bcigu \u2013 Tadeja Poga\u010dara (UAE Team Emirates).<\/p>\n<p>Narv\u00e1ez uczepi\u0142 si\u0119 ko\u0142a S\u0142owe\u0144ca, gdy ten zdecydowa\u0142 si\u0119 na ucieczk\u0119. Wydawa\u0142o si\u0119, \u017ce Poga\u010dar samotnie rozstrzygnie finisz, ale na ko\u0144cowych metrach Ekwadorczyk wyskoczy\u0142 zza jego plec\u00f3w i zosta\u0142 pierwszym liderem 107. Giro d\u2019Italia.<\/p>\n<p><span style=\"font-size: 18pt;\"><strong>\u00a0\u201eTo by\u0142o moje marzenie\u201d<\/strong><\/span><\/p>\n<p>Nazajutrz jednak S\u0142oweniec wzi\u0105\u0142 rewan\u017c i nie przeszkodzi\u0142a mu w tym nawet usterka. 11 kilometr\u00f3w przed met\u0105 Poga\u010dar z\u0142apa\u0142 gum\u0119 i wydawa\u0142o si\u0119, \u017ce to przekre\u015bli jego szanse na zwyci\u0119stwo.<\/p>\n<p>\u2013 Wjecha\u0142em w dziur\u0119 i z\u0142apa\u0142em gum\u0119. Pope\u0142ni\u0142em b\u0142\u0105d, bo chcia\u0142em zatrzyma\u0107 si\u0119 przed zakr\u0119tem, a nie po nim, ale z wozu krzyczeli do mnie, \u017ce trzeba to zrobi\u0107 p\u00f3\u017aniej&#8230; Upad\u0142em, ale to nic powa\u017cnego \u2013 przyzna\u0142 Poga\u010dar na mecie.<\/p>\n<div class=\"embed-controller-wrapper\">\n<blockquote class=\"twitter-tweet\" data-width=\"500\" data-dnt=\"true\">\n<p lang=\"pl\" dir=\"ltr\">P\u0119kni\u0119ta opona. Koniec \u00af_(\u30c4)_\/\u00af<\/p>\n<p>Tadej Pogacar z\u0142apa\u0142 kapcia na trasie 2. etapu i w teorii mog\u0142oby tu przeszkodzi\u0107, gdyby to nie by\u0142 Tadej Pogacar, kt\u00f3ry finalnie&#8230;<\/p>\n<p>O tym w kolejnych postach  \ud83d\ude43<a href=\"https:\/\/twitter.com\/hashtag\/Giro?src=hash&amp;ref_src=twsrc%5Etfw\">#Giro<\/a> <a href=\"https:\/\/twitter.com\/hashtag\/HomeOfCycling?src=hash&amp;ref_src=twsrc%5Etfw\">#HomeOfCycling<\/a> <a href=\"https:\/\/t.co\/KlBkqVBpqB\">pic.twitter.com\/KlBkqVBpqB<\/a><\/p>\n<p>&mdash; Eurosport Polska (@Eurosport_PL) <a href=\"https:\/\/twitter.com\/Eurosport_PL\/status\/1787139287739204089?ref_src=twsrc%5Etfw\">May 5, 2024<\/a><\/p><\/blockquote>\n<p><script async data-src=\"https:\/\/platform.twitter.com\/widgets.js\" charset=\"utf-8\"><\/script><\/div>\n<p>B\u0142yskawiczna wymiana roweru i \u015bwietna wsp\u00f3\u0142praca ca\u0142ej grupy (w tym tak\u017ce Rafa\u0142a Majki) sprawi\u0142y, \u017ce S\u0142oweniec szybko doskoczy\u0142 do rywali, a nast\u0119pnie samotnie pogna\u0142 w stron\u0119 mety. Przeci\u0105\u0142 j\u0105 27 sekund przed grup\u0105 po\u015bcigow\u0105 i tym samym przej\u0105\u0142 r\u00f3\u017cow\u0105 koszulk\u0119 lidera.<\/p>\n<p>\u2013 To by\u0142o moje marzenie: wygra\u0107 cho\u0107by ten jeden etap Giro d\u2019Italia. Od zawsze siedzia\u0142o mi to w g\u0142owie, bo ta sztuka uda\u0142a si\u0119 niewielu. To \u015bwietne uczucie \u2013 cieszy\u0142 si\u0119 Poga\u010dar.<\/p>\n<p><span style=\"font-size: 18pt;\"><strong>Tour de France 2026 wystartuje w Barcelonie?<\/strong><\/span><\/p>\n<p>Kolarze szalej\u0105 podczas Giro d\u2019Italia, ale w tym samym czasie nie daje o sobie zapomnie\u0107 Tour de France. I nawet nie chodzi o tegoroczn\u0105 edycj\u0119 (zostanie rozegrana w dniach 29 czerwca \u2013 21 lipca), ale o Wielk\u0105 P\u0119tl\u0119 w 2026 r. Okazuje si\u0119 bowiem, \u017ce najprawdopodobniej wystartuje ona z\u2026 Barcelony. Tak\u0105 informacj\u0119 poda\u0142a \u201eLa Gazzetta dello Sport\u201d i je\u015bli si\u0119 sprawdzi, to b\u0119dzie to kolejny hiszpa\u0144ski Grand Depart w ostatnich latach (w poprzednim roku Wielka P\u0119tla rozpoczyna\u0142a si\u0119 w Bilbao).<\/p>\n<p>Starty Tour de France poza Francj\u0105 ciesz\u0105 si\u0119 olbrzymi\u0105 popularno\u015bci\u0105. W ostatnich latach najwi\u0119kszy wy\u015bcig \u015bwiata zaczyna\u0142 si\u0119 tak\u017ce w Belgii i w Danii, a w tym roku pierwsze trzy etapy zostan\u0105 rozegrane we W\u0142oszech.<\/p>\n<p><span style=\"font-size: 18pt;\"><strong>Przerwa Katarzyny Niewiadomej<\/strong><\/span><\/p>\n<p>Z kolei w \u017ce\u0144skim peletonie \u015bwietnie spisuj\u0105ca si\u0119 Katarzyna Niewiadoma (Canyon\/SRAM) by\u0142a zmuszona do zrobienia sobie przerwy. Pow\u00f3d? Choroba, z kt\u00f3r\u0105 Polka walczy\u0142a od d\u0142u\u017cszego czasu.<\/p>\n<p>Niewiadoma decyzj\u0119 o przerwie podj\u0119\u0142a po 5. etapie La Vuelta Femenina. Po m\u0119cz\u0105cym wyst\u0119pie zosta\u0142a wycofana z wy\u015bcigu, a sta\u0142y za tym w\u0142a\u015bnie problemy zdrowotne.<\/p>\n<div class=\"embed-controller-wrapper\">\n<blockquote class=\"twitter-tweet\" data-width=\"500\" data-dnt=\"true\">\n<p lang=\"en\" dir=\"ltr\">.<a href=\"https:\/\/twitter.com\/KNiewiadoma?ref_src=twsrc%5Etfw\">@KNiewiadoma<\/a> won\u2019t start stage six of <a href=\"https:\/\/twitter.com\/hashtag\/LaVueltaFemenina?src=hash&amp;ref_src=twsrc%5Etfw\">#LaVueltaFemenina<\/a>, today. After battling with a small sickness since the Ardennes Classics, our medical team decided it\u2019s best for Kasia to stop the race early and allow a full recovery. \ud83d\ude4c <a href=\"https:\/\/t.co\/K10s0S05aw\">pic.twitter.com\/K10s0S05aw<\/a><\/p>\n<p>&mdash; CANYON\/\/SRAM Racing &amp; CANYON\/\/SRAM Generation (@WMNcycling) <a href=\"https:\/\/twitter.com\/WMNcycling\/status\/1786352602524873120?ref_src=twsrc%5Etfw\">May 3, 2024<\/a><\/p><\/blockquote>\n<p><script async data-src=\"https:\/\/platform.twitter.com\/widgets.js\" charset=\"utf-8\"><\/script><\/div>\n<p>\u2013 Nasz zesp\u00f3\u0142 medyczny zdecydowa\u0142, \u017ce najlepiej b\u0119dzie, je\u015bli Kasia przerwie wy\u015bcig i da sobie czas na pe\u0142ny powr\u00f3t do zdrowia \u2013 og\u0142osi\u0142a ekipa Canyon\/SRAM.<\/p>\n<p><span data-sheets-value=\"{&quot;1&quot;:2,&quot;2&quot;:&quot;Artyku\u0142 powsta\u0142 we wsp\u00f3\u0142pracy ze skoda-auto.pl&quot;}\" data-sheets-userformat=\"{&quot;2&quot;:1,&quot;3&quot;:{&quot;1&quot;:0}}\" data-sheets-hyperlink=\"http:\/\/www.skoda-auto.pl\/\"><a class=\"in-cell-link\" href=\"http:\/\/www.skoda-auto.pl\/\" target=\"_blank\" rel=\"noopener noreferrer\">Artyku\u0142 powsta\u0142 we wsp\u00f3\u0142pracy ze skoda-auto.pl<\/a><\/span><\/p>\n<p><img decoding=\"async\" src=\"https:\/\/d2p6e6u75xmxt8.cloudfront.net\/5\/2030\/11\/1.webp\" \/><\/p>\n<p>&nbsp;<\/p>\n","protected":false},"excerpt":{"rendered":"<p>By\u0142a usterka, pi\u0119kny po\u015bcig i w ko\u0144cu prowadzenie w klasyfikacji generalnej \u2013 Giro d\u2019Italia rozkr\u0119ca si\u0119 na dobre, a przewodzi [&hellip;]<\/p>\n","protected":false},"author":153,"featured_media":14699,"comment_status":"open","ping_status":"open","sticky":false,"template":"","format":"standard","meta":{"footnotes":""},"categories":[6],"tags":[151,191,404,264,423],"global-categories":[303],"class_list":["post-14698","post","type-post","status-publish","format-standard","has-post-thumbnail","hentry","category-kolarstwo-szosowe","tag-kolarstwo-szosowe","tag-skoda","tag-skodapolska","tag-wyscig-etapowy","tag-wyscigi-szosowe","global-categories-cycling"],"yoast_head":"<!-- This site is optimized with the Yoast SEO Premium plugin v25.3 (Yoast SEO v25.9) - https:\/\/yoast.com\/wordpress\/plugins\/seo\/ -->\n<title>Przebita d\u0119tka to za ma\u0142o\u2026 Pi\u0119kny finisz i nagroda - \u0160koda We Love Cycling - Poland<\/title>\n<meta name=\"robots\" content=\"index, follow, max-snippet:-1, max-image-preview:large, max-video-preview:-1\" \/>\n<link rel=\"canonical\" href=\"https:\/\/www.welovecycling.com\/pl\/2024\/05\/06\/przebita-detka-to-za-malo-piekny-finisz-i-nagroda\/\" \/>\n<meta property=\"og:locale\" content=\"pl_PL\" \/>\n<meta property=\"og:type\" content=\"article\" \/>\n<meta property=\"og:title\" content=\"Przebita d\u0119tka to za ma\u0142o\u2026 Pi\u0119kny finisz i nagroda\" \/>\n<meta property=\"og:description\" content=\"By\u0142a usterka, pi\u0119kny po\u015bcig i w ko\u0144cu prowadzenie w klasyfikacji generalnej \u2013 Giro d\u2019Italia rozkr\u0119ca si\u0119 na dobre, a przewodzi [&hellip;]\" \/>\n<meta property=\"og:url\" content=\"https:\/\/www.welovecycling.com\/pl\/2024\/05\/06\/przebita-detka-to-za-malo-piekny-finisz-i-nagroda\/\" \/>\n<meta property=\"og:site_name\" content=\"\u0160koda We Love Cycling - Poland\" \/>\n<meta property=\"article:published_time\" content=\"2024-05-06T12:37:55+00:00\" \/>\n<meta property=\"og:image\" content=\"https:\/\/d2p6e6u75xmxt8.cloudfront.net\/5\/2024\/05\/MicrosoftTeams-image-68.webp\" \/>\n\t<meta property=\"og:image:width\" content=\"990\" \/>\n\t<meta property=\"og:image:height\" content=\"660\" \/>\n\t<meta property=\"og:image:type\" content=\"image\/webp\" \/>\n<meta name=\"author\" content=\"rafal\" \/>\n<meta name=\"twitter:card\" content=\"summary_large_image\" \/>\n<meta name=\"twitter:label1\" content=\"Written by\" \/>\n\t<meta name=\"twitter:data1\" content=\"Piotr Nowik\" \/>\n\t<meta name=\"twitter:label2\" content=\"Est. reading time\" \/>\n\t<meta name=\"twitter:data2\" content=\"4\" \/>\n<script type=\"application\/ld+json\" class=\"yoast-schema-graph\">{\"@context\":\"https:\/\/schema.org\",\"@graph\":[{\"@type\":\"WebPage\",\"@id\":\"https:\/\/www.welovecycling.com\/pl\/2024\/05\/06\/przebita-detka-to-za-malo-piekny-finisz-i-nagroda\/\",\"url\":\"https:\/\/www.welovecycling.com\/pl\/2024\/05\/06\/przebita-detka-to-za-malo-piekny-finisz-i-nagroda\/\",\"name\":\"Przebita d\u0119tka to za ma\u0142o\u2026 Pi\u0119kny finisz i nagroda - \u0160koda We Love Cycling - Poland\",\"isPartOf\":{\"@id\":\"https:\/\/www.welovecycling.com\/pl\/#website\"},\"primaryImageOfPage\":{\"@id\":\"https:\/\/www.welovecycling.com\/pl\/2024\/05\/06\/przebita-detka-to-za-malo-piekny-finisz-i-nagroda\/#primaryimage\"},\"image\":{\"@id\":\"https:\/\/www.welovecycling.com\/pl\/2024\/05\/06\/przebita-detka-to-za-malo-piekny-finisz-i-nagroda\/#primaryimage\"},\"thumbnailUrl\":\"https:\/\/d2p6e6u75xmxt8.cloudfront.net\/5\/2024\/05\/MicrosoftTeams-image-68.webp\",\"datePublished\":\"2024-05-06T12:37:55+00:00\",\"author\":{\"@id\":\"https:\/\/www.welovecycling.com\/pl\/#\/schema\/person\/bf06ed916a1ef16618807fb60d2ebe42\"},\"breadcrumb\":{\"@id\":\"https:\/\/www.welovecycling.com\/pl\/2024\/05\/06\/przebita-detka-to-za-malo-piekny-finisz-i-nagroda\/#breadcrumb\"},\"inLanguage\":\"pl-PL\",\"potentialAction\":[{\"@type\":\"ReadAction\",\"target\":[\"https:\/\/www.welovecycling.com\/pl\/2024\/05\/06\/przebita-detka-to-za-malo-piekny-finisz-i-nagroda\/\"]}]},{\"@type\":\"ImageObject\",\"inLanguage\":\"pl-PL\",\"@id\":\"https:\/\/www.welovecycling.com\/pl\/2024\/05\/06\/przebita-detka-to-za-malo-piekny-finisz-i-nagroda\/#primaryimage\",\"url\":\"https:\/\/d2p6e6u75xmxt8.cloudfront.net\/5\/2024\/05\/MicrosoftTeams-image-68.webp\",\"contentUrl\":\"https:\/\/d2p6e6u75xmxt8.cloudfront.net\/5\/2024\/05\/MicrosoftTeams-image-68.webp\",\"width\":990,\"height\":660},{\"@type\":\"BreadcrumbList\",\"@id\":\"https:\/\/www.welovecycling.com\/pl\/2024\/05\/06\/przebita-detka-to-za-malo-piekny-finisz-i-nagroda\/#breadcrumb\",\"itemListElement\":[{\"@type\":\"ListItem\",\"position\":1,\"name\":\"Home\",\"item\":\"https:\/\/www.welovecycling.com\/pl\/\"},{\"@type\":\"ListItem\",\"position\":2,\"name\":\"Przebita d\u0119tka to za ma\u0142o\u2026 Pi\u0119kny finisz i nagroda\"}]},{\"@type\":\"WebSite\",\"@id\":\"https:\/\/www.welovecycling.com\/pl\/#website\",\"url\":\"https:\/\/www.welovecycling.com\/pl\/\",\"name\":\"\u0160koda We Love Cycling - Poland\",\"description\":\"\",\"potentialAction\":[{\"@type\":\"SearchAction\",\"target\":{\"@type\":\"EntryPoint\",\"urlTemplate\":\"https:\/\/www.welovecycling.com\/pl\/?s={search_term_string}\"},\"query-input\":{\"@type\":\"PropertyValueSpecification\",\"valueRequired\":true,\"valueName\":\"search_term_string\"}}],\"inLanguage\":\"pl-PL\"},{\"@type\":\"Person\",\"@id\":\"https:\/\/www.welovecycling.com\/pl\/#\/schema\/person\/bf06ed916a1ef16618807fb60d2ebe42\",\"name\":\"rafal\",\"image\":{\"@type\":\"ImageObject\",\"inLanguage\":\"pl-PL\",\"@id\":\"https:\/\/www.welovecycling.com\/pl\/#\/schema\/person\/image\/\",\"url\":\"https:\/\/secure.gravatar.com\/avatar\/203f240e63bee214f6f3a0dacbeb600c7829c09716c2b9ee3230c6961debcde2?s=96&d=mm&r=g\",\"contentUrl\":\"https:\/\/secure.gravatar.com\/avatar\/203f240e63bee214f6f3a0dacbeb600c7829c09716c2b9ee3230c6961debcde2?s=96&d=mm&r=g\",\"caption\":\"rafal\"},\"url\":\"https:\/\/www.welovecycling.com\/pl\/author\/rafal\/\"}]}<\/script>\n<!-- \/ Yoast SEO Premium plugin. -->","yoast_head_json":{"title":"Przebita d\u0119tka to za ma\u0142o\u2026 Pi\u0119kny finisz i nagroda - \u0160koda We Love Cycling - Poland","robots":{"index":"index","follow":"follow","max-snippet":"max-snippet:-1","max-image-preview":"max-image-preview:large","max-video-preview":"max-video-preview:-1"},"canonical":"https:\/\/www.welovecycling.com\/pl\/2024\/05\/06\/przebita-detka-to-za-malo-piekny-finisz-i-nagroda\/","og_locale":"pl_PL","og_type":"article","og_title":"Przebita d\u0119tka to za ma\u0142o\u2026 Pi\u0119kny finisz i nagroda","og_description":"By\u0142a usterka, pi\u0119kny po\u015bcig i w ko\u0144cu prowadzenie w klasyfikacji generalnej \u2013 Giro d\u2019Italia rozkr\u0119ca si\u0119 na dobre, a przewodzi [&hellip;]","og_url":"https:\/\/www.welovecycling.com\/pl\/2024\/05\/06\/przebita-detka-to-za-malo-piekny-finisz-i-nagroda\/","og_site_name":"\u0160koda We Love Cycling - Poland","article_published_time":"2024-05-06T12:37:55+00:00","og_image":[{"width":990,"height":660,"url":"https:\/\/d2p6e6u75xmxt8.cloudfront.net\/5\/2024\/05\/MicrosoftTeams-image-68.webp","type":"image\/webp"}],"author":"rafal","twitter_card":"summary_large_image","twitter_misc":{"Written by":"Piotr Nowik","Est. reading time":"4"},"schema":{"@context":"https:\/\/schema.org","@graph":[{"@type":"WebPage","@id":"https:\/\/www.welovecycling.com\/pl\/2024\/05\/06\/przebita-detka-to-za-malo-piekny-finisz-i-nagroda\/","url":"https:\/\/www.welovecycling.com\/pl\/2024\/05\/06\/przebita-detka-to-za-malo-piekny-finisz-i-nagroda\/","name":"Przebita d\u0119tka to za ma\u0142o\u2026 Pi\u0119kny finisz i nagroda - \u0160koda We Love Cycling - Poland","isPartOf":{"@id":"https:\/\/www.welovecycling.com\/pl\/#website"},"primaryImageOfPage":{"@id":"https:\/\/www.welovecycling.com\/pl\/2024\/05\/06\/przebita-detka-to-za-malo-piekny-finisz-i-nagroda\/#primaryimage"},"image":{"@id":"https:\/\/www.welovecycling.com\/pl\/2024\/05\/06\/przebita-detka-to-za-malo-piekny-finisz-i-nagroda\/#primaryimage"},"thumbnailUrl":"https:\/\/d2p6e6u75xmxt8.cloudfront.net\/5\/2024\/05\/MicrosoftTeams-image-68.webp","datePublished":"2024-05-06T12:37:55+00:00","author":{"@id":"https:\/\/www.welovecycling.com\/pl\/#\/schema\/person\/bf06ed916a1ef16618807fb60d2ebe42"},"breadcrumb":{"@id":"https:\/\/www.welovecycling.com\/pl\/2024\/05\/06\/przebita-detka-to-za-malo-piekny-finisz-i-nagroda\/#breadcrumb"},"inLanguage":"pl-PL","potentialAction":[{"@type":"ReadAction","target":["https:\/\/www.welovecycling.com\/pl\/2024\/05\/06\/przebita-detka-to-za-malo-piekny-finisz-i-nagroda\/"]}]},{"@type":"ImageObject","inLanguage":"pl-PL","@id":"https:\/\/www.welovecycling.com\/pl\/2024\/05\/06\/przebita-detka-to-za-malo-piekny-finisz-i-nagroda\/#primaryimage","url":"https:\/\/d2p6e6u75xmxt8.cloudfront.net\/5\/2024\/05\/MicrosoftTeams-image-68.webp","contentUrl":"https:\/\/d2p6e6u75xmxt8.cloudfront.net\/5\/2024\/05\/MicrosoftTeams-image-68.webp","width":990,"height":660},{"@type":"BreadcrumbList","@id":"https:\/\/www.welovecycling.com\/pl\/2024\/05\/06\/przebita-detka-to-za-malo-piekny-finisz-i-nagroda\/#breadcrumb","itemListElement":[{"@type":"ListItem","position":1,"name":"Home","item":"https:\/\/www.welovecycling.com\/pl\/"},{"@type":"ListItem","position":2,"name":"Przebita d\u0119tka to za ma\u0142o\u2026 Pi\u0119kny finisz i nagroda"}]},{"@type":"WebSite","@id":"https:\/\/www.welovecycling.com\/pl\/#website","url":"https:\/\/www.welovecycling.com\/pl\/","name":"\u0160koda We Love Cycling - Poland","description":"","potentialAction":[{"@type":"SearchAction","target":{"@type":"EntryPoint","urlTemplate":"https:\/\/www.welovecycling.com\/pl\/?s={search_term_string}"},"query-input":{"@type":"PropertyValueSpecification","valueRequired":true,"valueName":"search_term_string"}}],"inLanguage":"pl-PL"},{"@type":"Person","@id":"https:\/\/www.welovecycling.com\/pl\/#\/schema\/person\/bf06ed916a1ef16618807fb60d2ebe42","name":"rafal","image":{"@type":"ImageObject","inLanguage":"pl-PL","@id":"https:\/\/www.welovecycling.com\/pl\/#\/schema\/person\/image\/","url":"https:\/\/secure.gravatar.com\/avatar\/203f240e63bee214f6f3a0dacbeb600c7829c09716c2b9ee3230c6961debcde2?s=96&d=mm&r=g","contentUrl":"https:\/\/secure.gravatar.com\/avatar\/203f240e63bee214f6f3a0dacbeb600c7829c09716c2b9ee3230c6961debcde2?s=96&d=mm&r=g","caption":"rafal"},"url":"https:\/\/www.welovecycling.com\/pl\/author\/rafal\/"}]}},"_links":{"self":[{"href":"https:\/\/www.welovecycling.com\/pl\/wp-json\/wp\/v2\/posts\/14698","targetHints":{"allow":["GET"]}}],"collection":[{"href":"https:\/\/www.welovecycling.com\/pl\/wp-json\/wp\/v2\/posts"}],"about":[{"href":"https:\/\/www.welovecycling.com\/pl\/wp-json\/wp\/v2\/types\/post"}],"author":[{"embeddable":true,"href":"https:\/\/www.welovecycling.com\/pl\/wp-json\/wp\/v2\/users\/153"}],"replies":[{"embeddable":true,"href":"https:\/\/www.welovecycling.com\/pl\/wp-json\/wp\/v2\/comments?post=14698"}],"version-history":[{"count":2,"href":"https:\/\/www.welovecycling.com\/pl\/wp-json\/wp\/v2\/posts\/14698\/revisions"}],"predecessor-version":[{"id":14765,"href":"https:\/\/www.welovecycling.com\/pl\/wp-json\/wp\/v2\/posts\/14698\/revisions\/14765"}],"wp:featuredmedia":[{"embeddable":true,"href":"https:\/\/www.welovecycling.com\/pl\/wp-json\/wp\/v2\/media\/14699"}],"wp:attachment":[{"href":"https:\/\/www.welovecycling.com\/pl\/wp-json\/wp\/v2\/media?parent=14698"}],"wp:term":[{"taxonomy":"category","embeddable":true,"href":"https:\/\/www.welovecycling.com\/pl\/wp-json\/wp\/v2\/categories?post=14698"},{"taxonomy":"post_tag","embeddable":true,"href":"https:\/\/www.welovecycling.com\/pl\/wp-json\/wp\/v2\/tags?post=14698"},{"taxonomy":"global-categories","embeddable":true,"href":"https:\/\/www.welovecycling.com\/pl\/wp-json\/wp\/v2\/global-categories?post=14698"}],"curies":[{"name":"wp","href":"https:\/\/api.w.org\/{rel}","templated":true}]}}