{"id":1468,"date":"2016-07-21T15:23:34","date_gmt":"2016-07-21T15:23:34","guid":{"rendered":"http:\/\/skoda-rowery.pl\/?p=1468"},"modified":"2016-12-05T08:47:09","modified_gmt":"2016-12-05T08:47:09","slug":"aaron-gwin-wschodzaca-gwiazda-zjezdzania","status":"publish","type":"post","link":"https:\/\/www.welovecycling.com\/pl\/2016\/07\/21\/aaron-gwin-wschodzaca-gwiazda-zjezdzania\/","title":{"rendered":"Aaron Gwin: wschodz\u0105ca gwiazda zje\u017cd\u017cania"},"content":{"rendered":"<p style=\"text-align: justify\">Niedziela, 15 czerwca 2015 roku, jasny s\u0142oneczny dzie\u0144 w Leogang. Aaron Gwin by\u0142 faworytem do zdobycia kolejnego Pucharu \u015awiata w kolarstwie g\u00f3rskim UCI. Jak zwykle pocz\u0105tek by\u0142 energiczny, ale u Gwina szybko pojawi\u0142y si\u0119 problemy. Tylna opona spad\u0142a mu z felgi, a wszystko blisko miejsca, w kt\u00f3rym jego hamulce zawiod\u0142y w poprzednim roku na tej samej trasie. Oczywi\u015bcie dla wi\u0119kszo\u015bci zawodnik\u00f3w oznacza\u0142oby to koniec wy\u015bcigu, ale nie dla Gwina. Nasz nieustraszony kolarz zjazdowy zje\u017cd\u017ca\u0142 dalej, mimo \u017ce jecha\u0142 bezpo\u015brednio na obr\u0119czy \u2013 opona trzepota\u0142a z ty\u0142u roweru. Komentatorzy modlili si\u0119, by nie zablokowa\u0142a mu ko\u0142a, a t\u0142um oszala\u0142. Gwin mo\u017ce i nie wygra\u0142 pucharu, ale podni\u00f3s\u0142 rower na mecie i podbi\u0142 serca publiczno\u015bci.<!--more--><\/p>\n<p style=\"text-align: justify\">Aaron Gwin wcze\u015bnie rozpocz\u0105\u0142 karier\u0119 kolarsk\u0105, bra\u0142 udzia\u0142 w wy\u015bcigach BMX od 4 roku \u017cycia, a w wieku 8 lat uczestniczy\u0142 ju\u017c we wszystkich imprezach krajowych. Gdy mia\u0142 12 lat zmieni\u0142 sport na motocross i \u015bciga\u0142 si\u0119 a\u017c do 17 roku \u017cycia, kiedy to zrezygnowa\u0142 z powodu ci\u0105g\u0142ych uraz\u00f3w. W 2008 roku, gdy mia\u0142 20 lat, Cody Warren, zawodowy uczestnik wy\u015bcig\u00f3w zjazdowych i jego dobry przyjaciel, po\u017cyczy\u0142 mu rower, zach\u0119caj\u0105c go do udzia\u0142u w pierwszym wy\u015bcigu zjazdowym. W swoich pierwszych zawodach w Fontana Winter Series zaj\u0105\u0142 3. miejsce i od tamtej pory jest aktywnym zawodnikiem. Cho\u0107 nigdy nie straci\u0142 zami\u0142owania do BMX, sta\u0142 si\u0119 powszechnie znany po tym, jak wdar\u0142 si\u0119 na mi\u0119dzynarodow\u0105 scen\u0119 Pucharu \u015awiata ju\u017c po 8 miesi\u0105cach zjazd\u00f3w.\u00a0 Wiele os\u00f3b widzia\u0142o w nim zbawiciela ameryka\u0144skiego kolarstwa zjazdowego, jego 10. miejsce w Pucharze \u015awiata Mont Saint-Anne w 2008 roku by\u0142o pierwszym miejscem Amerykanina w dziesi\u0105tce od 2004 roku.<\/p>\n<p style=\"text-align: justify\"><img loading=\"lazy\" decoding=\"async\" class=\"alignnone size-full wp-image-1485\" src=\"http:\/\/skoda-rowery.pl\/wp-content\/uploads\/2016\/07\/aaron.jpg\" alt=\"aaron\" width=\"959\" height=\"959\" srcset=\"https:\/\/d2p6e6u75xmxt8.cloudfront.net\/5\/2016\/07\/aaron.jpg 959w, https:\/\/d2p6e6u75xmxt8.cloudfront.net\/5\/2016\/07\/aaron-150x150.jpg 150w, https:\/\/d2p6e6u75xmxt8.cloudfront.net\/5\/2016\/07\/aaron-300x300.jpg 300w, https:\/\/d2p6e6u75xmxt8.cloudfront.net\/5\/2016\/07\/aaron-768x768.jpg 768w\" sizes=\"auto, (max-width: 959px) 100vw, 959px\" \/><\/p>\n<p style=\"text-align: justify\">Jednak \u017cycie kolarza zjazdowego nigdy nie jest zupe\u0142nie g\u0142adk\u0105 jazd\u0105 i Gwin zacz\u0105\u0142 boryka\u0107 si\u0119 licznymi usterkami na trasie. Awarie mechaniczne to codzienno\u015b\u0107 w tej dyscyplinie sportu, jednak liczy si\u0119 to, w jaki spos\u00f3b sobie z nimi radzisz. Po kolejnych wypadkach wydawa\u0142o si\u0119, \u017ce nad Leogang ci\u0105\u017cy\u0142a jaka\u015b kl\u0105twa, przynajmniej je\u015bli chodzi o Gwina. Po stracie hamulc\u00f3w, a nast\u0119pnie tylnej opony w kolejnych pr\u00f3bach wygrania Pucharu \u015awiata, pewnie nie zdziwi\u0142 si\u0119 za bardzo, kiedy w wy\u015bcigu w 2015 r. spad\u0142 mu \u0142a\u0144cuch. Jednak pomimo przeszk\u00f3d, Gwin uzna\u0142, \u017ce mo\u017ce wygra\u0107 nawet bez \u0142a\u0144cucha i mo\u017cna sobie tylko wyobrazi\u0107 dum\u0119, kt\u00f3r\u0105 czu\u0142, gdy z g\u0142o\u015bnik\u00f3w og\u0142oszono jego zwyci\u0119stwo po walce z tak\u0105 awari\u0105.<\/p>\n<p style=\"text-align: justify\"><img loading=\"lazy\" decoding=\"async\" class=\"alignnone size-large wp-image-1486\" src=\"http:\/\/skoda-rowery.pl\/wp-content\/uploads\/2016\/07\/1913484_747442305275004_538265418_o-1024x683-1024x683.jpg\" alt=\"1913484_747442305275004_538265418_o-1024x683\" width=\"1024\" height=\"683\" srcset=\"https:\/\/d2p6e6u75xmxt8.cloudfront.net\/5\/2016\/07\/1913484_747442305275004_538265418_o-1024x683.jpg 1024w, https:\/\/d2p6e6u75xmxt8.cloudfront.net\/5\/2016\/07\/1913484_747442305275004_538265418_o-1024x683-300x200.jpg 300w, https:\/\/d2p6e6u75xmxt8.cloudfront.net\/5\/2016\/07\/1913484_747442305275004_538265418_o-1024x683-768x512.jpg 768w, https:\/\/d2p6e6u75xmxt8.cloudfront.net\/5\/2016\/07\/1913484_747442305275004_538265418_o-1024x683-272x182.jpg 272w\" sizes=\"auto, (max-width: 1024px) 100vw, 1024px\" \/><\/p>\n<p style=\"text-align: justify\">Prze\u017cywaj\u0105c co\u015b, co wielu z nas mo\u017ce wydawa\u0107 si\u0119 jakim\u015b zrz\u0105dzeniem opatrzno\u015bci, Gwin z dum\u0105 nazywa siebie cz\u0142owiekiem Boga. Na wskro\u015b promieniuj\u0105cy duchowo\u015bci\u0105, w rozmowie z Pink Bike powiedzia\u0142, \u017ce jego wiara w Boga jest \u201enajwi\u0119ksz\u0105 rzecz\u0105, kt\u00f3ra daje mi pewno\u015b\u0107 siebie\u201d.\u00a0 By\u0107 mo\u017ce przekonanie Gwina ( \u201eB\u00f3g czuwa nade mn\u0105 bez wzgl\u0119du na to, co si\u0119 dzieje\u201d), wyja\u015bnia jego ch\u0119\u0107 do przekraczania granic i podejmowania wi\u0119kszego ryzyka w wy\u015bcigu. Jedno jest pewne \u2013 niewielu zawodnik\u00f3w zakwestionowa\u0142oby zaanga\u017cowanie Gwina.<\/p>\n<p style=\"text-align: justify\">Niezale\u017cnie od tego, czy kwestionuj\u0105 je, czy nie, nie brakuje zawodnik\u00f3w chc\u0105cych odebra\u0107 mu autorytet. Loic Bruni zaj\u0105\u0142 drugie miejsce za Gwinem w Pucharze \u015awiata w 2015 roku, a w tym roku okre\u015bli\u0142 Gwina jednym s\u0142owem &#8211; wolny. Bruni siedzi Gwinowi na ogonie od kilku lat i wyra\u017anie chce pozbawi\u0107 go pierwszego miejsca, ale do tej pory to Gwin kr\u00f3luje w 2016 roku. Rozpocz\u0105\u0142 od osza\u0142amiaj\u0105cego zwyci\u0119stwa w Leogang, ko\u0144cz\u0105c wy\u015bcig po raz pierwszy od czterech lat ze sprawnym rowerem. Odwaga, aby powr\u00f3ci\u0107 na wy\u015bcig po trzech latach nieszcz\u0119\u015bcia jest wed\u0142ug nas godna podziwu. Mo\u017ce B\u00f3g wys\u0142ucha\u0142 modlitw Gwina \u2013 wydaje si\u0119, \u017ce kl\u0105twa Leogang zosta\u0142a zdj\u0119ta. Co b\u0119dzie dalej z nasz\u0105 supergwiazd\u0105 zjazd\u00f3w? To na razie tajemnica!<\/p>\n<p style=\"text-align: justify\"><strong>\u0141\u0105czy nas kolarska pasja. \u0160koda nap\u0119dza rowery.<\/strong><\/p>\n","protected":false},"excerpt":{"rendered":"<p>Niedziela, 15 czerwca 2015 roku, jasny s\u0142oneczny dzie\u0144 w Leogang. Aaron Gwin by\u0142 faworytem do zdobycia kolejnego Pucharu \u015awiata w [&hellip;]<\/p>\n","protected":false},"author":1,"featured_media":1484,"comment_status":"open","ping_status":"closed","sticky":false,"template":"","format":"standard","meta":{"footnotes":""},"categories":[1],"tags":[77],"global-categories":[],"class_list":["post-1468","post","type-post","status-publish","format-standard","has-post-thumbnail","hentry","category-uncategorized","tag-tour-de-france"],"yoast_head":"<!-- This site is optimized with the Yoast SEO Premium plugin v25.3 (Yoast SEO v25.9) - https:\/\/yoast.com\/wordpress\/plugins\/seo\/ -->\n<title>Aaron Gwin: wschodz\u0105ca gwiazda zje\u017cd\u017cania - \u0160koda We Love Cycling - Poland<\/title>\n<meta name=\"robots\" content=\"index, follow, max-snippet:-1, max-image-preview:large, max-video-preview:-1\" \/>\n<link rel=\"canonical\" href=\"https:\/\/www.welovecycling.com\/pl\/2016\/07\/21\/aaron-gwin-wschodzaca-gwiazda-zjezdzania\/\" \/>\n<meta property=\"og:locale\" content=\"pl_PL\" \/>\n<meta property=\"og:type\" content=\"article\" \/>\n<meta property=\"og:title\" content=\"Aaron Gwin: wschodz\u0105ca gwiazda zje\u017cd\u017cania\" \/>\n<meta property=\"og:description\" content=\"Niedziela, 15 czerwca 2015 roku, jasny s\u0142oneczny dzie\u0144 w Leogang. Aaron Gwin by\u0142 faworytem do zdobycia kolejnego Pucharu \u015awiata w [&hellip;]\" \/>\n<meta property=\"og:url\" content=\"https:\/\/www.welovecycling.com\/pl\/2016\/07\/21\/aaron-gwin-wschodzaca-gwiazda-zjezdzania\/\" \/>\n<meta property=\"og:site_name\" content=\"\u0160koda We Love Cycling - Poland\" \/>\n<meta property=\"article:published_time\" content=\"2016-07-21T15:23:34+00:00\" \/>\n<meta property=\"article:modified_time\" content=\"2016-12-05T08:47:09+00:00\" \/>\n<meta property=\"og:image\" content=\"https:\/\/d2p6e6u75xmxt8.cloudfront.net\/5\/2016\/07\/89148616841_46146846818.jpg\" \/>\n\t<meta property=\"og:image:width\" content=\"1375\" \/>\n\t<meta property=\"og:image:height\" content=\"600\" \/>\n\t<meta property=\"og:image:type\" content=\"image\/jpeg\" \/>\n<meta name=\"author\" content=\"WeLoveCycling\" \/>\n<meta name=\"twitter:card\" content=\"summary_large_image\" \/>\n<meta name=\"twitter:label1\" content=\"Written by\" \/>\n\t<meta name=\"twitter:data1\" content=\"WeLoveCycling\" \/>\n\t<meta name=\"twitter:label2\" content=\"Est. reading time\" \/>\n\t<meta name=\"twitter:data2\" content=\"3 minutes\" \/>\n<script type=\"application\/ld+json\" class=\"yoast-schema-graph\">{\"@context\":\"https:\/\/schema.org\",\"@graph\":[{\"@type\":\"WebPage\",\"@id\":\"https:\/\/www.welovecycling.com\/pl\/2016\/07\/21\/aaron-gwin-wschodzaca-gwiazda-zjezdzania\/\",\"url\":\"https:\/\/www.welovecycling.com\/pl\/2016\/07\/21\/aaron-gwin-wschodzaca-gwiazda-zjezdzania\/\",\"name\":\"Aaron Gwin: wschodz\u0105ca gwiazda zje\u017cd\u017cania - \u0160koda We Love Cycling - Poland\",\"isPartOf\":{\"@id\":\"https:\/\/www.welovecycling.com\/pl\/#website\"},\"primaryImageOfPage\":{\"@id\":\"https:\/\/www.welovecycling.com\/pl\/2016\/07\/21\/aaron-gwin-wschodzaca-gwiazda-zjezdzania\/#primaryimage\"},\"image\":{\"@id\":\"https:\/\/www.welovecycling.com\/pl\/2016\/07\/21\/aaron-gwin-wschodzaca-gwiazda-zjezdzania\/#primaryimage\"},\"thumbnailUrl\":\"https:\/\/d2p6e6u75xmxt8.cloudfront.net\/5\/2016\/07\/89148616841_46146846818.jpg\",\"datePublished\":\"2016-07-21T15:23:34+00:00\",\"dateModified\":\"2016-12-05T08:47:09+00:00\",\"author\":{\"@id\":\"https:\/\/www.welovecycling.com\/pl\/#\/schema\/person\/e5187c9cac8dd619ebc7b41bd73c2fd9\"},\"breadcrumb\":{\"@id\":\"https:\/\/www.welovecycling.com\/pl\/2016\/07\/21\/aaron-gwin-wschodzaca-gwiazda-zjezdzania\/#breadcrumb\"},\"inLanguage\":\"pl-PL\",\"potentialAction\":[{\"@type\":\"ReadAction\",\"target\":[\"https:\/\/www.welovecycling.com\/pl\/2016\/07\/21\/aaron-gwin-wschodzaca-gwiazda-zjezdzania\/\"]}]},{\"@type\":\"ImageObject\",\"inLanguage\":\"pl-PL\",\"@id\":\"https:\/\/www.welovecycling.com\/pl\/2016\/07\/21\/aaron-gwin-wschodzaca-gwiazda-zjezdzania\/#primaryimage\",\"url\":\"https:\/\/d2p6e6u75xmxt8.cloudfront.net\/5\/2016\/07\/89148616841_46146846818.jpg\",\"contentUrl\":\"https:\/\/d2p6e6u75xmxt8.cloudfront.net\/5\/2016\/07\/89148616841_46146846818.jpg\",\"width\":1375,\"height\":600},{\"@type\":\"BreadcrumbList\",\"@id\":\"https:\/\/www.welovecycling.com\/pl\/2016\/07\/21\/aaron-gwin-wschodzaca-gwiazda-zjezdzania\/#breadcrumb\",\"itemListElement\":[{\"@type\":\"ListItem\",\"position\":1,\"name\":\"Home\",\"item\":\"https:\/\/www.welovecycling.com\/pl\/\"},{\"@type\":\"ListItem\",\"position\":2,\"name\":\"Aaron Gwin: wschodz\u0105ca gwiazda zje\u017cd\u017cania\"}]},{\"@type\":\"WebSite\",\"@id\":\"https:\/\/www.welovecycling.com\/pl\/#website\",\"url\":\"https:\/\/www.welovecycling.com\/pl\/\",\"name\":\"\u0160koda We Love Cycling - Poland\",\"description\":\"\",\"potentialAction\":[{\"@type\":\"SearchAction\",\"target\":{\"@type\":\"EntryPoint\",\"urlTemplate\":\"https:\/\/www.welovecycling.com\/pl\/?s={search_term_string}\"},\"query-input\":{\"@type\":\"PropertyValueSpecification\",\"valueRequired\":true,\"valueName\":\"search_term_string\"}}],\"inLanguage\":\"pl-PL\"},{\"@type\":\"Person\",\"@id\":\"https:\/\/www.welovecycling.com\/pl\/#\/schema\/person\/e5187c9cac8dd619ebc7b41bd73c2fd9\",\"name\":\"WeLoveCycling\",\"image\":{\"@type\":\"ImageObject\",\"inLanguage\":\"pl-PL\",\"@id\":\"https:\/\/www.welovecycling.com\/pl\/#\/schema\/person\/image\/\",\"url\":\"https:\/\/secure.gravatar.com\/avatar\/7e1ee0ecc5e294b19ef32b9f6086e0afbb9da00c3cb0d465ba4695331f4a9187?s=96&d=mm&r=g\",\"contentUrl\":\"https:\/\/secure.gravatar.com\/avatar\/7e1ee0ecc5e294b19ef32b9f6086e0afbb9da00c3cb0d465ba4695331f4a9187?s=96&d=mm&r=g\",\"caption\":\"WeLoveCycling\"},\"url\":\"https:\/\/www.welovecycling.com\/pl\/author\/lukascech\/\"}]}<\/script>\n<!-- \/ Yoast SEO Premium plugin. -->","yoast_head_json":{"title":"Aaron Gwin: wschodz\u0105ca gwiazda zje\u017cd\u017cania - \u0160koda We Love Cycling - Poland","robots":{"index":"index","follow":"follow","max-snippet":"max-snippet:-1","max-image-preview":"max-image-preview:large","max-video-preview":"max-video-preview:-1"},"canonical":"https:\/\/www.welovecycling.com\/pl\/2016\/07\/21\/aaron-gwin-wschodzaca-gwiazda-zjezdzania\/","og_locale":"pl_PL","og_type":"article","og_title":"Aaron Gwin: wschodz\u0105ca gwiazda zje\u017cd\u017cania","og_description":"Niedziela, 15 czerwca 2015 roku, jasny s\u0142oneczny dzie\u0144 w Leogang. Aaron Gwin by\u0142 faworytem do zdobycia kolejnego Pucharu \u015awiata w [&hellip;]","og_url":"https:\/\/www.welovecycling.com\/pl\/2016\/07\/21\/aaron-gwin-wschodzaca-gwiazda-zjezdzania\/","og_site_name":"\u0160koda We Love Cycling - Poland","article_published_time":"2016-07-21T15:23:34+00:00","article_modified_time":"2016-12-05T08:47:09+00:00","og_image":[{"width":1375,"height":600,"url":"https:\/\/d2p6e6u75xmxt8.cloudfront.net\/5\/2016\/07\/89148616841_46146846818.jpg","type":"image\/jpeg"}],"author":"WeLoveCycling","twitter_card":"summary_large_image","twitter_misc":{"Written by":"WeLoveCycling","Est. reading time":"3 minutes"},"schema":{"@context":"https:\/\/schema.org","@graph":[{"@type":"WebPage","@id":"https:\/\/www.welovecycling.com\/pl\/2016\/07\/21\/aaron-gwin-wschodzaca-gwiazda-zjezdzania\/","url":"https:\/\/www.welovecycling.com\/pl\/2016\/07\/21\/aaron-gwin-wschodzaca-gwiazda-zjezdzania\/","name":"Aaron Gwin: wschodz\u0105ca gwiazda zje\u017cd\u017cania - \u0160koda We Love Cycling - Poland","isPartOf":{"@id":"https:\/\/www.welovecycling.com\/pl\/#website"},"primaryImageOfPage":{"@id":"https:\/\/www.welovecycling.com\/pl\/2016\/07\/21\/aaron-gwin-wschodzaca-gwiazda-zjezdzania\/#primaryimage"},"image":{"@id":"https:\/\/www.welovecycling.com\/pl\/2016\/07\/21\/aaron-gwin-wschodzaca-gwiazda-zjezdzania\/#primaryimage"},"thumbnailUrl":"https:\/\/d2p6e6u75xmxt8.cloudfront.net\/5\/2016\/07\/89148616841_46146846818.jpg","datePublished":"2016-07-21T15:23:34+00:00","dateModified":"2016-12-05T08:47:09+00:00","author":{"@id":"https:\/\/www.welovecycling.com\/pl\/#\/schema\/person\/e5187c9cac8dd619ebc7b41bd73c2fd9"},"breadcrumb":{"@id":"https:\/\/www.welovecycling.com\/pl\/2016\/07\/21\/aaron-gwin-wschodzaca-gwiazda-zjezdzania\/#breadcrumb"},"inLanguage":"pl-PL","potentialAction":[{"@type":"ReadAction","target":["https:\/\/www.welovecycling.com\/pl\/2016\/07\/21\/aaron-gwin-wschodzaca-gwiazda-zjezdzania\/"]}]},{"@type":"ImageObject","inLanguage":"pl-PL","@id":"https:\/\/www.welovecycling.com\/pl\/2016\/07\/21\/aaron-gwin-wschodzaca-gwiazda-zjezdzania\/#primaryimage","url":"https:\/\/d2p6e6u75xmxt8.cloudfront.net\/5\/2016\/07\/89148616841_46146846818.jpg","contentUrl":"https:\/\/d2p6e6u75xmxt8.cloudfront.net\/5\/2016\/07\/89148616841_46146846818.jpg","width":1375,"height":600},{"@type":"BreadcrumbList","@id":"https:\/\/www.welovecycling.com\/pl\/2016\/07\/21\/aaron-gwin-wschodzaca-gwiazda-zjezdzania\/#breadcrumb","itemListElement":[{"@type":"ListItem","position":1,"name":"Home","item":"https:\/\/www.welovecycling.com\/pl\/"},{"@type":"ListItem","position":2,"name":"Aaron Gwin: wschodz\u0105ca gwiazda zje\u017cd\u017cania"}]},{"@type":"WebSite","@id":"https:\/\/www.welovecycling.com\/pl\/#website","url":"https:\/\/www.welovecycling.com\/pl\/","name":"\u0160koda We Love Cycling - Poland","description":"","potentialAction":[{"@type":"SearchAction","target":{"@type":"EntryPoint","urlTemplate":"https:\/\/www.welovecycling.com\/pl\/?s={search_term_string}"},"query-input":{"@type":"PropertyValueSpecification","valueRequired":true,"valueName":"search_term_string"}}],"inLanguage":"pl-PL"},{"@type":"Person","@id":"https:\/\/www.welovecycling.com\/pl\/#\/schema\/person\/e5187c9cac8dd619ebc7b41bd73c2fd9","name":"WeLoveCycling","image":{"@type":"ImageObject","inLanguage":"pl-PL","@id":"https:\/\/www.welovecycling.com\/pl\/#\/schema\/person\/image\/","url":"https:\/\/secure.gravatar.com\/avatar\/7e1ee0ecc5e294b19ef32b9f6086e0afbb9da00c3cb0d465ba4695331f4a9187?s=96&d=mm&r=g","contentUrl":"https:\/\/secure.gravatar.com\/avatar\/7e1ee0ecc5e294b19ef32b9f6086e0afbb9da00c3cb0d465ba4695331f4a9187?s=96&d=mm&r=g","caption":"WeLoveCycling"},"url":"https:\/\/www.welovecycling.com\/pl\/author\/lukascech\/"}]}},"_links":{"self":[{"href":"https:\/\/www.welovecycling.com\/pl\/wp-json\/wp\/v2\/posts\/1468","targetHints":{"allow":["GET"]}}],"collection":[{"href":"https:\/\/www.welovecycling.com\/pl\/wp-json\/wp\/v2\/posts"}],"about":[{"href":"https:\/\/www.welovecycling.com\/pl\/wp-json\/wp\/v2\/types\/post"}],"author":[{"embeddable":true,"href":"https:\/\/www.welovecycling.com\/pl\/wp-json\/wp\/v2\/users\/1"}],"replies":[{"embeddable":true,"href":"https:\/\/www.welovecycling.com\/pl\/wp-json\/wp\/v2\/comments?post=1468"}],"version-history":[{"count":1,"href":"https:\/\/www.welovecycling.com\/pl\/wp-json\/wp\/v2\/posts\/1468\/revisions"}],"predecessor-version":[{"id":2416,"href":"https:\/\/www.welovecycling.com\/pl\/wp-json\/wp\/v2\/posts\/1468\/revisions\/2416"}],"wp:featuredmedia":[{"embeddable":true,"href":"https:\/\/www.welovecycling.com\/pl\/wp-json\/wp\/v2\/media\/1484"}],"wp:attachment":[{"href":"https:\/\/www.welovecycling.com\/pl\/wp-json\/wp\/v2\/media?parent=1468"}],"wp:term":[{"taxonomy":"category","embeddable":true,"href":"https:\/\/www.welovecycling.com\/pl\/wp-json\/wp\/v2\/categories?post=1468"},{"taxonomy":"post_tag","embeddable":true,"href":"https:\/\/www.welovecycling.com\/pl\/wp-json\/wp\/v2\/tags?post=1468"},{"taxonomy":"global-categories","embeddable":true,"href":"https:\/\/www.welovecycling.com\/pl\/wp-json\/wp\/v2\/global-categories?post=1468"}],"curies":[{"name":"wp","href":"https:\/\/api.w.org\/{rel}","templated":true}]}}