{"id":14671,"date":"2024-04-17T09:43:06","date_gmt":"2024-04-17T09:43:06","guid":{"rendered":"https:\/\/www.welovecycling.com\/pl\/?p=14671"},"modified":"2024-04-19T08:44:58","modified_gmt":"2024-04-19T08:44:58","slug":"bartosz-huzarski-przygotuj-rower-na-nowy-sezon-wymiana-detki","status":"publish","type":"post","link":"https:\/\/www.welovecycling.com\/pl\/2024\/04\/17\/bartosz-huzarski-przygotuj-rower-na-nowy-sezon-wymiana-detki\/","title":{"rendered":"Bartosz Huzarski: przygotuj rower na nowy sezon. Wymiana d\u0119tki"},"content":{"rendered":"<p><strong>Czynno\u015b\u0107 z pozoru nie jest prosta, ale wcale taka by\u0107 nie musi. Warto jednak opanowa\u0107 sztuk\u0119 wymiany d\u0119tki, gdy\u017c umiej\u0119tno\u015b\u0107 ta, jak to w \u017cyciu cz\u0119sto bywa, przyda\u0107 si\u0119 mo\u017ce w najmniej oczekiwanym momencie.<\/strong><\/p>\n<p>Must-have szanuj\u0105cego si\u0119 rowerzysty, kt\u00f3ry wypuszcza si\u0119 w d\u0142u\u017csze trasy, jest torba, najcz\u0119\u015bciej podsiod\u0142owa, a w niej najbardziej niezb\u0119dne akcesoria pozwalaj\u0105ce rozwi\u0105za\u0107 ewentualne problemy ze sprz\u0119tem, w tym w\u0142a\u015bnie z przebit\u0105 d\u0119tk\u0105. Zapasowa d\u0119tka w odpowiednim rozmiarze, specjalne \u0142y\u017cki, kt\u00f3rymi du\u017co \u0142atwiej zdj\u0105\u0107 z rafki opon\u0119, a p\u00f3\u017aniej j\u0105 na\u0142o\u017cy\u0107, i multitool to absolutne minimum. Ja od siebie dodam jeszcze dwie lateksowe r\u0119kawiczki i \u0142atki. Pompk\u0119 te\u017c warto mie\u0107 na sta\u0142e przymocowan\u0105 do roweru, gdy\u017c wiadomo, \u017ce bez niej najlepsze umiej\u0119tno\u015bci domowego mechanika na nic si\u0119 zdadz\u0105.<\/p>\n<p><a href=\"https:\/\/d2p6e6u75xmxt8.cloudfront.net\/5\/2024\/04\/2-2.webp\"><img loading=\"lazy\" decoding=\"async\" class=\"alignnone size-full wp-image-14672\" src=\"https:\/\/d2p6e6u75xmxt8.cloudfront.net\/5\/2024\/04\/2-2.webp\" alt=\"\" width=\"1280\" height=\"720\" srcset=\"https:\/\/d2p6e6u75xmxt8.cloudfront.net\/5\/2024\/04\/2-2.webp 1280w, https:\/\/d2p6e6u75xmxt8.cloudfront.net\/5\/2024\/04\/2-2-300x169.webp 300w, https:\/\/d2p6e6u75xmxt8.cloudfront.net\/5\/2024\/04\/2-2-1024x576.webp 1024w, https:\/\/d2p6e6u75xmxt8.cloudfront.net\/5\/2024\/04\/2-2-768x432.webp 768w, https:\/\/d2p6e6u75xmxt8.cloudfront.net\/5\/2024\/04\/2-2-400x225.webp 400w\" sizes=\"auto, (max-width: 1280px) 100vw, 1280px\" \/><\/a><\/p>\n<p>Mamy wiele rodzaj\u00f3w opon, cz\u0119\u015b\u0107 z nich zejdzie z rantu obr\u0119czy bez u\u017cycia \u0142y\u017cek, do niekt\u00f3rych b\u0119d\u0105 one niezb\u0119dne. To oczywi\u015bcie mo\u017cecie sprawdzi\u0107 w domu, aby odpowiednio si\u0119 przygotowa\u0107 do wyjazdu. Jednak najwa\u017cniejsza kwestia to sprawdzenie opony od \u015brodka \u2013 czy nic nie jest w ni\u0105 wbite \u2013 oraz umiej\u0119tne za\u0142o\u017cenie nowej d\u0119tki. Bardzo cz\u0119sty problem to d\u0119tka przyszczypni\u0119ta albo rantem obr\u0119czy ko\u0142a i opon\u0105, albo \u0142y\u017ck\u0105. Dlatego zawsze przed zmian\u0105 d\u0119tki t\u0119 now\u0105 nale\u017cy delikatnie napompowa\u0107. Samo zak\u0142adanie opony te\u017c musi przebiega\u0107 w \u015bci\u015ble okre\u015blonej kolejno\u015bci dzia\u0142a\u0144. Trzeba pami\u0119ta\u0107, \u017ce obr\u0119cz ko\u0142a roweru najmniejsz\u0105 \u015brednic\u0119 ma w swoim centrum, przy nyplach szprych. Dlatego zawsze nale\u017cy pilnowa\u0107, aby ta za\u0142o\u017cona cz\u0119\u015b\u0107 opony by\u0142a jak najbli\u017cej \u015brodka obr\u0119czy \u2013 wtedy jest szansa, \u017ce ca\u0142y proces przebiegnie szybko, sprawnie i bez u\u017cycia wi\u0119kszej si\u0142y.<\/p>\n<p><a href=\"https:\/\/d2p6e6u75xmxt8.cloudfront.net\/5\/2024\/04\/3.webp\"><img loading=\"lazy\" decoding=\"async\" class=\"alignnone size-full wp-image-14673\" src=\"https:\/\/d2p6e6u75xmxt8.cloudfront.net\/5\/2024\/04\/3.webp\" alt=\"\" width=\"1280\" height=\"720\" srcset=\"https:\/\/d2p6e6u75xmxt8.cloudfront.net\/5\/2024\/04\/3.webp 1280w, https:\/\/d2p6e6u75xmxt8.cloudfront.net\/5\/2024\/04\/3-300x169.webp 300w, https:\/\/d2p6e6u75xmxt8.cloudfront.net\/5\/2024\/04\/3-1024x576.webp 1024w, https:\/\/d2p6e6u75xmxt8.cloudfront.net\/5\/2024\/04\/3-768x432.webp 768w, https:\/\/d2p6e6u75xmxt8.cloudfront.net\/5\/2024\/04\/3-400x225.webp 400w\" sizes=\"auto, (max-width: 1280px) 100vw, 1280px\" \/><\/a><\/p>\n<p>Jak ja to robi\u0119, zobaczcie w filmie.<\/p>\n<lite-youtube videoid=WGKKAFl9Jrs params=\"enablejsapi=1\" style=\"background-image: url('https:\/\/i.ytimg.com\/vi_webp\/WGKKAFl9Jrs\/maxresdefault.webp');\"><\/lite-youtube>\n<p>Kolejn\u0105 rad\u0105 po d\u0142ugiej zimie, a przed wyjazdem w teren, jest przegl\u0105d tego, co mamy w torbie ze sprz\u0119tem awaryjnym. Bardzo cz\u0119sto zdarza si\u0119, \u017ce wo\u017cona ca\u0142y rok d\u0119tka gdzie\u015b si\u0119 przetar\u0142a. I to nie ma znaczenia, czy rower jest g\u00f3rski, czy szosowy. Nie zlicz\u0119 nawet, ile mia\u0142em przypadk\u00f3w, gdy na pierwszym d\u0142u\u017cszym wyje\u017adzie grupowym w sezonie kto\u015b z\u0142apa\u0142 gum\u0119, wyci\u0105gn\u0105\u0142 zapasow\u0105 d\u0119tk\u0119, a tam dziura. Wi\u0119c po zimie sprawd\u017acie, czy na pewno d\u0119tka jest ca\u0142a, czy \u0142y\u017cki s\u0105 na swoim miejscu, czy r\u0119kawiczki nie by\u0142y przypadkiem u\u017cywane albo nie s\u0105 sparcia\u0142e. Wszystko to wp\u0142ynie na komfort Waszych rowerowych podr\u00f3\u017cy.<\/p>\n<p>#Wsp\u00f3\u0142pracareklamowa<\/p>\n<p><span data-sheets-value=\"{&quot;1&quot;:2,&quot;2&quot;:&quot;Artyku\u0142 powsta\u0142 we wsp\u00f3\u0142pracy ze skoda-auto.pl&quot;}\" data-sheets-userformat=\"{&quot;2&quot;:1,&quot;3&quot;:{&quot;1&quot;:0}}\" data-sheets-hyperlink=\"http:\/\/www.skoda-auto.pl\/\"><a class=\"in-cell-link\" href=\"http:\/\/www.skoda-auto.pl\/\" target=\"_blank\" rel=\"noopener noreferrer\">Artyku\u0142 powsta\u0142 we wsp\u00f3\u0142pracy ze skoda-auto.pl<\/a><\/span><\/p>\n<p><img decoding=\"async\" src=\"https:\/\/d2p6e6u75xmxt8.cloudfront.net\/5\/2030\/11\/2.webp\" \/><\/p>\n","protected":false},"excerpt":{"rendered":"<p>Czynno\u015b\u0107 z pozoru nie jest prosta, ale wcale taka by\u0107 nie musi. Warto jednak opanowa\u0107 sztuk\u0119 wymiany d\u0119tki, gdy\u017c umiej\u0119tno\u015b\u0107 [&hellip;]<\/p>\n","protected":false},"author":153,"featured_media":14674,"comment_status":"open","ping_status":"open","sticky":false,"template":"","format":"standard","meta":{"footnotes":""},"categories":[203],"tags":[108,62,207,222,191,404],"global-categories":[303],"class_list":["post-14671","post","type-post","status-publish","format-standard","has-post-thumbnail","hentry","category-bartosz-huzarski","tag-bartosz-huzarski","tag-porady","tag-rowerowe-porady","tag-serwis","tag-skoda","tag-skodapolska","global-categories-cycling"],"yoast_head":"<!-- This site is optimized with the Yoast SEO Premium plugin v25.3 (Yoast SEO v25.9) - https:\/\/yoast.com\/wordpress\/plugins\/seo\/ -->\n<title>Bartosz Huzarski: przygotuj rower na nowy sezon. Wymiana d\u0119tki - \u0160koda We Love Cycling - Poland<\/title>\n<meta name=\"robots\" content=\"index, follow, max-snippet:-1, max-image-preview:large, max-video-preview:-1\" \/>\n<link rel=\"canonical\" href=\"https:\/\/www.welovecycling.com\/pl\/2024\/04\/17\/bartosz-huzarski-przygotuj-rower-na-nowy-sezon-wymiana-detki\/\" \/>\n<meta property=\"og:locale\" content=\"pl_PL\" \/>\n<meta property=\"og:type\" content=\"article\" \/>\n<meta property=\"og:title\" content=\"Bartosz Huzarski: przygotuj rower na nowy sezon. Wymiana d\u0119tki\" \/>\n<meta property=\"og:description\" content=\"Czynno\u015b\u0107 z pozoru nie jest prosta, ale wcale taka by\u0107 nie musi. Warto jednak opanowa\u0107 sztuk\u0119 wymiany d\u0119tki, gdy\u017c umiej\u0119tno\u015b\u0107 [&hellip;]\" \/>\n<meta property=\"og:url\" content=\"https:\/\/www.welovecycling.com\/pl\/2024\/04\/17\/bartosz-huzarski-przygotuj-rower-na-nowy-sezon-wymiana-detki\/\" \/>\n<meta property=\"og:site_name\" content=\"\u0160koda We Love Cycling - Poland\" \/>\n<meta property=\"article:published_time\" content=\"2024-04-17T09:43:06+00:00\" \/>\n<meta property=\"article:modified_time\" content=\"2024-04-19T08:44:58+00:00\" \/>\n<meta property=\"og:image\" content=\"https:\/\/d2p6e6u75xmxt8.cloudfront.net\/5\/2024\/04\/1-1.webp\" \/>\n\t<meta property=\"og:image:width\" content=\"1280\" \/>\n\t<meta property=\"og:image:height\" content=\"720\" \/>\n\t<meta property=\"og:image:type\" content=\"image\/webp\" \/>\n<meta name=\"author\" content=\"rafal\" \/>\n<meta name=\"twitter:card\" content=\"summary_large_image\" \/>\n<meta name=\"twitter:label1\" content=\"Written by\" \/>\n\t<meta name=\"twitter:data1\" content=\"Bartosz Huzarski\" \/>\n\t<meta name=\"twitter:label2\" content=\"Est. reading time\" \/>\n\t<meta name=\"twitter:data2\" content=\"4\" \/>\n<script type=\"application\/ld+json\" class=\"yoast-schema-graph\">{\"@context\":\"https:\/\/schema.org\",\"@graph\":[{\"@type\":\"WebPage\",\"@id\":\"https:\/\/www.welovecycling.com\/pl\/2024\/04\/17\/bartosz-huzarski-przygotuj-rower-na-nowy-sezon-wymiana-detki\/\",\"url\":\"https:\/\/www.welovecycling.com\/pl\/2024\/04\/17\/bartosz-huzarski-przygotuj-rower-na-nowy-sezon-wymiana-detki\/\",\"name\":\"Bartosz Huzarski: przygotuj rower na nowy sezon. Wymiana d\u0119tki - \u0160koda We Love Cycling - Poland\",\"isPartOf\":{\"@id\":\"https:\/\/www.welovecycling.com\/pl\/#website\"},\"primaryImageOfPage\":{\"@id\":\"https:\/\/www.welovecycling.com\/pl\/2024\/04\/17\/bartosz-huzarski-przygotuj-rower-na-nowy-sezon-wymiana-detki\/#primaryimage\"},\"image\":{\"@id\":\"https:\/\/www.welovecycling.com\/pl\/2024\/04\/17\/bartosz-huzarski-przygotuj-rower-na-nowy-sezon-wymiana-detki\/#primaryimage\"},\"thumbnailUrl\":\"https:\/\/d2p6e6u75xmxt8.cloudfront.net\/5\/2024\/04\/1-1.webp\",\"datePublished\":\"2024-04-17T09:43:06+00:00\",\"dateModified\":\"2024-04-19T08:44:58+00:00\",\"author\":{\"@id\":\"https:\/\/www.welovecycling.com\/pl\/#\/schema\/person\/bf06ed916a1ef16618807fb60d2ebe42\"},\"breadcrumb\":{\"@id\":\"https:\/\/www.welovecycling.com\/pl\/2024\/04\/17\/bartosz-huzarski-przygotuj-rower-na-nowy-sezon-wymiana-detki\/#breadcrumb\"},\"inLanguage\":\"pl-PL\",\"potentialAction\":[{\"@type\":\"ReadAction\",\"target\":[\"https:\/\/www.welovecycling.com\/pl\/2024\/04\/17\/bartosz-huzarski-przygotuj-rower-na-nowy-sezon-wymiana-detki\/\"]}]},{\"@type\":\"ImageObject\",\"inLanguage\":\"pl-PL\",\"@id\":\"https:\/\/www.welovecycling.com\/pl\/2024\/04\/17\/bartosz-huzarski-przygotuj-rower-na-nowy-sezon-wymiana-detki\/#primaryimage\",\"url\":\"https:\/\/d2p6e6u75xmxt8.cloudfront.net\/5\/2024\/04\/1-1.webp\",\"contentUrl\":\"https:\/\/d2p6e6u75xmxt8.cloudfront.net\/5\/2024\/04\/1-1.webp\",\"width\":1280,\"height\":720},{\"@type\":\"BreadcrumbList\",\"@id\":\"https:\/\/www.welovecycling.com\/pl\/2024\/04\/17\/bartosz-huzarski-przygotuj-rower-na-nowy-sezon-wymiana-detki\/#breadcrumb\",\"itemListElement\":[{\"@type\":\"ListItem\",\"position\":1,\"name\":\"Home\",\"item\":\"https:\/\/www.welovecycling.com\/pl\/\"},{\"@type\":\"ListItem\",\"position\":2,\"name\":\"Bartosz Huzarski: przygotuj rower na nowy sezon. Wymiana d\u0119tki\"}]},{\"@type\":\"WebSite\",\"@id\":\"https:\/\/www.welovecycling.com\/pl\/#website\",\"url\":\"https:\/\/www.welovecycling.com\/pl\/\",\"name\":\"\u0160koda We Love Cycling - Poland\",\"description\":\"\",\"potentialAction\":[{\"@type\":\"SearchAction\",\"target\":{\"@type\":\"EntryPoint\",\"urlTemplate\":\"https:\/\/www.welovecycling.com\/pl\/?s={search_term_string}\"},\"query-input\":{\"@type\":\"PropertyValueSpecification\",\"valueRequired\":true,\"valueName\":\"search_term_string\"}}],\"inLanguage\":\"pl-PL\"},{\"@type\":\"Person\",\"@id\":\"https:\/\/www.welovecycling.com\/pl\/#\/schema\/person\/bf06ed916a1ef16618807fb60d2ebe42\",\"name\":\"rafal\",\"image\":{\"@type\":\"ImageObject\",\"inLanguage\":\"pl-PL\",\"@id\":\"https:\/\/www.welovecycling.com\/pl\/#\/schema\/person\/image\/\",\"url\":\"https:\/\/secure.gravatar.com\/avatar\/203f240e63bee214f6f3a0dacbeb600c7829c09716c2b9ee3230c6961debcde2?s=96&d=mm&r=g\",\"contentUrl\":\"https:\/\/secure.gravatar.com\/avatar\/203f240e63bee214f6f3a0dacbeb600c7829c09716c2b9ee3230c6961debcde2?s=96&d=mm&r=g\",\"caption\":\"rafal\"},\"url\":\"https:\/\/www.welovecycling.com\/pl\/author\/rafal\/\"}]}<\/script>\n<!-- \/ Yoast SEO Premium plugin. -->","yoast_head_json":{"title":"Bartosz Huzarski: przygotuj rower na nowy sezon. Wymiana d\u0119tki - \u0160koda We Love Cycling - Poland","robots":{"index":"index","follow":"follow","max-snippet":"max-snippet:-1","max-image-preview":"max-image-preview:large","max-video-preview":"max-video-preview:-1"},"canonical":"https:\/\/www.welovecycling.com\/pl\/2024\/04\/17\/bartosz-huzarski-przygotuj-rower-na-nowy-sezon-wymiana-detki\/","og_locale":"pl_PL","og_type":"article","og_title":"Bartosz Huzarski: przygotuj rower na nowy sezon. Wymiana d\u0119tki","og_description":"Czynno\u015b\u0107 z pozoru nie jest prosta, ale wcale taka by\u0107 nie musi. Warto jednak opanowa\u0107 sztuk\u0119 wymiany d\u0119tki, gdy\u017c umiej\u0119tno\u015b\u0107 [&hellip;]","og_url":"https:\/\/www.welovecycling.com\/pl\/2024\/04\/17\/bartosz-huzarski-przygotuj-rower-na-nowy-sezon-wymiana-detki\/","og_site_name":"\u0160koda We Love Cycling - Poland","article_published_time":"2024-04-17T09:43:06+00:00","article_modified_time":"2024-04-19T08:44:58+00:00","og_image":[{"width":1280,"height":720,"url":"https:\/\/d2p6e6u75xmxt8.cloudfront.net\/5\/2024\/04\/1-1.webp","type":"image\/webp"}],"author":"rafal","twitter_card":"summary_large_image","twitter_misc":{"Written by":"Bartosz Huzarski","Est. reading time":"4"},"schema":{"@context":"https:\/\/schema.org","@graph":[{"@type":"WebPage","@id":"https:\/\/www.welovecycling.com\/pl\/2024\/04\/17\/bartosz-huzarski-przygotuj-rower-na-nowy-sezon-wymiana-detki\/","url":"https:\/\/www.welovecycling.com\/pl\/2024\/04\/17\/bartosz-huzarski-przygotuj-rower-na-nowy-sezon-wymiana-detki\/","name":"Bartosz Huzarski: przygotuj rower na nowy sezon. Wymiana d\u0119tki - \u0160koda We Love Cycling - Poland","isPartOf":{"@id":"https:\/\/www.welovecycling.com\/pl\/#website"},"primaryImageOfPage":{"@id":"https:\/\/www.welovecycling.com\/pl\/2024\/04\/17\/bartosz-huzarski-przygotuj-rower-na-nowy-sezon-wymiana-detki\/#primaryimage"},"image":{"@id":"https:\/\/www.welovecycling.com\/pl\/2024\/04\/17\/bartosz-huzarski-przygotuj-rower-na-nowy-sezon-wymiana-detki\/#primaryimage"},"thumbnailUrl":"https:\/\/d2p6e6u75xmxt8.cloudfront.net\/5\/2024\/04\/1-1.webp","datePublished":"2024-04-17T09:43:06+00:00","dateModified":"2024-04-19T08:44:58+00:00","author":{"@id":"https:\/\/www.welovecycling.com\/pl\/#\/schema\/person\/bf06ed916a1ef16618807fb60d2ebe42"},"breadcrumb":{"@id":"https:\/\/www.welovecycling.com\/pl\/2024\/04\/17\/bartosz-huzarski-przygotuj-rower-na-nowy-sezon-wymiana-detki\/#breadcrumb"},"inLanguage":"pl-PL","potentialAction":[{"@type":"ReadAction","target":["https:\/\/www.welovecycling.com\/pl\/2024\/04\/17\/bartosz-huzarski-przygotuj-rower-na-nowy-sezon-wymiana-detki\/"]}]},{"@type":"ImageObject","inLanguage":"pl-PL","@id":"https:\/\/www.welovecycling.com\/pl\/2024\/04\/17\/bartosz-huzarski-przygotuj-rower-na-nowy-sezon-wymiana-detki\/#primaryimage","url":"https:\/\/d2p6e6u75xmxt8.cloudfront.net\/5\/2024\/04\/1-1.webp","contentUrl":"https:\/\/d2p6e6u75xmxt8.cloudfront.net\/5\/2024\/04\/1-1.webp","width":1280,"height":720},{"@type":"BreadcrumbList","@id":"https:\/\/www.welovecycling.com\/pl\/2024\/04\/17\/bartosz-huzarski-przygotuj-rower-na-nowy-sezon-wymiana-detki\/#breadcrumb","itemListElement":[{"@type":"ListItem","position":1,"name":"Home","item":"https:\/\/www.welovecycling.com\/pl\/"},{"@type":"ListItem","position":2,"name":"Bartosz Huzarski: przygotuj rower na nowy sezon. Wymiana d\u0119tki"}]},{"@type":"WebSite","@id":"https:\/\/www.welovecycling.com\/pl\/#website","url":"https:\/\/www.welovecycling.com\/pl\/","name":"\u0160koda We Love Cycling - Poland","description":"","potentialAction":[{"@type":"SearchAction","target":{"@type":"EntryPoint","urlTemplate":"https:\/\/www.welovecycling.com\/pl\/?s={search_term_string}"},"query-input":{"@type":"PropertyValueSpecification","valueRequired":true,"valueName":"search_term_string"}}],"inLanguage":"pl-PL"},{"@type":"Person","@id":"https:\/\/www.welovecycling.com\/pl\/#\/schema\/person\/bf06ed916a1ef16618807fb60d2ebe42","name":"rafal","image":{"@type":"ImageObject","inLanguage":"pl-PL","@id":"https:\/\/www.welovecycling.com\/pl\/#\/schema\/person\/image\/","url":"https:\/\/secure.gravatar.com\/avatar\/203f240e63bee214f6f3a0dacbeb600c7829c09716c2b9ee3230c6961debcde2?s=96&d=mm&r=g","contentUrl":"https:\/\/secure.gravatar.com\/avatar\/203f240e63bee214f6f3a0dacbeb600c7829c09716c2b9ee3230c6961debcde2?s=96&d=mm&r=g","caption":"rafal"},"url":"https:\/\/www.welovecycling.com\/pl\/author\/rafal\/"}]}},"_links":{"self":[{"href":"https:\/\/www.welovecycling.com\/pl\/wp-json\/wp\/v2\/posts\/14671","targetHints":{"allow":["GET"]}}],"collection":[{"href":"https:\/\/www.welovecycling.com\/pl\/wp-json\/wp\/v2\/posts"}],"about":[{"href":"https:\/\/www.welovecycling.com\/pl\/wp-json\/wp\/v2\/types\/post"}],"author":[{"embeddable":true,"href":"https:\/\/www.welovecycling.com\/pl\/wp-json\/wp\/v2\/users\/153"}],"replies":[{"embeddable":true,"href":"https:\/\/www.welovecycling.com\/pl\/wp-json\/wp\/v2\/comments?post=14671"}],"version-history":[{"count":2,"href":"https:\/\/www.welovecycling.com\/pl\/wp-json\/wp\/v2\/posts\/14671\/revisions"}],"predecessor-version":[{"id":14679,"href":"https:\/\/www.welovecycling.com\/pl\/wp-json\/wp\/v2\/posts\/14671\/revisions\/14679"}],"wp:featuredmedia":[{"embeddable":true,"href":"https:\/\/www.welovecycling.com\/pl\/wp-json\/wp\/v2\/media\/14674"}],"wp:attachment":[{"href":"https:\/\/www.welovecycling.com\/pl\/wp-json\/wp\/v2\/media?parent=14671"}],"wp:term":[{"taxonomy":"category","embeddable":true,"href":"https:\/\/www.welovecycling.com\/pl\/wp-json\/wp\/v2\/categories?post=14671"},{"taxonomy":"post_tag","embeddable":true,"href":"https:\/\/www.welovecycling.com\/pl\/wp-json\/wp\/v2\/tags?post=14671"},{"taxonomy":"global-categories","embeddable":true,"href":"https:\/\/www.welovecycling.com\/pl\/wp-json\/wp\/v2\/global-categories?post=14671"}],"curies":[{"name":"wp","href":"https:\/\/api.w.org\/{rel}","templated":true}]}}