{"id":14659,"date":"2024-04-15T12:16:17","date_gmt":"2024-04-15T12:16:17","guid":{"rendered":"https:\/\/www.welovecycling.com\/pl\/?p=14659"},"modified":"2024-04-15T12:16:17","modified_gmt":"2024-04-15T12:16:17","slug":"bartosz-huzarski-przygotuj-rower-na-nowy-sezon-przeglad-sterow","status":"publish","type":"post","link":"https:\/\/www.welovecycling.com\/pl\/2024\/04\/15\/bartosz-huzarski-przygotuj-rower-na-nowy-sezon-przeglad-sterow\/","title":{"rendered":"Bartosz Huzarski: przygotuj rower na nowy sezon. Przegl\u0105d ster\u00f3w"},"content":{"rendered":"<p><strong>M\u00f3wi\u0105c bardzo og\u00f3lnie, dzi\u0119ki naszym ruchom stery pozwalaj\u0105 nam prowadzi\u0107 rower. Mo\u017cna z tego wywnioskowa\u0107, \u017ce s\u0105 do\u015b\u0107 wa\u017cnym elementem ka\u017cdego roweru i w rzeczy samej tak w\u0142a\u015bnie jest, gdy\u017c odpowiadaj\u0105 za jego p\u0142ynne i bezproblemowe prowadzenie. Stery to tak naprawd\u0119 dwa \u0142o\u017cyska, kilka podk\u0142adek i uszczelek. Jedno \u0142o\u017cysko umieszczone jest w dolnej misce rury sterowej, drugie w g\u00f3rnej. Oba s\u0105 bardzo wa\u017cne i w zale\u017cno\u015bci od konstrukcji ca\u0142o\u015bci nara\u017cone na mniejsze lub wi\u0119ksze uszkodzenia.<\/strong><\/p>\n<p>\u0141o\u017cyska te\u017c bywaj\u0105 r\u00f3\u017cne. Kiedy\u015b montowano g\u0142\u00f3wnie \u0142o\u017cyska kulkowe, teraz bardziej popularne s\u0105 mechaniczne, kt\u00f3re maj\u0105 d\u0142u\u017csz\u0105 \u017cywotno\u015b\u0107 dzi\u0119ki m.in. lepszej izolacji. Przegl\u0105d ster\u00f3w to nic strasznego, co mo\u017cecie zobaczy\u0107 na filmie poni\u017cej.<\/p>\n<lite-youtube videoid=B2RXokmEns8 params=\"enablejsapi=1\" style=\"background-image: url('https:\/\/i.ytimg.com\/vi_webp\/B2RXokmEns8\/maxresdefault.webp');\"><\/lite-youtube>\n<p>Najwa\u017cniejsze w ca\u0142ej tej zabawie to dobrze z\u0142o\u017cy\u0107 ca\u0142o\u015b\u0107. Trzeba tutaj nieco do\u015bwiadczenia, ale je\u015bli czas nas nie goni i zgodnie z sugestiami na filmie zrobimy zdj\u0119cie ster\u00f3w przed roz\u0142o\u017ceniem, a nawet nagramy sobie ca\u0142y ten proces, to nie powinno by\u0107 absolutnie \u017cadnych problem\u00f3w ze z\u0142o\u017ceniem ca\u0142o\u015bci. Stery zazwyczaj rozkr\u0119ci\u0107 mo\u017cna jednym lub dwoma kluczami imbusowymi, wi\u0119c domowy serwis roweru jest jak najbardziej mo\u017cliwy.<\/p>\n<p><a href=\"https:\/\/d2p6e6u75xmxt8.cloudfront.net\/5\/2024\/04\/2.webp\"><img loading=\"lazy\" decoding=\"async\" class=\"alignnone size-full wp-image-14660\" src=\"https:\/\/d2p6e6u75xmxt8.cloudfront.net\/5\/2024\/04\/2.webp\" alt=\"\" width=\"1280\" height=\"720\" srcset=\"https:\/\/d2p6e6u75xmxt8.cloudfront.net\/5\/2024\/04\/2.webp 1280w, https:\/\/d2p6e6u75xmxt8.cloudfront.net\/5\/2024\/04\/2-300x169.webp 300w, https:\/\/d2p6e6u75xmxt8.cloudfront.net\/5\/2024\/04\/2-1024x576.webp 1024w, https:\/\/d2p6e6u75xmxt8.cloudfront.net\/5\/2024\/04\/2-768x432.webp 768w, https:\/\/d2p6e6u75xmxt8.cloudfront.net\/5\/2024\/04\/2-400x225.webp 400w\" sizes=\"auto, (max-width: 1280px) 100vw, 1280px\" \/><\/a><\/p>\n<p>Najbardziej kosztowna cz\u0119\u015b\u0107 pracy to smar, kt\u00f3rym pokryjemy wyczyszczone miski i \u0142o\u017cyska. Oczywi\u015bcie na amatorskim poziomie nie ma wi\u0119kszego znaczenia to, jakiego smaru u\u017cyjemy, cho\u0107 jak to zwykle w takich sytuacjach bywa, tego najta\u0144szego raczej nie polecam. Warto zainwestowa\u0107 w dobry smar, kt\u00f3ry p\u00f3\u017aniej b\u0119dziemy mogli wykorzysta\u0107 do przesmarowania \u0142o\u017cysk w ko\u0142ach albo w peda\u0142ach.<\/p>\n<p>Po z\u0142o\u017ceniu stery musz\u0105 chodzi\u0107 p\u0142ynnie i nie wykazywa\u0107 luz\u00f3w. Kontrujemy ca\u0142o\u015b\u0107 g\u00f3rn\u0105 \u015brub\u0105, dokr\u0119caj\u0105c j\u0105 z wyczuciem, a\u017c znikn\u0105 luzy, ale kierownica ca\u0142y czas b\u0119dzie pracowa\u0107 lekko. P\u00f3\u017aniej ustawiamy kierownic\u0119 prosto i dokr\u0119camy boczne \u015bruby. Je\u015bli mamy klucz dynamometryczny, b\u0119dzie nieco \u0142atwiej, jednak i bez tego nie ma obaw, \u017ce co\u015b zrobimy \u017ale. Po skr\u0119ceniu ca\u0142o\u015bci mo\u017cemy pr\u00f3bowa\u0107 przekr\u0119ci\u0107 kierownic\u0119, blokuj\u0105c ko\u0142o nogami. Je\u015bli to si\u0119 nie uda, oznacza to, \u017ce wszystko jest w porz\u0105dku.<\/p>\n<p>#Wsp\u00f3\u0142pracareklamowa<\/p>\n<p><span data-sheets-value=\"{&quot;1&quot;:2,&quot;2&quot;:&quot;Artyku\u0142 powsta\u0142 we wsp\u00f3\u0142pracy ze skoda-auto.pl&quot;}\" data-sheets-userformat=\"{&quot;2&quot;:1,&quot;3&quot;:{&quot;1&quot;:0}}\" data-sheets-hyperlink=\"http:\/\/www.skoda-auto.pl\/\"><a class=\"in-cell-link\" href=\"http:\/\/www.skoda-auto.pl\/\" target=\"_blank\" rel=\"noopener noreferrer\">Artyku\u0142 powsta\u0142 we wsp\u00f3\u0142pracy ze skoda-auto.pl<\/a><\/span><\/p>\n<p><img decoding=\"async\" src=\"https:\/\/d2p6e6u75xmxt8.cloudfront.net\/5\/2030\/11\/1.webp\" \/><\/p>\n","protected":false},"excerpt":{"rendered":"<p>M\u00f3wi\u0105c bardzo og\u00f3lnie, dzi\u0119ki naszym ruchom stery pozwalaj\u0105 nam prowadzi\u0107 rower. Mo\u017cna z tego wywnioskowa\u0107, \u017ce s\u0105 do\u015b\u0107 wa\u017cnym elementem [&hellip;]<\/p>\n","protected":false},"author":153,"featured_media":14662,"comment_status":"open","ping_status":"open","sticky":false,"template":"","format":"standard","meta":{"footnotes":""},"categories":[203],"tags":[108,62,207,222,191,404],"global-categories":[303],"class_list":["post-14659","post","type-post","status-publish","format-standard","has-post-thumbnail","hentry","category-bartosz-huzarski","tag-bartosz-huzarski","tag-porady","tag-rowerowe-porady","tag-serwis","tag-skoda","tag-skodapolska","global-categories-cycling"],"yoast_head":"<!-- This site is optimized with the Yoast SEO Premium plugin v25.3 (Yoast SEO v25.9) - https:\/\/yoast.com\/wordpress\/plugins\/seo\/ -->\n<title>Bartosz Huzarski: przygotuj rower na nowy sezon. Przegl\u0105d ster\u00f3w - \u0160koda We Love Cycling - Poland<\/title>\n<meta name=\"robots\" content=\"index, follow, max-snippet:-1, max-image-preview:large, max-video-preview:-1\" \/>\n<link rel=\"canonical\" href=\"https:\/\/www.welovecycling.com\/pl\/2024\/04\/15\/bartosz-huzarski-przygotuj-rower-na-nowy-sezon-przeglad-sterow\/\" \/>\n<meta property=\"og:locale\" content=\"pl_PL\" \/>\n<meta property=\"og:type\" content=\"article\" \/>\n<meta property=\"og:title\" content=\"Bartosz Huzarski: przygotuj rower na nowy sezon. Przegl\u0105d ster\u00f3w\" \/>\n<meta property=\"og:description\" content=\"M\u00f3wi\u0105c bardzo og\u00f3lnie, dzi\u0119ki naszym ruchom stery pozwalaj\u0105 nam prowadzi\u0107 rower. Mo\u017cna z tego wywnioskowa\u0107, \u017ce s\u0105 do\u015b\u0107 wa\u017cnym elementem [&hellip;]\" \/>\n<meta property=\"og:url\" content=\"https:\/\/www.welovecycling.com\/pl\/2024\/04\/15\/bartosz-huzarski-przygotuj-rower-na-nowy-sezon-przeglad-sterow\/\" \/>\n<meta property=\"og:site_name\" content=\"\u0160koda We Love Cycling - Poland\" \/>\n<meta property=\"article:published_time\" content=\"2024-04-15T12:16:17+00:00\" \/>\n<meta property=\"og:image\" content=\"https:\/\/d2p6e6u75xmxt8.cloudfront.net\/5\/2024\/04\/1.webp\" \/>\n\t<meta property=\"og:image:width\" content=\"1280\" \/>\n\t<meta property=\"og:image:height\" content=\"720\" \/>\n\t<meta property=\"og:image:type\" content=\"image\/webp\" \/>\n<meta name=\"author\" content=\"rafal\" \/>\n<meta name=\"twitter:card\" content=\"summary_large_image\" \/>\n<meta name=\"twitter:label1\" content=\"Written by\" \/>\n\t<meta name=\"twitter:data1\" content=\"Bartosz Huzarski\" \/>\n\t<meta name=\"twitter:label2\" content=\"Est. reading time\" \/>\n\t<meta name=\"twitter:data2\" content=\"3\" \/>\n<script type=\"application\/ld+json\" class=\"yoast-schema-graph\">{\"@context\":\"https:\/\/schema.org\",\"@graph\":[{\"@type\":\"WebPage\",\"@id\":\"https:\/\/www.welovecycling.com\/pl\/2024\/04\/15\/bartosz-huzarski-przygotuj-rower-na-nowy-sezon-przeglad-sterow\/\",\"url\":\"https:\/\/www.welovecycling.com\/pl\/2024\/04\/15\/bartosz-huzarski-przygotuj-rower-na-nowy-sezon-przeglad-sterow\/\",\"name\":\"Bartosz Huzarski: przygotuj rower na nowy sezon. Przegl\u0105d ster\u00f3w - \u0160koda We Love Cycling - Poland\",\"isPartOf\":{\"@id\":\"https:\/\/www.welovecycling.com\/pl\/#website\"},\"primaryImageOfPage\":{\"@id\":\"https:\/\/www.welovecycling.com\/pl\/2024\/04\/15\/bartosz-huzarski-przygotuj-rower-na-nowy-sezon-przeglad-sterow\/#primaryimage\"},\"image\":{\"@id\":\"https:\/\/www.welovecycling.com\/pl\/2024\/04\/15\/bartosz-huzarski-przygotuj-rower-na-nowy-sezon-przeglad-sterow\/#primaryimage\"},\"thumbnailUrl\":\"https:\/\/d2p6e6u75xmxt8.cloudfront.net\/5\/2024\/04\/1.webp\",\"datePublished\":\"2024-04-15T12:16:17+00:00\",\"author\":{\"@id\":\"https:\/\/www.welovecycling.com\/pl\/#\/schema\/person\/bf06ed916a1ef16618807fb60d2ebe42\"},\"breadcrumb\":{\"@id\":\"https:\/\/www.welovecycling.com\/pl\/2024\/04\/15\/bartosz-huzarski-przygotuj-rower-na-nowy-sezon-przeglad-sterow\/#breadcrumb\"},\"inLanguage\":\"pl-PL\",\"potentialAction\":[{\"@type\":\"ReadAction\",\"target\":[\"https:\/\/www.welovecycling.com\/pl\/2024\/04\/15\/bartosz-huzarski-przygotuj-rower-na-nowy-sezon-przeglad-sterow\/\"]}]},{\"@type\":\"ImageObject\",\"inLanguage\":\"pl-PL\",\"@id\":\"https:\/\/www.welovecycling.com\/pl\/2024\/04\/15\/bartosz-huzarski-przygotuj-rower-na-nowy-sezon-przeglad-sterow\/#primaryimage\",\"url\":\"https:\/\/d2p6e6u75xmxt8.cloudfront.net\/5\/2024\/04\/1.webp\",\"contentUrl\":\"https:\/\/d2p6e6u75xmxt8.cloudfront.net\/5\/2024\/04\/1.webp\",\"width\":1280,\"height\":720},{\"@type\":\"BreadcrumbList\",\"@id\":\"https:\/\/www.welovecycling.com\/pl\/2024\/04\/15\/bartosz-huzarski-przygotuj-rower-na-nowy-sezon-przeglad-sterow\/#breadcrumb\",\"itemListElement\":[{\"@type\":\"ListItem\",\"position\":1,\"name\":\"Home\",\"item\":\"https:\/\/www.welovecycling.com\/pl\/\"},{\"@type\":\"ListItem\",\"position\":2,\"name\":\"Bartosz Huzarski: przygotuj rower na nowy sezon. Przegl\u0105d ster\u00f3w\"}]},{\"@type\":\"WebSite\",\"@id\":\"https:\/\/www.welovecycling.com\/pl\/#website\",\"url\":\"https:\/\/www.welovecycling.com\/pl\/\",\"name\":\"\u0160koda We Love Cycling - Poland\",\"description\":\"\",\"potentialAction\":[{\"@type\":\"SearchAction\",\"target\":{\"@type\":\"EntryPoint\",\"urlTemplate\":\"https:\/\/www.welovecycling.com\/pl\/?s={search_term_string}\"},\"query-input\":{\"@type\":\"PropertyValueSpecification\",\"valueRequired\":true,\"valueName\":\"search_term_string\"}}],\"inLanguage\":\"pl-PL\"},{\"@type\":\"Person\",\"@id\":\"https:\/\/www.welovecycling.com\/pl\/#\/schema\/person\/bf06ed916a1ef16618807fb60d2ebe42\",\"name\":\"rafal\",\"image\":{\"@type\":\"ImageObject\",\"inLanguage\":\"pl-PL\",\"@id\":\"https:\/\/www.welovecycling.com\/pl\/#\/schema\/person\/image\/\",\"url\":\"https:\/\/secure.gravatar.com\/avatar\/203f240e63bee214f6f3a0dacbeb600c7829c09716c2b9ee3230c6961debcde2?s=96&d=mm&r=g\",\"contentUrl\":\"https:\/\/secure.gravatar.com\/avatar\/203f240e63bee214f6f3a0dacbeb600c7829c09716c2b9ee3230c6961debcde2?s=96&d=mm&r=g\",\"caption\":\"rafal\"},\"url\":\"https:\/\/www.welovecycling.com\/pl\/author\/rafal\/\"}]}<\/script>\n<!-- \/ Yoast SEO Premium plugin. -->","yoast_head_json":{"title":"Bartosz Huzarski: przygotuj rower na nowy sezon. Przegl\u0105d ster\u00f3w - \u0160koda We Love Cycling - Poland","robots":{"index":"index","follow":"follow","max-snippet":"max-snippet:-1","max-image-preview":"max-image-preview:large","max-video-preview":"max-video-preview:-1"},"canonical":"https:\/\/www.welovecycling.com\/pl\/2024\/04\/15\/bartosz-huzarski-przygotuj-rower-na-nowy-sezon-przeglad-sterow\/","og_locale":"pl_PL","og_type":"article","og_title":"Bartosz Huzarski: przygotuj rower na nowy sezon. Przegl\u0105d ster\u00f3w","og_description":"M\u00f3wi\u0105c bardzo og\u00f3lnie, dzi\u0119ki naszym ruchom stery pozwalaj\u0105 nam prowadzi\u0107 rower. Mo\u017cna z tego wywnioskowa\u0107, \u017ce s\u0105 do\u015b\u0107 wa\u017cnym elementem [&hellip;]","og_url":"https:\/\/www.welovecycling.com\/pl\/2024\/04\/15\/bartosz-huzarski-przygotuj-rower-na-nowy-sezon-przeglad-sterow\/","og_site_name":"\u0160koda We Love Cycling - Poland","article_published_time":"2024-04-15T12:16:17+00:00","og_image":[{"width":1280,"height":720,"url":"https:\/\/d2p6e6u75xmxt8.cloudfront.net\/5\/2024\/04\/1.webp","type":"image\/webp"}],"author":"rafal","twitter_card":"summary_large_image","twitter_misc":{"Written by":"Bartosz Huzarski","Est. reading time":"3"},"schema":{"@context":"https:\/\/schema.org","@graph":[{"@type":"WebPage","@id":"https:\/\/www.welovecycling.com\/pl\/2024\/04\/15\/bartosz-huzarski-przygotuj-rower-na-nowy-sezon-przeglad-sterow\/","url":"https:\/\/www.welovecycling.com\/pl\/2024\/04\/15\/bartosz-huzarski-przygotuj-rower-na-nowy-sezon-przeglad-sterow\/","name":"Bartosz Huzarski: przygotuj rower na nowy sezon. Przegl\u0105d ster\u00f3w - \u0160koda We Love Cycling - Poland","isPartOf":{"@id":"https:\/\/www.welovecycling.com\/pl\/#website"},"primaryImageOfPage":{"@id":"https:\/\/www.welovecycling.com\/pl\/2024\/04\/15\/bartosz-huzarski-przygotuj-rower-na-nowy-sezon-przeglad-sterow\/#primaryimage"},"image":{"@id":"https:\/\/www.welovecycling.com\/pl\/2024\/04\/15\/bartosz-huzarski-przygotuj-rower-na-nowy-sezon-przeglad-sterow\/#primaryimage"},"thumbnailUrl":"https:\/\/d2p6e6u75xmxt8.cloudfront.net\/5\/2024\/04\/1.webp","datePublished":"2024-04-15T12:16:17+00:00","author":{"@id":"https:\/\/www.welovecycling.com\/pl\/#\/schema\/person\/bf06ed916a1ef16618807fb60d2ebe42"},"breadcrumb":{"@id":"https:\/\/www.welovecycling.com\/pl\/2024\/04\/15\/bartosz-huzarski-przygotuj-rower-na-nowy-sezon-przeglad-sterow\/#breadcrumb"},"inLanguage":"pl-PL","potentialAction":[{"@type":"ReadAction","target":["https:\/\/www.welovecycling.com\/pl\/2024\/04\/15\/bartosz-huzarski-przygotuj-rower-na-nowy-sezon-przeglad-sterow\/"]}]},{"@type":"ImageObject","inLanguage":"pl-PL","@id":"https:\/\/www.welovecycling.com\/pl\/2024\/04\/15\/bartosz-huzarski-przygotuj-rower-na-nowy-sezon-przeglad-sterow\/#primaryimage","url":"https:\/\/d2p6e6u75xmxt8.cloudfront.net\/5\/2024\/04\/1.webp","contentUrl":"https:\/\/d2p6e6u75xmxt8.cloudfront.net\/5\/2024\/04\/1.webp","width":1280,"height":720},{"@type":"BreadcrumbList","@id":"https:\/\/www.welovecycling.com\/pl\/2024\/04\/15\/bartosz-huzarski-przygotuj-rower-na-nowy-sezon-przeglad-sterow\/#breadcrumb","itemListElement":[{"@type":"ListItem","position":1,"name":"Home","item":"https:\/\/www.welovecycling.com\/pl\/"},{"@type":"ListItem","position":2,"name":"Bartosz Huzarski: przygotuj rower na nowy sezon. Przegl\u0105d ster\u00f3w"}]},{"@type":"WebSite","@id":"https:\/\/www.welovecycling.com\/pl\/#website","url":"https:\/\/www.welovecycling.com\/pl\/","name":"\u0160koda We Love Cycling - Poland","description":"","potentialAction":[{"@type":"SearchAction","target":{"@type":"EntryPoint","urlTemplate":"https:\/\/www.welovecycling.com\/pl\/?s={search_term_string}"},"query-input":{"@type":"PropertyValueSpecification","valueRequired":true,"valueName":"search_term_string"}}],"inLanguage":"pl-PL"},{"@type":"Person","@id":"https:\/\/www.welovecycling.com\/pl\/#\/schema\/person\/bf06ed916a1ef16618807fb60d2ebe42","name":"rafal","image":{"@type":"ImageObject","inLanguage":"pl-PL","@id":"https:\/\/www.welovecycling.com\/pl\/#\/schema\/person\/image\/","url":"https:\/\/secure.gravatar.com\/avatar\/203f240e63bee214f6f3a0dacbeb600c7829c09716c2b9ee3230c6961debcde2?s=96&d=mm&r=g","contentUrl":"https:\/\/secure.gravatar.com\/avatar\/203f240e63bee214f6f3a0dacbeb600c7829c09716c2b9ee3230c6961debcde2?s=96&d=mm&r=g","caption":"rafal"},"url":"https:\/\/www.welovecycling.com\/pl\/author\/rafal\/"}]}},"_links":{"self":[{"href":"https:\/\/www.welovecycling.com\/pl\/wp-json\/wp\/v2\/posts\/14659","targetHints":{"allow":["GET"]}}],"collection":[{"href":"https:\/\/www.welovecycling.com\/pl\/wp-json\/wp\/v2\/posts"}],"about":[{"href":"https:\/\/www.welovecycling.com\/pl\/wp-json\/wp\/v2\/types\/post"}],"author":[{"embeddable":true,"href":"https:\/\/www.welovecycling.com\/pl\/wp-json\/wp\/v2\/users\/153"}],"replies":[{"embeddable":true,"href":"https:\/\/www.welovecycling.com\/pl\/wp-json\/wp\/v2\/comments?post=14659"}],"version-history":[{"count":2,"href":"https:\/\/www.welovecycling.com\/pl\/wp-json\/wp\/v2\/posts\/14659\/revisions"}],"predecessor-version":[{"id":14663,"href":"https:\/\/www.welovecycling.com\/pl\/wp-json\/wp\/v2\/posts\/14659\/revisions\/14663"}],"wp:featuredmedia":[{"embeddable":true,"href":"https:\/\/www.welovecycling.com\/pl\/wp-json\/wp\/v2\/media\/14662"}],"wp:attachment":[{"href":"https:\/\/www.welovecycling.com\/pl\/wp-json\/wp\/v2\/media?parent=14659"}],"wp:term":[{"taxonomy":"category","embeddable":true,"href":"https:\/\/www.welovecycling.com\/pl\/wp-json\/wp\/v2\/categories?post=14659"},{"taxonomy":"post_tag","embeddable":true,"href":"https:\/\/www.welovecycling.com\/pl\/wp-json\/wp\/v2\/tags?post=14659"},{"taxonomy":"global-categories","embeddable":true,"href":"https:\/\/www.welovecycling.com\/pl\/wp-json\/wp\/v2\/global-categories?post=14659"}],"curies":[{"name":"wp","href":"https:\/\/api.w.org\/{rel}","templated":true}]}}