{"id":14651,"date":"2024-04-12T09:08:45","date_gmt":"2024-04-12T09:08:45","guid":{"rendered":"https:\/\/www.welovecycling.com\/pl\/?p=14651"},"modified":"2024-04-12T09:08:45","modified_gmt":"2024-04-12T09:08:45","slug":"wiosna-2024-na-rowerze-w-czechach-jak-zaplanowac-rodzinna-przygode","status":"publish","type":"post","link":"https:\/\/www.welovecycling.com\/pl\/2024\/04\/12\/wiosna-2024-na-rowerze-w-czechach-jak-zaplanowac-rodzinna-przygode\/","title":{"rendered":"Wiosna 2024 na rowerze w Czechach: jak zaplanowa\u0107 rodzinn\u0105 przygod\u0119"},"content":{"rendered":"<p><strong>Gdy tegoroczna wiosna o\u017cywi krajobraz Czech, przed planuj\u0105cymi wycieczki rodzinami pojawi si\u0119 szereg atrakcji rowerowych \u2013 doskona\u0142ych dla os\u00f3b w ka\u017cdym wieku. Czechy oferuj\u0105 dobrze oznakowane trasy rowerowe, pi\u0119kne historyczne miasta i\u00a0osza\u0142amiaj\u0105ce rezerwaty przyrody. Wszystko to czyni ten kraj idealnym miejscem dla rodzin, kt\u00f3re chc\u0105 zanurzy\u0107 si\u0119 w sercu Europy, szukaj\u0105c po\u0142\u0105czenia relaksu, przygody i\u00a0eksploracji, a tak\u017ce kontaktu z kultur\u0105 i pi\u0119knem przyrody. Poni\u017cej przedstawiamy list\u0119 czeskich tras rowerowych, kt\u00f3re s\u0105 odpowiednie dla ca\u0142ej rodziny i gwarantuj\u0105 niezapomniane wra\u017cenia.<\/strong><\/p>\n<p><span style=\"font-size: 18pt;\"><strong>Praga\u2013zamek Karl\u0161tejn (ok. 30 km)<\/strong><\/span><\/p>\n<figure id=\"attachment_14652\" aria-describedby=\"caption-attachment-14652\" style=\"width: 1400px\" class=\"wp-caption alignnone\"><a href=\"https:\/\/d2p6e6u75xmxt8.cloudfront.net\/5\/2024\/04\/MicrosoftTeams-image-55.webp\"><img loading=\"lazy\" decoding=\"async\" class=\"wp-image-14652 size-full\" src=\"https:\/\/d2p6e6u75xmxt8.cloudfront.net\/5\/2024\/04\/MicrosoftTeams-image-55.webp\" alt=\"\" width=\"1400\" height=\"932\" srcset=\"https:\/\/d2p6e6u75xmxt8.cloudfront.net\/5\/2024\/04\/MicrosoftTeams-image-55.webp 1400w, https:\/\/d2p6e6u75xmxt8.cloudfront.net\/5\/2024\/04\/MicrosoftTeams-image-55-300x200.webp 300w, https:\/\/d2p6e6u75xmxt8.cloudfront.net\/5\/2024\/04\/MicrosoftTeams-image-55-1024x682.webp 1024w, https:\/\/d2p6e6u75xmxt8.cloudfront.net\/5\/2024\/04\/MicrosoftTeams-image-55-768x511.webp 768w, https:\/\/d2p6e6u75xmxt8.cloudfront.net\/5\/2024\/04\/MicrosoftTeams-image-55-400x266.webp 400w, https:\/\/d2p6e6u75xmxt8.cloudfront.net\/5\/2024\/04\/MicrosoftTeams-image-55-272x182.webp 272w\" sizes=\"auto, (max-width: 1400px) 100vw, 1400px\" \/><\/a><figcaption id=\"caption-attachment-14652\" class=\"wp-caption-text\">Karl\u0161tejn to niesamowita gotycka budowla wzniesiona przez Karola IV.<\/figcaption><\/figure>\n<p><strong>Trasa przeznaczona dla rowerzyst\u00f3w od 6. roku \u017cycia<\/strong><\/p>\n<p>Rozpoczynaj\u0105ca si\u0119 w magicznej Pradze trasa prowadzi przez urokliwe wiejskie tereny do majestatycznego zamku Karl\u0161tejn \u2013 skarbu gotyckiej architektury, zbudowanego przez kr\u00f3la Karola IV. Szlak jest stosunkowo p\u0142aski; biegnie wzd\u0142u\u017c We\u0142tawy i Berounki \u2013 jest idealny dla\u00a0rodzin z m\u0142odszymi dzie\u0107mi. Po drodze mo\u017cna podziwia\u0107 malownicze krajobrazy, a tak\u017ce zatrzyma\u0107 si\u0119 w uroczych wioskach, aby skosztowa\u0107 tradycyjnych czeskich przysmak\u00f3w. Zamek jest po\u0142o\u017cony na szczycie wzg\u00f3rza \u2013 wycieczka tam zapewnia nie tylko lekcj\u0119 historii, ale tak\u017ce zapieraj\u0105cy dech w\u00a0piersiach widok na ca\u0142\u0105 okolic\u0119.<\/p>\n<p><span style=\"font-size: 18pt;\"><strong>Szlaki winiarskie Moraw Po\u0142udniowych<br \/>\n(r\u00f3\u017cne d\u0142ugo\u015bci tras)<\/strong><\/span><\/p>\n<figure id=\"attachment_14653\" aria-describedby=\"caption-attachment-14653\" style=\"width: 1400px\" class=\"wp-caption alignnone\"><a href=\"https:\/\/d2p6e6u75xmxt8.cloudfront.net\/5\/2024\/04\/MicrosoftTeams-image-56.webp\"><img loading=\"lazy\" decoding=\"async\" class=\"wp-image-14653 size-full\" src=\"https:\/\/d2p6e6u75xmxt8.cloudfront.net\/5\/2024\/04\/MicrosoftTeams-image-56.webp\" alt=\"\" width=\"1400\" height=\"933\" srcset=\"https:\/\/d2p6e6u75xmxt8.cloudfront.net\/5\/2024\/04\/MicrosoftTeams-image-56.webp 1400w, https:\/\/d2p6e6u75xmxt8.cloudfront.net\/5\/2024\/04\/MicrosoftTeams-image-56-300x200.webp 300w, https:\/\/d2p6e6u75xmxt8.cloudfront.net\/5\/2024\/04\/MicrosoftTeams-image-56-1024x682.webp 1024w, https:\/\/d2p6e6u75xmxt8.cloudfront.net\/5\/2024\/04\/MicrosoftTeams-image-56-768x512.webp 768w, https:\/\/d2p6e6u75xmxt8.cloudfront.net\/5\/2024\/04\/MicrosoftTeams-image-56-400x267.webp 400w, https:\/\/d2p6e6u75xmxt8.cloudfront.net\/5\/2024\/04\/MicrosoftTeams-image-56-272x182.webp 272w\" sizes=\"auto, (max-width: 1400px) 100vw, 1400px\" \/><\/a><figcaption id=\"caption-attachment-14653\" class=\"wp-caption-text\">Ko\u015bci\u00f3\u0142 \u015bw. Miko\u0142aja i winnice w Znojmie o zachodzie s\u0142o\u0144ca<\/figcaption><\/figure>\n<p><strong>Trasa przeznaczona dla rowerzyst\u00f3w od 10. roku \u017cycia.<\/strong><\/p>\n<p>Zach\u0119camy do eksplorowania pofa\u0142dowanych wzg\u00f3rz i tarasowych winnic Moraw Po\u0142udniowych \u2013 krainy s\u0142yn\u0105cej z winiarstwa i pi\u0119knych krajobraz\u00f3w. Dzi\u0119ki zr\u00f3\u017cnicowanym trasom rodziny mog\u0105 wybiera\u0107 spo\u015br\u00f3d licznych szla\u00adk\u00f3w, kt\u00f3re prowadz\u0105 przez malownicze miasteczka winiarskie i\u00a0historyczne zamki a\u017c do Obszaru Chronionego Krajobrazu P\u00e1lava. Region ten jest szczeg\u00f3lnie wyj\u0105tkowy wiosn\u0105, gdy winnice budz\u0105 si\u0119 do \u017cycia. Szlaki s\u0105 odpowiednie dla rodzin ze starszymi dzie\u0107mi \u2013 zapewniaj\u0105 zar\u00f3wno doskona\u0142e warunki do spokojnej jazdy, jak i mo\u017cliwo\u015b\u0107 odkrywania bogactwa kultury Moraw Po\u0142udniowych. Doro\u015bli uczestnicy wycieczki b\u0119d\u0105 mieli tak\u017ce okazj\u0119 skosztowa\u0107 lokalnych win.<\/p>\n<p><span style=\"font-size: 18pt;\"><strong>Szlak wzd\u0142u\u017c \u0141aby: Hradec Kr\u00e1lov\u00e9\u2013Drezno (ok. 210 km)<\/strong><\/span><\/p>\n<figure id=\"attachment_14654\" aria-describedby=\"caption-attachment-14654\" style=\"width: 1400px\" class=\"wp-caption alignnone\"><a href=\"https:\/\/d2p6e6u75xmxt8.cloudfront.net\/5\/2024\/04\/MicrosoftTeams-image-57.webp\"><img loading=\"lazy\" decoding=\"async\" class=\"wp-image-14654 size-full\" src=\"https:\/\/d2p6e6u75xmxt8.cloudfront.net\/5\/2024\/04\/MicrosoftTeams-image-57.webp\" alt=\"\" width=\"1400\" height=\"933\" srcset=\"https:\/\/d2p6e6u75xmxt8.cloudfront.net\/5\/2024\/04\/MicrosoftTeams-image-57.webp 1400w, https:\/\/d2p6e6u75xmxt8.cloudfront.net\/5\/2024\/04\/MicrosoftTeams-image-57-300x200.webp 300w, https:\/\/d2p6e6u75xmxt8.cloudfront.net\/5\/2024\/04\/MicrosoftTeams-image-57-1024x682.webp 1024w, https:\/\/d2p6e6u75xmxt8.cloudfront.net\/5\/2024\/04\/MicrosoftTeams-image-57-768x512.webp 768w, https:\/\/d2p6e6u75xmxt8.cloudfront.net\/5\/2024\/04\/MicrosoftTeams-image-57-400x267.webp 400w, https:\/\/d2p6e6u75xmxt8.cloudfront.net\/5\/2024\/04\/MicrosoftTeams-image-57-272x182.webp 272w\" sizes=\"auto, (max-width: 1400px) 100vw, 1400px\" \/><\/a><figcaption id=\"caption-attachment-14654\" class=\"wp-caption-text\">Elektrownia wodna w mie\u015bcie Hradec Kr\u00e1lov\u00e9 \u2013 zabytek techniczny (1909 r., F. Sander)<\/figcaption><\/figure>\n<p><strong>Trasa przeznaczona dla rowerzyst\u00f3w z nastoletnimi dzie\u0107mi.<\/strong><\/p>\n<p>Ten d\u0142ugi szlak biegnie wzd\u0142u\u017c \u0141aby \u2013 prowadzi z czeskiego historycznego miasta Hradec Kr\u00e1lov\u00e9 do Drezna w Niemczech. Rodziny, dla\u00a0kt\u00f3rych tak d\u0142uga trasa stanowi zbyt du\u017ce wyzwanie, mog\u0105 zdecydowa\u0107 si\u0119 na pokonanie kr\u00f3tszego odcinka. Taka jednodniowa wycieczka jest \u0142atwiejsza, a jednocze\u015bnie w pe\u0142ni oddaje atmosfer\u0119 i\u00a0charakter tego szlaku. Trasa rowerowa wzd\u0142u\u017c \u0141aby, obejmuj\u0105ca \u015aredniog\u00f3rze Czeskie i Park Narodowy Saskiej Szwajcarii, s\u0142ynie z \u0142agodnego terenu i wspania\u0142ych widok\u00f3w. Ta podr\u00f3\u017c szlakiem cud\u00f3w natury i\u00a0niezwyk\u0142ych miejsc historycznych ma r\u00f3wnie\u017c walory edukacyjne, dlatego jest idealna dla rodzin z nastoletnimi dzie\u0107mi, gotowych na bardziej wymagaj\u0105c\u0105 przeja\u017cd\u017ck\u0119.<\/p>\n<p><span style=\"font-size: 18pt;\"><strong>Pilzno\u2013Ratyzbona (ok. 160 km)<\/strong><\/span><\/p>\n<figure id=\"attachment_14655\" aria-describedby=\"caption-attachment-14655\" style=\"width: 1400px\" class=\"wp-caption alignnone\"><a href=\"https:\/\/d2p6e6u75xmxt8.cloudfront.net\/5\/2024\/04\/MicrosoftTeams-image-58.webp\"><img loading=\"lazy\" decoding=\"async\" class=\"wp-image-14655 size-full\" src=\"https:\/\/d2p6e6u75xmxt8.cloudfront.net\/5\/2024\/04\/MicrosoftTeams-image-58.webp\" alt=\"\" width=\"1400\" height=\"933\" srcset=\"https:\/\/d2p6e6u75xmxt8.cloudfront.net\/5\/2024\/04\/MicrosoftTeams-image-58.webp 1400w, https:\/\/d2p6e6u75xmxt8.cloudfront.net\/5\/2024\/04\/MicrosoftTeams-image-58-300x200.webp 300w, https:\/\/d2p6e6u75xmxt8.cloudfront.net\/5\/2024\/04\/MicrosoftTeams-image-58-1024x682.webp 1024w, https:\/\/d2p6e6u75xmxt8.cloudfront.net\/5\/2024\/04\/MicrosoftTeams-image-58-768x512.webp 768w, https:\/\/d2p6e6u75xmxt8.cloudfront.net\/5\/2024\/04\/MicrosoftTeams-image-58-400x267.webp 400w, https:\/\/d2p6e6u75xmxt8.cloudfront.net\/5\/2024\/04\/MicrosoftTeams-image-58-272x182.webp 272w\" sizes=\"auto, (max-width: 1400px) 100vw, 1400px\" \/><\/a><figcaption id=\"caption-attachment-14655\" class=\"wp-caption-text\">Widok na katedr\u0119 \u015bw. Bart\u0142omieja w Pil\u017anie<\/figcaption><\/figure>\n<p><strong>Trasa przeznaczona dla rowerzyst\u00f3w z nastoletnimi dzie\u0107mi.<\/strong><\/p>\n<p>Ta z kolei trasa oferuje transgraniczne do\u015bwiadczenie nasycone histori\u0105 i kul\u00adtur\u0105 \u2013 \u0142\u0105czy czeskie miasto Pilzno, s\u0142yn\u0105ce z piwa Pilsner, z wpisanym na List\u0119 \u015awiatowego Dziedzictwa UNESCO miastem Ratyzbona w Niemczech. Szlak ten pozwoli podr\u00f3\u017cuj\u0105cym rodzinom odkry\u0107 zar\u00f3wno bogate dziedzictwo przemys\u0142owe kraju pilzne\u0144skiego, jak i \u015bredniowieczn\u0105 architektur\u0119 Ratyzbony. Trasa obejmuje m.in. d\u0142u\u017csze odcinki jazdy i przystanki o\u00a0charakterze edukacyjnym, w tym Muzeum Piwowarstwa w Pilznie oraz zabytkowe stare miasto w Ratyzbonie, co czyni j\u0105 doskona\u0142ym wyborem dla\u00a0rodzin z nastoletnimi dzie\u0107mi.<\/p>\n<p><span style=\"font-size: 18pt;\"><strong>Szlaki w Parku <\/strong><strong>Narodowym <\/strong><strong>Szumawa <\/strong><strong>(r\u00f3\u017cne d\u0142ugo\u015bci tras<\/strong><strong>)<\/strong><\/span><\/p>\n<figure id=\"attachment_14656\" aria-describedby=\"caption-attachment-14656\" style=\"width: 1400px\" class=\"wp-caption alignnone\"><a href=\"https:\/\/d2p6e6u75xmxt8.cloudfront.net\/5\/2024\/04\/MicrosoftTeams-image-59.webp\"><img loading=\"lazy\" decoding=\"async\" class=\"wp-image-14656 size-full\" src=\"https:\/\/d2p6e6u75xmxt8.cloudfront.net\/5\/2024\/04\/MicrosoftTeams-image-59.webp\" alt=\"\" width=\"1400\" height=\"933\" srcset=\"https:\/\/d2p6e6u75xmxt8.cloudfront.net\/5\/2024\/04\/MicrosoftTeams-image-59.webp 1400w, https:\/\/d2p6e6u75xmxt8.cloudfront.net\/5\/2024\/04\/MicrosoftTeams-image-59-300x200.webp 300w, https:\/\/d2p6e6u75xmxt8.cloudfront.net\/5\/2024\/04\/MicrosoftTeams-image-59-1024x682.webp 1024w, https:\/\/d2p6e6u75xmxt8.cloudfront.net\/5\/2024\/04\/MicrosoftTeams-image-59-768x512.webp 768w, https:\/\/d2p6e6u75xmxt8.cloudfront.net\/5\/2024\/04\/MicrosoftTeams-image-59-400x267.webp 400w, https:\/\/d2p6e6u75xmxt8.cloudfront.net\/5\/2024\/04\/MicrosoftTeams-image-59-272x182.webp 272w\" sizes=\"auto, (max-width: 1400px) 100vw, 1400px\" \/><\/a><figcaption id=\"caption-attachment-14656\" class=\"wp-caption-text\">Pi\u0119kna sceneria w okolicy zniszczonej w wyniku \u0107wicze\u0144 artyleryjskich wioski Stodulky na terenie Szumawy<\/figcaption><\/figure>\n<p><strong>Trasa przeznaczona dla rowerzyst\u00f3w od 10. roku \u017cycia.<\/strong><\/p>\n<p>Park Narodowy Szumawa le\u017cy wzd\u0142u\u017c granicy czesko-niemiecko-austriackiej i stanowi oaz\u0119 pe\u0142n\u0105 g\u0119stych las\u00f3w, torfowisk i krystalicznie czystych jezior. Sie\u0107 szlak\u00f3w rowerowych w parku jest dostosowana do potrzeb wszystkich kolarzy: oferuje \u0142agodne \u015bcie\u017cki dla mniej do\u015bwiadczonych os\u00f3b i bardziej wymagaj\u0105ce trasy dla rodzin \u017c\u0105dnych przyg\u00f3d. Wiosn\u0105 mo\u017cna podziwia\u0107 tu\u00a0bujn\u0105 ziele\u0144 \u2013 jest to idealny czas na odkrywanie naturalnego pi\u0119kna parku (z przystankami w ciekawych miejscach, takich jak jeziora \u010cern\u00e9 i \u010certovo).<\/p>\n<p>Ka\u017cda z wy\u017cej wspomnianych tras oferuje rodzinom mo\u017cliwo\u015b\u0107 prze\u017cycia prawdziwej rowerowej przygody i zacie\u015bnienia wi\u0119zi poprzez zdobywanie wsp\u00f3lnych do\u015bwiadcze\u0144 \u2013 czy to podczas odkrywania historycznego zamku Karl\u0161tejn, czy te\u017c podziwiania naturalnego pi\u0119kna Czeskiej Szwajcarii. Wszystkie te\u00a0szlaki, biegn\u0105ce przez urokliwe lasy i historyczne miasta, sprawi\u0105, \u017ce\u00a0tegoroczna wiosna up\u0142ynie pod znakiem eksploracji, przyg\u00f3d i\u00a0niezapomnianego uroku Czech.<\/p>\n<p><a class=\"in-cell-link\" href=\"http:\/\/www.skoda-auto.pl\/?_gl=1*hh0hd*GA4_ga*NTZ4YXR1NGYtcnljei1ndnY5LXdlcHAtYm9xa21sczVwOWxq*GA4_ga_KSPVKPC6VY*MTcxMjkwOTgxMC44NS4xLjE3MTI5MDk4NDYuMC4wLjEwNDE2NTA5OTk.*_gcl_au*MTQ0ODk4NzUyOS4xNzEyNTc2Nzkw\" target=\"_blank\" rel=\"noopener\">Artyku\u0142 powsta\u0142 we wsp\u00f3\u0142pracy ze skoda-auto.pl<\/a><\/p>\n<p><img decoding=\"async\" src=\"https:\/\/d2p6e6u75xmxt8.cloudfront.net\/5\/2030\/11\/2.webp\" \/><\/p>\n","protected":false},"excerpt":{"rendered":"<p>Gdy tegoroczna wiosna o\u017cywi krajobraz Czech, przed planuj\u0105cymi wycieczki rodzinami pojawi si\u0119 szereg atrakcji rowerowych \u2013 doskona\u0142ych dla os\u00f3b w [&hellip;]<\/p>\n","protected":false},"author":153,"featured_media":14657,"comment_status":"open","ping_status":"open","sticky":false,"template":"","format":"standard","meta":{"footnotes":""},"categories":[268],"tags":[432,382,191,404,88],"global-categories":[303],"class_list":["post-14651","post","type-post","status-publish","format-standard","has-post-thumbnail","hentry","category-rodzina","tag-czechy","tag-jazda-na-rowerze","tag-skoda","tag-skodapolska","tag-wycieczka","global-categories-cycling"],"yoast_head":"<!-- This site is optimized with the Yoast SEO Premium plugin v25.3 (Yoast SEO v25.9) - https:\/\/yoast.com\/wordpress\/plugins\/seo\/ -->\n<title>Wiosna 2024 na rowerze w Czechach: jak zaplanowa\u0107 rodzinn\u0105 przygod\u0119 - \u0160koda We Love Cycling - Poland<\/title>\n<meta name=\"robots\" content=\"index, follow, max-snippet:-1, max-image-preview:large, max-video-preview:-1\" \/>\n<link rel=\"canonical\" href=\"https:\/\/www.welovecycling.com\/pl\/2024\/04\/12\/wiosna-2024-na-rowerze-w-czechach-jak-zaplanowac-rodzinna-przygode\/\" \/>\n<meta property=\"og:locale\" content=\"pl_PL\" \/>\n<meta property=\"og:type\" content=\"article\" \/>\n<meta property=\"og:title\" content=\"Wiosna 2024 na rowerze w Czechach: jak zaplanowa\u0107 rodzinn\u0105 przygod\u0119\" \/>\n<meta property=\"og:description\" content=\"Gdy tegoroczna wiosna o\u017cywi krajobraz Czech, przed planuj\u0105cymi wycieczki rodzinami pojawi si\u0119 szereg atrakcji rowerowych \u2013 doskona\u0142ych dla os\u00f3b w [&hellip;]\" \/>\n<meta property=\"og:url\" content=\"https:\/\/www.welovecycling.com\/pl\/2024\/04\/12\/wiosna-2024-na-rowerze-w-czechach-jak-zaplanowac-rodzinna-przygode\/\" \/>\n<meta property=\"og:site_name\" content=\"\u0160koda We Love Cycling - Poland\" \/>\n<meta property=\"article:published_time\" content=\"2024-04-12T09:08:45+00:00\" \/>\n<meta property=\"og:image\" content=\"https:\/\/d2p6e6u75xmxt8.cloudfront.net\/5\/2024\/04\/MicrosoftTeams-image-60.webp\" \/>\n\t<meta property=\"og:image:width\" content=\"1400\" \/>\n\t<meta property=\"og:image:height\" content=\"933\" \/>\n\t<meta property=\"og:image:type\" content=\"image\/webp\" \/>\n<meta name=\"author\" content=\"rafal\" \/>\n<meta name=\"twitter:card\" content=\"summary_large_image\" \/>\n<meta name=\"twitter:label1\" content=\"Written by\" \/>\n\t<meta name=\"twitter:data1\" content=\"Monica Buck\" \/>\n\t<meta name=\"twitter:label2\" content=\"Est. reading time\" \/>\n\t<meta name=\"twitter:data2\" content=\"5\" \/>\n<script type=\"application\/ld+json\" class=\"yoast-schema-graph\">{\"@context\":\"https:\/\/schema.org\",\"@graph\":[{\"@type\":\"WebPage\",\"@id\":\"https:\/\/www.welovecycling.com\/pl\/2024\/04\/12\/wiosna-2024-na-rowerze-w-czechach-jak-zaplanowac-rodzinna-przygode\/\",\"url\":\"https:\/\/www.welovecycling.com\/pl\/2024\/04\/12\/wiosna-2024-na-rowerze-w-czechach-jak-zaplanowac-rodzinna-przygode\/\",\"name\":\"Wiosna 2024 na rowerze w Czechach: jak zaplanowa\u0107 rodzinn\u0105 przygod\u0119 - \u0160koda We Love Cycling - Poland\",\"isPartOf\":{\"@id\":\"https:\/\/www.welovecycling.com\/pl\/#website\"},\"primaryImageOfPage\":{\"@id\":\"https:\/\/www.welovecycling.com\/pl\/2024\/04\/12\/wiosna-2024-na-rowerze-w-czechach-jak-zaplanowac-rodzinna-przygode\/#primaryimage\"},\"image\":{\"@id\":\"https:\/\/www.welovecycling.com\/pl\/2024\/04\/12\/wiosna-2024-na-rowerze-w-czechach-jak-zaplanowac-rodzinna-przygode\/#primaryimage\"},\"thumbnailUrl\":\"https:\/\/d2p6e6u75xmxt8.cloudfront.net\/5\/2024\/04\/MicrosoftTeams-image-60.webp\",\"datePublished\":\"2024-04-12T09:08:45+00:00\",\"author\":{\"@id\":\"https:\/\/www.welovecycling.com\/pl\/#\/schema\/person\/bf06ed916a1ef16618807fb60d2ebe42\"},\"breadcrumb\":{\"@id\":\"https:\/\/www.welovecycling.com\/pl\/2024\/04\/12\/wiosna-2024-na-rowerze-w-czechach-jak-zaplanowac-rodzinna-przygode\/#breadcrumb\"},\"inLanguage\":\"pl-PL\",\"potentialAction\":[{\"@type\":\"ReadAction\",\"target\":[\"https:\/\/www.welovecycling.com\/pl\/2024\/04\/12\/wiosna-2024-na-rowerze-w-czechach-jak-zaplanowac-rodzinna-przygode\/\"]}]},{\"@type\":\"ImageObject\",\"inLanguage\":\"pl-PL\",\"@id\":\"https:\/\/www.welovecycling.com\/pl\/2024\/04\/12\/wiosna-2024-na-rowerze-w-czechach-jak-zaplanowac-rodzinna-przygode\/#primaryimage\",\"url\":\"https:\/\/d2p6e6u75xmxt8.cloudfront.net\/5\/2024\/04\/MicrosoftTeams-image-60.webp\",\"contentUrl\":\"https:\/\/d2p6e6u75xmxt8.cloudfront.net\/5\/2024\/04\/MicrosoftTeams-image-60.webp\",\"width\":1400,\"height\":933},{\"@type\":\"BreadcrumbList\",\"@id\":\"https:\/\/www.welovecycling.com\/pl\/2024\/04\/12\/wiosna-2024-na-rowerze-w-czechach-jak-zaplanowac-rodzinna-przygode\/#breadcrumb\",\"itemListElement\":[{\"@type\":\"ListItem\",\"position\":1,\"name\":\"Home\",\"item\":\"https:\/\/www.welovecycling.com\/pl\/\"},{\"@type\":\"ListItem\",\"position\":2,\"name\":\"Wiosna 2024 na rowerze w Czechach: jak zaplanowa\u0107 rodzinn\u0105 przygod\u0119\"}]},{\"@type\":\"WebSite\",\"@id\":\"https:\/\/www.welovecycling.com\/pl\/#website\",\"url\":\"https:\/\/www.welovecycling.com\/pl\/\",\"name\":\"\u0160koda We Love Cycling - Poland\",\"description\":\"\",\"potentialAction\":[{\"@type\":\"SearchAction\",\"target\":{\"@type\":\"EntryPoint\",\"urlTemplate\":\"https:\/\/www.welovecycling.com\/pl\/?s={search_term_string}\"},\"query-input\":{\"@type\":\"PropertyValueSpecification\",\"valueRequired\":true,\"valueName\":\"search_term_string\"}}],\"inLanguage\":\"pl-PL\"},{\"@type\":\"Person\",\"@id\":\"https:\/\/www.welovecycling.com\/pl\/#\/schema\/person\/bf06ed916a1ef16618807fb60d2ebe42\",\"name\":\"rafal\",\"image\":{\"@type\":\"ImageObject\",\"inLanguage\":\"pl-PL\",\"@id\":\"https:\/\/www.welovecycling.com\/pl\/#\/schema\/person\/image\/\",\"url\":\"https:\/\/secure.gravatar.com\/avatar\/203f240e63bee214f6f3a0dacbeb600c7829c09716c2b9ee3230c6961debcde2?s=96&d=mm&r=g\",\"contentUrl\":\"https:\/\/secure.gravatar.com\/avatar\/203f240e63bee214f6f3a0dacbeb600c7829c09716c2b9ee3230c6961debcde2?s=96&d=mm&r=g\",\"caption\":\"rafal\"},\"url\":\"https:\/\/www.welovecycling.com\/pl\/author\/rafal\/\"}]}<\/script>\n<!-- \/ Yoast SEO Premium plugin. -->","yoast_head_json":{"title":"Wiosna 2024 na rowerze w Czechach: jak zaplanowa\u0107 rodzinn\u0105 przygod\u0119 - \u0160koda We Love Cycling - Poland","robots":{"index":"index","follow":"follow","max-snippet":"max-snippet:-1","max-image-preview":"max-image-preview:large","max-video-preview":"max-video-preview:-1"},"canonical":"https:\/\/www.welovecycling.com\/pl\/2024\/04\/12\/wiosna-2024-na-rowerze-w-czechach-jak-zaplanowac-rodzinna-przygode\/","og_locale":"pl_PL","og_type":"article","og_title":"Wiosna 2024 na rowerze w Czechach: jak zaplanowa\u0107 rodzinn\u0105 przygod\u0119","og_description":"Gdy tegoroczna wiosna o\u017cywi krajobraz Czech, przed planuj\u0105cymi wycieczki rodzinami pojawi si\u0119 szereg atrakcji rowerowych \u2013 doskona\u0142ych dla os\u00f3b w [&hellip;]","og_url":"https:\/\/www.welovecycling.com\/pl\/2024\/04\/12\/wiosna-2024-na-rowerze-w-czechach-jak-zaplanowac-rodzinna-przygode\/","og_site_name":"\u0160koda We Love Cycling - Poland","article_published_time":"2024-04-12T09:08:45+00:00","og_image":[{"width":1400,"height":933,"url":"https:\/\/d2p6e6u75xmxt8.cloudfront.net\/5\/2024\/04\/MicrosoftTeams-image-60.webp","type":"image\/webp"}],"author":"rafal","twitter_card":"summary_large_image","twitter_misc":{"Written by":"Monica Buck","Est. reading time":"5"},"schema":{"@context":"https:\/\/schema.org","@graph":[{"@type":"WebPage","@id":"https:\/\/www.welovecycling.com\/pl\/2024\/04\/12\/wiosna-2024-na-rowerze-w-czechach-jak-zaplanowac-rodzinna-przygode\/","url":"https:\/\/www.welovecycling.com\/pl\/2024\/04\/12\/wiosna-2024-na-rowerze-w-czechach-jak-zaplanowac-rodzinna-przygode\/","name":"Wiosna 2024 na rowerze w Czechach: jak zaplanowa\u0107 rodzinn\u0105 przygod\u0119 - \u0160koda We Love Cycling - Poland","isPartOf":{"@id":"https:\/\/www.welovecycling.com\/pl\/#website"},"primaryImageOfPage":{"@id":"https:\/\/www.welovecycling.com\/pl\/2024\/04\/12\/wiosna-2024-na-rowerze-w-czechach-jak-zaplanowac-rodzinna-przygode\/#primaryimage"},"image":{"@id":"https:\/\/www.welovecycling.com\/pl\/2024\/04\/12\/wiosna-2024-na-rowerze-w-czechach-jak-zaplanowac-rodzinna-przygode\/#primaryimage"},"thumbnailUrl":"https:\/\/d2p6e6u75xmxt8.cloudfront.net\/5\/2024\/04\/MicrosoftTeams-image-60.webp","datePublished":"2024-04-12T09:08:45+00:00","author":{"@id":"https:\/\/www.welovecycling.com\/pl\/#\/schema\/person\/bf06ed916a1ef16618807fb60d2ebe42"},"breadcrumb":{"@id":"https:\/\/www.welovecycling.com\/pl\/2024\/04\/12\/wiosna-2024-na-rowerze-w-czechach-jak-zaplanowac-rodzinna-przygode\/#breadcrumb"},"inLanguage":"pl-PL","potentialAction":[{"@type":"ReadAction","target":["https:\/\/www.welovecycling.com\/pl\/2024\/04\/12\/wiosna-2024-na-rowerze-w-czechach-jak-zaplanowac-rodzinna-przygode\/"]}]},{"@type":"ImageObject","inLanguage":"pl-PL","@id":"https:\/\/www.welovecycling.com\/pl\/2024\/04\/12\/wiosna-2024-na-rowerze-w-czechach-jak-zaplanowac-rodzinna-przygode\/#primaryimage","url":"https:\/\/d2p6e6u75xmxt8.cloudfront.net\/5\/2024\/04\/MicrosoftTeams-image-60.webp","contentUrl":"https:\/\/d2p6e6u75xmxt8.cloudfront.net\/5\/2024\/04\/MicrosoftTeams-image-60.webp","width":1400,"height":933},{"@type":"BreadcrumbList","@id":"https:\/\/www.welovecycling.com\/pl\/2024\/04\/12\/wiosna-2024-na-rowerze-w-czechach-jak-zaplanowac-rodzinna-przygode\/#breadcrumb","itemListElement":[{"@type":"ListItem","position":1,"name":"Home","item":"https:\/\/www.welovecycling.com\/pl\/"},{"@type":"ListItem","position":2,"name":"Wiosna 2024 na rowerze w Czechach: jak zaplanowa\u0107 rodzinn\u0105 przygod\u0119"}]},{"@type":"WebSite","@id":"https:\/\/www.welovecycling.com\/pl\/#website","url":"https:\/\/www.welovecycling.com\/pl\/","name":"\u0160koda We Love Cycling - Poland","description":"","potentialAction":[{"@type":"SearchAction","target":{"@type":"EntryPoint","urlTemplate":"https:\/\/www.welovecycling.com\/pl\/?s={search_term_string}"},"query-input":{"@type":"PropertyValueSpecification","valueRequired":true,"valueName":"search_term_string"}}],"inLanguage":"pl-PL"},{"@type":"Person","@id":"https:\/\/www.welovecycling.com\/pl\/#\/schema\/person\/bf06ed916a1ef16618807fb60d2ebe42","name":"rafal","image":{"@type":"ImageObject","inLanguage":"pl-PL","@id":"https:\/\/www.welovecycling.com\/pl\/#\/schema\/person\/image\/","url":"https:\/\/secure.gravatar.com\/avatar\/203f240e63bee214f6f3a0dacbeb600c7829c09716c2b9ee3230c6961debcde2?s=96&d=mm&r=g","contentUrl":"https:\/\/secure.gravatar.com\/avatar\/203f240e63bee214f6f3a0dacbeb600c7829c09716c2b9ee3230c6961debcde2?s=96&d=mm&r=g","caption":"rafal"},"url":"https:\/\/www.welovecycling.com\/pl\/author\/rafal\/"}]}},"_links":{"self":[{"href":"https:\/\/www.welovecycling.com\/pl\/wp-json\/wp\/v2\/posts\/14651","targetHints":{"allow":["GET"]}}],"collection":[{"href":"https:\/\/www.welovecycling.com\/pl\/wp-json\/wp\/v2\/posts"}],"about":[{"href":"https:\/\/www.welovecycling.com\/pl\/wp-json\/wp\/v2\/types\/post"}],"author":[{"embeddable":true,"href":"https:\/\/www.welovecycling.com\/pl\/wp-json\/wp\/v2\/users\/153"}],"replies":[{"embeddable":true,"href":"https:\/\/www.welovecycling.com\/pl\/wp-json\/wp\/v2\/comments?post=14651"}],"version-history":[{"count":1,"href":"https:\/\/www.welovecycling.com\/pl\/wp-json\/wp\/v2\/posts\/14651\/revisions"}],"predecessor-version":[{"id":14658,"href":"https:\/\/www.welovecycling.com\/pl\/wp-json\/wp\/v2\/posts\/14651\/revisions\/14658"}],"wp:featuredmedia":[{"embeddable":true,"href":"https:\/\/www.welovecycling.com\/pl\/wp-json\/wp\/v2\/media\/14657"}],"wp:attachment":[{"href":"https:\/\/www.welovecycling.com\/pl\/wp-json\/wp\/v2\/media?parent=14651"}],"wp:term":[{"taxonomy":"category","embeddable":true,"href":"https:\/\/www.welovecycling.com\/pl\/wp-json\/wp\/v2\/categories?post=14651"},{"taxonomy":"post_tag","embeddable":true,"href":"https:\/\/www.welovecycling.com\/pl\/wp-json\/wp\/v2\/tags?post=14651"},{"taxonomy":"global-categories","embeddable":true,"href":"https:\/\/www.welovecycling.com\/pl\/wp-json\/wp\/v2\/global-categories?post=14651"}],"curies":[{"name":"wp","href":"https:\/\/api.w.org\/{rel}","templated":true}]}}