{"id":14643,"date":"2024-04-09T11:54:25","date_gmt":"2024-04-09T11:54:25","guid":{"rendered":"https:\/\/www.welovecycling.com\/pl\/?p=14643"},"modified":"2024-04-09T11:54:25","modified_gmt":"2024-04-09T11:54:25","slug":"w-peletonie-robi-sie-coraz-ciekawiej-mocny-sygnal-od-kasi-niewiadomej","status":"publish","type":"post","link":"https:\/\/www.welovecycling.com\/pl\/2024\/04\/09\/w-peletonie-robi-sie-coraz-ciekawiej-mocny-sygnal-od-kasi-niewiadomej\/","title":{"rendered":"W peletonie robi si\u0119 coraz ciekawiej. Mocny sygna\u0142 od Kasi Niewiadomej"},"content":{"rendered":"<p><strong>Mathieu van der Poel (Alpecin-Deceuninck) wygra\u0142 Pary\u017c\u2013Roubaix, czyli rozgrzewk\u0119 przed Tour de France. <\/strong><strong>Tym samym da\u0142 do zrozumienia, \u017ce tegoroczna Wielka P\u0119tla mo\u017ce mie\u0107 wielu ch\u0119tnych do ko\u0144cowego triumfu. Kolejny mocny sygna\u0142 wys\u0142a\u0142a przeciwniczkom r\u00f3wnie\u017c Katarzyna Niewiadoma (Canyon\/\/SRAM Racing), kt\u00f3ra po raz pierwszy stan\u0119\u0142a na podium Ronde van Vlaanderen.<\/strong><\/p>\n<p>Monument Pary\u017c\u2013Roubaix na pewno nie jest idealnym odwzorowaniem Tour de France, ale dla wielu to ciekawy wycinek trasy najwi\u0119kszego wy\u015bcigu na \u015bwiecie. I w\u0142a\u015bnie tutaj kolarze przygotowuj\u0105 si\u0119 do \u015bcigania drogami Francji, kt\u00f3re w tym roku rozpocznie si\u0119 29 czerwca, a zako\u0144czy 21 lipca.<\/p>\n<p><span style=\"font-size: 18pt;\"><strong>\u201eA\u017c trudno mi w to wszystko uwierzy\u0107\u201d<\/strong><\/span><\/p>\n<p>W zesz\u0142ym roku najlepiej na brukowanej trasie Pary\u017c\u2013Roubaix poradzi\u0142 sobie Mathieu van der Poel, wi\u0119c gdy tylko potwierdzi\u0142 udzia\u0142 w tegorocznym wy\u015bcigu, od razu zosta\u0142 zaliczony do grona faworyt\u00f3w. Niewielu jednak spodziewa\u0142o si\u0119, \u017ce tym razem wygra w takim stylu.<\/p>\n<div class=\"embed-controller-wrapper\">\n<blockquote class=\"twitter-tweet\" data-width=\"500\" data-dnt=\"true\">\n<p lang=\"en\" dir=\"ltr\">\ud83c\udfc6 Back to back win for \ud83c\udf08 <a href=\"https:\/\/twitter.com\/mathieuvdpoel?ref_src=twsrc%5Etfw\">@mathieuvdpoel<\/a>, he is the king of <a href=\"https:\/\/twitter.com\/hashtag\/ParisRoubaix?src=hash&amp;ref_src=twsrc%5Etfw\">#ParisRoubaix<\/a>\ud83d\ude08<\/p>\n<p>\ud83c\udfc6 \ud83c\udf08 <a href=\"https:\/\/twitter.com\/mathieuvdpoel?ref_src=twsrc%5Etfw\">@mathieuvdpoel<\/a> est le roi de Roubaix ! Il conserve son titre ! <a href=\"https:\/\/t.co\/IesrYM2eRW\">pic.twitter.com\/IesrYM2eRW<\/a><\/p>\n<p>&mdash; Paris-Roubaix (@parisroubaix) <a href=\"https:\/\/twitter.com\/parisroubaix\/status\/1776986660284121544?ref_src=twsrc%5Etfw\">April 7, 2024<\/a><\/p><\/blockquote>\n<p><script async data-src=\"https:\/\/platform.twitter.com\/widgets.js\" charset=\"utf-8\"><\/script><\/div>\n<p>\u2013 A\u017c trudno mi w to wszystko uwierzy\u0107. Wraz z zespo\u0142em pojechali\u015bmy jeszcze lepiej ni\u017c rok temu. Jestem dumny z ch\u0142opak\u00f3w, to by\u0142 nasz najlepszy dzie\u0144 w tym sezonie \u2013 cieszy\u0142 si\u0119 na mecie van der Poel.<\/p>\n<p><span style=\"font-size: 18pt;\"><strong>Zwyci\u0119zca w koszulce mistrza \u015bwiata<\/strong><\/span><\/p>\n<p>Lider Alpecin-Deceuninck nie wystraszy\u0142 si\u0119 \u201ePiek\u0142a P\u00f3\u0142nocy\u201d i zaatakowa\u0142 ju\u017c 60 km przed met\u0105! Jecha\u0142 pewnie, nie odwraca\u0142 si\u0119 i do\u015b\u0107 szybko zrozumia\u0142, \u017ce tego dnia b\u0119dzie raczej nie do pokonania.<\/p>\n<p>\u2013 Chcia\u0142em, \u017ceby wy\u015bcig by\u0142 trudny, ale nie planowa\u0142em ataku tak wcze\u015bnie. W naszej grupie nie by\u0142o jednak ch\u0119ci do wsp\u00f3\u0142pracy, wi\u0119c zdecydowa\u0142em si\u0119 na ucieczk\u0119 i w pewnym momencie by\u0142em ju\u017c pewny wygranej. Czu\u0142em, \u017ce dzi\u015b jestem w dobrej dyspozycji \u2013 podkre\u015bla\u0142 van der Poel.<\/p>\n<div class=\"embed-controller-wrapper\">\n<blockquote class=\"twitter-tweet\" data-width=\"500\" data-dnt=\"true\">\n<p lang=\"fr\" dir=\"ltr\">\ud83d\ude08\ud83d\udeb4\ud83c\udffb\u200d\u2642\ufe0f Au terme d&#39;un grand num\u00e9ro en solitaire \ud83c\uddf3\ud83c\uddf1<a href=\"https:\/\/twitter.com\/mathieuvdpoel?ref_src=twsrc%5Etfw\">@mathieuvdpoel<\/a> conserve son titre sur le v\u00e9lodrome de Roubaix. \ud83d\udc51\ud83d\udcaa<\/p>\n<p>\ud83c\udfa5 Voici le r\u00e9sum\u00e9 de <a href=\"https:\/\/twitter.com\/hashtag\/ParisRoubaix?src=hash&amp;ref_src=twsrc%5Etfw\">#ParisRoubaix<\/a> 2024 <a href=\"https:\/\/t.co\/3kq9McYleL\">pic.twitter.com\/3kq9McYleL<\/a><\/p>\n<p>&mdash; Paris-Roubaix (@parisroubaix) <a href=\"https:\/\/twitter.com\/parisroubaix\/status\/1777025756628992102?ref_src=twsrc%5Etfw\">April 7, 2024<\/a><\/p><\/blockquote>\n<p><script async data-src=\"https:\/\/platform.twitter.com\/widgets.js\" charset=\"utf-8\"><\/script><\/div>\n<p>Ostatecznie Holender wy\u015bcig zako\u0144czy\u0142 trzy minuty przed koleg\u0105 z zespo\u0142u Jasperem Philipsenem oraz Madsem Pedersenem (Lidl-Trek).<\/p>\n<p>\u2013 Nie spodziewa\u0142em si\u0119, \u017ce wygram ten wy\u015bcig po raz drugi, cho\u0107 bardzo chcia\u0142em tego dokona\u0107 w\u0142a\u015bnie w koszulce mistrza \u015bwiata \u2013 zaznacza van der Poel.<\/p>\n<div class=\"embed-controller-wrapper\">\n<blockquote class=\"twitter-tweet\" data-width=\"500\" data-dnt=\"true\">\n<p lang=\"nl\" dir=\"ltr\">\ud83c\udf08 Imperial Mathieu van der Poel \ud83c\udf08<a href=\"https:\/\/twitter.com\/hashtag\/ParisRoubaix?src=hash&amp;ref_src=twsrc%5Etfw\">#ParisRoubaix<\/a><\/p>\n<p>\ud83c\udfa8 : <a href=\"https:\/\/twitter.com\/maximelth?ref_src=twsrc%5Etfw\">@maximelth<\/a> <a href=\"https:\/\/t.co\/8LnbV7k7Sc\">pic.twitter.com\/8LnbV7k7Sc<\/a><\/p>\n<p>&mdash; Paris-Roubaix (@parisroubaix) <a href=\"https:\/\/twitter.com\/parisroubaix\/status\/1777071348164010006?ref_src=twsrc%5Etfw\">April 7, 2024<\/a><\/p><\/blockquote>\n<p><script async data-src=\"https:\/\/platform.twitter.com\/widgets.js\" charset=\"utf-8\"><\/script><\/div>\n<p><span style=\"font-size: 18pt;\"><strong>Katarzyna Niewiadoma: Spr\u00f3bowa\u0142am czego\u015b nowego<\/strong><\/span><\/p>\n<p>Wielkie chwile rado\u015bci po raz kolejny prze\u017cywa\u0142a tak\u017ce Katarzyna Niewiadoma. Najlepsza polska zawodniczka powoli przygotowuje si\u0119 do najwa\u017cniejszych dla niej imprez, czyli Tour de France Femmes oraz igrzysk olimpijskich w Pary\u017cu, i ju\u017c teraz prezentuje form\u0119, kt\u00f3ra napawa du\u017cym optymizmem.<\/p>\n<p>Kilka dni temu Polka \u015bwietnie spisa\u0142a si\u0119 podczas Ronde van Vlaanderen, zajmuj\u0105c drugie miejsce za Elis\u0105 Longo Borghini (Lidl-Trek).<\/p>\n<div class=\"embed-controller-wrapper\">\n<blockquote class=\"twitter-tweet\" data-width=\"500\" data-dnt=\"true\">\n<p lang=\"en\" dir=\"ltr\">A special second place to <a href=\"https:\/\/twitter.com\/KNiewiadoma?ref_src=twsrc%5Etfw\">@KNiewiadoma<\/a> at Flanders \ud83d\ude4c\ud83d\ude4c<a href=\"https:\/\/twitter.com\/hashtag\/RVVwomen?src=hash&amp;ref_src=twsrc%5Etfw\">#RVVwomen<\/a> <a href=\"https:\/\/twitter.com\/hashtag\/RVV24?src=hash&amp;ref_src=twsrc%5Etfw\">#RVV24<\/a> <a href=\"https:\/\/twitter.com\/hashtag\/TakeTheLead?src=hash&amp;ref_src=twsrc%5Etfw\">#TakeTheLead<\/a> <a href=\"https:\/\/t.co\/lmbl0nLbAF\">pic.twitter.com\/lmbl0nLbAF<\/a><\/p>\n<p>&mdash; CANYON\/\/SRAM Racing &amp; CANYON\/\/SRAM Generation (@WMNcycling) <a href=\"https:\/\/twitter.com\/WMNcycling\/status\/1774470310768644237?ref_src=twsrc%5Etfw\">March 31, 2024<\/a><\/p><\/blockquote>\n<p><script async data-src=\"https:\/\/platform.twitter.com\/widgets.js\" charset=\"utf-8\"><\/script><\/div>\n<p>\u2013 To by\u0142 ci\u0119\u017cki wy\u015bcig, ale my\u015bl\u0119, \u017ce drugie miejsce jest dobrym prognostykiem przed kolejnymi wy\u015bcigami. Fajnie by\u0142o zostawi\u0107 za sob\u0105 prawie wszystkie zawodniczki. W tym roku spr\u00f3bowa\u0142am czego\u015b nowego: zmniejszy\u0142am liczb\u0119 dni wy\u015bcigowych i skupi\u0142am si\u0119 na obozach wysoko\u015bciowych przed Flandri\u0105 i Ardenami, dlatego jestem zadowolona z obecnej dyspozycji \u2013 podkre\u015bla\u0142a Niewiadoma przed kamerami Eurosportu.<\/p>\n<div class=\"embed-controller-wrapper\">\n<blockquote class=\"twitter-tweet\" data-width=\"500\" data-dnt=\"true\">\n<p lang=\"en\" dir=\"ltr\">A thrilling race with a sensational performance by <a href=\"https:\/\/twitter.com\/KNiewiadoma?ref_src=twsrc%5Etfw\">@KNiewiadoma<\/a>.<br \/>\u201cIt was a brutal day. Second at Flanders, and to be disappointed, who would be?! It shows that my preparation for Flanders worked and how good my shape is.&quot;<\/p>\n<p>More from Kasia: <a href=\"https:\/\/t.co\/BhiHhFsUOD\">https:\/\/t.co\/BhiHhFsUOD<\/a><a href=\"https:\/\/twitter.com\/hashtag\/RVV24?src=hash&amp;ref_src=twsrc%5Etfw\">#RVV24<\/a> <a href=\"https:\/\/twitter.com\/hashtag\/RVVwomen?src=hash&amp;ref_src=twsrc%5Etfw\">#RVVwomen<\/a> <a href=\"https:\/\/t.co\/rXqWB47N7w\">pic.twitter.com\/rXqWB47N7w<\/a><\/p>\n<p>&mdash; CANYON\/\/SRAM Racing &amp; CANYON\/\/SRAM Generation (@WMNcycling) <a href=\"https:\/\/twitter.com\/WMNcycling\/status\/1774723396095394273?ref_src=twsrc%5Etfw\">April 1, 2024<\/a><\/p><\/blockquote>\n<p><script async data-src=\"https:\/\/platform.twitter.com\/widgets.js\" charset=\"utf-8\"><\/script><\/div>\n<p><span data-sheets-value=\"{&quot;1&quot;:2,&quot;2&quot;:&quot;Artyku\u0142 powsta\u0142 we wsp\u00f3\u0142pracy ze skoda-auto.pl&quot;}\" data-sheets-userformat=\"{&quot;2&quot;:1,&quot;3&quot;:{&quot;1&quot;:0}}\" data-sheets-hyperlink=\"http:\/\/www.skoda-auto.pl\/\"><a class=\"in-cell-link\" href=\"http:\/\/www.skoda-auto.pl\/\" target=\"_blank\" rel=\"noopener noreferrer\">Artyku\u0142 powsta\u0142 we wsp\u00f3\u0142pracy ze skoda-auto.pl<\/a><\/span><\/p>\n<p><img decoding=\"async\" src=\"https:\/\/d2p6e6u75xmxt8.cloudfront.net\/5\/2030\/11\/3.webp\" \/><\/p>\n","protected":false},"excerpt":{"rendered":"<p>Mathieu van der Poel (Alpecin-Deceuninck) wygra\u0142 Pary\u017c\u2013Roubaix, czyli rozgrzewk\u0119 przed Tour de France. Tym samym da\u0142 do zrozumienia, \u017ce tegoroczna [&hellip;]<\/p>\n","protected":false},"author":153,"featured_media":14644,"comment_status":"open","ping_status":"open","sticky":false,"template":"","format":"standard","meta":{"footnotes":""},"categories":[6],"tags":[369,151,191,404,423],"global-categories":[303],"class_list":["post-14643","post","type-post","status-publish","format-standard","has-post-thumbnail","hentry","category-kolarstwo-szosowe","tag-kasia-niewiadoma","tag-kolarstwo-szosowe","tag-skoda","tag-skodapolska","tag-wyscigi-szosowe","global-categories-cycling"],"yoast_head":"<!-- This site is optimized with the Yoast SEO Premium plugin v25.3 (Yoast SEO v25.9) - https:\/\/yoast.com\/wordpress\/plugins\/seo\/ -->\n<title>W peletonie robi si\u0119 coraz ciekawiej. Mocny sygna\u0142 od Kasi Niewiadomej - \u0160koda We Love Cycling - Poland<\/title>\n<meta name=\"robots\" content=\"index, follow, max-snippet:-1, max-image-preview:large, max-video-preview:-1\" \/>\n<link rel=\"canonical\" href=\"https:\/\/www.welovecycling.com\/pl\/2024\/04\/09\/w-peletonie-robi-sie-coraz-ciekawiej-mocny-sygnal-od-kasi-niewiadomej\/\" \/>\n<meta property=\"og:locale\" content=\"pl_PL\" \/>\n<meta property=\"og:type\" content=\"article\" \/>\n<meta property=\"og:title\" content=\"W peletonie robi si\u0119 coraz ciekawiej. Mocny sygna\u0142 od Kasi Niewiadomej\" \/>\n<meta property=\"og:description\" content=\"Mathieu van der Poel (Alpecin-Deceuninck) wygra\u0142 Pary\u017c\u2013Roubaix, czyli rozgrzewk\u0119 przed Tour de France. Tym samym da\u0142 do zrozumienia, \u017ce tegoroczna [&hellip;]\" \/>\n<meta property=\"og:url\" content=\"https:\/\/www.welovecycling.com\/pl\/2024\/04\/09\/w-peletonie-robi-sie-coraz-ciekawiej-mocny-sygnal-od-kasi-niewiadomej\/\" \/>\n<meta property=\"og:site_name\" content=\"\u0160koda We Love Cycling - Poland\" \/>\n<meta property=\"article:published_time\" content=\"2024-04-09T11:54:25+00:00\" \/>\n<meta property=\"og:image\" content=\"https:\/\/d2p6e6u75xmxt8.cloudfront.net\/5\/2024\/04\/obraz-2.webp\" \/>\n\t<meta property=\"og:image:width\" content=\"1536\" \/>\n\t<meta property=\"og:image:height\" content=\"1024\" \/>\n\t<meta property=\"og:image:type\" content=\"image\/webp\" \/>\n<meta name=\"author\" content=\"rafal\" \/>\n<meta name=\"twitter:card\" content=\"summary_large_image\" \/>\n<meta name=\"twitter:label1\" content=\"Written by\" \/>\n\t<meta name=\"twitter:data1\" content=\"Piotr Nowik\" \/>\n\t<meta name=\"twitter:label2\" content=\"Est. reading time\" \/>\n\t<meta name=\"twitter:data2\" content=\"3\" \/>\n<script type=\"application\/ld+json\" class=\"yoast-schema-graph\">{\"@context\":\"https:\/\/schema.org\",\"@graph\":[{\"@type\":\"WebPage\",\"@id\":\"https:\/\/www.welovecycling.com\/pl\/2024\/04\/09\/w-peletonie-robi-sie-coraz-ciekawiej-mocny-sygnal-od-kasi-niewiadomej\/\",\"url\":\"https:\/\/www.welovecycling.com\/pl\/2024\/04\/09\/w-peletonie-robi-sie-coraz-ciekawiej-mocny-sygnal-od-kasi-niewiadomej\/\",\"name\":\"W peletonie robi si\u0119 coraz ciekawiej. Mocny sygna\u0142 od Kasi Niewiadomej - \u0160koda We Love Cycling - Poland\",\"isPartOf\":{\"@id\":\"https:\/\/www.welovecycling.com\/pl\/#website\"},\"primaryImageOfPage\":{\"@id\":\"https:\/\/www.welovecycling.com\/pl\/2024\/04\/09\/w-peletonie-robi-sie-coraz-ciekawiej-mocny-sygnal-od-kasi-niewiadomej\/#primaryimage\"},\"image\":{\"@id\":\"https:\/\/www.welovecycling.com\/pl\/2024\/04\/09\/w-peletonie-robi-sie-coraz-ciekawiej-mocny-sygnal-od-kasi-niewiadomej\/#primaryimage\"},\"thumbnailUrl\":\"https:\/\/d2p6e6u75xmxt8.cloudfront.net\/5\/2024\/04\/obraz-2.webp\",\"datePublished\":\"2024-04-09T11:54:25+00:00\",\"author\":{\"@id\":\"https:\/\/www.welovecycling.com\/pl\/#\/schema\/person\/bf06ed916a1ef16618807fb60d2ebe42\"},\"breadcrumb\":{\"@id\":\"https:\/\/www.welovecycling.com\/pl\/2024\/04\/09\/w-peletonie-robi-sie-coraz-ciekawiej-mocny-sygnal-od-kasi-niewiadomej\/#breadcrumb\"},\"inLanguage\":\"pl-PL\",\"potentialAction\":[{\"@type\":\"ReadAction\",\"target\":[\"https:\/\/www.welovecycling.com\/pl\/2024\/04\/09\/w-peletonie-robi-sie-coraz-ciekawiej-mocny-sygnal-od-kasi-niewiadomej\/\"]}]},{\"@type\":\"ImageObject\",\"inLanguage\":\"pl-PL\",\"@id\":\"https:\/\/www.welovecycling.com\/pl\/2024\/04\/09\/w-peletonie-robi-sie-coraz-ciekawiej-mocny-sygnal-od-kasi-niewiadomej\/#primaryimage\",\"url\":\"https:\/\/d2p6e6u75xmxt8.cloudfront.net\/5\/2024\/04\/obraz-2.webp\",\"contentUrl\":\"https:\/\/d2p6e6u75xmxt8.cloudfront.net\/5\/2024\/04\/obraz-2.webp\",\"width\":1536,\"height\":1024},{\"@type\":\"BreadcrumbList\",\"@id\":\"https:\/\/www.welovecycling.com\/pl\/2024\/04\/09\/w-peletonie-robi-sie-coraz-ciekawiej-mocny-sygnal-od-kasi-niewiadomej\/#breadcrumb\",\"itemListElement\":[{\"@type\":\"ListItem\",\"position\":1,\"name\":\"Home\",\"item\":\"https:\/\/www.welovecycling.com\/pl\/\"},{\"@type\":\"ListItem\",\"position\":2,\"name\":\"W peletonie robi si\u0119 coraz ciekawiej. Mocny sygna\u0142 od Kasi Niewiadomej\"}]},{\"@type\":\"WebSite\",\"@id\":\"https:\/\/www.welovecycling.com\/pl\/#website\",\"url\":\"https:\/\/www.welovecycling.com\/pl\/\",\"name\":\"\u0160koda We Love Cycling - Poland\",\"description\":\"\",\"potentialAction\":[{\"@type\":\"SearchAction\",\"target\":{\"@type\":\"EntryPoint\",\"urlTemplate\":\"https:\/\/www.welovecycling.com\/pl\/?s={search_term_string}\"},\"query-input\":{\"@type\":\"PropertyValueSpecification\",\"valueRequired\":true,\"valueName\":\"search_term_string\"}}],\"inLanguage\":\"pl-PL\"},{\"@type\":\"Person\",\"@id\":\"https:\/\/www.welovecycling.com\/pl\/#\/schema\/person\/bf06ed916a1ef16618807fb60d2ebe42\",\"name\":\"rafal\",\"image\":{\"@type\":\"ImageObject\",\"inLanguage\":\"pl-PL\",\"@id\":\"https:\/\/www.welovecycling.com\/pl\/#\/schema\/person\/image\/\",\"url\":\"https:\/\/secure.gravatar.com\/avatar\/203f240e63bee214f6f3a0dacbeb600c7829c09716c2b9ee3230c6961debcde2?s=96&d=mm&r=g\",\"contentUrl\":\"https:\/\/secure.gravatar.com\/avatar\/203f240e63bee214f6f3a0dacbeb600c7829c09716c2b9ee3230c6961debcde2?s=96&d=mm&r=g\",\"caption\":\"rafal\"},\"url\":\"https:\/\/www.welovecycling.com\/pl\/author\/rafal\/\"}]}<\/script>\n<!-- \/ Yoast SEO Premium plugin. -->","yoast_head_json":{"title":"W peletonie robi si\u0119 coraz ciekawiej. Mocny sygna\u0142 od Kasi Niewiadomej - \u0160koda We Love Cycling - Poland","robots":{"index":"index","follow":"follow","max-snippet":"max-snippet:-1","max-image-preview":"max-image-preview:large","max-video-preview":"max-video-preview:-1"},"canonical":"https:\/\/www.welovecycling.com\/pl\/2024\/04\/09\/w-peletonie-robi-sie-coraz-ciekawiej-mocny-sygnal-od-kasi-niewiadomej\/","og_locale":"pl_PL","og_type":"article","og_title":"W peletonie robi si\u0119 coraz ciekawiej. Mocny sygna\u0142 od Kasi Niewiadomej","og_description":"Mathieu van der Poel (Alpecin-Deceuninck) wygra\u0142 Pary\u017c\u2013Roubaix, czyli rozgrzewk\u0119 przed Tour de France. Tym samym da\u0142 do zrozumienia, \u017ce tegoroczna [&hellip;]","og_url":"https:\/\/www.welovecycling.com\/pl\/2024\/04\/09\/w-peletonie-robi-sie-coraz-ciekawiej-mocny-sygnal-od-kasi-niewiadomej\/","og_site_name":"\u0160koda We Love Cycling - Poland","article_published_time":"2024-04-09T11:54:25+00:00","og_image":[{"width":1536,"height":1024,"url":"https:\/\/d2p6e6u75xmxt8.cloudfront.net\/5\/2024\/04\/obraz-2.webp","type":"image\/webp"}],"author":"rafal","twitter_card":"summary_large_image","twitter_misc":{"Written by":"Piotr Nowik","Est. reading time":"3"},"schema":{"@context":"https:\/\/schema.org","@graph":[{"@type":"WebPage","@id":"https:\/\/www.welovecycling.com\/pl\/2024\/04\/09\/w-peletonie-robi-sie-coraz-ciekawiej-mocny-sygnal-od-kasi-niewiadomej\/","url":"https:\/\/www.welovecycling.com\/pl\/2024\/04\/09\/w-peletonie-robi-sie-coraz-ciekawiej-mocny-sygnal-od-kasi-niewiadomej\/","name":"W peletonie robi si\u0119 coraz ciekawiej. Mocny sygna\u0142 od Kasi Niewiadomej - \u0160koda We Love Cycling - Poland","isPartOf":{"@id":"https:\/\/www.welovecycling.com\/pl\/#website"},"primaryImageOfPage":{"@id":"https:\/\/www.welovecycling.com\/pl\/2024\/04\/09\/w-peletonie-robi-sie-coraz-ciekawiej-mocny-sygnal-od-kasi-niewiadomej\/#primaryimage"},"image":{"@id":"https:\/\/www.welovecycling.com\/pl\/2024\/04\/09\/w-peletonie-robi-sie-coraz-ciekawiej-mocny-sygnal-od-kasi-niewiadomej\/#primaryimage"},"thumbnailUrl":"https:\/\/d2p6e6u75xmxt8.cloudfront.net\/5\/2024\/04\/obraz-2.webp","datePublished":"2024-04-09T11:54:25+00:00","author":{"@id":"https:\/\/www.welovecycling.com\/pl\/#\/schema\/person\/bf06ed916a1ef16618807fb60d2ebe42"},"breadcrumb":{"@id":"https:\/\/www.welovecycling.com\/pl\/2024\/04\/09\/w-peletonie-robi-sie-coraz-ciekawiej-mocny-sygnal-od-kasi-niewiadomej\/#breadcrumb"},"inLanguage":"pl-PL","potentialAction":[{"@type":"ReadAction","target":["https:\/\/www.welovecycling.com\/pl\/2024\/04\/09\/w-peletonie-robi-sie-coraz-ciekawiej-mocny-sygnal-od-kasi-niewiadomej\/"]}]},{"@type":"ImageObject","inLanguage":"pl-PL","@id":"https:\/\/www.welovecycling.com\/pl\/2024\/04\/09\/w-peletonie-robi-sie-coraz-ciekawiej-mocny-sygnal-od-kasi-niewiadomej\/#primaryimage","url":"https:\/\/d2p6e6u75xmxt8.cloudfront.net\/5\/2024\/04\/obraz-2.webp","contentUrl":"https:\/\/d2p6e6u75xmxt8.cloudfront.net\/5\/2024\/04\/obraz-2.webp","width":1536,"height":1024},{"@type":"BreadcrumbList","@id":"https:\/\/www.welovecycling.com\/pl\/2024\/04\/09\/w-peletonie-robi-sie-coraz-ciekawiej-mocny-sygnal-od-kasi-niewiadomej\/#breadcrumb","itemListElement":[{"@type":"ListItem","position":1,"name":"Home","item":"https:\/\/www.welovecycling.com\/pl\/"},{"@type":"ListItem","position":2,"name":"W peletonie robi si\u0119 coraz ciekawiej. Mocny sygna\u0142 od Kasi Niewiadomej"}]},{"@type":"WebSite","@id":"https:\/\/www.welovecycling.com\/pl\/#website","url":"https:\/\/www.welovecycling.com\/pl\/","name":"\u0160koda We Love Cycling - Poland","description":"","potentialAction":[{"@type":"SearchAction","target":{"@type":"EntryPoint","urlTemplate":"https:\/\/www.welovecycling.com\/pl\/?s={search_term_string}"},"query-input":{"@type":"PropertyValueSpecification","valueRequired":true,"valueName":"search_term_string"}}],"inLanguage":"pl-PL"},{"@type":"Person","@id":"https:\/\/www.welovecycling.com\/pl\/#\/schema\/person\/bf06ed916a1ef16618807fb60d2ebe42","name":"rafal","image":{"@type":"ImageObject","inLanguage":"pl-PL","@id":"https:\/\/www.welovecycling.com\/pl\/#\/schema\/person\/image\/","url":"https:\/\/secure.gravatar.com\/avatar\/203f240e63bee214f6f3a0dacbeb600c7829c09716c2b9ee3230c6961debcde2?s=96&d=mm&r=g","contentUrl":"https:\/\/secure.gravatar.com\/avatar\/203f240e63bee214f6f3a0dacbeb600c7829c09716c2b9ee3230c6961debcde2?s=96&d=mm&r=g","caption":"rafal"},"url":"https:\/\/www.welovecycling.com\/pl\/author\/rafal\/"}]}},"_links":{"self":[{"href":"https:\/\/www.welovecycling.com\/pl\/wp-json\/wp\/v2\/posts\/14643","targetHints":{"allow":["GET"]}}],"collection":[{"href":"https:\/\/www.welovecycling.com\/pl\/wp-json\/wp\/v2\/posts"}],"about":[{"href":"https:\/\/www.welovecycling.com\/pl\/wp-json\/wp\/v2\/types\/post"}],"author":[{"embeddable":true,"href":"https:\/\/www.welovecycling.com\/pl\/wp-json\/wp\/v2\/users\/153"}],"replies":[{"embeddable":true,"href":"https:\/\/www.welovecycling.com\/pl\/wp-json\/wp\/v2\/comments?post=14643"}],"version-history":[{"count":1,"href":"https:\/\/www.welovecycling.com\/pl\/wp-json\/wp\/v2\/posts\/14643\/revisions"}],"predecessor-version":[{"id":14645,"href":"https:\/\/www.welovecycling.com\/pl\/wp-json\/wp\/v2\/posts\/14643\/revisions\/14645"}],"wp:featuredmedia":[{"embeddable":true,"href":"https:\/\/www.welovecycling.com\/pl\/wp-json\/wp\/v2\/media\/14644"}],"wp:attachment":[{"href":"https:\/\/www.welovecycling.com\/pl\/wp-json\/wp\/v2\/media?parent=14643"}],"wp:term":[{"taxonomy":"category","embeddable":true,"href":"https:\/\/www.welovecycling.com\/pl\/wp-json\/wp\/v2\/categories?post=14643"},{"taxonomy":"post_tag","embeddable":true,"href":"https:\/\/www.welovecycling.com\/pl\/wp-json\/wp\/v2\/tags?post=14643"},{"taxonomy":"global-categories","embeddable":true,"href":"https:\/\/www.welovecycling.com\/pl\/wp-json\/wp\/v2\/global-categories?post=14643"}],"curies":[{"name":"wp","href":"https:\/\/api.w.org\/{rel}","templated":true}]}}