{"id":14629,"date":"2024-04-05T07:18:41","date_gmt":"2024-04-05T07:18:41","guid":{"rendered":"https:\/\/www.welovecycling.com\/pl\/?p=14629"},"modified":"2024-04-05T07:18:41","modified_gmt":"2024-04-05T07:18:41","slug":"trendy-w-odziezy-rowerowej-w-2024-roku","status":"publish","type":"post","link":"https:\/\/www.welovecycling.com\/pl\/2024\/04\/05\/trendy-w-odziezy-rowerowej-w-2024-roku\/","title":{"rendered":"Trendy w odzie\u017cy rowerowej w 2024 roku"},"content":{"rendered":"<p><b><span data-contrast=\"auto\">Odzie\u017c zmniejszaj\u0105ca op\u00f3r powietrza, str\u00f3j chroni\u0105cy przed promieniowaniem UV, para eleganckich d\u017cins\u00f3w kolarskich idealnych na\u202fspotkanie biznesowe organizowane tu\u017c po wycieczce rowerowej \u2013 w tym roku kolarze i kolarki b\u0119d\u0105 mogli znale\u017a\u0107 dla siebie wiele nowo\u015bci, kt\u00f3re sprawi\u0105, \u017ce jazda stanie si\u0119 jeszcze szybsza i jeszcze wygodniejsza. Poni\u017cej przedstawiamy tegoroczne nowinki w\u202fodzie\u017cy rowerowej.<\/span><\/b><span data-ccp-props=\"{&quot;201341983&quot;:0,&quot;335559739&quot;:160,&quot;335559740&quot;:259}\">\u00a0<\/span><\/p>\n<p><b><span data-contrast=\"auto\">Odzie\u017c aerodynamiczna<\/span><\/b><br \/>\n<span data-contrast=\"auto\">Nowoczesna odzie\u017c rowerowa nie s\u0142u\u017cy ju\u017c tylko poprawie komfortu jazdy, ale mo\u017ce r\u00f3wnie\u017c pom\u00f3c osi\u0105gn\u0105\u0107 wi\u0119ksz\u0105 szybko\u015b\u0107. Dopasowane koszulki kolarskie z\u202fminimaln\u0105 liczb\u0105 szw\u00f3w i cie\u0144sze spodenki zmniejszaj\u0105 op\u00f3r powietrza i\u202fzwi\u0119kszaj\u0105 osi\u0105gi. Coraz wi\u0119cej rowerzystek i rowerzyst\u00f3w nosi te\u017c dodatkow\u0105, spodni\u0105 warstw\u0119 odzie\u017cy o nietypowej strukturze. Ponadto rowerzystki nieraz decyduj\u0105 si\u0119 np. na aerodynamiczne staniki. Dla niewtajemniczonych trend ten mo\u017ce wydawa\u0107 si\u0119 nieco dziwny, ale w rzeczywisto\u015bci ma bardzo rozs\u0105dne uzasadnienie: nadawanie ubraniom charakterystycznej tekstury zmienia warstw\u0119 graniczn\u0105 przep\u0142ywu aerodynamicznego z g\u0142adkiej i\u202flaminarnej na turbulentn\u0105.<\/span><span data-ccp-props=\"{&quot;201341983&quot;:0,&quot;335559739&quot;:160,&quot;335559740&quot;:259}\">\u00a0<\/span><\/p>\n<p><span data-contrast=\"auto\">Dzi\u0119ki temu rozwi\u0105zaniu warstwa graniczna przep\u0142ywu powietrza d\u0142u\u017cej przylega do powierzchni (w tym przypadku do ramion). W rezultacie fala za\u202fdanym obiektem utrzymuje si\u0119 na ni\u017cszym poziomie, co minimalizuje op\u00f3r. Niekt\u00f3re w\u0142a\u015bciwo\u015bci aerodynamiczne odzie\u017cy maj\u0105 tak du\u017cy wp\u0142yw na jazd\u0119, \u017ce\u202f<\/span><a href=\"http:\/\/about:blank\/#?s_aid=fb8d7c2e-c920-4536-bda4-7fb553fe5b6c_004_1\"><span data-contrast=\"none\">Mi\u0119dzynarodowa Unia Kolarska (UCI)<\/span><\/a><span data-contrast=\"auto\"> d\u0105\u017cy do ich ca\u0142kowitego zakazania. Nie powinno to jednak powstrzymywa\u0107 firm przed oferowaniem takich innowacji osobom je\u017cd\u017c\u0105cym amatorsko.<\/span><span data-ccp-props=\"{&quot;201341983&quot;:0,&quot;335559739&quot;:160,&quot;335559740&quot;:259}\">\u00a0<\/span><\/p>\n<p><b><span data-contrast=\"auto\">Ochrona UV<\/span><\/b><span data-ccp-props=\"{&quot;201341983&quot;:0,&quot;335559739&quot;:160,&quot;335559740&quot;:259}\">\u00a0<\/span><\/p>\n<figure id=\"attachment_14632\" aria-describedby=\"caption-attachment-14632\" style=\"width: 439px\" class=\"wp-caption alignnone\"><a href=\"https:\/\/d2p6e6u75xmxt8.cloudfront.net\/5\/2024\/04\/MicrosoftTeams-image-37.webp\"><img loading=\"lazy\" decoding=\"async\" class=\"wp-image-14632\" src=\"https:\/\/d2p6e6u75xmxt8.cloudfront.net\/5\/2024\/04\/MicrosoftTeams-image-37.webp\" alt=\"\" width=\"439\" height=\"439\" srcset=\"https:\/\/d2p6e6u75xmxt8.cloudfront.net\/5\/2024\/04\/MicrosoftTeams-image-37.webp 1000w, https:\/\/d2p6e6u75xmxt8.cloudfront.net\/5\/2024\/04\/MicrosoftTeams-image-37-300x300.webp 300w, https:\/\/d2p6e6u75xmxt8.cloudfront.net\/5\/2024\/04\/MicrosoftTeams-image-37-150x150.webp 150w, https:\/\/d2p6e6u75xmxt8.cloudfront.net\/5\/2024\/04\/MicrosoftTeams-image-37-768x768.webp 768w, https:\/\/d2p6e6u75xmxt8.cloudfront.net\/5\/2024\/04\/MicrosoftTeams-image-37-400x400.webp 400w\" sizes=\"auto, (max-width: 439px) 100vw, 439px\" \/><\/a><figcaption id=\"caption-attachment-14632\" class=\"wp-caption-text\">Ochraniacze na \u0142okcie Summit \u2013 PEARL iZUMi<\/figcaption><\/figure>\n<p><span data-contrast=\"auto\">Rowerzy\u015bci sp\u0119dzaj\u0105 wiele godzin na s\u0142o\u0144cu. Nic wi\u0119c dziwnego, \u017ce\u202fproducenci odzie\u017cy coraz wi\u0119ksz\u0105 wag\u0119 przyk\u0142adaj\u0105 do ochrony sk\u00f3ry przed promieniowaniem UV. Stopie\u0144 takiej ochrony mo\u017cna stwierdzi\u0107 na\u202fpodstawie warto\u015bci UPF podanej przez producenta, okre\u015blaj\u0105cej skuteczno\u015b\u0107 danego materia\u0142u. Najwy\u017cszym dost\u0119pnym poziomem jest UPF50+. Ten rodzaj odzie\u017cy bazuje na specjalnych tkaninach zawieraj\u0105cych \u015brodki, kt\u00f3re zapewniaj\u0105 ochron\u0119 przed promieniowaniem UV, dzi\u0119ki czemu szkodliwe promienie nie przenikaj\u0105 przez materia\u0142 i\u202fnie\u202fdocieraj\u0105 do sk\u00f3ry. Przynosi to korzy\u015bci nie tylko dla zdrowia, ale tak\u017ce pozytywnie wp\u0142ywa na wydajno\u015b\u0107 podczas jazdy, poniewa\u017c odzie\u017c o wysokim poziomie ochrony zapobiega r\u00f3wnie\u017c przegrzaniu.<\/span><span data-ccp-props=\"{&quot;201341983&quot;:0,&quot;335559739&quot;:160,&quot;335559740&quot;:259}\">\u00a0<\/span><\/p>\n<p><b><span data-contrast=\"auto\">Moda rowerowa dla mieszka\u0144c\u00f3w miast<\/span><\/b><span data-ccp-props=\"{&quot;201341983&quot;:0,&quot;335559739&quot;:160,&quot;335559740&quot;:259}\">\u00a0<\/span><\/p>\n<p><span data-contrast=\"auto\">Wraz z rosn\u0105c\u0105 popularno\u015bci\u0105 roweru, kt\u00f3ry staje si\u0119 jednym z filar\u00f3w miejskiej mobilno\u015bci, na znaczeniu zyskuj\u0105 r\u00f3wnie\u017c trendy modowe zwi\u0105zane z jazd\u0105 w mie\u015bcie. Widoczny jest zw\u0142aszcza trend w kierunku casualowej odzie\u017cy rowerowej przeznaczonej do noszenia na co dzie\u0144 \u2013\u202fzar\u00f3wno na rowerze, jak i po dotarciu na miejsce przeznaczenia. Producenci wprowadzaj\u0105 na\u202frynek ubrania, kt\u00f3re nie r\u00f3\u017cni\u0105 si\u0119 od zwyk\u0142ej, codziennej odzie\u017cy, ale\u202fzapewniaj\u0105 taki sam komfort jazdy jak tradycyjny str\u00f3j na rower. W\u202fd\u017cinsach kolarskich mo\u017cna i\u015b\u0107 do biura od razu po zako\u0144czeniu jazdy. Dost\u0119pne s\u0105 r\u00f3wnie\u017c casualowe koszulki rowerowe z dyskretnymi elementami odblaskowymi.<\/span><span data-ccp-props=\"{&quot;201341983&quot;:0,&quot;335559739&quot;:160,&quot;335559740&quot;:259}\">\u00a0<\/span><\/p>\n<figure id=\"attachment_14631\" aria-describedby=\"caption-attachment-14631\" style=\"width: 582px\" class=\"wp-caption alignnone\"><a href=\"https:\/\/d2p6e6u75xmxt8.cloudfront.net\/5\/2024\/04\/MicrosoftTeams-image-38.webp\"><img loading=\"lazy\" decoding=\"async\" class=\"wp-image-14631\" src=\"https:\/\/d2p6e6u75xmxt8.cloudfront.net\/5\/2024\/04\/MicrosoftTeams-image-38.webp\" alt=\"\" width=\"582\" height=\"388\" srcset=\"https:\/\/d2p6e6u75xmxt8.cloudfront.net\/5\/2024\/04\/MicrosoftTeams-image-38.webp 990w, https:\/\/d2p6e6u75xmxt8.cloudfront.net\/5\/2024\/04\/MicrosoftTeams-image-38-300x200.webp 300w, https:\/\/d2p6e6u75xmxt8.cloudfront.net\/5\/2024\/04\/MicrosoftTeams-image-38-768x512.webp 768w, https:\/\/d2p6e6u75xmxt8.cloudfront.net\/5\/2024\/04\/MicrosoftTeams-image-38-400x267.webp 400w, https:\/\/d2p6e6u75xmxt8.cloudfront.net\/5\/2024\/04\/MicrosoftTeams-image-38-272x182.webp 272w\" sizes=\"auto, (max-width: 582px) 100vw, 582px\" \/><\/a><figcaption id=\"caption-attachment-14631\" class=\"wp-caption-text\">D\u017cinsy Indigo Denim Gravel \u2013 Osloh<\/figcaption><\/figure>\n<p><span data-contrast=\"auto\">Odzie\u017c rowerowa o w\u0142a\u015bciwo\u015bciach szybkoschn\u0105cych i hamuj\u0105cych powstawanie nieprzyjemnych zapach\u00f3w zapewnia rowerzystom \u015bwie\u017co\u015b\u0107 i\u202fwygod\u0119 nawet po pokonaniu d\u0142ugiej trasy. Wiele marek oferuje ukryte funkcje \u2013 na przyk\u0142ad odpinane r\u0119kawy lub wyjmowane wk\u0142adki \u2013 dzi\u0119ki kt\u00f3rym mo\u017cna wybra\u0107 si\u0119 na obiad lub kolacj\u0119 z przyjaci\u00f3\u0142mi zaraz po dojechaniu na miejsce, a przy tym unikn\u0105\u0107 poczucia, \u017ce str\u00f3j jest nie na miejscu lub ma zanadto sportowy charakter.<\/span><span data-ccp-props=\"{&quot;201341983&quot;:0,&quot;335559739&quot;:160,&quot;335559740&quot;:259}\">\u00a0<\/span><\/p>\n<p><b><span data-contrast=\"auto\">Artystyczne wzory, wyraziste barwy<\/span><\/b><span data-ccp-props=\"{&quot;201341983&quot;:0,&quot;335559739&quot;:160,&quot;335559740&quot;:259}\">\u00a0<\/span><\/p>\n<p><span data-contrast=\"auto\">W ostatnich latach projektanci stawiali na zachowawcze odcienie \u2013 przewa\u017cnie prezentowali ubrania w ziemistych lub pastelowych kolorach. Wszystko wskazuje na to, \u017ce w 2024 roku trendy p\u00f3jd\u0105 w odwrotnym kierunku \u2013 w nadchodz\u0105cym sezonie \u015bmia\u0142o b\u0119dzie mo\u017cna je\u017adzi\u0107 w neonowym r\u00f3\u017cu, w\u015bciek\u0142ej zieleni albo fluorescencyjnej \u017c\u00f3\u0142ci. Nie\u202fzabraknie akcent\u00f3w kolorystycznych rodem z lat 80. i innych zaskakuj\u0105cych element\u00f3w. Ubrania w jaskrawych barwach nie tylko zapewniaj\u0105 walory estetyczne, ale r\u00f3wnie\u017c zwi\u0119kszaj\u0105 bezpiecze\u0144stwo na\u202fdrodze, poniewa\u017c s\u0105 znacznie lepiej widoczne ni\u017c tradycyjna stonowana odzie\u017c. Projektanci zachwycaj\u0105 r\u00f3wnie\u017c abstrakcyjnymi nadrukami, geometrycznymi wzorami i motywami inspirowanymi natur\u0105.<\/span><span data-ccp-props=\"{&quot;201341983&quot;:0,&quot;335559739&quot;:160,&quot;335559740&quot;:259}\">\u00a0<\/span><\/p>\n<figure id=\"attachment_14630\" aria-describedby=\"caption-attachment-14630\" style=\"width: 421px\" class=\"wp-caption alignnone\"><a href=\"https:\/\/d2p6e6u75xmxt8.cloudfront.net\/5\/2024\/04\/MicrosoftTeams-image-39.webp\"><img loading=\"lazy\" decoding=\"async\" class=\"wp-image-14630\" src=\"https:\/\/d2p6e6u75xmxt8.cloudfront.net\/5\/2024\/04\/MicrosoftTeams-image-39.webp\" alt=\"\" width=\"421\" height=\"562\" srcset=\"https:\/\/d2p6e6u75xmxt8.cloudfront.net\/5\/2024\/04\/MicrosoftTeams-image-39.webp 500w, https:\/\/d2p6e6u75xmxt8.cloudfront.net\/5\/2024\/04\/MicrosoftTeams-image-39-225x300.webp 225w, https:\/\/d2p6e6u75xmxt8.cloudfront.net\/5\/2024\/04\/MicrosoftTeams-image-39-300x400.webp 300w\" sizes=\"auto, (max-width: 421px) 100vw, 421px\" \/><\/a><figcaption id=\"caption-attachment-14630\" class=\"wp-caption-text\">Koszulka m\u0119ska Tijuana \u2013 Cycology<\/figcaption><\/figure>\n<p><b><span data-contrast=\"auto\">Zr\u00f3wnowa\u017cona moda i ekologiczne materia\u0142y<\/span><\/b><span data-ccp-props=\"{&quot;201341983&quot;:0,&quot;335559739&quot;:160,&quot;335559740&quot;:259}\">\u00a0<\/span><\/p>\n<p><span data-contrast=\"auto\">Coraz wi\u0119cej rowerzyst\u00f3w wybiera odzie\u017c zgodn\u0105 ze swoimi warto\u015bciami etycznymi. Wraz ze wzrostem znaczenia zr\u00f3wnowa\u017conego rozwoju na ca\u0142ym \u015bwiecie ekologiczne materia\u0142y (takie jak bambus i we\u0142na) zyskuj\u0105 na\u202fpopularno\u015bci r\u00f3wnie\u017c w modzie rowerowej. Czo\u0142owe marki produkuj\u0105 odzie\u017c z\u202ftkanin pochodz\u0105cych z recyklingu i materia\u0142\u00f3w organicznych, kt\u00f3re zmniejszaj\u0105 negatywny wp\u0142yw na \u015brodowisko. Najbardziej wymagaj\u0105cy konsumenci podejmuj\u0105 decyzje nie tylko na podstawie materia\u0142\u00f3w wykorzystywanych przez marki, ale tak\u017ce tego,\u202fczy\u202fprzestrzegaj\u0105 one etycznych praktyk produkcyjnych i czy prowadz\u0105 dokumentacj\u0119 \u0142a\u0144cucha dostaw. Kupuj\u0105c ubrania od firm dzia\u0142aj\u0105cych w spos\u00f3b etyczny, rowerzy\u015bci mog\u0105 nie tylko wygl\u0105da\u0107 stylowo, ale tak\u017ce pozytywnie wp\u0142ywa\u0107 na rozw\u00f3j trend\u00f3w w kierunku ekologicznej odzie\u017cy w ca\u0142ej bran\u017cy modowej.<\/span><span data-ccp-props=\"{&quot;201341983&quot;:0,&quot;335559739&quot;:160,&quot;335559740&quot;:259}\">\u00a0<\/span><\/p>\n<p><b><span data-contrast=\"auto\">Po\u0142\u0105czenie nowoczesnych element\u00f3w z akcentami w stylu retro<\/span><\/b><span data-ccp-props=\"{&quot;201341983&quot;:0,&quot;335559739&quot;:160,&quot;335559740&quot;:259}\">\u00a0<\/span><\/p>\n<p><span data-contrast=\"auto\">W 2024 roku elementy retro b\u0119d\u0105 przenika\u0107 do modowych trend\u00f3w, zapewniaj\u0105c nutk\u0119 nostalgii mi\u0142o\u015bnikom klasycznych wy\u015bcig\u00f3w rowerowych. Inspirowane histori\u0105 koszulki i czapki rowerowe nawi\u0105zuj\u0105 do z\u0142otej ery kolarstwa i oddaj\u0105 ho\u0142d bogatej historii tego sportu. Rowerzy\u015bci mog\u0105 zdecydowa\u0107 si\u0119 na klasyczne we\u0142niane koszulki lub nowoczesne projekty z\u202fmotywami w stylu retro, aby uzyska\u0107 ponadczasowy i wyrafinowany look. Po\u0142\u0105czenie nowoczesno\u015bci i klasyki oferuje amatorom dw\u00f3ch k\u00f3\u0142ek mo\u017cliwo\u015b\u0107 jednoczesnego obcowania z dziedzictwem tej dyscypliny i czerpania korzy\u015bci z noszenia najnowocze\u015bniejszej odzie\u017cy sportowej.<\/span><span data-ccp-props=\"{&quot;201341983&quot;:0,&quot;335559739&quot;:160,&quot;335559740&quot;:259}\">\u00a0<\/span><\/p>\n<p><span data-sheets-value=\"{&quot;1&quot;:2,&quot;2&quot;:&quot;Artyku\u0142 powsta\u0142 we wsp\u00f3\u0142pracy ze skoda-auto.pl&quot;}\" data-sheets-userformat=\"{&quot;2&quot;:1,&quot;3&quot;:{&quot;1&quot;:0}}\" data-sheets-hyperlink=\"http:\/\/www.skoda-auto.pl\/\"><a class=\"in-cell-link\" href=\"http:\/\/www.skoda-auto.pl\/\" target=\"_blank\" rel=\"noopener noreferrer\">Artyku\u0142 powsta\u0142 we wsp\u00f3\u0142pracy ze skoda-auto.pl<\/a><\/span><\/p>\n<p><a href=\"https:\/\/d2p6e6u75xmxt8.cloudfront.net\/5\/2030\/11\/1.webp\"><img loading=\"lazy\" decoding=\"async\" class=\"size-full wp-image-13777 aligncenter\" src=\"https:\/\/d2p6e6u75xmxt8.cloudfront.net\/5\/2030\/11\/1.webp\" alt=\"\" width=\"640\" height=\"350\" srcset=\"https:\/\/d2p6e6u75xmxt8.cloudfront.net\/5\/2030\/11\/1.webp 640w, https:\/\/d2p6e6u75xmxt8.cloudfront.net\/5\/2030\/11\/1-300x164.webp 300w, https:\/\/d2p6e6u75xmxt8.cloudfront.net\/5\/2030\/11\/1-400x219.webp 400w\" sizes=\"auto, (max-width: 640px) 100vw, 640px\" \/><\/a><\/p>\n","protected":false},"excerpt":{"rendered":"<p>Odzie\u017c zmniejszaj\u0105ca op\u00f3r powietrza, str\u00f3j chroni\u0105cy przed promieniowaniem UV, para eleganckich d\u017cins\u00f3w kolarskich idealnych na\u202fspotkanie biznesowe organizowane tu\u017c po wycieczce [&hellip;]<\/p>\n","protected":false},"author":153,"featured_media":14633,"comment_status":"open","ping_status":"open","sticky":false,"template":"","format":"standard","meta":{"footnotes":""},"categories":[371],"tags":[382,405,207,431],"global-categories":[303],"class_list":["post-14629","post","type-post","status-publish","format-standard","has-post-thumbnail","hentry","category-kultura-i-zycie-spoleczne","tag-jazda-na-rowerze","tag-rower","tag-rowerowe-porady","tag-ubrania-na-rower","global-categories-cycling"],"yoast_head":"<!-- This site is optimized with the Yoast SEO Premium plugin v25.3 (Yoast SEO v25.9) - https:\/\/yoast.com\/wordpress\/plugins\/seo\/ -->\n<title>Trendy w odzie\u017cy rowerowej w 2024 roku - \u0160koda We Love Cycling - Poland<\/title>\n<meta name=\"robots\" content=\"index, follow, max-snippet:-1, max-image-preview:large, max-video-preview:-1\" \/>\n<link rel=\"canonical\" href=\"https:\/\/www.welovecycling.com\/pl\/2024\/04\/05\/trendy-w-odziezy-rowerowej-w-2024-roku\/\" \/>\n<meta property=\"og:locale\" content=\"pl_PL\" \/>\n<meta property=\"og:type\" content=\"article\" \/>\n<meta property=\"og:title\" content=\"Trendy w odzie\u017cy rowerowej w 2024 roku\" \/>\n<meta property=\"og:description\" content=\"Odzie\u017c zmniejszaj\u0105ca op\u00f3r powietrza, str\u00f3j chroni\u0105cy przed promieniowaniem UV, para eleganckich d\u017cins\u00f3w kolarskich idealnych na\u202fspotkanie biznesowe organizowane tu\u017c po wycieczce [&hellip;]\" \/>\n<meta property=\"og:url\" content=\"https:\/\/www.welovecycling.com\/pl\/2024\/04\/05\/trendy-w-odziezy-rowerowej-w-2024-roku\/\" \/>\n<meta property=\"og:site_name\" content=\"\u0160koda We Love Cycling - Poland\" \/>\n<meta property=\"article:published_time\" content=\"2024-04-05T07:18:41+00:00\" \/>\n<meta property=\"og:image\" content=\"https:\/\/d2p6e6u75xmxt8.cloudfront.net\/5\/2024\/04\/MicrosoftTeams-image-36.webp\" \/>\n\t<meta property=\"og:image:width\" content=\"990\" \/>\n\t<meta property=\"og:image:height\" content=\"660\" \/>\n\t<meta property=\"og:image:type\" content=\"image\/webp\" \/>\n<meta name=\"author\" content=\"rafal\" \/>\n<meta name=\"twitter:card\" content=\"summary_large_image\" \/>\n<meta name=\"twitter:label1\" content=\"Written by\" \/>\n\t<meta name=\"twitter:data1\" content=\"Adam Marsal\" \/>\n\t<meta name=\"twitter:label2\" content=\"Est. reading time\" \/>\n\t<meta name=\"twitter:data2\" content=\"4\" \/>\n<script type=\"application\/ld+json\" class=\"yoast-schema-graph\">{\"@context\":\"https:\/\/schema.org\",\"@graph\":[{\"@type\":\"WebPage\",\"@id\":\"https:\/\/www.welovecycling.com\/pl\/2024\/04\/05\/trendy-w-odziezy-rowerowej-w-2024-roku\/\",\"url\":\"https:\/\/www.welovecycling.com\/pl\/2024\/04\/05\/trendy-w-odziezy-rowerowej-w-2024-roku\/\",\"name\":\"Trendy w odzie\u017cy rowerowej w 2024 roku - \u0160koda We Love Cycling - Poland\",\"isPartOf\":{\"@id\":\"https:\/\/www.welovecycling.com\/pl\/#website\"},\"primaryImageOfPage\":{\"@id\":\"https:\/\/www.welovecycling.com\/pl\/2024\/04\/05\/trendy-w-odziezy-rowerowej-w-2024-roku\/#primaryimage\"},\"image\":{\"@id\":\"https:\/\/www.welovecycling.com\/pl\/2024\/04\/05\/trendy-w-odziezy-rowerowej-w-2024-roku\/#primaryimage\"},\"thumbnailUrl\":\"https:\/\/d2p6e6u75xmxt8.cloudfront.net\/5\/2024\/04\/MicrosoftTeams-image-36.webp\",\"datePublished\":\"2024-04-05T07:18:41+00:00\",\"author\":{\"@id\":\"https:\/\/www.welovecycling.com\/pl\/#\/schema\/person\/bf06ed916a1ef16618807fb60d2ebe42\"},\"breadcrumb\":{\"@id\":\"https:\/\/www.welovecycling.com\/pl\/2024\/04\/05\/trendy-w-odziezy-rowerowej-w-2024-roku\/#breadcrumb\"},\"inLanguage\":\"pl-PL\",\"potentialAction\":[{\"@type\":\"ReadAction\",\"target\":[\"https:\/\/www.welovecycling.com\/pl\/2024\/04\/05\/trendy-w-odziezy-rowerowej-w-2024-roku\/\"]}]},{\"@type\":\"ImageObject\",\"inLanguage\":\"pl-PL\",\"@id\":\"https:\/\/www.welovecycling.com\/pl\/2024\/04\/05\/trendy-w-odziezy-rowerowej-w-2024-roku\/#primaryimage\",\"url\":\"https:\/\/d2p6e6u75xmxt8.cloudfront.net\/5\/2024\/04\/MicrosoftTeams-image-36.webp\",\"contentUrl\":\"https:\/\/d2p6e6u75xmxt8.cloudfront.net\/5\/2024\/04\/MicrosoftTeams-image-36.webp\",\"width\":990,\"height\":660},{\"@type\":\"BreadcrumbList\",\"@id\":\"https:\/\/www.welovecycling.com\/pl\/2024\/04\/05\/trendy-w-odziezy-rowerowej-w-2024-roku\/#breadcrumb\",\"itemListElement\":[{\"@type\":\"ListItem\",\"position\":1,\"name\":\"Home\",\"item\":\"https:\/\/www.welovecycling.com\/pl\/\"},{\"@type\":\"ListItem\",\"position\":2,\"name\":\"Trendy w odzie\u017cy rowerowej w 2024 roku\"}]},{\"@type\":\"WebSite\",\"@id\":\"https:\/\/www.welovecycling.com\/pl\/#website\",\"url\":\"https:\/\/www.welovecycling.com\/pl\/\",\"name\":\"\u0160koda We Love Cycling - Poland\",\"description\":\"\",\"potentialAction\":[{\"@type\":\"SearchAction\",\"target\":{\"@type\":\"EntryPoint\",\"urlTemplate\":\"https:\/\/www.welovecycling.com\/pl\/?s={search_term_string}\"},\"query-input\":{\"@type\":\"PropertyValueSpecification\",\"valueRequired\":true,\"valueName\":\"search_term_string\"}}],\"inLanguage\":\"pl-PL\"},{\"@type\":\"Person\",\"@id\":\"https:\/\/www.welovecycling.com\/pl\/#\/schema\/person\/bf06ed916a1ef16618807fb60d2ebe42\",\"name\":\"rafal\",\"image\":{\"@type\":\"ImageObject\",\"inLanguage\":\"pl-PL\",\"@id\":\"https:\/\/www.welovecycling.com\/pl\/#\/schema\/person\/image\/\",\"url\":\"https:\/\/secure.gravatar.com\/avatar\/203f240e63bee214f6f3a0dacbeb600c7829c09716c2b9ee3230c6961debcde2?s=96&d=mm&r=g\",\"contentUrl\":\"https:\/\/secure.gravatar.com\/avatar\/203f240e63bee214f6f3a0dacbeb600c7829c09716c2b9ee3230c6961debcde2?s=96&d=mm&r=g\",\"caption\":\"rafal\"},\"url\":\"https:\/\/www.welovecycling.com\/pl\/author\/rafal\/\"}]}<\/script>\n<!-- \/ Yoast SEO Premium plugin. -->","yoast_head_json":{"title":"Trendy w odzie\u017cy rowerowej w 2024 roku - \u0160koda We Love Cycling - Poland","robots":{"index":"index","follow":"follow","max-snippet":"max-snippet:-1","max-image-preview":"max-image-preview:large","max-video-preview":"max-video-preview:-1"},"canonical":"https:\/\/www.welovecycling.com\/pl\/2024\/04\/05\/trendy-w-odziezy-rowerowej-w-2024-roku\/","og_locale":"pl_PL","og_type":"article","og_title":"Trendy w odzie\u017cy rowerowej w 2024 roku","og_description":"Odzie\u017c zmniejszaj\u0105ca op\u00f3r powietrza, str\u00f3j chroni\u0105cy przed promieniowaniem UV, para eleganckich d\u017cins\u00f3w kolarskich idealnych na\u202fspotkanie biznesowe organizowane tu\u017c po wycieczce [&hellip;]","og_url":"https:\/\/www.welovecycling.com\/pl\/2024\/04\/05\/trendy-w-odziezy-rowerowej-w-2024-roku\/","og_site_name":"\u0160koda We Love Cycling - Poland","article_published_time":"2024-04-05T07:18:41+00:00","og_image":[{"width":990,"height":660,"url":"https:\/\/d2p6e6u75xmxt8.cloudfront.net\/5\/2024\/04\/MicrosoftTeams-image-36.webp","type":"image\/webp"}],"author":"rafal","twitter_card":"summary_large_image","twitter_misc":{"Written by":"Adam Marsal","Est. reading time":"4"},"schema":{"@context":"https:\/\/schema.org","@graph":[{"@type":"WebPage","@id":"https:\/\/www.welovecycling.com\/pl\/2024\/04\/05\/trendy-w-odziezy-rowerowej-w-2024-roku\/","url":"https:\/\/www.welovecycling.com\/pl\/2024\/04\/05\/trendy-w-odziezy-rowerowej-w-2024-roku\/","name":"Trendy w odzie\u017cy rowerowej w 2024 roku - \u0160koda We Love Cycling - Poland","isPartOf":{"@id":"https:\/\/www.welovecycling.com\/pl\/#website"},"primaryImageOfPage":{"@id":"https:\/\/www.welovecycling.com\/pl\/2024\/04\/05\/trendy-w-odziezy-rowerowej-w-2024-roku\/#primaryimage"},"image":{"@id":"https:\/\/www.welovecycling.com\/pl\/2024\/04\/05\/trendy-w-odziezy-rowerowej-w-2024-roku\/#primaryimage"},"thumbnailUrl":"https:\/\/d2p6e6u75xmxt8.cloudfront.net\/5\/2024\/04\/MicrosoftTeams-image-36.webp","datePublished":"2024-04-05T07:18:41+00:00","author":{"@id":"https:\/\/www.welovecycling.com\/pl\/#\/schema\/person\/bf06ed916a1ef16618807fb60d2ebe42"},"breadcrumb":{"@id":"https:\/\/www.welovecycling.com\/pl\/2024\/04\/05\/trendy-w-odziezy-rowerowej-w-2024-roku\/#breadcrumb"},"inLanguage":"pl-PL","potentialAction":[{"@type":"ReadAction","target":["https:\/\/www.welovecycling.com\/pl\/2024\/04\/05\/trendy-w-odziezy-rowerowej-w-2024-roku\/"]}]},{"@type":"ImageObject","inLanguage":"pl-PL","@id":"https:\/\/www.welovecycling.com\/pl\/2024\/04\/05\/trendy-w-odziezy-rowerowej-w-2024-roku\/#primaryimage","url":"https:\/\/d2p6e6u75xmxt8.cloudfront.net\/5\/2024\/04\/MicrosoftTeams-image-36.webp","contentUrl":"https:\/\/d2p6e6u75xmxt8.cloudfront.net\/5\/2024\/04\/MicrosoftTeams-image-36.webp","width":990,"height":660},{"@type":"BreadcrumbList","@id":"https:\/\/www.welovecycling.com\/pl\/2024\/04\/05\/trendy-w-odziezy-rowerowej-w-2024-roku\/#breadcrumb","itemListElement":[{"@type":"ListItem","position":1,"name":"Home","item":"https:\/\/www.welovecycling.com\/pl\/"},{"@type":"ListItem","position":2,"name":"Trendy w odzie\u017cy rowerowej w 2024 roku"}]},{"@type":"WebSite","@id":"https:\/\/www.welovecycling.com\/pl\/#website","url":"https:\/\/www.welovecycling.com\/pl\/","name":"\u0160koda We Love Cycling - Poland","description":"","potentialAction":[{"@type":"SearchAction","target":{"@type":"EntryPoint","urlTemplate":"https:\/\/www.welovecycling.com\/pl\/?s={search_term_string}"},"query-input":{"@type":"PropertyValueSpecification","valueRequired":true,"valueName":"search_term_string"}}],"inLanguage":"pl-PL"},{"@type":"Person","@id":"https:\/\/www.welovecycling.com\/pl\/#\/schema\/person\/bf06ed916a1ef16618807fb60d2ebe42","name":"rafal","image":{"@type":"ImageObject","inLanguage":"pl-PL","@id":"https:\/\/www.welovecycling.com\/pl\/#\/schema\/person\/image\/","url":"https:\/\/secure.gravatar.com\/avatar\/203f240e63bee214f6f3a0dacbeb600c7829c09716c2b9ee3230c6961debcde2?s=96&d=mm&r=g","contentUrl":"https:\/\/secure.gravatar.com\/avatar\/203f240e63bee214f6f3a0dacbeb600c7829c09716c2b9ee3230c6961debcde2?s=96&d=mm&r=g","caption":"rafal"},"url":"https:\/\/www.welovecycling.com\/pl\/author\/rafal\/"}]}},"_links":{"self":[{"href":"https:\/\/www.welovecycling.com\/pl\/wp-json\/wp\/v2\/posts\/14629","targetHints":{"allow":["GET"]}}],"collection":[{"href":"https:\/\/www.welovecycling.com\/pl\/wp-json\/wp\/v2\/posts"}],"about":[{"href":"https:\/\/www.welovecycling.com\/pl\/wp-json\/wp\/v2\/types\/post"}],"author":[{"embeddable":true,"href":"https:\/\/www.welovecycling.com\/pl\/wp-json\/wp\/v2\/users\/153"}],"replies":[{"embeddable":true,"href":"https:\/\/www.welovecycling.com\/pl\/wp-json\/wp\/v2\/comments?post=14629"}],"version-history":[{"count":7,"href":"https:\/\/www.welovecycling.com\/pl\/wp-json\/wp\/v2\/posts\/14629\/revisions"}],"predecessor-version":[{"id":14640,"href":"https:\/\/www.welovecycling.com\/pl\/wp-json\/wp\/v2\/posts\/14629\/revisions\/14640"}],"wp:featuredmedia":[{"embeddable":true,"href":"https:\/\/www.welovecycling.com\/pl\/wp-json\/wp\/v2\/media\/14633"}],"wp:attachment":[{"href":"https:\/\/www.welovecycling.com\/pl\/wp-json\/wp\/v2\/media?parent=14629"}],"wp:term":[{"taxonomy":"category","embeddable":true,"href":"https:\/\/www.welovecycling.com\/pl\/wp-json\/wp\/v2\/categories?post=14629"},{"taxonomy":"post_tag","embeddable":true,"href":"https:\/\/www.welovecycling.com\/pl\/wp-json\/wp\/v2\/tags?post=14629"},{"taxonomy":"global-categories","embeddable":true,"href":"https:\/\/www.welovecycling.com\/pl\/wp-json\/wp\/v2\/global-categories?post=14629"}],"curies":[{"name":"wp","href":"https:\/\/api.w.org\/{rel}","templated":true}]}}