{"id":14604,"date":"2024-03-12T08:53:41","date_gmt":"2024-03-12T08:53:41","guid":{"rendered":"https:\/\/www.welovecycling.com\/pl\/?p=14604"},"modified":"2024-03-12T08:53:41","modified_gmt":"2024-03-12T08:53:41","slug":"peleton-nabiera-predkosci-jedna-ekipa-jest-nie-do-zatrzymania","status":"publish","type":"post","link":"https:\/\/www.welovecycling.com\/pl\/2024\/03\/12\/peleton-nabiera-predkosci-jedna-ekipa-jest-nie-do-zatrzymania\/","title":{"rendered":"Peleton nabiera pr\u0119dko\u015bci. Jedna ekipa jest nie do zatrzymania"},"content":{"rendered":"<p><strong>Zn\u00f3w wystrzeli\u0142y szampany w dru\u017cynie Visma\/Lease a Bike. W poprzednim sezonie holenderska ekipa osi\u0105gn\u0119\u0142a kosmiczny wynik, ale wiele wskazuje, \u017ce w tym wcale nie musi by\u0107 gorzej. W weekend doczekali\u015bmy si\u0119 tak\u017ce pozytywnego polskiego akcentu.<\/strong><\/p>\n<p><strong>Przez Australi\u0119 i Bliski Wsch\u00f3d peleton UCI World Tour dojecha\u0142 w ko\u0144cu do Europy i od razu da\u0142 jasno do zrozumienia, \u017ce tegoroczny sezon mo\u017ce by\u0107 wyj\u0105tkowo ciekawy.<\/strong><\/p>\n<p><span style=\"font-size: 18pt;\"><strong>Katarzyna Niewiadoma wci\u0105\u017c w czo\u0142\u00f3wce<\/strong><\/span><\/p>\n<p>Zacz\u0119\u0142o si\u0119 od kultowego Strade Bianche. Dla wielu kibic\u00f3w to jeden z najciekawszych wy\u015bcig\u00f3w jednodniowych, a dla polskich zawodniczek i zawodnik\u00f3w staje si\u0119 coraz wi\u0119kszym wyzwaniem. W 2014 r. ten wy\u015bcig wygra\u0142 Micha\u0142 Kwiatkowski (Ineos Grenadiers) i od tamtej pory polscy kibice co roku ostrz\u0105 sobie z\u0119by na powt\u00f3rzenie sukcesu. Nie uda\u0142o si\u0119 jednak tak\u017ce tym razem, bo Polak w og\u00f3le nie dojecha\u0142 do mety.<\/p>\n<p>\u015awietnie w Strade Bianche radzi sobie Katarzyna Niewiadoma (Canyon\/\/SRAM). Polka trzykrotnie zajmowa\u0142a drugie miejsce, raz by\u0142a trzecia, a w tym roku zn\u00f3w znalaz\u0142a si\u0119 w czo\u0142\u00f3wce. Polka pojecha\u0142a bardzo obiecuj\u0105co, w pewnym momencie przewodzi\u0142a nawet peletonowi, a ostatecznie zako\u0144czy\u0142a rywalizacj\u0119 na wysokiej czwartej pozycji.<\/p>\n<lite-youtube videoid=-GuF8UkHvgw params=\"enablejsapi=1\" style=\"background-image: url('https:\/\/i.ytimg.com\/vi_webp\/-GuF8UkHvgw\/maxresdefault.webp');\"><\/lite-youtube>\n<p><span style=\"font-size: 18pt;\"><strong>Pi\u0105te miejsce Stanis\u0142awa Anio\u0142kowskiego<\/strong><\/span><\/p>\n<p>Polskiego akcentu nie zabrak\u0142o tak\u017ce w Tirreno\u2013Adriatico. Sze\u015b\u0107 lat temu ten wy\u015bcig wygra\u0142 Kwiatkowski, dwa lata temu Rafa\u0142 Majka zaj\u0105\u0142 drugie miejsce, a teraz z niez\u0142ej strony na ostatnim etapie pokaza\u0142 si\u0119 Stanis\u0142aw Anio\u0142kowski (Cofidis). 27-letni Polak wzi\u0105\u0142 udzia\u0142 w ucieczce i zako\u0144czy\u0142 wy\u015bcig na pi\u0105tym miejscu.<\/p>\n<p>\u2013 Od startu dawa\u0142em z siebie wszystko. Na podjazdach by\u0142o bardzo ci\u0119\u017cko, walka by\u0142a zaci\u0119ta i na ka\u017cdej wspinaczce trzeba by\u0142o jecha\u0107 na sto procent. Ale posz\u0142o mi naprawd\u0119 dobrze, czu\u0142em, \u017ce mam \u201edobre\u201d nogi. To pozytywny prognostyk przed kolejnymi wy\u015bcigami \u2013 podkre\u015bla\u0142 Anio\u0142kowski na antenie Eurosportu.<\/p>\n<lite-youtube videoid=03WOPKYurl0 params=\"enablejsapi=1\" style=\"background-image: url('https:\/\/i.ytimg.com\/vi_webp\/03WOPKYurl0\/maxresdefault.webp');\"><\/lite-youtube>\n<p>Anio\u0142kowski w klasyfikacji generalnej zaj\u0105\u0142 122. miejsce. Cesare Benedetti (Bora-Hansgrohe) by\u0142 119., Micha\u0142 Kwiatkowski \u2013 98., Filip Maciejuk (Bora-Hansgrohe) \u2013 95., a Rafa\u0142 Majka (UAE Team Emirates) \u2013 37.<\/p>\n<p><span style=\"font-size: 18pt;\"><strong>Visma\/Lease a Bike nie do zatrzymania<\/strong><\/span><\/p>\n<p>Najhuczniej \u015bwi\u0119towa\u0142a ekipa Visma\/Lease a Bike, bo charakterystyczny tr\u00f3jz\u0105b za wygran\u0105 klasyfikacji generalnej trafi\u0142 w r\u0119ce jej zawodnika \u2013 Jonasa Vingegaarda.<\/p>\n<div class=\"embed-controller-wrapper\">\n<blockquote class=\"twitter-tweet\" data-width=\"500\" data-dnt=\"true\">\n<p lang=\"en\" dir=\"ltr\">\ud83d\udd31 Something something trident \ud83d\udd31<a href=\"https:\/\/twitter.com\/hashtag\/TirrenoAdriatico?src=hash&amp;ref_src=twsrc%5Etfw\">#TirrenoAdriatico<\/a> <a href=\"https:\/\/t.co\/9zvTKJG0Zj\">pic.twitter.com\/9zvTKJG0Zj<\/a><\/p>\n<p>&mdash; Tirreno Adriatico (@TirrenAdriatico) <a href=\"https:\/\/twitter.com\/TirrenAdriatico\/status\/1766853326023373182?ref_src=twsrc%5Etfw\">March 10, 2024<\/a><\/p><\/blockquote>\n<p><script async data-src=\"https:\/\/platform.twitter.com\/widgets.js\" charset=\"utf-8\"><\/script><\/div>\n<p>To jednak nie by\u0142 jedyny pow\u00f3d do rado\u015bci w Visma\/Lease a Bike, poniewa\u017c pokaz si\u0142y zawodnicy tej dru\u017cyny dali tak\u017ce podczas wy\u015bcigu Pary\u017c\u2013Nicea. Tzw. rozgrzewk\u0119 przed Tour de France wygra\u0142 Amerykanin Matteo Jorgenson, kt\u00f3ry wyprzedzi\u0142 Belga Remca Evenepoela (Soudal Quick-Step) oraz swojego rodaka Brandona McNulty\u2019ego (UAE Team Emirates).<\/p>\n<div class=\"embed-controller-wrapper\">\n<blockquote class=\"twitter-tweet\" data-width=\"500\" data-dnt=\"true\">\n<p lang=\"fr\" dir=\"ltr\">\ud83d\udc9b RT &amp; follow pour tenter de gagner un <a href=\"https:\/\/twitter.com\/MaillotjauneLCL?ref_src=twsrc%5Etfw\">@MaillotJauneLCL<\/a> d\u00e9dicac\u00e9 par Matteo Jorgenson\u00a0avec <a href=\"https:\/\/twitter.com\/SANTINI_SMS?ref_src=twsrc%5Etfw\">@SANTINI_SMS<\/a><\/p>\n<p>\ud83d\udc9b RT &amp; follow for the chance to win a <a href=\"https:\/\/twitter.com\/MatteoJorg?ref_src=twsrc%5Etfw\">@matteojorg<\/a> signed Yellow Jersey with <a href=\"https:\/\/twitter.com\/SANTINI_SMS?ref_src=twsrc%5Etfw\">@SANTINI_SMS<\/a><a href=\"https:\/\/twitter.com\/hashtag\/ParisNice?src=hash&amp;ref_src=twsrc%5Etfw\">#ParisNice<\/a> <a href=\"https:\/\/t.co\/c0CDo5qRHV\">pic.twitter.com\/c0CDo5qRHV<\/a><\/p>\n<p>&mdash; Paris-Nice (@ParisNice) <a href=\"https:\/\/twitter.com\/ParisNice\/status\/1766878001386475951?ref_src=twsrc%5Etfw\">March 10, 2024<\/a><\/p><\/blockquote>\n<p><script async data-src=\"https:\/\/platform.twitter.com\/widgets.js\" charset=\"utf-8\"><\/script><\/div>\n<p>Teraz przed zawodnikami seria zawod\u00f3w jednodniowych. Zacznie si\u0119 w sobot\u0119 wy\u015bcigiem Mediolan\u2013San Remo, a nast\u0119pnie kolarze przenios\u0105 si\u0119 do Belgii, gdzie tylko w marcu czeka ich pi\u0119\u0107 jednodniowych wy\u015bcig\u00f3w. Z kolei 18 marca rozpocznie si\u0119 siedmiodniowy Wy\u015bcig Dooko\u0142a Katalonii.<\/p>\n<p><span data-sheets-value=\"{&quot;1&quot;:2,&quot;2&quot;:&quot;Artyku\u0142 powsta\u0142 we wsp\u00f3\u0142pracy ze skoda-auto.pl&quot;}\" data-sheets-userformat=\"{&quot;2&quot;:1,&quot;3&quot;:{&quot;1&quot;:0}}\" data-sheets-hyperlink=\"http:\/\/www.skoda-auto.pl\/\"><a class=\"in-cell-link\" href=\"http:\/\/www.skoda-auto.pl\/\" target=\"_blank\" rel=\"noopener noreferrer\">Artyku\u0142 powsta\u0142 we wsp\u00f3\u0142pracy ze skoda-auto.pl<\/a><\/span><\/p>\n<p><img decoding=\"async\" src=\"https:\/\/d2p6e6u75xmxt8.cloudfront.net\/5\/2030\/11\/2.webp\" \/><\/p>\n","protected":false},"excerpt":{"rendered":"<p>Zn\u00f3w wystrzeli\u0142y szampany w dru\u017cynie Visma\/Lease a Bike. W poprzednim sezonie holenderska ekipa osi\u0105gn\u0119\u0142a kosmiczny wynik, ale wiele wskazuje, \u017ce [&hellip;]<\/p>\n","protected":false},"author":153,"featured_media":14606,"comment_status":"open","ping_status":"open","sticky":false,"template":"","format":"standard","meta":{"footnotes":""},"categories":[6],"tags":[151,191,404,264,423],"global-categories":[303],"class_list":["post-14604","post","type-post","status-publish","format-standard","has-post-thumbnail","hentry","category-kolarstwo-szosowe","tag-kolarstwo-szosowe","tag-skoda","tag-skodapolska","tag-wyscig-etapowy","tag-wyscigi-szosowe","global-categories-cycling"],"yoast_head":"<!-- This site is optimized with the Yoast SEO Premium plugin v25.3 (Yoast SEO v25.9) - https:\/\/yoast.com\/wordpress\/plugins\/seo\/ -->\n<title>Peleton nabiera pr\u0119dko\u015bci. Jedna ekipa jest nie do zatrzymania - \u0160koda We Love Cycling - Poland<\/title>\n<meta name=\"robots\" content=\"index, follow, max-snippet:-1, max-image-preview:large, max-video-preview:-1\" \/>\n<link rel=\"canonical\" href=\"https:\/\/www.welovecycling.com\/pl\/2024\/03\/12\/peleton-nabiera-predkosci-jedna-ekipa-jest-nie-do-zatrzymania\/\" \/>\n<meta property=\"og:locale\" content=\"pl_PL\" \/>\n<meta property=\"og:type\" content=\"article\" \/>\n<meta property=\"og:title\" content=\"Peleton nabiera pr\u0119dko\u015bci. Jedna ekipa jest nie do zatrzymania\" \/>\n<meta property=\"og:description\" content=\"Zn\u00f3w wystrzeli\u0142y szampany w dru\u017cynie Visma\/Lease a Bike. W poprzednim sezonie holenderska ekipa osi\u0105gn\u0119\u0142a kosmiczny wynik, ale wiele wskazuje, \u017ce [&hellip;]\" \/>\n<meta property=\"og:url\" content=\"https:\/\/www.welovecycling.com\/pl\/2024\/03\/12\/peleton-nabiera-predkosci-jedna-ekipa-jest-nie-do-zatrzymania\/\" \/>\n<meta property=\"og:site_name\" content=\"\u0160koda We Love Cycling - Poland\" \/>\n<meta property=\"article:published_time\" content=\"2024-03-12T08:53:41+00:00\" \/>\n<meta property=\"og:image\" content=\"https:\/\/d2p6e6u75xmxt8.cloudfront.net\/5\/2024\/03\/MicrosoftTeams-image-45.webp\" \/>\n\t<meta property=\"og:image:width\" content=\"990\" \/>\n\t<meta property=\"og:image:height\" content=\"660\" \/>\n\t<meta property=\"og:image:type\" content=\"image\/webp\" \/>\n<meta name=\"author\" content=\"rafal\" \/>\n<meta name=\"twitter:card\" content=\"summary_large_image\" \/>\n<meta name=\"twitter:label1\" content=\"Written by\" \/>\n\t<meta name=\"twitter:data1\" content=\"Piotr Nowik\" \/>\n\t<meta name=\"twitter:label2\" content=\"Est. reading time\" \/>\n\t<meta name=\"twitter:data2\" content=\"4\" \/>\n<script type=\"application\/ld+json\" class=\"yoast-schema-graph\">{\"@context\":\"https:\/\/schema.org\",\"@graph\":[{\"@type\":\"WebPage\",\"@id\":\"https:\/\/www.welovecycling.com\/pl\/2024\/03\/12\/peleton-nabiera-predkosci-jedna-ekipa-jest-nie-do-zatrzymania\/\",\"url\":\"https:\/\/www.welovecycling.com\/pl\/2024\/03\/12\/peleton-nabiera-predkosci-jedna-ekipa-jest-nie-do-zatrzymania\/\",\"name\":\"Peleton nabiera pr\u0119dko\u015bci. Jedna ekipa jest nie do zatrzymania - \u0160koda We Love Cycling - Poland\",\"isPartOf\":{\"@id\":\"https:\/\/www.welovecycling.com\/pl\/#website\"},\"primaryImageOfPage\":{\"@id\":\"https:\/\/www.welovecycling.com\/pl\/2024\/03\/12\/peleton-nabiera-predkosci-jedna-ekipa-jest-nie-do-zatrzymania\/#primaryimage\"},\"image\":{\"@id\":\"https:\/\/www.welovecycling.com\/pl\/2024\/03\/12\/peleton-nabiera-predkosci-jedna-ekipa-jest-nie-do-zatrzymania\/#primaryimage\"},\"thumbnailUrl\":\"https:\/\/d2p6e6u75xmxt8.cloudfront.net\/5\/2024\/03\/MicrosoftTeams-image-45.webp\",\"datePublished\":\"2024-03-12T08:53:41+00:00\",\"author\":{\"@id\":\"https:\/\/www.welovecycling.com\/pl\/#\/schema\/person\/bf06ed916a1ef16618807fb60d2ebe42\"},\"breadcrumb\":{\"@id\":\"https:\/\/www.welovecycling.com\/pl\/2024\/03\/12\/peleton-nabiera-predkosci-jedna-ekipa-jest-nie-do-zatrzymania\/#breadcrumb\"},\"inLanguage\":\"pl-PL\",\"potentialAction\":[{\"@type\":\"ReadAction\",\"target\":[\"https:\/\/www.welovecycling.com\/pl\/2024\/03\/12\/peleton-nabiera-predkosci-jedna-ekipa-jest-nie-do-zatrzymania\/\"]}]},{\"@type\":\"ImageObject\",\"inLanguage\":\"pl-PL\",\"@id\":\"https:\/\/www.welovecycling.com\/pl\/2024\/03\/12\/peleton-nabiera-predkosci-jedna-ekipa-jest-nie-do-zatrzymania\/#primaryimage\",\"url\":\"https:\/\/d2p6e6u75xmxt8.cloudfront.net\/5\/2024\/03\/MicrosoftTeams-image-45.webp\",\"contentUrl\":\"https:\/\/d2p6e6u75xmxt8.cloudfront.net\/5\/2024\/03\/MicrosoftTeams-image-45.webp\",\"width\":990,\"height\":660},{\"@type\":\"BreadcrumbList\",\"@id\":\"https:\/\/www.welovecycling.com\/pl\/2024\/03\/12\/peleton-nabiera-predkosci-jedna-ekipa-jest-nie-do-zatrzymania\/#breadcrumb\",\"itemListElement\":[{\"@type\":\"ListItem\",\"position\":1,\"name\":\"Home\",\"item\":\"https:\/\/www.welovecycling.com\/pl\/\"},{\"@type\":\"ListItem\",\"position\":2,\"name\":\"Peleton nabiera pr\u0119dko\u015bci. Jedna ekipa jest nie do zatrzymania\"}]},{\"@type\":\"WebSite\",\"@id\":\"https:\/\/www.welovecycling.com\/pl\/#website\",\"url\":\"https:\/\/www.welovecycling.com\/pl\/\",\"name\":\"\u0160koda We Love Cycling - Poland\",\"description\":\"\",\"potentialAction\":[{\"@type\":\"SearchAction\",\"target\":{\"@type\":\"EntryPoint\",\"urlTemplate\":\"https:\/\/www.welovecycling.com\/pl\/?s={search_term_string}\"},\"query-input\":{\"@type\":\"PropertyValueSpecification\",\"valueRequired\":true,\"valueName\":\"search_term_string\"}}],\"inLanguage\":\"pl-PL\"},{\"@type\":\"Person\",\"@id\":\"https:\/\/www.welovecycling.com\/pl\/#\/schema\/person\/bf06ed916a1ef16618807fb60d2ebe42\",\"name\":\"rafal\",\"image\":{\"@type\":\"ImageObject\",\"inLanguage\":\"pl-PL\",\"@id\":\"https:\/\/www.welovecycling.com\/pl\/#\/schema\/person\/image\/\",\"url\":\"https:\/\/secure.gravatar.com\/avatar\/203f240e63bee214f6f3a0dacbeb600c7829c09716c2b9ee3230c6961debcde2?s=96&d=mm&r=g\",\"contentUrl\":\"https:\/\/secure.gravatar.com\/avatar\/203f240e63bee214f6f3a0dacbeb600c7829c09716c2b9ee3230c6961debcde2?s=96&d=mm&r=g\",\"caption\":\"rafal\"},\"url\":\"https:\/\/www.welovecycling.com\/pl\/author\/rafal\/\"}]}<\/script>\n<!-- \/ Yoast SEO Premium plugin. -->","yoast_head_json":{"title":"Peleton nabiera pr\u0119dko\u015bci. Jedna ekipa jest nie do zatrzymania - \u0160koda We Love Cycling - Poland","robots":{"index":"index","follow":"follow","max-snippet":"max-snippet:-1","max-image-preview":"max-image-preview:large","max-video-preview":"max-video-preview:-1"},"canonical":"https:\/\/www.welovecycling.com\/pl\/2024\/03\/12\/peleton-nabiera-predkosci-jedna-ekipa-jest-nie-do-zatrzymania\/","og_locale":"pl_PL","og_type":"article","og_title":"Peleton nabiera pr\u0119dko\u015bci. Jedna ekipa jest nie do zatrzymania","og_description":"Zn\u00f3w wystrzeli\u0142y szampany w dru\u017cynie Visma\/Lease a Bike. W poprzednim sezonie holenderska ekipa osi\u0105gn\u0119\u0142a kosmiczny wynik, ale wiele wskazuje, \u017ce [&hellip;]","og_url":"https:\/\/www.welovecycling.com\/pl\/2024\/03\/12\/peleton-nabiera-predkosci-jedna-ekipa-jest-nie-do-zatrzymania\/","og_site_name":"\u0160koda We Love Cycling - Poland","article_published_time":"2024-03-12T08:53:41+00:00","og_image":[{"width":990,"height":660,"url":"https:\/\/d2p6e6u75xmxt8.cloudfront.net\/5\/2024\/03\/MicrosoftTeams-image-45.webp","type":"image\/webp"}],"author":"rafal","twitter_card":"summary_large_image","twitter_misc":{"Written by":"Piotr Nowik","Est. reading time":"4"},"schema":{"@context":"https:\/\/schema.org","@graph":[{"@type":"WebPage","@id":"https:\/\/www.welovecycling.com\/pl\/2024\/03\/12\/peleton-nabiera-predkosci-jedna-ekipa-jest-nie-do-zatrzymania\/","url":"https:\/\/www.welovecycling.com\/pl\/2024\/03\/12\/peleton-nabiera-predkosci-jedna-ekipa-jest-nie-do-zatrzymania\/","name":"Peleton nabiera pr\u0119dko\u015bci. Jedna ekipa jest nie do zatrzymania - \u0160koda We Love Cycling - Poland","isPartOf":{"@id":"https:\/\/www.welovecycling.com\/pl\/#website"},"primaryImageOfPage":{"@id":"https:\/\/www.welovecycling.com\/pl\/2024\/03\/12\/peleton-nabiera-predkosci-jedna-ekipa-jest-nie-do-zatrzymania\/#primaryimage"},"image":{"@id":"https:\/\/www.welovecycling.com\/pl\/2024\/03\/12\/peleton-nabiera-predkosci-jedna-ekipa-jest-nie-do-zatrzymania\/#primaryimage"},"thumbnailUrl":"https:\/\/d2p6e6u75xmxt8.cloudfront.net\/5\/2024\/03\/MicrosoftTeams-image-45.webp","datePublished":"2024-03-12T08:53:41+00:00","author":{"@id":"https:\/\/www.welovecycling.com\/pl\/#\/schema\/person\/bf06ed916a1ef16618807fb60d2ebe42"},"breadcrumb":{"@id":"https:\/\/www.welovecycling.com\/pl\/2024\/03\/12\/peleton-nabiera-predkosci-jedna-ekipa-jest-nie-do-zatrzymania\/#breadcrumb"},"inLanguage":"pl-PL","potentialAction":[{"@type":"ReadAction","target":["https:\/\/www.welovecycling.com\/pl\/2024\/03\/12\/peleton-nabiera-predkosci-jedna-ekipa-jest-nie-do-zatrzymania\/"]}]},{"@type":"ImageObject","inLanguage":"pl-PL","@id":"https:\/\/www.welovecycling.com\/pl\/2024\/03\/12\/peleton-nabiera-predkosci-jedna-ekipa-jest-nie-do-zatrzymania\/#primaryimage","url":"https:\/\/d2p6e6u75xmxt8.cloudfront.net\/5\/2024\/03\/MicrosoftTeams-image-45.webp","contentUrl":"https:\/\/d2p6e6u75xmxt8.cloudfront.net\/5\/2024\/03\/MicrosoftTeams-image-45.webp","width":990,"height":660},{"@type":"BreadcrumbList","@id":"https:\/\/www.welovecycling.com\/pl\/2024\/03\/12\/peleton-nabiera-predkosci-jedna-ekipa-jest-nie-do-zatrzymania\/#breadcrumb","itemListElement":[{"@type":"ListItem","position":1,"name":"Home","item":"https:\/\/www.welovecycling.com\/pl\/"},{"@type":"ListItem","position":2,"name":"Peleton nabiera pr\u0119dko\u015bci. Jedna ekipa jest nie do zatrzymania"}]},{"@type":"WebSite","@id":"https:\/\/www.welovecycling.com\/pl\/#website","url":"https:\/\/www.welovecycling.com\/pl\/","name":"\u0160koda We Love Cycling - Poland","description":"","potentialAction":[{"@type":"SearchAction","target":{"@type":"EntryPoint","urlTemplate":"https:\/\/www.welovecycling.com\/pl\/?s={search_term_string}"},"query-input":{"@type":"PropertyValueSpecification","valueRequired":true,"valueName":"search_term_string"}}],"inLanguage":"pl-PL"},{"@type":"Person","@id":"https:\/\/www.welovecycling.com\/pl\/#\/schema\/person\/bf06ed916a1ef16618807fb60d2ebe42","name":"rafal","image":{"@type":"ImageObject","inLanguage":"pl-PL","@id":"https:\/\/www.welovecycling.com\/pl\/#\/schema\/person\/image\/","url":"https:\/\/secure.gravatar.com\/avatar\/203f240e63bee214f6f3a0dacbeb600c7829c09716c2b9ee3230c6961debcde2?s=96&d=mm&r=g","contentUrl":"https:\/\/secure.gravatar.com\/avatar\/203f240e63bee214f6f3a0dacbeb600c7829c09716c2b9ee3230c6961debcde2?s=96&d=mm&r=g","caption":"rafal"},"url":"https:\/\/www.welovecycling.com\/pl\/author\/rafal\/"}]}},"_links":{"self":[{"href":"https:\/\/www.welovecycling.com\/pl\/wp-json\/wp\/v2\/posts\/14604","targetHints":{"allow":["GET"]}}],"collection":[{"href":"https:\/\/www.welovecycling.com\/pl\/wp-json\/wp\/v2\/posts"}],"about":[{"href":"https:\/\/www.welovecycling.com\/pl\/wp-json\/wp\/v2\/types\/post"}],"author":[{"embeddable":true,"href":"https:\/\/www.welovecycling.com\/pl\/wp-json\/wp\/v2\/users\/153"}],"replies":[{"embeddable":true,"href":"https:\/\/www.welovecycling.com\/pl\/wp-json\/wp\/v2\/comments?post=14604"}],"version-history":[{"count":2,"href":"https:\/\/www.welovecycling.com\/pl\/wp-json\/wp\/v2\/posts\/14604\/revisions"}],"predecessor-version":[{"id":14607,"href":"https:\/\/www.welovecycling.com\/pl\/wp-json\/wp\/v2\/posts\/14604\/revisions\/14607"}],"wp:featuredmedia":[{"embeddable":true,"href":"https:\/\/www.welovecycling.com\/pl\/wp-json\/wp\/v2\/media\/14606"}],"wp:attachment":[{"href":"https:\/\/www.welovecycling.com\/pl\/wp-json\/wp\/v2\/media?parent=14604"}],"wp:term":[{"taxonomy":"category","embeddable":true,"href":"https:\/\/www.welovecycling.com\/pl\/wp-json\/wp\/v2\/categories?post=14604"},{"taxonomy":"post_tag","embeddable":true,"href":"https:\/\/www.welovecycling.com\/pl\/wp-json\/wp\/v2\/tags?post=14604"},{"taxonomy":"global-categories","embeddable":true,"href":"https:\/\/www.welovecycling.com\/pl\/wp-json\/wp\/v2\/global-categories?post=14604"}],"curies":[{"name":"wp","href":"https:\/\/api.w.org\/{rel}","templated":true}]}}