{"id":14591,"date":"2024-03-01T13:09:41","date_gmt":"2024-03-01T13:09:41","guid":{"rendered":"https:\/\/www.welovecycling.com\/pl\/?p=14591"},"modified":"2024-03-01T13:09:41","modified_gmt":"2024-03-01T13:09:41","slug":"nareszcie-zaczyna-sie-piekny-miesiac-w-swiatowym-kolarstwie","status":"publish","type":"post","link":"https:\/\/www.welovecycling.com\/pl\/2024\/03\/01\/nareszcie-zaczyna-sie-piekny-miesiac-w-swiatowym-kolarstwie\/","title":{"rendered":"Nareszcie! Zaczyna si\u0119 pi\u0119kny miesi\u0105c w \u015bwiatowym kolarstwie"},"content":{"rendered":"<p><strong>Rywalizacja w ramach UCI World Tour wraca do Europy i to z przytupem. Na pocz\u0105tek pi\u0119kny klasyk, nast\u0119pnie rozgrzewka przed Tour de France, szybki przeskok do W\u0142och i seria belgijskich jednodni\u00f3wek. W marcu sezon kolarski rozkr\u0119ci si\u0119 na dobre, a w najbli\u017csz\u0105 sobot\u0119 polscy kibice mog\u0105 po cichu liczy\u0107 na sukcesy.<\/strong><\/p>\n<p>Fani kolarstwa ju\u017c w styczniu otrzymali dawk\u0119 emocji podczas wy\u015bcig\u00f3w w Australii. Z kolei w lutym gwo\u017adziem programu by\u0142 UAE Tour, jedyny wy\u015bcig rozgrywany na Bliskim Wschodzie. Nie ma si\u0119 jednak co oszukiwa\u0107 \u2013 to w Europie sezon zaczyna nabiera\u0107 rumie\u0144c\u00f3w, a kumulacj\u0119 emocji otrzymamy w najbli\u017cszych dniach.<\/p>\n<p>Ju\u017c w sobot\u0119 rozpoczyna si\u0119 kolarski przed\u0142u\u017cony weekend. Tego dnia odb\u0119dzie si\u0119 Strade Bianche, w niedziel\u0119 startuje Pary\u017c\u2013Nicea, a w poniedzia\u0142ek Tirreno\u2013Adriatico.<\/p>\n<p><span style=\"font-size: 18pt;\"><strong>Jedyny w swoim rodzaju<\/strong><\/span><\/p>\n<p>Strade Bianche to wyj\u0105tkowo pi\u0119kny wy\u015bcig, dla niekt\u00f3rych nawet najpi\u0119kniejszy ze wszystkich jednodni\u00f3wek. Kolarze mogliby zastrajkowa\u0107 i pojecha\u0107 w \u015blimaczym tempie, a tysi\u0105ce kibic\u00f3w i tak ustawi\u0142yby si\u0119 przy trasie i zasiad\u0142y przed telewizorami. Pow\u00f3d? Cudowna Toskania, kt\u00f3rej drogami prowadzi wy\u015bcig.<\/p>\n<div class=\"embed-controller-wrapper\">\n<blockquote class=\"twitter-tweet\" data-width=\"500\" data-dnt=\"true\">\n<p lang=\"en\" dir=\"ltr\">\ud83c\udfc6 Where grit meets glory.<\/p>\n<p>\ud83c\udd99 Gear up for the 18th Strade Bianche <a href=\"https:\/\/twitter.com\/CA_Ita?ref_src=twsrc%5Etfw\">@CA_Ita<\/a>, where riders will chase victory on these legendary gravel sectors.<a href=\"https:\/\/twitter.com\/hashtag\/StradeBianche?src=hash&amp;ref_src=twsrc%5Etfw\">#StradeBianche<\/a> <a href=\"https:\/\/t.co\/PKS1PnYGVr\">pic.twitter.com\/PKS1PnYGVr<\/a><\/p>\n<p>&mdash; Strade Bianche (@StradeBianche) <a href=\"https:\/\/twitter.com\/StradeBianche\/status\/1762137948005581056?ref_src=twsrc%5Etfw\">February 26, 2024<\/a><\/p><\/blockquote>\n<p><script async data-src=\"https:\/\/platform.twitter.com\/widgets.js\" charset=\"utf-8\"><\/script><\/div>\n<p>Malownicze pag\u00f3rki, niesamowite kolory i finisz na jedynym w swoim rodzaju rynku w Sienie \u2013 to wszystko wydarzy si\u0119 ju\u017c w sobot\u0119. Cho\u0107 Strade Bianche nale\u017cy do jednych z najm\u0142odszych wy\u015bcig\u00f3w (rozgrywany jest od 2007 r.), to z racji trasy zgromadzi\u0142 ju\u017c wielk\u0105 grup\u0119 mi\u0142o\u015bnik\u00f3w.<\/p>\n<p>Wielu z nich pochodzi z Polski, poniewa\u017c kibice doskonale pami\u0119taj\u0105 wy\u015bcig z 2014 r., kt\u00f3ry w pi\u0119knym stylu wygra\u0142 Micha\u0142 Kwiatkowski. P\u00f3\u017aniej Polak kilka razy pr\u00f3bowa\u0142 jeszcze zaatakowa\u0107 toska\u0144skie trasy, ale ju\u017c bez takiego efektu. W tym roku zawodnik Ineos Grenadiers r\u00f3wnie\u017c spr\u00f3buje swoich si\u0142, ale tym razem nie b\u0119dzie osamotniony.<\/p>\n<p><span style=\"font-size: 18pt;\"><strong>Katarzyna Niewiadoma: \u201eTo dla mnie wa\u017cny wy\u015bcig\u201d<\/strong><\/span><\/p>\n<p>W Strade Bianche Donne wyst\u0105pi Katarzyna Niewiadoma, kt\u00f3ra ma za sob\u0105 \u015bwietny poprzedni sezon, a obecny zacz\u0119\u0142a bardzo obiecuj\u0105co. Polka w Toskanii b\u0119dzie liderk\u0105 Canyon\/\/SRAM Racing, a wspomaga\u0107 b\u0119dzie j\u0105 kole\u017canka z zespo\u0142u Agnieszka Skalniak-S\u00f3jka. W wy\u015bcigu udzia\u0142 we\u017amie tak\u017ce Marta Lach (Ceratizit\u2013WNT).<\/p>\n<div class=\"embed-controller-wrapper\">\n<blockquote class=\"twitter-tweet\" data-width=\"500\" data-dnt=\"true\">\n<p lang=\"en\" dir=\"ltr\">Dust, determination, and the drive for victory. <\/p>\n<p>Join us for the ultimate showdown at Strade Bianche <a href=\"https:\/\/twitter.com\/CA_Ita?ref_src=twsrc%5Etfw\">@CA_Ita<\/a> Women Elite 2024!<a href=\"https:\/\/twitter.com\/hashtag\/StradeBianche?src=hash&amp;ref_src=twsrc%5Etfw\">#StradeBianche<\/a> <a href=\"https:\/\/t.co\/TWvY4YLQnT\">pic.twitter.com\/TWvY4YLQnT<\/a><\/p>\n<p>&mdash; Strade Bianche (@StradeBianche) <a href=\"https:\/\/twitter.com\/StradeBianche\/status\/1762805257900339312?ref_src=twsrc%5Etfw\">February 28, 2024<\/a><\/p><\/blockquote>\n<p><script async data-src=\"https:\/\/platform.twitter.com\/widgets.js\" charset=\"utf-8\"><\/script><\/div>\n<p>\u2013 Startujemy silnym sk\u0142adem. Zrozumia\u0142y\u015bmy kilka rzeczy i wyci\u0105gn\u0119\u0142y\u015bmy wnioski. Musimy pojecha\u0107 znakomity wy\u015bcig, wykorzysta\u0107 szanse, wywrze\u0107 presj\u0119 na przeciwniczkach i da\u0107 sobie okazj\u0119 do zwyci\u0119stwa \u2013 podkre\u015bla Niewiadoma na oficjalnej stronie swojego zespo\u0142u. \u2013 Strade Bianche jest dla mnie wa\u017cny i wyj\u0105tkowy. Wiem, \u017ce moje kole\u017canki z dru\u017cyny ju\u017c nie mog\u0105 doczeka\u0107 si\u0119 startu. Chc\u0119, \u017ceby\u015bmy zaanga\u017cowa\u0142y si\u0119 w walk\u0119 o zwyci\u0119stwo. D\u0105\u017cymy do tego, by da\u0107 naszemu zespo\u0142owi wygran\u0105 \u2013 dodaje najlepsza polska zawodniczka.<\/p>\n<p><span style=\"font-size: 18pt;\"><strong>Osiem etap\u00f3w we Francji, siedem we W\u0142oszech<\/strong><\/span><\/p>\n<p>Dzie\u0144 pod Strade Bianche swoje chwile b\u0119d\u0105 mieli Francuzi, bo startuje o\u015bmiodniowy wy\u015bcig Pary\u017c\u2013Nicea, nazywany tak\u017ce rozgrzewk\u0105 przed Tour de France. \u015aciganie zacznie si\u0119 w niedziel\u0119 pag\u00f3rkowatym etapem w Les Mureaux, nast\u0119pnie zawodnicy przejad\u0105 p\u0142aski odcinek z Thoiry do Montargis, a we wtorek rozegrana zostanie czas\u00f3wka w Auxerre. Nast\u0119pnie dwa etapy g\u00f3rskie, dwa pag\u00f3rkowate i 10 marca wielki fina\u0142 w okolicach Nicei.<\/p>\n<div class=\"embed-controller-wrapper\">\n<blockquote class=\"twitter-tweet\" data-width=\"500\" data-dnt=\"true\">\n<p lang=\"fr\" dir=\"ltr\">\u2600 \ud835\udc79\ud835\udc90\ud835\udc88\ud835\udc8d\ud835\udc8a\ud835\udc84 \ud835\udc97\ud835\udc94 \ud835\udc6c\ud835\udc97\ud835\udc86\ud835\udc8f\ud835\udc86\ud835\udc91\ud835\udc90\ud835\udc86\ud835\udc8d ? \u2600 <\/p>\n<p>\ud83e\udd29 La saison des grands rendez-vous est lanc\u00e9e, les champions ont rendez-vous d\u00e8s dimanche sur les routes de <a href=\"https:\/\/twitter.com\/hashtag\/ParisNice?src=hash&amp;ref_src=twsrc%5Etfw\">#ParisNice<\/a> !<\/p>\n<p>\ud83e\udd29 The season is launched, and the champions will race on the roads of <a href=\"https:\/\/twitter.com\/hashtag\/ParisNice?src=hash&amp;ref_src=twsrc%5Etfw\">#ParisNice<\/a> from Sunday! <a href=\"https:\/\/t.co\/hUxM78miJa\">pic.twitter.com\/hUxM78miJa<\/a><\/p>\n<p>&mdash; Paris-Nice (@ParisNice) <a href=\"https:\/\/twitter.com\/ParisNice\/status\/1762525802589999599?ref_src=twsrc%5Etfw\">February 27, 2024<\/a><\/p><\/blockquote>\n<p><script async data-src=\"https:\/\/platform.twitter.com\/widgets.js\" charset=\"utf-8\"><\/script><\/div>\n<p>Tego samego dnia zako\u0144czy si\u0119 siedmioetapowy w\u0142oski wy\u015bcig Tirreno\u2013Adriatico, kt\u00f3ry zapowiada si\u0119 jako gratka dla specjalist\u00f3w od jazdy po g\u00f3rach. Co prawda \u015bciganie zacznie si\u0119 w poniedzia\u0142ek od jazdy na czas, ale p\u00f3\u017aniej zawodnik\u00f3w czekaj\u0105 dwa etapy pag\u00f3rkowate i trzy g\u00f3rskie, a fina\u0142 rozegrany zostanie w San Benedetto del Tronto.<\/p>\n<p><span data-sheets-value=\"{&quot;1&quot;:2,&quot;2&quot;:&quot;Artyku\u0142 powsta\u0142 we wsp\u00f3\u0142pracy ze skoda-auto.pl&quot;}\" data-sheets-userformat=\"{&quot;2&quot;:1,&quot;3&quot;:{&quot;1&quot;:0}}\" data-sheets-hyperlink=\"http:\/\/www.skoda-auto.pl\/\"><a class=\"in-cell-link\" href=\"http:\/\/www.skoda-auto.pl\/\" target=\"_blank\" rel=\"noopener noreferrer\">Artyku\u0142 powsta\u0142 we wsp\u00f3\u0142pracy ze skoda-auto.pl<\/a><\/span><\/p>\n<p><img decoding=\"async\" src=\"https:\/\/d2p6e6u75xmxt8.cloudfront.net\/5\/2030\/11\/1.webp\" \/><\/p>\n","protected":false},"excerpt":{"rendered":"<p>Rywalizacja w ramach UCI World Tour wraca do Europy i to z przytupem. Na pocz\u0105tek pi\u0119kny klasyk, nast\u0119pnie rozgrzewka przed [&hellip;]<\/p>\n","protected":false},"author":153,"featured_media":14592,"comment_status":"open","ping_status":"open","sticky":false,"template":"","format":"standard","meta":{"footnotes":""},"categories":[6],"tags":[176,151,191,404],"global-categories":[303],"class_list":["post-14591","post","type-post","status-publish","format-standard","has-post-thumbnail","hentry","category-kolarstwo-szosowe","tag-kolarstwo","tag-kolarstwo-szosowe","tag-skoda","tag-skodapolska","global-categories-cycling"],"yoast_head":"<!-- This site is optimized with the Yoast SEO Premium plugin v25.3 (Yoast SEO v25.9) - https:\/\/yoast.com\/wordpress\/plugins\/seo\/ -->\n<title>Nareszcie! Zaczyna si\u0119 pi\u0119kny miesi\u0105c w \u015bwiatowym kolarstwie - \u0160koda We Love Cycling - Poland<\/title>\n<meta name=\"robots\" content=\"index, follow, max-snippet:-1, max-image-preview:large, max-video-preview:-1\" \/>\n<link rel=\"canonical\" href=\"https:\/\/www.welovecycling.com\/pl\/2024\/03\/01\/nareszcie-zaczyna-sie-piekny-miesiac-w-swiatowym-kolarstwie\/\" \/>\n<meta property=\"og:locale\" content=\"pl_PL\" \/>\n<meta property=\"og:type\" content=\"article\" \/>\n<meta property=\"og:title\" content=\"Nareszcie! Zaczyna si\u0119 pi\u0119kny miesi\u0105c w \u015bwiatowym kolarstwie\" \/>\n<meta property=\"og:description\" content=\"Rywalizacja w ramach UCI World Tour wraca do Europy i to z przytupem. Na pocz\u0105tek pi\u0119kny klasyk, nast\u0119pnie rozgrzewka przed [&hellip;]\" \/>\n<meta property=\"og:url\" content=\"https:\/\/www.welovecycling.com\/pl\/2024\/03\/01\/nareszcie-zaczyna-sie-piekny-miesiac-w-swiatowym-kolarstwie\/\" \/>\n<meta property=\"og:site_name\" content=\"\u0160koda We Love Cycling - Poland\" \/>\n<meta property=\"article:published_time\" content=\"2024-03-01T13:09:41+00:00\" \/>\n<meta property=\"og:image\" content=\"https:\/\/d2p6e6u75xmxt8.cloudfront.net\/5\/2024\/03\/MicrosoftTeams-image-42.webp\" \/>\n\t<meta property=\"og:image:width\" content=\"990\" \/>\n\t<meta property=\"og:image:height\" content=\"660\" \/>\n\t<meta property=\"og:image:type\" content=\"image\/webp\" \/>\n<meta name=\"author\" content=\"rafal\" \/>\n<meta name=\"twitter:card\" content=\"summary_large_image\" \/>\n<meta name=\"twitter:label1\" content=\"Written by\" \/>\n\t<meta name=\"twitter:data1\" content=\"Piotr Nowik\" \/>\n\t<meta name=\"twitter:label2\" content=\"Est. reading time\" \/>\n\t<meta name=\"twitter:data2\" content=\"4\" \/>\n<script type=\"application\/ld+json\" class=\"yoast-schema-graph\">{\"@context\":\"https:\/\/schema.org\",\"@graph\":[{\"@type\":\"WebPage\",\"@id\":\"https:\/\/www.welovecycling.com\/pl\/2024\/03\/01\/nareszcie-zaczyna-sie-piekny-miesiac-w-swiatowym-kolarstwie\/\",\"url\":\"https:\/\/www.welovecycling.com\/pl\/2024\/03\/01\/nareszcie-zaczyna-sie-piekny-miesiac-w-swiatowym-kolarstwie\/\",\"name\":\"Nareszcie! Zaczyna si\u0119 pi\u0119kny miesi\u0105c w \u015bwiatowym kolarstwie - \u0160koda We Love Cycling - Poland\",\"isPartOf\":{\"@id\":\"https:\/\/www.welovecycling.com\/pl\/#website\"},\"primaryImageOfPage\":{\"@id\":\"https:\/\/www.welovecycling.com\/pl\/2024\/03\/01\/nareszcie-zaczyna-sie-piekny-miesiac-w-swiatowym-kolarstwie\/#primaryimage\"},\"image\":{\"@id\":\"https:\/\/www.welovecycling.com\/pl\/2024\/03\/01\/nareszcie-zaczyna-sie-piekny-miesiac-w-swiatowym-kolarstwie\/#primaryimage\"},\"thumbnailUrl\":\"https:\/\/d2p6e6u75xmxt8.cloudfront.net\/5\/2024\/03\/MicrosoftTeams-image-42.webp\",\"datePublished\":\"2024-03-01T13:09:41+00:00\",\"author\":{\"@id\":\"https:\/\/www.welovecycling.com\/pl\/#\/schema\/person\/bf06ed916a1ef16618807fb60d2ebe42\"},\"breadcrumb\":{\"@id\":\"https:\/\/www.welovecycling.com\/pl\/2024\/03\/01\/nareszcie-zaczyna-sie-piekny-miesiac-w-swiatowym-kolarstwie\/#breadcrumb\"},\"inLanguage\":\"pl-PL\",\"potentialAction\":[{\"@type\":\"ReadAction\",\"target\":[\"https:\/\/www.welovecycling.com\/pl\/2024\/03\/01\/nareszcie-zaczyna-sie-piekny-miesiac-w-swiatowym-kolarstwie\/\"]}]},{\"@type\":\"ImageObject\",\"inLanguage\":\"pl-PL\",\"@id\":\"https:\/\/www.welovecycling.com\/pl\/2024\/03\/01\/nareszcie-zaczyna-sie-piekny-miesiac-w-swiatowym-kolarstwie\/#primaryimage\",\"url\":\"https:\/\/d2p6e6u75xmxt8.cloudfront.net\/5\/2024\/03\/MicrosoftTeams-image-42.webp\",\"contentUrl\":\"https:\/\/d2p6e6u75xmxt8.cloudfront.net\/5\/2024\/03\/MicrosoftTeams-image-42.webp\",\"width\":990,\"height\":660},{\"@type\":\"BreadcrumbList\",\"@id\":\"https:\/\/www.welovecycling.com\/pl\/2024\/03\/01\/nareszcie-zaczyna-sie-piekny-miesiac-w-swiatowym-kolarstwie\/#breadcrumb\",\"itemListElement\":[{\"@type\":\"ListItem\",\"position\":1,\"name\":\"Home\",\"item\":\"https:\/\/www.welovecycling.com\/pl\/\"},{\"@type\":\"ListItem\",\"position\":2,\"name\":\"Nareszcie! Zaczyna si\u0119 pi\u0119kny miesi\u0105c w \u015bwiatowym kolarstwie\"}]},{\"@type\":\"WebSite\",\"@id\":\"https:\/\/www.welovecycling.com\/pl\/#website\",\"url\":\"https:\/\/www.welovecycling.com\/pl\/\",\"name\":\"\u0160koda We Love Cycling - Poland\",\"description\":\"\",\"potentialAction\":[{\"@type\":\"SearchAction\",\"target\":{\"@type\":\"EntryPoint\",\"urlTemplate\":\"https:\/\/www.welovecycling.com\/pl\/?s={search_term_string}\"},\"query-input\":{\"@type\":\"PropertyValueSpecification\",\"valueRequired\":true,\"valueName\":\"search_term_string\"}}],\"inLanguage\":\"pl-PL\"},{\"@type\":\"Person\",\"@id\":\"https:\/\/www.welovecycling.com\/pl\/#\/schema\/person\/bf06ed916a1ef16618807fb60d2ebe42\",\"name\":\"rafal\",\"image\":{\"@type\":\"ImageObject\",\"inLanguage\":\"pl-PL\",\"@id\":\"https:\/\/www.welovecycling.com\/pl\/#\/schema\/person\/image\/\",\"url\":\"https:\/\/secure.gravatar.com\/avatar\/203f240e63bee214f6f3a0dacbeb600c7829c09716c2b9ee3230c6961debcde2?s=96&d=mm&r=g\",\"contentUrl\":\"https:\/\/secure.gravatar.com\/avatar\/203f240e63bee214f6f3a0dacbeb600c7829c09716c2b9ee3230c6961debcde2?s=96&d=mm&r=g\",\"caption\":\"rafal\"},\"url\":\"https:\/\/www.welovecycling.com\/pl\/author\/rafal\/\"}]}<\/script>\n<!-- \/ Yoast SEO Premium plugin. -->","yoast_head_json":{"title":"Nareszcie! Zaczyna si\u0119 pi\u0119kny miesi\u0105c w \u015bwiatowym kolarstwie - \u0160koda We Love Cycling - Poland","robots":{"index":"index","follow":"follow","max-snippet":"max-snippet:-1","max-image-preview":"max-image-preview:large","max-video-preview":"max-video-preview:-1"},"canonical":"https:\/\/www.welovecycling.com\/pl\/2024\/03\/01\/nareszcie-zaczyna-sie-piekny-miesiac-w-swiatowym-kolarstwie\/","og_locale":"pl_PL","og_type":"article","og_title":"Nareszcie! Zaczyna si\u0119 pi\u0119kny miesi\u0105c w \u015bwiatowym kolarstwie","og_description":"Rywalizacja w ramach UCI World Tour wraca do Europy i to z przytupem. Na pocz\u0105tek pi\u0119kny klasyk, nast\u0119pnie rozgrzewka przed [&hellip;]","og_url":"https:\/\/www.welovecycling.com\/pl\/2024\/03\/01\/nareszcie-zaczyna-sie-piekny-miesiac-w-swiatowym-kolarstwie\/","og_site_name":"\u0160koda We Love Cycling - Poland","article_published_time":"2024-03-01T13:09:41+00:00","og_image":[{"width":990,"height":660,"url":"https:\/\/d2p6e6u75xmxt8.cloudfront.net\/5\/2024\/03\/MicrosoftTeams-image-42.webp","type":"image\/webp"}],"author":"rafal","twitter_card":"summary_large_image","twitter_misc":{"Written by":"Piotr Nowik","Est. reading time":"4"},"schema":{"@context":"https:\/\/schema.org","@graph":[{"@type":"WebPage","@id":"https:\/\/www.welovecycling.com\/pl\/2024\/03\/01\/nareszcie-zaczyna-sie-piekny-miesiac-w-swiatowym-kolarstwie\/","url":"https:\/\/www.welovecycling.com\/pl\/2024\/03\/01\/nareszcie-zaczyna-sie-piekny-miesiac-w-swiatowym-kolarstwie\/","name":"Nareszcie! Zaczyna si\u0119 pi\u0119kny miesi\u0105c w \u015bwiatowym kolarstwie - \u0160koda We Love Cycling - Poland","isPartOf":{"@id":"https:\/\/www.welovecycling.com\/pl\/#website"},"primaryImageOfPage":{"@id":"https:\/\/www.welovecycling.com\/pl\/2024\/03\/01\/nareszcie-zaczyna-sie-piekny-miesiac-w-swiatowym-kolarstwie\/#primaryimage"},"image":{"@id":"https:\/\/www.welovecycling.com\/pl\/2024\/03\/01\/nareszcie-zaczyna-sie-piekny-miesiac-w-swiatowym-kolarstwie\/#primaryimage"},"thumbnailUrl":"https:\/\/d2p6e6u75xmxt8.cloudfront.net\/5\/2024\/03\/MicrosoftTeams-image-42.webp","datePublished":"2024-03-01T13:09:41+00:00","author":{"@id":"https:\/\/www.welovecycling.com\/pl\/#\/schema\/person\/bf06ed916a1ef16618807fb60d2ebe42"},"breadcrumb":{"@id":"https:\/\/www.welovecycling.com\/pl\/2024\/03\/01\/nareszcie-zaczyna-sie-piekny-miesiac-w-swiatowym-kolarstwie\/#breadcrumb"},"inLanguage":"pl-PL","potentialAction":[{"@type":"ReadAction","target":["https:\/\/www.welovecycling.com\/pl\/2024\/03\/01\/nareszcie-zaczyna-sie-piekny-miesiac-w-swiatowym-kolarstwie\/"]}]},{"@type":"ImageObject","inLanguage":"pl-PL","@id":"https:\/\/www.welovecycling.com\/pl\/2024\/03\/01\/nareszcie-zaczyna-sie-piekny-miesiac-w-swiatowym-kolarstwie\/#primaryimage","url":"https:\/\/d2p6e6u75xmxt8.cloudfront.net\/5\/2024\/03\/MicrosoftTeams-image-42.webp","contentUrl":"https:\/\/d2p6e6u75xmxt8.cloudfront.net\/5\/2024\/03\/MicrosoftTeams-image-42.webp","width":990,"height":660},{"@type":"BreadcrumbList","@id":"https:\/\/www.welovecycling.com\/pl\/2024\/03\/01\/nareszcie-zaczyna-sie-piekny-miesiac-w-swiatowym-kolarstwie\/#breadcrumb","itemListElement":[{"@type":"ListItem","position":1,"name":"Home","item":"https:\/\/www.welovecycling.com\/pl\/"},{"@type":"ListItem","position":2,"name":"Nareszcie! Zaczyna si\u0119 pi\u0119kny miesi\u0105c w \u015bwiatowym kolarstwie"}]},{"@type":"WebSite","@id":"https:\/\/www.welovecycling.com\/pl\/#website","url":"https:\/\/www.welovecycling.com\/pl\/","name":"\u0160koda We Love Cycling - Poland","description":"","potentialAction":[{"@type":"SearchAction","target":{"@type":"EntryPoint","urlTemplate":"https:\/\/www.welovecycling.com\/pl\/?s={search_term_string}"},"query-input":{"@type":"PropertyValueSpecification","valueRequired":true,"valueName":"search_term_string"}}],"inLanguage":"pl-PL"},{"@type":"Person","@id":"https:\/\/www.welovecycling.com\/pl\/#\/schema\/person\/bf06ed916a1ef16618807fb60d2ebe42","name":"rafal","image":{"@type":"ImageObject","inLanguage":"pl-PL","@id":"https:\/\/www.welovecycling.com\/pl\/#\/schema\/person\/image\/","url":"https:\/\/secure.gravatar.com\/avatar\/203f240e63bee214f6f3a0dacbeb600c7829c09716c2b9ee3230c6961debcde2?s=96&d=mm&r=g","contentUrl":"https:\/\/secure.gravatar.com\/avatar\/203f240e63bee214f6f3a0dacbeb600c7829c09716c2b9ee3230c6961debcde2?s=96&d=mm&r=g","caption":"rafal"},"url":"https:\/\/www.welovecycling.com\/pl\/author\/rafal\/"}]}},"_links":{"self":[{"href":"https:\/\/www.welovecycling.com\/pl\/wp-json\/wp\/v2\/posts\/14591","targetHints":{"allow":["GET"]}}],"collection":[{"href":"https:\/\/www.welovecycling.com\/pl\/wp-json\/wp\/v2\/posts"}],"about":[{"href":"https:\/\/www.welovecycling.com\/pl\/wp-json\/wp\/v2\/types\/post"}],"author":[{"embeddable":true,"href":"https:\/\/www.welovecycling.com\/pl\/wp-json\/wp\/v2\/users\/153"}],"replies":[{"embeddable":true,"href":"https:\/\/www.welovecycling.com\/pl\/wp-json\/wp\/v2\/comments?post=14591"}],"version-history":[{"count":2,"href":"https:\/\/www.welovecycling.com\/pl\/wp-json\/wp\/v2\/posts\/14591\/revisions"}],"predecessor-version":[{"id":14594,"href":"https:\/\/www.welovecycling.com\/pl\/wp-json\/wp\/v2\/posts\/14591\/revisions\/14594"}],"wp:featuredmedia":[{"embeddable":true,"href":"https:\/\/www.welovecycling.com\/pl\/wp-json\/wp\/v2\/media\/14592"}],"wp:attachment":[{"href":"https:\/\/www.welovecycling.com\/pl\/wp-json\/wp\/v2\/media?parent=14591"}],"wp:term":[{"taxonomy":"category","embeddable":true,"href":"https:\/\/www.welovecycling.com\/pl\/wp-json\/wp\/v2\/categories?post=14591"},{"taxonomy":"post_tag","embeddable":true,"href":"https:\/\/www.welovecycling.com\/pl\/wp-json\/wp\/v2\/tags?post=14591"},{"taxonomy":"global-categories","embeddable":true,"href":"https:\/\/www.welovecycling.com\/pl\/wp-json\/wp\/v2\/global-categories?post=14591"}],"curies":[{"name":"wp","href":"https:\/\/api.w.org\/{rel}","templated":true}]}}