{"id":14587,"date":"2024-02-29T16:39:20","date_gmt":"2024-02-29T16:39:20","guid":{"rendered":"https:\/\/www.welovecycling.com\/pl\/?p=14587"},"modified":"2024-02-29T16:39:20","modified_gmt":"2024-02-29T16:39:20","slug":"skoda-przedluza-umowe-sponsorska-z-tour-de-france-oraz-tour-de-france-femmes-avec-zwift-do-2028-roku","status":"publish","type":"post","link":"https:\/\/www.welovecycling.com\/pl\/2024\/02\/29\/skoda-przedluza-umowe-sponsorska-z-tour-de-france-oraz-tour-de-france-femmes-avec-zwift-do-2028-roku\/","title":{"rendered":"\u0160koda przed\u0142u\u017ca umow\u0119 sponsorsk\u0105 z Tour de France oraz Tour de France Femmes avec Zwift do 2028 roku"},"content":{"rendered":"<p><strong>&#8211; Nowe umowy partnerskie zosta\u0142y podpisane pomi\u0119dzy \u0160koda Auto a organizatorem Tour de France \u2013 A.S.O. oraz organizatorem wy\u015bcigu La Vuelta \u2013 Unipublic.<\/strong><\/p>\n<p><strong>&#8211; Umowy z Grand Tours La Vuelta i La Vuelta Feminina by Carrefour.es r\u00f3wnie\u017c zosta\u0142y przed\u0142u\u017cone do 2028 roku.<\/strong><\/p>\n<p><strong>&#8211; \u0141\u0105cznie dotyczy to 20 mi\u0119dzynarodowych imprez rowerowych.<\/strong><\/p>\n<p><strong>&#8211; \u0160koda Auto anga\u017cuje si\u0119 w zr\u00f3wnowa\u017cony rozw\u00f3j wszystkich wy\u015bcig\u00f3w, dostarczaj\u0105c organizatorom nawet do 250 pojazd\u00f3w w pe\u0142ni elektrycznych i hybryd typu plug-in.<\/strong><\/p>\n<p><strong>&#8211; Bliskie zwi\u0105zki marki \u0160koda z kolarstwem kszta\u0142tuj\u0105 jej kluczowe inicjatywy sponsorskie.<\/strong><\/p>\n<p>Mlad\u00e1 Boleslav, 29 lutego 2024. \u0160koda Auto \u2013 od 20 lat oficjalny g\u0142\u00f3wny partner Tour de France i dostawca pojazd\u00f3w u\u017cywanych podczas wy\u015bcigu \u2013 og\u0142asza przed\u0142u\u017cenie wsp\u00f3\u0142pracy do 2028 roku. Odnowiona umowa z Amaury Sport Organisation (A.S.O.) obejmuje r\u00f3wnie\u017c Tour de France Femmes avec Zwift oraz 18 innych mi\u0119dzynarodowych imprez kolarskich, w tym pi\u0119\u0107 samodzielnych wy\u015bcig\u00f3w kobiet. Obie strony wsp\u00f3\u0142pracy podkre\u015blaj\u0105 swoje zaanga\u017cowanie w zr\u00f3wnowa\u017cony rozw\u00f3j poprzez podejmowanie krok\u00f3w w celu dalszej elektryfikacji flot pojazd\u00f3w wykorzystywanych we wszystkich wy\u015bcigach.<\/p>\n<p>Klaus Zellmer, CEO \u0160koda Auto, m\u00f3wi: \u201eWspieranie misji A.S.O., jednego z najwi\u0119kszych na \u015bwiecie organizator\u00f3w wy\u015bcig\u00f3w rowerowych, to dla nas zaszczyt i przywilej. W ko\u0144cu zaczynali\u015bmy prawie 130 lat temu jako firma produkuj\u0105ca rowery, a kolarstwo stanowi dzi\u015b pasj\u0119 wielu naszych klient\u00f3w, kt\u00f3rzy na dw\u00f3ch k\u00f3\u0142kach dokonuj\u0105 swoich codziennych odkry\u0107. Od 20 lat jeste\u015bmy g\u0142\u00f3wnym partnerem Tour de France i dostawc\u0105 samochod\u00f3w u\u017cywanych podczas tego wy\u015bcigu, wi\u0119c logicznym krokiem jest rozszerzenie naszych relacji i wspieranie rosn\u0105cego portfolio wydarze\u0144 \u2013 zar\u00f3wno dla m\u0119\u017cczyzn, jak i kobiet, profesjonalist\u00f3w i amator\u00f3w. Chcemy pom\u00f3c A.S.O. i spo\u0142eczno\u015bci rowerowej inspirowa\u0107 ludzi do osi\u0105gania indywidualnych cel\u00f3w, pracy zespo\u0142owej i uczciwo\u015bci\u201d.<\/p>\n<p>Martin Jahn, cz\u0142onek zarz\u0105du \u0160koda Auto ds. sprzeda\u017cy i marketingu, dodaje: \u201eKontynuuj\u0105c nasz\u0105 opart\u0105 na zaufaniu wsp\u00f3\u0142prac\u0119 z A.S.O. i Tour de France, \u0160koda Auto potwierdza swoj\u0105 siln\u0105 relacj\u0119 z kolarstwem i jego fanami na ca\u0142ym globie. Tour de France to najch\u0119tniej ogl\u0105dany wy\u015bcig kolarski na \u015bwiecie. W 2023 roku w samej Europie przyci\u0105gn\u0105\u0142 prawie 150 milion\u00f3w widz\u00f3w. To wyj\u0105tkowe zainteresowanie przynosi ogromne korzy\u015bci naszym produktom i pozwala nam wzmocni\u0107 pozycj\u0119 \u0160kody jako kluczowego patrona kolarstwa, a tak\u017ce uczci\u0107 dziedzictwo naszej marki\u201d.<\/p>\n<p><span style=\"font-size: 18pt;\"><strong>\u0160koda Auto wesprze 20 mi\u0119dzynarodowych wy\u015bcig\u00f3w kolarskich do 2028 roku<\/strong><\/span><\/p>\n<p>\u0160koda Auto pozostaje oficjalnym g\u0142\u00f3wnym partnerem zar\u00f3wno Tour de France, jak i Tour de France Femmes avec Zwift do 2028 roku. Wsp\u00f3\u0142praca z organizatorami: A.S.O., Unipublic i GFR obejmuje zawody kolarskie zar\u00f3wno m\u0119\u017cczyzn, jak i kobiet, takie jak La Vuelta w Hiszpanii, belgijskie klasyki La Fl\u00e8che Wallonne i Li\u00e8ge\u2013Bastogne\u2013Li\u00e8ge i inne. Na mocy um\u00f3w podpisanych przez dyrektora generalnego A.S.O. Yanna Le Mo\u00ebnnera, dyrektora Tour de France Christiana Prudhomme\u2019a, dyrektora ds. medi\u00f3w i partnerstwa Juliena Goupila, CEO \u0160koda Auto Klausa Zellmera oraz cz\u0142onka zarz\u0105du \u0160koda Auto ds. sprzeda\u017cy i marketingu Martina Jahna \u0160koda Auto i A.S.O. podkre\u015blaj\u0105 swoje zaanga\u017cowanie w dzia\u0142ania na rzecz zr\u00f3wnowa\u017conej mobilno\u015bci.<\/p>\n<p><span style=\"font-size: 18pt;\"><strong>\u0160koda Auto elektryfikuje flot\u0119 pojazd\u00f3w na wszystkie wy\u015bcigi<\/strong><\/span><\/p>\n<p>\u0160koda Auto i A.S.O. zobowi\u0105zuj\u0105 si\u0119 do elektryfikacji flot pojazd\u00f3w przeznaczonych na wszystkie wy\u015bcigi obj\u0119te umowami. Ich organizatorzy b\u0119d\u0105 mieli do dyspozycji nawet do 250 w pe\u0142ni elektrycznych lub hybrydowych modeli \u0160kody. W tym roku \u0160koda wspiera Tour de France po raz 21. W pe\u0142ni elektryczny Enyaq, a tak\u017ce Superb, b\u0119d\u0105cy hybryd\u0105 typu plug-in, pos\u0142u\u017c\u0105 jako \u201eczerwone samochody\u201d \u2013 mobilne centra dowodzenia dla organizator\u00f3w i dyrektora wy\u015bcigu Christiana Prudhomme\u2019a. Ponadto czeski producent b\u0119dzie sponsorem zielonej koszulki dla lidera klasyfikacji punktowej i ponownie wykona dla zwyci\u0119zc\u00f3w trofea ze szk\u0142a kryszta\u0142owego.<\/p>\n<p>Wsp\u00f3\u0142praca obejmuje tak\u017ce Tour de France Femmes avec Zwift. Od pierwszej edycji wy\u015bcigu w 2022 roku \u0160koda zapewnia mu flot\u0119 pojazd\u00f3w, sponsoruje zielon\u0105 koszulk\u0119 i projektuje trofeum dla zwyci\u0119\u017cczyni klasyfikacji punktowej.<\/p>\n<p><span style=\"font-size: 18pt;\"><strong>Do\u015bwiadcz wy\u015bcig\u00f3w kolarskich cyfrowo ze \u0160koda Auto<\/strong><\/span><\/p>\n<p>Rozszerzaj\u0105c swoje zaanga\u017cowanie z wydarze\u0144 na \u017cywo na media cyfrowe, \u0160koda wspiera aplikacje mobilne na wy\u015bcigach Tour de France i La Vuelta. Te aplikacje zapewniaj\u0105 fanom aktualizacje na \u017cywo, przegl\u0105d najciekawszych moment\u00f3w z ka\u017cdego dnia zmaga\u0144 oraz t\u0142o wydarze\u0144. Ponadto strona internetowa \u0160kody WeLoveCycling.com oferuje wi\u0119cej tre\u015bci zwi\u0105zanych z jazd\u0105 na rowerze, co stanowi nawi\u0105zanie do pocz\u0105tk\u00f3w marki. Za\u0142o\u017cyciele \u0160kody, V\u00e1clav Laurin i V\u00e1clav Klement, rozpocz\u0119li jej histori\u0119 sukcesu w 1895 roku od produkcji rower\u00f3w w miejscowo\u015bci Mlad\u00e1 Boleslav, dlatego te\u017c kolarstwo znajduje si\u0119 w centrum strategii sponsorskiej firmy.<\/p>\n<p><span style=\"font-size: 18pt;\"><strong>Wydarzenia obj\u0119te umow\u0105 sponsorsk\u0105:<\/strong><\/span><\/p>\n<p>&#8211; Tour de France<\/p>\n<p>&#8211; Tour de France Femmes avec Zwift<\/p>\n<p>&#8211; La Vuelta<\/p>\n<p>&#8211; La Vuelta Femenina by Carrefour.es<\/p>\n<p>&#8211; Pary\u017c\u2013Nicea<\/p>\n<p>&#8211; Pary\u017c\u2013Roubaix<\/p>\n<p>&#8211; Pary\u017c\u2013Roubaix Femmes avec Zwift<\/p>\n<p>&#8211; La Fl\u00e8che Walonne<\/p>\n<p>&#8211; La Fl\u00e8che Walonne Femmes<\/p>\n<p>&#8211; Li\u00e8ge\u2013Bastogne\u2013Li\u00e8ge<\/p>\n<p>&#8211; Li\u00e8ge\u2013Bastogne\u2013Li\u00e8ge Femmes<\/p>\n<p>&#8211; Crit\u00e9rium du Dauphin\u00e9<\/p>\n<p>&#8211; Paris\u2013Tours<\/p>\n<p>&#8211; L\u2019Etape du Tour (wy\u015bcig amatorski)<\/p>\n<p>&#8211; Deutschland Tour<\/p>\n<p>&#8211; Eschborn-Frankfurt<\/p>\n<p>&#8211; Volta Ciclista a Catalunya<\/p>\n<p>&#8211; Itzulia Basque Country<\/p>\n<p>&#8211; Cl\u00e1sica San Sebasti\u00e1n<\/p>\n<p>&#8211; Tro Bro Leon.<\/p>\n<p><span data-sheets-value=\"{&quot;1&quot;:2,&quot;2&quot;:&quot;Artyku\u0142 powsta\u0142 we wsp\u00f3\u0142pracy ze skoda-auto.pl&quot;}\" data-sheets-userformat=\"{&quot;2&quot;:1,&quot;3&quot;:{&quot;1&quot;:0}}\" data-sheets-hyperlink=\"http:\/\/www.skoda-auto.pl\/\"><a class=\"in-cell-link\" href=\"http:\/\/www.skoda-auto.pl\/\" target=\"_blank\" rel=\"noopener noreferrer\">Artyku\u0142 powsta\u0142 we wsp\u00f3\u0142pracy ze skoda-auto.pl<\/a><\/span><\/p>\n<p><img decoding=\"async\" src=\"https:\/\/d2p6e6u75xmxt8.cloudfront.net\/5\/2030\/11\/2.webp\" \/><\/p>\n","protected":false},"excerpt":{"rendered":"<p>&#8211; Nowe umowy partnerskie zosta\u0142y podpisane pomi\u0119dzy \u0160koda Auto a organizatorem Tour de France \u2013 A.S.O. oraz organizatorem wy\u015bcigu La [&hellip;]<\/p>\n","protected":false},"author":153,"featured_media":14589,"comment_status":"open","ping_status":"open","sticky":false,"template":"","format":"standard","meta":{"footnotes":""},"categories":[337],"tags":[151,191,404,77,406],"global-categories":[303],"class_list":["post-14587","post","type-post","status-publish","format-standard","has-post-thumbnail","hentry","category-tour-de-france","tag-kolarstwo-szosowe","tag-skoda","tag-skodapolska","tag-tour-de-france","tag-tour-de-france-femmes","global-categories-cycling"],"yoast_head":"<!-- This site is optimized with the Yoast SEO Premium plugin v25.3 (Yoast SEO v25.9) - https:\/\/yoast.com\/wordpress\/plugins\/seo\/ -->\n<title>\u0160koda przed\u0142u\u017ca umow\u0119 sponsorsk\u0105 z Tour de France oraz Tour de France Femmes avec Zwift do 2028 roku - \u0160koda We Love Cycling - Poland<\/title>\n<meta name=\"robots\" content=\"index, follow, max-snippet:-1, max-image-preview:large, max-video-preview:-1\" \/>\n<link rel=\"canonical\" href=\"https:\/\/www.welovecycling.com\/pl\/2024\/02\/29\/skoda-przedluza-umowe-sponsorska-z-tour-de-france-oraz-tour-de-france-femmes-avec-zwift-do-2028-roku\/\" \/>\n<meta property=\"og:locale\" content=\"pl_PL\" \/>\n<meta property=\"og:type\" content=\"article\" \/>\n<meta property=\"og:title\" content=\"\u0160koda przed\u0142u\u017ca umow\u0119 sponsorsk\u0105 z Tour de France oraz Tour de France Femmes avec Zwift do 2028 roku\" \/>\n<meta property=\"og:description\" content=\"&#8211; Nowe umowy partnerskie zosta\u0142y podpisane pomi\u0119dzy \u0160koda Auto a organizatorem Tour de France \u2013 A.S.O. oraz organizatorem wy\u015bcigu La [&hellip;]\" \/>\n<meta property=\"og:url\" content=\"https:\/\/www.welovecycling.com\/pl\/2024\/02\/29\/skoda-przedluza-umowe-sponsorska-z-tour-de-france-oraz-tour-de-france-femmes-avec-zwift-do-2028-roku\/\" \/>\n<meta property=\"og:site_name\" content=\"\u0160koda We Love Cycling - Poland\" \/>\n<meta property=\"article:published_time\" content=\"2024-02-29T16:39:20+00:00\" \/>\n<meta property=\"og:image\" content=\"https:\/\/d2p6e6u75xmxt8.cloudfront.net\/5\/2024\/02\/MicrosoftTeams-image-40.webp\" \/>\n\t<meta property=\"og:image:width\" content=\"990\" \/>\n\t<meta property=\"og:image:height\" content=\"660\" \/>\n\t<meta property=\"og:image:type\" content=\"image\/webp\" \/>\n<meta name=\"author\" content=\"rafal\" \/>\n<meta name=\"twitter:card\" content=\"summary_large_image\" \/>\n<meta name=\"twitter:label1\" content=\"Written by\" \/>\n\t<meta name=\"twitter:data1\" content=\"We Love Cycling\" \/>\n\t<meta name=\"twitter:label2\" content=\"Est. reading time\" \/>\n\t<meta name=\"twitter:data2\" content=\"8\" \/>\n<script type=\"application\/ld+json\" class=\"yoast-schema-graph\">{\"@context\":\"https:\/\/schema.org\",\"@graph\":[{\"@type\":\"WebPage\",\"@id\":\"https:\/\/www.welovecycling.com\/pl\/2024\/02\/29\/skoda-przedluza-umowe-sponsorska-z-tour-de-france-oraz-tour-de-france-femmes-avec-zwift-do-2028-roku\/\",\"url\":\"https:\/\/www.welovecycling.com\/pl\/2024\/02\/29\/skoda-przedluza-umowe-sponsorska-z-tour-de-france-oraz-tour-de-france-femmes-avec-zwift-do-2028-roku\/\",\"name\":\"\u0160koda przed\u0142u\u017ca umow\u0119 sponsorsk\u0105 z Tour de France oraz Tour de France Femmes avec Zwift do 2028 roku - \u0160koda We Love Cycling - Poland\",\"isPartOf\":{\"@id\":\"https:\/\/www.welovecycling.com\/pl\/#website\"},\"primaryImageOfPage\":{\"@id\":\"https:\/\/www.welovecycling.com\/pl\/2024\/02\/29\/skoda-przedluza-umowe-sponsorska-z-tour-de-france-oraz-tour-de-france-femmes-avec-zwift-do-2028-roku\/#primaryimage\"},\"image\":{\"@id\":\"https:\/\/www.welovecycling.com\/pl\/2024\/02\/29\/skoda-przedluza-umowe-sponsorska-z-tour-de-france-oraz-tour-de-france-femmes-avec-zwift-do-2028-roku\/#primaryimage\"},\"thumbnailUrl\":\"https:\/\/d2p6e6u75xmxt8.cloudfront.net\/5\/2024\/02\/MicrosoftTeams-image-40.webp\",\"datePublished\":\"2024-02-29T16:39:20+00:00\",\"author\":{\"@id\":\"https:\/\/www.welovecycling.com\/pl\/#\/schema\/person\/bf06ed916a1ef16618807fb60d2ebe42\"},\"breadcrumb\":{\"@id\":\"https:\/\/www.welovecycling.com\/pl\/2024\/02\/29\/skoda-przedluza-umowe-sponsorska-z-tour-de-france-oraz-tour-de-france-femmes-avec-zwift-do-2028-roku\/#breadcrumb\"},\"inLanguage\":\"pl-PL\",\"potentialAction\":[{\"@type\":\"ReadAction\",\"target\":[\"https:\/\/www.welovecycling.com\/pl\/2024\/02\/29\/skoda-przedluza-umowe-sponsorska-z-tour-de-france-oraz-tour-de-france-femmes-avec-zwift-do-2028-roku\/\"]}]},{\"@type\":\"ImageObject\",\"inLanguage\":\"pl-PL\",\"@id\":\"https:\/\/www.welovecycling.com\/pl\/2024\/02\/29\/skoda-przedluza-umowe-sponsorska-z-tour-de-france-oraz-tour-de-france-femmes-avec-zwift-do-2028-roku\/#primaryimage\",\"url\":\"https:\/\/d2p6e6u75xmxt8.cloudfront.net\/5\/2024\/02\/MicrosoftTeams-image-40.webp\",\"contentUrl\":\"https:\/\/d2p6e6u75xmxt8.cloudfront.net\/5\/2024\/02\/MicrosoftTeams-image-40.webp\",\"width\":990,\"height\":660},{\"@type\":\"BreadcrumbList\",\"@id\":\"https:\/\/www.welovecycling.com\/pl\/2024\/02\/29\/skoda-przedluza-umowe-sponsorska-z-tour-de-france-oraz-tour-de-france-femmes-avec-zwift-do-2028-roku\/#breadcrumb\",\"itemListElement\":[{\"@type\":\"ListItem\",\"position\":1,\"name\":\"Home\",\"item\":\"https:\/\/www.welovecycling.com\/pl\/\"},{\"@type\":\"ListItem\",\"position\":2,\"name\":\"\u0160koda przed\u0142u\u017ca umow\u0119 sponsorsk\u0105 z Tour de France oraz Tour de France Femmes avec Zwift do 2028 roku\"}]},{\"@type\":\"WebSite\",\"@id\":\"https:\/\/www.welovecycling.com\/pl\/#website\",\"url\":\"https:\/\/www.welovecycling.com\/pl\/\",\"name\":\"\u0160koda We Love Cycling - Poland\",\"description\":\"\",\"potentialAction\":[{\"@type\":\"SearchAction\",\"target\":{\"@type\":\"EntryPoint\",\"urlTemplate\":\"https:\/\/www.welovecycling.com\/pl\/?s={search_term_string}\"},\"query-input\":{\"@type\":\"PropertyValueSpecification\",\"valueRequired\":true,\"valueName\":\"search_term_string\"}}],\"inLanguage\":\"pl-PL\"},{\"@type\":\"Person\",\"@id\":\"https:\/\/www.welovecycling.com\/pl\/#\/schema\/person\/bf06ed916a1ef16618807fb60d2ebe42\",\"name\":\"rafal\",\"image\":{\"@type\":\"ImageObject\",\"inLanguage\":\"pl-PL\",\"@id\":\"https:\/\/www.welovecycling.com\/pl\/#\/schema\/person\/image\/\",\"url\":\"https:\/\/secure.gravatar.com\/avatar\/203f240e63bee214f6f3a0dacbeb600c7829c09716c2b9ee3230c6961debcde2?s=96&d=mm&r=g\",\"contentUrl\":\"https:\/\/secure.gravatar.com\/avatar\/203f240e63bee214f6f3a0dacbeb600c7829c09716c2b9ee3230c6961debcde2?s=96&d=mm&r=g\",\"caption\":\"rafal\"},\"url\":\"https:\/\/www.welovecycling.com\/pl\/author\/rafal\/\"}]}<\/script>\n<!-- \/ Yoast SEO Premium plugin. -->","yoast_head_json":{"title":"\u0160koda przed\u0142u\u017ca umow\u0119 sponsorsk\u0105 z Tour de France oraz Tour de France Femmes avec Zwift do 2028 roku - \u0160koda We Love Cycling - Poland","robots":{"index":"index","follow":"follow","max-snippet":"max-snippet:-1","max-image-preview":"max-image-preview:large","max-video-preview":"max-video-preview:-1"},"canonical":"https:\/\/www.welovecycling.com\/pl\/2024\/02\/29\/skoda-przedluza-umowe-sponsorska-z-tour-de-france-oraz-tour-de-france-femmes-avec-zwift-do-2028-roku\/","og_locale":"pl_PL","og_type":"article","og_title":"\u0160koda przed\u0142u\u017ca umow\u0119 sponsorsk\u0105 z Tour de France oraz Tour de France Femmes avec Zwift do 2028 roku","og_description":"&#8211; Nowe umowy partnerskie zosta\u0142y podpisane pomi\u0119dzy \u0160koda Auto a organizatorem Tour de France \u2013 A.S.O. oraz organizatorem wy\u015bcigu La [&hellip;]","og_url":"https:\/\/www.welovecycling.com\/pl\/2024\/02\/29\/skoda-przedluza-umowe-sponsorska-z-tour-de-france-oraz-tour-de-france-femmes-avec-zwift-do-2028-roku\/","og_site_name":"\u0160koda We Love Cycling - Poland","article_published_time":"2024-02-29T16:39:20+00:00","og_image":[{"width":990,"height":660,"url":"https:\/\/d2p6e6u75xmxt8.cloudfront.net\/5\/2024\/02\/MicrosoftTeams-image-40.webp","type":"image\/webp"}],"author":"rafal","twitter_card":"summary_large_image","twitter_misc":{"Written by":"We Love Cycling","Est. reading time":"8"},"schema":{"@context":"https:\/\/schema.org","@graph":[{"@type":"WebPage","@id":"https:\/\/www.welovecycling.com\/pl\/2024\/02\/29\/skoda-przedluza-umowe-sponsorska-z-tour-de-france-oraz-tour-de-france-femmes-avec-zwift-do-2028-roku\/","url":"https:\/\/www.welovecycling.com\/pl\/2024\/02\/29\/skoda-przedluza-umowe-sponsorska-z-tour-de-france-oraz-tour-de-france-femmes-avec-zwift-do-2028-roku\/","name":"\u0160koda przed\u0142u\u017ca umow\u0119 sponsorsk\u0105 z Tour de France oraz Tour de France Femmes avec Zwift do 2028 roku - \u0160koda We Love Cycling - Poland","isPartOf":{"@id":"https:\/\/www.welovecycling.com\/pl\/#website"},"primaryImageOfPage":{"@id":"https:\/\/www.welovecycling.com\/pl\/2024\/02\/29\/skoda-przedluza-umowe-sponsorska-z-tour-de-france-oraz-tour-de-france-femmes-avec-zwift-do-2028-roku\/#primaryimage"},"image":{"@id":"https:\/\/www.welovecycling.com\/pl\/2024\/02\/29\/skoda-przedluza-umowe-sponsorska-z-tour-de-france-oraz-tour-de-france-femmes-avec-zwift-do-2028-roku\/#primaryimage"},"thumbnailUrl":"https:\/\/d2p6e6u75xmxt8.cloudfront.net\/5\/2024\/02\/MicrosoftTeams-image-40.webp","datePublished":"2024-02-29T16:39:20+00:00","author":{"@id":"https:\/\/www.welovecycling.com\/pl\/#\/schema\/person\/bf06ed916a1ef16618807fb60d2ebe42"},"breadcrumb":{"@id":"https:\/\/www.welovecycling.com\/pl\/2024\/02\/29\/skoda-przedluza-umowe-sponsorska-z-tour-de-france-oraz-tour-de-france-femmes-avec-zwift-do-2028-roku\/#breadcrumb"},"inLanguage":"pl-PL","potentialAction":[{"@type":"ReadAction","target":["https:\/\/www.welovecycling.com\/pl\/2024\/02\/29\/skoda-przedluza-umowe-sponsorska-z-tour-de-france-oraz-tour-de-france-femmes-avec-zwift-do-2028-roku\/"]}]},{"@type":"ImageObject","inLanguage":"pl-PL","@id":"https:\/\/www.welovecycling.com\/pl\/2024\/02\/29\/skoda-przedluza-umowe-sponsorska-z-tour-de-france-oraz-tour-de-france-femmes-avec-zwift-do-2028-roku\/#primaryimage","url":"https:\/\/d2p6e6u75xmxt8.cloudfront.net\/5\/2024\/02\/MicrosoftTeams-image-40.webp","contentUrl":"https:\/\/d2p6e6u75xmxt8.cloudfront.net\/5\/2024\/02\/MicrosoftTeams-image-40.webp","width":990,"height":660},{"@type":"BreadcrumbList","@id":"https:\/\/www.welovecycling.com\/pl\/2024\/02\/29\/skoda-przedluza-umowe-sponsorska-z-tour-de-france-oraz-tour-de-france-femmes-avec-zwift-do-2028-roku\/#breadcrumb","itemListElement":[{"@type":"ListItem","position":1,"name":"Home","item":"https:\/\/www.welovecycling.com\/pl\/"},{"@type":"ListItem","position":2,"name":"\u0160koda przed\u0142u\u017ca umow\u0119 sponsorsk\u0105 z Tour de France oraz Tour de France Femmes avec Zwift do 2028 roku"}]},{"@type":"WebSite","@id":"https:\/\/www.welovecycling.com\/pl\/#website","url":"https:\/\/www.welovecycling.com\/pl\/","name":"\u0160koda We Love Cycling - Poland","description":"","potentialAction":[{"@type":"SearchAction","target":{"@type":"EntryPoint","urlTemplate":"https:\/\/www.welovecycling.com\/pl\/?s={search_term_string}"},"query-input":{"@type":"PropertyValueSpecification","valueRequired":true,"valueName":"search_term_string"}}],"inLanguage":"pl-PL"},{"@type":"Person","@id":"https:\/\/www.welovecycling.com\/pl\/#\/schema\/person\/bf06ed916a1ef16618807fb60d2ebe42","name":"rafal","image":{"@type":"ImageObject","inLanguage":"pl-PL","@id":"https:\/\/www.welovecycling.com\/pl\/#\/schema\/person\/image\/","url":"https:\/\/secure.gravatar.com\/avatar\/203f240e63bee214f6f3a0dacbeb600c7829c09716c2b9ee3230c6961debcde2?s=96&d=mm&r=g","contentUrl":"https:\/\/secure.gravatar.com\/avatar\/203f240e63bee214f6f3a0dacbeb600c7829c09716c2b9ee3230c6961debcde2?s=96&d=mm&r=g","caption":"rafal"},"url":"https:\/\/www.welovecycling.com\/pl\/author\/rafal\/"}]}},"_links":{"self":[{"href":"https:\/\/www.welovecycling.com\/pl\/wp-json\/wp\/v2\/posts\/14587","targetHints":{"allow":["GET"]}}],"collection":[{"href":"https:\/\/www.welovecycling.com\/pl\/wp-json\/wp\/v2\/posts"}],"about":[{"href":"https:\/\/www.welovecycling.com\/pl\/wp-json\/wp\/v2\/types\/post"}],"author":[{"embeddable":true,"href":"https:\/\/www.welovecycling.com\/pl\/wp-json\/wp\/v2\/users\/153"}],"replies":[{"embeddable":true,"href":"https:\/\/www.welovecycling.com\/pl\/wp-json\/wp\/v2\/comments?post=14587"}],"version-history":[{"count":2,"href":"https:\/\/www.welovecycling.com\/pl\/wp-json\/wp\/v2\/posts\/14587\/revisions"}],"predecessor-version":[{"id":14590,"href":"https:\/\/www.welovecycling.com\/pl\/wp-json\/wp\/v2\/posts\/14587\/revisions\/14590"}],"wp:featuredmedia":[{"embeddable":true,"href":"https:\/\/www.welovecycling.com\/pl\/wp-json\/wp\/v2\/media\/14589"}],"wp:attachment":[{"href":"https:\/\/www.welovecycling.com\/pl\/wp-json\/wp\/v2\/media?parent=14587"}],"wp:term":[{"taxonomy":"category","embeddable":true,"href":"https:\/\/www.welovecycling.com\/pl\/wp-json\/wp\/v2\/categories?post=14587"},{"taxonomy":"post_tag","embeddable":true,"href":"https:\/\/www.welovecycling.com\/pl\/wp-json\/wp\/v2\/tags?post=14587"},{"taxonomy":"global-categories","embeddable":true,"href":"https:\/\/www.welovecycling.com\/pl\/wp-json\/wp\/v2\/global-categories?post=14587"}],"curies":[{"name":"wp","href":"https:\/\/api.w.org\/{rel}","templated":true}]}}