{"id":14574,"date":"2024-02-26T15:02:40","date_gmt":"2024-02-26T15:02:40","guid":{"rendered":"https:\/\/www.welovecycling.com\/pl\/?p=14574"},"modified":"2024-02-26T15:02:40","modified_gmt":"2024-02-26T15:02:40","slug":"piekno-kolarstwa-zamkniete-w-jednym-etapie-zaskakujace-rozstrzygniecie","status":"publish","type":"post","link":"https:\/\/www.welovecycling.com\/pl\/2024\/02\/26\/piekno-kolarstwa-zamkniete-w-jednym-etapie-zaskakujace-rozstrzygniecie\/","title":{"rendered":"Pi\u0119kno kolarstwa zamkni\u0119te w jednym etapie. Zaskakuj\u0105ce rozstrzygni\u0119cie"},"content":{"rendered":"<p><strong>To mia\u0142 by\u0107 wielki dzie\u0144 gospodarzy, tymczasem na ostatnim etapie UEA Tour dosz\u0142o do sensacji. Ich potkni\u0119cie wykorzysta\u0142 Lennert Van Eetvelt (Lotto Dstny), kt\u00f3ry wygra\u0142 klasyfikacj\u0119 generaln\u0105, mimo \u017ce atakowa\u0142 dopiero z dziewi\u0105tego miejsca. \u2013 To co\u015b niesamowitego \u2013 nie m\u00f3g\u0142 si\u0119 nacieszy\u0107 na mecie 22-letni Belg.<\/strong><\/p>\n<p>UAE Tour to jedyny wy\u015bcig z cyklu UCI World Tour na Bliskim Wschodzie. Jego celem jest przede wszystkim promowanie kolarstwa w tym regionie \u015bwiata, a nie ma lepszej promocji ni\u017c zwyci\u0119stwo gospodarzy. Ekipa UAE Team Emirates ju\u017c w poprzednim sezonie niespodziewanie potkn\u0119\u0142a si\u0119 i odda\u0142a wygran\u0105 Remco Evenepoelowi (Soudal\u2013Quick-Step), ale tym razem mia\u0142o by\u0107 inaczej.<\/p>\n<p><span style=\"font-size: 18pt;\"><strong>Dominacja gospodarzy, ale do czasu<\/strong><\/span><\/p>\n<p>Przez niemal ca\u0142y wy\u015bcig to gospodarze rozdawali karty. Co prawda pierwszy etap wygra\u0142 Tim Merlier z Soudal\u2013Quick-Step, ale p\u00f3\u017aniej do g\u0142osu doszli ju\u017c zawodnicy UAE Team Emirates. Drugi etap zgarn\u0105\u0142 cz\u0142onek tej ekipy, Brandon McNulty, i tym samym obj\u0105\u0142 prowadzenie w klasyfikacji generalnej. Nazajutrz zmieni\u0142 go kolega z zespo\u0142u, Jay Vine, kt\u00f3ry pierwsze miejsce dzier\u017cy\u0142 a\u017c do ostatniego etapu.<\/p>\n<p>\u2013 Ka\u017cdy wy\u015bcig jest inny. Spr\u00f3buj\u0119 po prostu pojecha\u0107 dobre zawody, licz\u0119 r\u00f3wnie\u017c na wsparcie koleg\u00f3w \u2013 zapowiada\u0142 Vine przed ostateczn\u0105 rozgrywk\u0105.<\/p>\n<p><span style=\"font-size: 18pt;\"><strong>Faworyci padali jak muchy<\/strong><\/span><\/p>\n<p>Vine do niedzielnego etapu przyst\u0119powa\u0142 z 11 sekundami przewagi nad drugim Benem O\u2019Connorem (Decathlon\u2013AG2R La Mondiale) i 13 s nad McNultym. Wydawa\u0142o si\u0119, \u017ce w tej sytuacji kolarze z UAE Team Emirates spraw\u0119 zwyci\u0119stwa rozstrzygn\u0105 mi\u0119dzy sob\u0105, ale ostatni wy\u015bcig mia\u0142 zaskakuj\u0105cy przebieg.<\/p>\n<div class=\"embed-controller-wrapper\">\n<blockquote class=\"twitter-tweet\" data-width=\"500\" data-dnt=\"true\">\n<p lang=\"en\" dir=\"ltr\">Final day: Stage 7 &#8211; <a href=\"https:\/\/twitter.com\/iHCOfficial?ref_src=twsrc%5Etfw\">@ihcofficial<\/a> stage has now started with the peloton, 133 riders strong, riding from Bait Mohammad Bin Khalifa and climbing all the way up to Jebel Hafeet!<br \/>See you at the finish line \ud83c\udfc1<br \/>.<br \/>.<br \/>.<a href=\"https:\/\/twitter.com\/AbuDhabiSC?ref_src=twsrc%5Etfw\">@abudhabisc<\/a><a href=\"https:\/\/twitter.com\/DubaiSC?ref_src=twsrc%5Etfw\">@dubaisc<\/a><a href=\"https:\/\/twitter.com\/iHCOfficial?ref_src=twsrc%5Etfw\">@ihcofficial<\/a><a href=\"https:\/\/twitter.com\/italiait?ref_src=twsrc%5Etfw\">@italiait<\/a><a href=\"https:\/\/twitter.com\/NakheelOfficial?ref_src=twsrc%5Etfw\">@Nakheelofficial<\/a> <a href=\"https:\/\/t.co\/giCA4AFxJz\">pic.twitter.com\/giCA4AFxJz<\/a><\/p>\n<p>&mdash; UAE Tour Official (@uae_tour) <a href=\"https:\/\/twitter.com\/uae_tour\/status\/1761760845493604424?ref_src=twsrc%5Etfw\">February 25, 2024<\/a><\/p><\/blockquote>\n<p><script async data-src=\"https:\/\/platform.twitter.com\/widgets.js\" charset=\"utf-8\"><\/script><\/div>\n<p>Przez 150 km zawodnicy jechali do\u015b\u0107 p\u0142ask\u0105 tras\u0105, ale fina\u0142 zaplanowano na stromym podje\u017adzie. Dramat kolarzy UAE Team Emirates rozpocz\u0105\u0142 si\u0119 ju\u017c u podn\u00f3\u017ca \u2013 McNulty jakby zupe\u0142nie odpu\u015bci\u0142 walk\u0119, a za moment bro\u0144 z\u0142o\u017cy\u0142 tak\u017ce Vine. Nieoficjalnie m\u00f3wi\u0142o si\u0119, \u017ce by\u0107 mo\u017ce zawodnik\u00f3w trawi\u0142 jaki\u015b wirus lub w najmniej odpowiednim momencie dopad\u0142 ich kryzys. Efekt by\u0142 taki, \u017ce pozosta\u0142e ekipy \u2013 widz\u0105c k\u0142opoty UAE Team Emirates \u2013 zwietrzy\u0142y szans\u0119 na wygran\u0105.<\/p>\n<p><span style=\"font-size: 18pt;\"><strong>\u201eTo jest po prostu fantastyczne\u201d<\/strong><\/span><\/p>\n<p>Pi\u0119\u0107 kilometr\u00f3w przed met\u0105 zacz\u0119\u0142y si\u0119 pierwsze przetasowania, a trzy kilometry dalej z nadludzk\u0105 si\u0142\u0105 na peda\u0142y nacisn\u0105\u0142 Lennert Van Eetvelt. 22-letni Belg zostawi\u0142 rywali w tyle i rozpocz\u0105\u0142 samotny finisz. Po przeci\u0119ciu mety pozosta\u0142o mu tylko odliczanie sekund przewagi nad najwi\u0119kszymi rywalami i okaza\u0142o si\u0119, \u017ce wygra\u0142 klasyfikacj\u0119 generaln\u0105 o dwie sekundy przed O\u2019Connorem i o 11 s przed Pello Bilbao (Bahrain Victorious).<\/p>\n<div class=\"embed-controller-wrapper\">\n<blockquote class=\"twitter-tweet\" data-width=\"500\" data-dnt=\"true\">\n<p lang=\"en\" dir=\"ltr\">Unstoppable <a href=\"https:\/\/twitter.com\/LennertVEetvelt?ref_src=twsrc%5Etfw\">@LennertVEetvelt<\/a> ! \ud83d\ude80 <a href=\"https:\/\/t.co\/sdEjVNiMGh\">pic.twitter.com\/sdEjVNiMGh<\/a><\/p>\n<p>&mdash; Lotto Dstny (@lotto_dstny) <a href=\"https:\/\/twitter.com\/lotto_dstny\/status\/1761767628505256414?ref_src=twsrc%5Etfw\">February 25, 2024<\/a><\/p><\/blockquote>\n<p><script async data-src=\"https:\/\/platform.twitter.com\/widgets.js\" charset=\"utf-8\"><\/script><\/div>\n<p>\u2013 Przed wspinaczk\u0105 utkn\u0105\u0142em w drugiej grupie i mia\u0142em poczucie, \u017ce przegra\u0142em tam wy\u015bcig, ale na szcz\u0119\u015bcie wr\u00f3ci\u0142em do pierwszej grupy. Czu\u0142em si\u0119 dobrze i chcia\u0142em wycisn\u0105\u0107 maksimum. Zaatakowa\u0142em na dwa kilometry przed met\u0105, bo nie chcia\u0142em p\u00f3\u017aniej \u017ca\u0142owa\u0107. Naprawd\u0119 nie mog\u0142em w to uwierzy\u0107, kiedy widzia\u0142em, \u017ce przewaga ro\u015bnie. Na mecie us\u0142ysza\u0142em te\u017c, \u017ce wygra\u0142em klasyfikacj\u0119 generaln\u0105, a to jest po prostu fantastyczne \u2013 cieszy si\u0119 Van Eetvelt.<\/p>\n<div class=\"embed-controller-wrapper\">\n<blockquote class=\"twitter-tweet\" data-width=\"500\" data-dnt=\"true\">\n<p lang=\"en\" dir=\"ltr\">@lennert_van_eetvelt winning the day and the UAE Tour lead! What an effort \ud83d\udd25Congratulations!<a href=\"https:\/\/twitter.com\/hashtag\/uaetour?src=hash&amp;ref_src=twsrc%5Etfw\">#uaetour<\/a> <a href=\"https:\/\/twitter.com\/hashtag\/uaetour2024?src=hash&amp;ref_src=twsrc%5Etfw\">#uaetour2024<\/a> <a href=\"https:\/\/t.co\/LcGzpG4c8q\">pic.twitter.com\/LcGzpG4c8q<\/a><\/p>\n<p>&mdash; UAE Tour Official (@uae_tour) <a href=\"https:\/\/twitter.com\/uae_tour\/status\/1761771660628078687?ref_src=twsrc%5Etfw\">February 25, 2024<\/a><\/p><\/blockquote>\n<p><script async data-src=\"https:\/\/platform.twitter.com\/widgets.js\" charset=\"utf-8\"><\/script><\/div>\n<p>Teraz zawodnicy wracaj\u0105 do Europy i ju\u017c w marcu b\u0119d\u0105 \u015bcigali si\u0119 w kilku s\u0142ynnych wy\u015bcigach, m.in. Strade Bianche, Pary\u017c \u2013 Nicea oraz Tirreno \u2013 Adriatico.<\/p>\n<p><span data-sheets-value=\"{&quot;1&quot;:2,&quot;2&quot;:&quot;Artyku\u0142 powsta\u0142 we wsp\u00f3\u0142pracy ze skoda-auto.pl&quot;}\" data-sheets-userformat=\"{&quot;2&quot;:1,&quot;3&quot;:{&quot;1&quot;:0}}\" data-sheets-hyperlink=\"http:\/\/www.skoda-auto.pl\/\"><a class=\"in-cell-link\" href=\"http:\/\/www.skoda-auto.pl\/\" target=\"_blank\" rel=\"noopener noreferrer\">Artyku\u0142 powsta\u0142 we wsp\u00f3\u0142pracy ze skoda-auto.pl<\/a><\/span><\/p>\n<p><img decoding=\"async\" src=\"https:\/\/d2p6e6u75xmxt8.cloudfront.net\/5\/2030\/11\/3.webp\" \/><\/p>\n","protected":false},"excerpt":{"rendered":"<p>To mia\u0142 by\u0107 wielki dzie\u0144 gospodarzy, tymczasem na ostatnim etapie UEA Tour dosz\u0142o do sensacji. Ich potkni\u0119cie wykorzysta\u0142 Lennert Van [&hellip;]<\/p>\n","protected":false},"author":153,"featured_media":14576,"comment_status":"open","ping_status":"open","sticky":false,"template":"","format":"standard","meta":{"footnotes":""},"categories":[6],"tags":[151,191,404,146,423],"global-categories":[303],"class_list":["post-14574","post","type-post","status-publish","format-standard","has-post-thumbnail","hentry","category-kolarstwo-szosowe","tag-kolarstwo-szosowe","tag-skoda","tag-skodapolska","tag-wyscig","tag-wyscigi-szosowe","global-categories-cycling"],"yoast_head":"<!-- This site is optimized with the Yoast SEO Premium plugin v25.3 (Yoast SEO v25.9) - https:\/\/yoast.com\/wordpress\/plugins\/seo\/ -->\n<title>Pi\u0119kno kolarstwa zamkni\u0119te w jednym etapie. Zaskakuj\u0105ce rozstrzygni\u0119cie - \u0160koda We Love Cycling - Poland<\/title>\n<meta name=\"robots\" content=\"index, follow, max-snippet:-1, max-image-preview:large, max-video-preview:-1\" \/>\n<link rel=\"canonical\" href=\"https:\/\/www.welovecycling.com\/pl\/2024\/02\/26\/piekno-kolarstwa-zamkniete-w-jednym-etapie-zaskakujace-rozstrzygniecie\/\" \/>\n<meta property=\"og:locale\" content=\"pl_PL\" \/>\n<meta property=\"og:type\" content=\"article\" \/>\n<meta property=\"og:title\" content=\"Pi\u0119kno kolarstwa zamkni\u0119te w jednym etapie. Zaskakuj\u0105ce rozstrzygni\u0119cie\" \/>\n<meta property=\"og:description\" content=\"To mia\u0142 by\u0107 wielki dzie\u0144 gospodarzy, tymczasem na ostatnim etapie UEA Tour dosz\u0142o do sensacji. Ich potkni\u0119cie wykorzysta\u0142 Lennert Van [&hellip;]\" \/>\n<meta property=\"og:url\" content=\"https:\/\/www.welovecycling.com\/pl\/2024\/02\/26\/piekno-kolarstwa-zamkniete-w-jednym-etapie-zaskakujace-rozstrzygniecie\/\" \/>\n<meta property=\"og:site_name\" content=\"\u0160koda We Love Cycling - Poland\" \/>\n<meta property=\"article:published_time\" content=\"2024-02-26T15:02:40+00:00\" \/>\n<meta property=\"og:image\" content=\"https:\/\/d2p6e6u75xmxt8.cloudfront.net\/5\/2024\/02\/1-7.webp\" \/>\n\t<meta property=\"og:image:width\" content=\"990\" \/>\n\t<meta property=\"og:image:height\" content=\"660\" \/>\n\t<meta property=\"og:image:type\" content=\"image\/webp\" \/>\n<meta name=\"author\" content=\"rafal\" \/>\n<meta name=\"twitter:card\" content=\"summary_large_image\" \/>\n<meta name=\"twitter:label1\" content=\"Written by\" \/>\n\t<meta name=\"twitter:data1\" content=\"Piotr Nowik\" \/>\n\t<meta name=\"twitter:label2\" content=\"Est. reading time\" \/>\n\t<meta name=\"twitter:data2\" content=\"3\" \/>\n<script type=\"application\/ld+json\" class=\"yoast-schema-graph\">{\"@context\":\"https:\/\/schema.org\",\"@graph\":[{\"@type\":\"WebPage\",\"@id\":\"https:\/\/www.welovecycling.com\/pl\/2024\/02\/26\/piekno-kolarstwa-zamkniete-w-jednym-etapie-zaskakujace-rozstrzygniecie\/\",\"url\":\"https:\/\/www.welovecycling.com\/pl\/2024\/02\/26\/piekno-kolarstwa-zamkniete-w-jednym-etapie-zaskakujace-rozstrzygniecie\/\",\"name\":\"Pi\u0119kno kolarstwa zamkni\u0119te w jednym etapie. Zaskakuj\u0105ce rozstrzygni\u0119cie - \u0160koda We Love Cycling - Poland\",\"isPartOf\":{\"@id\":\"https:\/\/www.welovecycling.com\/pl\/#website\"},\"primaryImageOfPage\":{\"@id\":\"https:\/\/www.welovecycling.com\/pl\/2024\/02\/26\/piekno-kolarstwa-zamkniete-w-jednym-etapie-zaskakujace-rozstrzygniecie\/#primaryimage\"},\"image\":{\"@id\":\"https:\/\/www.welovecycling.com\/pl\/2024\/02\/26\/piekno-kolarstwa-zamkniete-w-jednym-etapie-zaskakujace-rozstrzygniecie\/#primaryimage\"},\"thumbnailUrl\":\"https:\/\/d2p6e6u75xmxt8.cloudfront.net\/5\/2024\/02\/1-7.webp\",\"datePublished\":\"2024-02-26T15:02:40+00:00\",\"author\":{\"@id\":\"https:\/\/www.welovecycling.com\/pl\/#\/schema\/person\/bf06ed916a1ef16618807fb60d2ebe42\"},\"breadcrumb\":{\"@id\":\"https:\/\/www.welovecycling.com\/pl\/2024\/02\/26\/piekno-kolarstwa-zamkniete-w-jednym-etapie-zaskakujace-rozstrzygniecie\/#breadcrumb\"},\"inLanguage\":\"pl-PL\",\"potentialAction\":[{\"@type\":\"ReadAction\",\"target\":[\"https:\/\/www.welovecycling.com\/pl\/2024\/02\/26\/piekno-kolarstwa-zamkniete-w-jednym-etapie-zaskakujace-rozstrzygniecie\/\"]}]},{\"@type\":\"ImageObject\",\"inLanguage\":\"pl-PL\",\"@id\":\"https:\/\/www.welovecycling.com\/pl\/2024\/02\/26\/piekno-kolarstwa-zamkniete-w-jednym-etapie-zaskakujace-rozstrzygniecie\/#primaryimage\",\"url\":\"https:\/\/d2p6e6u75xmxt8.cloudfront.net\/5\/2024\/02\/1-7.webp\",\"contentUrl\":\"https:\/\/d2p6e6u75xmxt8.cloudfront.net\/5\/2024\/02\/1-7.webp\",\"width\":990,\"height\":660},{\"@type\":\"BreadcrumbList\",\"@id\":\"https:\/\/www.welovecycling.com\/pl\/2024\/02\/26\/piekno-kolarstwa-zamkniete-w-jednym-etapie-zaskakujace-rozstrzygniecie\/#breadcrumb\",\"itemListElement\":[{\"@type\":\"ListItem\",\"position\":1,\"name\":\"Home\",\"item\":\"https:\/\/www.welovecycling.com\/pl\/\"},{\"@type\":\"ListItem\",\"position\":2,\"name\":\"Pi\u0119kno kolarstwa zamkni\u0119te w jednym etapie. Zaskakuj\u0105ce rozstrzygni\u0119cie\"}]},{\"@type\":\"WebSite\",\"@id\":\"https:\/\/www.welovecycling.com\/pl\/#website\",\"url\":\"https:\/\/www.welovecycling.com\/pl\/\",\"name\":\"\u0160koda We Love Cycling - Poland\",\"description\":\"\",\"potentialAction\":[{\"@type\":\"SearchAction\",\"target\":{\"@type\":\"EntryPoint\",\"urlTemplate\":\"https:\/\/www.welovecycling.com\/pl\/?s={search_term_string}\"},\"query-input\":{\"@type\":\"PropertyValueSpecification\",\"valueRequired\":true,\"valueName\":\"search_term_string\"}}],\"inLanguage\":\"pl-PL\"},{\"@type\":\"Person\",\"@id\":\"https:\/\/www.welovecycling.com\/pl\/#\/schema\/person\/bf06ed916a1ef16618807fb60d2ebe42\",\"name\":\"rafal\",\"image\":{\"@type\":\"ImageObject\",\"inLanguage\":\"pl-PL\",\"@id\":\"https:\/\/www.welovecycling.com\/pl\/#\/schema\/person\/image\/\",\"url\":\"https:\/\/secure.gravatar.com\/avatar\/203f240e63bee214f6f3a0dacbeb600c7829c09716c2b9ee3230c6961debcde2?s=96&d=mm&r=g\",\"contentUrl\":\"https:\/\/secure.gravatar.com\/avatar\/203f240e63bee214f6f3a0dacbeb600c7829c09716c2b9ee3230c6961debcde2?s=96&d=mm&r=g\",\"caption\":\"rafal\"},\"url\":\"https:\/\/www.welovecycling.com\/pl\/author\/rafal\/\"}]}<\/script>\n<!-- \/ Yoast SEO Premium plugin. -->","yoast_head_json":{"title":"Pi\u0119kno kolarstwa zamkni\u0119te w jednym etapie. Zaskakuj\u0105ce rozstrzygni\u0119cie - \u0160koda We Love Cycling - Poland","robots":{"index":"index","follow":"follow","max-snippet":"max-snippet:-1","max-image-preview":"max-image-preview:large","max-video-preview":"max-video-preview:-1"},"canonical":"https:\/\/www.welovecycling.com\/pl\/2024\/02\/26\/piekno-kolarstwa-zamkniete-w-jednym-etapie-zaskakujace-rozstrzygniecie\/","og_locale":"pl_PL","og_type":"article","og_title":"Pi\u0119kno kolarstwa zamkni\u0119te w jednym etapie. Zaskakuj\u0105ce rozstrzygni\u0119cie","og_description":"To mia\u0142 by\u0107 wielki dzie\u0144 gospodarzy, tymczasem na ostatnim etapie UEA Tour dosz\u0142o do sensacji. Ich potkni\u0119cie wykorzysta\u0142 Lennert Van [&hellip;]","og_url":"https:\/\/www.welovecycling.com\/pl\/2024\/02\/26\/piekno-kolarstwa-zamkniete-w-jednym-etapie-zaskakujace-rozstrzygniecie\/","og_site_name":"\u0160koda We Love Cycling - Poland","article_published_time":"2024-02-26T15:02:40+00:00","og_image":[{"width":990,"height":660,"url":"https:\/\/d2p6e6u75xmxt8.cloudfront.net\/5\/2024\/02\/1-7.webp","type":"image\/webp"}],"author":"rafal","twitter_card":"summary_large_image","twitter_misc":{"Written by":"Piotr Nowik","Est. reading time":"3"},"schema":{"@context":"https:\/\/schema.org","@graph":[{"@type":"WebPage","@id":"https:\/\/www.welovecycling.com\/pl\/2024\/02\/26\/piekno-kolarstwa-zamkniete-w-jednym-etapie-zaskakujace-rozstrzygniecie\/","url":"https:\/\/www.welovecycling.com\/pl\/2024\/02\/26\/piekno-kolarstwa-zamkniete-w-jednym-etapie-zaskakujace-rozstrzygniecie\/","name":"Pi\u0119kno kolarstwa zamkni\u0119te w jednym etapie. Zaskakuj\u0105ce rozstrzygni\u0119cie - \u0160koda We Love Cycling - Poland","isPartOf":{"@id":"https:\/\/www.welovecycling.com\/pl\/#website"},"primaryImageOfPage":{"@id":"https:\/\/www.welovecycling.com\/pl\/2024\/02\/26\/piekno-kolarstwa-zamkniete-w-jednym-etapie-zaskakujace-rozstrzygniecie\/#primaryimage"},"image":{"@id":"https:\/\/www.welovecycling.com\/pl\/2024\/02\/26\/piekno-kolarstwa-zamkniete-w-jednym-etapie-zaskakujace-rozstrzygniecie\/#primaryimage"},"thumbnailUrl":"https:\/\/d2p6e6u75xmxt8.cloudfront.net\/5\/2024\/02\/1-7.webp","datePublished":"2024-02-26T15:02:40+00:00","author":{"@id":"https:\/\/www.welovecycling.com\/pl\/#\/schema\/person\/bf06ed916a1ef16618807fb60d2ebe42"},"breadcrumb":{"@id":"https:\/\/www.welovecycling.com\/pl\/2024\/02\/26\/piekno-kolarstwa-zamkniete-w-jednym-etapie-zaskakujace-rozstrzygniecie\/#breadcrumb"},"inLanguage":"pl-PL","potentialAction":[{"@type":"ReadAction","target":["https:\/\/www.welovecycling.com\/pl\/2024\/02\/26\/piekno-kolarstwa-zamkniete-w-jednym-etapie-zaskakujace-rozstrzygniecie\/"]}]},{"@type":"ImageObject","inLanguage":"pl-PL","@id":"https:\/\/www.welovecycling.com\/pl\/2024\/02\/26\/piekno-kolarstwa-zamkniete-w-jednym-etapie-zaskakujace-rozstrzygniecie\/#primaryimage","url":"https:\/\/d2p6e6u75xmxt8.cloudfront.net\/5\/2024\/02\/1-7.webp","contentUrl":"https:\/\/d2p6e6u75xmxt8.cloudfront.net\/5\/2024\/02\/1-7.webp","width":990,"height":660},{"@type":"BreadcrumbList","@id":"https:\/\/www.welovecycling.com\/pl\/2024\/02\/26\/piekno-kolarstwa-zamkniete-w-jednym-etapie-zaskakujace-rozstrzygniecie\/#breadcrumb","itemListElement":[{"@type":"ListItem","position":1,"name":"Home","item":"https:\/\/www.welovecycling.com\/pl\/"},{"@type":"ListItem","position":2,"name":"Pi\u0119kno kolarstwa zamkni\u0119te w jednym etapie. Zaskakuj\u0105ce rozstrzygni\u0119cie"}]},{"@type":"WebSite","@id":"https:\/\/www.welovecycling.com\/pl\/#website","url":"https:\/\/www.welovecycling.com\/pl\/","name":"\u0160koda We Love Cycling - Poland","description":"","potentialAction":[{"@type":"SearchAction","target":{"@type":"EntryPoint","urlTemplate":"https:\/\/www.welovecycling.com\/pl\/?s={search_term_string}"},"query-input":{"@type":"PropertyValueSpecification","valueRequired":true,"valueName":"search_term_string"}}],"inLanguage":"pl-PL"},{"@type":"Person","@id":"https:\/\/www.welovecycling.com\/pl\/#\/schema\/person\/bf06ed916a1ef16618807fb60d2ebe42","name":"rafal","image":{"@type":"ImageObject","inLanguage":"pl-PL","@id":"https:\/\/www.welovecycling.com\/pl\/#\/schema\/person\/image\/","url":"https:\/\/secure.gravatar.com\/avatar\/203f240e63bee214f6f3a0dacbeb600c7829c09716c2b9ee3230c6961debcde2?s=96&d=mm&r=g","contentUrl":"https:\/\/secure.gravatar.com\/avatar\/203f240e63bee214f6f3a0dacbeb600c7829c09716c2b9ee3230c6961debcde2?s=96&d=mm&r=g","caption":"rafal"},"url":"https:\/\/www.welovecycling.com\/pl\/author\/rafal\/"}]}},"_links":{"self":[{"href":"https:\/\/www.welovecycling.com\/pl\/wp-json\/wp\/v2\/posts\/14574","targetHints":{"allow":["GET"]}}],"collection":[{"href":"https:\/\/www.welovecycling.com\/pl\/wp-json\/wp\/v2\/posts"}],"about":[{"href":"https:\/\/www.welovecycling.com\/pl\/wp-json\/wp\/v2\/types\/post"}],"author":[{"embeddable":true,"href":"https:\/\/www.welovecycling.com\/pl\/wp-json\/wp\/v2\/users\/153"}],"replies":[{"embeddable":true,"href":"https:\/\/www.welovecycling.com\/pl\/wp-json\/wp\/v2\/comments?post=14574"}],"version-history":[{"count":2,"href":"https:\/\/www.welovecycling.com\/pl\/wp-json\/wp\/v2\/posts\/14574\/revisions"}],"predecessor-version":[{"id":14577,"href":"https:\/\/www.welovecycling.com\/pl\/wp-json\/wp\/v2\/posts\/14574\/revisions\/14577"}],"wp:featuredmedia":[{"embeddable":true,"href":"https:\/\/www.welovecycling.com\/pl\/wp-json\/wp\/v2\/media\/14576"}],"wp:attachment":[{"href":"https:\/\/www.welovecycling.com\/pl\/wp-json\/wp\/v2\/media?parent=14574"}],"wp:term":[{"taxonomy":"category","embeddable":true,"href":"https:\/\/www.welovecycling.com\/pl\/wp-json\/wp\/v2\/categories?post=14574"},{"taxonomy":"post_tag","embeddable":true,"href":"https:\/\/www.welovecycling.com\/pl\/wp-json\/wp\/v2\/tags?post=14574"},{"taxonomy":"global-categories","embeddable":true,"href":"https:\/\/www.welovecycling.com\/pl\/wp-json\/wp\/v2\/global-categories?post=14574"}],"curies":[{"name":"wp","href":"https:\/\/api.w.org\/{rel}","templated":true}]}}