{"id":14568,"date":"2024-02-23T11:02:44","date_gmt":"2024-02-23T11:02:44","guid":{"rendered":"https:\/\/www.welovecycling.com\/pl\/?p=14568"},"modified":"2024-02-23T11:02:44","modified_gmt":"2024-02-23T11:02:44","slug":"ktora-kurtka-przeciwdeszczowa-bedzie-dla-ciebie-najlepsza","status":"publish","type":"post","link":"https:\/\/www.welovecycling.com\/pl\/2024\/02\/23\/ktora-kurtka-przeciwdeszczowa-bedzie-dla-ciebie-najlepsza\/","title":{"rendered":"Kt\u00f3ra kurtka przeciwdeszczowa b\u0119dzie dla Ciebie najlepsza?"},"content":{"rendered":"<p><strong>Idziesz na rower, a tu nagle leje jak z cebra \u2013 pora\u017cka. Unikam tego jak ognia. Ale moja praca przewodnika rowerowego czasami zmusza mnie do jazdy w deszczu. Jest to nieuniknione \u2013 rowerzy\u015bci potrzebuj\u0105 wi\u0119c odpowiedniej ochrony. Nie wszystkie kurtki przeciwdeszczowe s\u0105 jednak sobie r\u00f3wne.<\/strong><\/p>\n<p>Lata wy\u015bcig\u00f3w i trening\u00f3w w deszczowych warunkach p\u00f3\u0142nocno-zachodniego Pacyfiku nauczy\u0142y mnie, na co przede wszystkim nale\u017cy zwr\u00f3ci\u0107 uwag\u0119. Kt\u00f3ra kurtka b\u0119dzie dla Ciebie najlepsza? Skorzystaj z mojego do\u015bwiadczenia.<\/p>\n<p><span style=\"font-size: 18pt;\"><strong>Wodoodporna czy przeciwdeszczowa?<\/strong><\/span><\/p>\n<p>Czy kurtka jest wodoodporna, czy tylko przeciwdeszczowa? Naprawd\u0119 wodoodporne kurtki chroni\u0105 nawet przed prawdziw\u0105 ulew\u0105. Je\u015bli na metce widnieje informacja o wodoodporno\u015bci, szwy po wewn\u0119trznej stronie odzie\u017cy powinny by\u0107 podklejone. Na szwach widoczna jest szczelna warstwa zapobiegaj\u0105ca przedostawaniu si\u0119 wody do otwor\u00f3w po igle, kt\u00f3r\u0105 zszyto fragmenty tkaniny.<\/p>\n<p>Zamek b\u0142yskawiczny r\u00f3wnie\u017c musi chroni\u0107 przed wod\u0105 \u2013 ale nie spodziewaj si\u0119, \u017ce w kurtce przeciwdeszczowej znajdziesz stuprocentowo wodoodporne zamki b\u0142yskawiczne. Zazwyczaj s\u0105 wykonane z gumy i wygl\u0105daj\u0105 zupe\u0142nie inaczej ni\u017c tradycyjne. Cz\u0119\u015bciej mo\u017cna je dostrzec w piankach do nurkowania.<\/p>\n<p>Zamki b\u0142yskawiczne kurtek przeciwdeszczowych s\u0105 skuteczne, ale tylko cz\u0119\u015bciowo chroni\u0105 przed wod\u0105. Producent zapewnia to poprzez ultrad\u017awi\u0119kowe klejenie lub zgrzewanie ich z odzie\u017c\u0105. Po obu stronach \u2013 od wewn\u0105trz i na zewn\u0105trz \u2013 powinna je pokrywa\u0107 hydrofobowa pow\u0142oka poliuretanowa, kt\u00f3ra zapobiega przenikaniu wody. Diabe\u0142 tkwi w szczeg\u00f3\u0142ach, wi\u0119c uwa\u017cnie przeczytaj metk\u0119.<\/p>\n<p><span style=\"font-size: 18pt;\"><strong>Budowa<\/strong><\/span><\/p>\n<p>Najbardziej oddychaj\u0105ce i wygodne s\u0105 wodoodporne kurtki o tr\u00f3jwarstwowej konstrukcji. Pomi\u0119dzy materia\u0142em wierzchnim a podszewk\u0105 umieszczona jest ultracienka wodoodporna membrana. Przenikaj\u0105 j\u0105 mikroskopijne pory, kilka razy mniejsze ni\u017c kropla wody. Ta r\u00f3\u017cnica w rozmiarze pozwala na odprowadzanie ciep\u0142a i wilgoci na zewn\u0105trz, jednocze\u015bnie chroni\u0105c przed przenikaniem wody. Tkanina wierzchnia r\u00f3wnie\u017c chroni przed deszczem i wiatrem.<\/p>\n<p>Klasa wodoodporno\u015bci odzie\u017cy zawiera si\u0119 w liczbie podawanej w milimetrach \u201es\u0142upa wody\u201d, kt\u00f3ra mie\u015bci si\u0119 w przedziale od 5000 do 30 000. Im wi\u0119ksza liczba, tym wi\u0119ksza ochrona przed wod\u0105. Kurtka o wysoko\u015bci s\u0142upa wody 5 mm sprawdzi si\u0119 podczas m\u017cawki, ale to maksimum jej mo\u017cliwo\u015bci. Odzie\u017c o wysoko\u015bci s\u0142upa wody 6\u201310 mm chroni przed lekkimi opadami deszczu. Wraz ze wzrostem intensywno\u015bci opad\u00f3w b\u0119dziesz potrzebowa\u0107 lepszej ochrony. Kurtki o wysoko\u015bci s\u0142upa wody od 16 000 do 20 000 mm (i wi\u0119cej) zapewniaj\u0105 maksymaln\u0105 ochron\u0119 i zachowuj\u0105 wodoodporno\u015b\u0107 nawet podczas intensywnych opad\u00f3w.<\/p>\n<figure id=\"attachment_14570\" aria-describedby=\"caption-attachment-14570\" style=\"width: 900px\" class=\"wp-caption alignnone\"><a href=\"https:\/\/d2p6e6u75xmxt8.cloudfront.net\/5\/2024\/02\/2-6.webp\"><img loading=\"lazy\" decoding=\"async\" class=\"wp-image-14570 size-full\" src=\"https:\/\/d2p6e6u75xmxt8.cloudfront.net\/5\/2024\/02\/2-6.webp\" alt=\"\" width=\"900\" height=\"600\" srcset=\"https:\/\/d2p6e6u75xmxt8.cloudfront.net\/5\/2024\/02\/2-6.webp 900w, https:\/\/d2p6e6u75xmxt8.cloudfront.net\/5\/2024\/02\/2-6-300x200.webp 300w, https:\/\/d2p6e6u75xmxt8.cloudfront.net\/5\/2024\/02\/2-6-768x512.webp 768w, https:\/\/d2p6e6u75xmxt8.cloudfront.net\/5\/2024\/02\/2-6-400x267.webp 400w, https:\/\/d2p6e6u75xmxt8.cloudfront.net\/5\/2024\/02\/2-6-272x182.webp 272w\" sizes=\"auto, (max-width: 900px) 100vw, 900px\" \/><\/a><figcaption id=\"caption-attachment-14570\" class=\"wp-caption-text\">Lepiej by\u0107 przygotowanym na ulewne deszcze. \u00a9 Profimedia<\/figcaption><\/figure>\n<p><span style=\"font-size: 18pt;\"><strong>Oddychalno\u015b\u0107<\/strong><\/span><\/p>\n<p>Dzisiejsze kurtki przeciwdeszczowe s\u0105 o wiele bardziej zaawansowane od tych, kt\u00f3re mo\u017cna zobaczy\u0107 u zawodowc\u00f3w na starych nagraniach i kt\u00f3re przypomina\u0142y foli\u0119. Jasne \u2013 chroni\u0142y przed deszczem, ale cz\u0142owiek i tak przemaka\u0142 do suchej nitki od w\u0142asnego potu, poniewa\u017c tamte kurtki nie oddycha\u0142y. Oddychalno\u015b\u0107 odzie\u017cy to ilo\u015b\u0107 pary wodnej (czyli potu) odprowadzanej przez tkanin\u0119.<\/p>\n<p>Warto\u015bci pomiarowe podano w g\/m<sup>2<\/sup>\/24 h w te\u015bcie MVT (test przepuszczalno\u015bci pary wodnej). Wynik przedstawia ilo\u015b\u0107 wody (wyra\u017con\u0105 w jednostkach masy), kt\u00f3ra przenika przez metr kwadratowy dowolnej tkaniny w ci\u0105gu 24 godzin. Im wy\u017csza liczba, tym wi\u0119ksza oddychalno\u015b\u0107. Standardem bran\u017cowym jest przedzia\u0142 od 10 do 20 tys., daj\u0105cy zadowalaj\u0105ce efekty w zakresie odprowadzania ciep\u0142a i wilgoci. Liczby 20\u201330 tys. zapobiegaj\u0105 uczuciu wilgotno\u015bci i lepko\u015bci (chyba \u017ce trenujesz naprawd\u0119 ci\u0119\u017cko). A warto\u015b\u0107 przekraczaj\u0105ca 30 tys. oznacza maksymaln\u0105 oddychalno\u015b\u0107 \u2013 bez uszczerbku dla wodoodporno\u015bci. Niekt\u00f3rzy twierdz\u0105 jednak, \u017ce r\u00f3\u017cnica pomi\u0119dzy obiema najwy\u017cszymi klasami jest niezauwa\u017calna. Warto o tym pami\u0119ta\u0107, je\u015bli nie mo\u017cesz znale\u017a\u0107 kurtki o oddychalno\u015bci powy\u017cej 30 tys.<\/p>\n<p>Pomiaru oddychalno\u015bci dokonuje si\u0119 w testach \u201eupright cup\u201d oraz \u201einverted cup\u201d, zbli\u017conych do testu MVT. Mo\u017cesz spotka\u0107 si\u0119 z tymi okre\u015bleniami na metkach odzie\u017cy, gdzie stosuje si\u0119 ocen\u0119 RET (odporno\u015b\u0107 tkaniny na parowanie) przedstawion\u0105 za pomoc\u0105 symboli wi\u0119kszo\u015bci lub mniejszo\u015bci przed liczb\u0105, np. RET &lt; 9. W tym przypadku im ni\u017csza liczba, tym lepiej, dlatego uwa\u017caj, \u017ceby si\u0119 nie pomyli\u0107.<\/p>\n<p><span style=\"font-size: 18pt;\"><strong>Drop tail i kaptur<\/strong><\/span><\/p>\n<p>Je\u015bli nie je\u017adzisz z b\u0142otnikiem, kup kurtk\u0119 z wyd\u0142u\u017conym ty\u0142em, tzw. drop tail, aby chroni\u0107 si\u0119 przed wod\u0105 rozpryskiwan\u0105 przez tylne ko\u0142o. Oszcz\u0119dzi Ci to przykrych do\u015bwiadcze\u0144 z mokrym siedzeniem. W\u0142a\u015bciwie to zawsze warto wybiera\u0107 kurtk\u0119 przeciwdeszczow\u0105 typu drop tail. Ostro\u017cno\u015bci nigdy za wiele, a mo\u017cna jej u\u017cywa\u0107 na dowolnym rowerze.<\/p>\n<p>Uwa\u017caj na \u201eogony\u201d, kt\u00f3re wydaj\u0105 si\u0119 wystarczaj\u0105co d\u0142ugie na zdj\u0119ciu lub na wieszaku. Pierwsze wra\u017cenie bywa myl\u0105ce. Pewno\u015b\u0107 zyskasz dopiero wtedy, gdy kurtk\u0119 przymierzysz. Najlepiej przetestowa\u0107 kurtk\u0119 na domowym rowerze stacjonarnym. Czy wystarczaj\u0105co zakrywa plecy w pozycji do jazdy? Czy podczas peda\u0142owania kurtka unosi si\u0119 wok\u00f3\u0142 talii? Nie odcinaj metek i nie no\u015b kurtki na zewn\u0105trz, dop\u00f3ki nie poznasz odpowiedzi na te pytania.<\/p>\n<p>Czy potrzebujesz kaptura? To zale\u017cy od preferencji i miejsca jazdy. Je\u015bli nie masz pewno\u015bci, zdecyduj si\u0119 na kurtk\u0119 z odczepianym kapturem, a decyzj\u0119 podejmiesz p\u00f3\u017aniej. Wybierz modele, kt\u00f3re pasuj\u0105 na kask i nie zas\u0142aniaj\u0105 oczu. W pe\u0142ni regulowany kaptur z daszkiem ochroni twarz przed deszczem.<\/p>\n<p><span style=\"font-size: 18pt;\"><strong>Dopasowanie i \u0142atwo\u015b\u0107 pakowania<\/strong><\/span><\/p>\n<p>Kurtki przeciwdeszczowe s\u0105 dost\u0119pne w r\u00f3\u017cnych krojach. Dobre dopasowanie jest wa\u017cne z punktu widzenia funkcjonalno\u015bci i wygody. Wysokiej jako\u015bci kurtka przeciwdeszczowa zapewnia ochron\u0119 przed wilgoci\u0105 i zimnem, a tak\u017ce przed wiatrem. Je\u015bli zak\u0142adasz j\u0105 na grubsze warstwy wiosn\u0105, jesieni\u0105 i zim\u0105, mo\u017cesz potrzebowa\u0107 wi\u0119kszego rozmiaru. Zbyt ciasna kurtka mo\u017ce wbija\u0107 si\u0119 w ramiona lub unosi\u0107 wok\u00f3\u0142 talii. Niepo\u017c\u0105dana jest r\u00f3wnie\u017c kurtka zbyt lu\u017ana, kt\u00f3ra powiewa irytuj\u0105co na wietrze. Sam ha\u0142as mo\u017ce doprowadzi\u0107 do sza\u0142u.<\/p>\n<p>Najbardziej praktyczna jest kurtka przeciwdeszczowa, kt\u00f3r\u0105 mo\u017cna \u0142atwo spakowa\u0107 do tylnej kieszeni. Ale pakowno\u015b\u0107 i wodoodporno\u015b\u0107 nie zawsze id\u0105 w parze. By\u0107 mo\u017ce trzeba b\u0119dzie co\u015b po\u015bwi\u0119ci\u0107. Porz\u0105dna wodoodporna kurtka, kt\u00f3ra chroni przed deszczem i zimnem, prawdopodobnie nie da si\u0119 zwin\u0105\u0107 tak \u015bci\u015ble, jak by\u015bmy chcieli. Jednak w razie deszczu zawsze mo\u017cna schroni\u0107 si\u0119 pod g\u0119stymi drzewami lub w kawiarni. Przecie\u017c i tak nasz\u0142a Ci\u0119 ochot\u0119 na kaw\u0119, prawda?<\/p>\n<p><span style=\"font-size: 18pt;\"><strong>Widoczno\u015b\u0107<\/strong><\/span><\/p>\n<p>Dlaczego ludzie nosz\u0105 czarne kurtki przeciwdeszczowe? Czy kto\u015b mo\u017ce mi to wyja\u015bni\u0107? Rozumiem, \u017ce czarny kolor mniej \u0142apie brud i tak dalej. Ale czy podczas kiepskiej pogody nie chcesz by\u0107 dobrze widoczny na drodze? Kup now\u0105 kurtk\u0119 przeciwdeszczow\u0105 w rzucaj\u0105cym si\u0119 w oczy kolorze.<\/p>\n<p>W warunkach s\u0142abego o\u015bwietlenia widoczno\u015b\u0107 na drodze poprawi\u0105 r\u00f3wnie\u017c odblaskowe detale na kurtce. Nie mam tu na my\u015bli ma\u0142ej zak\u0142adki z odblaskowego materia\u0142u wszytej w szew z boku. Dla bezpiecze\u0144stwa du\u017ce odblaskowe naszywki powinny znajdowa\u0107 si\u0119 na klatce piersiowej, plecach i ramionach.<\/p>\n<p><span style=\"font-size: 18pt;\"><strong>Co warto zapami\u0119ta\u0107?<\/strong><\/span><\/p>\n<p>Odpowiednia kurtka przeciwdeszczowa to inwestycja. Aby j\u0105 chroni\u0107, nale\u017cy przestrzega\u0107 zalece\u0144 dotycz\u0105cych piel\u0119gnacji tego typu odzie\u017cy. Im cz\u0119\u015bciej j\u0105 pierzesz, tym szybciej zniknie z niej wodoodporna pow\u0142oka. Pomi\u0119dzy kolejnymi praniami najlepiej pozostawi\u0107 kurtk\u0119 do wyschni\u0119cia na powietrzu, a nast\u0119pnie dobrze potrz\u0105sn\u0105\u0107, \u017ceby usun\u0105\u0107 zanieczyszczenia. Od czasu do czasu nie obejdzie si\u0119 jednak bez prania, \u017ceby oczy\u015bci\u0107 pory membrany z potu i brudu.<\/p>\n<p>W takim przypadku nale\u017cy ponownie zaimpregnowa\u0107 kurtk\u0119 odpowiednim produktem dost\u0119pnym w sklepach. Je\u015bli kurtka ulegnie rozerwaniu lub rozdarciu, skontaktuj si\u0119 z producentem. Niekt\u00f3rzy naprawiaj\u0105 je za darmo lub za minimaln\u0105 op\u0142at\u0105. A je\u015bli to niemo\u017cliwe, \u0142atwo dost\u0119pne wodoodporne naszywki b\u0119d\u0105 bardziej op\u0142acalne ni\u017c zakup nowej kurtki.<\/p>\n<p>My\u015bl\u0105c o funkcjonalno\u015bci i oddychalno\u015bci odzie\u017cy, priorytet nadaj parametrom, kt\u00f3re tutaj om\u00f3wili\u015bmy, ale nie zapominaj te\u017c o wysokim ko\u0142nierzu, zamkach b\u0142yskawicznych pod pachami, tylnych otworach wentylacyjnych, troczkach \u015bci\u0105gaj\u0105cych, dopasowanych mankietach i wodoodpornych kieszeniach na rzeczy osobiste.<\/p>\n<p>Jeste\u015b ju\u017c got\u00f3w, by znale\u017a\u0107 kurtk\u0119 dla siebie. \u017bycz\u0119 wszystkim mi\u0142ych wra\u017ce\u0144 z jazdy \u2013 czy to w deszczu, czy w s\u0142o\u0144cu.<\/p>\n<p><a class=\"in-cell-link\" href=\"http:\/\/www.skoda-auto.pl\/?_gl=1*fjlk36*_gcl_au*MTU4ODc0OTY5Ni4xNzA0NzIwNTYw*GA4_ga*dDg0dXprN2otdGl4Mi00bDNxLXJiZHMtZzFoZm9qbGFvdDdq*GA4_ga_KSPVKPC6VY*MTcwODY4NDkwMS42OS4xLjE3MDg2ODQ5MDguMC4wLjA.\" target=\"_blank\" rel=\"noopener\">Artyku\u0142 powsta\u0142 we wsp\u00f3\u0142pracy ze skoda-auto.pl<\/a><\/p>\n<p><img decoding=\"async\" src=\"https:\/\/d2p6e6u75xmxt8.cloudfront.net\/5\/2030\/11\/1.webp\" \/><\/p>\n","protected":false},"excerpt":{"rendered":"<p>Idziesz na rower, a tu nagle leje jak z cebra \u2013 pora\u017cka. Unikam tego jak ognia. Ale moja praca przewodnika [&hellip;]<\/p>\n","protected":false},"author":153,"featured_media":14569,"comment_status":"open","ping_status":"open","sticky":false,"template":"","format":"standard","meta":{"footnotes":""},"categories":[371],"tags":[151,62,207,191,404,119],"global-categories":[303],"class_list":["post-14568","post","type-post","status-publish","format-standard","has-post-thumbnail","hentry","category-kultura-i-zycie-spoleczne","tag-kolarstwo-szosowe","tag-porady","tag-rowerowe-porady","tag-skoda","tag-skodapolska","tag-stroj-kolarski","global-categories-cycling"],"yoast_head":"<!-- This site is optimized with the Yoast SEO Premium plugin v25.3 (Yoast SEO v25.9) - https:\/\/yoast.com\/wordpress\/plugins\/seo\/ -->\n<title>Kt\u00f3ra kurtka przeciwdeszczowa b\u0119dzie dla Ciebie najlepsza? - \u0160koda We Love Cycling - Poland<\/title>\n<meta name=\"robots\" content=\"index, follow, max-snippet:-1, max-image-preview:large, max-video-preview:-1\" \/>\n<link rel=\"canonical\" href=\"https:\/\/www.welovecycling.com\/pl\/2024\/02\/23\/ktora-kurtka-przeciwdeszczowa-bedzie-dla-ciebie-najlepsza\/\" \/>\n<meta property=\"og:locale\" content=\"pl_PL\" \/>\n<meta property=\"og:type\" content=\"article\" \/>\n<meta property=\"og:title\" content=\"Kt\u00f3ra kurtka przeciwdeszczowa b\u0119dzie dla Ciebie najlepsza?\" \/>\n<meta property=\"og:description\" content=\"Idziesz na rower, a tu nagle leje jak z cebra \u2013 pora\u017cka. Unikam tego jak ognia. Ale moja praca przewodnika [&hellip;]\" \/>\n<meta property=\"og:url\" content=\"https:\/\/www.welovecycling.com\/pl\/2024\/02\/23\/ktora-kurtka-przeciwdeszczowa-bedzie-dla-ciebie-najlepsza\/\" \/>\n<meta property=\"og:site_name\" content=\"\u0160koda We Love Cycling - Poland\" \/>\n<meta property=\"article:published_time\" content=\"2024-02-23T11:02:44+00:00\" \/>\n<meta property=\"og:image\" content=\"https:\/\/d2p6e6u75xmxt8.cloudfront.net\/5\/2024\/02\/1-6.webp\" \/>\n\t<meta property=\"og:image:width\" content=\"990\" \/>\n\t<meta property=\"og:image:height\" content=\"660\" \/>\n\t<meta property=\"og:image:type\" content=\"image\/webp\" \/>\n<meta name=\"author\" content=\"rafal\" \/>\n<meta name=\"twitter:card\" content=\"summary_large_image\" \/>\n<meta name=\"twitter:label1\" content=\"Written by\" \/>\n\t<meta name=\"twitter:data1\" content=\"Jiri Kaloc\" \/>\n\t<meta name=\"twitter:label2\" content=\"Est. reading time\" \/>\n\t<meta name=\"twitter:data2\" content=\"5\" \/>\n<script type=\"application\/ld+json\" class=\"yoast-schema-graph\">{\"@context\":\"https:\/\/schema.org\",\"@graph\":[{\"@type\":\"WebPage\",\"@id\":\"https:\/\/www.welovecycling.com\/pl\/2024\/02\/23\/ktora-kurtka-przeciwdeszczowa-bedzie-dla-ciebie-najlepsza\/\",\"url\":\"https:\/\/www.welovecycling.com\/pl\/2024\/02\/23\/ktora-kurtka-przeciwdeszczowa-bedzie-dla-ciebie-najlepsza\/\",\"name\":\"Kt\u00f3ra kurtka przeciwdeszczowa b\u0119dzie dla Ciebie najlepsza? - \u0160koda We Love Cycling - Poland\",\"isPartOf\":{\"@id\":\"https:\/\/www.welovecycling.com\/pl\/#website\"},\"primaryImageOfPage\":{\"@id\":\"https:\/\/www.welovecycling.com\/pl\/2024\/02\/23\/ktora-kurtka-przeciwdeszczowa-bedzie-dla-ciebie-najlepsza\/#primaryimage\"},\"image\":{\"@id\":\"https:\/\/www.welovecycling.com\/pl\/2024\/02\/23\/ktora-kurtka-przeciwdeszczowa-bedzie-dla-ciebie-najlepsza\/#primaryimage\"},\"thumbnailUrl\":\"https:\/\/d2p6e6u75xmxt8.cloudfront.net\/5\/2024\/02\/1-6.webp\",\"datePublished\":\"2024-02-23T11:02:44+00:00\",\"author\":{\"@id\":\"https:\/\/www.welovecycling.com\/pl\/#\/schema\/person\/bf06ed916a1ef16618807fb60d2ebe42\"},\"breadcrumb\":{\"@id\":\"https:\/\/www.welovecycling.com\/pl\/2024\/02\/23\/ktora-kurtka-przeciwdeszczowa-bedzie-dla-ciebie-najlepsza\/#breadcrumb\"},\"inLanguage\":\"pl-PL\",\"potentialAction\":[{\"@type\":\"ReadAction\",\"target\":[\"https:\/\/www.welovecycling.com\/pl\/2024\/02\/23\/ktora-kurtka-przeciwdeszczowa-bedzie-dla-ciebie-najlepsza\/\"]}]},{\"@type\":\"ImageObject\",\"inLanguage\":\"pl-PL\",\"@id\":\"https:\/\/www.welovecycling.com\/pl\/2024\/02\/23\/ktora-kurtka-przeciwdeszczowa-bedzie-dla-ciebie-najlepsza\/#primaryimage\",\"url\":\"https:\/\/d2p6e6u75xmxt8.cloudfront.net\/5\/2024\/02\/1-6.webp\",\"contentUrl\":\"https:\/\/d2p6e6u75xmxt8.cloudfront.net\/5\/2024\/02\/1-6.webp\",\"width\":990,\"height\":660},{\"@type\":\"BreadcrumbList\",\"@id\":\"https:\/\/www.welovecycling.com\/pl\/2024\/02\/23\/ktora-kurtka-przeciwdeszczowa-bedzie-dla-ciebie-najlepsza\/#breadcrumb\",\"itemListElement\":[{\"@type\":\"ListItem\",\"position\":1,\"name\":\"Home\",\"item\":\"https:\/\/www.welovecycling.com\/pl\/\"},{\"@type\":\"ListItem\",\"position\":2,\"name\":\"Kt\u00f3ra kurtka przeciwdeszczowa b\u0119dzie dla Ciebie najlepsza?\"}]},{\"@type\":\"WebSite\",\"@id\":\"https:\/\/www.welovecycling.com\/pl\/#website\",\"url\":\"https:\/\/www.welovecycling.com\/pl\/\",\"name\":\"\u0160koda We Love Cycling - Poland\",\"description\":\"\",\"potentialAction\":[{\"@type\":\"SearchAction\",\"target\":{\"@type\":\"EntryPoint\",\"urlTemplate\":\"https:\/\/www.welovecycling.com\/pl\/?s={search_term_string}\"},\"query-input\":{\"@type\":\"PropertyValueSpecification\",\"valueRequired\":true,\"valueName\":\"search_term_string\"}}],\"inLanguage\":\"pl-PL\"},{\"@type\":\"Person\",\"@id\":\"https:\/\/www.welovecycling.com\/pl\/#\/schema\/person\/bf06ed916a1ef16618807fb60d2ebe42\",\"name\":\"rafal\",\"image\":{\"@type\":\"ImageObject\",\"inLanguage\":\"pl-PL\",\"@id\":\"https:\/\/www.welovecycling.com\/pl\/#\/schema\/person\/image\/\",\"url\":\"https:\/\/secure.gravatar.com\/avatar\/203f240e63bee214f6f3a0dacbeb600c7829c09716c2b9ee3230c6961debcde2?s=96&d=mm&r=g\",\"contentUrl\":\"https:\/\/secure.gravatar.com\/avatar\/203f240e63bee214f6f3a0dacbeb600c7829c09716c2b9ee3230c6961debcde2?s=96&d=mm&r=g\",\"caption\":\"rafal\"},\"url\":\"https:\/\/www.welovecycling.com\/pl\/author\/rafal\/\"}]}<\/script>\n<!-- \/ Yoast SEO Premium plugin. -->","yoast_head_json":{"title":"Kt\u00f3ra kurtka przeciwdeszczowa b\u0119dzie dla Ciebie najlepsza? - \u0160koda We Love Cycling - Poland","robots":{"index":"index","follow":"follow","max-snippet":"max-snippet:-1","max-image-preview":"max-image-preview:large","max-video-preview":"max-video-preview:-1"},"canonical":"https:\/\/www.welovecycling.com\/pl\/2024\/02\/23\/ktora-kurtka-przeciwdeszczowa-bedzie-dla-ciebie-najlepsza\/","og_locale":"pl_PL","og_type":"article","og_title":"Kt\u00f3ra kurtka przeciwdeszczowa b\u0119dzie dla Ciebie najlepsza?","og_description":"Idziesz na rower, a tu nagle leje jak z cebra \u2013 pora\u017cka. Unikam tego jak ognia. Ale moja praca przewodnika [&hellip;]","og_url":"https:\/\/www.welovecycling.com\/pl\/2024\/02\/23\/ktora-kurtka-przeciwdeszczowa-bedzie-dla-ciebie-najlepsza\/","og_site_name":"\u0160koda We Love Cycling - Poland","article_published_time":"2024-02-23T11:02:44+00:00","og_image":[{"width":990,"height":660,"url":"https:\/\/d2p6e6u75xmxt8.cloudfront.net\/5\/2024\/02\/1-6.webp","type":"image\/webp"}],"author":"rafal","twitter_card":"summary_large_image","twitter_misc":{"Written by":"Jiri Kaloc","Est. reading time":"5"},"schema":{"@context":"https:\/\/schema.org","@graph":[{"@type":"WebPage","@id":"https:\/\/www.welovecycling.com\/pl\/2024\/02\/23\/ktora-kurtka-przeciwdeszczowa-bedzie-dla-ciebie-najlepsza\/","url":"https:\/\/www.welovecycling.com\/pl\/2024\/02\/23\/ktora-kurtka-przeciwdeszczowa-bedzie-dla-ciebie-najlepsza\/","name":"Kt\u00f3ra kurtka przeciwdeszczowa b\u0119dzie dla Ciebie najlepsza? - \u0160koda We Love Cycling - Poland","isPartOf":{"@id":"https:\/\/www.welovecycling.com\/pl\/#website"},"primaryImageOfPage":{"@id":"https:\/\/www.welovecycling.com\/pl\/2024\/02\/23\/ktora-kurtka-przeciwdeszczowa-bedzie-dla-ciebie-najlepsza\/#primaryimage"},"image":{"@id":"https:\/\/www.welovecycling.com\/pl\/2024\/02\/23\/ktora-kurtka-przeciwdeszczowa-bedzie-dla-ciebie-najlepsza\/#primaryimage"},"thumbnailUrl":"https:\/\/d2p6e6u75xmxt8.cloudfront.net\/5\/2024\/02\/1-6.webp","datePublished":"2024-02-23T11:02:44+00:00","author":{"@id":"https:\/\/www.welovecycling.com\/pl\/#\/schema\/person\/bf06ed916a1ef16618807fb60d2ebe42"},"breadcrumb":{"@id":"https:\/\/www.welovecycling.com\/pl\/2024\/02\/23\/ktora-kurtka-przeciwdeszczowa-bedzie-dla-ciebie-najlepsza\/#breadcrumb"},"inLanguage":"pl-PL","potentialAction":[{"@type":"ReadAction","target":["https:\/\/www.welovecycling.com\/pl\/2024\/02\/23\/ktora-kurtka-przeciwdeszczowa-bedzie-dla-ciebie-najlepsza\/"]}]},{"@type":"ImageObject","inLanguage":"pl-PL","@id":"https:\/\/www.welovecycling.com\/pl\/2024\/02\/23\/ktora-kurtka-przeciwdeszczowa-bedzie-dla-ciebie-najlepsza\/#primaryimage","url":"https:\/\/d2p6e6u75xmxt8.cloudfront.net\/5\/2024\/02\/1-6.webp","contentUrl":"https:\/\/d2p6e6u75xmxt8.cloudfront.net\/5\/2024\/02\/1-6.webp","width":990,"height":660},{"@type":"BreadcrumbList","@id":"https:\/\/www.welovecycling.com\/pl\/2024\/02\/23\/ktora-kurtka-przeciwdeszczowa-bedzie-dla-ciebie-najlepsza\/#breadcrumb","itemListElement":[{"@type":"ListItem","position":1,"name":"Home","item":"https:\/\/www.welovecycling.com\/pl\/"},{"@type":"ListItem","position":2,"name":"Kt\u00f3ra kurtka przeciwdeszczowa b\u0119dzie dla Ciebie najlepsza?"}]},{"@type":"WebSite","@id":"https:\/\/www.welovecycling.com\/pl\/#website","url":"https:\/\/www.welovecycling.com\/pl\/","name":"\u0160koda We Love Cycling - Poland","description":"","potentialAction":[{"@type":"SearchAction","target":{"@type":"EntryPoint","urlTemplate":"https:\/\/www.welovecycling.com\/pl\/?s={search_term_string}"},"query-input":{"@type":"PropertyValueSpecification","valueRequired":true,"valueName":"search_term_string"}}],"inLanguage":"pl-PL"},{"@type":"Person","@id":"https:\/\/www.welovecycling.com\/pl\/#\/schema\/person\/bf06ed916a1ef16618807fb60d2ebe42","name":"rafal","image":{"@type":"ImageObject","inLanguage":"pl-PL","@id":"https:\/\/www.welovecycling.com\/pl\/#\/schema\/person\/image\/","url":"https:\/\/secure.gravatar.com\/avatar\/203f240e63bee214f6f3a0dacbeb600c7829c09716c2b9ee3230c6961debcde2?s=96&d=mm&r=g","contentUrl":"https:\/\/secure.gravatar.com\/avatar\/203f240e63bee214f6f3a0dacbeb600c7829c09716c2b9ee3230c6961debcde2?s=96&d=mm&r=g","caption":"rafal"},"url":"https:\/\/www.welovecycling.com\/pl\/author\/rafal\/"}]}},"_links":{"self":[{"href":"https:\/\/www.welovecycling.com\/pl\/wp-json\/wp\/v2\/posts\/14568","targetHints":{"allow":["GET"]}}],"collection":[{"href":"https:\/\/www.welovecycling.com\/pl\/wp-json\/wp\/v2\/posts"}],"about":[{"href":"https:\/\/www.welovecycling.com\/pl\/wp-json\/wp\/v2\/types\/post"}],"author":[{"embeddable":true,"href":"https:\/\/www.welovecycling.com\/pl\/wp-json\/wp\/v2\/users\/153"}],"replies":[{"embeddable":true,"href":"https:\/\/www.welovecycling.com\/pl\/wp-json\/wp\/v2\/comments?post=14568"}],"version-history":[{"count":2,"href":"https:\/\/www.welovecycling.com\/pl\/wp-json\/wp\/v2\/posts\/14568\/revisions"}],"predecessor-version":[{"id":14572,"href":"https:\/\/www.welovecycling.com\/pl\/wp-json\/wp\/v2\/posts\/14568\/revisions\/14572"}],"wp:featuredmedia":[{"embeddable":true,"href":"https:\/\/www.welovecycling.com\/pl\/wp-json\/wp\/v2\/media\/14569"}],"wp:attachment":[{"href":"https:\/\/www.welovecycling.com\/pl\/wp-json\/wp\/v2\/media?parent=14568"}],"wp:term":[{"taxonomy":"category","embeddable":true,"href":"https:\/\/www.welovecycling.com\/pl\/wp-json\/wp\/v2\/categories?post=14568"},{"taxonomy":"post_tag","embeddable":true,"href":"https:\/\/www.welovecycling.com\/pl\/wp-json\/wp\/v2\/tags?post=14568"},{"taxonomy":"global-categories","embeddable":true,"href":"https:\/\/www.welovecycling.com\/pl\/wp-json\/wp\/v2\/global-categories?post=14568"}],"curies":[{"name":"wp","href":"https:\/\/api.w.org\/{rel}","templated":true}]}}