{"id":14561,"date":"2024-02-19T12:21:27","date_gmt":"2024-02-19T12:21:27","guid":{"rendered":"https:\/\/www.welovecycling.com\/pl\/?p=14561"},"modified":"2024-02-19T12:21:27","modified_gmt":"2024-02-19T12:21:27","slug":"mocne-otwarcie-katarzyny-niewiadomej-jest-moc","status":"publish","type":"post","link":"https:\/\/www.welovecycling.com\/pl\/2024\/02\/19\/mocne-otwarcie-katarzyny-niewiadomej-jest-moc\/","title":{"rendered":"Mocne otwarcie Katarzyny Niewiadomej. Jest moc!"},"content":{"rendered":"<p><strong>Ju\u017c na starcie sezonu Katarzyna Niewiadoma pokaza\u0142a pazur i \u015bwietnie spisa\u0142a si\u0119 w Setmana Ciclista Valenciana. Polka fantastycznie zaprezentowa\u0142a si\u0119 na etapach i do ko\u0144ca walczy\u0142a o zwyci\u0119stwo w klasyfikacji generalnej, ale ostatecznie sko\u0144czy\u0142a wy\u015bcig na drugim miejscu. Z kolei m\u0119\u017cczy\u017ani dzi\u015b zaczynaj\u0105 rywalizacj\u0119 w UAE Tour.<\/strong><\/p>\n<p>Ju\u017c na pocz\u0105tku sezonu Katarzyna Niewiadoma (Canyon\/Sram) wys\u0142a\u0142a mocny sygna\u0142 swoim rywalkom. Po bardzo udanym poprzednim sezonie Polka najwyra\u017aniej nie zamierza si\u0119 zatrzymywa\u0107, a udowodni\u0142a to podczas w\u0142a\u015bnie zako\u0144czonego Setmana Ciclista Valenciana.<\/p>\n<div class=\"embed-controller-wrapper\">\n<blockquote class=\"twitter-tweet\" data-width=\"500\" data-dnt=\"true\">\n<p lang=\"ca\" dir=\"ltr\">\u26a1\ufe0f \u00a1Niewiadoma al ataque!<br \/>\ud83d\udd25 Niewiadoma &#8211; Canyon\/Sram makes a move! <\/p>\n<p>\u23f1\ufe0f 25\u201d para ella sobre el pelot\u00f3n<\/p>\n<p>\ud83e\udde1 <a href=\"https:\/\/twitter.com\/hashtag\/SetmanaCiclista?src=hash&amp;ref_src=twsrc%5Etfw\">#SetmanaCiclista<\/a> <a href=\"https:\/\/t.co\/LFGX3bGtbY\">pic.twitter.com\/LFGX3bGtbY<\/a><\/p>\n<p>&mdash; Setmana Ciclista &#8211; Volta Femenina de la CV (@SetmanaCiclista) <a href=\"https:\/\/twitter.com\/SetmanaCiclista\/status\/1758159105418543509?ref_src=twsrc%5Etfw\">February 15, 2024<\/a><\/p><\/blockquote>\n<p><script async data-src=\"https:\/\/platform.twitter.com\/widgets.js\" charset=\"utf-8\"><\/script><\/div>\n<p><strong><span style=\"font-size: 18pt;\">Osiem sekund Katarzyny Niewiadomej<\/span> <\/strong><\/p>\n<p>Polka ju\u017c pierwszego dnia mocno nacisn\u0119\u0142a na peda\u0142y i w czwartek zaj\u0119\u0142a czwarte miejsce, a tu\u017c za ni\u0105 uplasowa\u0142a si\u0119 Marta Lach (Ceratizit-Wnt Pro Cycling). Nazajutrz Niewiadoma zn\u00f3w pojecha\u0142a bardzo dobrze (pi\u0105te miejsce), a w sobot\u0119 ju\u017c wskoczy\u0142a na podium. To da\u0142o niespe\u0142na 30-letniej zawodniczce z Limanowej drugie miejsce w klasyfikacji generalnej przed decyduj\u0105cym etapem, z o\u015bmioma sekundami straty do Hiszpanki Marlen Reusser (Team SD Worx-Protime).<\/p>\n<p>W niedziel\u0119 Niewiadoma pr\u00f3bowa\u0142a przechytrzy\u0107 liderk\u0119, ale Reusser by\u0142 bardzo czujna. W efekcie etap rozstrzygn\u0119\u0142y sprinterki, a Niewiadoma klasyfikacj\u0119 generaln\u0105 sko\u0144czy\u0142a na drugim miejscu. Z kolei Lach uplasowa\u0142a si\u0119 na 68. pozycji, a Karolina Kumi\u0119ga (UAE Team ADQ) \u2013 na 73.<\/p>\n<div class=\"embed-controller-wrapper\">\n<blockquote class=\"twitter-tweet\" data-width=\"500\" data-dnt=\"true\">\n<p lang=\"en\" dir=\"ltr\">\ud83d\udcfd\ufe0f Revive los mejores momentos de la etapa 4\u20e3<br \/>\ud83d\ude0e Rewatch the best moments of the stage 4\u20e3<\/p>\n<p>\ud83e\udde1 <a href=\"https:\/\/twitter.com\/hashtag\/SetmanaCiclista?src=hash&amp;ref_src=twsrc%5Etfw\">#SetmanaCiclista<\/a> <a href=\"https:\/\/t.co\/YjcVVZ1gCF\">pic.twitter.com\/YjcVVZ1gCF<\/a><\/p>\n<p>&mdash; Setmana Ciclista &#8211; Volta Femenina de la CV (@SetmanaCiclista) <a href=\"https:\/\/twitter.com\/SetmanaCiclista\/status\/1759286659164885405?ref_src=twsrc%5Etfw\">February 18, 2024<\/a><\/p><\/blockquote>\n<p><script async data-src=\"https:\/\/platform.twitter.com\/widgets.js\" charset=\"utf-8\"><\/script><\/div>\n<p><span style=\"font-size: 18pt;\"><strong>Fatalna wpadka Norwega<\/strong><\/span><\/p>\n<p>Najwi\u0119kszym przegranym minionego tygodnia zosta\u0142 Tobias Halland Johannessen (Uno-X Mobility), kt\u00f3ry zaj\u0105\u0142 dopiero drugie miejsce w jednodniowym Classic Var. \u201eDopiero\u201d, poniewa\u017c Norweg po zaci\u0119tej walce zostawi\u0142 w tyle rywali i tu\u017c przed met\u0105 podni\u00f3s\u0142 ju\u017c nawet r\u0119k\u0119 w ge\u015bcie triumfu. Na ostatnich metrach pewny zwyci\u0119stwa Johannessen niemal przesta\u0142 peda\u0142owa\u0107, co postanowi\u0142 wykorzysta\u0107 Lenny Martinez (Groupama \u2013 FDJ). Francuz nie straci\u0142 nadziei, zdecydowa\u0142 si\u0119 na mocny finisz i przeci\u0105\u0142 lini\u0119 mety jako pierwszy, zostawiaj\u0105c za plecami zaskoczonego Johannessena. A ca\u0142a sytuacja wygl\u0105da\u0142a tak:<\/p>\n<div class=\"embed-controller-wrapper\">\n<blockquote class=\"twitter-tweet\" data-width=\"500\" data-dnt=\"true\">\n<p lang=\"en\" dir=\"ltr\">This is why you should \ud835\udc0d\ud835\udc04\ud835\udc15\ud835\udc04\ud835\udc11 celebrate too early! \ud83d\ude33<a href=\"https:\/\/twitter.com\/hashtag\/ClassicVar?src=hash&amp;ref_src=twsrc%5Etfw\">#ClassicVar<\/a> | <a href=\"https:\/\/twitter.com\/discoveryplusUK?ref_src=twsrc%5Etfw\">@discoveryplusUK<\/a> <a href=\"https:\/\/t.co\/HUVi9BAgK9\">pic.twitter.com\/HUVi9BAgK9<\/a><\/p>\n<p>&mdash; Eurosport (@eurosport) <a href=\"https:\/\/twitter.com\/eurosport\/status\/1758507148475064718?ref_src=twsrc%5Etfw\">February 16, 2024<\/a><\/p><\/blockquote>\n<p><script async data-src=\"https:\/\/platform.twitter.com\/widgets.js\" charset=\"utf-8\"><\/script><\/div>\n<p>\u2013 300 metr\u00f3w przed met\u0105 my\u015bla\u0142em, \u017ce ju\u017c nie mam szans, ale da\u0142em z siebie wszystko i to by\u0142a dobra decyzja \u2013 cieszy\u0142 si\u0119 Martinez.<\/p>\n<p><span style=\"font-size: 18pt;\"><strong>Startuje UAE Tour<\/strong><\/span><\/p>\n<p>Teraz jednak wszystkie oczy zwr\u00f3cone s\u0105 ju\u017c na Zjednoczone Emiraty Arabskie, gdzie dzi\u015b zaczyna si\u0119 UAE Tour. Wyst\u0105pi\u0105 w nim najmocniejsze ekipy na \u015bwiecie, kt\u00f3re b\u0119d\u0105 rywalizowa\u0142y przez siedem dni.<\/p>\n<p>Wy\u015bcig zacznie si\u0119 p\u0142askim etapem Al Dhafra Walk do Liwa Palace, nazajutrz kolarze pojad\u0105 czas\u00f3wk\u0119, a w \u015brod\u0119 po raz pierwszy wjad\u0105 w g\u00f3ry. Kolejne trzy etapy b\u0119d\u0105 nale\u017ca\u0142y do p\u0142askich. Wszystko zn\u00f3w rozstrzygn\u0105 g\u00f3ry, a dok\u0142adnie niedzielny 161-kilometrowy etap z Al Ain do Jebel Hafeet.<\/p>\n<p>Faworyci? Zwyci\u0119stwo za punkt honoru zawsze stawiaj\u0105 sobie gospodarze \u2013 UAE Team Emirates. W poprzednim roku wygrana nale\u017ca\u0142a jednak do Remco Evenepoela z Soudal Quick-Step. Niebezpieczni mog\u0105 by\u0107 te\u017c Ineos Grenadiers oraz Team Visma Lease a Bike.<\/p>\n<div class=\"embed-controller-wrapper\">\n<blockquote class=\"twitter-tweet\" data-width=\"500\" data-dnt=\"true\">\n<p lang=\"en\" dir=\"ltr\">We welcome you to the Abu Dhabi Run &amp; Ride Village on the Abu Dhabi Corniche to enjoy the lively atmosphere filled with activity, vitality, entertainment, and fun. Visit us at the cycling district presented by UAE Tour, which offers cycling enthusiasts an exceptional experience! <a href=\"https:\/\/t.co\/RxQwd2cNJz\">pic.twitter.com\/RxQwd2cNJz<\/a><\/p>\n<p>&mdash; UAE Tour Official (@uae_tour) <a href=\"https:\/\/twitter.com\/uae_tour\/status\/1758767287417364805?ref_src=twsrc%5Etfw\">February 17, 2024<\/a><\/p><\/blockquote>\n<p><script async data-src=\"https:\/\/platform.twitter.com\/widgets.js\" charset=\"utf-8\"><\/script><\/div>\n<p><span data-sheets-value=\"{&quot;1&quot;:2,&quot;2&quot;:&quot;Artyku\u0142 powsta\u0142 we wsp\u00f3\u0142pracy ze skoda-auto.pl&quot;}\" data-sheets-userformat=\"{&quot;2&quot;:1,&quot;3&quot;:{&quot;1&quot;:0}}\" data-sheets-hyperlink=\"http:\/\/www.skoda-auto.pl\/\"><a class=\"in-cell-link\" href=\"http:\/\/www.skoda-auto.pl\/\" target=\"_blank\" rel=\"noopener noreferrer\">Artyku\u0142 powsta\u0142 we wsp\u00f3\u0142pracy ze skoda-auto.pl<\/a><\/span><\/p>\n<p><img decoding=\"async\" src=\"https:\/\/d2p6e6u75xmxt8.cloudfront.net\/5\/2030\/11\/2.webp\" \/><\/p>\n","protected":false},"excerpt":{"rendered":"<p>Ju\u017c na starcie sezonu Katarzyna Niewiadoma pokaza\u0142a pazur i \u015bwietnie spisa\u0142a si\u0119 w Setmana Ciclista Valenciana. Polka fantastycznie zaprezentowa\u0142a si\u0119 [&hellip;]<\/p>\n","protected":false},"author":153,"featured_media":14563,"comment_status":"open","ping_status":"open","sticky":false,"template":"","format":"standard","meta":{"footnotes":""},"categories":[407],"tags":[369,151,191,404,423],"global-categories":[303],"class_list":["post-14561","post","type-post","status-publish","format-standard","has-post-thumbnail","hentry","category-kasia-niewiadoma","tag-kasia-niewiadoma","tag-kolarstwo-szosowe","tag-skoda","tag-skodapolska","tag-wyscigi-szosowe","global-categories-cycling"],"yoast_head":"<!-- This site is optimized with the Yoast SEO Premium plugin v25.3 (Yoast SEO v25.9) - https:\/\/yoast.com\/wordpress\/plugins\/seo\/ -->\n<title>Mocne otwarcie Katarzyny Niewiadomej. Jest moc! - \u0160koda We Love Cycling - Poland<\/title>\n<meta name=\"robots\" content=\"index, follow, max-snippet:-1, max-image-preview:large, max-video-preview:-1\" \/>\n<link rel=\"canonical\" href=\"https:\/\/www.welovecycling.com\/pl\/2024\/02\/19\/mocne-otwarcie-katarzyny-niewiadomej-jest-moc\/\" \/>\n<meta property=\"og:locale\" content=\"pl_PL\" \/>\n<meta property=\"og:type\" content=\"article\" \/>\n<meta property=\"og:title\" content=\"Mocne otwarcie Katarzyny Niewiadomej. Jest moc!\" \/>\n<meta property=\"og:description\" content=\"Ju\u017c na starcie sezonu Katarzyna Niewiadoma pokaza\u0142a pazur i \u015bwietnie spisa\u0142a si\u0119 w Setmana Ciclista Valenciana. Polka fantastycznie zaprezentowa\u0142a si\u0119 [&hellip;]\" \/>\n<meta property=\"og:url\" content=\"https:\/\/www.welovecycling.com\/pl\/2024\/02\/19\/mocne-otwarcie-katarzyny-niewiadomej-jest-moc\/\" \/>\n<meta property=\"og:site_name\" content=\"\u0160koda We Love Cycling - Poland\" \/>\n<meta property=\"article:published_time\" content=\"2024-02-19T12:21:27+00:00\" \/>\n<meta property=\"og:image\" content=\"https:\/\/d2p6e6u75xmxt8.cloudfront.net\/5\/2024\/02\/MicrosoftTeams-image-38.webp\" \/>\n\t<meta property=\"og:image:width\" content=\"990\" \/>\n\t<meta property=\"og:image:height\" content=\"660\" \/>\n\t<meta property=\"og:image:type\" content=\"image\/webp\" \/>\n<meta name=\"author\" content=\"rafal\" \/>\n<meta name=\"twitter:card\" content=\"summary_large_image\" \/>\n<meta name=\"twitter:label1\" content=\"Written by\" \/>\n\t<meta name=\"twitter:data1\" content=\"Piotr Nowik\" \/>\n\t<meta name=\"twitter:label2\" content=\"Est. reading time\" \/>\n\t<meta name=\"twitter:data2\" content=\"3\" \/>\n<script type=\"application\/ld+json\" class=\"yoast-schema-graph\">{\"@context\":\"https:\/\/schema.org\",\"@graph\":[{\"@type\":\"WebPage\",\"@id\":\"https:\/\/www.welovecycling.com\/pl\/2024\/02\/19\/mocne-otwarcie-katarzyny-niewiadomej-jest-moc\/\",\"url\":\"https:\/\/www.welovecycling.com\/pl\/2024\/02\/19\/mocne-otwarcie-katarzyny-niewiadomej-jest-moc\/\",\"name\":\"Mocne otwarcie Katarzyny Niewiadomej. Jest moc! - \u0160koda We Love Cycling - Poland\",\"isPartOf\":{\"@id\":\"https:\/\/www.welovecycling.com\/pl\/#website\"},\"primaryImageOfPage\":{\"@id\":\"https:\/\/www.welovecycling.com\/pl\/2024\/02\/19\/mocne-otwarcie-katarzyny-niewiadomej-jest-moc\/#primaryimage\"},\"image\":{\"@id\":\"https:\/\/www.welovecycling.com\/pl\/2024\/02\/19\/mocne-otwarcie-katarzyny-niewiadomej-jest-moc\/#primaryimage\"},\"thumbnailUrl\":\"https:\/\/d2p6e6u75xmxt8.cloudfront.net\/5\/2024\/02\/MicrosoftTeams-image-38.webp\",\"datePublished\":\"2024-02-19T12:21:27+00:00\",\"author\":{\"@id\":\"https:\/\/www.welovecycling.com\/pl\/#\/schema\/person\/bf06ed916a1ef16618807fb60d2ebe42\"},\"breadcrumb\":{\"@id\":\"https:\/\/www.welovecycling.com\/pl\/2024\/02\/19\/mocne-otwarcie-katarzyny-niewiadomej-jest-moc\/#breadcrumb\"},\"inLanguage\":\"pl-PL\",\"potentialAction\":[{\"@type\":\"ReadAction\",\"target\":[\"https:\/\/www.welovecycling.com\/pl\/2024\/02\/19\/mocne-otwarcie-katarzyny-niewiadomej-jest-moc\/\"]}]},{\"@type\":\"ImageObject\",\"inLanguage\":\"pl-PL\",\"@id\":\"https:\/\/www.welovecycling.com\/pl\/2024\/02\/19\/mocne-otwarcie-katarzyny-niewiadomej-jest-moc\/#primaryimage\",\"url\":\"https:\/\/d2p6e6u75xmxt8.cloudfront.net\/5\/2024\/02\/MicrosoftTeams-image-38.webp\",\"contentUrl\":\"https:\/\/d2p6e6u75xmxt8.cloudfront.net\/5\/2024\/02\/MicrosoftTeams-image-38.webp\",\"width\":990,\"height\":660},{\"@type\":\"BreadcrumbList\",\"@id\":\"https:\/\/www.welovecycling.com\/pl\/2024\/02\/19\/mocne-otwarcie-katarzyny-niewiadomej-jest-moc\/#breadcrumb\",\"itemListElement\":[{\"@type\":\"ListItem\",\"position\":1,\"name\":\"Home\",\"item\":\"https:\/\/www.welovecycling.com\/pl\/\"},{\"@type\":\"ListItem\",\"position\":2,\"name\":\"Mocne otwarcie Katarzyny Niewiadomej. Jest moc!\"}]},{\"@type\":\"WebSite\",\"@id\":\"https:\/\/www.welovecycling.com\/pl\/#website\",\"url\":\"https:\/\/www.welovecycling.com\/pl\/\",\"name\":\"\u0160koda We Love Cycling - Poland\",\"description\":\"\",\"potentialAction\":[{\"@type\":\"SearchAction\",\"target\":{\"@type\":\"EntryPoint\",\"urlTemplate\":\"https:\/\/www.welovecycling.com\/pl\/?s={search_term_string}\"},\"query-input\":{\"@type\":\"PropertyValueSpecification\",\"valueRequired\":true,\"valueName\":\"search_term_string\"}}],\"inLanguage\":\"pl-PL\"},{\"@type\":\"Person\",\"@id\":\"https:\/\/www.welovecycling.com\/pl\/#\/schema\/person\/bf06ed916a1ef16618807fb60d2ebe42\",\"name\":\"rafal\",\"image\":{\"@type\":\"ImageObject\",\"inLanguage\":\"pl-PL\",\"@id\":\"https:\/\/www.welovecycling.com\/pl\/#\/schema\/person\/image\/\",\"url\":\"https:\/\/secure.gravatar.com\/avatar\/203f240e63bee214f6f3a0dacbeb600c7829c09716c2b9ee3230c6961debcde2?s=96&d=mm&r=g\",\"contentUrl\":\"https:\/\/secure.gravatar.com\/avatar\/203f240e63bee214f6f3a0dacbeb600c7829c09716c2b9ee3230c6961debcde2?s=96&d=mm&r=g\",\"caption\":\"rafal\"},\"url\":\"https:\/\/www.welovecycling.com\/pl\/author\/rafal\/\"}]}<\/script>\n<!-- \/ Yoast SEO Premium plugin. -->","yoast_head_json":{"title":"Mocne otwarcie Katarzyny Niewiadomej. Jest moc! - \u0160koda We Love Cycling - Poland","robots":{"index":"index","follow":"follow","max-snippet":"max-snippet:-1","max-image-preview":"max-image-preview:large","max-video-preview":"max-video-preview:-1"},"canonical":"https:\/\/www.welovecycling.com\/pl\/2024\/02\/19\/mocne-otwarcie-katarzyny-niewiadomej-jest-moc\/","og_locale":"pl_PL","og_type":"article","og_title":"Mocne otwarcie Katarzyny Niewiadomej. Jest moc!","og_description":"Ju\u017c na starcie sezonu Katarzyna Niewiadoma pokaza\u0142a pazur i \u015bwietnie spisa\u0142a si\u0119 w Setmana Ciclista Valenciana. Polka fantastycznie zaprezentowa\u0142a si\u0119 [&hellip;]","og_url":"https:\/\/www.welovecycling.com\/pl\/2024\/02\/19\/mocne-otwarcie-katarzyny-niewiadomej-jest-moc\/","og_site_name":"\u0160koda We Love Cycling - Poland","article_published_time":"2024-02-19T12:21:27+00:00","og_image":[{"width":990,"height":660,"url":"https:\/\/d2p6e6u75xmxt8.cloudfront.net\/5\/2024\/02\/MicrosoftTeams-image-38.webp","type":"image\/webp"}],"author":"rafal","twitter_card":"summary_large_image","twitter_misc":{"Written by":"Piotr Nowik","Est. reading time":"3"},"schema":{"@context":"https:\/\/schema.org","@graph":[{"@type":"WebPage","@id":"https:\/\/www.welovecycling.com\/pl\/2024\/02\/19\/mocne-otwarcie-katarzyny-niewiadomej-jest-moc\/","url":"https:\/\/www.welovecycling.com\/pl\/2024\/02\/19\/mocne-otwarcie-katarzyny-niewiadomej-jest-moc\/","name":"Mocne otwarcie Katarzyny Niewiadomej. Jest moc! - \u0160koda We Love Cycling - Poland","isPartOf":{"@id":"https:\/\/www.welovecycling.com\/pl\/#website"},"primaryImageOfPage":{"@id":"https:\/\/www.welovecycling.com\/pl\/2024\/02\/19\/mocne-otwarcie-katarzyny-niewiadomej-jest-moc\/#primaryimage"},"image":{"@id":"https:\/\/www.welovecycling.com\/pl\/2024\/02\/19\/mocne-otwarcie-katarzyny-niewiadomej-jest-moc\/#primaryimage"},"thumbnailUrl":"https:\/\/d2p6e6u75xmxt8.cloudfront.net\/5\/2024\/02\/MicrosoftTeams-image-38.webp","datePublished":"2024-02-19T12:21:27+00:00","author":{"@id":"https:\/\/www.welovecycling.com\/pl\/#\/schema\/person\/bf06ed916a1ef16618807fb60d2ebe42"},"breadcrumb":{"@id":"https:\/\/www.welovecycling.com\/pl\/2024\/02\/19\/mocne-otwarcie-katarzyny-niewiadomej-jest-moc\/#breadcrumb"},"inLanguage":"pl-PL","potentialAction":[{"@type":"ReadAction","target":["https:\/\/www.welovecycling.com\/pl\/2024\/02\/19\/mocne-otwarcie-katarzyny-niewiadomej-jest-moc\/"]}]},{"@type":"ImageObject","inLanguage":"pl-PL","@id":"https:\/\/www.welovecycling.com\/pl\/2024\/02\/19\/mocne-otwarcie-katarzyny-niewiadomej-jest-moc\/#primaryimage","url":"https:\/\/d2p6e6u75xmxt8.cloudfront.net\/5\/2024\/02\/MicrosoftTeams-image-38.webp","contentUrl":"https:\/\/d2p6e6u75xmxt8.cloudfront.net\/5\/2024\/02\/MicrosoftTeams-image-38.webp","width":990,"height":660},{"@type":"BreadcrumbList","@id":"https:\/\/www.welovecycling.com\/pl\/2024\/02\/19\/mocne-otwarcie-katarzyny-niewiadomej-jest-moc\/#breadcrumb","itemListElement":[{"@type":"ListItem","position":1,"name":"Home","item":"https:\/\/www.welovecycling.com\/pl\/"},{"@type":"ListItem","position":2,"name":"Mocne otwarcie Katarzyny Niewiadomej. Jest moc!"}]},{"@type":"WebSite","@id":"https:\/\/www.welovecycling.com\/pl\/#website","url":"https:\/\/www.welovecycling.com\/pl\/","name":"\u0160koda We Love Cycling - Poland","description":"","potentialAction":[{"@type":"SearchAction","target":{"@type":"EntryPoint","urlTemplate":"https:\/\/www.welovecycling.com\/pl\/?s={search_term_string}"},"query-input":{"@type":"PropertyValueSpecification","valueRequired":true,"valueName":"search_term_string"}}],"inLanguage":"pl-PL"},{"@type":"Person","@id":"https:\/\/www.welovecycling.com\/pl\/#\/schema\/person\/bf06ed916a1ef16618807fb60d2ebe42","name":"rafal","image":{"@type":"ImageObject","inLanguage":"pl-PL","@id":"https:\/\/www.welovecycling.com\/pl\/#\/schema\/person\/image\/","url":"https:\/\/secure.gravatar.com\/avatar\/203f240e63bee214f6f3a0dacbeb600c7829c09716c2b9ee3230c6961debcde2?s=96&d=mm&r=g","contentUrl":"https:\/\/secure.gravatar.com\/avatar\/203f240e63bee214f6f3a0dacbeb600c7829c09716c2b9ee3230c6961debcde2?s=96&d=mm&r=g","caption":"rafal"},"url":"https:\/\/www.welovecycling.com\/pl\/author\/rafal\/"}]}},"_links":{"self":[{"href":"https:\/\/www.welovecycling.com\/pl\/wp-json\/wp\/v2\/posts\/14561","targetHints":{"allow":["GET"]}}],"collection":[{"href":"https:\/\/www.welovecycling.com\/pl\/wp-json\/wp\/v2\/posts"}],"about":[{"href":"https:\/\/www.welovecycling.com\/pl\/wp-json\/wp\/v2\/types\/post"}],"author":[{"embeddable":true,"href":"https:\/\/www.welovecycling.com\/pl\/wp-json\/wp\/v2\/users\/153"}],"replies":[{"embeddable":true,"href":"https:\/\/www.welovecycling.com\/pl\/wp-json\/wp\/v2\/comments?post=14561"}],"version-history":[{"count":1,"href":"https:\/\/www.welovecycling.com\/pl\/wp-json\/wp\/v2\/posts\/14561\/revisions"}],"predecessor-version":[{"id":14562,"href":"https:\/\/www.welovecycling.com\/pl\/wp-json\/wp\/v2\/posts\/14561\/revisions\/14562"}],"wp:featuredmedia":[{"embeddable":true,"href":"https:\/\/www.welovecycling.com\/pl\/wp-json\/wp\/v2\/media\/14563"}],"wp:attachment":[{"href":"https:\/\/www.welovecycling.com\/pl\/wp-json\/wp\/v2\/media?parent=14561"}],"wp:term":[{"taxonomy":"category","embeddable":true,"href":"https:\/\/www.welovecycling.com\/pl\/wp-json\/wp\/v2\/categories?post=14561"},{"taxonomy":"post_tag","embeddable":true,"href":"https:\/\/www.welovecycling.com\/pl\/wp-json\/wp\/v2\/tags?post=14561"},{"taxonomy":"global-categories","embeddable":true,"href":"https:\/\/www.welovecycling.com\/pl\/wp-json\/wp\/v2\/global-categories?post=14561"}],"curies":[{"name":"wp","href":"https:\/\/api.w.org\/{rel}","templated":true}]}}