{"id":14549,"date":"2024-02-09T15:13:21","date_gmt":"2024-02-09T15:13:21","guid":{"rendered":"https:\/\/www.welovecycling.com\/pl\/?p=14549"},"modified":"2024-02-09T15:13:21","modified_gmt":"2024-02-09T15:13:21","slug":"rosnie-popularnosc-rowerow-dostawczych","status":"publish","type":"post","link":"https:\/\/www.welovecycling.com\/pl\/2024\/02\/09\/rosnie-popularnosc-rowerow-dostawczych\/","title":{"rendered":"Ro\u015bnie popularno\u015b\u0107 rower\u00f3w dostawczych"},"content":{"rendered":"<p><strong>Co roku jeste\u015bmy \u015bwiadkami okres\u00f3w wzmo\u017conych dostaw towar\u00f3w \u2013 na przyk\u0142ad prezent\u00f3w \u015bwi\u0105tecznych \u2013 a rowery stopniowo staj\u0105 si\u0119 g\u0142\u00f3wnym \u015brodkiem ich transportu. <\/strong><strong>Podobnie jak ka\u017cdy inny aspekt mobilno\u015bci na \u015bwiecie r\u00f3wnie\u017c transport rowerowy przechodzi obecnie powa\u017cne zmiany.<\/strong><\/p>\n<p>Jako skromny przyk\u0142ad we\u017amy rower do dostarczania pizzy \u2013 DXB sieci pizzerii Domino\u2019s. Przede wszystkim nowy elektryczny dwu\u015blad wyposa\u017cono w piec, a \u015bci\u015blej m\u00f3wi\u0105c \u2013 w \u201ekapsu\u0142\u0119 do pizzy z kontrol\u0105 temperatury\u201d. Zainstalowany w niej wentylator wymusza obieg powietrza ogrzewanego grza\u0142k\u0105 ceramiczn\u0105 w wentylowanej torbie termicznej, aby odparowa\u0107 nadmiar wilgoci, dzi\u0119ki czemu ani jedna pizza po drodze nie rozmi\u0119knie. Kapsu\u0142a utrzymuje temperatur\u0119 68\u00b0C \u2013 odpowiedni\u0105, aby pizz\u0119 mo\u017cna by\u0142o zje\u015b\u0107 zaraz po wyj\u0119ciu z kartonu.<\/p>\n<p>Rower DXB sieci Domino\u2019s wyposa\u017cono r\u00f3wnie\u017c w \u201ekosmiczne zawieszenie, kt\u00f3re \u0142agodzi przeci\u0105\u017cenia o niewiarygodne 67 proc.\u201d, aby zapobiec wstrz\u0105som i zapewni\u0107 stabilno\u015b\u0107 wszystkim sk\u0142adnikom pizzy, poniewa\u017c, jak utrzymuje firma, podczas dostawy rowerem na pizz\u0119 oddzia\u0142uj\u0105 si\u0142y dochodz\u0105ce do 10,2 G \u2013 a zatem wi\u0119ksze ni\u017c odczuwane przez pilota my\u015bliwca.<\/p>\n<p>Nic dziwnego, \u017ce sie\u0107 Domino\u2019s nawi\u0105zuje do popularnego serialu sci-fi <em>Star Trek<\/em>: \u201eDomino\u2019s \u015bmia\u0142o pod\u0105\u017ca tam, dok\u0105d nie dotar\u0142a jeszcze \u017cadna sie\u0107 pizzerii, wprowadzaj\u0105c now\u0105, rewolucyjn\u0105 koncepcj\u0119 e-rower\u00f3w, kt\u00f3ra na zawsze zmieni \u015bwiat dostaw \u017cywno\u015bci\u201d.<\/p>\n<p>W Miami na Florydzie globalna firma kurierska DHL Express nawi\u0105za\u0142a wsp\u00f3\u0142prac\u0119 z Reef Technologies, najwi\u0119kszym operatorem parking\u00f3w, mobilno\u015bci i centr\u00f3w logistycznych w Ameryce P\u00f3\u0142nocnej, w celu pilota\u017cowego wykorzystania czterech nowych elektrorower\u00f3w towarowych o niskim poborze mocy na potrzeby obs\u0142ugi dostaw w mie\u015bcie. Tr\u00f3jko\u0142owce wyposa\u017cono w kontener \u0142adunkowy \u2013 zdaniem DHL mog\u0105 ud\u017awign\u0105\u0107 \u0142adunek o masie do 181 kg i obj\u0119to\u015bci do 1700 litr\u00f3w.<\/p>\n<figure id=\"attachment_14550\" aria-describedby=\"caption-attachment-14550\" style=\"width: 990px\" class=\"wp-caption alignnone\"><a href=\"https:\/\/d2p6e6u75xmxt8.cloudfront.net\/5\/2024\/02\/Rosnie-popularnosc-rowerow-dostawczych-2.webp\"><img loading=\"lazy\" decoding=\"async\" class=\"wp-image-14550 size-full\" src=\"https:\/\/d2p6e6u75xmxt8.cloudfront.net\/5\/2024\/02\/Rosnie-popularnosc-rowerow-dostawczych-2.webp\" alt=\"\" width=\"990\" height=\"660\" srcset=\"https:\/\/d2p6e6u75xmxt8.cloudfront.net\/5\/2024\/02\/Rosnie-popularnosc-rowerow-dostawczych-2.webp 990w, https:\/\/d2p6e6u75xmxt8.cloudfront.net\/5\/2024\/02\/Rosnie-popularnosc-rowerow-dostawczych-2-300x200.webp 300w, https:\/\/d2p6e6u75xmxt8.cloudfront.net\/5\/2024\/02\/Rosnie-popularnosc-rowerow-dostawczych-2-768x512.webp 768w, https:\/\/d2p6e6u75xmxt8.cloudfront.net\/5\/2024\/02\/Rosnie-popularnosc-rowerow-dostawczych-2-400x267.webp 400w, https:\/\/d2p6e6u75xmxt8.cloudfront.net\/5\/2024\/02\/Rosnie-popularnosc-rowerow-dostawczych-2-272x182.webp 272w\" sizes=\"auto, (max-width: 990px) 100vw, 990px\" \/><\/a><figcaption id=\"caption-attachment-14550\" class=\"wp-caption-text\">Rowery stopniowo staj\u0105 si\u0119 g\u0142\u00f3wnym \u015brodkiem transportu towar\u00f3w. \u00a9 Profimedia<\/figcaption><\/figure>\n<p>Rowery towarowe s\u0105 cz\u0119\u015bci\u0105 strategii GoGreen firmy DHL maj\u0105cej na celu zmniejszenie \u015bladu w\u0119glowego. Firma planuje do 2025 roku wprowadzi\u0107 ekologiczne rozwi\u0105zania w zakresie odbioru i dostawy w 70 proc. swoich operacji. Twierdzi r\u00f3wnie\u017c, \u017ce \u201eka\u017cdy rower e-Cargo Cycle umo\u017cliwia DHL zast\u0105pienie jednego konwencjonalnego samochodu dostawczego, zmniejszaj\u0105c ruch drogowy, ha\u0142as i zanieczyszczenie \u015brodowiska\u201d.<\/p>\n<p>Transformacji poddano tak\u017ce uk\u0142ad nap\u0119dowy roweru. Mando Corporation, dostawca cz\u0119\u015bci motoryzacyjnych dla firmy Tier 1, wprowadzi\u0142 w 2012 roku pierwszy na \u015bwiecie rower bez \u0142a\u0144cucha, Mando Footloose. Takie rozwi\u0105zanie jednak si\u0119 nie przyj\u0119\u0142o, poniewa\u017c \u2013 jak przyzna\u0142 Jeff Chang, dyrektor generalny Mando Corporation Europe \u2013 \u201eniewystarczaj\u0105co dopracowano wyczucie peda\u0142\u00f3w\u201d. Firma przeprojektowa\u0142a system, wykorzystuj\u0105c technologi\u0119 motoryzacyjn\u0105.<\/p>\n<p>W efekcie powsta\u0142 SPM Module, pot\u0119\u017cny bez\u0142a\u0144cuchowy uk\u0142ad nap\u0119dowy zaprojektowany g\u0142\u00f3wnie z my\u015bl\u0105 o ci\u0119\u017ckich elektrycznych rowerach towarowych i pasa\u017cerskich. Firma wyja\u015bnia, \u017ce \u201ezapewnia [on] producentom zintegrowan\u0105 platform\u0119 e-Mobility Module, kt\u00f3ra sk\u0142ada si\u0119 z modu\u0142u ePedal (alternatora), silnika elektrycznego, akumulatora, wi\u0105zki przewod\u00f3w oraz uk\u0142adu HMI + HBC (Human-Machine Interface + Hydraulic Brake Cut-off)\u201d. Wielu producent\u00f3w prowadzi obecnie pr\u00f3by pilota\u017cowe lub produkcj\u0119 seryjn\u0105 z wykorzystaniem takiego nap\u0119du. Mando informuje r\u00f3wnie\u017c, \u017ce \u201epopyt rynkowy na system radykalnie wzr\u00f3s\u0142, odk\u0105d na pocz\u0105tku tego roku Komisja Europejska doprecyzowa\u0142a status prawny seryjnego uk\u0142adu hybrydowego\u201d.<\/p>\n<p>Jedn\u0105 z firm korzystaj\u0105cych z modu\u0142u SPM jest CITKAR, niemiecki producent czteroko\u0142owych rower\u00f3w towarowych z nap\u0119dem elektrycznym. Wyposa\u017cono je w kabin\u0119 i mog\u0105 przewozi\u0107 \u0142adunek o masie do 235 kg. Maszyny te s\u0105 obecnie dost\u0119pne w Wielkiej Brytanii, Holandii, Niemczech i Francji. Wykorzystuje je te\u017c DHL i inne firmy obs\u0142uguj\u0105ce transport \u201ena ostatniej mili\u201d, podobnie jak dostawcy artyku\u0142\u00f3w spo\u017cywczych \u2013 na przyk\u0142ad holenderskie supermarkety Plus.<\/p>\n<p>Nareszcie pojawi\u0142o si\u0119 co\u015b, co mo\u017cna nazwa\u0107 post\u0119pem w technologii organizacji dostaw. W Pradze w 2020 roku otwarto magazyn dostawczy do dostarczania przesy\u0142ek w centrum miasta, uznany za jeden z trzech najlepszych projekt\u00f3w w kategorii \u201eZero zanieczyszcze\u0144\u201d (Zero Pollution) w konkursie Eurocities Awards 2021.<\/p>\n<p>Koncepcja jest prostym rozwi\u0105zaniem ostatniej mili. Paczki roz\u0142adowuje si\u0119 z ci\u0119\u017car\u00f3wek i przenosi na elektryczne rowery towarowe, a nast\u0119pnie za ich pomoc\u0105 dostarcza do klient\u00f3w.<\/p>\n<p>Z magazynu korzystaj\u0105 takie firmy jak Dachser, DHL, DPD, GLS, Messenger, PPL i Rohlik.cz, kt\u00f3re wsp\u00f3lnie obs\u0142uguj\u0105 flot\u0119 ponad 30 rower\u00f3w e-cargo. W magazynie znajduj\u0105 si\u0119 r\u00f3wnie\u017c udogodnienia dla kurier\u00f3w, takie jak prysznice, toalety, kuchnia i pok\u00f3j socjalny. Opr\u00f3cz tego zapewniono ca\u0142odobow\u0105 ochron\u0119 i wprowadzono metody ograniczenia dost\u0119pu. Od tego czasu w innych czeskich miastach otwarto kolejne magazyny. Planowane jest r\u00f3wnie\u017c otwarcie drugiego takiego obiektu w Pradze.<\/p>\n<p><span data-sheets-value=\"{&quot;1&quot;:2,&quot;2&quot;:&quot;Artyku\u0142 powsta\u0142 we wsp\u00f3\u0142pracy ze skoda-auto.pl&quot;}\" data-sheets-userformat=\"{&quot;2&quot;:1,&quot;3&quot;:{&quot;1&quot;:0}}\" data-sheets-hyperlink=\"http:\/\/www.skoda-auto.pl\/\"><a class=\"in-cell-link\" href=\"http:\/\/www.skoda-auto.pl\/\" target=\"_blank\" rel=\"noopener noreferrer\">Artyku\u0142 powsta\u0142 we wsp\u00f3\u0142pracy ze skoda-auto.pl<\/a><\/span><\/p>\n<p><img decoding=\"async\" src=\"https:\/\/d2p6e6u75xmxt8.cloudfront.net\/5\/2030\/11\/1.webp\" \/><\/p>\n","protected":false},"excerpt":{"rendered":"<p>Co roku jeste\u015bmy \u015bwiadkami okres\u00f3w wzmo\u017conych dostaw towar\u00f3w \u2013 na przyk\u0142ad prezent\u00f3w \u015bwi\u0105tecznych \u2013 a rowery stopniowo staj\u0105 si\u0119 g\u0142\u00f3wnym [&hellip;]<\/p>\n","protected":false},"author":153,"featured_media":14552,"comment_status":"open","ping_status":"open","sticky":false,"template":"","format":"standard","meta":{"footnotes":""},"categories":[226],"tags":[263,130,200,191,404],"global-categories":[303],"class_list":["post-14549","post","type-post","status-publish","format-standard","has-post-thumbnail","hentry","category-ciekawostki","tag-e-bike","tag-kurierzy-rowerowi","tag-rower-elektryczny","tag-skoda","tag-skodapolska","global-categories-cycling"],"yoast_head":"<!-- This site is optimized with the Yoast SEO Premium plugin v25.3 (Yoast SEO v25.9) - https:\/\/yoast.com\/wordpress\/plugins\/seo\/ -->\n<title>Ro\u015bnie popularno\u015b\u0107 rower\u00f3w dostawczych - \u0160koda We Love Cycling - Poland<\/title>\n<meta name=\"robots\" content=\"index, follow, max-snippet:-1, max-image-preview:large, max-video-preview:-1\" \/>\n<link rel=\"canonical\" href=\"https:\/\/www.welovecycling.com\/pl\/2024\/02\/09\/rosnie-popularnosc-rowerow-dostawczych\/\" \/>\n<meta property=\"og:locale\" content=\"pl_PL\" \/>\n<meta property=\"og:type\" content=\"article\" \/>\n<meta property=\"og:title\" content=\"Ro\u015bnie popularno\u015b\u0107 rower\u00f3w dostawczych\" \/>\n<meta property=\"og:description\" content=\"Co roku jeste\u015bmy \u015bwiadkami okres\u00f3w wzmo\u017conych dostaw towar\u00f3w \u2013 na przyk\u0142ad prezent\u00f3w \u015bwi\u0105tecznych \u2013 a rowery stopniowo staj\u0105 si\u0119 g\u0142\u00f3wnym [&hellip;]\" \/>\n<meta property=\"og:url\" content=\"https:\/\/www.welovecycling.com\/pl\/2024\/02\/09\/rosnie-popularnosc-rowerow-dostawczych\/\" \/>\n<meta property=\"og:site_name\" content=\"\u0160koda We Love Cycling - Poland\" \/>\n<meta property=\"article:published_time\" content=\"2024-02-09T15:13:21+00:00\" \/>\n<meta property=\"og:image\" content=\"https:\/\/d2p6e6u75xmxt8.cloudfront.net\/5\/2024\/02\/Rosnie-popularnosc-rowerow-dostawczych.webp\" \/>\n\t<meta property=\"og:image:width\" content=\"990\" \/>\n\t<meta property=\"og:image:height\" content=\"660\" \/>\n\t<meta property=\"og:image:type\" content=\"image\/webp\" \/>\n<meta name=\"author\" content=\"rafal\" \/>\n<meta name=\"twitter:card\" content=\"summary_large_image\" \/>\n<meta name=\"twitter:label1\" content=\"Written by\" \/>\n\t<meta name=\"twitter:data1\" content=\"Siegfried Mortkowitz\" \/>\n\t<meta name=\"twitter:label2\" content=\"Est. reading time\" \/>\n\t<meta name=\"twitter:data2\" content=\"4\" \/>\n<script type=\"application\/ld+json\" class=\"yoast-schema-graph\">{\"@context\":\"https:\/\/schema.org\",\"@graph\":[{\"@type\":\"WebPage\",\"@id\":\"https:\/\/www.welovecycling.com\/pl\/2024\/02\/09\/rosnie-popularnosc-rowerow-dostawczych\/\",\"url\":\"https:\/\/www.welovecycling.com\/pl\/2024\/02\/09\/rosnie-popularnosc-rowerow-dostawczych\/\",\"name\":\"Ro\u015bnie popularno\u015b\u0107 rower\u00f3w dostawczych - \u0160koda We Love Cycling - Poland\",\"isPartOf\":{\"@id\":\"https:\/\/www.welovecycling.com\/pl\/#website\"},\"primaryImageOfPage\":{\"@id\":\"https:\/\/www.welovecycling.com\/pl\/2024\/02\/09\/rosnie-popularnosc-rowerow-dostawczych\/#primaryimage\"},\"image\":{\"@id\":\"https:\/\/www.welovecycling.com\/pl\/2024\/02\/09\/rosnie-popularnosc-rowerow-dostawczych\/#primaryimage\"},\"thumbnailUrl\":\"https:\/\/d2p6e6u75xmxt8.cloudfront.net\/5\/2024\/02\/Rosnie-popularnosc-rowerow-dostawczych.webp\",\"datePublished\":\"2024-02-09T15:13:21+00:00\",\"author\":{\"@id\":\"https:\/\/www.welovecycling.com\/pl\/#\/schema\/person\/bf06ed916a1ef16618807fb60d2ebe42\"},\"breadcrumb\":{\"@id\":\"https:\/\/www.welovecycling.com\/pl\/2024\/02\/09\/rosnie-popularnosc-rowerow-dostawczych\/#breadcrumb\"},\"inLanguage\":\"pl-PL\",\"potentialAction\":[{\"@type\":\"ReadAction\",\"target\":[\"https:\/\/www.welovecycling.com\/pl\/2024\/02\/09\/rosnie-popularnosc-rowerow-dostawczych\/\"]}]},{\"@type\":\"ImageObject\",\"inLanguage\":\"pl-PL\",\"@id\":\"https:\/\/www.welovecycling.com\/pl\/2024\/02\/09\/rosnie-popularnosc-rowerow-dostawczych\/#primaryimage\",\"url\":\"https:\/\/d2p6e6u75xmxt8.cloudfront.net\/5\/2024\/02\/Rosnie-popularnosc-rowerow-dostawczych.webp\",\"contentUrl\":\"https:\/\/d2p6e6u75xmxt8.cloudfront.net\/5\/2024\/02\/Rosnie-popularnosc-rowerow-dostawczych.webp\",\"width\":990,\"height\":660},{\"@type\":\"BreadcrumbList\",\"@id\":\"https:\/\/www.welovecycling.com\/pl\/2024\/02\/09\/rosnie-popularnosc-rowerow-dostawczych\/#breadcrumb\",\"itemListElement\":[{\"@type\":\"ListItem\",\"position\":1,\"name\":\"Home\",\"item\":\"https:\/\/www.welovecycling.com\/pl\/\"},{\"@type\":\"ListItem\",\"position\":2,\"name\":\"Ro\u015bnie popularno\u015b\u0107 rower\u00f3w dostawczych\"}]},{\"@type\":\"WebSite\",\"@id\":\"https:\/\/www.welovecycling.com\/pl\/#website\",\"url\":\"https:\/\/www.welovecycling.com\/pl\/\",\"name\":\"\u0160koda We Love Cycling - Poland\",\"description\":\"\",\"potentialAction\":[{\"@type\":\"SearchAction\",\"target\":{\"@type\":\"EntryPoint\",\"urlTemplate\":\"https:\/\/www.welovecycling.com\/pl\/?s={search_term_string}\"},\"query-input\":{\"@type\":\"PropertyValueSpecification\",\"valueRequired\":true,\"valueName\":\"search_term_string\"}}],\"inLanguage\":\"pl-PL\"},{\"@type\":\"Person\",\"@id\":\"https:\/\/www.welovecycling.com\/pl\/#\/schema\/person\/bf06ed916a1ef16618807fb60d2ebe42\",\"name\":\"rafal\",\"image\":{\"@type\":\"ImageObject\",\"inLanguage\":\"pl-PL\",\"@id\":\"https:\/\/www.welovecycling.com\/pl\/#\/schema\/person\/image\/\",\"url\":\"https:\/\/secure.gravatar.com\/avatar\/203f240e63bee214f6f3a0dacbeb600c7829c09716c2b9ee3230c6961debcde2?s=96&d=mm&r=g\",\"contentUrl\":\"https:\/\/secure.gravatar.com\/avatar\/203f240e63bee214f6f3a0dacbeb600c7829c09716c2b9ee3230c6961debcde2?s=96&d=mm&r=g\",\"caption\":\"rafal\"},\"url\":\"https:\/\/www.welovecycling.com\/pl\/author\/rafal\/\"}]}<\/script>\n<!-- \/ Yoast SEO Premium plugin. -->","yoast_head_json":{"title":"Ro\u015bnie popularno\u015b\u0107 rower\u00f3w dostawczych - \u0160koda We Love Cycling - Poland","robots":{"index":"index","follow":"follow","max-snippet":"max-snippet:-1","max-image-preview":"max-image-preview:large","max-video-preview":"max-video-preview:-1"},"canonical":"https:\/\/www.welovecycling.com\/pl\/2024\/02\/09\/rosnie-popularnosc-rowerow-dostawczych\/","og_locale":"pl_PL","og_type":"article","og_title":"Ro\u015bnie popularno\u015b\u0107 rower\u00f3w dostawczych","og_description":"Co roku jeste\u015bmy \u015bwiadkami okres\u00f3w wzmo\u017conych dostaw towar\u00f3w \u2013 na przyk\u0142ad prezent\u00f3w \u015bwi\u0105tecznych \u2013 a rowery stopniowo staj\u0105 si\u0119 g\u0142\u00f3wnym [&hellip;]","og_url":"https:\/\/www.welovecycling.com\/pl\/2024\/02\/09\/rosnie-popularnosc-rowerow-dostawczych\/","og_site_name":"\u0160koda We Love Cycling - Poland","article_published_time":"2024-02-09T15:13:21+00:00","og_image":[{"width":990,"height":660,"url":"https:\/\/d2p6e6u75xmxt8.cloudfront.net\/5\/2024\/02\/Rosnie-popularnosc-rowerow-dostawczych.webp","type":"image\/webp"}],"author":"rafal","twitter_card":"summary_large_image","twitter_misc":{"Written by":"Siegfried Mortkowitz","Est. reading time":"4"},"schema":{"@context":"https:\/\/schema.org","@graph":[{"@type":"WebPage","@id":"https:\/\/www.welovecycling.com\/pl\/2024\/02\/09\/rosnie-popularnosc-rowerow-dostawczych\/","url":"https:\/\/www.welovecycling.com\/pl\/2024\/02\/09\/rosnie-popularnosc-rowerow-dostawczych\/","name":"Ro\u015bnie popularno\u015b\u0107 rower\u00f3w dostawczych - \u0160koda We Love Cycling - Poland","isPartOf":{"@id":"https:\/\/www.welovecycling.com\/pl\/#website"},"primaryImageOfPage":{"@id":"https:\/\/www.welovecycling.com\/pl\/2024\/02\/09\/rosnie-popularnosc-rowerow-dostawczych\/#primaryimage"},"image":{"@id":"https:\/\/www.welovecycling.com\/pl\/2024\/02\/09\/rosnie-popularnosc-rowerow-dostawczych\/#primaryimage"},"thumbnailUrl":"https:\/\/d2p6e6u75xmxt8.cloudfront.net\/5\/2024\/02\/Rosnie-popularnosc-rowerow-dostawczych.webp","datePublished":"2024-02-09T15:13:21+00:00","author":{"@id":"https:\/\/www.welovecycling.com\/pl\/#\/schema\/person\/bf06ed916a1ef16618807fb60d2ebe42"},"breadcrumb":{"@id":"https:\/\/www.welovecycling.com\/pl\/2024\/02\/09\/rosnie-popularnosc-rowerow-dostawczych\/#breadcrumb"},"inLanguage":"pl-PL","potentialAction":[{"@type":"ReadAction","target":["https:\/\/www.welovecycling.com\/pl\/2024\/02\/09\/rosnie-popularnosc-rowerow-dostawczych\/"]}]},{"@type":"ImageObject","inLanguage":"pl-PL","@id":"https:\/\/www.welovecycling.com\/pl\/2024\/02\/09\/rosnie-popularnosc-rowerow-dostawczych\/#primaryimage","url":"https:\/\/d2p6e6u75xmxt8.cloudfront.net\/5\/2024\/02\/Rosnie-popularnosc-rowerow-dostawczych.webp","contentUrl":"https:\/\/d2p6e6u75xmxt8.cloudfront.net\/5\/2024\/02\/Rosnie-popularnosc-rowerow-dostawczych.webp","width":990,"height":660},{"@type":"BreadcrumbList","@id":"https:\/\/www.welovecycling.com\/pl\/2024\/02\/09\/rosnie-popularnosc-rowerow-dostawczych\/#breadcrumb","itemListElement":[{"@type":"ListItem","position":1,"name":"Home","item":"https:\/\/www.welovecycling.com\/pl\/"},{"@type":"ListItem","position":2,"name":"Ro\u015bnie popularno\u015b\u0107 rower\u00f3w dostawczych"}]},{"@type":"WebSite","@id":"https:\/\/www.welovecycling.com\/pl\/#website","url":"https:\/\/www.welovecycling.com\/pl\/","name":"\u0160koda We Love Cycling - Poland","description":"","potentialAction":[{"@type":"SearchAction","target":{"@type":"EntryPoint","urlTemplate":"https:\/\/www.welovecycling.com\/pl\/?s={search_term_string}"},"query-input":{"@type":"PropertyValueSpecification","valueRequired":true,"valueName":"search_term_string"}}],"inLanguage":"pl-PL"},{"@type":"Person","@id":"https:\/\/www.welovecycling.com\/pl\/#\/schema\/person\/bf06ed916a1ef16618807fb60d2ebe42","name":"rafal","image":{"@type":"ImageObject","inLanguage":"pl-PL","@id":"https:\/\/www.welovecycling.com\/pl\/#\/schema\/person\/image\/","url":"https:\/\/secure.gravatar.com\/avatar\/203f240e63bee214f6f3a0dacbeb600c7829c09716c2b9ee3230c6961debcde2?s=96&d=mm&r=g","contentUrl":"https:\/\/secure.gravatar.com\/avatar\/203f240e63bee214f6f3a0dacbeb600c7829c09716c2b9ee3230c6961debcde2?s=96&d=mm&r=g","caption":"rafal"},"url":"https:\/\/www.welovecycling.com\/pl\/author\/rafal\/"}]}},"_links":{"self":[{"href":"https:\/\/www.welovecycling.com\/pl\/wp-json\/wp\/v2\/posts\/14549","targetHints":{"allow":["GET"]}}],"collection":[{"href":"https:\/\/www.welovecycling.com\/pl\/wp-json\/wp\/v2\/posts"}],"about":[{"href":"https:\/\/www.welovecycling.com\/pl\/wp-json\/wp\/v2\/types\/post"}],"author":[{"embeddable":true,"href":"https:\/\/www.welovecycling.com\/pl\/wp-json\/wp\/v2\/users\/153"}],"replies":[{"embeddable":true,"href":"https:\/\/www.welovecycling.com\/pl\/wp-json\/wp\/v2\/comments?post=14549"}],"version-history":[{"count":2,"href":"https:\/\/www.welovecycling.com\/pl\/wp-json\/wp\/v2\/posts\/14549\/revisions"}],"predecessor-version":[{"id":14553,"href":"https:\/\/www.welovecycling.com\/pl\/wp-json\/wp\/v2\/posts\/14549\/revisions\/14553"}],"wp:featuredmedia":[{"embeddable":true,"href":"https:\/\/www.welovecycling.com\/pl\/wp-json\/wp\/v2\/media\/14552"}],"wp:attachment":[{"href":"https:\/\/www.welovecycling.com\/pl\/wp-json\/wp\/v2\/media?parent=14549"}],"wp:term":[{"taxonomy":"category","embeddable":true,"href":"https:\/\/www.welovecycling.com\/pl\/wp-json\/wp\/v2\/categories?post=14549"},{"taxonomy":"post_tag","embeddable":true,"href":"https:\/\/www.welovecycling.com\/pl\/wp-json\/wp\/v2\/tags?post=14549"},{"taxonomy":"global-categories","embeddable":true,"href":"https:\/\/www.welovecycling.com\/pl\/wp-json\/wp\/v2\/global-categories?post=14549"}],"curies":[{"name":"wp","href":"https:\/\/api.w.org\/{rel}","templated":true}]}}