{"id":14535,"date":"2024-01-31T13:02:47","date_gmt":"2024-01-31T13:02:47","guid":{"rendered":"https:\/\/www.welovecycling.com\/pl\/?p=14535"},"modified":"2024-01-31T13:02:47","modified_gmt":"2024-01-31T13:02:47","slug":"rozgrzewka-juz-za-nami-czas-odkryc-karty","status":"publish","type":"post","link":"https:\/\/www.welovecycling.com\/pl\/2024\/01\/31\/rozgrzewka-juz-za-nami-czas-odkryc-karty\/","title":{"rendered":"Rozgrzewka ju\u017c za nami. Czas odkry\u0107 karty!"},"content":{"rendered":"<p><strong>Kolarze po\u017cegnali si\u0119 ze s\u0142oneczn\u0105 Australi\u0105, a najlepiej \u015bciganie si\u0119 na tym kontynencie b\u0119d\u0105 wspominali Laurence Pithie oraz Stephen Williams. <\/strong><strong>Pierwszy z nich wygra\u0142 Cadel Evans Great Ocean Road Race, drugi \u2013 Santos Tour Down Under. To jednak dopiero rozgrzewka przed najwa\u017cniejszymi wy\u015bcigami, o kt\u00f3rych wiemy ju\u017c coraz wi\u0119cej\u2026<\/strong><\/p>\n<p>Dla Europejczyk\u00f3w sezon jeszcze si\u0119 nie zacz\u0105\u0142, a dla Australijczyk\u00f3w w sumie ju\u017c si\u0119 sko\u0144czy\u0142 \u2013 przynajmniej je\u015bli chodzi o wy\u015bcigi z cyklu UCI World Tour.<\/p>\n<p><span style=\"font-size: 14pt;\"><strong>Australijczyk i Meksykanin, ale jednak Brytyjczyk<\/strong><\/span><\/p>\n<p>Nowy rok zawodnicy tradycyjnie przywitali na antypodach. Jako pierwszy wystartowa\u0142 Santos Tour Down Under, podczas kt\u00f3rego w tym roku dzia\u0142o si\u0119 sporo ciekawego. Od mocnego uderzenia \u015bciganie zacz\u0105\u0142 zawodnik gospodarzy \u2013 Sam Welsford (Bora-Hansgrohe), kt\u00f3ry zgarn\u0105\u0142 pierwszy etap, ale p\u00f3\u017aniej do g\u0142osu doszed\u0142 Meksykanin Isaac del Toro (UAE Team Emirates), kt\u00f3ry w koszulce lidera jecha\u0142 przez trzy dni. Ostatnie s\u0142owo nale\u017ca\u0142o jednak do Brytyjczyka Stephena Williamsa (Israel-Premier Tech), kt\u00f3ry wygra\u0142 ostatni etap, a tak\u017ce klasyfikacj\u0119 generaln\u0105.<\/p>\n<div class=\"embed-controller-wrapper\">\n<blockquote class=\"twitter-tweet\" data-width=\"500\" data-dnt=\"true\">\n<p lang=\"en\" dir=\"ltr\">In an exhilarating final sprint to the finish line, Stephen Williams from team <a href=\"https:\/\/twitter.com\/IsraelPremTech?ref_src=twsrc%5Etfw\">@IsraelPremTech<\/a> takes out the win in the Ochre Jersey in the final stage of the TDU \ud83e\udd47<a href=\"https:\/\/twitter.com\/SantosLtd?ref_src=twsrc%5Etfw\">@SantosLtd<\/a> <a href=\"https:\/\/twitter.com\/hashtag\/TourDownUnder?src=hash&amp;ref_src=twsrc%5Etfw\">#TourDownUnder<\/a><\/p>\n<p>\ud83d\udcfa Stream the race now on 7plus: <a href=\"https:\/\/t.co\/k2Exq3FDwl\">https:\/\/t.co\/k2Exq3FDwl<\/a> <a href=\"https:\/\/t.co\/hEZArhqzxj\">pic.twitter.com\/hEZArhqzxj<\/a><\/p>\n<p>&mdash; Santos Tour Down Under \ud83d\udeb4\ud83d\udeb4\u200d\u2640\ufe0f (@tourdownunder) <a href=\"https:\/\/twitter.com\/tourdownunder\/status\/1748919767245672749?ref_src=twsrc%5Etfw\">January 21, 2024<\/a><\/p><\/blockquote>\n<p><script async data-src=\"https:\/\/platform.twitter.com\/widgets.js\" charset=\"utf-8\"><\/script><\/div>\n<p><span style=\"font-size: 14pt;\"><strong>Wygrana o b\u0142ysk szprychy<\/strong><\/span><\/p>\n<p>P\u00f3\u017aniej przyszed\u0142 czas na australijski klasyk \u2013 Cadel Evans Great Ocean Road Race. Podczas tego wy\u015bcigu zn\u00f3w chcieli pokaza\u0107 si\u0119 gospodarze, kt\u00f3rzy rzadko maj\u0105 okazj\u0119 wykazania si\u0119 podczas europejskich wy\u015bcig\u00f3w. Kilku Australijczyk\u00f3w szarpa\u0142o i ucieka\u0142o, pr\u00f3buj\u0105c rozbi\u0107 peleton, ale p\u00f3\u017aniej do g\u0142osu doszli zawodnicy z najwi\u0119kszych zawodowych grup.<\/p>\n<p>Ostatecznie pojedynek wygra\u0142 21-letni Laurence Pithie (Groupama-FDJ). Dla Nowozelandczyka by\u0142o to pierwsze zwyci\u0119stwo w zawodach z cyklu UCI World Tour, cho\u0107 musia\u0142 o nie dr\u017ce\u0107 do ko\u0144ca. Na met\u0119 wpad\u0142 bowiem niemal r\u00f3wnocze\u015bnie z Natnaelem Tesfatsionem (Lidl-Trek) i o wyniku finiszu zdecydowa\u0142a fotokom\u00f3rka. Jak si\u0119 okaza\u0142o, Pithie by\u0142 szybszy o tyle:<\/p>\n<div class=\"embed-controller-wrapper\">\n<blockquote class=\"twitter-tweet\" data-width=\"500\" data-dnt=\"true\">\n<p lang=\"qme\" dir=\"ltr\">\ud83e\udd0f <a href=\"https:\/\/twitter.com\/LaurencePithie?ref_src=twsrc%5Etfw\">@LaurencePithie<\/a> <a href=\"https:\/\/twitter.com\/hashtag\/CadelRoadRace?src=hash&amp;ref_src=twsrc%5Etfw\">#CadelRoadRace<\/a> <a href=\"https:\/\/t.co\/yJQFzxeyyp\">pic.twitter.com\/yJQFzxeyyp<\/a><\/p>\n<p>&mdash; Cadel Road Race (@CadelRoadRace) <a href=\"https:\/\/twitter.com\/CadelRoadRace\/status\/1751476946960347191?ref_src=twsrc%5Etfw\">January 28, 2024<\/a><\/p><\/blockquote>\n<p><script async data-src=\"https:\/\/platform.twitter.com\/widgets.js\" charset=\"utf-8\"><\/script><\/div>\n<p>Na bardziej profesjonalnym uj\u0119ciu wida\u0107, \u017ce wygra\u0142 o mniej ni\u017c po\u0142ow\u0119 \u015brednicy ko\u0142a:<\/p>\n<div class=\"embed-controller-wrapper\">\n<blockquote class=\"twitter-tweet\" data-width=\"500\" data-dnt=\"true\">\n<p lang=\"en\" dir=\"ltr\">OH MY THAT&#39;S A CLOSE ONE!<\/p>\n<p>Laurence Pithie edges out Natnael Tesfazion to win the 2024 <a href=\"https:\/\/twitter.com\/hashtag\/CadelRoadRace?src=hash&amp;ref_src=twsrc%5Etfw\">#CadelRoadRace<\/a> \ud83c\udfc6 <a href=\"https:\/\/t.co\/ZTyzV7h2w8\">pic.twitter.com\/ZTyzV7h2w8<\/a><\/p>\n<p>&mdash; Cadel Road Race (@CadelRoadRace) <a href=\"https:\/\/twitter.com\/CadelRoadRace\/status\/1751464863988404244?ref_src=twsrc%5Etfw\">January 28, 2024<\/a><\/p><\/blockquote>\n<p><script async data-src=\"https:\/\/platform.twitter.com\/widgets.js\" charset=\"utf-8\"><\/script><\/div>\n<p>Australijskie wy\u015bcigi to jednak zaledwie rozgrzewka przed najwa\u017cniejsz\u0105 cz\u0119\u015bci\u0105 sezonu. W lutym zawodnicy b\u0119d\u0105 \u015bcigali si\u0119 w UAE Tour w Zjednoczonych Emiratach Arabskich, a p\u00f3\u017aniej na sta\u0142e zamelduj\u0105 si\u0119 ju\u017c w Europie.<\/p>\n<p><span style=\"font-size: 14pt;\"><strong>Odkrywanie kart przed Tour de France<\/strong><\/span><\/p>\n<p>Pocz\u0105tek sezonu to dobry moment, by powoli budowa\u0107 emocje i odkrywa\u0107 karty. Poszczeg\u00f3lne ekipy niespiesznie zdradzaj\u0105 plany swoich zawodnik\u00f3w, by ca\u0142y czas trzyma\u0107 kibic\u00f3w w napi\u0119ciu.<\/p>\n<p>Wiemy ju\u017c jednak, \u017ce w udzia\u0142 w najwi\u0119kszym i najbardziej presti\u017cowym wy\u015bcigu \u2013 Tour de France \u2013 celuj\u0105 tacy zawodnicy jak Simon Yates (Team Jayco AlUla), Tadej Poga\u010dar (UAE Team Emirates), Jonas Vingegaard (Team Visma | Lease a Bike), Remco Evenepoel (Soudal-Quick Step), Primo\u017e Rogli\u010d (Bora-Hansgrohe) i Geraint Thomas (INEOS Grenadiers).<\/p>\n<div class=\"embed-controller-wrapper\">\n<blockquote class=\"twitter-tweet\" data-width=\"500\" data-dnt=\"true\">\n<p lang=\"fr\" dir=\"ltr\">\ud83c\uddec\ud83c\udde7<a href=\"https:\/\/twitter.com\/GeraintThomas86?ref_src=twsrc%5Etfw\">@GeraintThomas86<\/a>&#39;s return!<\/p>\n<p>\ud83c\uddec\ud83c\udde7Geraint Thomas de retour en 2024 ! <a href=\"https:\/\/t.co\/LIxInWHIV0\">pic.twitter.com\/LIxInWHIV0<\/a><\/p>\n<p>&mdash; Tour de France\u2122 (@LeTour) <a href=\"https:\/\/twitter.com\/LeTour\/status\/1750569740769034588?ref_src=twsrc%5Etfw\">January 25, 2024<\/a><\/p><\/blockquote>\n<p><script async data-src=\"https:\/\/platform.twitter.com\/widgets.js\" charset=\"utf-8\"><\/script><\/div>\n<p>Najbli\u017cszy wy\u015bcig z cyklu UCI World Tour 2024 \u2013 UAE Tour \u2013 rozpocznie si\u0119 19 lutego i potrwa tydzie\u0144.<\/p>\n<p><span data-sheets-value=\"{&quot;1&quot;:2,&quot;2&quot;:&quot;Artyku\u0142 powsta\u0142 we wsp\u00f3\u0142pracy ze skoda-auto.pl&quot;}\" data-sheets-userformat=\"{&quot;2&quot;:1,&quot;3&quot;:{&quot;1&quot;:0}}\" data-sheets-hyperlink=\"http:\/\/www.skoda-auto.pl\/\"><a class=\"in-cell-link\" href=\"http:\/\/www.skoda-auto.pl\/\" target=\"_blank\" rel=\"noopener noreferrer\">Artyku\u0142 powsta\u0142 we wsp\u00f3\u0142pracy ze skoda-auto.pl<\/a><\/span><\/p>\n<p><img decoding=\"async\" src=\"https:\/\/d2p6e6u75xmxt8.cloudfront.net\/5\/2030\/11\/3.webp\" \/><\/p>\n","protected":false},"excerpt":{"rendered":"<p>Kolarze po\u017cegnali si\u0119 ze s\u0142oneczn\u0105 Australi\u0105, a najlepiej \u015bciganie si\u0119 na tym kontynencie b\u0119d\u0105 wspominali Laurence Pithie oraz Stephen Williams. [&hellip;]<\/p>\n","protected":false},"author":153,"featured_media":14538,"comment_status":"open","ping_status":"open","sticky":false,"template":"","format":"standard","meta":{"footnotes":""},"categories":[6,1],"tags":[151,191,404,264,423],"global-categories":[303],"class_list":["post-14535","post","type-post","status-publish","format-standard","has-post-thumbnail","hentry","category-kolarstwo-szosowe","category-uncategorized","tag-kolarstwo-szosowe","tag-skoda","tag-skodapolska","tag-wyscig-etapowy","tag-wyscigi-szosowe","global-categories-cycling"],"yoast_head":"<!-- This site is optimized with the Yoast SEO Premium plugin v25.3 (Yoast SEO v25.9) - https:\/\/yoast.com\/wordpress\/plugins\/seo\/ -->\n<title>Rozgrzewka ju\u017c za nami. Czas odkry\u0107 karty! - \u0160koda We Love Cycling - Poland<\/title>\n<meta name=\"robots\" content=\"index, follow, max-snippet:-1, max-image-preview:large, max-video-preview:-1\" \/>\n<link rel=\"canonical\" href=\"https:\/\/www.welovecycling.com\/pl\/2024\/01\/31\/rozgrzewka-juz-za-nami-czas-odkryc-karty\/\" \/>\n<meta property=\"og:locale\" content=\"pl_PL\" \/>\n<meta property=\"og:type\" content=\"article\" \/>\n<meta property=\"og:title\" content=\"Rozgrzewka ju\u017c za nami. Czas odkry\u0107 karty!\" \/>\n<meta property=\"og:description\" content=\"Kolarze po\u017cegnali si\u0119 ze s\u0142oneczn\u0105 Australi\u0105, a najlepiej \u015bciganie si\u0119 na tym kontynencie b\u0119d\u0105 wspominali Laurence Pithie oraz Stephen Williams. [&hellip;]\" \/>\n<meta property=\"og:url\" content=\"https:\/\/www.welovecycling.com\/pl\/2024\/01\/31\/rozgrzewka-juz-za-nami-czas-odkryc-karty\/\" \/>\n<meta property=\"og:site_name\" content=\"\u0160koda We Love Cycling - Poland\" \/>\n<meta property=\"article:published_time\" content=\"2024-01-31T13:02:47+00:00\" \/>\n<meta property=\"og:image\" content=\"https:\/\/d2p6e6u75xmxt8.cloudfront.net\/5\/2024\/01\/Rozgrzewka-juz-za-nami.-Czas-odkryc-karty.webp\" \/>\n\t<meta property=\"og:image:width\" content=\"1250\" \/>\n\t<meta property=\"og:image:height\" content=\"833\" \/>\n\t<meta property=\"og:image:type\" content=\"image\/webp\" \/>\n<meta name=\"author\" content=\"rafal\" \/>\n<meta name=\"twitter:card\" content=\"summary_large_image\" \/>\n<meta name=\"twitter:label1\" content=\"Written by\" \/>\n\t<meta name=\"twitter:data1\" content=\"Piotr Nowik\" \/>\n\t<meta name=\"twitter:label2\" content=\"Est. reading time\" \/>\n\t<meta name=\"twitter:data2\" content=\"4\" \/>\n<script type=\"application\/ld+json\" class=\"yoast-schema-graph\">{\"@context\":\"https:\/\/schema.org\",\"@graph\":[{\"@type\":\"WebPage\",\"@id\":\"https:\/\/www.welovecycling.com\/pl\/2024\/01\/31\/rozgrzewka-juz-za-nami-czas-odkryc-karty\/\",\"url\":\"https:\/\/www.welovecycling.com\/pl\/2024\/01\/31\/rozgrzewka-juz-za-nami-czas-odkryc-karty\/\",\"name\":\"Rozgrzewka ju\u017c za nami. Czas odkry\u0107 karty! - \u0160koda We Love Cycling - Poland\",\"isPartOf\":{\"@id\":\"https:\/\/www.welovecycling.com\/pl\/#website\"},\"primaryImageOfPage\":{\"@id\":\"https:\/\/www.welovecycling.com\/pl\/2024\/01\/31\/rozgrzewka-juz-za-nami-czas-odkryc-karty\/#primaryimage\"},\"image\":{\"@id\":\"https:\/\/www.welovecycling.com\/pl\/2024\/01\/31\/rozgrzewka-juz-za-nami-czas-odkryc-karty\/#primaryimage\"},\"thumbnailUrl\":\"https:\/\/d2p6e6u75xmxt8.cloudfront.net\/5\/2024\/01\/Rozgrzewka-juz-za-nami.-Czas-odkryc-karty.webp\",\"datePublished\":\"2024-01-31T13:02:47+00:00\",\"author\":{\"@id\":\"https:\/\/www.welovecycling.com\/pl\/#\/schema\/person\/bf06ed916a1ef16618807fb60d2ebe42\"},\"breadcrumb\":{\"@id\":\"https:\/\/www.welovecycling.com\/pl\/2024\/01\/31\/rozgrzewka-juz-za-nami-czas-odkryc-karty\/#breadcrumb\"},\"inLanguage\":\"pl-PL\",\"potentialAction\":[{\"@type\":\"ReadAction\",\"target\":[\"https:\/\/www.welovecycling.com\/pl\/2024\/01\/31\/rozgrzewka-juz-za-nami-czas-odkryc-karty\/\"]}]},{\"@type\":\"ImageObject\",\"inLanguage\":\"pl-PL\",\"@id\":\"https:\/\/www.welovecycling.com\/pl\/2024\/01\/31\/rozgrzewka-juz-za-nami-czas-odkryc-karty\/#primaryimage\",\"url\":\"https:\/\/d2p6e6u75xmxt8.cloudfront.net\/5\/2024\/01\/Rozgrzewka-juz-za-nami.-Czas-odkryc-karty.webp\",\"contentUrl\":\"https:\/\/d2p6e6u75xmxt8.cloudfront.net\/5\/2024\/01\/Rozgrzewka-juz-za-nami.-Czas-odkryc-karty.webp\",\"width\":1250,\"height\":833},{\"@type\":\"BreadcrumbList\",\"@id\":\"https:\/\/www.welovecycling.com\/pl\/2024\/01\/31\/rozgrzewka-juz-za-nami-czas-odkryc-karty\/#breadcrumb\",\"itemListElement\":[{\"@type\":\"ListItem\",\"position\":1,\"name\":\"Home\",\"item\":\"https:\/\/www.welovecycling.com\/pl\/\"},{\"@type\":\"ListItem\",\"position\":2,\"name\":\"Rozgrzewka ju\u017c za nami. Czas odkry\u0107 karty!\"}]},{\"@type\":\"WebSite\",\"@id\":\"https:\/\/www.welovecycling.com\/pl\/#website\",\"url\":\"https:\/\/www.welovecycling.com\/pl\/\",\"name\":\"\u0160koda We Love Cycling - Poland\",\"description\":\"\",\"potentialAction\":[{\"@type\":\"SearchAction\",\"target\":{\"@type\":\"EntryPoint\",\"urlTemplate\":\"https:\/\/www.welovecycling.com\/pl\/?s={search_term_string}\"},\"query-input\":{\"@type\":\"PropertyValueSpecification\",\"valueRequired\":true,\"valueName\":\"search_term_string\"}}],\"inLanguage\":\"pl-PL\"},{\"@type\":\"Person\",\"@id\":\"https:\/\/www.welovecycling.com\/pl\/#\/schema\/person\/bf06ed916a1ef16618807fb60d2ebe42\",\"name\":\"rafal\",\"image\":{\"@type\":\"ImageObject\",\"inLanguage\":\"pl-PL\",\"@id\":\"https:\/\/www.welovecycling.com\/pl\/#\/schema\/person\/image\/\",\"url\":\"https:\/\/secure.gravatar.com\/avatar\/203f240e63bee214f6f3a0dacbeb600c7829c09716c2b9ee3230c6961debcde2?s=96&d=mm&r=g\",\"contentUrl\":\"https:\/\/secure.gravatar.com\/avatar\/203f240e63bee214f6f3a0dacbeb600c7829c09716c2b9ee3230c6961debcde2?s=96&d=mm&r=g\",\"caption\":\"rafal\"},\"url\":\"https:\/\/www.welovecycling.com\/pl\/author\/rafal\/\"}]}<\/script>\n<!-- \/ Yoast SEO Premium plugin. -->","yoast_head_json":{"title":"Rozgrzewka ju\u017c za nami. Czas odkry\u0107 karty! - \u0160koda We Love Cycling - Poland","robots":{"index":"index","follow":"follow","max-snippet":"max-snippet:-1","max-image-preview":"max-image-preview:large","max-video-preview":"max-video-preview:-1"},"canonical":"https:\/\/www.welovecycling.com\/pl\/2024\/01\/31\/rozgrzewka-juz-za-nami-czas-odkryc-karty\/","og_locale":"pl_PL","og_type":"article","og_title":"Rozgrzewka ju\u017c za nami. Czas odkry\u0107 karty!","og_description":"Kolarze po\u017cegnali si\u0119 ze s\u0142oneczn\u0105 Australi\u0105, a najlepiej \u015bciganie si\u0119 na tym kontynencie b\u0119d\u0105 wspominali Laurence Pithie oraz Stephen Williams. [&hellip;]","og_url":"https:\/\/www.welovecycling.com\/pl\/2024\/01\/31\/rozgrzewka-juz-za-nami-czas-odkryc-karty\/","og_site_name":"\u0160koda We Love Cycling - Poland","article_published_time":"2024-01-31T13:02:47+00:00","og_image":[{"width":1250,"height":833,"url":"https:\/\/d2p6e6u75xmxt8.cloudfront.net\/5\/2024\/01\/Rozgrzewka-juz-za-nami.-Czas-odkryc-karty.webp","type":"image\/webp"}],"author":"rafal","twitter_card":"summary_large_image","twitter_misc":{"Written by":"Piotr Nowik","Est. reading time":"4"},"schema":{"@context":"https:\/\/schema.org","@graph":[{"@type":"WebPage","@id":"https:\/\/www.welovecycling.com\/pl\/2024\/01\/31\/rozgrzewka-juz-za-nami-czas-odkryc-karty\/","url":"https:\/\/www.welovecycling.com\/pl\/2024\/01\/31\/rozgrzewka-juz-za-nami-czas-odkryc-karty\/","name":"Rozgrzewka ju\u017c za nami. Czas odkry\u0107 karty! - \u0160koda We Love Cycling - Poland","isPartOf":{"@id":"https:\/\/www.welovecycling.com\/pl\/#website"},"primaryImageOfPage":{"@id":"https:\/\/www.welovecycling.com\/pl\/2024\/01\/31\/rozgrzewka-juz-za-nami-czas-odkryc-karty\/#primaryimage"},"image":{"@id":"https:\/\/www.welovecycling.com\/pl\/2024\/01\/31\/rozgrzewka-juz-za-nami-czas-odkryc-karty\/#primaryimage"},"thumbnailUrl":"https:\/\/d2p6e6u75xmxt8.cloudfront.net\/5\/2024\/01\/Rozgrzewka-juz-za-nami.-Czas-odkryc-karty.webp","datePublished":"2024-01-31T13:02:47+00:00","author":{"@id":"https:\/\/www.welovecycling.com\/pl\/#\/schema\/person\/bf06ed916a1ef16618807fb60d2ebe42"},"breadcrumb":{"@id":"https:\/\/www.welovecycling.com\/pl\/2024\/01\/31\/rozgrzewka-juz-za-nami-czas-odkryc-karty\/#breadcrumb"},"inLanguage":"pl-PL","potentialAction":[{"@type":"ReadAction","target":["https:\/\/www.welovecycling.com\/pl\/2024\/01\/31\/rozgrzewka-juz-za-nami-czas-odkryc-karty\/"]}]},{"@type":"ImageObject","inLanguage":"pl-PL","@id":"https:\/\/www.welovecycling.com\/pl\/2024\/01\/31\/rozgrzewka-juz-za-nami-czas-odkryc-karty\/#primaryimage","url":"https:\/\/d2p6e6u75xmxt8.cloudfront.net\/5\/2024\/01\/Rozgrzewka-juz-za-nami.-Czas-odkryc-karty.webp","contentUrl":"https:\/\/d2p6e6u75xmxt8.cloudfront.net\/5\/2024\/01\/Rozgrzewka-juz-za-nami.-Czas-odkryc-karty.webp","width":1250,"height":833},{"@type":"BreadcrumbList","@id":"https:\/\/www.welovecycling.com\/pl\/2024\/01\/31\/rozgrzewka-juz-za-nami-czas-odkryc-karty\/#breadcrumb","itemListElement":[{"@type":"ListItem","position":1,"name":"Home","item":"https:\/\/www.welovecycling.com\/pl\/"},{"@type":"ListItem","position":2,"name":"Rozgrzewka ju\u017c za nami. Czas odkry\u0107 karty!"}]},{"@type":"WebSite","@id":"https:\/\/www.welovecycling.com\/pl\/#website","url":"https:\/\/www.welovecycling.com\/pl\/","name":"\u0160koda We Love Cycling - Poland","description":"","potentialAction":[{"@type":"SearchAction","target":{"@type":"EntryPoint","urlTemplate":"https:\/\/www.welovecycling.com\/pl\/?s={search_term_string}"},"query-input":{"@type":"PropertyValueSpecification","valueRequired":true,"valueName":"search_term_string"}}],"inLanguage":"pl-PL"},{"@type":"Person","@id":"https:\/\/www.welovecycling.com\/pl\/#\/schema\/person\/bf06ed916a1ef16618807fb60d2ebe42","name":"rafal","image":{"@type":"ImageObject","inLanguage":"pl-PL","@id":"https:\/\/www.welovecycling.com\/pl\/#\/schema\/person\/image\/","url":"https:\/\/secure.gravatar.com\/avatar\/203f240e63bee214f6f3a0dacbeb600c7829c09716c2b9ee3230c6961debcde2?s=96&d=mm&r=g","contentUrl":"https:\/\/secure.gravatar.com\/avatar\/203f240e63bee214f6f3a0dacbeb600c7829c09716c2b9ee3230c6961debcde2?s=96&d=mm&r=g","caption":"rafal"},"url":"https:\/\/www.welovecycling.com\/pl\/author\/rafal\/"}]}},"_links":{"self":[{"href":"https:\/\/www.welovecycling.com\/pl\/wp-json\/wp\/v2\/posts\/14535","targetHints":{"allow":["GET"]}}],"collection":[{"href":"https:\/\/www.welovecycling.com\/pl\/wp-json\/wp\/v2\/posts"}],"about":[{"href":"https:\/\/www.welovecycling.com\/pl\/wp-json\/wp\/v2\/types\/post"}],"author":[{"embeddable":true,"href":"https:\/\/www.welovecycling.com\/pl\/wp-json\/wp\/v2\/users\/153"}],"replies":[{"embeddable":true,"href":"https:\/\/www.welovecycling.com\/pl\/wp-json\/wp\/v2\/comments?post=14535"}],"version-history":[{"count":1,"href":"https:\/\/www.welovecycling.com\/pl\/wp-json\/wp\/v2\/posts\/14535\/revisions"}],"predecessor-version":[{"id":14537,"href":"https:\/\/www.welovecycling.com\/pl\/wp-json\/wp\/v2\/posts\/14535\/revisions\/14537"}],"wp:featuredmedia":[{"embeddable":true,"href":"https:\/\/www.welovecycling.com\/pl\/wp-json\/wp\/v2\/media\/14538"}],"wp:attachment":[{"href":"https:\/\/www.welovecycling.com\/pl\/wp-json\/wp\/v2\/media?parent=14535"}],"wp:term":[{"taxonomy":"category","embeddable":true,"href":"https:\/\/www.welovecycling.com\/pl\/wp-json\/wp\/v2\/categories?post=14535"},{"taxonomy":"post_tag","embeddable":true,"href":"https:\/\/www.welovecycling.com\/pl\/wp-json\/wp\/v2\/tags?post=14535"},{"taxonomy":"global-categories","embeddable":true,"href":"https:\/\/www.welovecycling.com\/pl\/wp-json\/wp\/v2\/global-categories?post=14535"}],"curies":[{"name":"wp","href":"https:\/\/api.w.org\/{rel}","templated":true}]}}