{"id":1453,"date":"2016-07-19T14:02:44","date_gmt":"2016-07-19T14:02:44","guid":{"rendered":"http:\/\/skoda-rowery.pl\/?p=1453"},"modified":"2016-12-05T08:47:40","modified_gmt":"2016-12-05T08:47:40","slug":"richard-gasperotti-gdy-podroz-jest-celem-samym-w-sobie","status":"publish","type":"post","link":"https:\/\/www.welovecycling.com\/pl\/2016\/07\/19\/richard-gasperotti-gdy-podroz-jest-celem-samym-w-sobie\/","title":{"rendered":"Richard Gasperotti: gdy podr\u00f3\u017c jest celem samym w sobie"},"content":{"rendered":"<p style=\"text-align: justify\">Niekt\u00f3rzy ludzie ruszaj\u0105 w podr\u00f3\u017c, aby osi\u0105gn\u0105\u0107 jaki\u015b cel. Natomiast dla innych podr\u00f3\u017c jest celem samym w sobie. S\u0105 te\u017c takie podr\u00f3\u017ce, kt\u00f3re nigdy si\u0119 nie ko\u0144cz\u0105, jak na przyk\u0142ad Zam: g\u00f3rska wyprawa rowerowa, kt\u00f3ra trwa i trwa.<!--more--><\/p>\n<p style=\"text-align: justify\">Jest to podr\u00f3\u017c europejskiej legendy kolarstwa g\u00f3rskiego, czterokrotnego uczestnika Red Bull Rampage, a tak\u017ce zaanga\u017cowanego wsp\u00f3\u0142pracownika i ambasadora We Love Cycling, Richarda \u201eGaspi\u201d Gasperottiego (38). Wyprawa rozpocz\u0119\u0142a si\u0119 w 2012 roku, kiedy Gaspi wybra\u0142 si\u0119 do odleg\u0142ych g\u00f3r A\u0142taj Mongolski, aby przemierza\u0107 dzikie i nieodkryte stoki i szlaki.<\/p>\n<p style=\"text-align: justify\"><img loading=\"lazy\" decoding=\"async\" class=\"alignnone size-large wp-image-1455\" src=\"http:\/\/skoda-rowery.pl\/wp-content\/uploads\/2016\/07\/am10354731-1024x683.jpg\" alt=\"am10354731\" width=\"1024\" height=\"683\" srcset=\"https:\/\/d2p6e6u75xmxt8.cloudfront.net\/5\/2016\/07\/am10354731.jpg 1024w, https:\/\/d2p6e6u75xmxt8.cloudfront.net\/5\/2016\/07\/am10354731-300x200.jpg 300w, https:\/\/d2p6e6u75xmxt8.cloudfront.net\/5\/2016\/07\/am10354731-768x512.jpg 768w, https:\/\/d2p6e6u75xmxt8.cloudfront.net\/5\/2016\/07\/am10354731-272x182.jpg 272w\" sizes=\"auto, (max-width: 1024px) 100vw, 1024px\" \/><\/p>\n<p style=\"text-align: justify\">W czerwcu 2012 Gaspi i jego zesp\u00f3\u0142 wyruszyli na wielk\u0105 wypraw\u0119 obejmuj\u0105c\u0105 15 tys. km trasy w g\u00f3rach A\u0142taj w zachodniej Mongolii. Ekipa dotar\u0142a do granicy rosyjsko-mongolskiej po siedmiu tysi\u0105cach kilometr\u00f3w w samochodzie &#8211; w specjalnie przystosowanym vanie, kt\u00f3ry sta\u0142 si\u0119 \u015brodkiem transportu, baz\u0105 i pojazdem eskortuj\u0105cym dla czteroosobowej za\u0142ogi. Ale by\u0142 to dopiero pocz\u0105tek. Podczas wyprawy nagrywali materia\u0142 do filmu dokumentalnego o Zam, kt\u00f3ry zyska\u0142 uznanie na mi\u0119dzynarodowych plenerowych festiwalach filmowych.<\/p>\n<p style=\"text-align: justify\">\u201ePodczas gdy inni ludzie podr\u00f3\u017cuj\u0105 do popularnych lub dobrze znanych miejsc, my wybieramy kraje lub regiony, w kt\u00f3rych nie nakr\u0119cono jeszcze filmu o kolarstwie\u201d &#8211; m\u00f3wi Gaspi. &#8211; \u201eOczywi\u015bcie, wiele razy byli\u015bmy rozczarowani. W miejscach, kt\u00f3re na zdj\u0119ciach wygl\u0105da\u0142y idealnie, cz\u0119sto okazywa\u0142o si\u0119, \u017ce zje\u017cd\u017canie by\u0142o niemo\u017cliwe &#8211; stoki by\u0142y zbyt strome, ska\u0142y zbyt du\u017ce lub nie by\u0142o drogi dotarcia na szczyt z powodu g\u0119stej ro\u015blinno\u015bci lub innej przeszkody. Jednak doza niepewno\u015bci to cz\u0119\u015b\u0107 przygody i musimy podj\u0105\u0107 ryzyko\u201d &#8211; dodaje.<\/p>\n<p style=\"text-align: justify\"><img loading=\"lazy\" decoding=\"async\" class=\"alignnone size-large wp-image-1456\" src=\"http:\/\/skoda-rowery.pl\/wp-content\/uploads\/2016\/07\/am10354717-1024x683.jpg\" alt=\"am10354717\" width=\"1024\" height=\"683\" srcset=\"https:\/\/d2p6e6u75xmxt8.cloudfront.net\/5\/2016\/07\/am10354717.jpg 1024w, https:\/\/d2p6e6u75xmxt8.cloudfront.net\/5\/2016\/07\/am10354717-300x200.jpg 300w, https:\/\/d2p6e6u75xmxt8.cloudfront.net\/5\/2016\/07\/am10354717-768x512.jpg 768w, https:\/\/d2p6e6u75xmxt8.cloudfront.net\/5\/2016\/07\/am10354717-272x182.jpg 272w\" sizes=\"auto, (max-width: 1024px) 100vw, 1024px\" \/><\/p>\n<p style=\"text-align: justify\">Ekipa Zew kontynuowa\u0142a poszukiwanie nowych szlak\u00f3w na Sycylii w 2013 roku. Gaspi wr\u00f3ci\u0142 na miejsce z grup\u0105 kolarzy zaledwie miesi\u0105c po swojej pierwszej wizycie, aby pokaza\u0107 im pi\u0119kno wyspy jako profesjonalny przewodnik kolarstwa g\u00f3rskiego. To dlatego, \u017ce Zam oznacza nie tylko zdobywanie nowych do\u015bwiadcze\u0144, ale r\u00f3wnie\u017c dzielenie si\u0119 nimi z innymi.<\/p>\n<p style=\"text-align: justify\">W tym samym roku Gaspi zabra\u0142 grup\u0119 czeskich kolarzy do Kanady i pokaza\u0142 im najpi\u0119kniejsze regiony do jazdy na rowerze w Kolumbii Brytyjskiej podczas obozu \u201eThe Best of BC Tour\u201d, kt\u00f3ry zako\u0144czy\u0142 si\u0119 skokiem rowerem z helikoptera na szczyt g\u00f3ry Barbera, a nast\u0119pnie trzydniow\u0105 wypraw\u0105 przez dziki g\u0142\u0105b kraju, gdzie grupa zosta\u0142a zrzucona z hydroplanu.<\/p>\n<p style=\"text-align: justify\">Udana wyprawa Zam do Mongolii zapocz\u0105tkowa\u0142a tradycj\u0119, kt\u00f3ra by\u0142a kontynuowana w pa\u017adzierniku 2013 roku w ramach wyprawy Zam2 do Nowego Meksyku w USA. Ekipa odkry\u0142a wiele wspania\u0142ych miejsc do zjazd\u00f3w pozatrasowych w malowniczych terenach zamieszka\u0142ych przez rdzennych mieszka\u0144c\u00f3w.<\/p>\n<p style=\"text-align: justify\"><img loading=\"lazy\" decoding=\"async\" class=\"alignnone size-large wp-image-1457\" src=\"http:\/\/skoda-rowery.pl\/wp-content\/uploads\/2016\/07\/984894961_478454961-1024x447.jpg\" alt=\"984894961_478454961\" width=\"1024\" height=\"447\" srcset=\"https:\/\/d2p6e6u75xmxt8.cloudfront.net\/5\/2016\/07\/984894961_478454961-1024x447.jpg 1024w, https:\/\/d2p6e6u75xmxt8.cloudfront.net\/5\/2016\/07\/984894961_478454961-300x131.jpg 300w, https:\/\/d2p6e6u75xmxt8.cloudfront.net\/5\/2016\/07\/984894961_478454961-768x335.jpg 768w, https:\/\/d2p6e6u75xmxt8.cloudfront.net\/5\/2016\/07\/984894961_478454961.jpg 1375w\" sizes=\"auto, (max-width: 1024px) 100vw, 1024px\" \/><\/p>\n<p style=\"text-align: justify\">Czasami dobrze jest robi\u0107 co\u015b na odwr\u00f3t. W pa\u017adzierniku 2014 r. Gaspi zaprosi\u0142 wielk\u0105 gwiazd\u0119 kanadyjskiego kolarstwa g\u00f3rskiego Geoffa Gulevicha, by pozna\u0142 najlepsze miejsca w Czechach. Siedmiodniowa wyprawa znana jest pod nazw\u0105 Zam3.<\/p>\n<p style=\"text-align: justify\">W czerwcu 2015 r. ekipa Zam przenios\u0142a si\u0119 do Sardynii, gdzie spo\u0142eczno\u015b\u0107 nie jest zbyt du\u017ca, ale bardzo aktywna. Uczestnicy codziennie robili sobie przystanki, gdy spodoba\u0142o im si\u0119 jakie\u015b konkretne miejsce, a tak\u017ce spotykali si\u0119 z miejscowymi kolarzami, z kt\u00f3rym kontaktowali si\u0119 wcze\u015bniej za po\u015brednictwem Facebooka.<\/p>\n<p style=\"text-align: justify\">Ostatnim odwiedzonym do tej pory miejscem jest Tajwan. Kolejna wyspa z rz\u0119du jest znana jako kraj z najwi\u0119kszym i najbardziej zaawansowanym przemys\u0142em rowerowym na \u015bwiecie, ale jest to tak\u017ce wyspa, o kt\u00f3rej wiedz\u0105 naprawd\u0119 nieliczni. \u015aliskie korzenie, liany zwisaj\u0105ce z ga\u0142\u0119zi i \u0142odygi bambusa by\u0142y g\u0142\u00f3wnymi przeszkodami, na kt\u00f3re natkn\u0119\u0142a si\u0119 ekipa Zam w g\u0142\u0119bokiej tajwa\u0144skiej d\u017cungli. R\u00f3wnie\u017c tutaj Gaspi podr\u00f3\u017cowa\u0142 po wyspie, aby odkry\u0107 najlepsze trasy i miejsca.<\/p>\n<p style=\"text-align: justify\">Niezale\u017cnie od tego, gdzie porusza si\u0119 ekipa, seria Zam ma udowodni\u0107, \u017ce mo\u017cliwe jest po\u0142\u0105czenie kolarstwa wytrzyma\u0142o\u015bciowego i pozatrasowego z podr\u00f3\u017cowaniem. Celem jest pokazywanie nowego spojrzenia na kolarstwo w formie filmu dokumentalnego i zdj\u0119\u0107, kt\u00f3re zach\u0119c\u0105 szersze grono amator\u00f3w rower\u00f3w do zdobywania podobnych do\u015bwiadcze\u0144.<\/p>\n<p style=\"text-align: justify\"><strong>\u0141\u0105czy nas kolarska pasja! \u0160koda nap\u0119dza Tour de France.<\/strong><\/p>\n<p style=\"text-align: justify\">\n","protected":false},"excerpt":{"rendered":"<p>Niekt\u00f3rzy ludzie ruszaj\u0105 w podr\u00f3\u017c, aby osi\u0105gn\u0105\u0107 jaki\u015b cel. Natomiast dla innych podr\u00f3\u017c jest celem samym w sobie. S\u0105 te\u017c [&hellip;]<\/p>\n","protected":false},"author":1,"featured_media":1454,"comment_status":"open","ping_status":"closed","sticky":false,"template":"","format":"standard","meta":{"footnotes":""},"categories":[1],"tags":[77],"global-categories":[],"class_list":["post-1453","post","type-post","status-publish","format-standard","has-post-thumbnail","hentry","category-uncategorized","tag-tour-de-france"],"yoast_head":"<!-- This site is optimized with the Yoast SEO Premium plugin v25.3 (Yoast SEO v25.9) - https:\/\/yoast.com\/wordpress\/plugins\/seo\/ -->\n<title>Richard Gasperotti: gdy podr\u00f3\u017c jest celem samym w sobie - \u0160koda We Love Cycling - Poland<\/title>\n<meta name=\"robots\" content=\"index, follow, max-snippet:-1, max-image-preview:large, max-video-preview:-1\" \/>\n<link rel=\"canonical\" href=\"https:\/\/www.welovecycling.com\/pl\/2016\/07\/19\/richard-gasperotti-gdy-podroz-jest-celem-samym-w-sobie\/\" \/>\n<meta property=\"og:locale\" content=\"pl_PL\" \/>\n<meta property=\"og:type\" content=\"article\" \/>\n<meta property=\"og:title\" content=\"Richard Gasperotti: gdy podr\u00f3\u017c jest celem samym w sobie\" \/>\n<meta property=\"og:description\" content=\"Niekt\u00f3rzy ludzie ruszaj\u0105 w podr\u00f3\u017c, aby osi\u0105gn\u0105\u0107 jaki\u015b cel. Natomiast dla innych podr\u00f3\u017c jest celem samym w sobie. S\u0105 te\u017c [&hellip;]\" \/>\n<meta property=\"og:url\" content=\"https:\/\/www.welovecycling.com\/pl\/2016\/07\/19\/richard-gasperotti-gdy-podroz-jest-celem-samym-w-sobie\/\" \/>\n<meta property=\"og:site_name\" content=\"\u0160koda We Love Cycling - Poland\" \/>\n<meta property=\"article:published_time\" content=\"2016-07-19T14:02:44+00:00\" \/>\n<meta property=\"article:modified_time\" content=\"2016-12-05T08:47:40+00:00\" \/>\n<meta property=\"og:image\" content=\"https:\/\/d2p6e6u75xmxt8.cloudfront.net\/5\/2016\/07\/gaspi.jpg\" \/>\n\t<meta property=\"og:image:width\" content=\"1375\" \/>\n\t<meta property=\"og:image:height\" content=\"600\" \/>\n\t<meta property=\"og:image:type\" content=\"image\/jpeg\" \/>\n<meta name=\"author\" content=\"WeLoveCycling\" \/>\n<meta name=\"twitter:card\" content=\"summary_large_image\" \/>\n<meta name=\"twitter:label1\" content=\"Written by\" \/>\n\t<meta name=\"twitter:data1\" content=\"WeLoveCycling\" \/>\n\t<meta name=\"twitter:label2\" content=\"Est. reading time\" \/>\n\t<meta name=\"twitter:data2\" content=\"3 minutes\" \/>\n<script type=\"application\/ld+json\" class=\"yoast-schema-graph\">{\"@context\":\"https:\/\/schema.org\",\"@graph\":[{\"@type\":\"WebPage\",\"@id\":\"https:\/\/www.welovecycling.com\/pl\/2016\/07\/19\/richard-gasperotti-gdy-podroz-jest-celem-samym-w-sobie\/\",\"url\":\"https:\/\/www.welovecycling.com\/pl\/2016\/07\/19\/richard-gasperotti-gdy-podroz-jest-celem-samym-w-sobie\/\",\"name\":\"Richard Gasperotti: gdy podr\u00f3\u017c jest celem samym w sobie - \u0160koda We Love Cycling - Poland\",\"isPartOf\":{\"@id\":\"https:\/\/www.welovecycling.com\/pl\/#website\"},\"primaryImageOfPage\":{\"@id\":\"https:\/\/www.welovecycling.com\/pl\/2016\/07\/19\/richard-gasperotti-gdy-podroz-jest-celem-samym-w-sobie\/#primaryimage\"},\"image\":{\"@id\":\"https:\/\/www.welovecycling.com\/pl\/2016\/07\/19\/richard-gasperotti-gdy-podroz-jest-celem-samym-w-sobie\/#primaryimage\"},\"thumbnailUrl\":\"https:\/\/d2p6e6u75xmxt8.cloudfront.net\/5\/2016\/07\/gaspi.jpg\",\"datePublished\":\"2016-07-19T14:02:44+00:00\",\"dateModified\":\"2016-12-05T08:47:40+00:00\",\"author\":{\"@id\":\"https:\/\/www.welovecycling.com\/pl\/#\/schema\/person\/e5187c9cac8dd619ebc7b41bd73c2fd9\"},\"breadcrumb\":{\"@id\":\"https:\/\/www.welovecycling.com\/pl\/2016\/07\/19\/richard-gasperotti-gdy-podroz-jest-celem-samym-w-sobie\/#breadcrumb\"},\"inLanguage\":\"pl-PL\",\"potentialAction\":[{\"@type\":\"ReadAction\",\"target\":[\"https:\/\/www.welovecycling.com\/pl\/2016\/07\/19\/richard-gasperotti-gdy-podroz-jest-celem-samym-w-sobie\/\"]}]},{\"@type\":\"ImageObject\",\"inLanguage\":\"pl-PL\",\"@id\":\"https:\/\/www.welovecycling.com\/pl\/2016\/07\/19\/richard-gasperotti-gdy-podroz-jest-celem-samym-w-sobie\/#primaryimage\",\"url\":\"https:\/\/d2p6e6u75xmxt8.cloudfront.net\/5\/2016\/07\/gaspi.jpg\",\"contentUrl\":\"https:\/\/d2p6e6u75xmxt8.cloudfront.net\/5\/2016\/07\/gaspi.jpg\",\"width\":1375,\"height\":600},{\"@type\":\"BreadcrumbList\",\"@id\":\"https:\/\/www.welovecycling.com\/pl\/2016\/07\/19\/richard-gasperotti-gdy-podroz-jest-celem-samym-w-sobie\/#breadcrumb\",\"itemListElement\":[{\"@type\":\"ListItem\",\"position\":1,\"name\":\"Home\",\"item\":\"https:\/\/www.welovecycling.com\/pl\/\"},{\"@type\":\"ListItem\",\"position\":2,\"name\":\"Richard Gasperotti: gdy podr\u00f3\u017c jest celem samym w sobie\"}]},{\"@type\":\"WebSite\",\"@id\":\"https:\/\/www.welovecycling.com\/pl\/#website\",\"url\":\"https:\/\/www.welovecycling.com\/pl\/\",\"name\":\"\u0160koda We Love Cycling - Poland\",\"description\":\"\",\"potentialAction\":[{\"@type\":\"SearchAction\",\"target\":{\"@type\":\"EntryPoint\",\"urlTemplate\":\"https:\/\/www.welovecycling.com\/pl\/?s={search_term_string}\"},\"query-input\":{\"@type\":\"PropertyValueSpecification\",\"valueRequired\":true,\"valueName\":\"search_term_string\"}}],\"inLanguage\":\"pl-PL\"},{\"@type\":\"Person\",\"@id\":\"https:\/\/www.welovecycling.com\/pl\/#\/schema\/person\/e5187c9cac8dd619ebc7b41bd73c2fd9\",\"name\":\"WeLoveCycling\",\"image\":{\"@type\":\"ImageObject\",\"inLanguage\":\"pl-PL\",\"@id\":\"https:\/\/www.welovecycling.com\/pl\/#\/schema\/person\/image\/\",\"url\":\"https:\/\/secure.gravatar.com\/avatar\/7e1ee0ecc5e294b19ef32b9f6086e0afbb9da00c3cb0d465ba4695331f4a9187?s=96&d=mm&r=g\",\"contentUrl\":\"https:\/\/secure.gravatar.com\/avatar\/7e1ee0ecc5e294b19ef32b9f6086e0afbb9da00c3cb0d465ba4695331f4a9187?s=96&d=mm&r=g\",\"caption\":\"WeLoveCycling\"},\"url\":\"https:\/\/www.welovecycling.com\/pl\/author\/lukascech\/\"}]}<\/script>\n<!-- \/ Yoast SEO Premium plugin. -->","yoast_head_json":{"title":"Richard Gasperotti: gdy podr\u00f3\u017c jest celem samym w sobie - \u0160koda We Love Cycling - Poland","robots":{"index":"index","follow":"follow","max-snippet":"max-snippet:-1","max-image-preview":"max-image-preview:large","max-video-preview":"max-video-preview:-1"},"canonical":"https:\/\/www.welovecycling.com\/pl\/2016\/07\/19\/richard-gasperotti-gdy-podroz-jest-celem-samym-w-sobie\/","og_locale":"pl_PL","og_type":"article","og_title":"Richard Gasperotti: gdy podr\u00f3\u017c jest celem samym w sobie","og_description":"Niekt\u00f3rzy ludzie ruszaj\u0105 w podr\u00f3\u017c, aby osi\u0105gn\u0105\u0107 jaki\u015b cel. Natomiast dla innych podr\u00f3\u017c jest celem samym w sobie. S\u0105 te\u017c [&hellip;]","og_url":"https:\/\/www.welovecycling.com\/pl\/2016\/07\/19\/richard-gasperotti-gdy-podroz-jest-celem-samym-w-sobie\/","og_site_name":"\u0160koda We Love Cycling - Poland","article_published_time":"2016-07-19T14:02:44+00:00","article_modified_time":"2016-12-05T08:47:40+00:00","og_image":[{"width":1375,"height":600,"url":"https:\/\/d2p6e6u75xmxt8.cloudfront.net\/5\/2016\/07\/gaspi.jpg","type":"image\/jpeg"}],"author":"WeLoveCycling","twitter_card":"summary_large_image","twitter_misc":{"Written by":"WeLoveCycling","Est. reading time":"3 minutes"},"schema":{"@context":"https:\/\/schema.org","@graph":[{"@type":"WebPage","@id":"https:\/\/www.welovecycling.com\/pl\/2016\/07\/19\/richard-gasperotti-gdy-podroz-jest-celem-samym-w-sobie\/","url":"https:\/\/www.welovecycling.com\/pl\/2016\/07\/19\/richard-gasperotti-gdy-podroz-jest-celem-samym-w-sobie\/","name":"Richard Gasperotti: gdy podr\u00f3\u017c jest celem samym w sobie - \u0160koda We Love Cycling - Poland","isPartOf":{"@id":"https:\/\/www.welovecycling.com\/pl\/#website"},"primaryImageOfPage":{"@id":"https:\/\/www.welovecycling.com\/pl\/2016\/07\/19\/richard-gasperotti-gdy-podroz-jest-celem-samym-w-sobie\/#primaryimage"},"image":{"@id":"https:\/\/www.welovecycling.com\/pl\/2016\/07\/19\/richard-gasperotti-gdy-podroz-jest-celem-samym-w-sobie\/#primaryimage"},"thumbnailUrl":"https:\/\/d2p6e6u75xmxt8.cloudfront.net\/5\/2016\/07\/gaspi.jpg","datePublished":"2016-07-19T14:02:44+00:00","dateModified":"2016-12-05T08:47:40+00:00","author":{"@id":"https:\/\/www.welovecycling.com\/pl\/#\/schema\/person\/e5187c9cac8dd619ebc7b41bd73c2fd9"},"breadcrumb":{"@id":"https:\/\/www.welovecycling.com\/pl\/2016\/07\/19\/richard-gasperotti-gdy-podroz-jest-celem-samym-w-sobie\/#breadcrumb"},"inLanguage":"pl-PL","potentialAction":[{"@type":"ReadAction","target":["https:\/\/www.welovecycling.com\/pl\/2016\/07\/19\/richard-gasperotti-gdy-podroz-jest-celem-samym-w-sobie\/"]}]},{"@type":"ImageObject","inLanguage":"pl-PL","@id":"https:\/\/www.welovecycling.com\/pl\/2016\/07\/19\/richard-gasperotti-gdy-podroz-jest-celem-samym-w-sobie\/#primaryimage","url":"https:\/\/d2p6e6u75xmxt8.cloudfront.net\/5\/2016\/07\/gaspi.jpg","contentUrl":"https:\/\/d2p6e6u75xmxt8.cloudfront.net\/5\/2016\/07\/gaspi.jpg","width":1375,"height":600},{"@type":"BreadcrumbList","@id":"https:\/\/www.welovecycling.com\/pl\/2016\/07\/19\/richard-gasperotti-gdy-podroz-jest-celem-samym-w-sobie\/#breadcrumb","itemListElement":[{"@type":"ListItem","position":1,"name":"Home","item":"https:\/\/www.welovecycling.com\/pl\/"},{"@type":"ListItem","position":2,"name":"Richard Gasperotti: gdy podr\u00f3\u017c jest celem samym w sobie"}]},{"@type":"WebSite","@id":"https:\/\/www.welovecycling.com\/pl\/#website","url":"https:\/\/www.welovecycling.com\/pl\/","name":"\u0160koda We Love Cycling - Poland","description":"","potentialAction":[{"@type":"SearchAction","target":{"@type":"EntryPoint","urlTemplate":"https:\/\/www.welovecycling.com\/pl\/?s={search_term_string}"},"query-input":{"@type":"PropertyValueSpecification","valueRequired":true,"valueName":"search_term_string"}}],"inLanguage":"pl-PL"},{"@type":"Person","@id":"https:\/\/www.welovecycling.com\/pl\/#\/schema\/person\/e5187c9cac8dd619ebc7b41bd73c2fd9","name":"WeLoveCycling","image":{"@type":"ImageObject","inLanguage":"pl-PL","@id":"https:\/\/www.welovecycling.com\/pl\/#\/schema\/person\/image\/","url":"https:\/\/secure.gravatar.com\/avatar\/7e1ee0ecc5e294b19ef32b9f6086e0afbb9da00c3cb0d465ba4695331f4a9187?s=96&d=mm&r=g","contentUrl":"https:\/\/secure.gravatar.com\/avatar\/7e1ee0ecc5e294b19ef32b9f6086e0afbb9da00c3cb0d465ba4695331f4a9187?s=96&d=mm&r=g","caption":"WeLoveCycling"},"url":"https:\/\/www.welovecycling.com\/pl\/author\/lukascech\/"}]}},"_links":{"self":[{"href":"https:\/\/www.welovecycling.com\/pl\/wp-json\/wp\/v2\/posts\/1453","targetHints":{"allow":["GET"]}}],"collection":[{"href":"https:\/\/www.welovecycling.com\/pl\/wp-json\/wp\/v2\/posts"}],"about":[{"href":"https:\/\/www.welovecycling.com\/pl\/wp-json\/wp\/v2\/types\/post"}],"author":[{"embeddable":true,"href":"https:\/\/www.welovecycling.com\/pl\/wp-json\/wp\/v2\/users\/1"}],"replies":[{"embeddable":true,"href":"https:\/\/www.welovecycling.com\/pl\/wp-json\/wp\/v2\/comments?post=1453"}],"version-history":[{"count":1,"href":"https:\/\/www.welovecycling.com\/pl\/wp-json\/wp\/v2\/posts\/1453\/revisions"}],"predecessor-version":[{"id":2422,"href":"https:\/\/www.welovecycling.com\/pl\/wp-json\/wp\/v2\/posts\/1453\/revisions\/2422"}],"wp:featuredmedia":[{"embeddable":true,"href":"https:\/\/www.welovecycling.com\/pl\/wp-json\/wp\/v2\/media\/1454"}],"wp:attachment":[{"href":"https:\/\/www.welovecycling.com\/pl\/wp-json\/wp\/v2\/media?parent=1453"}],"wp:term":[{"taxonomy":"category","embeddable":true,"href":"https:\/\/www.welovecycling.com\/pl\/wp-json\/wp\/v2\/categories?post=1453"},{"taxonomy":"post_tag","embeddable":true,"href":"https:\/\/www.welovecycling.com\/pl\/wp-json\/wp\/v2\/tags?post=1453"},{"taxonomy":"global-categories","embeddable":true,"href":"https:\/\/www.welovecycling.com\/pl\/wp-json\/wp\/v2\/global-categories?post=1453"}],"curies":[{"name":"wp","href":"https:\/\/api.w.org\/{rel}","templated":true}]}}