{"id":14511,"date":"2024-01-19T10:04:55","date_gmt":"2024-01-19T10:04:55","guid":{"rendered":"https:\/\/www.welovecycling.com\/pl\/?p=14511"},"modified":"2024-01-19T10:04:55","modified_gmt":"2024-01-19T10:04:55","slug":"jak-jezdzic-zima-w-miescie-bez-infrastruktury-rowerowej","status":"publish","type":"post","link":"https:\/\/www.welovecycling.com\/pl\/2024\/01\/19\/jak-jezdzic-zima-w-miescie-bez-infrastruktury-rowerowej\/","title":{"rendered":"Jak je\u017adzi\u0107 zim\u0105 w mie\u015bcie bez infrastruktury rowerowej?"},"content":{"rendered":"<p><strong>Jazda na rowerze zim\u0105 to nie lada wyzwanie, nawet w kraju z doskona\u0142\u0105 infrastruktur\u0105 rowerow\u0105. Nie ka\u017cdy mieszka jednak w Danii, Holandii czy Niemczech. Niestety wielu z nas musi sobie dawa\u0107 rad\u0119 w miastach, w kt\u00f3rych ca\u0142a infrastruktura rowerowa ogranicza si\u0119 do paska farby na skraju drogi. Co gorsza, s\u0105 miejsca, gdzie nie ma nawet i tego. Mo\u017cna by d\u0142ugo dyskutowa\u0107 o tym, kto za to odpowiada \u2013 wi\u0119kszy po\u017cytek przyniesie jednak gar\u015b\u0107 porad, jak radzi\u0107 sobie z jazd\u0105 na rowerze zim\u0105 tam, gdzie infrastruktura rowerowa jest w najlepszym razie ograniczona.<\/strong><\/p>\n<p><strong>Daj si\u0119 zobaczy\u0107<\/strong><\/p>\n<p>Mamy zim\u0119, wi\u0119c spokojnie mo\u017cesz obwiesi\u0107 si\u0119 odblaskami jak choinka, byle tylko inni dostrzegali Ci\u0119 na drodze. Oczywi\u015bcie zawsze warto by\u0107 widocznym \u2013 nawet w mie\u015bcie dobrze wyposa\u017conym w infrastruktur\u0119 rowerow\u0105 \u2013 ale gdy korzystasz z drogi wsp\u00f3lnie z innymi uczestnikami ruchu, jest to szcze\u00adg\u00f3lnie istotne. Warto mie\u0107 na podor\u0119dziu ja\u015bniejsze ubrania, wi\u0119cej \u015bwiate\u0142 i odblask\u00f3w na rowerze oraz migaj\u0105ce elementy na plecaku lub kasku. Nie tylko poprawi to Twoj\u0105 widoczno\u015b\u0107, ale tak\u017ce przyci\u0105gnie uwag\u0119.<\/p>\n<p>Kup sobie odblaskow\u0105 kurtk\u0119, <a href=\"https:\/\/www.amazon.com\/backpack-reflector-Bike-Lights-Reflectors\/s?k=backpack+reflector&amp;rh=n%3A2367799011#?s_aid=0c617d63-eaf2-4c39-a0e8-5be627697298_004_1\">przyczep do plecaka odblaski<\/a> i jakie\u015b migaj\u0105ce \u015bwiate\u0142ko. Upewnij si\u0119, \u017ce masz na d\u0142oniach odblaskowe elementy, dzi\u0119ki kt\u00f3rym inni uczestnicy ruchu natychmiast zauwa\u017c\u0105, \u017ce dajesz sygna\u0142 do skr\u0119tu. Zadbaj te\u017c o to, aby baterie lampek by\u0142y zawsze odpowiednio na\u0142adowane i gotowe do jazdy.<\/p>\n<p>Mog\u0142oby si\u0119 wydawa\u0107, \u017ce b\u0119d\u0105 Ci potrzebne jedynie w nocy, ale to nie do ko\u0144ca prawda. Po pierwsze, zim\u0105 i tak przez wi\u0119kszo\u015b\u0107 czasu jest ciemno. Po drugie (i pewnie co wa\u017cniejsze), nawet w ci\u0105gu dnia widoczno\u015b\u0107 nie bywa idealna, zw\u0142aszcza je\u015bli pada deszcz, \u015bnieg lub jest mg\u0142a. Nie przeceniaj wi\u0119c dobrych warunk\u00f3w na dworze i zadbaj, by Ci\u0119 widziano.<\/p>\n<figure id=\"attachment_14514\" aria-describedby=\"caption-attachment-14514\" style=\"width: 1000px\" class=\"wp-caption alignnone\"><a href=\"https:\/\/d2p6e6u75xmxt8.cloudfront.net\/5\/2024\/01\/Jak-jezdzic-zima-w-miescie-bez-infrastruktury-rowerowej-2-1.webp\"><img loading=\"lazy\" decoding=\"async\" class=\"wp-image-14514 size-full\" src=\"https:\/\/d2p6e6u75xmxt8.cloudfront.net\/5\/2024\/01\/Jak-jezdzic-zima-w-miescie-bez-infrastruktury-rowerowej-2-1.webp\" alt=\"\" width=\"1000\" height=\"666\" srcset=\"https:\/\/d2p6e6u75xmxt8.cloudfront.net\/5\/2024\/01\/Jak-jezdzic-zima-w-miescie-bez-infrastruktury-rowerowej-2-1.webp 1000w, https:\/\/d2p6e6u75xmxt8.cloudfront.net\/5\/2024\/01\/Jak-jezdzic-zima-w-miescie-bez-infrastruktury-rowerowej-2-1-300x200.webp 300w, https:\/\/d2p6e6u75xmxt8.cloudfront.net\/5\/2024\/01\/Jak-jezdzic-zima-w-miescie-bez-infrastruktury-rowerowej-2-1-768x511.webp 768w, https:\/\/d2p6e6u75xmxt8.cloudfront.net\/5\/2024\/01\/Jak-jezdzic-zima-w-miescie-bez-infrastruktury-rowerowej-2-1-400x266.webp 400w, https:\/\/d2p6e6u75xmxt8.cloudfront.net\/5\/2024\/01\/Jak-jezdzic-zima-w-miescie-bez-infrastruktury-rowerowej-2-1-272x182.webp 272w\" sizes=\"auto, (max-width: 1000px) 100vw, 1000px\" \/><\/a><figcaption id=\"caption-attachment-14514\" class=\"wp-caption-text\">Zim\u0105 ma to kluczowe znaczenie. Inni uczestnicy ruchu powinni dostrzega\u0107 Ci\u0119 z daleka, poniewa\u017c droga hamowania jest znacznie d\u0142u\u017csza. \u00a9 Profimedia<\/figcaption><\/figure>\n<p><strong>Starannie wybierz tras\u0119<\/strong><\/p>\n<p>Wyb\u00f3r odpowiedniej trasy jest konieczno\u015bci\u0105, kiedy brakuje infrastruktury rowerowej. Nawet je\u015bli istnieje \u015bcie\u017cka rowerowa, jazda ni\u0105 nie zawsze b\u0119dzie bezpieczna. Podczas obfitych opad\u00f3w \u015bniegu p\u0142ugi spychaj\u0105 \u015bnieg na pobocze, a wi\u0119c tam, gdzie zazwyczaj znajduj\u0105 si\u0119 drogi dla rower\u00f3w. Podczas obfitych opad\u00f3w \u015bniegu trzeba unika\u0107 g\u0142\u00f3wnych dr\u00f3g, poniewa\u017c s\u0105 od\u015bnie\u017cane w pierwszej kolejno\u015bci.<\/p>\n<p>Dobrym rozwi\u0105zaniem jest wybieranie tras z jak najwi\u0119ksz\u0105 liczb\u0105 skrzy\u017cowa\u0144 z sygnalizacj\u0105 \u015bwietln\u0105. Owszem, wydaje si\u0119 to przeczy\u0107 zdrowemu rozs\u0105dkowi i zdecydowanie wyd\u0142u\u017ca jazd\u0119, ale przejazd przez skrzy\u017cowanie na zielonym \u015bwietle jest znacznie bezpieczniejszy. Wsz\u0119dzie tam, gdzie jest taka mo\u017cliwo\u015b\u0107, warto te\u017c skorzysta\u0107 z bezpiecznej \u015bcie\u017cki rowerowej lub parku, nawet je\u015bli wyd\u0142u\u017cy to nieco czas jazdy. W ko\u0144cu liczy si\u0119 przede wszystkim bezpieczne dotarcie do celu.<\/p>\n<p><strong>Zajmij ca\u0142y pas ruchu<\/strong><\/p>\n<p>To kolejna bardzo kontrowersyjna wskaz\u00f3wka, kt\u00f3ra prawdopodobnie wy\u00adwo\u00ad\u0142a gor\u0105c\u0105 dyskusj\u0119. Podczas jazdy na rowerze bezpiecze\u0144stwo stawiamy na pierwszym miejscu. Wi\u0119kszo\u015b\u0107 kierowc\u00f3w nie b\u0119dzie zreszt\u0105 widzia\u0142a nic z\u0142ego w tym, \u017ce zajmiesz ca\u0142y pas ruchu \u2013 b\u0119d\u0105 Ci\u0119 znacznie lepiej widzie\u0107, a podczas wyprzedzania i tak musz\u0105 przecie\u017c przynajmniej cz\u0119\u015bciowo zjecha\u0107 na s\u0105siedni pas. Dlatego nie warto brn\u0105\u0107 po poboczu drogi, gdzie znajduj\u0105 si\u0119 kratki \u015bciekowe i zalegaj\u0105 woda, \u015bnieg lub b\u0142oto. Nie tylko jest to niebezpieczne dla Ciebie i jad\u0105cych za Tob\u0105 kierowc\u00f3w, ale te\u017c nie przynosi nikomu po\u017cytku.<\/p>\n<p>Zajmij wi\u0119c ca\u0142y prawy pas, a przynajmniej jego wi\u0119ksz\u0105 cz\u0119\u015b\u0107, i unikaj miejsc, w kt\u00f3rych woda gromadzi si\u0119 wok\u00f3\u0142 kratek. W ch\u0142odniejsze dni to w\u0142a\u015bnie tam w pierwszej kolejno\u015bci pojawia si\u0119 l\u00f3d. Na takiej \u015blizgawce natychmiast stracisz przyczepno\u015b\u0107.<\/p>\n<p>Najcz\u0119\u015bciej podczas jazdy po mie\u015bcie zatrzymuje nas sygnalizacja \u015bwietlna. W takim przypadku zadbaj, by zrobi\u0107 miejsce samochodom, i trzymaj si\u0119 ostatniego. Dzi\u0119ki temu nie stworzysz zatoru i nikt nie zm\u0105ci Twojego spokoju.<\/p>\n<p><strong>Doje\u017cd\u017caj do pracy w godzinach szczytu<\/strong><\/p>\n<p>Oto kolejna niezwykle nieintuicyjna rada, kt\u00f3ra oka\u017ce si\u0119 niezwykle przy\u00addatna. Ludzie unikaj\u0105 jazdy rowerem w godzinach szczytu. Oczywi\u015bcie przede wszystkim dlatego, \u017ce ma to mn\u00f3stwo wad. W godzinach szczytu samochody po\u00adruszaj\u0105 si\u0119 jednak najwolniej, co pozwala rowerzy\u015bcie stosunkowo bez\u00adpiecznie przemyka\u0107 obok nich. Mimo to nale\u017cy przestrzega\u0107 kilku zasad. Po pierwsze \u2013 i najwa\u017cniejsze \u2013 <a href=\"https:\/\/www.welovecycling.com\/wide\/2020\/11\/06\/bike-lane-etiquette-101\/\">nigdy nie wje\u017cd\u017caj na linie oddzielaj\u0105ce pasy ruchu<\/a> po\u015br\u00f3d poruszaj\u0105cych si\u0119 samochod\u00f3w. Trzymaj si\u0119 prawego pasa \u2013 do przodu mo\u017cesz przecisn\u0105\u0107 si\u0119 dopiero w\u00f3wczas, gdy pojazdy si\u0119 zatrzymaj\u0105. Nie rozp\u0119dzaj si\u0119, bo w ka\u017cdej chwili kto\u015b mo\u017ce otworzy\u0107 drzwi. Tak, w godzinach szczytu musisz zwolni\u0107.<\/p>\n<p>Gdy samochody rusz\u0105, po prostu trzymaj si\u0119 tego przed sob\u0105 i zajmij ca\u0142y pas. W ten spos\u00f3b kierowca jad\u0105cy przed Tob\u0105 zobaczy Ci\u0119 w lusterku i b\u0119dzie dok\u0142adnie wiedzia\u0142, gdzie jeste\u015b. Jednocze\u015bnie kierowca jad\u0105cy za Tob\u0105 zachowa dystans i nie b\u0119dzie odczuwa\u0142 pokusy wyprzedzania. W wi\u0119kszo\u015bci miast bez infrastruktury rowerowej ruch w godzinach szczytu nie pozwala na osi\u0105ganie du\u017cych pr\u0119dko\u015bci, wi\u0119c nie ma si\u0119 czym martwi\u0107 \u2013 spokojnie nad\u0105\u017cysz za samochodem, kt\u00f3ry widzisz przed sob\u0105. Nie zapominaj jednak, \u017ce droga mo\u017ce by\u0107 \u015bliska. Trzymaj odst\u0119p od poprzedzaj\u0105cego Ci\u0119 pojazdu, bo w ka\u017cdej chwili mo\u017ce gwa\u0142townie zahamowa\u0107 \u2013 nie chcesz przecie\u017c wskoczy\u0107 do niego przez tyln\u0105 szyb\u0119.<\/p>\n<p><strong>Zachowaj szczeg\u00f3ln\u0105 ostro\u017cno\u015b\u0107<\/strong><\/p>\n<p>Zawsze nale\u017cy zachowywa\u0107 szczeg\u00f3ln\u0105 ostro\u017cno\u015b\u0107 \u2013 nawet latem. Zim\u0105 jednak jest to podw\u00f3jnie istotne. Na drodze czyha mn\u00f3stwo niebez\u00adpie\u00adcze\u0144stw, przy czym samochody s\u0105 najmniejszym problemem. Najcz\u0119\u015bciej kierowcy s\u0105 \u017cyczliwi i przepuszczaj\u0105 rowerzyst\u00f3w. Na poboczach dr\u00f3g natkniesz si\u0119 jednak na go\u0142oled\u017a, \u015bnieg, zamarzni\u0119te albo g\u0142\u0119bokie ka\u0142u\u017ce i wszelkiego rodzaju inne zagro\u017cenia. Je\u015bli chcesz je\u017adzi\u0107 zim\u0105 w miejscach, w kt\u00f3rych nie ma dogodnej infrastruktury, musisz mie\u0107 oczy dooko\u0142a g\u0142owy. Nie poddawaj si\u0119 jednak. Przestrzegaj powy\u017cszych wskaz\u00f3wek, a wszystko b\u0119dzie dobrze. A teraz <a href=\"https:\/\/www.welovecycling.com\/wide\/2021\/11\/30\/top-5-winter-tyres-for-your-mtb\/\">zmie\u0144 opony na zimowe<\/a> i ruszaj w drog\u0119.<\/p>\n<p><a class=\"in-cell-link\" href=\"http:\/\/www.skoda-auto.pl\/?_gl=1*1fpqwbh*GA4_ga*dDg0dXprN2otdGl4Mi00bDNxLXJiZHMtZzFoZm9qbGFvdDdq*GA4_ga_KSPVKPC6VY*MTcwNTUwNDIyNC40OS4xLjE3MDU1MDQ3MDkuMC4wLjA.*_gcl_au*MTU4ODc0OTY5Ni4xNzA0NzIwNTYw\" target=\"_blank\" rel=\"noopener\">Artyku\u0142 powsta\u0142 we wsp\u00f3\u0142pracy ze skoda-auto.pl<\/a><\/p>\n<p><img decoding=\"async\" src=\"https:\/\/d2p6e6u75xmxt8.cloudfront.net\/5\/2030\/11\/3.webp\" \/><\/p>\n","protected":false},"excerpt":{"rendered":"<p>Jazda na rowerze zim\u0105 to nie lada wyzwanie, nawet w kraju z doskona\u0142\u0105 infrastruktur\u0105 rowerow\u0105. Nie ka\u017cdy mieszka jednak w [&hellip;]<\/p>\n","protected":false},"author":153,"featured_media":14513,"comment_status":"open","ping_status":"open","sticky":false,"template":"","format":"standard","meta":{"footnotes":""},"categories":[7],"tags":[62,207,191,404],"global-categories":[303],"class_list":["post-14511","post","type-post","status-publish","format-standard","has-post-thumbnail","hentry","category-bezpieczenstwo","tag-porady","tag-rowerowe-porady","tag-skoda","tag-skodapolska","global-categories-cycling"],"yoast_head":"<!-- This site is optimized with the Yoast SEO Premium plugin v25.3 (Yoast SEO v25.9) - https:\/\/yoast.com\/wordpress\/plugins\/seo\/ -->\n<title>Jak je\u017adzi\u0107 zim\u0105 w mie\u015bcie bez infrastruktury rowerowej? - \u0160koda We Love Cycling - Poland<\/title>\n<meta name=\"robots\" content=\"index, follow, max-snippet:-1, max-image-preview:large, max-video-preview:-1\" \/>\n<link rel=\"canonical\" href=\"https:\/\/www.welovecycling.com\/pl\/2024\/01\/19\/jak-jezdzic-zima-w-miescie-bez-infrastruktury-rowerowej\/\" \/>\n<meta property=\"og:locale\" content=\"pl_PL\" \/>\n<meta property=\"og:type\" content=\"article\" \/>\n<meta property=\"og:title\" content=\"Jak je\u017adzi\u0107 zim\u0105 w mie\u015bcie bez infrastruktury rowerowej?\" \/>\n<meta property=\"og:description\" content=\"Jazda na rowerze zim\u0105 to nie lada wyzwanie, nawet w kraju z doskona\u0142\u0105 infrastruktur\u0105 rowerow\u0105. Nie ka\u017cdy mieszka jednak w [&hellip;]\" \/>\n<meta property=\"og:url\" content=\"https:\/\/www.welovecycling.com\/pl\/2024\/01\/19\/jak-jezdzic-zima-w-miescie-bez-infrastruktury-rowerowej\/\" \/>\n<meta property=\"og:site_name\" content=\"\u0160koda We Love Cycling - Poland\" \/>\n<meta property=\"article:published_time\" content=\"2024-01-19T10:04:55+00:00\" \/>\n<meta property=\"og:image\" content=\"https:\/\/d2p6e6u75xmxt8.cloudfront.net\/5\/2024\/01\/Jak-jezdzic-zima-w-miescie-bez-infrastruktury-rowerowej.webp\" \/>\n\t<meta property=\"og:image:width\" content=\"990\" \/>\n\t<meta property=\"og:image:height\" content=\"660\" \/>\n\t<meta property=\"og:image:type\" content=\"image\/webp\" \/>\n<meta name=\"author\" content=\"rafal\" \/>\n<meta name=\"twitter:card\" content=\"summary_large_image\" \/>\n<meta name=\"twitter:label1\" content=\"Written by\" \/>\n\t<meta name=\"twitter:data1\" content=\"Martin Atanasov\" \/>\n\t<meta name=\"twitter:label2\" content=\"Est. reading time\" \/>\n\t<meta name=\"twitter:data2\" content=\"5\" \/>\n<script type=\"application\/ld+json\" class=\"yoast-schema-graph\">{\"@context\":\"https:\/\/schema.org\",\"@graph\":[{\"@type\":\"WebPage\",\"@id\":\"https:\/\/www.welovecycling.com\/pl\/2024\/01\/19\/jak-jezdzic-zima-w-miescie-bez-infrastruktury-rowerowej\/\",\"url\":\"https:\/\/www.welovecycling.com\/pl\/2024\/01\/19\/jak-jezdzic-zima-w-miescie-bez-infrastruktury-rowerowej\/\",\"name\":\"Jak je\u017adzi\u0107 zim\u0105 w mie\u015bcie bez infrastruktury rowerowej? - \u0160koda We Love Cycling - Poland\",\"isPartOf\":{\"@id\":\"https:\/\/www.welovecycling.com\/pl\/#website\"},\"primaryImageOfPage\":{\"@id\":\"https:\/\/www.welovecycling.com\/pl\/2024\/01\/19\/jak-jezdzic-zima-w-miescie-bez-infrastruktury-rowerowej\/#primaryimage\"},\"image\":{\"@id\":\"https:\/\/www.welovecycling.com\/pl\/2024\/01\/19\/jak-jezdzic-zima-w-miescie-bez-infrastruktury-rowerowej\/#primaryimage\"},\"thumbnailUrl\":\"https:\/\/d2p6e6u75xmxt8.cloudfront.net\/5\/2024\/01\/Jak-jezdzic-zima-w-miescie-bez-infrastruktury-rowerowej.webp\",\"datePublished\":\"2024-01-19T10:04:55+00:00\",\"author\":{\"@id\":\"https:\/\/www.welovecycling.com\/pl\/#\/schema\/person\/bf06ed916a1ef16618807fb60d2ebe42\"},\"breadcrumb\":{\"@id\":\"https:\/\/www.welovecycling.com\/pl\/2024\/01\/19\/jak-jezdzic-zima-w-miescie-bez-infrastruktury-rowerowej\/#breadcrumb\"},\"inLanguage\":\"pl-PL\",\"potentialAction\":[{\"@type\":\"ReadAction\",\"target\":[\"https:\/\/www.welovecycling.com\/pl\/2024\/01\/19\/jak-jezdzic-zima-w-miescie-bez-infrastruktury-rowerowej\/\"]}]},{\"@type\":\"ImageObject\",\"inLanguage\":\"pl-PL\",\"@id\":\"https:\/\/www.welovecycling.com\/pl\/2024\/01\/19\/jak-jezdzic-zima-w-miescie-bez-infrastruktury-rowerowej\/#primaryimage\",\"url\":\"https:\/\/d2p6e6u75xmxt8.cloudfront.net\/5\/2024\/01\/Jak-jezdzic-zima-w-miescie-bez-infrastruktury-rowerowej.webp\",\"contentUrl\":\"https:\/\/d2p6e6u75xmxt8.cloudfront.net\/5\/2024\/01\/Jak-jezdzic-zima-w-miescie-bez-infrastruktury-rowerowej.webp\",\"width\":990,\"height\":660},{\"@type\":\"BreadcrumbList\",\"@id\":\"https:\/\/www.welovecycling.com\/pl\/2024\/01\/19\/jak-jezdzic-zima-w-miescie-bez-infrastruktury-rowerowej\/#breadcrumb\",\"itemListElement\":[{\"@type\":\"ListItem\",\"position\":1,\"name\":\"Home\",\"item\":\"https:\/\/www.welovecycling.com\/pl\/\"},{\"@type\":\"ListItem\",\"position\":2,\"name\":\"Jak je\u017adzi\u0107 zim\u0105 w mie\u015bcie bez infrastruktury rowerowej?\"}]},{\"@type\":\"WebSite\",\"@id\":\"https:\/\/www.welovecycling.com\/pl\/#website\",\"url\":\"https:\/\/www.welovecycling.com\/pl\/\",\"name\":\"\u0160koda We Love Cycling - Poland\",\"description\":\"\",\"potentialAction\":[{\"@type\":\"SearchAction\",\"target\":{\"@type\":\"EntryPoint\",\"urlTemplate\":\"https:\/\/www.welovecycling.com\/pl\/?s={search_term_string}\"},\"query-input\":{\"@type\":\"PropertyValueSpecification\",\"valueRequired\":true,\"valueName\":\"search_term_string\"}}],\"inLanguage\":\"pl-PL\"},{\"@type\":\"Person\",\"@id\":\"https:\/\/www.welovecycling.com\/pl\/#\/schema\/person\/bf06ed916a1ef16618807fb60d2ebe42\",\"name\":\"rafal\",\"image\":{\"@type\":\"ImageObject\",\"inLanguage\":\"pl-PL\",\"@id\":\"https:\/\/www.welovecycling.com\/pl\/#\/schema\/person\/image\/\",\"url\":\"https:\/\/secure.gravatar.com\/avatar\/203f240e63bee214f6f3a0dacbeb600c7829c09716c2b9ee3230c6961debcde2?s=96&d=mm&r=g\",\"contentUrl\":\"https:\/\/secure.gravatar.com\/avatar\/203f240e63bee214f6f3a0dacbeb600c7829c09716c2b9ee3230c6961debcde2?s=96&d=mm&r=g\",\"caption\":\"rafal\"},\"url\":\"https:\/\/www.welovecycling.com\/pl\/author\/rafal\/\"}]}<\/script>\n<!-- \/ Yoast SEO Premium plugin. -->","yoast_head_json":{"title":"Jak je\u017adzi\u0107 zim\u0105 w mie\u015bcie bez infrastruktury rowerowej? - \u0160koda We Love Cycling - Poland","robots":{"index":"index","follow":"follow","max-snippet":"max-snippet:-1","max-image-preview":"max-image-preview:large","max-video-preview":"max-video-preview:-1"},"canonical":"https:\/\/www.welovecycling.com\/pl\/2024\/01\/19\/jak-jezdzic-zima-w-miescie-bez-infrastruktury-rowerowej\/","og_locale":"pl_PL","og_type":"article","og_title":"Jak je\u017adzi\u0107 zim\u0105 w mie\u015bcie bez infrastruktury rowerowej?","og_description":"Jazda na rowerze zim\u0105 to nie lada wyzwanie, nawet w kraju z doskona\u0142\u0105 infrastruktur\u0105 rowerow\u0105. Nie ka\u017cdy mieszka jednak w [&hellip;]","og_url":"https:\/\/www.welovecycling.com\/pl\/2024\/01\/19\/jak-jezdzic-zima-w-miescie-bez-infrastruktury-rowerowej\/","og_site_name":"\u0160koda We Love Cycling - Poland","article_published_time":"2024-01-19T10:04:55+00:00","og_image":[{"width":990,"height":660,"url":"https:\/\/d2p6e6u75xmxt8.cloudfront.net\/5\/2024\/01\/Jak-jezdzic-zima-w-miescie-bez-infrastruktury-rowerowej.webp","type":"image\/webp"}],"author":"rafal","twitter_card":"summary_large_image","twitter_misc":{"Written by":"Martin Atanasov","Est. reading time":"5"},"schema":{"@context":"https:\/\/schema.org","@graph":[{"@type":"WebPage","@id":"https:\/\/www.welovecycling.com\/pl\/2024\/01\/19\/jak-jezdzic-zima-w-miescie-bez-infrastruktury-rowerowej\/","url":"https:\/\/www.welovecycling.com\/pl\/2024\/01\/19\/jak-jezdzic-zima-w-miescie-bez-infrastruktury-rowerowej\/","name":"Jak je\u017adzi\u0107 zim\u0105 w mie\u015bcie bez infrastruktury rowerowej? - \u0160koda We Love Cycling - Poland","isPartOf":{"@id":"https:\/\/www.welovecycling.com\/pl\/#website"},"primaryImageOfPage":{"@id":"https:\/\/www.welovecycling.com\/pl\/2024\/01\/19\/jak-jezdzic-zima-w-miescie-bez-infrastruktury-rowerowej\/#primaryimage"},"image":{"@id":"https:\/\/www.welovecycling.com\/pl\/2024\/01\/19\/jak-jezdzic-zima-w-miescie-bez-infrastruktury-rowerowej\/#primaryimage"},"thumbnailUrl":"https:\/\/d2p6e6u75xmxt8.cloudfront.net\/5\/2024\/01\/Jak-jezdzic-zima-w-miescie-bez-infrastruktury-rowerowej.webp","datePublished":"2024-01-19T10:04:55+00:00","author":{"@id":"https:\/\/www.welovecycling.com\/pl\/#\/schema\/person\/bf06ed916a1ef16618807fb60d2ebe42"},"breadcrumb":{"@id":"https:\/\/www.welovecycling.com\/pl\/2024\/01\/19\/jak-jezdzic-zima-w-miescie-bez-infrastruktury-rowerowej\/#breadcrumb"},"inLanguage":"pl-PL","potentialAction":[{"@type":"ReadAction","target":["https:\/\/www.welovecycling.com\/pl\/2024\/01\/19\/jak-jezdzic-zima-w-miescie-bez-infrastruktury-rowerowej\/"]}]},{"@type":"ImageObject","inLanguage":"pl-PL","@id":"https:\/\/www.welovecycling.com\/pl\/2024\/01\/19\/jak-jezdzic-zima-w-miescie-bez-infrastruktury-rowerowej\/#primaryimage","url":"https:\/\/d2p6e6u75xmxt8.cloudfront.net\/5\/2024\/01\/Jak-jezdzic-zima-w-miescie-bez-infrastruktury-rowerowej.webp","contentUrl":"https:\/\/d2p6e6u75xmxt8.cloudfront.net\/5\/2024\/01\/Jak-jezdzic-zima-w-miescie-bez-infrastruktury-rowerowej.webp","width":990,"height":660},{"@type":"BreadcrumbList","@id":"https:\/\/www.welovecycling.com\/pl\/2024\/01\/19\/jak-jezdzic-zima-w-miescie-bez-infrastruktury-rowerowej\/#breadcrumb","itemListElement":[{"@type":"ListItem","position":1,"name":"Home","item":"https:\/\/www.welovecycling.com\/pl\/"},{"@type":"ListItem","position":2,"name":"Jak je\u017adzi\u0107 zim\u0105 w mie\u015bcie bez infrastruktury rowerowej?"}]},{"@type":"WebSite","@id":"https:\/\/www.welovecycling.com\/pl\/#website","url":"https:\/\/www.welovecycling.com\/pl\/","name":"\u0160koda We Love Cycling - Poland","description":"","potentialAction":[{"@type":"SearchAction","target":{"@type":"EntryPoint","urlTemplate":"https:\/\/www.welovecycling.com\/pl\/?s={search_term_string}"},"query-input":{"@type":"PropertyValueSpecification","valueRequired":true,"valueName":"search_term_string"}}],"inLanguage":"pl-PL"},{"@type":"Person","@id":"https:\/\/www.welovecycling.com\/pl\/#\/schema\/person\/bf06ed916a1ef16618807fb60d2ebe42","name":"rafal","image":{"@type":"ImageObject","inLanguage":"pl-PL","@id":"https:\/\/www.welovecycling.com\/pl\/#\/schema\/person\/image\/","url":"https:\/\/secure.gravatar.com\/avatar\/203f240e63bee214f6f3a0dacbeb600c7829c09716c2b9ee3230c6961debcde2?s=96&d=mm&r=g","contentUrl":"https:\/\/secure.gravatar.com\/avatar\/203f240e63bee214f6f3a0dacbeb600c7829c09716c2b9ee3230c6961debcde2?s=96&d=mm&r=g","caption":"rafal"},"url":"https:\/\/www.welovecycling.com\/pl\/author\/rafal\/"}]}},"_links":{"self":[{"href":"https:\/\/www.welovecycling.com\/pl\/wp-json\/wp\/v2\/posts\/14511","targetHints":{"allow":["GET"]}}],"collection":[{"href":"https:\/\/www.welovecycling.com\/pl\/wp-json\/wp\/v2\/posts"}],"about":[{"href":"https:\/\/www.welovecycling.com\/pl\/wp-json\/wp\/v2\/types\/post"}],"author":[{"embeddable":true,"href":"https:\/\/www.welovecycling.com\/pl\/wp-json\/wp\/v2\/users\/153"}],"replies":[{"embeddable":true,"href":"https:\/\/www.welovecycling.com\/pl\/wp-json\/wp\/v2\/comments?post=14511"}],"version-history":[{"count":1,"href":"https:\/\/www.welovecycling.com\/pl\/wp-json\/wp\/v2\/posts\/14511\/revisions"}],"predecessor-version":[{"id":14515,"href":"https:\/\/www.welovecycling.com\/pl\/wp-json\/wp\/v2\/posts\/14511\/revisions\/14515"}],"wp:featuredmedia":[{"embeddable":true,"href":"https:\/\/www.welovecycling.com\/pl\/wp-json\/wp\/v2\/media\/14513"}],"wp:attachment":[{"href":"https:\/\/www.welovecycling.com\/pl\/wp-json\/wp\/v2\/media?parent=14511"}],"wp:term":[{"taxonomy":"category","embeddable":true,"href":"https:\/\/www.welovecycling.com\/pl\/wp-json\/wp\/v2\/categories?post=14511"},{"taxonomy":"post_tag","embeddable":true,"href":"https:\/\/www.welovecycling.com\/pl\/wp-json\/wp\/v2\/tags?post=14511"},{"taxonomy":"global-categories","embeddable":true,"href":"https:\/\/www.welovecycling.com\/pl\/wp-json\/wp\/v2\/global-categories?post=14511"}],"curies":[{"name":"wp","href":"https:\/\/api.w.org\/{rel}","templated":true}]}}