{"id":1451,"date":"2016-07-19T15:01:16","date_gmt":"2016-07-19T15:01:16","guid":{"rendered":"http:\/\/skoda-rowery.pl\/?p=1451"},"modified":"2016-12-05T08:47:35","modified_gmt":"2016-12-05T08:47:35","slug":"ile-samochodow-potrzeba-na-wyscigu-tour-de-france","status":"publish","type":"post","link":"https:\/\/www.welovecycling.com\/pl\/2016\/07\/19\/ile-samochodow-potrzeba-na-wyscigu-tour-de-france\/","title":{"rendered":"Ile samochod\u00f3w potrzeba na wy\u015bcigu Tour de France?"},"content":{"rendered":"<p>\u0160koda ju\u017c po raz 13 nap\u0119dza Tour de France \u2013 z pe\u0142nym przekonaniem mo\u017cemy wi\u0119c stwierdzi\u0107, \u017ce wielkie kolarskie \u015bwi\u0119to znamy od podszewki. Tour de France to z pewno\u015bci\u0105 nie tylko to, co wida\u0107 w telewizji. Na wielki kolarski wy\u015bcig pracuje setki os\u00f3b \u2013 m.in. wsparcie techniczne dla zawodnik\u00f3w, osoby odpowiedzialne za logistyk\u0119, komunikacj\u0119 i przep\u0142yw informacji oraz zespo\u0142y zapewniaj\u0105ce bezpiecze\u0144stwo wszystkich zgromadzonych na trasie Wielkiej P\u0119tli. Wszyscy Ci, bez kt\u00f3rych wy\u015bcig nie m\u00f3g\u0142 by si\u0119 odby\u0107 je\u017cd\u017c\u0105 samochodami.<!--more--><\/p>\n<p>Czy wiesz, \u017ce na tegorocznej edycji Tour de France mo\u017cna spotka\u0107 a\u017c 305 samochod\u00f3w \u0160KODY? Zobacz jak wygl\u0105da to w praktyce!<\/p>\n<p><img loading=\"lazy\" decoding=\"async\" class=\"alignnone size-full wp-image-1460\" src=\"http:\/\/skoda-rowery.pl\/wp-content\/uploads\/2016\/07\/skoda-tdf-infographic-160714.jpg\" alt=\"skoda-tdf-infographic-160714\" width=\"595\" height=\"842\" srcset=\"https:\/\/d2p6e6u75xmxt8.cloudfront.net\/5\/2016\/07\/skoda-tdf-infographic-160714.jpg 595w, https:\/\/d2p6e6u75xmxt8.cloudfront.net\/5\/2016\/07\/skoda-tdf-infographic-160714-212x300.jpg 212w\" sizes=\"auto, (max-width: 595px) 100vw, 595px\" \/><\/p>\n<p>&nbsp;<\/p>\n<p>&nbsp;<\/p>\n<p>&nbsp;<\/p>\n","protected":false},"excerpt":{"rendered":"<p>\u0160koda ju\u017c po raz 13 nap\u0119dza Tour de France \u2013 z pe\u0142nym przekonaniem mo\u017cemy wi\u0119c stwierdzi\u0107, \u017ce wielkie kolarskie \u015bwi\u0119to [&hellip;]<\/p>\n","protected":false},"author":1,"featured_media":1459,"comment_status":"open","ping_status":"closed","sticky":false,"template":"","format":"standard","meta":{"footnotes":""},"categories":[1],"tags":[77],"global-categories":[],"class_list":["post-1451","post","type-post","status-publish","format-standard","has-post-thumbnail","hentry","category-uncategorized","tag-tour-de-france"],"yoast_head":"<!-- This site is optimized with the Yoast SEO Premium plugin v25.3 (Yoast SEO v25.9) - https:\/\/yoast.com\/wordpress\/plugins\/seo\/ -->\n<title>Ile samochod\u00f3w potrzeba na wy\u015bcigu Tour de France? - \u0160koda We Love Cycling - Poland<\/title>\n<meta name=\"robots\" content=\"index, follow, max-snippet:-1, max-image-preview:large, max-video-preview:-1\" \/>\n<link rel=\"canonical\" href=\"https:\/\/www.welovecycling.com\/pl\/2016\/07\/19\/ile-samochodow-potrzeba-na-wyscigu-tour-de-france\/\" \/>\n<meta property=\"og:locale\" content=\"pl_PL\" \/>\n<meta property=\"og:type\" content=\"article\" \/>\n<meta property=\"og:title\" content=\"Ile samochod\u00f3w potrzeba na wy\u015bcigu Tour de France?\" \/>\n<meta property=\"og:description\" content=\"\u0160koda ju\u017c po raz 13 nap\u0119dza Tour de France \u2013 z pe\u0142nym przekonaniem mo\u017cemy wi\u0119c stwierdzi\u0107, \u017ce wielkie kolarskie \u015bwi\u0119to [&hellip;]\" \/>\n<meta property=\"og:url\" content=\"https:\/\/www.welovecycling.com\/pl\/2016\/07\/19\/ile-samochodow-potrzeba-na-wyscigu-tour-de-france\/\" \/>\n<meta property=\"og:site_name\" content=\"\u0160koda We Love Cycling - Poland\" \/>\n<meta property=\"article:published_time\" content=\"2016-07-19T15:01:16+00:00\" \/>\n<meta property=\"article:modified_time\" content=\"2016-12-05T08:47:35+00:00\" \/>\n<meta property=\"og:image\" content=\"https:\/\/d2p6e6u75xmxt8.cloudfront.net\/5\/2016\/07\/tfd.png\" \/>\n\t<meta property=\"og:image:width\" content=\"611\" \/>\n\t<meta property=\"og:image:height\" content=\"411\" \/>\n\t<meta property=\"og:image:type\" content=\"image\/png\" \/>\n<meta name=\"author\" content=\"WeLoveCycling\" \/>\n<meta name=\"twitter:card\" content=\"summary_large_image\" \/>\n<meta name=\"twitter:label1\" content=\"Written by\" \/>\n\t<meta name=\"twitter:data1\" content=\"WeLoveCycling\" \/>\n\t<meta name=\"twitter:label2\" content=\"Est. reading time\" \/>\n\t<meta name=\"twitter:data2\" content=\"1 minute\" \/>\n<script type=\"application\/ld+json\" class=\"yoast-schema-graph\">{\"@context\":\"https:\/\/schema.org\",\"@graph\":[{\"@type\":\"WebPage\",\"@id\":\"https:\/\/www.welovecycling.com\/pl\/2016\/07\/19\/ile-samochodow-potrzeba-na-wyscigu-tour-de-france\/\",\"url\":\"https:\/\/www.welovecycling.com\/pl\/2016\/07\/19\/ile-samochodow-potrzeba-na-wyscigu-tour-de-france\/\",\"name\":\"Ile samochod\u00f3w potrzeba na wy\u015bcigu Tour de France? - \u0160koda We Love Cycling - Poland\",\"isPartOf\":{\"@id\":\"https:\/\/www.welovecycling.com\/pl\/#website\"},\"primaryImageOfPage\":{\"@id\":\"https:\/\/www.welovecycling.com\/pl\/2016\/07\/19\/ile-samochodow-potrzeba-na-wyscigu-tour-de-france\/#primaryimage\"},\"image\":{\"@id\":\"https:\/\/www.welovecycling.com\/pl\/2016\/07\/19\/ile-samochodow-potrzeba-na-wyscigu-tour-de-france\/#primaryimage\"},\"thumbnailUrl\":\"https:\/\/d2p6e6u75xmxt8.cloudfront.net\/5\/2016\/07\/tfd.png\",\"datePublished\":\"2016-07-19T15:01:16+00:00\",\"dateModified\":\"2016-12-05T08:47:35+00:00\",\"author\":{\"@id\":\"https:\/\/www.welovecycling.com\/pl\/#\/schema\/person\/e5187c9cac8dd619ebc7b41bd73c2fd9\"},\"breadcrumb\":{\"@id\":\"https:\/\/www.welovecycling.com\/pl\/2016\/07\/19\/ile-samochodow-potrzeba-na-wyscigu-tour-de-france\/#breadcrumb\"},\"inLanguage\":\"pl-PL\",\"potentialAction\":[{\"@type\":\"ReadAction\",\"target\":[\"https:\/\/www.welovecycling.com\/pl\/2016\/07\/19\/ile-samochodow-potrzeba-na-wyscigu-tour-de-france\/\"]}]},{\"@type\":\"ImageObject\",\"inLanguage\":\"pl-PL\",\"@id\":\"https:\/\/www.welovecycling.com\/pl\/2016\/07\/19\/ile-samochodow-potrzeba-na-wyscigu-tour-de-france\/#primaryimage\",\"url\":\"https:\/\/d2p6e6u75xmxt8.cloudfront.net\/5\/2016\/07\/tfd.png\",\"contentUrl\":\"https:\/\/d2p6e6u75xmxt8.cloudfront.net\/5\/2016\/07\/tfd.png\",\"width\":611,\"height\":411},{\"@type\":\"BreadcrumbList\",\"@id\":\"https:\/\/www.welovecycling.com\/pl\/2016\/07\/19\/ile-samochodow-potrzeba-na-wyscigu-tour-de-france\/#breadcrumb\",\"itemListElement\":[{\"@type\":\"ListItem\",\"position\":1,\"name\":\"Home\",\"item\":\"https:\/\/www.welovecycling.com\/pl\/\"},{\"@type\":\"ListItem\",\"position\":2,\"name\":\"Ile samochod\u00f3w potrzeba na wy\u015bcigu Tour de France?\"}]},{\"@type\":\"WebSite\",\"@id\":\"https:\/\/www.welovecycling.com\/pl\/#website\",\"url\":\"https:\/\/www.welovecycling.com\/pl\/\",\"name\":\"\u0160koda We Love Cycling - Poland\",\"description\":\"\",\"potentialAction\":[{\"@type\":\"SearchAction\",\"target\":{\"@type\":\"EntryPoint\",\"urlTemplate\":\"https:\/\/www.welovecycling.com\/pl\/?s={search_term_string}\"},\"query-input\":{\"@type\":\"PropertyValueSpecification\",\"valueRequired\":true,\"valueName\":\"search_term_string\"}}],\"inLanguage\":\"pl-PL\"},{\"@type\":\"Person\",\"@id\":\"https:\/\/www.welovecycling.com\/pl\/#\/schema\/person\/e5187c9cac8dd619ebc7b41bd73c2fd9\",\"name\":\"WeLoveCycling\",\"image\":{\"@type\":\"ImageObject\",\"inLanguage\":\"pl-PL\",\"@id\":\"https:\/\/www.welovecycling.com\/pl\/#\/schema\/person\/image\/\",\"url\":\"https:\/\/secure.gravatar.com\/avatar\/7e1ee0ecc5e294b19ef32b9f6086e0afbb9da00c3cb0d465ba4695331f4a9187?s=96&d=mm&r=g\",\"contentUrl\":\"https:\/\/secure.gravatar.com\/avatar\/7e1ee0ecc5e294b19ef32b9f6086e0afbb9da00c3cb0d465ba4695331f4a9187?s=96&d=mm&r=g\",\"caption\":\"WeLoveCycling\"},\"url\":\"https:\/\/www.welovecycling.com\/pl\/author\/lukascech\/\"}]}<\/script>\n<!-- \/ Yoast SEO Premium plugin. -->","yoast_head_json":{"title":"Ile samochod\u00f3w potrzeba na wy\u015bcigu Tour de France? - \u0160koda We Love Cycling - Poland","robots":{"index":"index","follow":"follow","max-snippet":"max-snippet:-1","max-image-preview":"max-image-preview:large","max-video-preview":"max-video-preview:-1"},"canonical":"https:\/\/www.welovecycling.com\/pl\/2016\/07\/19\/ile-samochodow-potrzeba-na-wyscigu-tour-de-france\/","og_locale":"pl_PL","og_type":"article","og_title":"Ile samochod\u00f3w potrzeba na wy\u015bcigu Tour de France?","og_description":"\u0160koda ju\u017c po raz 13 nap\u0119dza Tour de France \u2013 z pe\u0142nym przekonaniem mo\u017cemy wi\u0119c stwierdzi\u0107, \u017ce wielkie kolarskie \u015bwi\u0119to [&hellip;]","og_url":"https:\/\/www.welovecycling.com\/pl\/2016\/07\/19\/ile-samochodow-potrzeba-na-wyscigu-tour-de-france\/","og_site_name":"\u0160koda We Love Cycling - Poland","article_published_time":"2016-07-19T15:01:16+00:00","article_modified_time":"2016-12-05T08:47:35+00:00","og_image":[{"width":611,"height":411,"url":"https:\/\/d2p6e6u75xmxt8.cloudfront.net\/5\/2016\/07\/tfd.png","type":"image\/png"}],"author":"WeLoveCycling","twitter_card":"summary_large_image","twitter_misc":{"Written by":"WeLoveCycling","Est. reading time":"1 minute"},"schema":{"@context":"https:\/\/schema.org","@graph":[{"@type":"WebPage","@id":"https:\/\/www.welovecycling.com\/pl\/2016\/07\/19\/ile-samochodow-potrzeba-na-wyscigu-tour-de-france\/","url":"https:\/\/www.welovecycling.com\/pl\/2016\/07\/19\/ile-samochodow-potrzeba-na-wyscigu-tour-de-france\/","name":"Ile samochod\u00f3w potrzeba na wy\u015bcigu Tour de France? - \u0160koda We Love Cycling - Poland","isPartOf":{"@id":"https:\/\/www.welovecycling.com\/pl\/#website"},"primaryImageOfPage":{"@id":"https:\/\/www.welovecycling.com\/pl\/2016\/07\/19\/ile-samochodow-potrzeba-na-wyscigu-tour-de-france\/#primaryimage"},"image":{"@id":"https:\/\/www.welovecycling.com\/pl\/2016\/07\/19\/ile-samochodow-potrzeba-na-wyscigu-tour-de-france\/#primaryimage"},"thumbnailUrl":"https:\/\/d2p6e6u75xmxt8.cloudfront.net\/5\/2016\/07\/tfd.png","datePublished":"2016-07-19T15:01:16+00:00","dateModified":"2016-12-05T08:47:35+00:00","author":{"@id":"https:\/\/www.welovecycling.com\/pl\/#\/schema\/person\/e5187c9cac8dd619ebc7b41bd73c2fd9"},"breadcrumb":{"@id":"https:\/\/www.welovecycling.com\/pl\/2016\/07\/19\/ile-samochodow-potrzeba-na-wyscigu-tour-de-france\/#breadcrumb"},"inLanguage":"pl-PL","potentialAction":[{"@type":"ReadAction","target":["https:\/\/www.welovecycling.com\/pl\/2016\/07\/19\/ile-samochodow-potrzeba-na-wyscigu-tour-de-france\/"]}]},{"@type":"ImageObject","inLanguage":"pl-PL","@id":"https:\/\/www.welovecycling.com\/pl\/2016\/07\/19\/ile-samochodow-potrzeba-na-wyscigu-tour-de-france\/#primaryimage","url":"https:\/\/d2p6e6u75xmxt8.cloudfront.net\/5\/2016\/07\/tfd.png","contentUrl":"https:\/\/d2p6e6u75xmxt8.cloudfront.net\/5\/2016\/07\/tfd.png","width":611,"height":411},{"@type":"BreadcrumbList","@id":"https:\/\/www.welovecycling.com\/pl\/2016\/07\/19\/ile-samochodow-potrzeba-na-wyscigu-tour-de-france\/#breadcrumb","itemListElement":[{"@type":"ListItem","position":1,"name":"Home","item":"https:\/\/www.welovecycling.com\/pl\/"},{"@type":"ListItem","position":2,"name":"Ile samochod\u00f3w potrzeba na wy\u015bcigu Tour de France?"}]},{"@type":"WebSite","@id":"https:\/\/www.welovecycling.com\/pl\/#website","url":"https:\/\/www.welovecycling.com\/pl\/","name":"\u0160koda We Love Cycling - Poland","description":"","potentialAction":[{"@type":"SearchAction","target":{"@type":"EntryPoint","urlTemplate":"https:\/\/www.welovecycling.com\/pl\/?s={search_term_string}"},"query-input":{"@type":"PropertyValueSpecification","valueRequired":true,"valueName":"search_term_string"}}],"inLanguage":"pl-PL"},{"@type":"Person","@id":"https:\/\/www.welovecycling.com\/pl\/#\/schema\/person\/e5187c9cac8dd619ebc7b41bd73c2fd9","name":"WeLoveCycling","image":{"@type":"ImageObject","inLanguage":"pl-PL","@id":"https:\/\/www.welovecycling.com\/pl\/#\/schema\/person\/image\/","url":"https:\/\/secure.gravatar.com\/avatar\/7e1ee0ecc5e294b19ef32b9f6086e0afbb9da00c3cb0d465ba4695331f4a9187?s=96&d=mm&r=g","contentUrl":"https:\/\/secure.gravatar.com\/avatar\/7e1ee0ecc5e294b19ef32b9f6086e0afbb9da00c3cb0d465ba4695331f4a9187?s=96&d=mm&r=g","caption":"WeLoveCycling"},"url":"https:\/\/www.welovecycling.com\/pl\/author\/lukascech\/"}]}},"_links":{"self":[{"href":"https:\/\/www.welovecycling.com\/pl\/wp-json\/wp\/v2\/posts\/1451","targetHints":{"allow":["GET"]}}],"collection":[{"href":"https:\/\/www.welovecycling.com\/pl\/wp-json\/wp\/v2\/posts"}],"about":[{"href":"https:\/\/www.welovecycling.com\/pl\/wp-json\/wp\/v2\/types\/post"}],"author":[{"embeddable":true,"href":"https:\/\/www.welovecycling.com\/pl\/wp-json\/wp\/v2\/users\/1"}],"replies":[{"embeddable":true,"href":"https:\/\/www.welovecycling.com\/pl\/wp-json\/wp\/v2\/comments?post=1451"}],"version-history":[{"count":1,"href":"https:\/\/www.welovecycling.com\/pl\/wp-json\/wp\/v2\/posts\/1451\/revisions"}],"predecessor-version":[{"id":2421,"href":"https:\/\/www.welovecycling.com\/pl\/wp-json\/wp\/v2\/posts\/1451\/revisions\/2421"}],"wp:featuredmedia":[{"embeddable":true,"href":"https:\/\/www.welovecycling.com\/pl\/wp-json\/wp\/v2\/media\/1459"}],"wp:attachment":[{"href":"https:\/\/www.welovecycling.com\/pl\/wp-json\/wp\/v2\/media?parent=1451"}],"wp:term":[{"taxonomy":"category","embeddable":true,"href":"https:\/\/www.welovecycling.com\/pl\/wp-json\/wp\/v2\/categories?post=1451"},{"taxonomy":"post_tag","embeddable":true,"href":"https:\/\/www.welovecycling.com\/pl\/wp-json\/wp\/v2\/tags?post=1451"},{"taxonomy":"global-categories","embeddable":true,"href":"https:\/\/www.welovecycling.com\/pl\/wp-json\/wp\/v2\/global-categories?post=1451"}],"curies":[{"name":"wp","href":"https:\/\/api.w.org\/{rel}","templated":true}]}}