{"id":14499,"date":"2024-01-17T15:28:16","date_gmt":"2024-01-17T15:28:16","guid":{"rendered":"https:\/\/www.welovecycling.com\/pl\/?p=14499"},"modified":"2024-01-26T14:17:25","modified_gmt":"2024-01-26T14:17:25","slug":"sezon-kolarski-rusza-z-kopyta","status":"publish","type":"post","link":"https:\/\/www.welovecycling.com\/pl\/2024\/01\/17\/sezon-kolarski-rusza-z-kopyta\/","title":{"rendered":"Sezon kolarski rusza z kopyta"},"content":{"rendered":"<p class=\"Standard\"><span style=\"font-size: 14pt;\"><strong><span class=\"StrongEmphasis\"><span style=\"font-family: 'Calibri',sans-serif; color: #222222;\">Machina si\u0119 rozkr\u0119ca! Emocje ju\u017c si\u0119 zacz\u0119\u0142y<\/span><\/span><\/strong><\/span><\/p>\n<p class=\"Standard\"><strong><span class=\"StrongEmphasis\"><span style=\"font-family: 'Calibri',sans-serif; color: #222222;\">No i wystartowali! Rozpocz\u0105\u0142 si\u0119 pierwszy w tym roku wy\u015bcig z cyklu UCI World Tour, a zwyci\u0119zc\u0105 inauguracyjnego etapu zosta\u0142 Sam Welsford (BORA-hansgrohe). W Australii mieli\u015bmy tak\u017ce polski akcent, kt\u00f3ry jest dobrym zwiastunem na ca\u0142y 2024 rok.<\/span><\/span><\/strong><\/p>\n<p class=\"Standard\"><span class=\"StrongEmphasis\"><span style=\"font-family: 'Calibri',sans-serif; color: #222222;\">Podczas gdy znaczna cz\u0119\u015b\u0107 Europy pokryta jest \u015bniegiem, zawodnicy kolarskiej formy szukaj\u0105 w Australii. W pi\u0119knym s\u0142o\u0144cu i przy zaci\u0119tej rywalizacji rozpocz\u0119\u0142a si\u0119 24. edycja Santos Tour Down Under.<\/span><\/span><\/p>\n<p class=\"Standard\"><span style=\"font-size: 14pt;\"><strong><span class=\"StrongEmphasis\"><span style=\"font-family: 'Calibri',sans-serif; color: #222222;\">Obiecuj\u0105ca inauguracja sezonu<\/span><\/span><\/strong><\/span><\/p>\n<p class=\"Standard\"><span class=\"StrongEmphasis\"><span style=\"font-family: 'Calibri',sans-serif; color: #222222;\">Nie s\u0105 to wy\u015bcigi, kt\u00f3re stoj\u0105 najwy\u017cej w hierarchii, ale w\u0142a\u015bnie wys\u0142ano sygna\u0142, \u017ce sezon kolarski powoli zaczyna si\u0119 rozkr\u0119ca\u0107. Zawodnicy mieli do pokonania 144 km wok\u00f3\u0142 miasta Tanunda i w tym czasie kibice nie mogli narzeka\u0107 na nud\u0119.<\/span><\/span><\/p>\n<div class=\"embed-controller-wrapper\">\n<blockquote class=\"twitter-tweet\" data-width=\"500\" data-dnt=\"true\">\n<p lang=\"fi\" dir=\"ltr\">Iconic Barossa \ud83c\udf34\ud83d\ude4c<a href=\"https:\/\/twitter.com\/hashtag\/TourDownUnder?src=hash&amp;ref_src=twsrc%5Etfw\">#TourDownUnder<\/a> <a href=\"https:\/\/twitter.com\/hashtag\/Barossa?src=hash&amp;ref_src=twsrc%5Etfw\">#Barossa<\/a> <a href=\"https:\/\/twitter.com\/hashtag\/SouthAustralia?src=hash&amp;ref_src=twsrc%5Etfw\">#SouthAustralia<\/a> <a href=\"https:\/\/twitter.com\/SantosLtd?ref_src=twsrc%5Etfw\">@SantosLtd<\/a> <a href=\"https:\/\/t.co\/3pQgEnPL4v\">pic.twitter.com\/3pQgEnPL4v<\/a><\/p>\n<p>&mdash; Santos Tour Down Under \ud83d\udeb4\ud83d\udeb4\u200d\u2640\ufe0f (@tourdownunder) <a href=\"https:\/\/twitter.com\/tourdownunder\/status\/1747150150790000677?ref_src=twsrc%5Etfw\">January 16, 2024<\/a><\/p><\/blockquote>\n<p><script async data-src=\"https:\/\/platform.twitter.com\/widgets.js\" charset=\"utf-8\"><\/script><\/div>\n<p>Co prawda przez wi\u0119kszo\u015b\u0107 trasy trwa\u0142o testowanie zawodnik\u00f3w, ale jak si\u0119 okaza\u0142o, umiej\u0119tnie roz\u0142o\u017cyli swoje si\u0142y. Ko\u0144c\u00f3wk\u0119 najlepiej rozegra\u0142a ekipa BORA-hansgrohe, w kt\u00f3rej debiutowa\u0142 Polak Filip Maciejuk. Dru\u017cyna \u015bwietnie rozprowadzi\u0142a Sama Welsforda, kt\u00f3ry z zaci\u015bni\u0119tymi pi\u0119\u015bciami jako pierwszy przeci\u0105\u0142 lini\u0119 mety. Za nim wpadli na ni\u0105 Phil Bauhaus (Bahrain Victorious) oraz Biniam Girmay (Intermarche \u2013 Wanty).<\/p>\n<div class=\"embed-controller-wrapper\">\n<blockquote class=\"twitter-tweet\" data-width=\"500\" data-dnt=\"true\">\n<p lang=\"en\" dir=\"ltr\">Sam Welsford from team Bora-Hansgrohe takes out top spot on Day 1 after 144.0KMs and three laps of the Tanunda track.<a href=\"https:\/\/twitter.com\/SantosLtd?ref_src=twsrc%5Etfw\">@SantosLtd<\/a>  <a href=\"https:\/\/twitter.com\/hashtag\/TourDownUnder?src=hash&amp;ref_src=twsrc%5Etfw\">#TourDownUnder<\/a><\/p>\n<p>\ud83d\udcfa Stream the race now on 7plus: <a href=\"https:\/\/t.co\/k2Exq3FDwl\">https:\/\/t.co\/k2Exq3FDwl<\/a> <a href=\"https:\/\/t.co\/73vcX9qn5i\">pic.twitter.com\/73vcX9qn5i<\/a><\/p>\n<p>&mdash; Santos Tour Down Under \ud83d\udeb4\ud83d\udeb4\u200d\u2640\ufe0f (@tourdownunder) <a href=\"https:\/\/twitter.com\/tourdownunder\/status\/1747112072700158050?ref_src=twsrc%5Etfw\">January 16, 2024<\/a><\/p><\/blockquote>\n<p><script async data-src=\"https:\/\/platform.twitter.com\/widgets.js\" charset=\"utf-8\"><\/script><\/div>\n<p class=\"Standard\"><span style=\"font-size: 14pt;\"><strong><span class=\"StrongEmphasis\"><span style=\"font-family: 'Calibri',sans-serif; color: #222222;\">Wszystko wyja\u015bni si\u0119 w niedziel\u0119<\/span><\/span><\/strong><\/span><\/p>\n<p class=\"Standard\"><span style=\"font-family: 'Calibri',sans-serif;\">\u00a0<\/span><span class=\"StrongEmphasis\"><span style=\"font-family: 'Calibri',sans-serif; color: #222222;\">Dzi\u015b zawodnicy powinni zaserwowa\u0107 kolejne kolarskie emocje, bo pojad\u0105 kr\u00f3tszy o dwa kilometry etap z Norwood do Lobethal. Nast\u0119pne dni b\u0119d\u0105 zbli\u017cone pod wzgl\u0119dem d\u0142ugo\u015bci trasy, a tak\u017ce jej profili. Na bardziej p\u0142askie odcinki zawodnicy b\u0119d\u0105 mogli liczy\u0107 tylko w \u015brod\u0119, gdy pojad\u0105 z Tea Tree Gully do Campbelltown.<\/span><\/span><\/p>\n<p class=\"Standard\"><span style=\"font-family: 'Calibri',sans-serif;\">\u00a0<\/span><span class=\"StrongEmphasis\"><span style=\"font-family: 'Calibri',sans-serif; color: #222222;\">Zako\u0144czenie wy\u015bcigu zaplanowano na niedziel\u0119 etapem z Unley do Mount Lofty (blisko 129 km).<\/span><\/span><\/p>\n<div class=\"embed-controller-wrapper\">\n<blockquote class=\"twitter-tweet\" data-width=\"500\" data-dnt=\"true\">\n<p lang=\"en\" dir=\"ltr\">What a start for Day 1! Time for a Hahn How Good Moment \ud83d\ude4c<a href=\"https:\/\/twitter.com\/SantosLtd?ref_src=twsrc%5Etfw\">@SantosLtd<\/a>  <a href=\"https:\/\/twitter.com\/hashtag\/TourDownUnder?src=hash&amp;ref_src=twsrc%5Etfw\">#TourDownUnder<\/a><\/p>\n<p>\ud83d\udcfa Stream the race now on 7plus: <a href=\"https:\/\/t.co\/k2Exq3FDwl\">https:\/\/t.co\/k2Exq3FDwl<\/a> <a href=\"https:\/\/t.co\/MNvI8077HW\">pic.twitter.com\/MNvI8077HW<\/a><\/p>\n<p>&mdash; Santos Tour Down Under \ud83d\udeb4\ud83d\udeb4\u200d\u2640\ufe0f (@tourdownunder) <a href=\"https:\/\/twitter.com\/tourdownunder\/status\/1747116298675290116?ref_src=twsrc%5Etfw\">January 16, 2024<\/a><\/p><\/blockquote>\n<p><script async data-src=\"https:\/\/platform.twitter.com\/widgets.js\" charset=\"utf-8\"><\/script><\/div>\n<p class=\"Standard\"><span style=\"font-size: 14pt;\"><strong><span class=\"StrongEmphasis\"><span style=\"font-family: 'Calibri',sans-serif; color: #222222;\">\u015awietny debiut Dominiki W\u0142odarczyk<\/span><\/span><\/strong><\/span><\/p>\n<p class=\"Standard\"><span class=\"StrongEmphasis\"><span style=\"font-family: 'Calibri',sans-serif; color: #222222;\">Inauguracyjn\u0105 rywalizacj\u0119 w World Tour 2024 maj\u0105 za sob\u0105 ju\u017c zawodniczki, kt\u00f3re uko\u0144czy\u0142y Santos Women\u2019s Tour Down Under. Wy\u015bcig wygra\u0142a Sarah Gigante (AG Insurance \u2013 Soudal Team), a na pi\u0105tym miejscu rywalizacj\u0119 zako\u0144czy\u0142a debiutuj\u0105ca Dominika W\u0142odarczyk (UAE Team ADQ).<\/span><\/span><\/p>\n<p class=\"Standard\"><span class=\"StrongEmphasis\"><span style=\"font-family: 'Calibri',sans-serif; color: #222222;\">\u201eSam wy\u015bcig by\u0142 ci\u0119\u017cki (kto by si\u0119 spodziewa\u0142?), ale jestem dumna z tego, jak sprosta\u0142am temu zadaniu. Bez l\u0119ku i strachu, stara\u0142am si\u0119 konsekwentnie realizowa\u0107 cele, kt\u00f3re postawili\u015bmy sobie razem z dru\u017cyn\u0105 przed wy\u015bcigiem. A na starcie stan\u0119\u0142am ko\u0142o dziewczyn, kt\u00f3re do tej pory ogl\u0105da\u0142am g\u0142\u00f3wnie w telewizji! I uwierzcie mi, to naprawd\u0119 nie jest \u0142atwe \u2013 mam na my\u015bli przestawienie si\u0119 z podziwiania na walk\u0119 na \u0142okcie\u201d \u2013 tak W\u0142odarczyk podsumowa\u0142a wy\u015bcig w mediach spo\u0142eczno\u015bciowych.<\/span><\/span><\/p>\n<p><a href=\"http:\/\/www.facebook.com\/photo\/?fbid=374504705197701&amp;set=pcb.374504818531023\">www.facebook.com\/photo\/?fbid=374504705197701&amp;set=pcb.374504818531023<\/a><\/p>\n<p class=\"Standard\"><span style=\"font-size: 14pt;\"><strong><span class=\"StrongEmphasis\"><span style=\"font-family: 'Calibri',sans-serif; color: #222222;\">W oczekiwaniu na Europ\u0119<\/span><\/span><\/strong><\/span><\/p>\n<p class=\"Standard\"><span class=\"StrongEmphasis\"><span style=\"font-family: 'Calibri',sans-serif; color: #222222;\">W kolarskich kalendarzach stycze\u0144 tradycyjnie zarezerwowany jest dla Australii (pod koniec miesi\u0105ca odb\u0119dzie si\u0119 jeszcze Cadel Evans Great Ocean Road Race), a nast\u0119pnie zawodnicy przenios\u0105 si\u0119 do Zjednoczonych Emirat\u00f3w Arabskich, gdzie w dniach 19\u201325 lutego rozegrany zostanie UAE Tour. W Europie sezon rozpocznie si\u0119 w marcu i to od razu na powa\u017cnie \u2013 wy\u015bcigami Strade Bianche (2 marca), Pary\u017c \u2013 Nicea (3\u201310 marca) oraz Tirreno \u2013 Adriatico (4\u201310 marca).<\/span><\/span><\/p>\n<p><a class=\"in-cell-link\" href=\"http:\/\/www.skoda-auto.pl\/?_gl=1*1fpqwbh*GA4_ga*dDg0dXprN2otdGl4Mi00bDNxLXJiZHMtZzFoZm9qbGFvdDdq*GA4_ga_KSPVKPC6VY*MTcwNTUwNDIyNC40OS4xLjE3MDU1MDQ3MDkuMC4wLjA.*_gcl_au*MTU4ODc0OTY5Ni4xNzA0NzIwNTYw\" target=\"_blank\" rel=\"noopener\">Artyku\u0142 powsta\u0142 we wsp\u00f3\u0142pracy ze skoda-auto.pl<\/a><\/p>\n<p><a href=\"https:\/\/d2p6e6u75xmxt8.cloudfront.net\/5\/2030\/11\/1.webp\"><img loading=\"lazy\" decoding=\"async\" class=\"size-full wp-image-13777 aligncenter\" src=\"https:\/\/d2p6e6u75xmxt8.cloudfront.net\/5\/2030\/11\/1.webp\" alt=\"\" width=\"640\" height=\"350\" srcset=\"https:\/\/d2p6e6u75xmxt8.cloudfront.net\/5\/2030\/11\/1.webp 640w, https:\/\/d2p6e6u75xmxt8.cloudfront.net\/5\/2030\/11\/1-300x164.webp 300w, https:\/\/d2p6e6u75xmxt8.cloudfront.net\/5\/2030\/11\/1-400x219.webp 400w\" sizes=\"auto, (max-width: 640px) 100vw, 640px\" \/><\/a><\/p>\n","protected":false},"excerpt":{"rendered":"<p>Machina si\u0119 rozkr\u0119ca! Emocje ju\u017c si\u0119 zacz\u0119\u0142y No i wystartowali! Rozpocz\u0105\u0142 si\u0119 pierwszy w tym roku wy\u015bcig z cyklu UCI [&hellip;]<\/p>\n","protected":false},"author":153,"featured_media":14505,"comment_status":"open","ping_status":"open","sticky":false,"template":"","format":"standard","meta":{"footnotes":""},"categories":[6],"tags":[176,151,191,404,423],"global-categories":[303],"class_list":["post-14499","post","type-post","status-publish","format-standard","has-post-thumbnail","hentry","category-kolarstwo-szosowe","tag-kolarstwo","tag-kolarstwo-szosowe","tag-skoda","tag-skodapolska","tag-wyscigi-szosowe","global-categories-cycling"],"yoast_head":"<!-- This site is optimized with the Yoast SEO Premium plugin v25.3 (Yoast SEO v25.9) - https:\/\/yoast.com\/wordpress\/plugins\/seo\/ -->\n<title>Sezon kolarski rusza z kopyta - \u0160koda We Love Cycling - Poland<\/title>\n<meta name=\"robots\" content=\"index, follow, max-snippet:-1, max-image-preview:large, max-video-preview:-1\" \/>\n<link rel=\"canonical\" href=\"https:\/\/www.welovecycling.com\/pl\/2024\/01\/17\/sezon-kolarski-rusza-z-kopyta\/\" \/>\n<meta property=\"og:locale\" content=\"pl_PL\" \/>\n<meta property=\"og:type\" content=\"article\" \/>\n<meta property=\"og:title\" content=\"Sezon kolarski rusza z kopyta\" \/>\n<meta property=\"og:description\" content=\"Machina si\u0119 rozkr\u0119ca! Emocje ju\u017c si\u0119 zacz\u0119\u0142y No i wystartowali! Rozpocz\u0105\u0142 si\u0119 pierwszy w tym roku wy\u015bcig z cyklu UCI [&hellip;]\" \/>\n<meta property=\"og:url\" content=\"https:\/\/www.welovecycling.com\/pl\/2024\/01\/17\/sezon-kolarski-rusza-z-kopyta\/\" \/>\n<meta property=\"og:site_name\" content=\"\u0160koda We Love Cycling - Poland\" \/>\n<meta property=\"article:published_time\" content=\"2024-01-17T15:28:16+00:00\" \/>\n<meta property=\"article:modified_time\" content=\"2024-01-26T14:17:25+00:00\" \/>\n<meta property=\"og:image\" content=\"https:\/\/d2p6e6u75xmxt8.cloudfront.net\/5\/2024\/01\/MicrosoftTeams-image-32.webp\" \/>\n\t<meta property=\"og:image:width\" content=\"990\" \/>\n\t<meta property=\"og:image:height\" content=\"660\" \/>\n\t<meta property=\"og:image:type\" content=\"image\/webp\" \/>\n<meta name=\"author\" content=\"rafal\" \/>\n<meta name=\"twitter:card\" content=\"summary_large_image\" \/>\n<meta name=\"twitter:label1\" content=\"Written by\" \/>\n\t<meta name=\"twitter:data1\" content=\"Piotr Nowik\" \/>\n\t<meta name=\"twitter:label2\" content=\"Est. reading time\" \/>\n\t<meta name=\"twitter:data2\" content=\"5\" \/>\n<script type=\"application\/ld+json\" class=\"yoast-schema-graph\">{\"@context\":\"https:\/\/schema.org\",\"@graph\":[{\"@type\":\"WebPage\",\"@id\":\"https:\/\/www.welovecycling.com\/pl\/2024\/01\/17\/sezon-kolarski-rusza-z-kopyta\/\",\"url\":\"https:\/\/www.welovecycling.com\/pl\/2024\/01\/17\/sezon-kolarski-rusza-z-kopyta\/\",\"name\":\"Sezon kolarski rusza z kopyta - \u0160koda We Love Cycling - Poland\",\"isPartOf\":{\"@id\":\"https:\/\/www.welovecycling.com\/pl\/#website\"},\"primaryImageOfPage\":{\"@id\":\"https:\/\/www.welovecycling.com\/pl\/2024\/01\/17\/sezon-kolarski-rusza-z-kopyta\/#primaryimage\"},\"image\":{\"@id\":\"https:\/\/www.welovecycling.com\/pl\/2024\/01\/17\/sezon-kolarski-rusza-z-kopyta\/#primaryimage\"},\"thumbnailUrl\":\"https:\/\/d2p6e6u75xmxt8.cloudfront.net\/5\/2024\/01\/MicrosoftTeams-image-32.webp\",\"datePublished\":\"2024-01-17T15:28:16+00:00\",\"dateModified\":\"2024-01-26T14:17:25+00:00\",\"author\":{\"@id\":\"https:\/\/www.welovecycling.com\/pl\/#\/schema\/person\/bf06ed916a1ef16618807fb60d2ebe42\"},\"breadcrumb\":{\"@id\":\"https:\/\/www.welovecycling.com\/pl\/2024\/01\/17\/sezon-kolarski-rusza-z-kopyta\/#breadcrumb\"},\"inLanguage\":\"pl-PL\",\"potentialAction\":[{\"@type\":\"ReadAction\",\"target\":[\"https:\/\/www.welovecycling.com\/pl\/2024\/01\/17\/sezon-kolarski-rusza-z-kopyta\/\"]}]},{\"@type\":\"ImageObject\",\"inLanguage\":\"pl-PL\",\"@id\":\"https:\/\/www.welovecycling.com\/pl\/2024\/01\/17\/sezon-kolarski-rusza-z-kopyta\/#primaryimage\",\"url\":\"https:\/\/d2p6e6u75xmxt8.cloudfront.net\/5\/2024\/01\/MicrosoftTeams-image-32.webp\",\"contentUrl\":\"https:\/\/d2p6e6u75xmxt8.cloudfront.net\/5\/2024\/01\/MicrosoftTeams-image-32.webp\",\"width\":990,\"height\":660},{\"@type\":\"BreadcrumbList\",\"@id\":\"https:\/\/www.welovecycling.com\/pl\/2024\/01\/17\/sezon-kolarski-rusza-z-kopyta\/#breadcrumb\",\"itemListElement\":[{\"@type\":\"ListItem\",\"position\":1,\"name\":\"Home\",\"item\":\"https:\/\/www.welovecycling.com\/pl\/\"},{\"@type\":\"ListItem\",\"position\":2,\"name\":\"Sezon kolarski rusza z kopyta\"}]},{\"@type\":\"WebSite\",\"@id\":\"https:\/\/www.welovecycling.com\/pl\/#website\",\"url\":\"https:\/\/www.welovecycling.com\/pl\/\",\"name\":\"\u0160koda We Love Cycling - Poland\",\"description\":\"\",\"potentialAction\":[{\"@type\":\"SearchAction\",\"target\":{\"@type\":\"EntryPoint\",\"urlTemplate\":\"https:\/\/www.welovecycling.com\/pl\/?s={search_term_string}\"},\"query-input\":{\"@type\":\"PropertyValueSpecification\",\"valueRequired\":true,\"valueName\":\"search_term_string\"}}],\"inLanguage\":\"pl-PL\"},{\"@type\":\"Person\",\"@id\":\"https:\/\/www.welovecycling.com\/pl\/#\/schema\/person\/bf06ed916a1ef16618807fb60d2ebe42\",\"name\":\"rafal\",\"image\":{\"@type\":\"ImageObject\",\"inLanguage\":\"pl-PL\",\"@id\":\"https:\/\/www.welovecycling.com\/pl\/#\/schema\/person\/image\/\",\"url\":\"https:\/\/secure.gravatar.com\/avatar\/203f240e63bee214f6f3a0dacbeb600c7829c09716c2b9ee3230c6961debcde2?s=96&d=mm&r=g\",\"contentUrl\":\"https:\/\/secure.gravatar.com\/avatar\/203f240e63bee214f6f3a0dacbeb600c7829c09716c2b9ee3230c6961debcde2?s=96&d=mm&r=g\",\"caption\":\"rafal\"},\"url\":\"https:\/\/www.welovecycling.com\/pl\/author\/rafal\/\"}]}<\/script>\n<!-- \/ Yoast SEO Premium plugin. -->","yoast_head_json":{"title":"Sezon kolarski rusza z kopyta - \u0160koda We Love Cycling - Poland","robots":{"index":"index","follow":"follow","max-snippet":"max-snippet:-1","max-image-preview":"max-image-preview:large","max-video-preview":"max-video-preview:-1"},"canonical":"https:\/\/www.welovecycling.com\/pl\/2024\/01\/17\/sezon-kolarski-rusza-z-kopyta\/","og_locale":"pl_PL","og_type":"article","og_title":"Sezon kolarski rusza z kopyta","og_description":"Machina si\u0119 rozkr\u0119ca! Emocje ju\u017c si\u0119 zacz\u0119\u0142y No i wystartowali! Rozpocz\u0105\u0142 si\u0119 pierwszy w tym roku wy\u015bcig z cyklu UCI [&hellip;]","og_url":"https:\/\/www.welovecycling.com\/pl\/2024\/01\/17\/sezon-kolarski-rusza-z-kopyta\/","og_site_name":"\u0160koda We Love Cycling - Poland","article_published_time":"2024-01-17T15:28:16+00:00","article_modified_time":"2024-01-26T14:17:25+00:00","og_image":[{"width":990,"height":660,"url":"https:\/\/d2p6e6u75xmxt8.cloudfront.net\/5\/2024\/01\/MicrosoftTeams-image-32.webp","type":"image\/webp"}],"author":"rafal","twitter_card":"summary_large_image","twitter_misc":{"Written by":"Piotr Nowik","Est. reading time":"5"},"schema":{"@context":"https:\/\/schema.org","@graph":[{"@type":"WebPage","@id":"https:\/\/www.welovecycling.com\/pl\/2024\/01\/17\/sezon-kolarski-rusza-z-kopyta\/","url":"https:\/\/www.welovecycling.com\/pl\/2024\/01\/17\/sezon-kolarski-rusza-z-kopyta\/","name":"Sezon kolarski rusza z kopyta - \u0160koda We Love Cycling - Poland","isPartOf":{"@id":"https:\/\/www.welovecycling.com\/pl\/#website"},"primaryImageOfPage":{"@id":"https:\/\/www.welovecycling.com\/pl\/2024\/01\/17\/sezon-kolarski-rusza-z-kopyta\/#primaryimage"},"image":{"@id":"https:\/\/www.welovecycling.com\/pl\/2024\/01\/17\/sezon-kolarski-rusza-z-kopyta\/#primaryimage"},"thumbnailUrl":"https:\/\/d2p6e6u75xmxt8.cloudfront.net\/5\/2024\/01\/MicrosoftTeams-image-32.webp","datePublished":"2024-01-17T15:28:16+00:00","dateModified":"2024-01-26T14:17:25+00:00","author":{"@id":"https:\/\/www.welovecycling.com\/pl\/#\/schema\/person\/bf06ed916a1ef16618807fb60d2ebe42"},"breadcrumb":{"@id":"https:\/\/www.welovecycling.com\/pl\/2024\/01\/17\/sezon-kolarski-rusza-z-kopyta\/#breadcrumb"},"inLanguage":"pl-PL","potentialAction":[{"@type":"ReadAction","target":["https:\/\/www.welovecycling.com\/pl\/2024\/01\/17\/sezon-kolarski-rusza-z-kopyta\/"]}]},{"@type":"ImageObject","inLanguage":"pl-PL","@id":"https:\/\/www.welovecycling.com\/pl\/2024\/01\/17\/sezon-kolarski-rusza-z-kopyta\/#primaryimage","url":"https:\/\/d2p6e6u75xmxt8.cloudfront.net\/5\/2024\/01\/MicrosoftTeams-image-32.webp","contentUrl":"https:\/\/d2p6e6u75xmxt8.cloudfront.net\/5\/2024\/01\/MicrosoftTeams-image-32.webp","width":990,"height":660},{"@type":"BreadcrumbList","@id":"https:\/\/www.welovecycling.com\/pl\/2024\/01\/17\/sezon-kolarski-rusza-z-kopyta\/#breadcrumb","itemListElement":[{"@type":"ListItem","position":1,"name":"Home","item":"https:\/\/www.welovecycling.com\/pl\/"},{"@type":"ListItem","position":2,"name":"Sezon kolarski rusza z kopyta"}]},{"@type":"WebSite","@id":"https:\/\/www.welovecycling.com\/pl\/#website","url":"https:\/\/www.welovecycling.com\/pl\/","name":"\u0160koda We Love Cycling - Poland","description":"","potentialAction":[{"@type":"SearchAction","target":{"@type":"EntryPoint","urlTemplate":"https:\/\/www.welovecycling.com\/pl\/?s={search_term_string}"},"query-input":{"@type":"PropertyValueSpecification","valueRequired":true,"valueName":"search_term_string"}}],"inLanguage":"pl-PL"},{"@type":"Person","@id":"https:\/\/www.welovecycling.com\/pl\/#\/schema\/person\/bf06ed916a1ef16618807fb60d2ebe42","name":"rafal","image":{"@type":"ImageObject","inLanguage":"pl-PL","@id":"https:\/\/www.welovecycling.com\/pl\/#\/schema\/person\/image\/","url":"https:\/\/secure.gravatar.com\/avatar\/203f240e63bee214f6f3a0dacbeb600c7829c09716c2b9ee3230c6961debcde2?s=96&d=mm&r=g","contentUrl":"https:\/\/secure.gravatar.com\/avatar\/203f240e63bee214f6f3a0dacbeb600c7829c09716c2b9ee3230c6961debcde2?s=96&d=mm&r=g","caption":"rafal"},"url":"https:\/\/www.welovecycling.com\/pl\/author\/rafal\/"}]}},"_links":{"self":[{"href":"https:\/\/www.welovecycling.com\/pl\/wp-json\/wp\/v2\/posts\/14499","targetHints":{"allow":["GET"]}}],"collection":[{"href":"https:\/\/www.welovecycling.com\/pl\/wp-json\/wp\/v2\/posts"}],"about":[{"href":"https:\/\/www.welovecycling.com\/pl\/wp-json\/wp\/v2\/types\/post"}],"author":[{"embeddable":true,"href":"https:\/\/www.welovecycling.com\/pl\/wp-json\/wp\/v2\/users\/153"}],"replies":[{"embeddable":true,"href":"https:\/\/www.welovecycling.com\/pl\/wp-json\/wp\/v2\/comments?post=14499"}],"version-history":[{"count":8,"href":"https:\/\/www.welovecycling.com\/pl\/wp-json\/wp\/v2\/posts\/14499\/revisions"}],"predecessor-version":[{"id":14531,"href":"https:\/\/www.welovecycling.com\/pl\/wp-json\/wp\/v2\/posts\/14499\/revisions\/14531"}],"wp:featuredmedia":[{"embeddable":true,"href":"https:\/\/www.welovecycling.com\/pl\/wp-json\/wp\/v2\/media\/14505"}],"wp:attachment":[{"href":"https:\/\/www.welovecycling.com\/pl\/wp-json\/wp\/v2\/media?parent=14499"}],"wp:term":[{"taxonomy":"category","embeddable":true,"href":"https:\/\/www.welovecycling.com\/pl\/wp-json\/wp\/v2\/categories?post=14499"},{"taxonomy":"post_tag","embeddable":true,"href":"https:\/\/www.welovecycling.com\/pl\/wp-json\/wp\/v2\/tags?post=14499"},{"taxonomy":"global-categories","embeddable":true,"href":"https:\/\/www.welovecycling.com\/pl\/wp-json\/wp\/v2\/global-categories?post=14499"}],"curies":[{"name":"wp","href":"https:\/\/api.w.org\/{rel}","templated":true}]}}