{"id":14470,"date":"2024-01-10T14:49:27","date_gmt":"2024-01-10T14:49:27","guid":{"rendered":"https:\/\/www.welovecycling.com\/pl\/?p=14470"},"modified":"2024-01-10T14:49:27","modified_gmt":"2024-01-10T14:49:27","slug":"razem-ze-skoda-poznajemy-na-rowerach-doline-baryczy","status":"publish","type":"post","link":"https:\/\/www.welovecycling.com\/pl\/2024\/01\/10\/razem-ze-skoda-poznajemy-na-rowerach-doline-baryczy\/","title":{"rendered":"Razem ze \u0160kod\u0105 poznajemy na rowerach Dolin\u0119 Baryczy"},"content":{"rendered":"<p><strong>Dolno\u015bl\u0105ska kraina rowerowa z niezliczon\u0105 ilo\u015bci\u0105 dr\u00f3g i ciekawymi atrakcjami trafi\u0142a na nasz celownik interesuj\u0105cych tras. \u017bmigr\u00f3d stanowi niejako wrota do Doliny Baryczy, kt\u00f3ra s\u0142ynie ze sp\u0142awnej, leniwej rzeki Barycz, oko\u0142o trzystu\u202fstaw\u00f3w hodowlanych i sama w sobie jest najwi\u0119kszym parkiem krajobrazowym w kraju.\u00a0\u00a0<\/strong><\/p>\n<p><span data-contrast=\"auto\">Podobnie jak w przypadku Polanicy-Zdroju oraz Szklarskiej Por\u0119by, nasze propozycje oparli\u015bmy o dwie godne uwagi trasy rowerowe zaczynaj\u0105ce si\u0119 i ko\u0144cz\u0105ce w tym samym mie\u015bcie. Miejscem startu jest \u017bmigr\u00f3d, miasto bardzo przyjazne kolarstwu zar\u00f3wno romantycznemu, jak i amatorskiemu oraz zawodowemu \u2013 dzi\u0119ki organizowanym tutaj wy\u015bcigom. W \u017bmigrodzie mo\u017cecie znale\u017a\u0107 kilka wartych odwiedzenia miejsc oraz atrakcji, takich jak Ogrody Bior\u00f3\u017cnorodno\u015bci, zesp\u00f3\u0142 pa\u0142acowo-parkowy oraz Aquagr\u00f3d.\u00a0<\/span><span data-ccp-props=\"{&quot;201341983&quot;:0,&quot;335559739&quot;:160,&quot;335559740&quot;:259}\">\u00a0<\/span><\/p>\n<p><a href=\"https:\/\/d2p6e6u75xmxt8.cloudfront.net\/5\/2024\/01\/Barycz-19-scaled.webp\"><img loading=\"lazy\" decoding=\"async\" class=\"alignnone size-extra-large wp-image-14471\" src=\"https:\/\/d2p6e6u75xmxt8.cloudfront.net\/5\/2024\/01\/Barycz-19-1920x1080.webp\" alt=\"\" width=\"1920\" height=\"1080\" srcset=\"https:\/\/d2p6e6u75xmxt8.cloudfront.net\/5\/2024\/01\/Barycz-19-1920x1080.webp 1920w, https:\/\/d2p6e6u75xmxt8.cloudfront.net\/5\/2024\/01\/Barycz-19-300x169.webp 300w, https:\/\/d2p6e6u75xmxt8.cloudfront.net\/5\/2024\/01\/Barycz-19-1024x576.webp 1024w, https:\/\/d2p6e6u75xmxt8.cloudfront.net\/5\/2024\/01\/Barycz-19-768x432.webp 768w, https:\/\/d2p6e6u75xmxt8.cloudfront.net\/5\/2024\/01\/Barycz-19-1536x864.webp 1536w, https:\/\/d2p6e6u75xmxt8.cloudfront.net\/5\/2024\/01\/Barycz-19-2048x1152.webp 2048w, https:\/\/d2p6e6u75xmxt8.cloudfront.net\/5\/2024\/01\/Barycz-19-400x225.webp 400w, https:\/\/d2p6e6u75xmxt8.cloudfront.net\/5\/2024\/01\/Barycz-19-1920x1080.webp 1920w\" sizes=\"auto, (max-width: 1920px) 100vw, 1920px\" \/><\/a><\/p>\n<p><span data-contrast=\"auto\">Zanim przejdziecie dalej, do lektury naszych propozycji interesuj\u0105cych tras, zapoznajcie si\u0119 z filmem, kt\u00f3ry przybli\u017cy Wam bardziej ten wyj\u0105tkowy region, stworzony zar\u00f3wno do profesjonalnego kolarstwa, jak i typowo rodzinnego sp\u0119dzania wolnego czasu na rowerach.\u00a0<\/span><span data-ccp-props=\"{&quot;201341983&quot;:0,&quot;335559739&quot;:160,&quot;335559740&quot;:259}\">\u00a0<\/span><\/p>\n<div class=\"embed-controller-wrapper\">\n<div class=\"embed-wrapper\"><iframe title=\"Najlepsze polskie trasy rowerowe. Dolina Baryczy.\" width=\"500\" height=\"281\" data-src=\"https:\/\/www.youtube.com\/embed\/SPyBRVPzzb8?feature=oembed\" frameborder=\"0\" allow=\"accelerometer; autoplay; clipboard-write; encrypted-media; gyroscope; picture-in-picture; web-share\" referrerpolicy=\"strict-origin-when-cross-origin\" allowfullscreen><\/iframe><\/div>\n<\/div>\n<p><a href=\"https:\/\/d2p6e6u75xmxt8.cloudfront.net\/5\/2024\/01\/MicrosoftTeams-image-29-1.webp\"><img loading=\"lazy\" decoding=\"async\" class=\"alignnone size-full wp-image-14476\" src=\"https:\/\/d2p6e6u75xmxt8.cloudfront.net\/5\/2024\/01\/MicrosoftTeams-image-29-1.webp\" alt=\"\" width=\"987\" height=\"424\" srcset=\"https:\/\/d2p6e6u75xmxt8.cloudfront.net\/5\/2024\/01\/MicrosoftTeams-image-29-1.webp 987w, https:\/\/d2p6e6u75xmxt8.cloudfront.net\/5\/2024\/01\/MicrosoftTeams-image-29-1-300x129.webp 300w, https:\/\/d2p6e6u75xmxt8.cloudfront.net\/5\/2024\/01\/MicrosoftTeams-image-29-1-768x330.webp 768w, https:\/\/d2p6e6u75xmxt8.cloudfront.net\/5\/2024\/01\/MicrosoftTeams-image-29-1-400x172.webp 400w\" sizes=\"auto, (max-width: 987px) 100vw, 987px\" \/><\/a><\/p>\n<p><a href=\"https:\/\/www.bikemap.net\/en\/r\/13385101\/#11.96\/51.46092\/16.96113\"><span data-contrast=\"none\">&gt;&gt;&gt;TRASA&lt;&lt;&lt;<\/span><span data-contrast=\"auto\">\u00a0<\/span><\/a><\/p>\n<p><span data-contrast=\"auto\">Musia\u0142em tutaj u\u017cy\u0107 gotowej trasy, poniewa\u017c jest genialna. Mo\u017cna j\u0105 pokona\u0107 w dwie strony, a sama trasa w ca\u0142o\u015bci jest poprowadzona drogami rowerowymi. P\u0142aska, \u0142atwa, niezbyt d\u0142uga, atrakcyjna \u2013 idealna na podr\u00f3\u017c z dzie\u0107mi. Poniewa\u017c dla dzieciak\u00f3w wa\u017cne s\u0105 nagrody motywuj\u0105ce, to start naszej podr\u00f3\u017cy zaplanowa\u0142em spod Aquagrodu, do kt\u00f3rego po zako\u0144czonej wyprawie mo\u017cna si\u0119 uda\u0107, by si\u0119 sch\u0142odzi\u0107, szczeg\u00f3lnie w gor\u0105cy letni dzie\u0144. <\/span><\/p>\n<p><span data-contrast=\"auto\">Po drodze mi\u0119dzy innymi takie atrakcje jak Smok Rowerzysta, instalacja rowerowa, punkt widokowy na staw Jamnik Dolny oraz wie\u017ca widokowa nad Barycz\u0105.<\/span><\/p>\n<p><a href=\"https:\/\/d2p6e6u75xmxt8.cloudfront.net\/5\/2024\/01\/Barycz-47-scaled.webp\"><img loading=\"lazy\" decoding=\"async\" class=\"alignnone size-extra-large wp-image-14473\" src=\"https:\/\/d2p6e6u75xmxt8.cloudfront.net\/5\/2024\/01\/Barycz-47-1920x1080.webp\" alt=\"\" width=\"1920\" height=\"1080\" srcset=\"https:\/\/d2p6e6u75xmxt8.cloudfront.net\/5\/2024\/01\/Barycz-47-1920x1080.webp 1920w, https:\/\/d2p6e6u75xmxt8.cloudfront.net\/5\/2024\/01\/Barycz-47-300x169.webp 300w, https:\/\/d2p6e6u75xmxt8.cloudfront.net\/5\/2024\/01\/Barycz-47-1024x576.webp 1024w, https:\/\/d2p6e6u75xmxt8.cloudfront.net\/5\/2024\/01\/Barycz-47-768x432.webp 768w, https:\/\/d2p6e6u75xmxt8.cloudfront.net\/5\/2024\/01\/Barycz-47-1536x864.webp 1536w, https:\/\/d2p6e6u75xmxt8.cloudfront.net\/5\/2024\/01\/Barycz-47-2048x1152.webp 2048w, https:\/\/d2p6e6u75xmxt8.cloudfront.net\/5\/2024\/01\/Barycz-47-400x225.webp 400w, https:\/\/d2p6e6u75xmxt8.cloudfront.net\/5\/2024\/01\/Barycz-47-1920x1080.webp 1920w\" sizes=\"auto, (max-width: 1920px) 100vw, 1920px\" \/><\/a><\/p>\n<p><a href=\"https:\/\/d2p6e6u75xmxt8.cloudfront.net\/5\/2024\/01\/MicrosoftTeams-image-30.webp\"><img loading=\"lazy\" decoding=\"async\" class=\"alignnone size-full wp-image-14477\" src=\"https:\/\/d2p6e6u75xmxt8.cloudfront.net\/5\/2024\/01\/MicrosoftTeams-image-30.webp\" alt=\"\" width=\"987\" height=\"424\" srcset=\"https:\/\/d2p6e6u75xmxt8.cloudfront.net\/5\/2024\/01\/MicrosoftTeams-image-30.webp 987w, https:\/\/d2p6e6u75xmxt8.cloudfront.net\/5\/2024\/01\/MicrosoftTeams-image-30-300x129.webp 300w, https:\/\/d2p6e6u75xmxt8.cloudfront.net\/5\/2024\/01\/MicrosoftTeams-image-30-768x330.webp 768w, https:\/\/d2p6e6u75xmxt8.cloudfront.net\/5\/2024\/01\/MicrosoftTeams-image-30-400x172.webp 400w\" sizes=\"auto, (max-width: 987px) 100vw, 987px\" \/><\/a><\/p>\n<p><a href=\"https:\/\/www.bikemap.net\/en\/r\/13388657\/#11.99\/51.4908\/16.99207\"><span data-contrast=\"none\">&gt;&gt;&gt;TRASA&lt;&lt;&lt;<\/span><\/a><\/p>\n<p><span data-contrast=\"auto\">Druga propozycja trasy rowerowej w \u017bmigrodzie rozpoczyna si\u0119 przy zespole pa\u0142acowo-parkowym. To przepi\u0119kny obiekt, w kt\u00f3rym mo\u017cna sp\u0119dzi\u0107 sporo czasu na podziwianiu tamtejszej natury oraz zabudowa\u0144. Jest fontanna, jest plac zabaw, wi\u0119c i co\u015b dla najm\u0142odszych si\u0119 znajdzie.\u00a0<\/span><span data-ccp-props=\"{&quot;201341983&quot;:0,&quot;335559739&quot;:160,&quot;335559740&quot;:259}\">\u00a0<\/span><\/p>\n<p><span data-contrast=\"auto\">P\u0119tla jest posk\u0142adana z odcink\u00f3w dr\u00f3g asfaltowych, szutrowych i tras rowerowych. Urocza, gdy\u017c prowadzi cz\u0119\u015bciowo w\u015br\u00f3d staw\u00f3w hodowlanych Doliny Baryczy oraz le\u015bnymi drogami o minimalnym ruchu samochod\u00f3w. Trasa ciut d\u0142u\u017csza od P\u0119tli \u017bmigrodzkiej, jednak, podobnie jak pierwsza propozycja, r\u00f3wnie\u017c jest praktycznie p\u0142aska i dost\u0119pna dla ka\u017cdego.<\/span><\/p>\n<p>#Wsp\u00f3\u0142pracaReklamowa<\/p>\n<p><a class=\"in-cell-link\" href=\"http:\/\/www.skoda-auto.pl\/?_gl=1*pnmbai*_gcl_au*MTU4ODc0OTY5Ni4xNzA0NzIwNTYw*GA4_ga*dDg0dXprN2otdGl4Mi00bDNxLXJiZHMtZzFoZm9qbGFvdDdq*GA4_ga_KSPVKPC6VY*MTcwNDg5NjI5OC40NC4xLjE3MDQ4OTYzNDkuMC4wLjA.\" target=\"_blank\" rel=\"noopener\">Artyku\u0142 powsta\u0142 we wsp\u00f3\u0142pracy ze skoda-auto.pl<\/a><\/p>\n<p><img decoding=\"async\" src=\"https:\/\/d2p6e6u75xmxt8.cloudfront.net\/5\/2030\/11\/3.webp\" \/><\/p>\n","protected":false},"excerpt":{"rendered":"<p>Dolno\u015bl\u0105ska kraina rowerowa z niezliczon\u0105 ilo\u015bci\u0105 dr\u00f3g i ciekawymi atrakcjami trafi\u0142a na nasz celownik interesuj\u0105cych tras. \u017bmigr\u00f3d stanowi niejako wrota [&hellip;]<\/p>\n","protected":false},"author":153,"featured_media":14475,"comment_status":"open","ping_status":"open","sticky":false,"template":"","format":"standard","meta":{"footnotes":""},"categories":[203],"tags":[108,117,191,404,107],"global-categories":[303],"class_list":["post-14470","post","type-post","status-publish","format-standard","has-post-thumbnail","hentry","category-bartosz-huzarski","tag-bartosz-huzarski","tag-najlepsze-trasy","tag-skoda","tag-skodapolska","tag-trasy-rowerowe","global-categories-cycling"],"yoast_head":"<!-- This site is optimized with the Yoast SEO Premium plugin v25.3 (Yoast SEO v25.9) - https:\/\/yoast.com\/wordpress\/plugins\/seo\/ -->\n<title>Razem ze \u0160kod\u0105 poznajemy na rowerach Dolin\u0119 Baryczy - \u0160koda We Love Cycling - Poland<\/title>\n<meta name=\"robots\" content=\"index, follow, max-snippet:-1, max-image-preview:large, max-video-preview:-1\" \/>\n<link rel=\"canonical\" href=\"https:\/\/www.welovecycling.com\/pl\/2024\/01\/10\/razem-ze-skoda-poznajemy-na-rowerach-doline-baryczy\/\" \/>\n<meta property=\"og:locale\" content=\"pl_PL\" \/>\n<meta property=\"og:type\" content=\"article\" \/>\n<meta property=\"og:title\" content=\"Razem ze \u0160kod\u0105 poznajemy na rowerach Dolin\u0119 Baryczy\" \/>\n<meta property=\"og:description\" content=\"Dolno\u015bl\u0105ska kraina rowerowa z niezliczon\u0105 ilo\u015bci\u0105 dr\u00f3g i ciekawymi atrakcjami trafi\u0142a na nasz celownik interesuj\u0105cych tras. \u017bmigr\u00f3d stanowi niejako wrota [&hellip;]\" \/>\n<meta property=\"og:url\" content=\"https:\/\/www.welovecycling.com\/pl\/2024\/01\/10\/razem-ze-skoda-poznajemy-na-rowerach-doline-baryczy\/\" \/>\n<meta property=\"og:site_name\" content=\"\u0160koda We Love Cycling - Poland\" \/>\n<meta property=\"article:published_time\" content=\"2024-01-10T14:49:27+00:00\" \/>\n<meta property=\"og:image\" content=\"https:\/\/d2p6e6u75xmxt8.cloudfront.net\/5\/2024\/01\/Barycz-723939-scaled.webp\" \/>\n\t<meta property=\"og:image:width\" content=\"2560\" \/>\n\t<meta property=\"og:image:height\" content=\"1440\" \/>\n\t<meta property=\"og:image:type\" content=\"image\/webp\" \/>\n<meta name=\"author\" content=\"rafal\" \/>\n<meta name=\"twitter:card\" content=\"summary_large_image\" \/>\n<meta name=\"twitter:label1\" content=\"Written by\" \/>\n\t<meta name=\"twitter:data1\" content=\"rafal\" \/>\n\t<meta name=\"twitter:label2\" content=\"Est. reading time\" \/>\n\t<meta name=\"twitter:data2\" content=\"2 minutes\" \/>\n<script type=\"application\/ld+json\" class=\"yoast-schema-graph\">{\"@context\":\"https:\/\/schema.org\",\"@graph\":[{\"@type\":\"WebPage\",\"@id\":\"https:\/\/www.welovecycling.com\/pl\/2024\/01\/10\/razem-ze-skoda-poznajemy-na-rowerach-doline-baryczy\/\",\"url\":\"https:\/\/www.welovecycling.com\/pl\/2024\/01\/10\/razem-ze-skoda-poznajemy-na-rowerach-doline-baryczy\/\",\"name\":\"Razem ze \u0160kod\u0105 poznajemy na rowerach Dolin\u0119 Baryczy - \u0160koda We Love Cycling - Poland\",\"isPartOf\":{\"@id\":\"https:\/\/www.welovecycling.com\/pl\/#website\"},\"primaryImageOfPage\":{\"@id\":\"https:\/\/www.welovecycling.com\/pl\/2024\/01\/10\/razem-ze-skoda-poznajemy-na-rowerach-doline-baryczy\/#primaryimage\"},\"image\":{\"@id\":\"https:\/\/www.welovecycling.com\/pl\/2024\/01\/10\/razem-ze-skoda-poznajemy-na-rowerach-doline-baryczy\/#primaryimage\"},\"thumbnailUrl\":\"https:\/\/d2p6e6u75xmxt8.cloudfront.net\/5\/2024\/01\/Barycz-723939-scaled.webp\",\"datePublished\":\"2024-01-10T14:49:27+00:00\",\"author\":{\"@id\":\"https:\/\/www.welovecycling.com\/pl\/#\/schema\/person\/bf06ed916a1ef16618807fb60d2ebe42\"},\"breadcrumb\":{\"@id\":\"https:\/\/www.welovecycling.com\/pl\/2024\/01\/10\/razem-ze-skoda-poznajemy-na-rowerach-doline-baryczy\/#breadcrumb\"},\"inLanguage\":\"pl-PL\",\"potentialAction\":[{\"@type\":\"ReadAction\",\"target\":[\"https:\/\/www.welovecycling.com\/pl\/2024\/01\/10\/razem-ze-skoda-poznajemy-na-rowerach-doline-baryczy\/\"]}]},{\"@type\":\"ImageObject\",\"inLanguage\":\"pl-PL\",\"@id\":\"https:\/\/www.welovecycling.com\/pl\/2024\/01\/10\/razem-ze-skoda-poznajemy-na-rowerach-doline-baryczy\/#primaryimage\",\"url\":\"https:\/\/d2p6e6u75xmxt8.cloudfront.net\/5\/2024\/01\/Barycz-723939-scaled.webp\",\"contentUrl\":\"https:\/\/d2p6e6u75xmxt8.cloudfront.net\/5\/2024\/01\/Barycz-723939-scaled.webp\",\"width\":2560,\"height\":1440},{\"@type\":\"BreadcrumbList\",\"@id\":\"https:\/\/www.welovecycling.com\/pl\/2024\/01\/10\/razem-ze-skoda-poznajemy-na-rowerach-doline-baryczy\/#breadcrumb\",\"itemListElement\":[{\"@type\":\"ListItem\",\"position\":1,\"name\":\"Home\",\"item\":\"https:\/\/www.welovecycling.com\/pl\/\"},{\"@type\":\"ListItem\",\"position\":2,\"name\":\"Razem ze \u0160kod\u0105 poznajemy na rowerach Dolin\u0119 Baryczy\"}]},{\"@type\":\"WebSite\",\"@id\":\"https:\/\/www.welovecycling.com\/pl\/#website\",\"url\":\"https:\/\/www.welovecycling.com\/pl\/\",\"name\":\"\u0160koda We Love Cycling - Poland\",\"description\":\"\",\"potentialAction\":[{\"@type\":\"SearchAction\",\"target\":{\"@type\":\"EntryPoint\",\"urlTemplate\":\"https:\/\/www.welovecycling.com\/pl\/?s={search_term_string}\"},\"query-input\":{\"@type\":\"PropertyValueSpecification\",\"valueRequired\":true,\"valueName\":\"search_term_string\"}}],\"inLanguage\":\"pl-PL\"},{\"@type\":\"Person\",\"@id\":\"https:\/\/www.welovecycling.com\/pl\/#\/schema\/person\/bf06ed916a1ef16618807fb60d2ebe42\",\"name\":\"rafal\",\"image\":{\"@type\":\"ImageObject\",\"inLanguage\":\"pl-PL\",\"@id\":\"https:\/\/www.welovecycling.com\/pl\/#\/schema\/person\/image\/\",\"url\":\"https:\/\/secure.gravatar.com\/avatar\/203f240e63bee214f6f3a0dacbeb600c7829c09716c2b9ee3230c6961debcde2?s=96&d=mm&r=g\",\"contentUrl\":\"https:\/\/secure.gravatar.com\/avatar\/203f240e63bee214f6f3a0dacbeb600c7829c09716c2b9ee3230c6961debcde2?s=96&d=mm&r=g\",\"caption\":\"rafal\"},\"url\":\"https:\/\/www.welovecycling.com\/pl\/author\/rafal\/\"}]}<\/script>\n<!-- \/ Yoast SEO Premium plugin. -->","yoast_head_json":{"title":"Razem ze \u0160kod\u0105 poznajemy na rowerach Dolin\u0119 Baryczy - \u0160koda We Love Cycling - Poland","robots":{"index":"index","follow":"follow","max-snippet":"max-snippet:-1","max-image-preview":"max-image-preview:large","max-video-preview":"max-video-preview:-1"},"canonical":"https:\/\/www.welovecycling.com\/pl\/2024\/01\/10\/razem-ze-skoda-poznajemy-na-rowerach-doline-baryczy\/","og_locale":"pl_PL","og_type":"article","og_title":"Razem ze \u0160kod\u0105 poznajemy na rowerach Dolin\u0119 Baryczy","og_description":"Dolno\u015bl\u0105ska kraina rowerowa z niezliczon\u0105 ilo\u015bci\u0105 dr\u00f3g i ciekawymi atrakcjami trafi\u0142a na nasz celownik interesuj\u0105cych tras. \u017bmigr\u00f3d stanowi niejako wrota [&hellip;]","og_url":"https:\/\/www.welovecycling.com\/pl\/2024\/01\/10\/razem-ze-skoda-poznajemy-na-rowerach-doline-baryczy\/","og_site_name":"\u0160koda We Love Cycling - Poland","article_published_time":"2024-01-10T14:49:27+00:00","og_image":[{"width":2560,"height":1440,"url":"https:\/\/d2p6e6u75xmxt8.cloudfront.net\/5\/2024\/01\/Barycz-723939-scaled.webp","type":"image\/webp"}],"author":"rafal","twitter_card":"summary_large_image","twitter_misc":{"Written by":"rafal","Est. reading time":"2 minutes"},"schema":{"@context":"https:\/\/schema.org","@graph":[{"@type":"WebPage","@id":"https:\/\/www.welovecycling.com\/pl\/2024\/01\/10\/razem-ze-skoda-poznajemy-na-rowerach-doline-baryczy\/","url":"https:\/\/www.welovecycling.com\/pl\/2024\/01\/10\/razem-ze-skoda-poznajemy-na-rowerach-doline-baryczy\/","name":"Razem ze \u0160kod\u0105 poznajemy na rowerach Dolin\u0119 Baryczy - \u0160koda We Love Cycling - Poland","isPartOf":{"@id":"https:\/\/www.welovecycling.com\/pl\/#website"},"primaryImageOfPage":{"@id":"https:\/\/www.welovecycling.com\/pl\/2024\/01\/10\/razem-ze-skoda-poznajemy-na-rowerach-doline-baryczy\/#primaryimage"},"image":{"@id":"https:\/\/www.welovecycling.com\/pl\/2024\/01\/10\/razem-ze-skoda-poznajemy-na-rowerach-doline-baryczy\/#primaryimage"},"thumbnailUrl":"https:\/\/d2p6e6u75xmxt8.cloudfront.net\/5\/2024\/01\/Barycz-723939-scaled.webp","datePublished":"2024-01-10T14:49:27+00:00","author":{"@id":"https:\/\/www.welovecycling.com\/pl\/#\/schema\/person\/bf06ed916a1ef16618807fb60d2ebe42"},"breadcrumb":{"@id":"https:\/\/www.welovecycling.com\/pl\/2024\/01\/10\/razem-ze-skoda-poznajemy-na-rowerach-doline-baryczy\/#breadcrumb"},"inLanguage":"pl-PL","potentialAction":[{"@type":"ReadAction","target":["https:\/\/www.welovecycling.com\/pl\/2024\/01\/10\/razem-ze-skoda-poznajemy-na-rowerach-doline-baryczy\/"]}]},{"@type":"ImageObject","inLanguage":"pl-PL","@id":"https:\/\/www.welovecycling.com\/pl\/2024\/01\/10\/razem-ze-skoda-poznajemy-na-rowerach-doline-baryczy\/#primaryimage","url":"https:\/\/d2p6e6u75xmxt8.cloudfront.net\/5\/2024\/01\/Barycz-723939-scaled.webp","contentUrl":"https:\/\/d2p6e6u75xmxt8.cloudfront.net\/5\/2024\/01\/Barycz-723939-scaled.webp","width":2560,"height":1440},{"@type":"BreadcrumbList","@id":"https:\/\/www.welovecycling.com\/pl\/2024\/01\/10\/razem-ze-skoda-poznajemy-na-rowerach-doline-baryczy\/#breadcrumb","itemListElement":[{"@type":"ListItem","position":1,"name":"Home","item":"https:\/\/www.welovecycling.com\/pl\/"},{"@type":"ListItem","position":2,"name":"Razem ze \u0160kod\u0105 poznajemy na rowerach Dolin\u0119 Baryczy"}]},{"@type":"WebSite","@id":"https:\/\/www.welovecycling.com\/pl\/#website","url":"https:\/\/www.welovecycling.com\/pl\/","name":"\u0160koda We Love Cycling - Poland","description":"","potentialAction":[{"@type":"SearchAction","target":{"@type":"EntryPoint","urlTemplate":"https:\/\/www.welovecycling.com\/pl\/?s={search_term_string}"},"query-input":{"@type":"PropertyValueSpecification","valueRequired":true,"valueName":"search_term_string"}}],"inLanguage":"pl-PL"},{"@type":"Person","@id":"https:\/\/www.welovecycling.com\/pl\/#\/schema\/person\/bf06ed916a1ef16618807fb60d2ebe42","name":"rafal","image":{"@type":"ImageObject","inLanguage":"pl-PL","@id":"https:\/\/www.welovecycling.com\/pl\/#\/schema\/person\/image\/","url":"https:\/\/secure.gravatar.com\/avatar\/203f240e63bee214f6f3a0dacbeb600c7829c09716c2b9ee3230c6961debcde2?s=96&d=mm&r=g","contentUrl":"https:\/\/secure.gravatar.com\/avatar\/203f240e63bee214f6f3a0dacbeb600c7829c09716c2b9ee3230c6961debcde2?s=96&d=mm&r=g","caption":"rafal"},"url":"https:\/\/www.welovecycling.com\/pl\/author\/rafal\/"}]}},"_links":{"self":[{"href":"https:\/\/www.welovecycling.com\/pl\/wp-json\/wp\/v2\/posts\/14470","targetHints":{"allow":["GET"]}}],"collection":[{"href":"https:\/\/www.welovecycling.com\/pl\/wp-json\/wp\/v2\/posts"}],"about":[{"href":"https:\/\/www.welovecycling.com\/pl\/wp-json\/wp\/v2\/types\/post"}],"author":[{"embeddable":true,"href":"https:\/\/www.welovecycling.com\/pl\/wp-json\/wp\/v2\/users\/153"}],"replies":[{"embeddable":true,"href":"https:\/\/www.welovecycling.com\/pl\/wp-json\/wp\/v2\/comments?post=14470"}],"version-history":[{"count":2,"href":"https:\/\/www.welovecycling.com\/pl\/wp-json\/wp\/v2\/posts\/14470\/revisions"}],"predecessor-version":[{"id":14478,"href":"https:\/\/www.welovecycling.com\/pl\/wp-json\/wp\/v2\/posts\/14470\/revisions\/14478"}],"wp:featuredmedia":[{"embeddable":true,"href":"https:\/\/www.welovecycling.com\/pl\/wp-json\/wp\/v2\/media\/14475"}],"wp:attachment":[{"href":"https:\/\/www.welovecycling.com\/pl\/wp-json\/wp\/v2\/media?parent=14470"}],"wp:term":[{"taxonomy":"category","embeddable":true,"href":"https:\/\/www.welovecycling.com\/pl\/wp-json\/wp\/v2\/categories?post=14470"},{"taxonomy":"post_tag","embeddable":true,"href":"https:\/\/www.welovecycling.com\/pl\/wp-json\/wp\/v2\/tags?post=14470"},{"taxonomy":"global-categories","embeddable":true,"href":"https:\/\/www.welovecycling.com\/pl\/wp-json\/wp\/v2\/global-categories?post=14470"}],"curies":[{"name":"wp","href":"https:\/\/api.w.org\/{rel}","templated":true}]}}