{"id":1446,"date":"2016-07-18T16:39:45","date_gmt":"2016-07-18T16:39:45","guid":{"rendered":"http:\/\/skoda-rowery.pl\/?p=1446"},"modified":"2016-12-05T08:47:45","modified_gmt":"2016-12-05T08:47:45","slug":"moment-w-tour-de-france-gdy-przed-oczami-staje-cala-kariera","status":"publish","type":"post","link":"https:\/\/www.welovecycling.com\/pl\/2016\/07\/18\/moment-w-tour-de-france-gdy-przed-oczami-staje-cala-kariera\/","title":{"rendered":"Moment w Tour de France, gdy przed oczami staje ca\u0142a kariera"},"content":{"rendered":"<p style=\"text-align: justify\">Gdyby nale\u017ca\u0142o pokaza\u0107 Tour de France w pigu\u0142ce, to 15. etap nada\u0142by si\u0119 do tego idealnie. Szczeg\u00f3lnie, \u017ce kluczow\u0105 rol\u0119 odegra\u0142 w nim Rafa\u0142 Majka, kt\u00f3ry teraz dumnie b\u0119dzie paradowa\u0142 w koszulce dla najlepszego g\u00f3rala.<!--more--><\/p>\n<p style=\"text-align: justify\">Podczas niedzielnego \u015bcigania by\u0142o wszystko \u2013 pi\u0119kne odrabianie strat, walka na finiszu, a tak\u017ce moment, w kt\u00f3rym zawodnikowi przed oczami staje ca\u0142a kariera. I w tym wszystkim bra\u0142 udzia\u0142 Majka, kt\u00f3ry na met\u0119 wjecha\u0142 drugi.<\/p>\n<p style=\"text-align: justify\"><strong>Magazynowanie si\u0142<\/strong><\/p>\n<p style=\"text-align: justify\">Wystartowali z Bourge-en-Bresse \u2013 z miasta, jakich we Francji wiele i o kt\u00f3rym polska Wikipedia pisze raptem kilka zda\u0144. Sko\u0144czyli cztery i p\u00f3\u0142 godziny p\u00f3\u017aniej oraz 160 kilometr\u00f3w dalej, w spokojnym Culoz, kt\u00f3re takie emocje prze\u017cywa tylko raz do roku.<\/p>\n<p style=\"text-align: justify\">W 30-osobowej ucieczce znalaz\u0142o si\u0119 dw\u00f3ch Polak\u00f3w: Majka i Bartosz Huzarski. Kolejni zawodnicy powoli si\u0119 wykruszali, a Majka magazynowa\u0142 si\u0142y. Moc\u0105 eksplodowa\u0142 pod Grand Colombier i wydawa\u0142o si\u0119, \u017ce sam pomknie do mety.<\/p>\n<p style=\"text-align: justify\">Polak mia\u0142 blisko 30 sekund przewagi, gdy kilka kilometr\u00f3w przed met\u0105 ca\u0142a kariera pewnie stan\u0119\u0142a mu przed oczami \u2013 podczas stromego zjazdu, na jednym z zakr\u0119t\u00f3w, zjecha\u0142 na traw\u0119 i by\u0142 blisko upadku, ale cudem utrzyma\u0142 r\u00f3wnowag\u0119. Gdyby to mu si\u0119 nie uda\u0142o, ca\u0142y wysi\u0142ek m\u00f3g\u0142by p\u00f3j\u015b\u0107 na marne.<\/p>\n<p style=\"text-align: justify\"><strong>Helikopter w akcji?<\/strong><\/p>\n<p style=\"text-align: justify\">Wtedy na peda\u0142y mocniej nacisn\u0105\u0142 jednak Jarlison Pantano i ko\u0144c\u00f3wk\u0119 etapu sp\u0119dzi\u0142 jad\u0105c z Majk\u0105 ko\u0142o w ko\u0142o. &#8211; Bardzo szybko dogoni\u0142 Polaka. Chyba kto\u015b go podrzuci\u0142 helikopterem \u2013 \u017cartowali komentatorzy telewizji Eurosport, ale za moment musieli si\u0119 ju\u017c zaj\u0105\u0107 przekazywaniem wielkich emocji.<\/p>\n<p style=\"text-align: justify\">Tu\u017c przed met\u0105 Majka zdecydowa\u0142 si\u0119 na atak. Wydawa\u0142o si\u0119, \u017ce jest w stanie wyprzedzi\u0107 Pantano, ale Kolumbijczyk okaza\u0142o si\u0119 godnym rywalem. Odpar\u0142 ofensyw\u0119 i pierwszy przeci\u0105\u0142 lini\u0119 mety.<\/p>\n<p style=\"text-align: justify\">Polak otrzyma\u0142 jednak nagrod\u0119 na otarcie \u0142ez, kt\u00f3ra mo\u017ce znaczy\u0107 dla niego r\u00f3wnie du\u017co, co zwyci\u0119stwo etapowe. Dzi\u0119ki \u015bwietnej je\u017adzie na podjazdach i zbieraniu punkt\u00f3w w g\u00f3rskich premiach, Majka b\u0119dzie m\u00f3g\u0142 teraz paradowa\u0107 w bia\u0142ej koszulce w czerwone grochy, kt\u00f3r\u0105 otrzymuje zawodnik, kt\u00f3ry najlepiej radzi sobie z morderczymi podjazdami.<\/p>\n<p style=\"text-align: justify\">&#8211; Jestem zadowolony, bo nie jest \u0142atwo przej\u0105\u0107 koszulk\u0119 g\u00f3rala i do tego wygra\u0107 etap. Chcia\u0142em zdoby\u0107 wszystko, ale w ko\u0144c\u00f3wce nie podejmowa\u0142em zbyt du\u017cego ryzyka na zjazdach. Cztery dni temu mia\u0142em kraks\u0119 i nadal odczuwam jej skutki \u2013 napisa\u0142 Majka na Facebooku.<\/p>\n<p style=\"text-align: justify\"><strong>Jest moc!<\/strong><\/p>\n<p style=\"text-align: justify\">To najlepszy wynik Majki na tegorocznym Tour de France. Wcze\u015bniej uda\u0142o mu si\u0119 dwa razy zaj\u0105\u0107 trzecie miejsce. &#8211; Ale to jeszcze nie koniec. Przede wszystkim ciesz\u0119 si\u0119, \u017ce mam koszulk\u0119 w grochy i mam nadziej\u0119, \u017ce zatrzymam j\u0105 do ko\u0144ca. Nie b\u0119dzie \u0142atwo, ale czuj\u0119 si\u0119 bardzo mocny \u2013 m\u00f3wi Majka oficjalnej stronie swojego zespo\u0142u Tinkoff-Saxo.<\/p>\n<p style=\"text-align: justify\"><img loading=\"lazy\" decoding=\"async\" class=\"size-full wp-image-1448\" src=\"http:\/\/skoda-rowery.pl\/wp-content\/uploads\/2016\/07\/20160718266_181244.jpg\" alt=\"Tour de France 2016 - 18\/07\/2016 - Etape 16 - Moirans-en-Montagne\/ Berne (209 km) - D\u00e9part de la course\" width=\"1000\" height=\"666\" srcset=\"https:\/\/d2p6e6u75xmxt8.cloudfront.net\/5\/2016\/07\/20160718266_181244.jpg 1000w, https:\/\/d2p6e6u75xmxt8.cloudfront.net\/5\/2016\/07\/20160718266_181244-300x200.jpg 300w, https:\/\/d2p6e6u75xmxt8.cloudfront.net\/5\/2016\/07\/20160718266_181244-768x511.jpg 768w, https:\/\/d2p6e6u75xmxt8.cloudfront.net\/5\/2016\/07\/20160718266_181244-272x182.jpg 272w\" sizes=\"auto, (max-width: 1000px) 100vw, 1000px\" \/><\/p>\n<p style=\"text-align: justify\">W klasyfikacji generalnej Tour de France ci\u0105gle prowadzi Chris Froome. W poniedzia\u0142ek etap Moirans-en-Montagne\/Berne, po kt\u00f3rym nast\u0105pi dzie\u0144 przerwy.<\/p>\n<p style=\"text-align: justify\">\n","protected":false},"excerpt":{"rendered":"<p>Gdyby nale\u017ca\u0142o pokaza\u0107 Tour de France w pigu\u0142ce, to 15. etap nada\u0142by si\u0119 do tego idealnie. Szczeg\u00f3lnie, \u017ce kluczow\u0105 rol\u0119 [&hellip;]<\/p>\n","protected":false},"author":1,"featured_media":1447,"comment_status":"open","ping_status":"closed","sticky":false,"template":"","format":"standard","meta":{"footnotes":""},"categories":[1],"tags":[77],"global-categories":[],"class_list":["post-1446","post","type-post","status-publish","format-standard","has-post-thumbnail","hentry","category-uncategorized","tag-tour-de-france"],"yoast_head":"<!-- This site is optimized with the Yoast SEO Premium plugin v25.3 (Yoast SEO v25.9) - https:\/\/yoast.com\/wordpress\/plugins\/seo\/ -->\n<title>Moment w Tour de France, gdy przed oczami staje ca\u0142a kariera - \u0160koda We Love Cycling - Poland<\/title>\n<meta name=\"robots\" content=\"index, follow, max-snippet:-1, max-image-preview:large, max-video-preview:-1\" \/>\n<link rel=\"canonical\" href=\"https:\/\/www.welovecycling.com\/pl\/2016\/07\/18\/moment-w-tour-de-france-gdy-przed-oczami-staje-cala-kariera\/\" \/>\n<meta property=\"og:locale\" content=\"pl_PL\" \/>\n<meta property=\"og:type\" content=\"article\" \/>\n<meta property=\"og:title\" content=\"Moment w Tour de France, gdy przed oczami staje ca\u0142a kariera\" \/>\n<meta property=\"og:description\" content=\"Gdyby nale\u017ca\u0142o pokaza\u0107 Tour de France w pigu\u0142ce, to 15. etap nada\u0142by si\u0119 do tego idealnie. Szczeg\u00f3lnie, \u017ce kluczow\u0105 rol\u0119 [&hellip;]\" \/>\n<meta property=\"og:url\" content=\"https:\/\/www.welovecycling.com\/pl\/2016\/07\/18\/moment-w-tour-de-france-gdy-przed-oczami-staje-cala-kariera\/\" \/>\n<meta property=\"og:site_name\" content=\"\u0160koda We Love Cycling - Poland\" \/>\n<meta property=\"article:published_time\" content=\"2016-07-18T16:39:45+00:00\" \/>\n<meta property=\"article:modified_time\" content=\"2016-12-05T08:47:45+00:00\" \/>\n<meta property=\"og:image\" content=\"https:\/\/d2p6e6u75xmxt8.cloudfront.net\/5\/2016\/07\/20160718230_181227.jpg\" \/>\n\t<meta property=\"og:image:width\" content=\"1000\" \/>\n\t<meta property=\"og:image:height\" content=\"666\" \/>\n\t<meta property=\"og:image:type\" content=\"image\/jpeg\" \/>\n<meta name=\"author\" content=\"WeLoveCycling\" \/>\n<meta name=\"twitter:card\" content=\"summary_large_image\" \/>\n<meta name=\"twitter:label1\" content=\"Written by\" \/>\n\t<meta name=\"twitter:data1\" content=\"WeLoveCycling\" \/>\n\t<meta name=\"twitter:label2\" content=\"Est. reading time\" \/>\n\t<meta name=\"twitter:data2\" content=\"3 minutes\" \/>\n<script type=\"application\/ld+json\" class=\"yoast-schema-graph\">{\"@context\":\"https:\/\/schema.org\",\"@graph\":[{\"@type\":\"WebPage\",\"@id\":\"https:\/\/www.welovecycling.com\/pl\/2016\/07\/18\/moment-w-tour-de-france-gdy-przed-oczami-staje-cala-kariera\/\",\"url\":\"https:\/\/www.welovecycling.com\/pl\/2016\/07\/18\/moment-w-tour-de-france-gdy-przed-oczami-staje-cala-kariera\/\",\"name\":\"Moment w Tour de France, gdy przed oczami staje ca\u0142a kariera - \u0160koda We Love Cycling - Poland\",\"isPartOf\":{\"@id\":\"https:\/\/www.welovecycling.com\/pl\/#website\"},\"primaryImageOfPage\":{\"@id\":\"https:\/\/www.welovecycling.com\/pl\/2016\/07\/18\/moment-w-tour-de-france-gdy-przed-oczami-staje-cala-kariera\/#primaryimage\"},\"image\":{\"@id\":\"https:\/\/www.welovecycling.com\/pl\/2016\/07\/18\/moment-w-tour-de-france-gdy-przed-oczami-staje-cala-kariera\/#primaryimage\"},\"thumbnailUrl\":\"https:\/\/d2p6e6u75xmxt8.cloudfront.net\/5\/2016\/07\/20160718230_181227.jpg\",\"datePublished\":\"2016-07-18T16:39:45+00:00\",\"dateModified\":\"2016-12-05T08:47:45+00:00\",\"author\":{\"@id\":\"https:\/\/www.welovecycling.com\/pl\/#\/schema\/person\/e5187c9cac8dd619ebc7b41bd73c2fd9\"},\"breadcrumb\":{\"@id\":\"https:\/\/www.welovecycling.com\/pl\/2016\/07\/18\/moment-w-tour-de-france-gdy-przed-oczami-staje-cala-kariera\/#breadcrumb\"},\"inLanguage\":\"pl-PL\",\"potentialAction\":[{\"@type\":\"ReadAction\",\"target\":[\"https:\/\/www.welovecycling.com\/pl\/2016\/07\/18\/moment-w-tour-de-france-gdy-przed-oczami-staje-cala-kariera\/\"]}]},{\"@type\":\"ImageObject\",\"inLanguage\":\"pl-PL\",\"@id\":\"https:\/\/www.welovecycling.com\/pl\/2016\/07\/18\/moment-w-tour-de-france-gdy-przed-oczami-staje-cala-kariera\/#primaryimage\",\"url\":\"https:\/\/d2p6e6u75xmxt8.cloudfront.net\/5\/2016\/07\/20160718230_181227.jpg\",\"contentUrl\":\"https:\/\/d2p6e6u75xmxt8.cloudfront.net\/5\/2016\/07\/20160718230_181227.jpg\",\"width\":1000,\"height\":666,\"caption\":\"Tour de France 2016 - 18\/07\/2016 - Etape 16 - Moirans-en-Montagne\/ Berne (209 km) - MAJKA Rafal (TINKOFF) - Podium signature\"},{\"@type\":\"BreadcrumbList\",\"@id\":\"https:\/\/www.welovecycling.com\/pl\/2016\/07\/18\/moment-w-tour-de-france-gdy-przed-oczami-staje-cala-kariera\/#breadcrumb\",\"itemListElement\":[{\"@type\":\"ListItem\",\"position\":1,\"name\":\"Home\",\"item\":\"https:\/\/www.welovecycling.com\/pl\/\"},{\"@type\":\"ListItem\",\"position\":2,\"name\":\"Moment w Tour de France, gdy przed oczami staje ca\u0142a kariera\"}]},{\"@type\":\"WebSite\",\"@id\":\"https:\/\/www.welovecycling.com\/pl\/#website\",\"url\":\"https:\/\/www.welovecycling.com\/pl\/\",\"name\":\"\u0160koda We Love Cycling - Poland\",\"description\":\"\",\"potentialAction\":[{\"@type\":\"SearchAction\",\"target\":{\"@type\":\"EntryPoint\",\"urlTemplate\":\"https:\/\/www.welovecycling.com\/pl\/?s={search_term_string}\"},\"query-input\":{\"@type\":\"PropertyValueSpecification\",\"valueRequired\":true,\"valueName\":\"search_term_string\"}}],\"inLanguage\":\"pl-PL\"},{\"@type\":\"Person\",\"@id\":\"https:\/\/www.welovecycling.com\/pl\/#\/schema\/person\/e5187c9cac8dd619ebc7b41bd73c2fd9\",\"name\":\"WeLoveCycling\",\"image\":{\"@type\":\"ImageObject\",\"inLanguage\":\"pl-PL\",\"@id\":\"https:\/\/www.welovecycling.com\/pl\/#\/schema\/person\/image\/\",\"url\":\"https:\/\/secure.gravatar.com\/avatar\/7e1ee0ecc5e294b19ef32b9f6086e0afbb9da00c3cb0d465ba4695331f4a9187?s=96&d=mm&r=g\",\"contentUrl\":\"https:\/\/secure.gravatar.com\/avatar\/7e1ee0ecc5e294b19ef32b9f6086e0afbb9da00c3cb0d465ba4695331f4a9187?s=96&d=mm&r=g\",\"caption\":\"WeLoveCycling\"},\"url\":\"https:\/\/www.welovecycling.com\/pl\/author\/lukascech\/\"}]}<\/script>\n<!-- \/ Yoast SEO Premium plugin. -->","yoast_head_json":{"title":"Moment w Tour de France, gdy przed oczami staje ca\u0142a kariera - \u0160koda We Love Cycling - Poland","robots":{"index":"index","follow":"follow","max-snippet":"max-snippet:-1","max-image-preview":"max-image-preview:large","max-video-preview":"max-video-preview:-1"},"canonical":"https:\/\/www.welovecycling.com\/pl\/2016\/07\/18\/moment-w-tour-de-france-gdy-przed-oczami-staje-cala-kariera\/","og_locale":"pl_PL","og_type":"article","og_title":"Moment w Tour de France, gdy przed oczami staje ca\u0142a kariera","og_description":"Gdyby nale\u017ca\u0142o pokaza\u0107 Tour de France w pigu\u0142ce, to 15. etap nada\u0142by si\u0119 do tego idealnie. Szczeg\u00f3lnie, \u017ce kluczow\u0105 rol\u0119 [&hellip;]","og_url":"https:\/\/www.welovecycling.com\/pl\/2016\/07\/18\/moment-w-tour-de-france-gdy-przed-oczami-staje-cala-kariera\/","og_site_name":"\u0160koda We Love Cycling - Poland","article_published_time":"2016-07-18T16:39:45+00:00","article_modified_time":"2016-12-05T08:47:45+00:00","og_image":[{"width":1000,"height":666,"url":"https:\/\/d2p6e6u75xmxt8.cloudfront.net\/5\/2016\/07\/20160718230_181227.jpg","type":"image\/jpeg"}],"author":"WeLoveCycling","twitter_card":"summary_large_image","twitter_misc":{"Written by":"WeLoveCycling","Est. reading time":"3 minutes"},"schema":{"@context":"https:\/\/schema.org","@graph":[{"@type":"WebPage","@id":"https:\/\/www.welovecycling.com\/pl\/2016\/07\/18\/moment-w-tour-de-france-gdy-przed-oczami-staje-cala-kariera\/","url":"https:\/\/www.welovecycling.com\/pl\/2016\/07\/18\/moment-w-tour-de-france-gdy-przed-oczami-staje-cala-kariera\/","name":"Moment w Tour de France, gdy przed oczami staje ca\u0142a kariera - \u0160koda We Love Cycling - Poland","isPartOf":{"@id":"https:\/\/www.welovecycling.com\/pl\/#website"},"primaryImageOfPage":{"@id":"https:\/\/www.welovecycling.com\/pl\/2016\/07\/18\/moment-w-tour-de-france-gdy-przed-oczami-staje-cala-kariera\/#primaryimage"},"image":{"@id":"https:\/\/www.welovecycling.com\/pl\/2016\/07\/18\/moment-w-tour-de-france-gdy-przed-oczami-staje-cala-kariera\/#primaryimage"},"thumbnailUrl":"https:\/\/d2p6e6u75xmxt8.cloudfront.net\/5\/2016\/07\/20160718230_181227.jpg","datePublished":"2016-07-18T16:39:45+00:00","dateModified":"2016-12-05T08:47:45+00:00","author":{"@id":"https:\/\/www.welovecycling.com\/pl\/#\/schema\/person\/e5187c9cac8dd619ebc7b41bd73c2fd9"},"breadcrumb":{"@id":"https:\/\/www.welovecycling.com\/pl\/2016\/07\/18\/moment-w-tour-de-france-gdy-przed-oczami-staje-cala-kariera\/#breadcrumb"},"inLanguage":"pl-PL","potentialAction":[{"@type":"ReadAction","target":["https:\/\/www.welovecycling.com\/pl\/2016\/07\/18\/moment-w-tour-de-france-gdy-przed-oczami-staje-cala-kariera\/"]}]},{"@type":"ImageObject","inLanguage":"pl-PL","@id":"https:\/\/www.welovecycling.com\/pl\/2016\/07\/18\/moment-w-tour-de-france-gdy-przed-oczami-staje-cala-kariera\/#primaryimage","url":"https:\/\/d2p6e6u75xmxt8.cloudfront.net\/5\/2016\/07\/20160718230_181227.jpg","contentUrl":"https:\/\/d2p6e6u75xmxt8.cloudfront.net\/5\/2016\/07\/20160718230_181227.jpg","width":1000,"height":666,"caption":"Tour de France 2016 - 18\/07\/2016 - Etape 16 - Moirans-en-Montagne\/ Berne (209 km) - MAJKA Rafal (TINKOFF) - Podium signature"},{"@type":"BreadcrumbList","@id":"https:\/\/www.welovecycling.com\/pl\/2016\/07\/18\/moment-w-tour-de-france-gdy-przed-oczami-staje-cala-kariera\/#breadcrumb","itemListElement":[{"@type":"ListItem","position":1,"name":"Home","item":"https:\/\/www.welovecycling.com\/pl\/"},{"@type":"ListItem","position":2,"name":"Moment w Tour de France, gdy przed oczami staje ca\u0142a kariera"}]},{"@type":"WebSite","@id":"https:\/\/www.welovecycling.com\/pl\/#website","url":"https:\/\/www.welovecycling.com\/pl\/","name":"\u0160koda We Love Cycling - Poland","description":"","potentialAction":[{"@type":"SearchAction","target":{"@type":"EntryPoint","urlTemplate":"https:\/\/www.welovecycling.com\/pl\/?s={search_term_string}"},"query-input":{"@type":"PropertyValueSpecification","valueRequired":true,"valueName":"search_term_string"}}],"inLanguage":"pl-PL"},{"@type":"Person","@id":"https:\/\/www.welovecycling.com\/pl\/#\/schema\/person\/e5187c9cac8dd619ebc7b41bd73c2fd9","name":"WeLoveCycling","image":{"@type":"ImageObject","inLanguage":"pl-PL","@id":"https:\/\/www.welovecycling.com\/pl\/#\/schema\/person\/image\/","url":"https:\/\/secure.gravatar.com\/avatar\/7e1ee0ecc5e294b19ef32b9f6086e0afbb9da00c3cb0d465ba4695331f4a9187?s=96&d=mm&r=g","contentUrl":"https:\/\/secure.gravatar.com\/avatar\/7e1ee0ecc5e294b19ef32b9f6086e0afbb9da00c3cb0d465ba4695331f4a9187?s=96&d=mm&r=g","caption":"WeLoveCycling"},"url":"https:\/\/www.welovecycling.com\/pl\/author\/lukascech\/"}]}},"_links":{"self":[{"href":"https:\/\/www.welovecycling.com\/pl\/wp-json\/wp\/v2\/posts\/1446","targetHints":{"allow":["GET"]}}],"collection":[{"href":"https:\/\/www.welovecycling.com\/pl\/wp-json\/wp\/v2\/posts"}],"about":[{"href":"https:\/\/www.welovecycling.com\/pl\/wp-json\/wp\/v2\/types\/post"}],"author":[{"embeddable":true,"href":"https:\/\/www.welovecycling.com\/pl\/wp-json\/wp\/v2\/users\/1"}],"replies":[{"embeddable":true,"href":"https:\/\/www.welovecycling.com\/pl\/wp-json\/wp\/v2\/comments?post=1446"}],"version-history":[{"count":1,"href":"https:\/\/www.welovecycling.com\/pl\/wp-json\/wp\/v2\/posts\/1446\/revisions"}],"predecessor-version":[{"id":2423,"href":"https:\/\/www.welovecycling.com\/pl\/wp-json\/wp\/v2\/posts\/1446\/revisions\/2423"}],"wp:featuredmedia":[{"embeddable":true,"href":"https:\/\/www.welovecycling.com\/pl\/wp-json\/wp\/v2\/media\/1447"}],"wp:attachment":[{"href":"https:\/\/www.welovecycling.com\/pl\/wp-json\/wp\/v2\/media?parent=1446"}],"wp:term":[{"taxonomy":"category","embeddable":true,"href":"https:\/\/www.welovecycling.com\/pl\/wp-json\/wp\/v2\/categories?post=1446"},{"taxonomy":"post_tag","embeddable":true,"href":"https:\/\/www.welovecycling.com\/pl\/wp-json\/wp\/v2\/tags?post=1446"},{"taxonomy":"global-categories","embeddable":true,"href":"https:\/\/www.welovecycling.com\/pl\/wp-json\/wp\/v2\/global-categories?post=1446"}],"curies":[{"name":"wp","href":"https:\/\/api.w.org\/{rel}","templated":true}]}}