{"id":14439,"date":"2023-12-29T09:50:17","date_gmt":"2023-12-29T09:50:17","guid":{"rendered":"https:\/\/www.welovecycling.com\/pl\/?p=14439"},"modified":"2023-12-29T09:50:17","modified_gmt":"2023-12-29T09:50:17","slug":"raz-na-cztery-lata-zapowiada-sie-niezwykly-rok-w-kolarstwie","status":"publish","type":"post","link":"https:\/\/www.welovecycling.com\/pl\/2023\/12\/29\/raz-na-cztery-lata-zapowiada-sie-niezwykly-rok-w-kolarstwie\/","title":{"rendered":"Raz na cztery lata&#8230; Zapowiada si\u0119 niezwyk\u0142y rok w kolarstwie"},"content":{"rendered":"<p><strong>Rok 2023 bardzo wysoko zawiesi\u0142 poprzeczk\u0119, je\u015bli chodzi o kolarskie emocje. 2024 w rozk\u0142adzie ma jednak tak wiele ciekawych wy\u015bcig\u00f3w, \u017ce mo\u017ce przebi\u0107 swojego poprzednika. Sprawd\u017amy, co w przysz\u0142ym roku czeka nas na kolarskich trasach.<\/strong><\/p>\n<p>Kapitalny Tour de France ze zwrotami akcji i niesamowitymi emocjami, pasjonuj\u0105ce Giro d\u2019Italia i z roku na rok coraz ciekawsza Vuelta a Espa\u00f1a. Do tego wiele wra\u017ce\u0144 w wy\u015bcigach jednodniowych oraz niesamowita zwyci\u0119ska walka ekipy Jumbo Visma o wej\u015bcie do historii jako pierwszy zesp\u00f3\u0142, kt\u00f3ry w jednym sezonie wygra\u0142 wszystkie Grand Toury.<\/p>\n<div class=\"embed-controller-wrapper\">\n<blockquote class=\"twitter-tweet\" data-width=\"500\" data-dnt=\"true\">\n<p lang=\"en\" dir=\"ltr\">We are Team Visma | Lease a Bike. We don&#39;t just ride to win, we ride <a href=\"https:\/\/twitter.com\/hashtag\/beyondvictory?src=hash&amp;ref_src=twsrc%5Etfw\">#beyondvictory<\/a>. \ud83d\udc9b\ud83d\udda4 <a href=\"https:\/\/t.co\/8CPFvckpno\">pic.twitter.com\/8CPFvckpno<\/a><\/p>\n<p>&mdash; Team Visma | Lease a Bike (@vismaleaseabike) <a href=\"https:\/\/twitter.com\/vismaleaseabike\/status\/1737828898736664986?ref_src=twsrc%5Etfw\">December 21, 2023<\/a><\/p><\/blockquote>\n<p><script async data-src=\"https:\/\/platform.twitter.com\/widgets.js\" charset=\"utf-8\"><\/script><\/div>\n<p>Mijaj\u0105cy rok nie tylko nie zawi\u00f3d\u0142 fan\u00f3w kolarstwa, ale te\u017c rozbudzi\u0142 apetyty na kolejne miesi\u0105ce. A okazji do ucztowania b\u0119dzie wi\u0119cej ni\u017c zwykle.<\/p>\n<p><strong>Australia, ZEA, Europa<\/strong><\/p>\n<p>Sezon UCI World Tour 2024 zacznie si\u0119 ju\u017c w styczniu. Co prawda w wi\u0119kszej cz\u0119\u015bci Europy warunki do jazdy b\u0119d\u0105 w\u00f3wczas trudne, ale w\u0142a\u015bnie dlatego kolarze b\u0119d\u0105 \u015bciga\u0107 si\u0119 w Australii (Tour Down Under oraz Cadel Evans Great Ocean Road Race). Luty tak\u017ce b\u0119dzie ucieczk\u0105 od europejskiej zimy, bo zawodnicy stan\u0105 na starcie UAE Tour w Zjednoczonych Emiratach Arabskich. Jednak marzec b\u0119dzie ju\u017c nale\u017ca\u0142 do wy\u015bcig\u00f3w europejskich.<\/p>\n<p>Legendarny Strade Bianche, emocjonuj\u0105cy Pary\u017c \u2013 Nicea, nieprzewidywalny Tirreno \u2013 Adriatico oraz Mediolan \u2013 San Remo sprawi\u0105, \u017ce fani kolarstwa szybko zapomn\u0105 o ko\u0144cz\u0105cej si\u0119 zimie. Do tego dojdzie seria jednodniowych wy\u015bcig\u00f3w (g\u0142\u00f3wnie w Belgii) i ju\u017c b\u0119dzie mo\u017cna powoli przygotowywa\u0107 si\u0119 do pierwszego z Grand Tour\u00f3w.<\/p>\n<p><strong>Wielkie \u015bciganie inne ni\u017c zwykle<\/strong><\/p>\n<p>W 2024 roku Giro d\u2019Italia rozpocznie si\u0119 4 maja w Venaria Reale i zako\u0144czy 26 maja w Rzymie. Tym razem wy\u015bcig b\u0119dzie odbywa\u0142 si\u0119 tylko na terenie W\u0142och, ale ma to usatysfakcjonowa\u0107 zar\u00f3wno pasjonat\u00f3w sprint\u00f3w, jak i wielbicieli morderczych g\u00f3rskich wspinaczek.<\/p>\n<div class=\"embed-controller-wrapper\">\n<blockquote class=\"twitter-tweet\" data-width=\"500\" data-dnt=\"true\">\n<p lang=\"en\" dir=\"ltr\"><a href=\"https:\/\/twitter.com\/hashtag\/Giro?src=hash&amp;ref_src=twsrc%5Etfw\">#Giro<\/a> \ud83c\uddee\ud83c\uddf9 <\/p>\n<p>What do we think of the 2024 <a href=\"https:\/\/twitter.com\/giroditalia?ref_src=twsrc%5Etfw\">@giroditalia<\/a> route then? \ud83d\udc97<\/p>\n<p>\ud83d\udc4d or \ud83d\udc4e <a href=\"https:\/\/t.co\/D4e57yPYIf\">pic.twitter.com\/D4e57yPYIf<\/a><\/p>\n<p>&mdash; GreenEDGE Cycling (@GreenEDGEteam) <a href=\"https:\/\/twitter.com\/GreenEDGEteam\/status\/1712913333752332731?ref_src=twsrc%5Etfw\">October 13, 2023<\/a><\/p><\/blockquote>\n<p><script async data-src=\"https:\/\/platform.twitter.com\/widgets.js\" charset=\"utf-8\"><\/script><\/div>\n<p>Z kolei najwi\u0119kszy z najwi\u0119kszych wy\u015bcig\u00f3w, czyli Tour de France, zostanie rozegrany mi\u0119dzy 29 czerwca a 21 lipca i rozpocznie si\u0119\u2026 we W\u0142oszech. Zawodnicy wystartuj\u0105 z Florencji, by po czterech dniach ju\u017c na sta\u0142e zameldowa\u0107 si\u0119 we Francji. Najwi\u0119kszym zaskoczeniem jest jednak miejsce zako\u0144czenia wy\u015bcigu, poniewa\u017c kolarze nie b\u0119d\u0105 tradycyjnie finiszowali na Polach Elizejskich, ale w\u2026 Nicei. Pow\u00f3d? Igrzyska olimpijskie w Pary\u017cu, kt\u00f3re rozpoczn\u0105 si\u0119 pi\u0119\u0107 dni po zako\u0144czeniu Wielkiej P\u0119tli.<\/p>\n<div class=\"embed-controller-wrapper\">\n<blockquote class=\"twitter-tweet\" data-width=\"500\" data-dnt=\"true\">\n<p lang=\"en\" dir=\"ltr\">We can&#39;t wait. \ud83c\udf7f<\/p>\n<p>Why the new 2024 Tour de France route is the most exciting in recent history \ud83d\udc47<\/p>\n<p>&mdash; Eurosport (@eurosport) <a href=\"https:\/\/twitter.com\/eurosport\/status\/1717533017986453638?ref_src=twsrc%5Etfw\">October 26, 2023<\/a><\/p><\/blockquote>\n<p><script async data-src=\"https:\/\/platform.twitter.com\/widgets.js\" charset=\"utf-8\"><\/script><\/div>\n<p>I to w\u0142a\u015bnie olimpijskie \u015bciganie b\u0119dzie wielkim kolarskim bonusem w 2024 roku. Cz\u0119\u015b\u0107 zawodnik\u00f3w igrzyska stawia sobie za jeden z najwa\u017cniejszych cel\u00f3w, a to mo\u017ce oznacza\u0107 bardzo ciekawe rozstrzygni\u0119cia w trakcie sezonu. Kolarze szosowi o medale olimpijskie b\u0119d\u0105 rywalizowali na prze\u0142omie lipca i sierpnia.<\/p>\n<p><strong>Szwajcaria na koniec<\/strong><\/p>\n<p>Gdy opadnie ju\u017c olimpijski kurz, zawodnicy zaczn\u0105 my\u015ble\u0107 o Vuelta a Espa\u00f1a, kt\u00f3ra rozpocznie si\u0119 17 sierpnia, a zako\u0144czy 8 wrze\u015bnia. Dla odmiany hiszpa\u0144skie \u015bciganie zacznie si\u0119 w Portugalii, ale niezmienione zostanie tradycyjne miejsce finiszu, czyli Madryt.<\/p>\n<div class=\"embed-controller-wrapper\">\n<blockquote class=\"twitter-tweet\" data-width=\"500\" data-dnt=\"true\">\n<p lang=\"en\" dir=\"ltr\">\ud83d\ude0d El mapa de <a href=\"https:\/\/twitter.com\/hashtag\/LaVuelta24?src=hash&amp;ref_src=twsrc%5Etfw\">#LaVuelta24<\/a> \ud83d\ude0d<\/p>\n<p>\ud83d\ude0d Here&#39;s the official route of <a href=\"https:\/\/twitter.com\/hashtag\/LaVuelta24?src=hash&amp;ref_src=twsrc%5Etfw\">#LaVuelta24<\/a>! \ud83d\ude0d <a href=\"https:\/\/t.co\/563vAPzVUe\">pic.twitter.com\/563vAPzVUe<\/a><\/p>\n<p>&mdash; La Vuelta (@lavuelta) <a href=\"https:\/\/twitter.com\/lavuelta\/status\/1737193711904108870?ref_src=twsrc%5Etfw\">December 19, 2023<\/a><\/p><\/blockquote>\n<p><script async data-src=\"https:\/\/platform.twitter.com\/widgets.js\" charset=\"utf-8\"><\/script><\/div>\n<p>Zako\u0144czenie sezonu b\u0119d\u0105 zwiastowa\u0107 mistrzostwa \u015bwiata, kt\u00f3re w 2024 roku rozegrane zostan\u0105 w Szwajcarii (21\u201329 wrze\u015bnia).<\/p>\n<p><span data-sheets-value=\"{&quot;1&quot;:2,&quot;2&quot;:&quot;Artyku\u0142 powsta\u0142 we wsp\u00f3\u0142pracy ze skoda-auto.pl&quot;}\" data-sheets-userformat=\"{&quot;2&quot;:1,&quot;3&quot;:{&quot;1&quot;:0}}\" data-sheets-hyperlink=\"http:\/\/www.skoda-auto.pl\/\"><a class=\"in-cell-link\" href=\"http:\/\/www.skoda-auto.pl\/\" target=\"_blank\" rel=\"noopener noreferrer\">Artyku\u0142 powsta\u0142 we wsp\u00f3\u0142pracy ze skoda-auto.pl<\/a><\/span><img decoding=\"async\" src=\"https:\/\/d2p6e6u75xmxt8.cloudfront.net\/5\/2030\/11\/3.webp\" \/><\/p>\n","protected":false},"excerpt":{"rendered":"<p>Rok 2023 bardzo wysoko zawiesi\u0142 poprzeczk\u0119, je\u015bli chodzi o kolarskie emocje. 2024 w rozk\u0142adzie ma jednak tak wiele ciekawych wy\u015bcig\u00f3w, [&hellip;]<\/p>\n","protected":false},"author":153,"featured_media":14440,"comment_status":"open","ping_status":"open","sticky":false,"template":"","format":"standard","meta":{"footnotes":""},"categories":[6],"tags":[394,151,191,404,77],"global-categories":[303],"class_list":["post-14439","post","type-post","status-publish","format-standard","has-post-thumbnail","hentry","category-kolarstwo-szosowe","tag-giro-ditalia","tag-kolarstwo-szosowe","tag-skoda","tag-skodapolska","tag-tour-de-france","global-categories-cycling"],"yoast_head":"<!-- This site is optimized with the Yoast SEO Premium plugin v25.3 (Yoast SEO v25.9) - https:\/\/yoast.com\/wordpress\/plugins\/seo\/ -->\n<title>Raz na cztery lata... Zapowiada si\u0119 niezwyk\u0142y rok w kolarstwie - \u0160koda We Love Cycling - Poland<\/title>\n<meta name=\"robots\" content=\"index, follow, max-snippet:-1, max-image-preview:large, max-video-preview:-1\" \/>\n<link rel=\"canonical\" href=\"https:\/\/www.welovecycling.com\/pl\/2023\/12\/29\/raz-na-cztery-lata-zapowiada-sie-niezwykly-rok-w-kolarstwie\/\" \/>\n<meta property=\"og:locale\" content=\"pl_PL\" \/>\n<meta property=\"og:type\" content=\"article\" \/>\n<meta property=\"og:title\" content=\"Raz na cztery lata... Zapowiada si\u0119 niezwyk\u0142y rok w kolarstwie\" \/>\n<meta property=\"og:description\" content=\"Rok 2023 bardzo wysoko zawiesi\u0142 poprzeczk\u0119, je\u015bli chodzi o kolarskie emocje. 2024 w rozk\u0142adzie ma jednak tak wiele ciekawych wy\u015bcig\u00f3w, [&hellip;]\" \/>\n<meta property=\"og:url\" content=\"https:\/\/www.welovecycling.com\/pl\/2023\/12\/29\/raz-na-cztery-lata-zapowiada-sie-niezwykly-rok-w-kolarstwie\/\" \/>\n<meta property=\"og:site_name\" content=\"\u0160koda We Love Cycling - Poland\" \/>\n<meta property=\"article:published_time\" content=\"2023-12-29T09:50:17+00:00\" \/>\n<meta property=\"og:image\" content=\"https:\/\/d2p6e6u75xmxt8.cloudfront.net\/5\/2023\/12\/Raz-na-cztery-lata.-Zapowiada-sie-niezwykly-rok-w-kolarstwie.webp\" \/>\n\t<meta property=\"og:image:width\" content=\"990\" \/>\n\t<meta property=\"og:image:height\" content=\"660\" \/>\n\t<meta property=\"og:image:type\" content=\"image\/webp\" \/>\n<meta name=\"author\" content=\"rafal\" \/>\n<meta name=\"twitter:card\" content=\"summary_large_image\" \/>\n<meta name=\"twitter:label1\" content=\"Written by\" \/>\n\t<meta name=\"twitter:data1\" content=\"Piotr Nowik\" \/>\n\t<meta name=\"twitter:label2\" content=\"Est. reading time\" \/>\n\t<meta name=\"twitter:data2\" content=\"4\" \/>\n<script type=\"application\/ld+json\" class=\"yoast-schema-graph\">{\"@context\":\"https:\/\/schema.org\",\"@graph\":[{\"@type\":\"WebPage\",\"@id\":\"https:\/\/www.welovecycling.com\/pl\/2023\/12\/29\/raz-na-cztery-lata-zapowiada-sie-niezwykly-rok-w-kolarstwie\/\",\"url\":\"https:\/\/www.welovecycling.com\/pl\/2023\/12\/29\/raz-na-cztery-lata-zapowiada-sie-niezwykly-rok-w-kolarstwie\/\",\"name\":\"Raz na cztery lata... Zapowiada si\u0119 niezwyk\u0142y rok w kolarstwie - \u0160koda We Love Cycling - Poland\",\"isPartOf\":{\"@id\":\"https:\/\/www.welovecycling.com\/pl\/#website\"},\"primaryImageOfPage\":{\"@id\":\"https:\/\/www.welovecycling.com\/pl\/2023\/12\/29\/raz-na-cztery-lata-zapowiada-sie-niezwykly-rok-w-kolarstwie\/#primaryimage\"},\"image\":{\"@id\":\"https:\/\/www.welovecycling.com\/pl\/2023\/12\/29\/raz-na-cztery-lata-zapowiada-sie-niezwykly-rok-w-kolarstwie\/#primaryimage\"},\"thumbnailUrl\":\"https:\/\/d2p6e6u75xmxt8.cloudfront.net\/5\/2023\/12\/Raz-na-cztery-lata.-Zapowiada-sie-niezwykly-rok-w-kolarstwie.webp\",\"datePublished\":\"2023-12-29T09:50:17+00:00\",\"author\":{\"@id\":\"https:\/\/www.welovecycling.com\/pl\/#\/schema\/person\/bf06ed916a1ef16618807fb60d2ebe42\"},\"breadcrumb\":{\"@id\":\"https:\/\/www.welovecycling.com\/pl\/2023\/12\/29\/raz-na-cztery-lata-zapowiada-sie-niezwykly-rok-w-kolarstwie\/#breadcrumb\"},\"inLanguage\":\"pl-PL\",\"potentialAction\":[{\"@type\":\"ReadAction\",\"target\":[\"https:\/\/www.welovecycling.com\/pl\/2023\/12\/29\/raz-na-cztery-lata-zapowiada-sie-niezwykly-rok-w-kolarstwie\/\"]}]},{\"@type\":\"ImageObject\",\"inLanguage\":\"pl-PL\",\"@id\":\"https:\/\/www.welovecycling.com\/pl\/2023\/12\/29\/raz-na-cztery-lata-zapowiada-sie-niezwykly-rok-w-kolarstwie\/#primaryimage\",\"url\":\"https:\/\/d2p6e6u75xmxt8.cloudfront.net\/5\/2023\/12\/Raz-na-cztery-lata.-Zapowiada-sie-niezwykly-rok-w-kolarstwie.webp\",\"contentUrl\":\"https:\/\/d2p6e6u75xmxt8.cloudfront.net\/5\/2023\/12\/Raz-na-cztery-lata.-Zapowiada-sie-niezwykly-rok-w-kolarstwie.webp\",\"width\":990,\"height\":660},{\"@type\":\"BreadcrumbList\",\"@id\":\"https:\/\/www.welovecycling.com\/pl\/2023\/12\/29\/raz-na-cztery-lata-zapowiada-sie-niezwykly-rok-w-kolarstwie\/#breadcrumb\",\"itemListElement\":[{\"@type\":\"ListItem\",\"position\":1,\"name\":\"Home\",\"item\":\"https:\/\/www.welovecycling.com\/pl\/\"},{\"@type\":\"ListItem\",\"position\":2,\"name\":\"Raz na cztery lata&#8230; Zapowiada si\u0119 niezwyk\u0142y rok w kolarstwie\"}]},{\"@type\":\"WebSite\",\"@id\":\"https:\/\/www.welovecycling.com\/pl\/#website\",\"url\":\"https:\/\/www.welovecycling.com\/pl\/\",\"name\":\"\u0160koda We Love Cycling - Poland\",\"description\":\"\",\"potentialAction\":[{\"@type\":\"SearchAction\",\"target\":{\"@type\":\"EntryPoint\",\"urlTemplate\":\"https:\/\/www.welovecycling.com\/pl\/?s={search_term_string}\"},\"query-input\":{\"@type\":\"PropertyValueSpecification\",\"valueRequired\":true,\"valueName\":\"search_term_string\"}}],\"inLanguage\":\"pl-PL\"},{\"@type\":\"Person\",\"@id\":\"https:\/\/www.welovecycling.com\/pl\/#\/schema\/person\/bf06ed916a1ef16618807fb60d2ebe42\",\"name\":\"rafal\",\"image\":{\"@type\":\"ImageObject\",\"inLanguage\":\"pl-PL\",\"@id\":\"https:\/\/www.welovecycling.com\/pl\/#\/schema\/person\/image\/\",\"url\":\"https:\/\/secure.gravatar.com\/avatar\/203f240e63bee214f6f3a0dacbeb600c7829c09716c2b9ee3230c6961debcde2?s=96&d=mm&r=g\",\"contentUrl\":\"https:\/\/secure.gravatar.com\/avatar\/203f240e63bee214f6f3a0dacbeb600c7829c09716c2b9ee3230c6961debcde2?s=96&d=mm&r=g\",\"caption\":\"rafal\"},\"url\":\"https:\/\/www.welovecycling.com\/pl\/author\/rafal\/\"}]}<\/script>\n<!-- \/ Yoast SEO Premium plugin. -->","yoast_head_json":{"title":"Raz na cztery lata... Zapowiada si\u0119 niezwyk\u0142y rok w kolarstwie - \u0160koda We Love Cycling - Poland","robots":{"index":"index","follow":"follow","max-snippet":"max-snippet:-1","max-image-preview":"max-image-preview:large","max-video-preview":"max-video-preview:-1"},"canonical":"https:\/\/www.welovecycling.com\/pl\/2023\/12\/29\/raz-na-cztery-lata-zapowiada-sie-niezwykly-rok-w-kolarstwie\/","og_locale":"pl_PL","og_type":"article","og_title":"Raz na cztery lata... Zapowiada si\u0119 niezwyk\u0142y rok w kolarstwie","og_description":"Rok 2023 bardzo wysoko zawiesi\u0142 poprzeczk\u0119, je\u015bli chodzi o kolarskie emocje. 2024 w rozk\u0142adzie ma jednak tak wiele ciekawych wy\u015bcig\u00f3w, [&hellip;]","og_url":"https:\/\/www.welovecycling.com\/pl\/2023\/12\/29\/raz-na-cztery-lata-zapowiada-sie-niezwykly-rok-w-kolarstwie\/","og_site_name":"\u0160koda We Love Cycling - Poland","article_published_time":"2023-12-29T09:50:17+00:00","og_image":[{"width":990,"height":660,"url":"https:\/\/d2p6e6u75xmxt8.cloudfront.net\/5\/2023\/12\/Raz-na-cztery-lata.-Zapowiada-sie-niezwykly-rok-w-kolarstwie.webp","type":"image\/webp"}],"author":"rafal","twitter_card":"summary_large_image","twitter_misc":{"Written by":"Piotr Nowik","Est. reading time":"4"},"schema":{"@context":"https:\/\/schema.org","@graph":[{"@type":"WebPage","@id":"https:\/\/www.welovecycling.com\/pl\/2023\/12\/29\/raz-na-cztery-lata-zapowiada-sie-niezwykly-rok-w-kolarstwie\/","url":"https:\/\/www.welovecycling.com\/pl\/2023\/12\/29\/raz-na-cztery-lata-zapowiada-sie-niezwykly-rok-w-kolarstwie\/","name":"Raz na cztery lata... Zapowiada si\u0119 niezwyk\u0142y rok w kolarstwie - \u0160koda We Love Cycling - Poland","isPartOf":{"@id":"https:\/\/www.welovecycling.com\/pl\/#website"},"primaryImageOfPage":{"@id":"https:\/\/www.welovecycling.com\/pl\/2023\/12\/29\/raz-na-cztery-lata-zapowiada-sie-niezwykly-rok-w-kolarstwie\/#primaryimage"},"image":{"@id":"https:\/\/www.welovecycling.com\/pl\/2023\/12\/29\/raz-na-cztery-lata-zapowiada-sie-niezwykly-rok-w-kolarstwie\/#primaryimage"},"thumbnailUrl":"https:\/\/d2p6e6u75xmxt8.cloudfront.net\/5\/2023\/12\/Raz-na-cztery-lata.-Zapowiada-sie-niezwykly-rok-w-kolarstwie.webp","datePublished":"2023-12-29T09:50:17+00:00","author":{"@id":"https:\/\/www.welovecycling.com\/pl\/#\/schema\/person\/bf06ed916a1ef16618807fb60d2ebe42"},"breadcrumb":{"@id":"https:\/\/www.welovecycling.com\/pl\/2023\/12\/29\/raz-na-cztery-lata-zapowiada-sie-niezwykly-rok-w-kolarstwie\/#breadcrumb"},"inLanguage":"pl-PL","potentialAction":[{"@type":"ReadAction","target":["https:\/\/www.welovecycling.com\/pl\/2023\/12\/29\/raz-na-cztery-lata-zapowiada-sie-niezwykly-rok-w-kolarstwie\/"]}]},{"@type":"ImageObject","inLanguage":"pl-PL","@id":"https:\/\/www.welovecycling.com\/pl\/2023\/12\/29\/raz-na-cztery-lata-zapowiada-sie-niezwykly-rok-w-kolarstwie\/#primaryimage","url":"https:\/\/d2p6e6u75xmxt8.cloudfront.net\/5\/2023\/12\/Raz-na-cztery-lata.-Zapowiada-sie-niezwykly-rok-w-kolarstwie.webp","contentUrl":"https:\/\/d2p6e6u75xmxt8.cloudfront.net\/5\/2023\/12\/Raz-na-cztery-lata.-Zapowiada-sie-niezwykly-rok-w-kolarstwie.webp","width":990,"height":660},{"@type":"BreadcrumbList","@id":"https:\/\/www.welovecycling.com\/pl\/2023\/12\/29\/raz-na-cztery-lata-zapowiada-sie-niezwykly-rok-w-kolarstwie\/#breadcrumb","itemListElement":[{"@type":"ListItem","position":1,"name":"Home","item":"https:\/\/www.welovecycling.com\/pl\/"},{"@type":"ListItem","position":2,"name":"Raz na cztery lata&#8230; Zapowiada si\u0119 niezwyk\u0142y rok w kolarstwie"}]},{"@type":"WebSite","@id":"https:\/\/www.welovecycling.com\/pl\/#website","url":"https:\/\/www.welovecycling.com\/pl\/","name":"\u0160koda We Love Cycling - Poland","description":"","potentialAction":[{"@type":"SearchAction","target":{"@type":"EntryPoint","urlTemplate":"https:\/\/www.welovecycling.com\/pl\/?s={search_term_string}"},"query-input":{"@type":"PropertyValueSpecification","valueRequired":true,"valueName":"search_term_string"}}],"inLanguage":"pl-PL"},{"@type":"Person","@id":"https:\/\/www.welovecycling.com\/pl\/#\/schema\/person\/bf06ed916a1ef16618807fb60d2ebe42","name":"rafal","image":{"@type":"ImageObject","inLanguage":"pl-PL","@id":"https:\/\/www.welovecycling.com\/pl\/#\/schema\/person\/image\/","url":"https:\/\/secure.gravatar.com\/avatar\/203f240e63bee214f6f3a0dacbeb600c7829c09716c2b9ee3230c6961debcde2?s=96&d=mm&r=g","contentUrl":"https:\/\/secure.gravatar.com\/avatar\/203f240e63bee214f6f3a0dacbeb600c7829c09716c2b9ee3230c6961debcde2?s=96&d=mm&r=g","caption":"rafal"},"url":"https:\/\/www.welovecycling.com\/pl\/author\/rafal\/"}]}},"_links":{"self":[{"href":"https:\/\/www.welovecycling.com\/pl\/wp-json\/wp\/v2\/posts\/14439","targetHints":{"allow":["GET"]}}],"collection":[{"href":"https:\/\/www.welovecycling.com\/pl\/wp-json\/wp\/v2\/posts"}],"about":[{"href":"https:\/\/www.welovecycling.com\/pl\/wp-json\/wp\/v2\/types\/post"}],"author":[{"embeddable":true,"href":"https:\/\/www.welovecycling.com\/pl\/wp-json\/wp\/v2\/users\/153"}],"replies":[{"embeddable":true,"href":"https:\/\/www.welovecycling.com\/pl\/wp-json\/wp\/v2\/comments?post=14439"}],"version-history":[{"count":1,"href":"https:\/\/www.welovecycling.com\/pl\/wp-json\/wp\/v2\/posts\/14439\/revisions"}],"predecessor-version":[{"id":14441,"href":"https:\/\/www.welovecycling.com\/pl\/wp-json\/wp\/v2\/posts\/14439\/revisions\/14441"}],"wp:featuredmedia":[{"embeddable":true,"href":"https:\/\/www.welovecycling.com\/pl\/wp-json\/wp\/v2\/media\/14440"}],"wp:attachment":[{"href":"https:\/\/www.welovecycling.com\/pl\/wp-json\/wp\/v2\/media?parent=14439"}],"wp:term":[{"taxonomy":"category","embeddable":true,"href":"https:\/\/www.welovecycling.com\/pl\/wp-json\/wp\/v2\/categories?post=14439"},{"taxonomy":"post_tag","embeddable":true,"href":"https:\/\/www.welovecycling.com\/pl\/wp-json\/wp\/v2\/tags?post=14439"},{"taxonomy":"global-categories","embeddable":true,"href":"https:\/\/www.welovecycling.com\/pl\/wp-json\/wp\/v2\/global-categories?post=14439"}],"curies":[{"name":"wp","href":"https:\/\/api.w.org\/{rel}","templated":true}]}}