{"id":14433,"date":"2024-01-08T13:58:18","date_gmt":"2024-01-08T13:58:18","guid":{"rendered":"https:\/\/www.welovecycling.com\/pl\/?p=14433"},"modified":"2024-01-08T15:50:14","modified_gmt":"2024-01-08T15:50:14","slug":"pasmo-rowerowe-olbrzymy","status":"publish","type":"post","link":"https:\/\/www.welovecycling.com\/pl\/2024\/01\/08\/pasmo-rowerowe-olbrzymy\/","title":{"rendered":"Pasmo Rowerowe Olbrzymy"},"content":{"rendered":"<p><strong>Razem ze \u0160koda Polska odkrywamy nieco bardziej wymagaj\u0105c\u0105 technicznie miejsc\u00f3wk\u0119 na rowery MTB. Pasmo Rowerowe Olbrzymy to stosunkowo nowa inwestycja w kolarskiej \u015bwi\u0105tyni Mai W\u0142oszczowskiej. W \u015brodowisku z przymru\u017ceniem oka m\u00f3wi si\u0119, \u017ce budowano je pod Majk\u0119, ale nawet je\u015bli nie jest to prawda, to i tak mamy gdzie naprawd\u0119 solidnie poje\u017adzi\u0107.<\/strong><\/p>\n<p>Olbrzymy s\u0105 wymagaj\u0105ce, potrzebne s\u0105 umiej\u0119tno\u015bci i dobrej jako\u015bci rower, cho\u0107 co warto zauwa\u017cy\u0107 \u2013 nie wsz\u0119dzie i nie ca\u0142y czas. Trasy s\u0105 zr\u00f3\u017cnicowane, ale na wi\u0119kszo\u015bci z nich znajduj\u0105 si\u0119 elementy, kt\u00f3re wymagaj\u0105 od u\u017cytkownik\u00f3w nieco wi\u0119cej do\u015bwiadczenia. Oczywi\u015bcie opcj\u0105 B jest po prostu pokonanie technicznych odcink\u00f3w pieszo. Opr\u00f3cz tras typowo zjazdowych znajdziemy te\u017c single prowadz\u0105ce pod g\u00f3r\u0119, kt\u00f3re wymagaj\u0105 troch\u0119 kondycji. Na pewno nie spotkamy za to le\u015bnej dr\u00f3\u017cki rekreacyjnej, ci\u0105gu pieszo-rowerowego ani asfaltowych odcink\u00f3w.<\/p>\n<p>Olbrzymy s\u0105 podzielone na dwie sekcje. Jedna jest skupiona wok\u00f3\u0142 Piechowic, a druga \u2013 wok\u00f3\u0142 Przesieki. \u0141\u0105czna d\u0142ugo\u015b\u0107 tras wynosi 70 km, a ich nazwy pochodz\u0105 od imion s\u0142owia\u0144skich bog\u00f3w i demon\u00f3w.<\/p>\n<p><a href=\"https:\/\/d2p6e6u75xmxt8.cloudfront.net\/5\/2023\/12\/WeLoveCycling-Olbrzymy-ver1_01_01_08_09-scaled.webp\"><img loading=\"lazy\" decoding=\"async\" class=\"alignnone size-extra-large wp-image-14438\" src=\"https:\/\/d2p6e6u75xmxt8.cloudfront.net\/5\/2023\/12\/WeLoveCycling-Olbrzymy-ver1_01_01_08_09-1920x1080.webp\" alt=\"\" width=\"1920\" height=\"1080\" srcset=\"https:\/\/d2p6e6u75xmxt8.cloudfront.net\/5\/2023\/12\/WeLoveCycling-Olbrzymy-ver1_01_01_08_09-1920x1080.webp 1920w, https:\/\/d2p6e6u75xmxt8.cloudfront.net\/5\/2023\/12\/WeLoveCycling-Olbrzymy-ver1_01_01_08_09-300x169.webp 300w, https:\/\/d2p6e6u75xmxt8.cloudfront.net\/5\/2023\/12\/WeLoveCycling-Olbrzymy-ver1_01_01_08_09-1024x576.webp 1024w, https:\/\/d2p6e6u75xmxt8.cloudfront.net\/5\/2023\/12\/WeLoveCycling-Olbrzymy-ver1_01_01_08_09-768x432.webp 768w, https:\/\/d2p6e6u75xmxt8.cloudfront.net\/5\/2023\/12\/WeLoveCycling-Olbrzymy-ver1_01_01_08_09-1536x864.webp 1536w, https:\/\/d2p6e6u75xmxt8.cloudfront.net\/5\/2023\/12\/WeLoveCycling-Olbrzymy-ver1_01_01_08_09-2048x1152.webp 2048w, https:\/\/d2p6e6u75xmxt8.cloudfront.net\/5\/2023\/12\/WeLoveCycling-Olbrzymy-ver1_01_01_08_09-400x225.webp 400w, https:\/\/d2p6e6u75xmxt8.cloudfront.net\/5\/2023\/12\/WeLoveCycling-Olbrzymy-ver1_01_01_08_09-1920x1080.webp 1920w\" sizes=\"auto, (max-width: 1920px) 100vw, 1920px\" \/><\/a><\/p>\n<p>My z kamer\u0105 objechali\u015bmy dla Was <strong>P\u0119tl\u0119 Przesieka<\/strong>\u00a0(czyli cz\u0119\u015b\u0107 wschodni\u0105), na kt\u00f3r\u0105 sk\u0142adaj\u0105 si\u0119 trasy mi\u0119dzy Przesiek\u0105, Zache\u0142miem i Borowicami, oraz <strong>p\u0119tl\u0119 szlakowo-szutrow<\/strong>\u0105, czyli trasy pomi\u0119dzy dwiema p\u0119tlami g\u0142\u00f3wnymi, kt\u00f3re s\u0105 przeznaczone dla pocz\u0105tkuj\u0105cych rowerzyst\u00f3w.<\/p>\n<p>Jak by\u0142o \u2013 zobaczcie na filmie:<\/p>\n<lite-youtube videoid=vBr1r0ioHCk params=\"enablejsapi=1\" style=\"background-image: url('https:\/\/i.ytimg.com\/vi_webp\/vBr1r0ioHCk\/maxresdefault.webp');\"><\/lite-youtube>\n<p>Nasz\u0105 baz\u0105 wypadow\u0105 na Olbrzymy jest Przesieka. Ta urocza wie\u015b po\u0142o\u017cona w powiecie karkonoskim rozci\u0105ga si\u0119 na wysoko\u015bci od 480 do 700 m n.p.m. na stoku Z\u0142otego Widoku. Dlaczego w\u0142a\u015bnie Przesieka? Poniewa\u017c st\u0105d jest wzgl\u0119dnie blisko do kilku atrakcji turystycznych i miejsc pami\u0119ci. Nie wszystkie pojawi\u0105 si\u0119 przy naszych trasach, wi\u0119c po je\u017adzie i odpoczynku zach\u0119camy do ich odwiedzenia.<\/p>\n<p><a href=\"https:\/\/d2p6e6u75xmxt8.cloudfront.net\/5\/2024\/01\/WeLoveCycling-Olbrzymy-ver1_01_01_13_21-scaled.webp\"><img loading=\"lazy\" decoding=\"async\" class=\"alignnone size-extra-large wp-image-14456\" src=\"https:\/\/d2p6e6u75xmxt8.cloudfront.net\/5\/2024\/01\/WeLoveCycling-Olbrzymy-ver1_01_01_13_21-1920x1080.webp\" alt=\"\" width=\"1920\" height=\"1080\" srcset=\"https:\/\/d2p6e6u75xmxt8.cloudfront.net\/5\/2024\/01\/WeLoveCycling-Olbrzymy-ver1_01_01_13_21-1920x1080.webp 1920w, https:\/\/d2p6e6u75xmxt8.cloudfront.net\/5\/2024\/01\/WeLoveCycling-Olbrzymy-ver1_01_01_13_21-300x169.webp 300w, https:\/\/d2p6e6u75xmxt8.cloudfront.net\/5\/2024\/01\/WeLoveCycling-Olbrzymy-ver1_01_01_13_21-1024x576.webp 1024w, https:\/\/d2p6e6u75xmxt8.cloudfront.net\/5\/2024\/01\/WeLoveCycling-Olbrzymy-ver1_01_01_13_21-768x432.webp 768w, https:\/\/d2p6e6u75xmxt8.cloudfront.net\/5\/2024\/01\/WeLoveCycling-Olbrzymy-ver1_01_01_13_21-1536x864.webp 1536w, https:\/\/d2p6e6u75xmxt8.cloudfront.net\/5\/2024\/01\/WeLoveCycling-Olbrzymy-ver1_01_01_13_21-2048x1152.webp 2048w, https:\/\/d2p6e6u75xmxt8.cloudfront.net\/5\/2024\/01\/WeLoveCycling-Olbrzymy-ver1_01_01_13_21-400x225.webp 400w, https:\/\/d2p6e6u75xmxt8.cloudfront.net\/5\/2024\/01\/WeLoveCycling-Olbrzymy-ver1_01_01_13_21-1920x1080.webp 1920w\" sizes=\"auto, (max-width: 1920px) 100vw, 1920px\" \/><\/a><\/p>\n<p>Atrakcjami Przesieki s\u0105:\u00a0Wodospad Podg\u00f3rnej\u00a0(547\u00a0m n.p.m.),\u00a0Walo\u0144ski Kamie\u0144,\u00a0,\u00a0Kaskada Myi. Dzi\u0119ki swojemu po\u0142o\u017ceniu wie\u015b s\u0142ynie z pi\u0119knych widok\u00f3w. Cz\u0119sto s\u0105 tu organizowane plenery malarskie i fotograficzne. Z punktu widokowego Z\u0142oty Widok mo\u017cna podziwia\u0107 panoram\u0119 Karkonoszy oraz\u00a0Kotlin\u0119 Jeleniog\u00f3rsk\u0105. Blisko\u015b\u0107\u00a0<a href=\"https:\/\/pl.wikipedia.org\/wiki\/Zamek_Chojnik\">Zamku Chojnik<\/a>, \u00a0w\u00a0Karpaczu, Prze\u0142\u0119czy Karkonoskiej i\u00a0\u015anie\u017cnych Kot\u0142\u00f3w to kolejna zaleta tego miejsca, cho\u0107 blisko\u015b\u0107 oznacza tutaj zakres od 1 do 3 godzin marszu. Przesieka oferuje dobr\u0105 baz\u0119 noclegow\u0105, wi\u0119c o znalezienie klimatycznej miejsc\u00f3wki mo\u017cecie by\u0107 spokojni.<\/p>\n<p>Na nasze podpowiedzi tras rowerowych sk\u0142adaj\u0105 si\u0119 kombinacje r\u00f3\u017cnych odcink\u00f3w Olbrzym\u00f3w.<\/p>\n<p><a href=\"https:\/\/d2p6e6u75xmxt8.cloudfront.net\/5\/2024\/01\/MicrosoftTeams-image-28.webp\"><img loading=\"lazy\" decoding=\"async\" class=\"alignnone size-full wp-image-14467\" src=\"https:\/\/d2p6e6u75xmxt8.cloudfront.net\/5\/2024\/01\/MicrosoftTeams-image-28.webp\" alt=\"\" width=\"1142\" height=\"461\" srcset=\"https:\/\/d2p6e6u75xmxt8.cloudfront.net\/5\/2024\/01\/MicrosoftTeams-image-28.webp 1142w, https:\/\/d2p6e6u75xmxt8.cloudfront.net\/5\/2024\/01\/MicrosoftTeams-image-28-300x121.webp 300w, https:\/\/d2p6e6u75xmxt8.cloudfront.net\/5\/2024\/01\/MicrosoftTeams-image-28-1024x413.webp 1024w, https:\/\/d2p6e6u75xmxt8.cloudfront.net\/5\/2024\/01\/MicrosoftTeams-image-28-768x310.webp 768w, https:\/\/d2p6e6u75xmxt8.cloudfront.net\/5\/2024\/01\/MicrosoftTeams-image-28-400x161.webp 400w\" sizes=\"auto, (max-width: 1142px) 100vw, 1142px\" \/><\/a><\/p>\n<p><a href=\"https:\/\/www.bikemap.net\/r\/13852002\/?utm_source=website&amp;utm_medium=route_details&amp;utm_campaign=share_route\"><strong>&gt;&gt;&gt;Link do trasy&lt;&lt;&lt;<\/strong>\u00a0<\/a><\/p>\n<p>Trasa rozpoczyna si\u0119 przejazdem raczej przyjemnym singlem z miejsca startu do Drogi Sudeckiej. Warto przy okazji nieco odbi\u0107 i odwiedzi\u0107 gr\u00f3b Lotnik\u00f3w. To symboliczne miejsce pami\u0119ci znajduje si\u0119 pomi\u0119dzy cmentarzem je\u0144c\u00f3w wojennych a Prze\u0142\u0119cz\u0105 Karkonosk\u0105 i jest pami\u0105tk\u0105 nieudanej ucieczki ku wolno\u015bci. Na stoj\u0105cym w lesie krzy\u017cu mo\u017cemy odczyta\u0107 napis: <em>\u201e<\/em><em>Tu spoczywa dw\u00f3ch braci pilot\u00f3w Alfred i Rudolf Szyma\u0144ski wraz z dwoma kolegami. Zgin\u0119li \u015bmierci\u0105 lotnik\u00f3w dnia 26 listopada 1946 roku. Cze\u015b\u0107 Ich pami\u0119ci\u201d. Dope\u0142nieniem obrazu tragedii s\u0105 szcz\u0105tki samolotu PO-2, tzw. kukury\u017anika, pozbierane w lesie. Ca\u0142a historia tego miejsca dost\u0119pna jest <\/em><a href=\"https:\/\/karkonoszego.pl\/artykul\/grob-lotnikow-w-borowicach\/1115904\">tutaj<\/a><em>.<\/em><\/p>\n<p><a href=\"https:\/\/d2p6e6u75xmxt8.cloudfront.net\/5\/2024\/01\/SCSV2-4717_FOTO-v3.webp\"><img loading=\"lazy\" decoding=\"async\" class=\"alignnone size-full wp-image-14459\" src=\"https:\/\/d2p6e6u75xmxt8.cloudfront.net\/5\/2024\/01\/SCSV2-4717_FOTO-v3.webp\" alt=\"\" width=\"1280\" height=\"720\" srcset=\"https:\/\/d2p6e6u75xmxt8.cloudfront.net\/5\/2024\/01\/SCSV2-4717_FOTO-v3.webp 1280w, https:\/\/d2p6e6u75xmxt8.cloudfront.net\/5\/2024\/01\/SCSV2-4717_FOTO-v3-300x169.webp 300w, https:\/\/d2p6e6u75xmxt8.cloudfront.net\/5\/2024\/01\/SCSV2-4717_FOTO-v3-1024x576.webp 1024w, https:\/\/d2p6e6u75xmxt8.cloudfront.net\/5\/2024\/01\/SCSV2-4717_FOTO-v3-768x432.webp 768w, https:\/\/d2p6e6u75xmxt8.cloudfront.net\/5\/2024\/01\/SCSV2-4717_FOTO-v3-400x225.webp 400w\" sizes=\"auto, (max-width: 1280px) 100vw, 1280px\" \/><\/a><\/p>\n<p>Wracamy na nasz\u0105 tras\u0119, ale zanim zn\u00f3w wjedziemy do lasu, przemierzymy dos\u0142ownie kilometr Drog\u0105 Sudeck\u0105 prosto do kolejnego miejsca pami\u0119ci \u2013 cmentarza je\u0144c\u00f3w wojennych z obozu w Borowicach. Znajduje si\u0119 tutaj 38 bezimiennych mogi\u0142 z d\u0119bowymi krzy\u017cami oznaczonymi odnalezionymi identyfikatorami obozowymi oraz jeden du\u017cy zbiorowy gr\u00f3b os\u00f3b, kt\u00f3re poleg\u0142y przy budowie Drogi Sudeckiej.<\/p>\n<p><a href=\"https:\/\/d2p6e6u75xmxt8.cloudfront.net\/5\/2024\/01\/SCSV2-4717_FOTO-v4.webp\"><img loading=\"lazy\" decoding=\"async\" class=\"alignnone size-full wp-image-14460\" src=\"https:\/\/d2p6e6u75xmxt8.cloudfront.net\/5\/2024\/01\/SCSV2-4717_FOTO-v4.webp\" alt=\"\" width=\"1280\" height=\"720\" srcset=\"https:\/\/d2p6e6u75xmxt8.cloudfront.net\/5\/2024\/01\/SCSV2-4717_FOTO-v4.webp 1280w, https:\/\/d2p6e6u75xmxt8.cloudfront.net\/5\/2024\/01\/SCSV2-4717_FOTO-v4-300x169.webp 300w, https:\/\/d2p6e6u75xmxt8.cloudfront.net\/5\/2024\/01\/SCSV2-4717_FOTO-v4-1024x576.webp 1024w, https:\/\/d2p6e6u75xmxt8.cloudfront.net\/5\/2024\/01\/SCSV2-4717_FOTO-v4-768x432.webp 768w, https:\/\/d2p6e6u75xmxt8.cloudfront.net\/5\/2024\/01\/SCSV2-4717_FOTO-v4-400x225.webp 400w\" sizes=\"auto, (max-width: 1280px) 100vw, 1280px\" \/><\/a><\/p>\n<p>Wracamy na tras\u0119 Po\u015bwist. Z tego miejsca zostaje nam oko\u0142o 8 km przeprawy przez g\u00f3ry, ska\u0142y, zjazdy i podjazdy. Istny rollercoaster rowerowy. Po drodze mijamy miejsca z pi\u0119kn\u0105 panoram\u0105 Karkonoszy i widokiem na odleg\u0142y zamek Chojnik. Wracamy do trasy B\u0142otnik, kt\u00f3ra doprowadzi nas do punktu startu.<\/p>\n<p><a href=\"https:\/\/d2p6e6u75xmxt8.cloudfront.net\/5\/2024\/01\/MicrosoftTeams-image-27.webp\"><img loading=\"lazy\" decoding=\"async\" class=\"alignnone size-full wp-image-14468\" src=\"https:\/\/d2p6e6u75xmxt8.cloudfront.net\/5\/2024\/01\/MicrosoftTeams-image-27.webp\" alt=\"\" width=\"1142\" height=\"461\" srcset=\"https:\/\/d2p6e6u75xmxt8.cloudfront.net\/5\/2024\/01\/MicrosoftTeams-image-27.webp 1142w, https:\/\/d2p6e6u75xmxt8.cloudfront.net\/5\/2024\/01\/MicrosoftTeams-image-27-300x121.webp 300w, https:\/\/d2p6e6u75xmxt8.cloudfront.net\/5\/2024\/01\/MicrosoftTeams-image-27-1024x413.webp 1024w, https:\/\/d2p6e6u75xmxt8.cloudfront.net\/5\/2024\/01\/MicrosoftTeams-image-27-768x310.webp 768w, https:\/\/d2p6e6u75xmxt8.cloudfront.net\/5\/2024\/01\/MicrosoftTeams-image-27-400x161.webp 400w\" sizes=\"auto, (max-width: 1142px) 100vw, 1142px\" \/><\/a><\/p>\n<p><a href=\"https:\/\/www.bikemap.net\/r\/13852035\/?utm_source=website&amp;utm_medium=route_details&amp;utm_campaign=share_route\"><strong>&gt;&gt;&gt;Link do trasy&lt;&lt;&lt;<\/strong><\/a><\/p>\n<p>Trasa jest wytyczona ca\u0142kowicie w lesie, bez metra asfaltu, poprowadzona w le\u015bnej g\u0142uszy i ciszy \u2013 pozwala w pe\u0142ni cieszy\u0107 si\u0119 doznaniami z jazdy na dw\u00f3ch k\u00f3\u0142kach. Pierwsze kilometry s\u0105 do\u015b\u0107 wymagaj\u0105ce. Czart to odcinek trudny technicznie, z bardzo fajnymi podjazdami ze skalnych p\u00f3\u0142ek.<\/p>\n<p>Daje du\u017co emocji, kt\u00f3re p\u00f3\u017aniej studzi delikatnie Skrzat. To fajny, p\u0142ynny odcinek, w cz\u0119\u015bci podjazdowy, po kt\u00f3rym wje\u017cd\u017camy na d\u0142ugie szutrowe dukty, czyli Borowy. Jest wi\u0119c czas na z\u0142apanie oddechu i relaks dla naszej koncentracji, kt\u00f3ra do tego momentu pracowa\u0142a bardzo mocno. Jad\u0105c Borowym, mo\u017cemy spomi\u0119dzy drzew wygl\u0105da\u0107 zamku Chojnik. Zostawiamy go jednak z boku, gdy\u017c dojazd do niego wi\u0105\u017ce si\u0119 z pokonaniem kolejnych kilometr\u00f3w, proponujemy zatem go odwiedzi\u0107 w tzw. mi\u0119dzyczasie. Z Borowego wje\u017cd\u017camy zn\u00f3w na Skrzata, wi\u0119c wraca jazda w stylu flow pomi\u0119dzy drzewami i kamiennymi przeszkodami. Ostatni odcinek to Utopiec, kt\u00f3ry prowadzi nas lekko podjazdow\u0105 sekcj\u0105 do miejsca startu wycieczki.<\/p>\n<p><a href=\"https:\/\/d2p6e6u75xmxt8.cloudfront.net\/5\/2024\/01\/WeLoveCycling-Olbrzymy-ver1_01_05_49_11-scaled.webp\"><img loading=\"lazy\" decoding=\"async\" class=\"alignnone size-extra-large wp-image-14462\" src=\"https:\/\/d2p6e6u75xmxt8.cloudfront.net\/5\/2024\/01\/WeLoveCycling-Olbrzymy-ver1_01_05_49_11-1920x1080.webp\" alt=\"\" width=\"1920\" height=\"1080\" srcset=\"https:\/\/d2p6e6u75xmxt8.cloudfront.net\/5\/2024\/01\/WeLoveCycling-Olbrzymy-ver1_01_05_49_11-1920x1080.webp 1920w, https:\/\/d2p6e6u75xmxt8.cloudfront.net\/5\/2024\/01\/WeLoveCycling-Olbrzymy-ver1_01_05_49_11-300x169.webp 300w, https:\/\/d2p6e6u75xmxt8.cloudfront.net\/5\/2024\/01\/WeLoveCycling-Olbrzymy-ver1_01_05_49_11-1024x576.webp 1024w, https:\/\/d2p6e6u75xmxt8.cloudfront.net\/5\/2024\/01\/WeLoveCycling-Olbrzymy-ver1_01_05_49_11-768x432.webp 768w, https:\/\/d2p6e6u75xmxt8.cloudfront.net\/5\/2024\/01\/WeLoveCycling-Olbrzymy-ver1_01_05_49_11-1536x864.webp 1536w, https:\/\/d2p6e6u75xmxt8.cloudfront.net\/5\/2024\/01\/WeLoveCycling-Olbrzymy-ver1_01_05_49_11-2048x1152.webp 2048w, https:\/\/d2p6e6u75xmxt8.cloudfront.net\/5\/2024\/01\/WeLoveCycling-Olbrzymy-ver1_01_05_49_11-400x225.webp 400w, https:\/\/d2p6e6u75xmxt8.cloudfront.net\/5\/2024\/01\/WeLoveCycling-Olbrzymy-ver1_01_05_49_11-1920x1080.webp 1920w\" sizes=\"auto, (max-width: 1920px) 100vw, 1920px\" \/><\/a><\/p>\n<p>Zamek Chojnik, o kt\u00f3rym pisali\u015bmy, to usytuowana na szczycie g\u00f3ry Chojnik murowana budowla wzniesiona w latach 50. XIV wieku. Od po\u0142udniowo-wschodniej strony zamku znajduje si\u0119 150-metrowe urwisko, kt\u00f3re opada do Piekielnej Doliny. Sama budowla sk\u0142ada si\u0119 z zamku dolnego otoczonego fortyfikacjami, a na p\u00f3\u0142nocy wznosi si\u0119 wie\u017ca. Strona p\u00f3\u0142nocno-wschodnia to za\u015b naro\u017cna baszta \u0142upinowa. Wzd\u0142u\u017c mur\u00f3w znale\u017a\u0107 mo\u017cemy budynki mieszkalne i gospodarcze. Zamek dolny jest po\u0142\u0105czony bram\u0105 ze \u015brednim za pomoc\u0105 pr\u0119gie\u017ca oraz pozosta\u0142o\u015bci zabudowa\u0144 budynku mieszkalnego za\u0142ogi, kuchni, zbiornika na wod\u0119 oraz sali s\u0105dowej. Kolejn\u0105 bram\u0105 przeje\u017cd\u017camy do zamku g\u00f3rnego, gdzie zobaczymy pozosta\u0142o\u015bci kaplicy zamkowej, pa\u0142acu oraz wej\u015bcie na wie\u017c\u0119.<\/p>\n<p>#Wsp\u00f3\u0142pracaReklamowa<\/p>\n<p><span data-sheets-value=\"{&quot;1&quot;:2,&quot;2&quot;:&quot;Artyku\u0142 powsta\u0142 we wsp\u00f3\u0142pracy ze skoda-auto.pl&quot;}\" data-sheets-userformat=\"{&quot;2&quot;:1,&quot;3&quot;:{&quot;1&quot;:0}}\" data-sheets-hyperlink=\"http:\/\/www.skoda-auto.pl\/\"><a class=\"in-cell-link\" href=\"http:\/\/www.skoda-auto.pl\/\" target=\"_blank\" rel=\"noopener noreferrer\">Artyku\u0142 powsta\u0142 we wsp\u00f3\u0142pracy ze skoda-auto.pl<\/a><\/span><\/p>\n<p><img decoding=\"async\" src=\"https:\/\/d2p6e6u75xmxt8.cloudfront.net\/5\/2030\/11\/1.webp\" \/><\/p>\n","protected":false},"excerpt":{"rendered":"<p>Razem ze \u0160koda Polska odkrywamy nieco bardziej wymagaj\u0105c\u0105 technicznie miejsc\u00f3wk\u0119 na rowery MTB. Pasmo Rowerowe Olbrzymy to stosunkowo nowa inwestycja [&hellip;]<\/p>\n","protected":false},"author":153,"featured_media":14464,"comment_status":"open","ping_status":"open","sticky":false,"template":"","format":"standard","meta":{"footnotes":""},"categories":[203,1],"tags":[108,117,191,404,107],"global-categories":[303],"class_list":["post-14433","post","type-post","status-publish","format-standard","has-post-thumbnail","hentry","category-bartosz-huzarski","category-uncategorized","tag-bartosz-huzarski","tag-najlepsze-trasy","tag-skoda","tag-skodapolska","tag-trasy-rowerowe","global-categories-cycling"],"yoast_head":"<!-- This site is optimized with the Yoast SEO Premium plugin v25.3 (Yoast SEO v25.9) - https:\/\/yoast.com\/wordpress\/plugins\/seo\/ -->\n<title>Pasmo Rowerowe Olbrzymy - \u0160koda We Love Cycling - Poland<\/title>\n<meta name=\"robots\" content=\"index, follow, max-snippet:-1, max-image-preview:large, max-video-preview:-1\" \/>\n<link rel=\"canonical\" href=\"https:\/\/www.welovecycling.com\/pl\/2024\/01\/08\/pasmo-rowerowe-olbrzymy\/\" \/>\n<meta property=\"og:locale\" content=\"pl_PL\" \/>\n<meta property=\"og:type\" content=\"article\" \/>\n<meta property=\"og:title\" content=\"Pasmo Rowerowe Olbrzymy\" \/>\n<meta property=\"og:description\" content=\"Razem ze \u0160koda Polska odkrywamy nieco bardziej wymagaj\u0105c\u0105 technicznie miejsc\u00f3wk\u0119 na rowery MTB. Pasmo Rowerowe Olbrzymy to stosunkowo nowa inwestycja [&hellip;]\" \/>\n<meta property=\"og:url\" content=\"https:\/\/www.welovecycling.com\/pl\/2024\/01\/08\/pasmo-rowerowe-olbrzymy\/\" \/>\n<meta property=\"og:site_name\" content=\"\u0160koda We Love Cycling - Poland\" \/>\n<meta property=\"article:published_time\" content=\"2024-01-08T13:58:18+00:00\" \/>\n<meta property=\"article:modified_time\" content=\"2024-01-08T15:50:14+00:00\" \/>\n<meta property=\"og:image\" content=\"https:\/\/d2p6e6u75xmxt8.cloudfront.net\/5\/2024\/01\/SCSV2-4717_FOTO-v1.webp\" \/>\n\t<meta property=\"og:image:width\" content=\"1280\" \/>\n\t<meta property=\"og:image:height\" content=\"720\" \/>\n\t<meta property=\"og:image:type\" content=\"image\/webp\" \/>\n<meta name=\"author\" content=\"rafal\" \/>\n<meta name=\"twitter:card\" content=\"summary_large_image\" \/>\n<meta name=\"twitter:label1\" content=\"Written by\" \/>\n\t<meta name=\"twitter:data1\" content=\"Bartosz Huzarski\" \/>\n\t<meta name=\"twitter:label2\" content=\"Est. reading time\" \/>\n\t<meta name=\"twitter:data2\" content=\"5\" \/>\n<script type=\"application\/ld+json\" class=\"yoast-schema-graph\">{\"@context\":\"https:\/\/schema.org\",\"@graph\":[{\"@type\":\"WebPage\",\"@id\":\"https:\/\/www.welovecycling.com\/pl\/2024\/01\/08\/pasmo-rowerowe-olbrzymy\/\",\"url\":\"https:\/\/www.welovecycling.com\/pl\/2024\/01\/08\/pasmo-rowerowe-olbrzymy\/\",\"name\":\"Pasmo Rowerowe Olbrzymy - \u0160koda We Love Cycling - Poland\",\"isPartOf\":{\"@id\":\"https:\/\/www.welovecycling.com\/pl\/#website\"},\"primaryImageOfPage\":{\"@id\":\"https:\/\/www.welovecycling.com\/pl\/2024\/01\/08\/pasmo-rowerowe-olbrzymy\/#primaryimage\"},\"image\":{\"@id\":\"https:\/\/www.welovecycling.com\/pl\/2024\/01\/08\/pasmo-rowerowe-olbrzymy\/#primaryimage\"},\"thumbnailUrl\":\"https:\/\/d2p6e6u75xmxt8.cloudfront.net\/5\/2024\/01\/SCSV2-4717_FOTO-v1.webp\",\"datePublished\":\"2024-01-08T13:58:18+00:00\",\"dateModified\":\"2024-01-08T15:50:14+00:00\",\"author\":{\"@id\":\"https:\/\/www.welovecycling.com\/pl\/#\/schema\/person\/bf06ed916a1ef16618807fb60d2ebe42\"},\"breadcrumb\":{\"@id\":\"https:\/\/www.welovecycling.com\/pl\/2024\/01\/08\/pasmo-rowerowe-olbrzymy\/#breadcrumb\"},\"inLanguage\":\"pl-PL\",\"potentialAction\":[{\"@type\":\"ReadAction\",\"target\":[\"https:\/\/www.welovecycling.com\/pl\/2024\/01\/08\/pasmo-rowerowe-olbrzymy\/\"]}]},{\"@type\":\"ImageObject\",\"inLanguage\":\"pl-PL\",\"@id\":\"https:\/\/www.welovecycling.com\/pl\/2024\/01\/08\/pasmo-rowerowe-olbrzymy\/#primaryimage\",\"url\":\"https:\/\/d2p6e6u75xmxt8.cloudfront.net\/5\/2024\/01\/SCSV2-4717_FOTO-v1.webp\",\"contentUrl\":\"https:\/\/d2p6e6u75xmxt8.cloudfront.net\/5\/2024\/01\/SCSV2-4717_FOTO-v1.webp\",\"width\":1280,\"height\":720},{\"@type\":\"BreadcrumbList\",\"@id\":\"https:\/\/www.welovecycling.com\/pl\/2024\/01\/08\/pasmo-rowerowe-olbrzymy\/#breadcrumb\",\"itemListElement\":[{\"@type\":\"ListItem\",\"position\":1,\"name\":\"Home\",\"item\":\"https:\/\/www.welovecycling.com\/pl\/\"},{\"@type\":\"ListItem\",\"position\":2,\"name\":\"Pasmo Rowerowe Olbrzymy\"}]},{\"@type\":\"WebSite\",\"@id\":\"https:\/\/www.welovecycling.com\/pl\/#website\",\"url\":\"https:\/\/www.welovecycling.com\/pl\/\",\"name\":\"\u0160koda We Love Cycling - Poland\",\"description\":\"\",\"potentialAction\":[{\"@type\":\"SearchAction\",\"target\":{\"@type\":\"EntryPoint\",\"urlTemplate\":\"https:\/\/www.welovecycling.com\/pl\/?s={search_term_string}\"},\"query-input\":{\"@type\":\"PropertyValueSpecification\",\"valueRequired\":true,\"valueName\":\"search_term_string\"}}],\"inLanguage\":\"pl-PL\"},{\"@type\":\"Person\",\"@id\":\"https:\/\/www.welovecycling.com\/pl\/#\/schema\/person\/bf06ed916a1ef16618807fb60d2ebe42\",\"name\":\"rafal\",\"image\":{\"@type\":\"ImageObject\",\"inLanguage\":\"pl-PL\",\"@id\":\"https:\/\/www.welovecycling.com\/pl\/#\/schema\/person\/image\/\",\"url\":\"https:\/\/secure.gravatar.com\/avatar\/203f240e63bee214f6f3a0dacbeb600c7829c09716c2b9ee3230c6961debcde2?s=96&d=mm&r=g\",\"contentUrl\":\"https:\/\/secure.gravatar.com\/avatar\/203f240e63bee214f6f3a0dacbeb600c7829c09716c2b9ee3230c6961debcde2?s=96&d=mm&r=g\",\"caption\":\"rafal\"},\"url\":\"https:\/\/www.welovecycling.com\/pl\/author\/rafal\/\"}]}<\/script>\n<!-- \/ Yoast SEO Premium plugin. -->","yoast_head_json":{"title":"Pasmo Rowerowe Olbrzymy - \u0160koda We Love Cycling - Poland","robots":{"index":"index","follow":"follow","max-snippet":"max-snippet:-1","max-image-preview":"max-image-preview:large","max-video-preview":"max-video-preview:-1"},"canonical":"https:\/\/www.welovecycling.com\/pl\/2024\/01\/08\/pasmo-rowerowe-olbrzymy\/","og_locale":"pl_PL","og_type":"article","og_title":"Pasmo Rowerowe Olbrzymy","og_description":"Razem ze \u0160koda Polska odkrywamy nieco bardziej wymagaj\u0105c\u0105 technicznie miejsc\u00f3wk\u0119 na rowery MTB. Pasmo Rowerowe Olbrzymy to stosunkowo nowa inwestycja [&hellip;]","og_url":"https:\/\/www.welovecycling.com\/pl\/2024\/01\/08\/pasmo-rowerowe-olbrzymy\/","og_site_name":"\u0160koda We Love Cycling - Poland","article_published_time":"2024-01-08T13:58:18+00:00","article_modified_time":"2024-01-08T15:50:14+00:00","og_image":[{"width":1280,"height":720,"url":"https:\/\/d2p6e6u75xmxt8.cloudfront.net\/5\/2024\/01\/SCSV2-4717_FOTO-v1.webp","type":"image\/webp"}],"author":"rafal","twitter_card":"summary_large_image","twitter_misc":{"Written by":"Bartosz Huzarski","Est. reading time":"5"},"schema":{"@context":"https:\/\/schema.org","@graph":[{"@type":"WebPage","@id":"https:\/\/www.welovecycling.com\/pl\/2024\/01\/08\/pasmo-rowerowe-olbrzymy\/","url":"https:\/\/www.welovecycling.com\/pl\/2024\/01\/08\/pasmo-rowerowe-olbrzymy\/","name":"Pasmo Rowerowe Olbrzymy - \u0160koda We Love Cycling - Poland","isPartOf":{"@id":"https:\/\/www.welovecycling.com\/pl\/#website"},"primaryImageOfPage":{"@id":"https:\/\/www.welovecycling.com\/pl\/2024\/01\/08\/pasmo-rowerowe-olbrzymy\/#primaryimage"},"image":{"@id":"https:\/\/www.welovecycling.com\/pl\/2024\/01\/08\/pasmo-rowerowe-olbrzymy\/#primaryimage"},"thumbnailUrl":"https:\/\/d2p6e6u75xmxt8.cloudfront.net\/5\/2024\/01\/SCSV2-4717_FOTO-v1.webp","datePublished":"2024-01-08T13:58:18+00:00","dateModified":"2024-01-08T15:50:14+00:00","author":{"@id":"https:\/\/www.welovecycling.com\/pl\/#\/schema\/person\/bf06ed916a1ef16618807fb60d2ebe42"},"breadcrumb":{"@id":"https:\/\/www.welovecycling.com\/pl\/2024\/01\/08\/pasmo-rowerowe-olbrzymy\/#breadcrumb"},"inLanguage":"pl-PL","potentialAction":[{"@type":"ReadAction","target":["https:\/\/www.welovecycling.com\/pl\/2024\/01\/08\/pasmo-rowerowe-olbrzymy\/"]}]},{"@type":"ImageObject","inLanguage":"pl-PL","@id":"https:\/\/www.welovecycling.com\/pl\/2024\/01\/08\/pasmo-rowerowe-olbrzymy\/#primaryimage","url":"https:\/\/d2p6e6u75xmxt8.cloudfront.net\/5\/2024\/01\/SCSV2-4717_FOTO-v1.webp","contentUrl":"https:\/\/d2p6e6u75xmxt8.cloudfront.net\/5\/2024\/01\/SCSV2-4717_FOTO-v1.webp","width":1280,"height":720},{"@type":"BreadcrumbList","@id":"https:\/\/www.welovecycling.com\/pl\/2024\/01\/08\/pasmo-rowerowe-olbrzymy\/#breadcrumb","itemListElement":[{"@type":"ListItem","position":1,"name":"Home","item":"https:\/\/www.welovecycling.com\/pl\/"},{"@type":"ListItem","position":2,"name":"Pasmo Rowerowe Olbrzymy"}]},{"@type":"WebSite","@id":"https:\/\/www.welovecycling.com\/pl\/#website","url":"https:\/\/www.welovecycling.com\/pl\/","name":"\u0160koda We Love Cycling - Poland","description":"","potentialAction":[{"@type":"SearchAction","target":{"@type":"EntryPoint","urlTemplate":"https:\/\/www.welovecycling.com\/pl\/?s={search_term_string}"},"query-input":{"@type":"PropertyValueSpecification","valueRequired":true,"valueName":"search_term_string"}}],"inLanguage":"pl-PL"},{"@type":"Person","@id":"https:\/\/www.welovecycling.com\/pl\/#\/schema\/person\/bf06ed916a1ef16618807fb60d2ebe42","name":"rafal","image":{"@type":"ImageObject","inLanguage":"pl-PL","@id":"https:\/\/www.welovecycling.com\/pl\/#\/schema\/person\/image\/","url":"https:\/\/secure.gravatar.com\/avatar\/203f240e63bee214f6f3a0dacbeb600c7829c09716c2b9ee3230c6961debcde2?s=96&d=mm&r=g","contentUrl":"https:\/\/secure.gravatar.com\/avatar\/203f240e63bee214f6f3a0dacbeb600c7829c09716c2b9ee3230c6961debcde2?s=96&d=mm&r=g","caption":"rafal"},"url":"https:\/\/www.welovecycling.com\/pl\/author\/rafal\/"}]}},"_links":{"self":[{"href":"https:\/\/www.welovecycling.com\/pl\/wp-json\/wp\/v2\/posts\/14433","targetHints":{"allow":["GET"]}}],"collection":[{"href":"https:\/\/www.welovecycling.com\/pl\/wp-json\/wp\/v2\/posts"}],"about":[{"href":"https:\/\/www.welovecycling.com\/pl\/wp-json\/wp\/v2\/types\/post"}],"author":[{"embeddable":true,"href":"https:\/\/www.welovecycling.com\/pl\/wp-json\/wp\/v2\/users\/153"}],"replies":[{"embeddable":true,"href":"https:\/\/www.welovecycling.com\/pl\/wp-json\/wp\/v2\/comments?post=14433"}],"version-history":[{"count":4,"href":"https:\/\/www.welovecycling.com\/pl\/wp-json\/wp\/v2\/posts\/14433\/revisions"}],"predecessor-version":[{"id":14469,"href":"https:\/\/www.welovecycling.com\/pl\/wp-json\/wp\/v2\/posts\/14433\/revisions\/14469"}],"wp:featuredmedia":[{"embeddable":true,"href":"https:\/\/www.welovecycling.com\/pl\/wp-json\/wp\/v2\/media\/14464"}],"wp:attachment":[{"href":"https:\/\/www.welovecycling.com\/pl\/wp-json\/wp\/v2\/media?parent=14433"}],"wp:term":[{"taxonomy":"category","embeddable":true,"href":"https:\/\/www.welovecycling.com\/pl\/wp-json\/wp\/v2\/categories?post=14433"},{"taxonomy":"post_tag","embeddable":true,"href":"https:\/\/www.welovecycling.com\/pl\/wp-json\/wp\/v2\/tags?post=14433"},{"taxonomy":"global-categories","embeddable":true,"href":"https:\/\/www.welovecycling.com\/pl\/wp-json\/wp\/v2\/global-categories?post=14433"}],"curies":[{"name":"wp","href":"https:\/\/api.w.org\/{rel}","templated":true}]}}