{"id":14423,"date":"2023-12-18T09:47:11","date_gmt":"2023-12-18T09:47:11","guid":{"rendered":"https:\/\/www.welovecycling.com\/pl\/?p=14423"},"modified":"2023-12-18T09:47:11","modified_gmt":"2023-12-18T09:47:11","slug":"to-byl-jej-rok-katarzyna-niewiadoma-z-wielkimi-planami","status":"publish","type":"post","link":"https:\/\/www.welovecycling.com\/pl\/2023\/12\/18\/to-byl-jej-rok-katarzyna-niewiadoma-z-wielkimi-planami\/","title":{"rendered":"To by\u0142 jej rok! Katarzyna Niewiadoma z wielkimi planami"},"content":{"rendered":"<p><strong>Je\u015bli nie najlepszy, to na pewno jeden z najlepszych. Katarzyna Niewiadoma ma za sob\u0105 \u015bwietny sezon i mocno rozbudzi\u0142a apetyt przed igrzyskami olimpijskimi w Pary\u017cu oraz kolejnym Tour de France Femmes. \u2013 Chc\u0119 wygra\u0107 medal lub zgarn\u0105\u0107 etap Wielkiej P\u0119tli \u2013 powiedzia\u0142a 29-letnia zawodniczka.<\/strong><\/p>\n<p>Katarzyna Niewiadoma od lat nale\u017cy do \u015bcis\u0142ej czo\u0142\u00f3wki zawodniczek na \u015bwiecie. Ju\u017c dziesi\u0119\u0107 lat temu namierzyli j\u0105 \u0142owcy talent\u00f3w i od tamtej pory nie schodzi z zawodowej sceny kolarskiej.<\/p>\n<p>W tym roku b\u0142yszcza\u0142a jednak wyj\u0105tkowo. Tour de Romandie, Itzulia Women, Tour de Suisse, Amstel Gold \u2013 w tych wy\u015bcigach Polka stawa\u0142a na podium lub w jego okolicach, ale prawdziwy popisa\u0142 da\u0142a podczas Tour de France Femmes.<\/p>\n<p><span style=\"font-size: 14pt;\"><strong>\u201eTo by\u0142o moje marzenie\u201d<\/strong><\/span><\/p>\n<p>Wielka P\u0119tla kobiet z roku na rok cieszy si\u0119 coraz wi\u0119ksz\u0105 popularno\u015bci\u0105, wi\u0119c zawodniczki przygotowuj\u0105 si\u0119 do niej w specjalny spos\u00f3b. Na powa\u017cnie do sprawy podesz\u0142a te\u017c Polka i po \u015bwietnym wyst\u0119pie zaj\u0119\u0142a trzecie miejsce w klasyfikacji generalnej oraz wygra\u0142a klasyfikacj\u0119 g\u00f3rsk\u0105.<\/p>\n<div class=\"embed-controller-wrapper\">\n<blockquote class=\"twitter-tweet\" data-width=\"500\" data-dnt=\"true\">\n<p lang=\"fr\" dir=\"ltr\">\u26aa\ufe0f\ud83d\udd34 RT &amp; follow pour tenter de gagner un maillot \u00e0 pois d\u00e9dicac\u00e9 par\u00a0Katarzyna Niewiadoma\u00a0avec <a href=\"https:\/\/twitter.com\/SANTINI_SMS?ref_src=twsrc%5Etfw\">@SANTINI_SMS<\/a><\/p>\n<p>\u26aa\ufe0f\ud83d\udd34 RT &amp; follow for the chance to win a\u00a0<a href=\"https:\/\/twitter.com\/KNiewiadoma?ref_src=twsrc%5Etfw\">@KNiewiadoma<\/a>\u00a0signed polka dot jersey with <a href=\"https:\/\/twitter.com\/SANTINI_SMS?ref_src=twsrc%5Etfw\">@SANTINI_SMS<\/a><a href=\"https:\/\/twitter.com\/hashtag\/TDFF2023?src=hash&amp;ref_src=twsrc%5Etfw\">#TDFF2023<\/a> <a href=\"https:\/\/twitter.com\/hashtag\/WatchTheFemmes?src=hash&amp;ref_src=twsrc%5Etfw\">#WatchTheFemmes<\/a> <a href=\"https:\/\/t.co\/1AxjVSHnjW\">pic.twitter.com\/1AxjVSHnjW<\/a><\/p>\n<p>&mdash; Maillot \u00e0 Pois E.Leclerc (@maillotapois) <a href=\"https:\/\/twitter.com\/maillotapois\/status\/1685721894463410177?ref_src=twsrc%5Etfw\">July 30, 2023<\/a><\/p><\/blockquote>\n<p><script async data-src=\"https:\/\/platform.twitter.com\/widgets.js\" charset=\"utf-8\"><\/script><\/div>\n<p>\u2013 To by\u0142o moje marzenie, trudno mi uwierzy\u0107 w ten wynik. Jestem bardzo, bardzo szcz\u0119\u015bliwa. Miejsce w czo\u0142owej tr\u00f3jce by\u0142o moim celem. Nie zawsze udaje si\u0119 osi\u0105gn\u0105\u0107 to, co sobie zaplanuj\u0119. Tym razem jednak dopi\u0119\u0142am swego \u2013 podkre\u015bla\u0142a zawodniczka Canyon\/\/SRAM Racing.<\/p>\n<p><span style=\"font-size: 14pt;\"><strong>Upragnione mistrzostwo \u015bwiata<\/strong><\/span><\/p>\n<p>Ju\u017c ten wyst\u0119p wystarczy\u0142by do uznania sezonu za udany, ale Niewiadoma ani my\u015bla\u0142a o odpoczynku, tylko szuka\u0142a kolejnych wyzwa\u0144. Na pocz\u0105tku pa\u017adziernika stan\u0119\u0142a na starcie mistrzostw \u015bwiata w gravelach. Na morderczej trasie w\u0142oskiego Veneto spisa\u0142a si\u0119 \u015bwietnie \u2013 zostawi\u0142a konkurentki w tyle i zdoby\u0142a z\u0142oty medal.<\/p>\n<p>https:\/\/www.instagram.com\/p\/CyGpPvat1_q\/<\/p>\n<p>\u2013 To moja pierwsza t\u0119czowa koszulka, jestem taka szcz\u0119\u015bliwa! Nie mog\u0119 znale\u017a\u0107 s\u0142\u00f3w, by to opisa\u0107. Po tak d\u0142ugim czasie bez wygranej ten triumf smakuje wyj\u0105tkowo \u2013 cieszy\u0142a si\u0119 po wy\u015bcigu.<\/p>\n<p>W rozmowie z TVP Sport doda\u0142a: \u2013 Miniony sezon by\u0142 bardzo udany, szczeg\u00f3lnie ostatnie miesi\u0105ce by\u0142y super. Wszystkie moje przygotowania posz\u0142y zgodnie z planem, wi\u0119c bardzo si\u0119 ciesz\u0119. Bycie mistrzyni\u0105 jest wspania\u0142e.<\/p>\n<p>https:\/\/www.instagram.com\/p\/CyNjQWpIeej\/?hl=pl<\/p>\n<p><span style=\"font-size: 14pt;\"><strong>Szczeg\u00f3lny dzie\u0144 2023 roku<\/strong><\/span><\/p>\n<p>Jak si\u0119 jednak okazuje, szczeg\u00f3lnym dniem, kt\u00f3ry na lata pozostanie w pami\u0119ci kolarki z Limanowej, b\u0119dzie 29 lipca, gdy zaj\u0119\u0142a drugie miejsce podczas si\u00f3dmego etapu Tour de France Femmes.<\/p>\n<p>\u2013 Wjecha\u0142y\u015bmy wtedy na Col du Tourmalet, a to by\u0142 bardzo ci\u0119\u017cki etap. Na szczycie wiedzia\u0142am, \u017ce da\u0142am z siebie wszystko, a wynik by\u0142 super. Na miejscu byli moi przyjaciele oraz narzeczony, to by\u0142 niezapomniany moment \u2013 przyzna\u0142a Niewiadoma.<\/p>\n<div class=\"embed-controller-wrapper\">\n<blockquote class=\"twitter-tweet\" data-width=\"500\" data-dnt=\"true\">\n<p lang=\"fr\" dir=\"ltr\">\ud83d\udd19 Throwback on what was a great Grand D\u00e9part in Clermont-Ferrand! <\/p>\n<p>\ud83d\udd19 Retour en images sur ce qui a \u00e9t\u00e9 un grand d\u00e9part \u00e0 Clermont-Ferrand ! <a href=\"https:\/\/twitter.com\/hashtag\/TDFF2023?src=hash&amp;ref_src=twsrc%5Etfw\">#TDFF2023<\/a> <a href=\"https:\/\/twitter.com\/hashtag\/WatchTheFemmes?src=hash&amp;ref_src=twsrc%5Etfw\">#WatchTheFemmes<\/a> <a href=\"https:\/\/twitter.com\/GoZwift?ref_src=twsrc%5Etfw\">@GoZwift<\/a> <a href=\"https:\/\/t.co\/KX4Jf75n4L\">pic.twitter.com\/KX4Jf75n4L<\/a><\/p>\n<p>&mdash; Le Tour de France Femmes avec Zwift (@LeTourFemmes) <a href=\"https:\/\/twitter.com\/LeTourFemmes\/status\/1687448306853593091?ref_src=twsrc%5Etfw\">August 4, 2023<\/a><\/p><\/blockquote>\n<p><script async data-src=\"https:\/\/platform.twitter.com\/widgets.js\" charset=\"utf-8\"><\/script><\/div>\n<p>\u015awietne wyniki oraz sta\u0142e miejsce w czo\u0142\u00f3wce \u015bwiatowego kolarstwa sprawi\u0142y, \u017ce Niewiadoma mocno rozbudzi\u0142a apetyty przed kolejnym sezonem. A rok 2024 b\u0119dzie szczeg\u00f3lny, poniewa\u017c zawodniczki i zawodnicy rywalizuj\u0105 o medale igrzysk olimpijskich w Pary\u017cu.<\/p>\n<p>\u2013 Mam nadziej\u0119, \u017ce w pierwszej cz\u0119\u015bci sezonu wygram jeden z klasyk\u00f3w, na kt\u00f3rych mi bardzo zale\u017cy, a w drugiej cz\u0119\u015bci b\u0119d\u0119 przygotowywa\u0142a si\u0119 do igrzysk olimpijskich oraz Tour de France. Licz\u0119, \u017ce wakacje zaczn\u0119 w dobrym stylu, wygrywaj\u0105c jaki\u015b etap Wielkiej P\u0119tli czy medal igrzysk. To moje marzenie, ale ka\u017cda zawodniczka skupia si\u0119 na tym, by przyjecha\u0107 do Pary\u017ca w dobrej formie \u2013 przyzna\u0142a Niewiadoma.<\/p>\n<p>Zawodniczki i zawodnicy o medale olimpijskie w kolarstwie szosowym b\u0119d\u0105 walczy\u0107 na prze\u0142omie lipca i sierpnia. Z kolei Tour de France Femmes odb\u0119dzie si\u0119 w dniach 12\u201318 sierpnia.<\/p>\n<p><span data-sheets-value=\"{&quot;1&quot;:2,&quot;2&quot;:&quot;Artyku\u0142 powsta\u0142 we wsp\u00f3\u0142pracy ze skoda-auto.pl&quot;}\" data-sheets-userformat=\"{&quot;2&quot;:1,&quot;3&quot;:{&quot;1&quot;:0}}\" data-sheets-hyperlink=\"http:\/\/www.skoda-auto.pl\/\"><a class=\"in-cell-link\" href=\"http:\/\/www.skoda-auto.pl\/\" target=\"_blank\" rel=\"noopener noreferrer\">Artyku\u0142 powsta\u0142 we wsp\u00f3\u0142pracy ze skoda-auto.pl<\/a><\/span><\/p>\n<p><img decoding=\"async\" src=\"https:\/\/d2p6e6u75xmxt8.cloudfront.net\/5\/2030\/11\/2.webp\" \/><\/p>\n","protected":false},"excerpt":{"rendered":"<p>Je\u015bli nie najlepszy, to na pewno jeden z najlepszych. Katarzyna Niewiadoma ma za sob\u0105 \u015bwietny sezon i mocno rozbudzi\u0142a apetyt [&hellip;]<\/p>\n","protected":false},"author":153,"featured_media":14424,"comment_status":"open","ping_status":"open","sticky":false,"template":"","format":"standard","meta":{"footnotes":""},"categories":[407],"tags":[369,151,191,404,406],"global-categories":[303],"class_list":["post-14423","post","type-post","status-publish","format-standard","has-post-thumbnail","hentry","category-kasia-niewiadoma","tag-kasia-niewiadoma","tag-kolarstwo-szosowe","tag-skoda","tag-skodapolska","tag-tour-de-france-femmes","global-categories-cycling"],"yoast_head":"<!-- This site is optimized with the Yoast SEO Premium plugin v25.3 (Yoast SEO v25.9) - https:\/\/yoast.com\/wordpress\/plugins\/seo\/ -->\n<title>To by\u0142 jej rok! Katarzyna Niewiadoma z wielkimi planami - \u0160koda We Love Cycling - Poland<\/title>\n<meta name=\"robots\" content=\"index, follow, max-snippet:-1, max-image-preview:large, max-video-preview:-1\" \/>\n<link rel=\"canonical\" href=\"https:\/\/www.welovecycling.com\/pl\/2023\/12\/18\/to-byl-jej-rok-katarzyna-niewiadoma-z-wielkimi-planami\/\" \/>\n<meta property=\"og:locale\" content=\"pl_PL\" \/>\n<meta property=\"og:type\" content=\"article\" \/>\n<meta property=\"og:title\" content=\"To by\u0142 jej rok! Katarzyna Niewiadoma z wielkimi planami\" \/>\n<meta property=\"og:description\" content=\"Je\u015bli nie najlepszy, to na pewno jeden z najlepszych. Katarzyna Niewiadoma ma za sob\u0105 \u015bwietny sezon i mocno rozbudzi\u0142a apetyt [&hellip;]\" \/>\n<meta property=\"og:url\" content=\"https:\/\/www.welovecycling.com\/pl\/2023\/12\/18\/to-byl-jej-rok-katarzyna-niewiadoma-z-wielkimi-planami\/\" \/>\n<meta property=\"og:site_name\" content=\"\u0160koda We Love Cycling - Poland\" \/>\n<meta property=\"article:published_time\" content=\"2023-12-18T09:47:11+00:00\" \/>\n<meta property=\"og:image\" content=\"https:\/\/d2p6e6u75xmxt8.cloudfront.net\/5\/2023\/12\/To-byl-jej-rok-Katarzyna-Niewiadoma-z-wielkimi-planami.webp\" \/>\n\t<meta property=\"og:image:width\" content=\"990\" \/>\n\t<meta property=\"og:image:height\" content=\"660\" \/>\n\t<meta property=\"og:image:type\" content=\"image\/webp\" \/>\n<meta name=\"author\" content=\"rafal\" \/>\n<meta name=\"twitter:card\" content=\"summary_large_image\" \/>\n<meta name=\"twitter:label1\" content=\"Written by\" \/>\n\t<meta name=\"twitter:data1\" content=\"Piotr Nowik\" \/>\n\t<meta name=\"twitter:label2\" content=\"Est. reading time\" \/>\n\t<meta name=\"twitter:data2\" content=\"5\" \/>\n<script type=\"application\/ld+json\" class=\"yoast-schema-graph\">{\"@context\":\"https:\/\/schema.org\",\"@graph\":[{\"@type\":\"WebPage\",\"@id\":\"https:\/\/www.welovecycling.com\/pl\/2023\/12\/18\/to-byl-jej-rok-katarzyna-niewiadoma-z-wielkimi-planami\/\",\"url\":\"https:\/\/www.welovecycling.com\/pl\/2023\/12\/18\/to-byl-jej-rok-katarzyna-niewiadoma-z-wielkimi-planami\/\",\"name\":\"To by\u0142 jej rok! Katarzyna Niewiadoma z wielkimi planami - \u0160koda We Love Cycling - Poland\",\"isPartOf\":{\"@id\":\"https:\/\/www.welovecycling.com\/pl\/#website\"},\"primaryImageOfPage\":{\"@id\":\"https:\/\/www.welovecycling.com\/pl\/2023\/12\/18\/to-byl-jej-rok-katarzyna-niewiadoma-z-wielkimi-planami\/#primaryimage\"},\"image\":{\"@id\":\"https:\/\/www.welovecycling.com\/pl\/2023\/12\/18\/to-byl-jej-rok-katarzyna-niewiadoma-z-wielkimi-planami\/#primaryimage\"},\"thumbnailUrl\":\"https:\/\/d2p6e6u75xmxt8.cloudfront.net\/5\/2023\/12\/To-byl-jej-rok-Katarzyna-Niewiadoma-z-wielkimi-planami.webp\",\"datePublished\":\"2023-12-18T09:47:11+00:00\",\"author\":{\"@id\":\"https:\/\/www.welovecycling.com\/pl\/#\/schema\/person\/bf06ed916a1ef16618807fb60d2ebe42\"},\"breadcrumb\":{\"@id\":\"https:\/\/www.welovecycling.com\/pl\/2023\/12\/18\/to-byl-jej-rok-katarzyna-niewiadoma-z-wielkimi-planami\/#breadcrumb\"},\"inLanguage\":\"pl-PL\",\"potentialAction\":[{\"@type\":\"ReadAction\",\"target\":[\"https:\/\/www.welovecycling.com\/pl\/2023\/12\/18\/to-byl-jej-rok-katarzyna-niewiadoma-z-wielkimi-planami\/\"]}]},{\"@type\":\"ImageObject\",\"inLanguage\":\"pl-PL\",\"@id\":\"https:\/\/www.welovecycling.com\/pl\/2023\/12\/18\/to-byl-jej-rok-katarzyna-niewiadoma-z-wielkimi-planami\/#primaryimage\",\"url\":\"https:\/\/d2p6e6u75xmxt8.cloudfront.net\/5\/2023\/12\/To-byl-jej-rok-Katarzyna-Niewiadoma-z-wielkimi-planami.webp\",\"contentUrl\":\"https:\/\/d2p6e6u75xmxt8.cloudfront.net\/5\/2023\/12\/To-byl-jej-rok-Katarzyna-Niewiadoma-z-wielkimi-planami.webp\",\"width\":990,\"height\":660},{\"@type\":\"BreadcrumbList\",\"@id\":\"https:\/\/www.welovecycling.com\/pl\/2023\/12\/18\/to-byl-jej-rok-katarzyna-niewiadoma-z-wielkimi-planami\/#breadcrumb\",\"itemListElement\":[{\"@type\":\"ListItem\",\"position\":1,\"name\":\"Home\",\"item\":\"https:\/\/www.welovecycling.com\/pl\/\"},{\"@type\":\"ListItem\",\"position\":2,\"name\":\"To by\u0142 jej rok! Katarzyna Niewiadoma z wielkimi planami\"}]},{\"@type\":\"WebSite\",\"@id\":\"https:\/\/www.welovecycling.com\/pl\/#website\",\"url\":\"https:\/\/www.welovecycling.com\/pl\/\",\"name\":\"\u0160koda We Love Cycling - Poland\",\"description\":\"\",\"potentialAction\":[{\"@type\":\"SearchAction\",\"target\":{\"@type\":\"EntryPoint\",\"urlTemplate\":\"https:\/\/www.welovecycling.com\/pl\/?s={search_term_string}\"},\"query-input\":{\"@type\":\"PropertyValueSpecification\",\"valueRequired\":true,\"valueName\":\"search_term_string\"}}],\"inLanguage\":\"pl-PL\"},{\"@type\":\"Person\",\"@id\":\"https:\/\/www.welovecycling.com\/pl\/#\/schema\/person\/bf06ed916a1ef16618807fb60d2ebe42\",\"name\":\"rafal\",\"image\":{\"@type\":\"ImageObject\",\"inLanguage\":\"pl-PL\",\"@id\":\"https:\/\/www.welovecycling.com\/pl\/#\/schema\/person\/image\/\",\"url\":\"https:\/\/secure.gravatar.com\/avatar\/203f240e63bee214f6f3a0dacbeb600c7829c09716c2b9ee3230c6961debcde2?s=96&d=mm&r=g\",\"contentUrl\":\"https:\/\/secure.gravatar.com\/avatar\/203f240e63bee214f6f3a0dacbeb600c7829c09716c2b9ee3230c6961debcde2?s=96&d=mm&r=g\",\"caption\":\"rafal\"},\"url\":\"https:\/\/www.welovecycling.com\/pl\/author\/rafal\/\"}]}<\/script>\n<!-- \/ Yoast SEO Premium plugin. -->","yoast_head_json":{"title":"To by\u0142 jej rok! Katarzyna Niewiadoma z wielkimi planami - \u0160koda We Love Cycling - Poland","robots":{"index":"index","follow":"follow","max-snippet":"max-snippet:-1","max-image-preview":"max-image-preview:large","max-video-preview":"max-video-preview:-1"},"canonical":"https:\/\/www.welovecycling.com\/pl\/2023\/12\/18\/to-byl-jej-rok-katarzyna-niewiadoma-z-wielkimi-planami\/","og_locale":"pl_PL","og_type":"article","og_title":"To by\u0142 jej rok! Katarzyna Niewiadoma z wielkimi planami","og_description":"Je\u015bli nie najlepszy, to na pewno jeden z najlepszych. Katarzyna Niewiadoma ma za sob\u0105 \u015bwietny sezon i mocno rozbudzi\u0142a apetyt [&hellip;]","og_url":"https:\/\/www.welovecycling.com\/pl\/2023\/12\/18\/to-byl-jej-rok-katarzyna-niewiadoma-z-wielkimi-planami\/","og_site_name":"\u0160koda We Love Cycling - Poland","article_published_time":"2023-12-18T09:47:11+00:00","og_image":[{"width":990,"height":660,"url":"https:\/\/d2p6e6u75xmxt8.cloudfront.net\/5\/2023\/12\/To-byl-jej-rok-Katarzyna-Niewiadoma-z-wielkimi-planami.webp","type":"image\/webp"}],"author":"rafal","twitter_card":"summary_large_image","twitter_misc":{"Written by":"Piotr Nowik","Est. reading time":"5"},"schema":{"@context":"https:\/\/schema.org","@graph":[{"@type":"WebPage","@id":"https:\/\/www.welovecycling.com\/pl\/2023\/12\/18\/to-byl-jej-rok-katarzyna-niewiadoma-z-wielkimi-planami\/","url":"https:\/\/www.welovecycling.com\/pl\/2023\/12\/18\/to-byl-jej-rok-katarzyna-niewiadoma-z-wielkimi-planami\/","name":"To by\u0142 jej rok! Katarzyna Niewiadoma z wielkimi planami - \u0160koda We Love Cycling - Poland","isPartOf":{"@id":"https:\/\/www.welovecycling.com\/pl\/#website"},"primaryImageOfPage":{"@id":"https:\/\/www.welovecycling.com\/pl\/2023\/12\/18\/to-byl-jej-rok-katarzyna-niewiadoma-z-wielkimi-planami\/#primaryimage"},"image":{"@id":"https:\/\/www.welovecycling.com\/pl\/2023\/12\/18\/to-byl-jej-rok-katarzyna-niewiadoma-z-wielkimi-planami\/#primaryimage"},"thumbnailUrl":"https:\/\/d2p6e6u75xmxt8.cloudfront.net\/5\/2023\/12\/To-byl-jej-rok-Katarzyna-Niewiadoma-z-wielkimi-planami.webp","datePublished":"2023-12-18T09:47:11+00:00","author":{"@id":"https:\/\/www.welovecycling.com\/pl\/#\/schema\/person\/bf06ed916a1ef16618807fb60d2ebe42"},"breadcrumb":{"@id":"https:\/\/www.welovecycling.com\/pl\/2023\/12\/18\/to-byl-jej-rok-katarzyna-niewiadoma-z-wielkimi-planami\/#breadcrumb"},"inLanguage":"pl-PL","potentialAction":[{"@type":"ReadAction","target":["https:\/\/www.welovecycling.com\/pl\/2023\/12\/18\/to-byl-jej-rok-katarzyna-niewiadoma-z-wielkimi-planami\/"]}]},{"@type":"ImageObject","inLanguage":"pl-PL","@id":"https:\/\/www.welovecycling.com\/pl\/2023\/12\/18\/to-byl-jej-rok-katarzyna-niewiadoma-z-wielkimi-planami\/#primaryimage","url":"https:\/\/d2p6e6u75xmxt8.cloudfront.net\/5\/2023\/12\/To-byl-jej-rok-Katarzyna-Niewiadoma-z-wielkimi-planami.webp","contentUrl":"https:\/\/d2p6e6u75xmxt8.cloudfront.net\/5\/2023\/12\/To-byl-jej-rok-Katarzyna-Niewiadoma-z-wielkimi-planami.webp","width":990,"height":660},{"@type":"BreadcrumbList","@id":"https:\/\/www.welovecycling.com\/pl\/2023\/12\/18\/to-byl-jej-rok-katarzyna-niewiadoma-z-wielkimi-planami\/#breadcrumb","itemListElement":[{"@type":"ListItem","position":1,"name":"Home","item":"https:\/\/www.welovecycling.com\/pl\/"},{"@type":"ListItem","position":2,"name":"To by\u0142 jej rok! Katarzyna Niewiadoma z wielkimi planami"}]},{"@type":"WebSite","@id":"https:\/\/www.welovecycling.com\/pl\/#website","url":"https:\/\/www.welovecycling.com\/pl\/","name":"\u0160koda We Love Cycling - Poland","description":"","potentialAction":[{"@type":"SearchAction","target":{"@type":"EntryPoint","urlTemplate":"https:\/\/www.welovecycling.com\/pl\/?s={search_term_string}"},"query-input":{"@type":"PropertyValueSpecification","valueRequired":true,"valueName":"search_term_string"}}],"inLanguage":"pl-PL"},{"@type":"Person","@id":"https:\/\/www.welovecycling.com\/pl\/#\/schema\/person\/bf06ed916a1ef16618807fb60d2ebe42","name":"rafal","image":{"@type":"ImageObject","inLanguage":"pl-PL","@id":"https:\/\/www.welovecycling.com\/pl\/#\/schema\/person\/image\/","url":"https:\/\/secure.gravatar.com\/avatar\/203f240e63bee214f6f3a0dacbeb600c7829c09716c2b9ee3230c6961debcde2?s=96&d=mm&r=g","contentUrl":"https:\/\/secure.gravatar.com\/avatar\/203f240e63bee214f6f3a0dacbeb600c7829c09716c2b9ee3230c6961debcde2?s=96&d=mm&r=g","caption":"rafal"},"url":"https:\/\/www.welovecycling.com\/pl\/author\/rafal\/"}]}},"_links":{"self":[{"href":"https:\/\/www.welovecycling.com\/pl\/wp-json\/wp\/v2\/posts\/14423","targetHints":{"allow":["GET"]}}],"collection":[{"href":"https:\/\/www.welovecycling.com\/pl\/wp-json\/wp\/v2\/posts"}],"about":[{"href":"https:\/\/www.welovecycling.com\/pl\/wp-json\/wp\/v2\/types\/post"}],"author":[{"embeddable":true,"href":"https:\/\/www.welovecycling.com\/pl\/wp-json\/wp\/v2\/users\/153"}],"replies":[{"embeddable":true,"href":"https:\/\/www.welovecycling.com\/pl\/wp-json\/wp\/v2\/comments?post=14423"}],"version-history":[{"count":2,"href":"https:\/\/www.welovecycling.com\/pl\/wp-json\/wp\/v2\/posts\/14423\/revisions"}],"predecessor-version":[{"id":14426,"href":"https:\/\/www.welovecycling.com\/pl\/wp-json\/wp\/v2\/posts\/14423\/revisions\/14426"}],"wp:featuredmedia":[{"embeddable":true,"href":"https:\/\/www.welovecycling.com\/pl\/wp-json\/wp\/v2\/media\/14424"}],"wp:attachment":[{"href":"https:\/\/www.welovecycling.com\/pl\/wp-json\/wp\/v2\/media?parent=14423"}],"wp:term":[{"taxonomy":"category","embeddable":true,"href":"https:\/\/www.welovecycling.com\/pl\/wp-json\/wp\/v2\/categories?post=14423"},{"taxonomy":"post_tag","embeddable":true,"href":"https:\/\/www.welovecycling.com\/pl\/wp-json\/wp\/v2\/tags?post=14423"},{"taxonomy":"global-categories","embeddable":true,"href":"https:\/\/www.welovecycling.com\/pl\/wp-json\/wp\/v2\/global-categories?post=14423"}],"curies":[{"name":"wp","href":"https:\/\/api.w.org\/{rel}","templated":true}]}}