{"id":14417,"date":"2023-12-15T14:31:51","date_gmt":"2023-12-15T14:31:51","guid":{"rendered":"https:\/\/www.welovecycling.com\/pl\/?p=14417"},"modified":"2023-12-15T14:31:51","modified_gmt":"2023-12-15T14:31:51","slug":"jak-pokonac-strach-przed-niepogoda","status":"publish","type":"post","link":"https:\/\/www.welovecycling.com\/pl\/2023\/12\/15\/jak-pokonac-strach-przed-niepogoda\/","title":{"rendered":"Jak pokona\u0107 strach przed niepogod\u0105?"},"content":{"rendered":"<p><strong>Z\u0142a pogoda mo\u017ce by\u0107 wrogiem jazdy na rowerze \u2013 ale tylko wtedy, gdy si\u0119 jej obawiasz. Pierwszym krokiem do uzyskania komfortu jazdy w z\u0142ych warunkach pogodowych jest upewnienie si\u0119, \u017ce masz przy sobie odpowiedni sprz\u0119t i wiesz, na co zwraca\u0107 uwag\u0119. Om\u00f3wmy kilka podstaw.<\/strong><\/p>\n<p><span style=\"font-size: 14pt;\"><strong>Nie spiesz si\u0119<\/strong><\/span><\/p>\n<p>Je\u015bli masz z\u0142e wspomnienia z jazdy na rowerze przy z\u0142ej pogodzie lub po prostu nie masz pewno\u015bci, jak sobie z tym poradzisz, najlepiej jest zacz\u0105\u0107 powoli. Mo\u017cesz spr\u00f3bowa\u0107 poje\u017adzi\u0107 w lekkim deszczu i stopniowo przechodzi\u0107 do trudniejszych warunk\u00f3w. Warto tak\u017ce porozmawia\u0107 z innymi rowerzystami, kt\u00f3rym ufasz, o swoim strachu przed z\u0142\u0105 pogod\u0105. Mog\u0105 udzieli\u0107 Ci wsparcia i rady, a tak\u017ce pom\u00f3c spojrze\u0107 na sytuacj\u0119 z innej perspektywy.<\/p>\n<p><span style=\"font-size: 14pt;\"><strong>Przygotuj si\u0119 na to, o czym wiesz<\/strong><\/span><\/p>\n<p>Nadej\u015bcie niepogody zmienia charakterystyk\u0119 jazdy na rowerze. Nie oznacza to zagro\u017cenia \u2013 po prostu musisz dostosowa\u0107 si\u0119 do nowej sytuacji.<\/p>\n<p><strong>Pami\u0119taj o drodze hamowania:<\/strong> z\u0142a pogoda oznacza mokr\u0105 nawierzchni\u0119, a wi\u0119c d\u0142u\u017csz\u0105 drog\u0119 hamowania. Pogarsza si\u0119 przyczepno\u015b\u0107, a skuteczno\u015b\u0107 hamulc\u00f3w maleje, nawet je\u015bli masz hamulce tarczowe. Zachowaj szczeg\u00f3ln\u0105 ostro\u017cno\u015b\u0107 w pobli\u017cu mokrej farby drogowej, mokrej stali (czyli szyn tramwajowych czy kolejowych) i mokrych li\u015bci, poniewa\u017c s\u0105 najbardziej \u015bliskie.<\/p>\n<p><strong>Utrzymuj odpowiedni\u0105 temperatur\u0119 cia\u0142a:<\/strong> przy z\u0142ej pogodzie odpowiednia odzie\u017c jest niezb\u0119dna. Kurtka przeciwdeszczowa jest konieczno\u015bci\u0105. Chroni przed wod\u0105, pomaga utrzyma\u0107 ciep\u0142o i zabezpiecza przed wiatrem.<\/p>\n<p><strong>Uwa\u017caj na wy\u0142adowania atmosferyczne:<\/strong> warto wiedzie\u0107, \u017ce opony rowerowe nie ochroni\u0105 przed piorunami. Ich energia jest po prostu zbyt wysoka, a powierzchnia zbyt ma\u0142a, aby zapewni\u0107 izolacj\u0119. Je\u015bli czujesz, \u017ce zbli\u017ca si\u0119 burza z piorunami, najlepiej poszukaj schronienia w solidnym budynku lub pod mostem.<\/p>\n<p><a href=\"https:\/\/d2p6e6u75xmxt8.cloudfront.net\/5\/2023\/12\/Jak-pokonac-strach-przed-niepogoda-2.webp\"><img loading=\"lazy\" decoding=\"async\" class=\"alignnone size-full wp-image-14418\" src=\"https:\/\/d2p6e6u75xmxt8.cloudfront.net\/5\/2023\/12\/Jak-pokonac-strach-przed-niepogoda-2.webp\" alt=\"\" width=\"1000\" height=\"666\" srcset=\"https:\/\/d2p6e6u75xmxt8.cloudfront.net\/5\/2023\/12\/Jak-pokonac-strach-przed-niepogoda-2.webp 1000w, https:\/\/d2p6e6u75xmxt8.cloudfront.net\/5\/2023\/12\/Jak-pokonac-strach-przed-niepogoda-2-300x200.webp 300w, https:\/\/d2p6e6u75xmxt8.cloudfront.net\/5\/2023\/12\/Jak-pokonac-strach-przed-niepogoda-2-768x511.webp 768w, https:\/\/d2p6e6u75xmxt8.cloudfront.net\/5\/2023\/12\/Jak-pokonac-strach-przed-niepogoda-2-400x266.webp 400w, https:\/\/d2p6e6u75xmxt8.cloudfront.net\/5\/2023\/12\/Jak-pokonac-strach-przed-niepogoda-2-272x182.webp 272w\" sizes=\"auto, (max-width: 1000px) 100vw, 1000px\" \/><\/a><\/p>\n<p><span style=\"font-size: 14pt;\"><strong>Przygotuj si\u0119 na pogorszenie sytuacji<\/strong><\/span><\/p>\n<p>Prowadzi nas to do kolejnego strachu, kt\u00f3ry rowerzy\u015bci cz\u0119sto odczuwaj\u0105 w zwi\u0105zku ze z\u0142\u0105 pogod\u0105: obawy przed utkni\u0119ciem gdzie\u015b daleko od domu. Mo\u017cna tego unikn\u0105\u0107, odpowiednio planuj\u0105c tras\u0119 z uwzgl\u0119dnieniem prognozy pogody. Podczas jazdy z dala od domu, zw\u0142aszcza gdy prawdopodobne jest pogorszenie warunk\u00f3w atmosferycznych, nale\u017cy zabra\u0107 ze sob\u0105 telefon, aby m\u00f3c wezwa\u0107 pomoc. Dobrym nawykiem jest r\u00f3wnie\u017c poinformowanie kogo\u015b, dok\u0105d zmierzasz i na jak d\u0142ugo.<\/p>\n<p>Drugim najcz\u0119stszym powodem, dla kt\u00f3rego rowerzy\u015bci musz\u0105 zaprzesta\u0107 jazdy z dala od domu, s\u0105 usterki mechaniczne. Brak umiej\u0119tno\u015bci radzenia sobie z awariami mo\u017ce znacznie nasili\u0107 l\u0119ki. Aby sobie z tym poradzi\u0107, nale\u017cy mie\u0107 przy sobie narz\u0119dzia i nauczy\u0107 si\u0119 naprawia\u0107 najcz\u0119\u015bciej wyst\u0119puj\u0105ce usterki.<\/p>\n<p><strong>Naprawa przebitej opony:<\/strong> pami\u0119taj o zabraniu ze sob\u0105 zapasowej d\u0119tki, \u0142y\u017cki do opon i czego\u015b do napompowania ko\u0142a (naboje CO2 s\u0105 lekkie i wygodne, ale pompki mo\u017cna u\u017cywa\u0107 wielokrotnie). Najlepiej by\u0142oby po\u0107wiczy\u0107 naprawianie przebitej opony w domu.<\/p>\n<p><strong>Naprawa zerwanego \u0142a\u0144cucha<\/strong>: zerwanie \u0142a\u0144cucha zdarza si\u0119 rzadko, ale brzmi jak prawdziwa katastrofa, je\u015bli nie mo\u017cna liczy\u0107 na niczyj\u0105 pomoc. Na szcz\u0119\u015bcie \u0142atwo go naprawi\u0107. Potrzebujesz narz\u0119dzia wielofunkcyjnego z przecinakiem do \u0142a\u0144cucha, aby usun\u0105\u0107 uszkodzone ogniwo, a tak\u017ce spinki, aby szybko po\u0142\u0105czy\u0107 ko\u0144ce bez narz\u0119dzi. Mo\u017ce si\u0119 to okaza\u0107 niezb\u0119dnym element wyposa\u017cenia podczas d\u0142u\u017cszych wycieczek.<\/p>\n<p>Dzi\u0119ki odpowiedniemu sprz\u0119towi, narz\u0119dziom i umiej\u0119tno\u015bciom mo\u017cesz przezwyci\u0119\u017cy\u0107 swoje obawy i nabra\u0107 pewno\u015bci siebie podczas jazdy na rowerze niezale\u017cnie od pogody i odleg\u0142o\u015bci od domu.<\/p>\n<p><span data-sheets-value=\"{&quot;1&quot;:2,&quot;2&quot;:&quot;Artyku\u0142 powsta\u0142 we wsp\u00f3\u0142pracy ze skoda-auto.pl&quot;}\" data-sheets-userformat=\"{&quot;2&quot;:1,&quot;3&quot;:{&quot;1&quot;:0}}\" data-sheets-hyperlink=\"http:\/\/www.skoda-auto.pl\/\"><a class=\"in-cell-link\" href=\"http:\/\/www.skoda-auto.pl\/\" target=\"_blank\" rel=\"noopener noreferrer\">Artyku\u0142 powsta\u0142 we wsp\u00f3\u0142pracy ze skoda-auto.pl<\/a><\/span><\/p>\n<p><img decoding=\"async\" src=\"https:\/\/d2p6e6u75xmxt8.cloudfront.net\/5\/2030\/11\/3.webp\" \/><\/p>\n","protected":false},"excerpt":{"rendered":"<p>Z\u0142a pogoda mo\u017ce by\u0107 wrogiem jazdy na rowerze \u2013 ale tylko wtedy, gdy si\u0119 jej obawiasz. Pierwszym krokiem do uzyskania [&hellip;]<\/p>\n","protected":false},"author":153,"featured_media":14419,"comment_status":"open","ping_status":"open","sticky":false,"template":"","format":"standard","meta":{"footnotes":""},"categories":[4],"tags":[191,404,16,123],"global-categories":[303],"class_list":["post-14417","post","type-post","status-publish","format-standard","has-post-thumbnail","hentry","category-zdrowie-i-trening","tag-skoda","tag-skodapolska","tag-zdrowie","tag-zdrowie-i-trening","global-categories-cycling"],"yoast_head":"<!-- This site is optimized with the Yoast SEO Premium plugin v25.3 (Yoast SEO v25.9) - https:\/\/yoast.com\/wordpress\/plugins\/seo\/ -->\n<title>Jak pokona\u0107 strach przed niepogod\u0105? - \u0160koda We Love Cycling - Poland<\/title>\n<meta name=\"robots\" content=\"index, follow, max-snippet:-1, max-image-preview:large, max-video-preview:-1\" \/>\n<link rel=\"canonical\" href=\"https:\/\/www.welovecycling.com\/pl\/2023\/12\/15\/jak-pokonac-strach-przed-niepogoda\/\" \/>\n<meta property=\"og:locale\" content=\"pl_PL\" \/>\n<meta property=\"og:type\" content=\"article\" \/>\n<meta property=\"og:title\" content=\"Jak pokona\u0107 strach przed niepogod\u0105?\" \/>\n<meta property=\"og:description\" content=\"Z\u0142a pogoda mo\u017ce by\u0107 wrogiem jazdy na rowerze \u2013 ale tylko wtedy, gdy si\u0119 jej obawiasz. Pierwszym krokiem do uzyskania [&hellip;]\" \/>\n<meta property=\"og:url\" content=\"https:\/\/www.welovecycling.com\/pl\/2023\/12\/15\/jak-pokonac-strach-przed-niepogoda\/\" \/>\n<meta property=\"og:site_name\" content=\"\u0160koda We Love Cycling - Poland\" \/>\n<meta property=\"article:published_time\" content=\"2023-12-15T14:31:51+00:00\" \/>\n<meta property=\"og:image\" content=\"https:\/\/d2p6e6u75xmxt8.cloudfront.net\/5\/2023\/12\/Jak-pokonac-strach-przed-niepogoda-1.webp\" \/>\n\t<meta property=\"og:image:width\" content=\"900\" \/>\n\t<meta property=\"og:image:height\" content=\"600\" \/>\n\t<meta property=\"og:image:type\" content=\"image\/webp\" \/>\n<meta name=\"author\" content=\"rafal\" \/>\n<meta name=\"twitter:card\" content=\"summary_large_image\" \/>\n<meta name=\"twitter:label1\" content=\"Written by\" \/>\n\t<meta name=\"twitter:data1\" content=\"Jiri Kaloc\" \/>\n\t<meta name=\"twitter:label2\" content=\"Est. reading time\" \/>\n\t<meta name=\"twitter:data2\" content=\"3\" \/>\n<script type=\"application\/ld+json\" class=\"yoast-schema-graph\">{\"@context\":\"https:\/\/schema.org\",\"@graph\":[{\"@type\":\"WebPage\",\"@id\":\"https:\/\/www.welovecycling.com\/pl\/2023\/12\/15\/jak-pokonac-strach-przed-niepogoda\/\",\"url\":\"https:\/\/www.welovecycling.com\/pl\/2023\/12\/15\/jak-pokonac-strach-przed-niepogoda\/\",\"name\":\"Jak pokona\u0107 strach przed niepogod\u0105? - \u0160koda We Love Cycling - Poland\",\"isPartOf\":{\"@id\":\"https:\/\/www.welovecycling.com\/pl\/#website\"},\"primaryImageOfPage\":{\"@id\":\"https:\/\/www.welovecycling.com\/pl\/2023\/12\/15\/jak-pokonac-strach-przed-niepogoda\/#primaryimage\"},\"image\":{\"@id\":\"https:\/\/www.welovecycling.com\/pl\/2023\/12\/15\/jak-pokonac-strach-przed-niepogoda\/#primaryimage\"},\"thumbnailUrl\":\"https:\/\/d2p6e6u75xmxt8.cloudfront.net\/5\/2023\/12\/Jak-pokonac-strach-przed-niepogoda-1.webp\",\"datePublished\":\"2023-12-15T14:31:51+00:00\",\"author\":{\"@id\":\"https:\/\/www.welovecycling.com\/pl\/#\/schema\/person\/bf06ed916a1ef16618807fb60d2ebe42\"},\"breadcrumb\":{\"@id\":\"https:\/\/www.welovecycling.com\/pl\/2023\/12\/15\/jak-pokonac-strach-przed-niepogoda\/#breadcrumb\"},\"inLanguage\":\"pl-PL\",\"potentialAction\":[{\"@type\":\"ReadAction\",\"target\":[\"https:\/\/www.welovecycling.com\/pl\/2023\/12\/15\/jak-pokonac-strach-przed-niepogoda\/\"]}]},{\"@type\":\"ImageObject\",\"inLanguage\":\"pl-PL\",\"@id\":\"https:\/\/www.welovecycling.com\/pl\/2023\/12\/15\/jak-pokonac-strach-przed-niepogoda\/#primaryimage\",\"url\":\"https:\/\/d2p6e6u75xmxt8.cloudfront.net\/5\/2023\/12\/Jak-pokonac-strach-przed-niepogoda-1.webp\",\"contentUrl\":\"https:\/\/d2p6e6u75xmxt8.cloudfront.net\/5\/2023\/12\/Jak-pokonac-strach-przed-niepogoda-1.webp\",\"width\":900,\"height\":600},{\"@type\":\"BreadcrumbList\",\"@id\":\"https:\/\/www.welovecycling.com\/pl\/2023\/12\/15\/jak-pokonac-strach-przed-niepogoda\/#breadcrumb\",\"itemListElement\":[{\"@type\":\"ListItem\",\"position\":1,\"name\":\"Home\",\"item\":\"https:\/\/www.welovecycling.com\/pl\/\"},{\"@type\":\"ListItem\",\"position\":2,\"name\":\"Jak pokona\u0107 strach przed niepogod\u0105?\"}]},{\"@type\":\"WebSite\",\"@id\":\"https:\/\/www.welovecycling.com\/pl\/#website\",\"url\":\"https:\/\/www.welovecycling.com\/pl\/\",\"name\":\"\u0160koda We Love Cycling - Poland\",\"description\":\"\",\"potentialAction\":[{\"@type\":\"SearchAction\",\"target\":{\"@type\":\"EntryPoint\",\"urlTemplate\":\"https:\/\/www.welovecycling.com\/pl\/?s={search_term_string}\"},\"query-input\":{\"@type\":\"PropertyValueSpecification\",\"valueRequired\":true,\"valueName\":\"search_term_string\"}}],\"inLanguage\":\"pl-PL\"},{\"@type\":\"Person\",\"@id\":\"https:\/\/www.welovecycling.com\/pl\/#\/schema\/person\/bf06ed916a1ef16618807fb60d2ebe42\",\"name\":\"rafal\",\"image\":{\"@type\":\"ImageObject\",\"inLanguage\":\"pl-PL\",\"@id\":\"https:\/\/www.welovecycling.com\/pl\/#\/schema\/person\/image\/\",\"url\":\"https:\/\/secure.gravatar.com\/avatar\/203f240e63bee214f6f3a0dacbeb600c7829c09716c2b9ee3230c6961debcde2?s=96&d=mm&r=g\",\"contentUrl\":\"https:\/\/secure.gravatar.com\/avatar\/203f240e63bee214f6f3a0dacbeb600c7829c09716c2b9ee3230c6961debcde2?s=96&d=mm&r=g\",\"caption\":\"rafal\"},\"url\":\"https:\/\/www.welovecycling.com\/pl\/author\/rafal\/\"}]}<\/script>\n<!-- \/ Yoast SEO Premium plugin. -->","yoast_head_json":{"title":"Jak pokona\u0107 strach przed niepogod\u0105? - \u0160koda We Love Cycling - Poland","robots":{"index":"index","follow":"follow","max-snippet":"max-snippet:-1","max-image-preview":"max-image-preview:large","max-video-preview":"max-video-preview:-1"},"canonical":"https:\/\/www.welovecycling.com\/pl\/2023\/12\/15\/jak-pokonac-strach-przed-niepogoda\/","og_locale":"pl_PL","og_type":"article","og_title":"Jak pokona\u0107 strach przed niepogod\u0105?","og_description":"Z\u0142a pogoda mo\u017ce by\u0107 wrogiem jazdy na rowerze \u2013 ale tylko wtedy, gdy si\u0119 jej obawiasz. Pierwszym krokiem do uzyskania [&hellip;]","og_url":"https:\/\/www.welovecycling.com\/pl\/2023\/12\/15\/jak-pokonac-strach-przed-niepogoda\/","og_site_name":"\u0160koda We Love Cycling - Poland","article_published_time":"2023-12-15T14:31:51+00:00","og_image":[{"width":900,"height":600,"url":"https:\/\/d2p6e6u75xmxt8.cloudfront.net\/5\/2023\/12\/Jak-pokonac-strach-przed-niepogoda-1.webp","type":"image\/webp"}],"author":"rafal","twitter_card":"summary_large_image","twitter_misc":{"Written by":"Jiri Kaloc","Est. reading time":"3"},"schema":{"@context":"https:\/\/schema.org","@graph":[{"@type":"WebPage","@id":"https:\/\/www.welovecycling.com\/pl\/2023\/12\/15\/jak-pokonac-strach-przed-niepogoda\/","url":"https:\/\/www.welovecycling.com\/pl\/2023\/12\/15\/jak-pokonac-strach-przed-niepogoda\/","name":"Jak pokona\u0107 strach przed niepogod\u0105? - \u0160koda We Love Cycling - Poland","isPartOf":{"@id":"https:\/\/www.welovecycling.com\/pl\/#website"},"primaryImageOfPage":{"@id":"https:\/\/www.welovecycling.com\/pl\/2023\/12\/15\/jak-pokonac-strach-przed-niepogoda\/#primaryimage"},"image":{"@id":"https:\/\/www.welovecycling.com\/pl\/2023\/12\/15\/jak-pokonac-strach-przed-niepogoda\/#primaryimage"},"thumbnailUrl":"https:\/\/d2p6e6u75xmxt8.cloudfront.net\/5\/2023\/12\/Jak-pokonac-strach-przed-niepogoda-1.webp","datePublished":"2023-12-15T14:31:51+00:00","author":{"@id":"https:\/\/www.welovecycling.com\/pl\/#\/schema\/person\/bf06ed916a1ef16618807fb60d2ebe42"},"breadcrumb":{"@id":"https:\/\/www.welovecycling.com\/pl\/2023\/12\/15\/jak-pokonac-strach-przed-niepogoda\/#breadcrumb"},"inLanguage":"pl-PL","potentialAction":[{"@type":"ReadAction","target":["https:\/\/www.welovecycling.com\/pl\/2023\/12\/15\/jak-pokonac-strach-przed-niepogoda\/"]}]},{"@type":"ImageObject","inLanguage":"pl-PL","@id":"https:\/\/www.welovecycling.com\/pl\/2023\/12\/15\/jak-pokonac-strach-przed-niepogoda\/#primaryimage","url":"https:\/\/d2p6e6u75xmxt8.cloudfront.net\/5\/2023\/12\/Jak-pokonac-strach-przed-niepogoda-1.webp","contentUrl":"https:\/\/d2p6e6u75xmxt8.cloudfront.net\/5\/2023\/12\/Jak-pokonac-strach-przed-niepogoda-1.webp","width":900,"height":600},{"@type":"BreadcrumbList","@id":"https:\/\/www.welovecycling.com\/pl\/2023\/12\/15\/jak-pokonac-strach-przed-niepogoda\/#breadcrumb","itemListElement":[{"@type":"ListItem","position":1,"name":"Home","item":"https:\/\/www.welovecycling.com\/pl\/"},{"@type":"ListItem","position":2,"name":"Jak pokona\u0107 strach przed niepogod\u0105?"}]},{"@type":"WebSite","@id":"https:\/\/www.welovecycling.com\/pl\/#website","url":"https:\/\/www.welovecycling.com\/pl\/","name":"\u0160koda We Love Cycling - Poland","description":"","potentialAction":[{"@type":"SearchAction","target":{"@type":"EntryPoint","urlTemplate":"https:\/\/www.welovecycling.com\/pl\/?s={search_term_string}"},"query-input":{"@type":"PropertyValueSpecification","valueRequired":true,"valueName":"search_term_string"}}],"inLanguage":"pl-PL"},{"@type":"Person","@id":"https:\/\/www.welovecycling.com\/pl\/#\/schema\/person\/bf06ed916a1ef16618807fb60d2ebe42","name":"rafal","image":{"@type":"ImageObject","inLanguage":"pl-PL","@id":"https:\/\/www.welovecycling.com\/pl\/#\/schema\/person\/image\/","url":"https:\/\/secure.gravatar.com\/avatar\/203f240e63bee214f6f3a0dacbeb600c7829c09716c2b9ee3230c6961debcde2?s=96&d=mm&r=g","contentUrl":"https:\/\/secure.gravatar.com\/avatar\/203f240e63bee214f6f3a0dacbeb600c7829c09716c2b9ee3230c6961debcde2?s=96&d=mm&r=g","caption":"rafal"},"url":"https:\/\/www.welovecycling.com\/pl\/author\/rafal\/"}]}},"_links":{"self":[{"href":"https:\/\/www.welovecycling.com\/pl\/wp-json\/wp\/v2\/posts\/14417","targetHints":{"allow":["GET"]}}],"collection":[{"href":"https:\/\/www.welovecycling.com\/pl\/wp-json\/wp\/v2\/posts"}],"about":[{"href":"https:\/\/www.welovecycling.com\/pl\/wp-json\/wp\/v2\/types\/post"}],"author":[{"embeddable":true,"href":"https:\/\/www.welovecycling.com\/pl\/wp-json\/wp\/v2\/users\/153"}],"replies":[{"embeddable":true,"href":"https:\/\/www.welovecycling.com\/pl\/wp-json\/wp\/v2\/comments?post=14417"}],"version-history":[{"count":1,"href":"https:\/\/www.welovecycling.com\/pl\/wp-json\/wp\/v2\/posts\/14417\/revisions"}],"predecessor-version":[{"id":14420,"href":"https:\/\/www.welovecycling.com\/pl\/wp-json\/wp\/v2\/posts\/14417\/revisions\/14420"}],"wp:featuredmedia":[{"embeddable":true,"href":"https:\/\/www.welovecycling.com\/pl\/wp-json\/wp\/v2\/media\/14419"}],"wp:attachment":[{"href":"https:\/\/www.welovecycling.com\/pl\/wp-json\/wp\/v2\/media?parent=14417"}],"wp:term":[{"taxonomy":"category","embeddable":true,"href":"https:\/\/www.welovecycling.com\/pl\/wp-json\/wp\/v2\/categories?post=14417"},{"taxonomy":"post_tag","embeddable":true,"href":"https:\/\/www.welovecycling.com\/pl\/wp-json\/wp\/v2\/tags?post=14417"},{"taxonomy":"global-categories","embeddable":true,"href":"https:\/\/www.welovecycling.com\/pl\/wp-json\/wp\/v2\/global-categories?post=14417"}],"curies":[{"name":"wp","href":"https:\/\/api.w.org\/{rel}","templated":true}]}}