{"id":1441,"date":"2016-07-18T11:45:52","date_gmt":"2016-07-18T11:45:52","guid":{"rendered":"http:\/\/skoda-rowery.pl\/?p=1441"},"modified":"2016-12-05T08:47:49","modified_gmt":"2016-12-05T08:47:49","slug":"globtroter-hera-van-willick","status":"publish","type":"post","link":"https:\/\/www.welovecycling.com\/pl\/2016\/07\/18\/globtroter-hera-van-willick\/","title":{"rendered":"Globtroter: Hera van Willick"},"content":{"rendered":"<p style=\"text-align: justify\">Wi\u0119kszo\u015b\u0107 kolarzy mo\u017ce powiedzie\u0107 co\u015b na temat rozczarowania towarzysz\u0105cego powrotom z wyprawy rowerowej. Cz\u0142owiek t\u0119skni za specyficznym rytmem drogi<em>\u2014<\/em> je\u015b\u0107, peda\u0142owa\u0107, zwiedza\u0107, je\u015b\u0107, spa\u0107, powt\u00f3rzy\u0107<em>\u2014<\/em> trudno nie t\u0119skni\u0107 za dreszczykiem emocji, gdy wraca normalne \u017cycie. Dla niekt\u00f3rych rozwi\u0105zaniem jest po prostu rozpocz\u0119cie planowania przysz\u0142orocznego wyjazdu. Ale dla Hery van Willick odpowiedzi\u0105 by\u0142o zrobienie z tego sposobu na \u017cycie. Byli\u015bmy pod wielkim wra\u017ceniem jej osi\u0105gni\u0119\u0107, kiedy m\u00f3wi\u0142a o 28 granicach pa\u0144stw, kt\u00f3re przekroczy\u0142a podczas ostatniej podr\u00f3\u017cy.<!--more--><\/p>\n<p style=\"text-align: justify\">Ta 30-letnia pasjonatka jazdy na rowerze by\u0142a ju\u017c ekspertem w zakresie kilkudniowych wycieczek, a teraz planowa\u0142a przej\u015b\u0107 na nast\u0119pny poziom. Odkrywszy pragnienie, kt\u00f3re j\u0105 poch\u0142on\u0119\u0142o, uwolni\u0142o i stanowi\u0142o wyzwanie, Hera rozpocz\u0119\u0142a planowanie przygody \u017cycia. Troch\u0119 nietypowo jak na m\u0142od\u0105 kobiet\u0119 z ma\u0142ej holenderskiej miejscowo\u015bci, zdecydowa\u0142a, \u017ce wycieczki rowerowe po Europie po prostu jej ju\u017c nie kr\u0119c\u0105, i \u017ce zamierza dotrze\u0107 a\u017c do Chin.<\/p>\n<p style=\"text-align: justify\">\n<p style=\"text-align: justify\">Podr\u00f3\u017c Hery rozpocz\u0119\u0142a si\u0119 przy jej drzwiach wyj\u015bciowych w Tilburgu, gdzie odwa\u017cnie rozpocz\u0119\u0142a przygod\u0119 na tych samych dw\u00f3ch k\u00f3\u0142kach, kt\u00f3re przenios\u0142y j\u0105 przez 28 granic pa\u0144stwowych. Ka\u017cdy, kto kiedykolwiek zdecydowa\u0142 si\u0119 na jak\u0105\u015b przygod\u0119 rowerow\u0105 rozumie, \u017ce konieczne jest przygotowanie. Gdy jeste\u015b tylko ty i tw\u00f3j rower, nale\u017cy bra\u0107 pod uwag\u0119 ka\u017cdy szczeg\u00f3\u0142. Warunki pogodowe i drogowe s\u0105 zawsze niepewne, nie m\u00f3wi\u0105c ju\u017c o du\u017cych barierach emocjonalnych i psychologicznych, kt\u00f3re trzeba przezwyci\u0119\u017cy\u0107. Czy dam rad\u0119? Czy podo\u0142am?<\/p>\n<p style=\"text-align: justify\"><img loading=\"lazy\" decoding=\"async\" class=\"alignnone size-large wp-image-1443\" src=\"http:\/\/skoda-rowery.pl\/wp-content\/uploads\/2016\/07\/13412074_839945029471172_7202896286814998061_o-1024x522.jpg\" alt=\"13412074_839945029471172_7202896286814998061_o\" width=\"1024\" height=\"522\" srcset=\"https:\/\/d2p6e6u75xmxt8.cloudfront.net\/5\/2016\/07\/13412074_839945029471172_7202896286814998061_o-1024x522.jpg 1024w, https:\/\/d2p6e6u75xmxt8.cloudfront.net\/5\/2016\/07\/13412074_839945029471172_7202896286814998061_o-300x153.jpg 300w, https:\/\/d2p6e6u75xmxt8.cloudfront.net\/5\/2016\/07\/13412074_839945029471172_7202896286814998061_o-768x392.jpg 768w, https:\/\/d2p6e6u75xmxt8.cloudfront.net\/5\/2016\/07\/13412074_839945029471172_7202896286814998061_o.jpg 2048w\" sizes=\"auto, (max-width: 1024px) 100vw, 1024px\" \/><\/p>\n<p style=\"text-align: justify\">Pokonuj\u0105c te obawy i w\u0105tpliwo\u015bci, Hera nie pozwoli\u0142a, by powstrzyma\u0142y j\u0105 przed realizacj\u0105 marze\u0144. Nie id\u0105c na kompromisy, znalaz\u0142a w sobie si\u0142\u0119 i wybra\u0142a si\u0119 samotnie w podr\u00f3\u017c dooko\u0142a \u015bwiata na rowerze. Przy maksymalnym bud\u017cecie 10 dolar\u00f3w dziennie Hera zostawi\u0142a za sob\u0105 wszelkie udogodnienia i luksusy. Przejecha\u0142a przez prawie 30 kraj\u00f3w, przez ca\u0142\u0105 Azj\u0119 Po\u0142udniowo-Wschodni\u0105, przez Chiny do Europy, przemierzaj\u0105c \u0142\u0105czn\u0105 tras\u0119 oko\u0142o 16,5 tys. kilometr\u00f3w i wreszcie wr\u00f3ci\u0142a do domu po 415 dniach drogi.<\/p>\n<p style=\"text-align: justify\">Je\u015bli m\u00f3wimy o transformacji, jak\u0105 mo\u017ce wywo\u0142a\u0107 kolarstwo, to Hera znalaz\u0142a nowy cel dzi\u0119ki swojej mi\u0142o\u015bci do jazdy. To nie tylko jeden z najbardziej ekologicznych sposob\u00f3w podr\u00f3\u017cowania. Jej podr\u00f3\u017c pokazuje tak\u017ce ch\u0119\u0107 dotarcia do spo\u0142eczno\u015bci i wzmocnienia wiary w dobro\u0107 i hojno\u015b\u0107 obcych ludzi. Tylko maj\u0105c wielk\u0105 ufno\u015b\u0107 do siebie i innych cz\u0142owiek jest zdolny zdecydowa\u0107 si\u0119 na tak\u0105 przygod\u0119.<\/p>\n<p style=\"text-align: justify\"><img loading=\"lazy\" decoding=\"async\" class=\"alignnone size-large wp-image-1444\" src=\"http:\/\/skoda-rowery.pl\/wp-content\/uploads\/2016\/07\/12961430_810558045743204_5372184328796766484_o-1024x683.jpg\" alt=\"12961430_810558045743204_5372184328796766484_o\" width=\"1024\" height=\"683\" srcset=\"https:\/\/d2p6e6u75xmxt8.cloudfront.net\/5\/2016\/07\/12961430_810558045743204_5372184328796766484_o-1024x683.jpg 1024w, https:\/\/d2p6e6u75xmxt8.cloudfront.net\/5\/2016\/07\/12961430_810558045743204_5372184328796766484_o-300x200.jpg 300w, https:\/\/d2p6e6u75xmxt8.cloudfront.net\/5\/2016\/07\/12961430_810558045743204_5372184328796766484_o-768x512.jpg 768w, https:\/\/d2p6e6u75xmxt8.cloudfront.net\/5\/2016\/07\/12961430_810558045743204_5372184328796766484_o-272x182.jpg 272w, https:\/\/d2p6e6u75xmxt8.cloudfront.net\/5\/2016\/07\/12961430_810558045743204_5372184328796766484_o.jpg 2048w\" sizes=\"auto, (max-width: 1024px) 100vw, 1024px\" \/><\/p>\n<p style=\"text-align: justify\">Hera odkry\u0142a, \u017ce jej pionierska postawa by\u0142a zara\u017aliwa, co skutkowa\u0142o entuzjastycznym przyj\u0119ciem przez napotkanych po drodze ludzi. Ludzie inspirowali si\u0119 i byli pod wra\u017ceniem jej odwagi i determinacji, cz\u0119sto zapraszaj\u0105c j\u0105 do pozostania z nimi lub sp\u0119dzenia nocy na ich podw\u00f3rku czy w ogrodzie. Nie znaczy to, \u017ce czasem si\u0119 nie ba\u0142a, ale zdecydowanie jest ona kobiet\u0105, kt\u00f3ra rozumie, \u017ce nic, co w \u017cyciu naprawd\u0119 warto robi\u0107 nie jest \u0142atwe. Realizuj\u0105c swoj\u0105 pasj\u0119, wyruszy\u0142a ju\u017c na kolejn\u0105 wypraw\u0119. Rozpocz\u0119\u0142a j\u0105 na Islandii, a teraz jest ju\u017c na Alasce i planuje podr\u00f3\u017ce po Kanadzie i USA, opowiadaj\u0105c swoj\u0105 inspiruj\u0105c\u0105 histori\u0119 a\u017c do granicy z Meksykiem. A czy Ty masz do\u015bwiadczenia kolarskie, kt\u00f3re zmieni\u0142y Twoje \u017cycie?<\/p>\n<p style=\"text-align: justify\"><strong>\u0141\u0105czy nas kolarska pasja! \u0160koda nap\u0119dza Tour de France.<\/strong><\/p>\n<p style=\"text-align: justify\">\n<p style=\"text-align: justify\">\n","protected":false},"excerpt":{"rendered":"<p>Wi\u0119kszo\u015b\u0107 kolarzy mo\u017ce powiedzie\u0107 co\u015b na temat rozczarowania towarzysz\u0105cego powrotom z wyprawy rowerowej. Cz\u0142owiek t\u0119skni za specyficznym rytmem drogi\u2014 je\u015b\u0107, [&hellip;]<\/p>\n","protected":false},"author":1,"featured_media":1442,"comment_status":"open","ping_status":"closed","sticky":false,"template":"","format":"standard","meta":{"footnotes":""},"categories":[1],"tags":[77],"global-categories":[],"class_list":["post-1441","post","type-post","status-publish","format-standard","has-post-thumbnail","hentry","category-uncategorized","tag-tour-de-france"],"yoast_head":"<!-- This site is optimized with the Yoast SEO Premium plugin v25.3 (Yoast SEO v25.9) - https:\/\/yoast.com\/wordpress\/plugins\/seo\/ -->\n<title>Globtroter: Hera van Willick - \u0160koda We Love Cycling - Poland<\/title>\n<meta name=\"robots\" content=\"index, follow, max-snippet:-1, max-image-preview:large, max-video-preview:-1\" \/>\n<link rel=\"canonical\" href=\"https:\/\/www.welovecycling.com\/pl\/2016\/07\/18\/globtroter-hera-van-willick\/\" \/>\n<meta property=\"og:locale\" content=\"pl_PL\" \/>\n<meta property=\"og:type\" content=\"article\" \/>\n<meta property=\"og:title\" content=\"Globtroter: Hera van Willick\" \/>\n<meta property=\"og:description\" content=\"Wi\u0119kszo\u015b\u0107 kolarzy mo\u017ce powiedzie\u0107 co\u015b na temat rozczarowania towarzysz\u0105cego powrotom z wyprawy rowerowej. Cz\u0142owiek t\u0119skni za specyficznym rytmem drogi\u2014 je\u015b\u0107, [&hellip;]\" \/>\n<meta property=\"og:url\" content=\"https:\/\/www.welovecycling.com\/pl\/2016\/07\/18\/globtroter-hera-van-willick\/\" \/>\n<meta property=\"og:site_name\" content=\"\u0160koda We Love Cycling - Poland\" \/>\n<meta property=\"article:published_time\" content=\"2016-07-18T11:45:52+00:00\" \/>\n<meta property=\"article:modified_time\" content=\"2016-12-05T08:47:49+00:00\" \/>\n<meta property=\"og:image\" content=\"https:\/\/d2p6e6u75xmxt8.cloudfront.net\/5\/2016\/07\/12027183_727335977398745_1557037850494519098_o.jpg\" \/>\n\t<meta property=\"og:image:width\" content=\"2048\" \/>\n\t<meta property=\"og:image:height\" content=\"1363\" \/>\n\t<meta property=\"og:image:type\" content=\"image\/jpeg\" \/>\n<meta name=\"author\" content=\"WeLoveCycling\" \/>\n<meta name=\"twitter:card\" content=\"summary_large_image\" \/>\n<meta name=\"twitter:label1\" content=\"Written by\" \/>\n\t<meta name=\"twitter:data1\" content=\"WeLoveCycling\" \/>\n\t<meta name=\"twitter:label2\" content=\"Est. reading time\" \/>\n\t<meta name=\"twitter:data2\" content=\"3 minutes\" \/>\n<script type=\"application\/ld+json\" class=\"yoast-schema-graph\">{\"@context\":\"https:\/\/schema.org\",\"@graph\":[{\"@type\":\"WebPage\",\"@id\":\"https:\/\/www.welovecycling.com\/pl\/2016\/07\/18\/globtroter-hera-van-willick\/\",\"url\":\"https:\/\/www.welovecycling.com\/pl\/2016\/07\/18\/globtroter-hera-van-willick\/\",\"name\":\"Globtroter: Hera van Willick - \u0160koda We Love Cycling - Poland\",\"isPartOf\":{\"@id\":\"https:\/\/www.welovecycling.com\/pl\/#website\"},\"primaryImageOfPage\":{\"@id\":\"https:\/\/www.welovecycling.com\/pl\/2016\/07\/18\/globtroter-hera-van-willick\/#primaryimage\"},\"image\":{\"@id\":\"https:\/\/www.welovecycling.com\/pl\/2016\/07\/18\/globtroter-hera-van-willick\/#primaryimage\"},\"thumbnailUrl\":\"https:\/\/d2p6e6u75xmxt8.cloudfront.net\/5\/2016\/07\/12027183_727335977398745_1557037850494519098_o.jpg\",\"datePublished\":\"2016-07-18T11:45:52+00:00\",\"dateModified\":\"2016-12-05T08:47:49+00:00\",\"author\":{\"@id\":\"https:\/\/www.welovecycling.com\/pl\/#\/schema\/person\/e5187c9cac8dd619ebc7b41bd73c2fd9\"},\"breadcrumb\":{\"@id\":\"https:\/\/www.welovecycling.com\/pl\/2016\/07\/18\/globtroter-hera-van-willick\/#breadcrumb\"},\"inLanguage\":\"pl-PL\",\"potentialAction\":[{\"@type\":\"ReadAction\",\"target\":[\"https:\/\/www.welovecycling.com\/pl\/2016\/07\/18\/globtroter-hera-van-willick\/\"]}]},{\"@type\":\"ImageObject\",\"inLanguage\":\"pl-PL\",\"@id\":\"https:\/\/www.welovecycling.com\/pl\/2016\/07\/18\/globtroter-hera-van-willick\/#primaryimage\",\"url\":\"https:\/\/d2p6e6u75xmxt8.cloudfront.net\/5\/2016\/07\/12027183_727335977398745_1557037850494519098_o.jpg\",\"contentUrl\":\"https:\/\/d2p6e6u75xmxt8.cloudfront.net\/5\/2016\/07\/12027183_727335977398745_1557037850494519098_o.jpg\",\"width\":2048,\"height\":1363},{\"@type\":\"BreadcrumbList\",\"@id\":\"https:\/\/www.welovecycling.com\/pl\/2016\/07\/18\/globtroter-hera-van-willick\/#breadcrumb\",\"itemListElement\":[{\"@type\":\"ListItem\",\"position\":1,\"name\":\"Home\",\"item\":\"https:\/\/www.welovecycling.com\/pl\/\"},{\"@type\":\"ListItem\",\"position\":2,\"name\":\"Globtroter: Hera van Willick\"}]},{\"@type\":\"WebSite\",\"@id\":\"https:\/\/www.welovecycling.com\/pl\/#website\",\"url\":\"https:\/\/www.welovecycling.com\/pl\/\",\"name\":\"\u0160koda We Love Cycling - Poland\",\"description\":\"\",\"potentialAction\":[{\"@type\":\"SearchAction\",\"target\":{\"@type\":\"EntryPoint\",\"urlTemplate\":\"https:\/\/www.welovecycling.com\/pl\/?s={search_term_string}\"},\"query-input\":{\"@type\":\"PropertyValueSpecification\",\"valueRequired\":true,\"valueName\":\"search_term_string\"}}],\"inLanguage\":\"pl-PL\"},{\"@type\":\"Person\",\"@id\":\"https:\/\/www.welovecycling.com\/pl\/#\/schema\/person\/e5187c9cac8dd619ebc7b41bd73c2fd9\",\"name\":\"WeLoveCycling\",\"image\":{\"@type\":\"ImageObject\",\"inLanguage\":\"pl-PL\",\"@id\":\"https:\/\/www.welovecycling.com\/pl\/#\/schema\/person\/image\/\",\"url\":\"https:\/\/secure.gravatar.com\/avatar\/7e1ee0ecc5e294b19ef32b9f6086e0afbb9da00c3cb0d465ba4695331f4a9187?s=96&d=mm&r=g\",\"contentUrl\":\"https:\/\/secure.gravatar.com\/avatar\/7e1ee0ecc5e294b19ef32b9f6086e0afbb9da00c3cb0d465ba4695331f4a9187?s=96&d=mm&r=g\",\"caption\":\"WeLoveCycling\"},\"url\":\"https:\/\/www.welovecycling.com\/pl\/author\/lukascech\/\"}]}<\/script>\n<!-- \/ Yoast SEO Premium plugin. -->","yoast_head_json":{"title":"Globtroter: Hera van Willick - \u0160koda We Love Cycling - Poland","robots":{"index":"index","follow":"follow","max-snippet":"max-snippet:-1","max-image-preview":"max-image-preview:large","max-video-preview":"max-video-preview:-1"},"canonical":"https:\/\/www.welovecycling.com\/pl\/2016\/07\/18\/globtroter-hera-van-willick\/","og_locale":"pl_PL","og_type":"article","og_title":"Globtroter: Hera van Willick","og_description":"Wi\u0119kszo\u015b\u0107 kolarzy mo\u017ce powiedzie\u0107 co\u015b na temat rozczarowania towarzysz\u0105cego powrotom z wyprawy rowerowej. Cz\u0142owiek t\u0119skni za specyficznym rytmem drogi\u2014 je\u015b\u0107, [&hellip;]","og_url":"https:\/\/www.welovecycling.com\/pl\/2016\/07\/18\/globtroter-hera-van-willick\/","og_site_name":"\u0160koda We Love Cycling - Poland","article_published_time":"2016-07-18T11:45:52+00:00","article_modified_time":"2016-12-05T08:47:49+00:00","og_image":[{"width":2048,"height":1363,"url":"https:\/\/d2p6e6u75xmxt8.cloudfront.net\/5\/2016\/07\/12027183_727335977398745_1557037850494519098_o.jpg","type":"image\/jpeg"}],"author":"WeLoveCycling","twitter_card":"summary_large_image","twitter_misc":{"Written by":"WeLoveCycling","Est. reading time":"3 minutes"},"schema":{"@context":"https:\/\/schema.org","@graph":[{"@type":"WebPage","@id":"https:\/\/www.welovecycling.com\/pl\/2016\/07\/18\/globtroter-hera-van-willick\/","url":"https:\/\/www.welovecycling.com\/pl\/2016\/07\/18\/globtroter-hera-van-willick\/","name":"Globtroter: Hera van Willick - \u0160koda We Love Cycling - Poland","isPartOf":{"@id":"https:\/\/www.welovecycling.com\/pl\/#website"},"primaryImageOfPage":{"@id":"https:\/\/www.welovecycling.com\/pl\/2016\/07\/18\/globtroter-hera-van-willick\/#primaryimage"},"image":{"@id":"https:\/\/www.welovecycling.com\/pl\/2016\/07\/18\/globtroter-hera-van-willick\/#primaryimage"},"thumbnailUrl":"https:\/\/d2p6e6u75xmxt8.cloudfront.net\/5\/2016\/07\/12027183_727335977398745_1557037850494519098_o.jpg","datePublished":"2016-07-18T11:45:52+00:00","dateModified":"2016-12-05T08:47:49+00:00","author":{"@id":"https:\/\/www.welovecycling.com\/pl\/#\/schema\/person\/e5187c9cac8dd619ebc7b41bd73c2fd9"},"breadcrumb":{"@id":"https:\/\/www.welovecycling.com\/pl\/2016\/07\/18\/globtroter-hera-van-willick\/#breadcrumb"},"inLanguage":"pl-PL","potentialAction":[{"@type":"ReadAction","target":["https:\/\/www.welovecycling.com\/pl\/2016\/07\/18\/globtroter-hera-van-willick\/"]}]},{"@type":"ImageObject","inLanguage":"pl-PL","@id":"https:\/\/www.welovecycling.com\/pl\/2016\/07\/18\/globtroter-hera-van-willick\/#primaryimage","url":"https:\/\/d2p6e6u75xmxt8.cloudfront.net\/5\/2016\/07\/12027183_727335977398745_1557037850494519098_o.jpg","contentUrl":"https:\/\/d2p6e6u75xmxt8.cloudfront.net\/5\/2016\/07\/12027183_727335977398745_1557037850494519098_o.jpg","width":2048,"height":1363},{"@type":"BreadcrumbList","@id":"https:\/\/www.welovecycling.com\/pl\/2016\/07\/18\/globtroter-hera-van-willick\/#breadcrumb","itemListElement":[{"@type":"ListItem","position":1,"name":"Home","item":"https:\/\/www.welovecycling.com\/pl\/"},{"@type":"ListItem","position":2,"name":"Globtroter: Hera van Willick"}]},{"@type":"WebSite","@id":"https:\/\/www.welovecycling.com\/pl\/#website","url":"https:\/\/www.welovecycling.com\/pl\/","name":"\u0160koda We Love Cycling - Poland","description":"","potentialAction":[{"@type":"SearchAction","target":{"@type":"EntryPoint","urlTemplate":"https:\/\/www.welovecycling.com\/pl\/?s={search_term_string}"},"query-input":{"@type":"PropertyValueSpecification","valueRequired":true,"valueName":"search_term_string"}}],"inLanguage":"pl-PL"},{"@type":"Person","@id":"https:\/\/www.welovecycling.com\/pl\/#\/schema\/person\/e5187c9cac8dd619ebc7b41bd73c2fd9","name":"WeLoveCycling","image":{"@type":"ImageObject","inLanguage":"pl-PL","@id":"https:\/\/www.welovecycling.com\/pl\/#\/schema\/person\/image\/","url":"https:\/\/secure.gravatar.com\/avatar\/7e1ee0ecc5e294b19ef32b9f6086e0afbb9da00c3cb0d465ba4695331f4a9187?s=96&d=mm&r=g","contentUrl":"https:\/\/secure.gravatar.com\/avatar\/7e1ee0ecc5e294b19ef32b9f6086e0afbb9da00c3cb0d465ba4695331f4a9187?s=96&d=mm&r=g","caption":"WeLoveCycling"},"url":"https:\/\/www.welovecycling.com\/pl\/author\/lukascech\/"}]}},"_links":{"self":[{"href":"https:\/\/www.welovecycling.com\/pl\/wp-json\/wp\/v2\/posts\/1441","targetHints":{"allow":["GET"]}}],"collection":[{"href":"https:\/\/www.welovecycling.com\/pl\/wp-json\/wp\/v2\/posts"}],"about":[{"href":"https:\/\/www.welovecycling.com\/pl\/wp-json\/wp\/v2\/types\/post"}],"author":[{"embeddable":true,"href":"https:\/\/www.welovecycling.com\/pl\/wp-json\/wp\/v2\/users\/1"}],"replies":[{"embeddable":true,"href":"https:\/\/www.welovecycling.com\/pl\/wp-json\/wp\/v2\/comments?post=1441"}],"version-history":[{"count":1,"href":"https:\/\/www.welovecycling.com\/pl\/wp-json\/wp\/v2\/posts\/1441\/revisions"}],"predecessor-version":[{"id":2424,"href":"https:\/\/www.welovecycling.com\/pl\/wp-json\/wp\/v2\/posts\/1441\/revisions\/2424"}],"wp:featuredmedia":[{"embeddable":true,"href":"https:\/\/www.welovecycling.com\/pl\/wp-json\/wp\/v2\/media\/1442"}],"wp:attachment":[{"href":"https:\/\/www.welovecycling.com\/pl\/wp-json\/wp\/v2\/media?parent=1441"}],"wp:term":[{"taxonomy":"category","embeddable":true,"href":"https:\/\/www.welovecycling.com\/pl\/wp-json\/wp\/v2\/categories?post=1441"},{"taxonomy":"post_tag","embeddable":true,"href":"https:\/\/www.welovecycling.com\/pl\/wp-json\/wp\/v2\/tags?post=1441"},{"taxonomy":"global-categories","embeddable":true,"href":"https:\/\/www.welovecycling.com\/pl\/wp-json\/wp\/v2\/global-categories?post=1441"}],"curies":[{"name":"wp","href":"https:\/\/api.w.org\/{rel}","templated":true}]}}