{"id":14403,"date":"2023-12-13T09:30:14","date_gmt":"2023-12-13T09:30:14","guid":{"rendered":"https:\/\/www.welovecycling.com\/pl\/?p=14403"},"modified":"2023-12-13T09:42:44","modified_gmt":"2023-12-13T09:42:44","slug":"otmuchow-i-paczkow-na-rowerowy-weekend","status":"publish","type":"post","link":"https:\/\/www.welovecycling.com\/pl\/2023\/12\/13\/otmuchow-i-paczkow-na-rowerowy-weekend\/","title":{"rendered":"Otmuch\u00f3w i Paczk\u00f3w na rowerowy weekend"},"content":{"rendered":"<p><strong>Jeziora Otmuchowskie i Nyskie to popularny kierunek nie tylko wakacyjnych, ale te\u017c weekendowych wypad\u00f3w. Niewa\u017cne, czy chcecie wylegiwa\u0107 si\u0119 na pla\u017cy lub spacerowa\u0107 piaszczystym brzegiem, czy te\u017c wolicie zabra\u0107 rower i pozwiedza\u0107 okolic\u0119 na dw\u00f3ch k\u00f3\u0142kach \u2013 ka\u017cdy znajdzie tu co\u015b dla siebie.<\/strong><\/p>\n<p>W tym materiale zapraszam Was do zwiedzenia Otmuchowa, Paczkowa i okolic, gdzie odkryjemy kolejne godne polecenia trasy rowerowe wraz z ciekawymi miejscami, do kt\u00f3rych warto zajrze\u0107.<\/p>\n<p>Otmuch\u00f3w to miasto po\u0142o\u017cone w wojew\u00f3dztwie opolskim w powiecie nyskim. S\u0105siaduje mi\u0119dzy innymi z G\u0142ucho\u0142azami, Nys\u0105, Paczkowem, Zi\u0119bicami i Czechami. W latach 1945\u20131975 gmina nale\u017ca\u0142a do\u00a0<a href=\"https:\/\/pl.wikipedia.org\/wiki\/Powiat_grodkowski\"><strong>powiatu grodkowskiego<\/strong><\/a>. Po likwidacji\u00a0<a href=\"https:\/\/pl.wikipedia.org\/wiki\/Ka%C5%82k%C3%B3w_(gmina)\"><strong>gminy Ka\u0142k\u00f3w<\/strong><\/a>\u00a0w 1975 r. Otmuch\u00f3w przej\u0105\u0142 wi\u0119kszo\u015b\u0107 jej so\u0142ectw, rozszerzaj\u0105c swe terytorium o obszar po\u0142o\u017cony na po\u0142udnie od\u00a0<a href=\"https:\/\/pl.wikipedia.org\/wiki\/Nysa_K%C5%82odzka\"><strong>Nysy K\u0142odzkiej<\/strong><\/a>.<\/p>\n<p><strong>Atrakcje Otmuchowa, kt\u00f3re warto zobaczy\u0107:<\/strong><\/p>\n<p><strong>1. Zamek<\/strong> \u2013 pierwsze wzmianki o zamku pochodz\u0105 z XII w. W\u00f3wczas to papie\u017c Hadrian nada\u0142 ziemi\u0119 otmuchowsk\u0105 z zamkiem biskupom wroc\u0142awskim. W kolejnych wiekach obiekt by\u0142 niszczony, odbudowywany i przebudowywany. Z pierwotnego za\u0142o\u017cenia zachowa\u0142o si\u0119 skrzyd\u0142o p\u00f3\u0142nocno-wschodnie. Obecnie w zamku mieszcz\u0105 si\u0119 hotel i restauracja z tarasem widokowym. Do zwiedzania udost\u0119pniona jest cela g\u0142odowa, gdzie dokonywali \u017cycia skaza\u0144cy, oraz wie\u017ca widokowa, z kt\u00f3rej mo\u017cna podziwia\u0107 tutejsz\u0105 panoram\u0119.<\/p>\n<p><a href=\"https:\/\/d2p6e6u75xmxt8.cloudfront.net\/5\/2023\/12\/SCSV2-4711_Otmuchow-3.webp\"><img loading=\"lazy\" decoding=\"async\" class=\"alignnone size-full wp-image-14409\" src=\"https:\/\/d2p6e6u75xmxt8.cloudfront.net\/5\/2023\/12\/SCSV2-4711_Otmuchow-3.webp\" alt=\"\" width=\"1280\" height=\"720\" srcset=\"https:\/\/d2p6e6u75xmxt8.cloudfront.net\/5\/2023\/12\/SCSV2-4711_Otmuchow-3.webp 1280w, https:\/\/d2p6e6u75xmxt8.cloudfront.net\/5\/2023\/12\/SCSV2-4711_Otmuchow-3-300x169.webp 300w, https:\/\/d2p6e6u75xmxt8.cloudfront.net\/5\/2023\/12\/SCSV2-4711_Otmuchow-3-1024x576.webp 1024w, https:\/\/d2p6e6u75xmxt8.cloudfront.net\/5\/2023\/12\/SCSV2-4711_Otmuchow-3-768x432.webp 768w, https:\/\/d2p6e6u75xmxt8.cloudfront.net\/5\/2023\/12\/SCSV2-4711_Otmuchow-3-400x225.webp 400w\" sizes=\"auto, (max-width: 1280px) 100vw, 1280px\" \/><\/a><\/p>\n<p><strong>2. Rynek i okolice<\/strong> \u2013 na rynku otmuchowskim zachowa\u0142o si\u0119 kilka XIX-wiecznych kamienic, a tak\u017ce ratusz powsta\u0142y w XVI w. i przebudowany w XIX i XX w. Ozdob\u0119 ratusza stanowi\u0105 sze\u015bciokondygnacyjna wie\u017ca z galeri\u0105 oraz zegary s\u0142oneczne. W pobli\u017cu rynku znajduje si\u0119 kolumna maryjna wykonana w XVIII w. przez rze\u017abiarza Antoniego Joerga. Pozosta\u0142o\u015b\u0107 dawnej zabudowy stanowi\u0105 r\u00f3wnie\u017c fragmenty mur\u00f3w obronnych i fosy oraz Wie\u017ca Wr\u00f3bla b\u0119d\u0105ca cz\u0119\u015bci\u0105 nieistniej\u0105cej ju\u017c Bramy Nyskiej.<\/p>\n<p><a href=\"https:\/\/d2p6e6u75xmxt8.cloudfront.net\/5\/2023\/12\/SCSV2-4711_Otmuchow-1.webp\"><img loading=\"lazy\" decoding=\"async\" class=\"alignnone size-full wp-image-14407\" src=\"https:\/\/d2p6e6u75xmxt8.cloudfront.net\/5\/2023\/12\/SCSV2-4711_Otmuchow-1.webp\" alt=\"\" width=\"1280\" height=\"720\" srcset=\"https:\/\/d2p6e6u75xmxt8.cloudfront.net\/5\/2023\/12\/SCSV2-4711_Otmuchow-1.webp 1280w, https:\/\/d2p6e6u75xmxt8.cloudfront.net\/5\/2023\/12\/SCSV2-4711_Otmuchow-1-300x169.webp 300w, https:\/\/d2p6e6u75xmxt8.cloudfront.net\/5\/2023\/12\/SCSV2-4711_Otmuchow-1-1024x576.webp 1024w, https:\/\/d2p6e6u75xmxt8.cloudfront.net\/5\/2023\/12\/SCSV2-4711_Otmuchow-1-768x432.webp 768w, https:\/\/d2p6e6u75xmxt8.cloudfront.net\/5\/2023\/12\/SCSV2-4711_Otmuchow-1-400x225.webp 400w\" sizes=\"auto, (max-width: 1280px) 100vw, 1280px\" \/><\/a><\/p>\n<p><strong>3. Ko\u015bci\u00f3\u0142 pw. \u015bw. Miko\u0142aja i Franciszka Ksawerego<\/strong> \u2013 powsta\u0142 w stylu barokowym w latach 1690\u20131693 wed\u0142ug projektu J. P. Doblera na zlecenie biskupa Franciszka Ludwika. Wyposa\u017cenie ko\u015bcio\u0142a pochodzi z XVII i XVIII w. Wewn\u0105trz na uwag\u0119 zas\u0142uguj\u0105 o\u0142tarz g\u0142\u00f3wny z ko\u0144ca XVII w. z obrazem zatytu\u0142owanym \u201e\u015aw. Miko\u0142aj b\u0142ogos\u0142awi\u0105cy rozbitk\u00f3w\u201d Michaela Willmanna z 1696 r., ambona z balustrad\u0105 z p\u0142askorze\u017abami ewangelist\u00f3w z 1696 r., a tak\u017ce bogato zdobione stalle z lat 1694\u20131695*.<\/p>\n<p><a href=\"https:\/\/d2p6e6u75xmxt8.cloudfront.net\/5\/2023\/12\/SCSV2-4711_Otmuchow-2.webp\"><img loading=\"lazy\" decoding=\"async\" class=\"alignnone size-full wp-image-14408\" src=\"https:\/\/d2p6e6u75xmxt8.cloudfront.net\/5\/2023\/12\/SCSV2-4711_Otmuchow-2.webp\" alt=\"\" width=\"1280\" height=\"720\" srcset=\"https:\/\/d2p6e6u75xmxt8.cloudfront.net\/5\/2023\/12\/SCSV2-4711_Otmuchow-2.webp 1280w, https:\/\/d2p6e6u75xmxt8.cloudfront.net\/5\/2023\/12\/SCSV2-4711_Otmuchow-2-300x169.webp 300w, https:\/\/d2p6e6u75xmxt8.cloudfront.net\/5\/2023\/12\/SCSV2-4711_Otmuchow-2-1024x576.webp 1024w, https:\/\/d2p6e6u75xmxt8.cloudfront.net\/5\/2023\/12\/SCSV2-4711_Otmuchow-2-768x432.webp 768w, https:\/\/d2p6e6u75xmxt8.cloudfront.net\/5\/2023\/12\/SCSV2-4711_Otmuchow-2-400x225.webp 400w\" sizes=\"auto, (max-width: 1280px) 100vw, 1280px\" \/><\/a><\/p>\n<p><strong>Otmuch\u00f3w\u2013Jezioro Nyskie<\/strong><\/p>\n<p><a href=\"https:\/\/d2p6e6u75xmxt8.cloudfront.net\/5\/2023\/12\/Trasa-1.webp\"><img loading=\"lazy\" decoding=\"async\" class=\"alignnone size-full wp-image-14411\" src=\"https:\/\/d2p6e6u75xmxt8.cloudfront.net\/5\/2023\/12\/Trasa-1.webp\" alt=\"\" width=\"463\" height=\"166\" srcset=\"https:\/\/d2p6e6u75xmxt8.cloudfront.net\/5\/2023\/12\/Trasa-1.webp 463w, https:\/\/d2p6e6u75xmxt8.cloudfront.net\/5\/2023\/12\/Trasa-1-300x108.webp 300w, https:\/\/d2p6e6u75xmxt8.cloudfront.net\/5\/2023\/12\/Trasa-1-400x143.webp 400w\" sizes=\"auto, (max-width: 463px) 100vw, 463px\" \/><\/a><br \/>\n<a href=\"https:\/\/www.bikemap.net\/en\/r\/13821474\/?utm_source=website&amp;utm_medium=route_detail&amp;utm_campaign=share_route\">&gt;&gt;&gt;TRASA&lt;&lt;&lt;<\/a><\/p>\n<p>Moja pierwsza propozycja to trasa poprowadzona w wi\u0119kszo\u015bci drogami szutrowymi lub wa\u0142ami jeziora oraz przyleg\u0142ych kana\u0142\u00f3w, bardzo \u0142agodna i dost\u0119pna dla wszystkich. Jest to trasa bez \u017cadnych utrudnie\u0144 technicznych. W po\u0142owie p\u0119tli docieramy na przedmie\u015bcia Nysy, kt\u00f3rej akurat my nie odwiedzamy, jednak nic nie stoi na przeszkodzie, by tam zajrze\u0107. Okolice Nysy to te\u017c miejsca, gdzie mo\u017cna odpocz\u0105\u0107 i co\u015b zje\u015b\u0107, czyli okolice o\u015brodka i pla\u017cy w Skorchowie. Znajduje si\u0119 tam r\u00f3wnie\u017c punkt z przepi\u0119knym widokiem na jezioro i majacz\u0105ce na horyzoncie g\u00f3ry na pograniczu polsko-czeskim. Przejazd przez Skorch\u00f3w poprowadzony jest asfaltow\u0105 drog\u0105 nr 489, ale ju\u017c od ronda do G\u0142\u0119binowa pojedziemy fajn\u0105 \u015bcie\u017ck\u0105 rowerow\u0105. Dalej czeka nas bezpieczna, spokojna polna droga do W\u00f3jcic, a ostatnie asfaltowe kilometry doprowadz\u0105 nas do Otmuchowa.<\/p>\n<p><strong>Otmuch\u00f3w\u2013Jezioro Otmuchowskie <\/strong><\/p>\n<p><a href=\"https:\/\/d2p6e6u75xmxt8.cloudfront.net\/5\/2023\/12\/Trasa-2.webp\"><img loading=\"lazy\" decoding=\"async\" class=\"alignnone size-full wp-image-14412\" src=\"https:\/\/d2p6e6u75xmxt8.cloudfront.net\/5\/2023\/12\/Trasa-2.webp\" alt=\"\" width=\"523\" height=\"152\" srcset=\"https:\/\/d2p6e6u75xmxt8.cloudfront.net\/5\/2023\/12\/Trasa-2.webp 523w, https:\/\/d2p6e6u75xmxt8.cloudfront.net\/5\/2023\/12\/Trasa-2-300x87.webp 300w, https:\/\/d2p6e6u75xmxt8.cloudfront.net\/5\/2023\/12\/Trasa-2-400x116.webp 400w\" sizes=\"auto, (max-width: 523px) 100vw, 523px\" \/><\/a><\/p>\n<p><a href=\"https:\/\/www.bikemap.net\/en\/r\/13821561\/?utm_source=website&amp;utm_medium=route_detail&amp;utm_campaign=share_route\">&gt;&gt;&gt;TRASA&lt;&lt;&lt;<\/a><\/p>\n<p>Trasa dla mi\u0142o\u015bnik\u00f3w szosy, wytyczona w 100% po asfaltowych nawierzchniach. Z Otmuchowa ruszamy bocznymi drogami do Paczkowa, gdzie czeka na nas kilka ciekawych miejsc do odwiedzenia, a tak\u017ce ewentualna baza gastronomiczna.<\/p>\n<p>Paczk\u00f3w to przede wszystkim ratusz, kt\u00f3ry powsta\u0142 w po\u0142owie XVI wieku. Jego oryginalny renesansowy charakter zachowa\u0142a do dzi\u015b jedynie wie\u017ca, kt\u00f3rej budow\u0119 wed\u0142ug \u017ar\u00f3de\u0142 uko\u0144czono w 1552 roku. Wszystko za spraw\u0105 wielokrotnego przebudowywania budynku.<\/p>\n<p><a href=\"https:\/\/d2p6e6u75xmxt8.cloudfront.net\/5\/2023\/12\/SCSV2-4711_Otmuchow-4.webp\"><img loading=\"lazy\" decoding=\"async\" class=\"alignnone size-full wp-image-14410\" src=\"https:\/\/d2p6e6u75xmxt8.cloudfront.net\/5\/2023\/12\/SCSV2-4711_Otmuchow-4.webp\" alt=\"\" width=\"1280\" height=\"720\" srcset=\"https:\/\/d2p6e6u75xmxt8.cloudfront.net\/5\/2023\/12\/SCSV2-4711_Otmuchow-4.webp 1280w, https:\/\/d2p6e6u75xmxt8.cloudfront.net\/5\/2023\/12\/SCSV2-4711_Otmuchow-4-300x169.webp 300w, https:\/\/d2p6e6u75xmxt8.cloudfront.net\/5\/2023\/12\/SCSV2-4711_Otmuchow-4-1024x576.webp 1024w, https:\/\/d2p6e6u75xmxt8.cloudfront.net\/5\/2023\/12\/SCSV2-4711_Otmuchow-4-768x432.webp 768w, https:\/\/d2p6e6u75xmxt8.cloudfront.net\/5\/2023\/12\/SCSV2-4711_Otmuchow-4-400x225.webp 400w\" sizes=\"auto, (max-width: 1280px) 100vw, 1280px\" \/><\/a><br \/>\nPaczk\u00f3w s\u0142ynie z mur\u00f3w obronnych z XVI wieku, dzi\u0119ki czemu miasto okre\u015blane jest mianem polskiego Carcassonne.<\/p>\n<p>Dawne mury obronne w Paczkowie zachowane zosta\u0142y w bardzo dobrym stanie. Miejscami ich wysoko\u015b\u0107 wynosi a\u017c 7 m, a d\u0142ugo\u015b\u0107 si\u0119ga 1,2 km. Mury zbudowane zosta\u0142y z kamienia \u0142amanego.<\/p>\n<p><strong>Muzeum Gazownictwa<\/strong><br \/>\nMuzeum Gazownictwa to tak naprawd\u0119 stara gazownia, kt\u00f3ra przekszta\u0142cona zosta\u0142a w muzeum. W tej chwili stanowi skarbnic\u0119 wiedzy o gazie. Najwi\u0119ksze wra\u017cenie robi zbiornik gazu zamieniony w sal\u0119 wystawow\u0105. W muzeum znajdziecie bogat\u0105 kolekcj\u0119 eksponat\u00f3w prezentowan\u0105 na powierzchni ponad 1000 m<sup>2<\/sup>.<\/p>\n<p><a href=\"https:\/\/d2p6e6u75xmxt8.cloudfront.net\/5\/2023\/12\/BH-19-scaled.webp\"><img loading=\"lazy\" decoding=\"async\" class=\"alignnone size-extra-large wp-image-14404\" src=\"https:\/\/d2p6e6u75xmxt8.cloudfront.net\/5\/2023\/12\/BH-19-1920x1080.webp\" alt=\"\" width=\"1920\" height=\"1080\" srcset=\"https:\/\/d2p6e6u75xmxt8.cloudfront.net\/5\/2023\/12\/BH-19-1920x1080.webp 1920w, https:\/\/d2p6e6u75xmxt8.cloudfront.net\/5\/2023\/12\/BH-19-300x169.webp 300w, https:\/\/d2p6e6u75xmxt8.cloudfront.net\/5\/2023\/12\/BH-19-1024x576.webp 1024w, https:\/\/d2p6e6u75xmxt8.cloudfront.net\/5\/2023\/12\/BH-19-768x432.webp 768w, https:\/\/d2p6e6u75xmxt8.cloudfront.net\/5\/2023\/12\/BH-19-1536x864.webp 1536w, https:\/\/d2p6e6u75xmxt8.cloudfront.net\/5\/2023\/12\/BH-19-2048x1152.webp 2048w, https:\/\/d2p6e6u75xmxt8.cloudfront.net\/5\/2023\/12\/BH-19-400x225.webp 400w, https:\/\/d2p6e6u75xmxt8.cloudfront.net\/5\/2023\/12\/BH-19-1920x1080.webp 1920w\" sizes=\"auto, (max-width: 1920px) 100vw, 1920px\" \/><\/a><\/p>\n<p>Z Paczkowa p\u0142ask\u0105, ma\u0142o ucz\u0119szczan\u0105 drog\u0105 jedziemy w kierunku miejscowo\u015bci \u015acib\u00f3r, gdzie znajduje si\u0119 dw\u00f3r Heymanna.<\/p>\n<p>Ten murowany, pi\u0119trowy budynek na planie prostok\u0105ta zosta\u0142 wzniesiony w 1668 r. na zlecenie Jana Henryka Heymanna. Reprezentuje styl barokowy i mo\u017ce si\u0119 poszczyci\u0107 mi\u0119dzy innymi stiukowymi dekoracjami na suficie w sieni i dw\u00f3ch innych pomieszczeniach. Jego dzieje by\u0142y burzliwe. W zwi\u0105zku z budow\u0105 Jeziora Otmuchowskiego maj\u0105tek zosta\u0142 rozparcelowany. W kolejnych latach pa\u0142ac zajmowa\u0142y kolejno powiatowa szko\u0142a sportowa i o\u015brodek szkoleniowo-kolonijny pod zarz\u0105dem MSW. Obecnie dw\u00f3r wraz z oficyn\u0105, stajni\u0105 i otaczaj\u0105cym je parkiem jest wpisany do rejestru zabytk\u00f3w. Znajduje si\u0119 w r\u0119kach prywatnych, a w jego odremontowanych wn\u0119trzach mie\u015bci si\u0119 gospodarstwo agroturystyczne**.<\/p>\n<p><a href=\"https:\/\/d2p6e6u75xmxt8.cloudfront.net\/5\/2023\/12\/BH-28-scaled.webp\"><img loading=\"lazy\" decoding=\"async\" class=\"alignnone size-extra-large wp-image-14405\" src=\"https:\/\/d2p6e6u75xmxt8.cloudfront.net\/5\/2023\/12\/BH-28-1920x1080.webp\" alt=\"\" width=\"1920\" height=\"1080\" srcset=\"https:\/\/d2p6e6u75xmxt8.cloudfront.net\/5\/2023\/12\/BH-28-1920x1080.webp 1920w, https:\/\/d2p6e6u75xmxt8.cloudfront.net\/5\/2023\/12\/BH-28-300x169.webp 300w, https:\/\/d2p6e6u75xmxt8.cloudfront.net\/5\/2023\/12\/BH-28-1024x576.webp 1024w, https:\/\/d2p6e6u75xmxt8.cloudfront.net\/5\/2023\/12\/BH-28-768x432.webp 768w, https:\/\/d2p6e6u75xmxt8.cloudfront.net\/5\/2023\/12\/BH-28-1536x864.webp 1536w, https:\/\/d2p6e6u75xmxt8.cloudfront.net\/5\/2023\/12\/BH-28-2048x1152.webp 2048w, https:\/\/d2p6e6u75xmxt8.cloudfront.net\/5\/2023\/12\/BH-28-400x225.webp 400w, https:\/\/d2p6e6u75xmxt8.cloudfront.net\/5\/2023\/12\/BH-28-1920x1080.webp 1920w\" sizes=\"auto, (max-width: 1920px) 100vw, 1920px\" \/><\/a><\/p>\n<p>Do dworu warto odbi\u0107 g\u0142\u00f3wnie przez wzgl\u0105d na w\u0142a\u015bciciela b\u0119d\u0105cego mi\u0142o\u015bnikiem rower\u00f3w i doskonale znaj\u0105cego lokalne trasy, nie tylko szosowe i gravelowe, ale nawet nie tak odleg\u0142e tereny na rower MTB czy enduro. Nic te\u017c nie stoi na przeszkodzie, aby miejsce to sta\u0142o si\u0119 baz\u0105 na nasz rowerowy weekend.<\/p>\n<p>Z dworu Heymanna do miejscowo\u015bci Dziewi\u0119tlice musimy wr\u00f3ci\u0107 t\u0105 sam\u0105 drog\u0105, a dalej ju\u017c zmierzamy w kierunku Jesienicy, Meszna i \u015aliwic do Otmuchowa.<\/p>\n<p>&nbsp;<\/p>\n<p>* \u0179r\u00f3d\u0142o: https:\/\/podroztrwa.pl\/atrakcje-otmuchow\/.<\/p>\n<p>** \u0179r\u00f3d\u0142o: Wikipedia.<\/p>\n<p>#Wsp\u00f3\u0142pracaReklamowa<\/p>\n<p><span data-sheets-value=\"{&quot;1&quot;:2,&quot;2&quot;:&quot;Artyku\u0142 powsta\u0142 we wsp\u00f3\u0142pracy ze skoda-auto.pl&quot;}\" data-sheets-userformat=\"{&quot;2&quot;:1,&quot;3&quot;:{&quot;1&quot;:0}}\" data-sheets-hyperlink=\"http:\/\/www.skoda-auto.pl\/\"><a class=\"in-cell-link\" href=\"http:\/\/www.skoda-auto.pl\/\" target=\"_blank\" rel=\"noopener noreferrer\">Artyku\u0142 powsta\u0142 we wsp\u00f3\u0142pracy ze skoda-auto.pl<\/a><\/span><\/p>\n<p><a href=\"https:\/\/d2p6e6u75xmxt8.cloudfront.net\/5\/2030\/11\/1.webp\"><img loading=\"lazy\" decoding=\"async\" class=\"size-full wp-image-13777 aligncenter\" src=\"https:\/\/d2p6e6u75xmxt8.cloudfront.net\/5\/2030\/11\/1.webp\" alt=\"\" width=\"640\" height=\"350\" srcset=\"https:\/\/d2p6e6u75xmxt8.cloudfront.net\/5\/2030\/11\/1.webp 640w, https:\/\/d2p6e6u75xmxt8.cloudfront.net\/5\/2030\/11\/1-300x164.webp 300w, https:\/\/d2p6e6u75xmxt8.cloudfront.net\/5\/2030\/11\/1-400x219.webp 400w\" sizes=\"auto, (max-width: 640px) 100vw, 640px\" \/><\/a><\/p>\n","protected":false},"excerpt":{"rendered":"<p>Jeziora Otmuchowskie i Nyskie to popularny kierunek nie tylko wakacyjnych, ale te\u017c weekendowych wypad\u00f3w. Niewa\u017cne, czy chcecie wylegiwa\u0107 si\u0119 na [&hellip;]<\/p>\n","protected":false},"author":153,"featured_media":14406,"comment_status":"open","ping_status":"open","sticky":false,"template":"","format":"standard","meta":{"footnotes":""},"categories":[203],"tags":[108,117,191,404,107],"global-categories":[303],"class_list":["post-14403","post","type-post","status-publish","format-standard","has-post-thumbnail","hentry","category-bartosz-huzarski","tag-bartosz-huzarski","tag-najlepsze-trasy","tag-skoda","tag-skodapolska","tag-trasy-rowerowe","global-categories-cycling"],"yoast_head":"<!-- This site is optimized with the Yoast SEO Premium plugin v25.3 (Yoast SEO v25.9) - https:\/\/yoast.com\/wordpress\/plugins\/seo\/ -->\n<title>Otmuch\u00f3w i Paczk\u00f3w na rowerowy weekend - \u0160koda We Love Cycling - Poland<\/title>\n<meta name=\"robots\" content=\"index, follow, max-snippet:-1, max-image-preview:large, max-video-preview:-1\" \/>\n<link rel=\"canonical\" href=\"https:\/\/www.welovecycling.com\/pl\/2023\/12\/13\/otmuchow-i-paczkow-na-rowerowy-weekend\/\" \/>\n<meta property=\"og:locale\" content=\"pl_PL\" \/>\n<meta property=\"og:type\" content=\"article\" \/>\n<meta property=\"og:title\" content=\"Otmuch\u00f3w i Paczk\u00f3w na rowerowy weekend\" \/>\n<meta property=\"og:description\" content=\"Jeziora Otmuchowskie i Nyskie to popularny kierunek nie tylko wakacyjnych, ale te\u017c weekendowych wypad\u00f3w. Niewa\u017cne, czy chcecie wylegiwa\u0107 si\u0119 na [&hellip;]\" \/>\n<meta property=\"og:url\" content=\"https:\/\/www.welovecycling.com\/pl\/2023\/12\/13\/otmuchow-i-paczkow-na-rowerowy-weekend\/\" \/>\n<meta property=\"og:site_name\" content=\"\u0160koda We Love Cycling - Poland\" \/>\n<meta property=\"article:published_time\" content=\"2023-12-13T09:30:14+00:00\" \/>\n<meta property=\"article:modified_time\" content=\"2023-12-13T09:42:44+00:00\" \/>\n<meta property=\"og:image\" content=\"https:\/\/d2p6e6u75xmxt8.cloudfront.net\/5\/2023\/12\/BH-46-scaled.webp\" \/>\n\t<meta property=\"og:image:width\" content=\"2560\" \/>\n\t<meta property=\"og:image:height\" content=\"1440\" \/>\n\t<meta property=\"og:image:type\" content=\"image\/webp\" \/>\n<meta name=\"author\" content=\"rafal\" \/>\n<meta name=\"twitter:card\" content=\"summary_large_image\" \/>\n<meta name=\"twitter:label1\" content=\"Written by\" \/>\n\t<meta name=\"twitter:data1\" content=\"Bartosz Huzarski\" \/>\n\t<meta name=\"twitter:label2\" content=\"Est. reading time\" \/>\n\t<meta name=\"twitter:data2\" content=\"5\" \/>\n<script type=\"application\/ld+json\" class=\"yoast-schema-graph\">{\"@context\":\"https:\/\/schema.org\",\"@graph\":[{\"@type\":\"WebPage\",\"@id\":\"https:\/\/www.welovecycling.com\/pl\/2023\/12\/13\/otmuchow-i-paczkow-na-rowerowy-weekend\/\",\"url\":\"https:\/\/www.welovecycling.com\/pl\/2023\/12\/13\/otmuchow-i-paczkow-na-rowerowy-weekend\/\",\"name\":\"Otmuch\u00f3w i Paczk\u00f3w na rowerowy weekend - \u0160koda We Love Cycling - Poland\",\"isPartOf\":{\"@id\":\"https:\/\/www.welovecycling.com\/pl\/#website\"},\"primaryImageOfPage\":{\"@id\":\"https:\/\/www.welovecycling.com\/pl\/2023\/12\/13\/otmuchow-i-paczkow-na-rowerowy-weekend\/#primaryimage\"},\"image\":{\"@id\":\"https:\/\/www.welovecycling.com\/pl\/2023\/12\/13\/otmuchow-i-paczkow-na-rowerowy-weekend\/#primaryimage\"},\"thumbnailUrl\":\"https:\/\/d2p6e6u75xmxt8.cloudfront.net\/5\/2023\/12\/BH-46-scaled.webp\",\"datePublished\":\"2023-12-13T09:30:14+00:00\",\"dateModified\":\"2023-12-13T09:42:44+00:00\",\"author\":{\"@id\":\"https:\/\/www.welovecycling.com\/pl\/#\/schema\/person\/bf06ed916a1ef16618807fb60d2ebe42\"},\"breadcrumb\":{\"@id\":\"https:\/\/www.welovecycling.com\/pl\/2023\/12\/13\/otmuchow-i-paczkow-na-rowerowy-weekend\/#breadcrumb\"},\"inLanguage\":\"pl-PL\",\"potentialAction\":[{\"@type\":\"ReadAction\",\"target\":[\"https:\/\/www.welovecycling.com\/pl\/2023\/12\/13\/otmuchow-i-paczkow-na-rowerowy-weekend\/\"]}]},{\"@type\":\"ImageObject\",\"inLanguage\":\"pl-PL\",\"@id\":\"https:\/\/www.welovecycling.com\/pl\/2023\/12\/13\/otmuchow-i-paczkow-na-rowerowy-weekend\/#primaryimage\",\"url\":\"https:\/\/d2p6e6u75xmxt8.cloudfront.net\/5\/2023\/12\/BH-46-scaled.webp\",\"contentUrl\":\"https:\/\/d2p6e6u75xmxt8.cloudfront.net\/5\/2023\/12\/BH-46-scaled.webp\",\"width\":2560,\"height\":1440},{\"@type\":\"BreadcrumbList\",\"@id\":\"https:\/\/www.welovecycling.com\/pl\/2023\/12\/13\/otmuchow-i-paczkow-na-rowerowy-weekend\/#breadcrumb\",\"itemListElement\":[{\"@type\":\"ListItem\",\"position\":1,\"name\":\"Home\",\"item\":\"https:\/\/www.welovecycling.com\/pl\/\"},{\"@type\":\"ListItem\",\"position\":2,\"name\":\"Otmuch\u00f3w i Paczk\u00f3w na rowerowy weekend\"}]},{\"@type\":\"WebSite\",\"@id\":\"https:\/\/www.welovecycling.com\/pl\/#website\",\"url\":\"https:\/\/www.welovecycling.com\/pl\/\",\"name\":\"\u0160koda We Love Cycling - Poland\",\"description\":\"\",\"potentialAction\":[{\"@type\":\"SearchAction\",\"target\":{\"@type\":\"EntryPoint\",\"urlTemplate\":\"https:\/\/www.welovecycling.com\/pl\/?s={search_term_string}\"},\"query-input\":{\"@type\":\"PropertyValueSpecification\",\"valueRequired\":true,\"valueName\":\"search_term_string\"}}],\"inLanguage\":\"pl-PL\"},{\"@type\":\"Person\",\"@id\":\"https:\/\/www.welovecycling.com\/pl\/#\/schema\/person\/bf06ed916a1ef16618807fb60d2ebe42\",\"name\":\"rafal\",\"image\":{\"@type\":\"ImageObject\",\"inLanguage\":\"pl-PL\",\"@id\":\"https:\/\/www.welovecycling.com\/pl\/#\/schema\/person\/image\/\",\"url\":\"https:\/\/secure.gravatar.com\/avatar\/203f240e63bee214f6f3a0dacbeb600c7829c09716c2b9ee3230c6961debcde2?s=96&d=mm&r=g\",\"contentUrl\":\"https:\/\/secure.gravatar.com\/avatar\/203f240e63bee214f6f3a0dacbeb600c7829c09716c2b9ee3230c6961debcde2?s=96&d=mm&r=g\",\"caption\":\"rafal\"},\"url\":\"https:\/\/www.welovecycling.com\/pl\/author\/rafal\/\"}]}<\/script>\n<!-- \/ Yoast SEO Premium plugin. -->","yoast_head_json":{"title":"Otmuch\u00f3w i Paczk\u00f3w na rowerowy weekend - \u0160koda We Love Cycling - Poland","robots":{"index":"index","follow":"follow","max-snippet":"max-snippet:-1","max-image-preview":"max-image-preview:large","max-video-preview":"max-video-preview:-1"},"canonical":"https:\/\/www.welovecycling.com\/pl\/2023\/12\/13\/otmuchow-i-paczkow-na-rowerowy-weekend\/","og_locale":"pl_PL","og_type":"article","og_title":"Otmuch\u00f3w i Paczk\u00f3w na rowerowy weekend","og_description":"Jeziora Otmuchowskie i Nyskie to popularny kierunek nie tylko wakacyjnych, ale te\u017c weekendowych wypad\u00f3w. Niewa\u017cne, czy chcecie wylegiwa\u0107 si\u0119 na [&hellip;]","og_url":"https:\/\/www.welovecycling.com\/pl\/2023\/12\/13\/otmuchow-i-paczkow-na-rowerowy-weekend\/","og_site_name":"\u0160koda We Love Cycling - Poland","article_published_time":"2023-12-13T09:30:14+00:00","article_modified_time":"2023-12-13T09:42:44+00:00","og_image":[{"width":2560,"height":1440,"url":"https:\/\/d2p6e6u75xmxt8.cloudfront.net\/5\/2023\/12\/BH-46-scaled.webp","type":"image\/webp"}],"author":"rafal","twitter_card":"summary_large_image","twitter_misc":{"Written by":"Bartosz Huzarski","Est. reading time":"5"},"schema":{"@context":"https:\/\/schema.org","@graph":[{"@type":"WebPage","@id":"https:\/\/www.welovecycling.com\/pl\/2023\/12\/13\/otmuchow-i-paczkow-na-rowerowy-weekend\/","url":"https:\/\/www.welovecycling.com\/pl\/2023\/12\/13\/otmuchow-i-paczkow-na-rowerowy-weekend\/","name":"Otmuch\u00f3w i Paczk\u00f3w na rowerowy weekend - \u0160koda We Love Cycling - Poland","isPartOf":{"@id":"https:\/\/www.welovecycling.com\/pl\/#website"},"primaryImageOfPage":{"@id":"https:\/\/www.welovecycling.com\/pl\/2023\/12\/13\/otmuchow-i-paczkow-na-rowerowy-weekend\/#primaryimage"},"image":{"@id":"https:\/\/www.welovecycling.com\/pl\/2023\/12\/13\/otmuchow-i-paczkow-na-rowerowy-weekend\/#primaryimage"},"thumbnailUrl":"https:\/\/d2p6e6u75xmxt8.cloudfront.net\/5\/2023\/12\/BH-46-scaled.webp","datePublished":"2023-12-13T09:30:14+00:00","dateModified":"2023-12-13T09:42:44+00:00","author":{"@id":"https:\/\/www.welovecycling.com\/pl\/#\/schema\/person\/bf06ed916a1ef16618807fb60d2ebe42"},"breadcrumb":{"@id":"https:\/\/www.welovecycling.com\/pl\/2023\/12\/13\/otmuchow-i-paczkow-na-rowerowy-weekend\/#breadcrumb"},"inLanguage":"pl-PL","potentialAction":[{"@type":"ReadAction","target":["https:\/\/www.welovecycling.com\/pl\/2023\/12\/13\/otmuchow-i-paczkow-na-rowerowy-weekend\/"]}]},{"@type":"ImageObject","inLanguage":"pl-PL","@id":"https:\/\/www.welovecycling.com\/pl\/2023\/12\/13\/otmuchow-i-paczkow-na-rowerowy-weekend\/#primaryimage","url":"https:\/\/d2p6e6u75xmxt8.cloudfront.net\/5\/2023\/12\/BH-46-scaled.webp","contentUrl":"https:\/\/d2p6e6u75xmxt8.cloudfront.net\/5\/2023\/12\/BH-46-scaled.webp","width":2560,"height":1440},{"@type":"BreadcrumbList","@id":"https:\/\/www.welovecycling.com\/pl\/2023\/12\/13\/otmuchow-i-paczkow-na-rowerowy-weekend\/#breadcrumb","itemListElement":[{"@type":"ListItem","position":1,"name":"Home","item":"https:\/\/www.welovecycling.com\/pl\/"},{"@type":"ListItem","position":2,"name":"Otmuch\u00f3w i Paczk\u00f3w na rowerowy weekend"}]},{"@type":"WebSite","@id":"https:\/\/www.welovecycling.com\/pl\/#website","url":"https:\/\/www.welovecycling.com\/pl\/","name":"\u0160koda We Love Cycling - Poland","description":"","potentialAction":[{"@type":"SearchAction","target":{"@type":"EntryPoint","urlTemplate":"https:\/\/www.welovecycling.com\/pl\/?s={search_term_string}"},"query-input":{"@type":"PropertyValueSpecification","valueRequired":true,"valueName":"search_term_string"}}],"inLanguage":"pl-PL"},{"@type":"Person","@id":"https:\/\/www.welovecycling.com\/pl\/#\/schema\/person\/bf06ed916a1ef16618807fb60d2ebe42","name":"rafal","image":{"@type":"ImageObject","inLanguage":"pl-PL","@id":"https:\/\/www.welovecycling.com\/pl\/#\/schema\/person\/image\/","url":"https:\/\/secure.gravatar.com\/avatar\/203f240e63bee214f6f3a0dacbeb600c7829c09716c2b9ee3230c6961debcde2?s=96&d=mm&r=g","contentUrl":"https:\/\/secure.gravatar.com\/avatar\/203f240e63bee214f6f3a0dacbeb600c7829c09716c2b9ee3230c6961debcde2?s=96&d=mm&r=g","caption":"rafal"},"url":"https:\/\/www.welovecycling.com\/pl\/author\/rafal\/"}]}},"_links":{"self":[{"href":"https:\/\/www.welovecycling.com\/pl\/wp-json\/wp\/v2\/posts\/14403","targetHints":{"allow":["GET"]}}],"collection":[{"href":"https:\/\/www.welovecycling.com\/pl\/wp-json\/wp\/v2\/posts"}],"about":[{"href":"https:\/\/www.welovecycling.com\/pl\/wp-json\/wp\/v2\/types\/post"}],"author":[{"embeddable":true,"href":"https:\/\/www.welovecycling.com\/pl\/wp-json\/wp\/v2\/users\/153"}],"replies":[{"embeddable":true,"href":"https:\/\/www.welovecycling.com\/pl\/wp-json\/wp\/v2\/comments?post=14403"}],"version-history":[{"count":3,"href":"https:\/\/www.welovecycling.com\/pl\/wp-json\/wp\/v2\/posts\/14403\/revisions"}],"predecessor-version":[{"id":14415,"href":"https:\/\/www.welovecycling.com\/pl\/wp-json\/wp\/v2\/posts\/14403\/revisions\/14415"}],"wp:featuredmedia":[{"embeddable":true,"href":"https:\/\/www.welovecycling.com\/pl\/wp-json\/wp\/v2\/media\/14406"}],"wp:attachment":[{"href":"https:\/\/www.welovecycling.com\/pl\/wp-json\/wp\/v2\/media?parent=14403"}],"wp:term":[{"taxonomy":"category","embeddable":true,"href":"https:\/\/www.welovecycling.com\/pl\/wp-json\/wp\/v2\/categories?post=14403"},{"taxonomy":"post_tag","embeddable":true,"href":"https:\/\/www.welovecycling.com\/pl\/wp-json\/wp\/v2\/tags?post=14403"},{"taxonomy":"global-categories","embeddable":true,"href":"https:\/\/www.welovecycling.com\/pl\/wp-json\/wp\/v2\/global-categories?post=14403"}],"curies":[{"name":"wp","href":"https:\/\/api.w.org\/{rel}","templated":true}]}}