{"id":14389,"date":"2023-12-11T14:50:30","date_gmt":"2023-12-11T14:50:30","guid":{"rendered":"https:\/\/www.welovecycling.com\/pl\/?p=14389"},"modified":"2023-12-11T14:50:30","modified_gmt":"2023-12-11T14:50:30","slug":"odkrywamy-zieleniec-na-rowerze","status":"publish","type":"post","link":"https:\/\/www.welovecycling.com\/pl\/2023\/12\/11\/odkrywamy-zieleniec-na-rowerze\/","title":{"rendered":"Odkrywamy Zieleniec na rowerze"},"content":{"rendered":"<p><strong>Pi\u0119kna polska jesie\u0144 sk\u0142oni\u0142a mnie do odkrycia na nowo jednego z moich ulubionych rowerowych miejsc \u2013 Ziele\u0144ca, dzielnicy Dusznik-Zdroju. Ten kurort narciarski zape\u0142ni si\u0119 mi\u0142o\u015bnikami bia\u0142ego szale\u0144stwa pewnie oko\u0142o po\u0142owy grudnia. Sezon potrwa do marca i zak\u0142adam, \u017ce od maja obie trasy, kt\u00f3re dzisiaj Wam zaprezentuj\u0119, b\u0119d\u0105 zn\u00f3w w pe\u0142ni dost\u0119pne. Oczywi\u015bcie nic nie stoi na przeszkodzie, by skorzysta\u0107 z ostatnich pogodnych dni i wybra\u0107 si\u0119 do Ziele\u0144ca, aby zaczerpn\u0105\u0107 jesiennego klimatu tego miejsca.<\/strong><\/p>\n<p>D\u0142ugo si\u0119 zastanawia\u0142em, jak u\u0142o\u017cy\u0107 trasy, dla kogo je przygotowa\u0107 i dlaczego nie dla typowych szosowc\u00f3w. Szosa odpad\u0142a, gdy\u017c musieliby\u015bmy wjecha\u0107 na czesk\u0105 stron\u0119 albo przejecha\u0107 kawa\u0142ek jedn\u0105 z najbardziej ruchliwych dr\u00f3g w kraju, tj. drog\u0105 nr 8. Poza tym chc\u0119, \u017ceby w naszym poradniku by\u0142y te\u017c propozycje typowo turystyczne, dla os\u00f3b, kt\u00f3re potraktuj\u0105 je jako swego rodzaju przewodnik rowerowy. Stworzy\u0142em wi\u0119c plan dw\u00f3ch tras dost\u0119pnych dla ka\u017cdego, kto ma w domu rower MTB lub gravelowy. Ja osobi\u015bcie wybra\u0142em gravel, bo wi\u0119kszo\u015b\u0107 tras to drogi szutrowe lub asfaltowe, z dos\u0142ownie dwoma zjazdami typu singletrack, ale bardzo bezpiecznymi nawet dla u\u017cytkownik\u00f3w rower\u00f3w gravelowych.<\/p>\n<p>Obie trasy \u0142\u0105czy jeden aspekt, s\u0105 to wie\u017ce widokowe. Na ten moment takie punkty mamy dwa, czyli po jednej wie\u017cy na ka\u017cdej trasie, jednak w planie gospodarzy tego terenu jest odbudowanie wie\u017cy widokowej na Torfowiskach pod Ziele\u0144cem, wi\u0119c pojawi si\u0119 trzecia propozycja. Obie trasy rozpoczynaj\u0105 si\u0119 w Ziele\u0144cu \u2013 przy najwi\u0119kszym parkingu, wypo\u017cyczalni rower\u00f3w i najbardziej rowerowym miejscu, czyli Family Bike Park. Zostawimy go jednak tym, kt\u00f3rzy lubi\u0105 si\u0119 wyszale\u0107, a my w tym czasie wyruszymy w kierunku pierwszej trasy.<\/p>\n<p><strong>Wie\u017ca na Orlicy i Torfowisko pod Ziele\u0144cem<\/strong><\/p>\n<p><a href=\"https:\/\/d2p6e6u75xmxt8.cloudfront.net\/5\/2023\/12\/Obraz1.webp\"><img loading=\"lazy\" decoding=\"async\" class=\"alignnone size-full wp-image-14396\" src=\"https:\/\/d2p6e6u75xmxt8.cloudfront.net\/5\/2023\/12\/Obraz1.webp\" alt=\"\" width=\"331\" height=\"133\" srcset=\"https:\/\/d2p6e6u75xmxt8.cloudfront.net\/5\/2023\/12\/Obraz1.webp 331w, https:\/\/d2p6e6u75xmxt8.cloudfront.net\/5\/2023\/12\/Obraz1-300x121.webp 300w\" sizes=\"auto, (max-width: 331px) 100vw, 331px\" \/><\/a><\/p>\n<p><a href=\"https:\/\/www.bikemap.net\/en\/r\/13848896\/?utm_source=website&amp;utm_medium=route_detail&amp;utm_campaign=share_route\">&gt;&gt;&gt;TRASA&lt;&lt;&lt;<\/a><\/p>\n<p>Z parkingu ruszamy g\u0142\u00f3wn\u0105 drog\u0105 przez centrum Ziele\u0144ca, tutaj te\u017c rozpoczyna si\u0119 pierwszy d\u0142u\u017cszy podjazd, kt\u00f3ry sko\u0144czy si\u0119 po oko\u0142o 3,5 km w najwy\u017cszym punkcie naszej wycieczki, czyli przy wie\u017cy widokowej na Orlicy. Najbli\u017csza okolica pozwala wygodnie odpocz\u0105\u0107, gdy\u017c mamy do dyspozycji stoliki i \u0142aweczki. Wie\u017ca kusi widokami, jednak \u017ceby wej\u015b\u0107 na sam szczyt, trzeba pokona\u0107 sporo schod\u00f3w i a\u017c trzy podesty spoczynkowe na poziomach 8,75 m, 13,65 m i 18,55 m. Ca\u0142a wie\u017ca ma 25,5 m wysoko\u015bci, a widok ze szczytu wart jest ca\u0142ej tej wspinaczki.<\/p>\n<p><a href=\"https:\/\/d2p6e6u75xmxt8.cloudfront.net\/5\/2023\/12\/2-scaled.webp\"><img loading=\"lazy\" decoding=\"async\" class=\"alignnone size-extra-large wp-image-14391\" src=\"https:\/\/d2p6e6u75xmxt8.cloudfront.net\/5\/2023\/12\/2-1920x1080.webp\" alt=\"\" width=\"1920\" height=\"1080\" srcset=\"https:\/\/d2p6e6u75xmxt8.cloudfront.net\/5\/2023\/12\/2-1920x1080.webp 1920w, https:\/\/d2p6e6u75xmxt8.cloudfront.net\/5\/2023\/12\/2-300x169.webp 300w, https:\/\/d2p6e6u75xmxt8.cloudfront.net\/5\/2023\/12\/2-1024x576.webp 1024w, https:\/\/d2p6e6u75xmxt8.cloudfront.net\/5\/2023\/12\/2-768x432.webp 768w, https:\/\/d2p6e6u75xmxt8.cloudfront.net\/5\/2023\/12\/2-1536x864.webp 1536w, https:\/\/d2p6e6u75xmxt8.cloudfront.net\/5\/2023\/12\/2-2048x1152.webp 2048w, https:\/\/d2p6e6u75xmxt8.cloudfront.net\/5\/2023\/12\/2-400x225.webp 400w, https:\/\/d2p6e6u75xmxt8.cloudfront.net\/5\/2023\/12\/2-1920x1080.webp 1920w\" sizes=\"auto, (max-width: 1920px) 100vw, 1920px\" \/><\/a><\/p>\n<p>Nasz nast\u0119pny cel to punkt widokowy na parkingu pod So\u0142tysi\u0105 Kop\u0105, do kt\u00f3rego przez wi\u0119kszo\u015b\u0107 czasu b\u0119dziemy jecha\u0107 tras\u0105 rowerow\u0105 wchodz\u0105c\u0105 w sie\u0107 \u015bcie\u017cek rowerowych Glacensis. Pocz\u0105tkowo poprowadzona bardzo naturaln\u0105 drog\u0105 wytyczon\u0105 wzd\u0142u\u017c szlaku pieszego, z czasem przechodzi w bardzo przyjemny i lekki singletrack zrobiony w stylu flow.<\/p>\n<p><a href=\"https:\/\/d2p6e6u75xmxt8.cloudfront.net\/5\/2023\/12\/3-scaled.webp\"><img loading=\"lazy\" decoding=\"async\" class=\"alignnone size-extra-large wp-image-14392\" src=\"https:\/\/d2p6e6u75xmxt8.cloudfront.net\/5\/2023\/12\/3-1920x1080.webp\" alt=\"\" width=\"1920\" height=\"1080\" srcset=\"https:\/\/d2p6e6u75xmxt8.cloudfront.net\/5\/2023\/12\/3-1920x1080.webp 1920w, https:\/\/d2p6e6u75xmxt8.cloudfront.net\/5\/2023\/12\/3-300x169.webp 300w, https:\/\/d2p6e6u75xmxt8.cloudfront.net\/5\/2023\/12\/3-1024x576.webp 1024w, https:\/\/d2p6e6u75xmxt8.cloudfront.net\/5\/2023\/12\/3-768x432.webp 768w, https:\/\/d2p6e6u75xmxt8.cloudfront.net\/5\/2023\/12\/3-1536x864.webp 1536w, https:\/\/d2p6e6u75xmxt8.cloudfront.net\/5\/2023\/12\/3-2048x1152.webp 2048w, https:\/\/d2p6e6u75xmxt8.cloudfront.net\/5\/2023\/12\/3-400x225.webp 400w, https:\/\/d2p6e6u75xmxt8.cloudfront.net\/5\/2023\/12\/3-1920x1080.webp 1920w\" sizes=\"auto, (max-width: 1920px) 100vw, 1920px\" \/><\/a><\/p>\n<p>Do samego punktu widokowego musimy dojecha\u0107 asfaltem, a p\u00f3\u017aniej wr\u00f3ci\u0107 nim, by uda\u0107 si\u0119 do Drogi ku Szcz\u0119\u015bciu. To prowadz\u0105ca w d\u00f3\u0142 szutr\u00f3wka, na kt\u00f3rej kilka kilometr\u00f3w zleci nam bardzo szybko.<\/p>\n<p><a href=\"https:\/\/d2p6e6u75xmxt8.cloudfront.net\/5\/2023\/12\/4-scaled.webp\"><img loading=\"lazy\" decoding=\"async\" class=\"alignnone size-extra-large wp-image-14393\" src=\"https:\/\/d2p6e6u75xmxt8.cloudfront.net\/5\/2023\/12\/4-1920x1080.webp\" alt=\"\" width=\"1920\" height=\"1080\" srcset=\"https:\/\/d2p6e6u75xmxt8.cloudfront.net\/5\/2023\/12\/4-1920x1080.webp 1920w, https:\/\/d2p6e6u75xmxt8.cloudfront.net\/5\/2023\/12\/4-300x169.webp 300w, https:\/\/d2p6e6u75xmxt8.cloudfront.net\/5\/2023\/12\/4-1024x576.webp 1024w, https:\/\/d2p6e6u75xmxt8.cloudfront.net\/5\/2023\/12\/4-768x432.webp 768w, https:\/\/d2p6e6u75xmxt8.cloudfront.net\/5\/2023\/12\/4-1536x864.webp 1536w, https:\/\/d2p6e6u75xmxt8.cloudfront.net\/5\/2023\/12\/4-2048x1152.webp 2048w, https:\/\/d2p6e6u75xmxt8.cloudfront.net\/5\/2023\/12\/4-400x225.webp 400w, https:\/\/d2p6e6u75xmxt8.cloudfront.net\/5\/2023\/12\/4-1920x1080.webp 1920w\" sizes=\"auto, (max-width: 1920px) 100vw, 1920px\" \/><\/a><\/p>\n<p>Niestety, je\u015bli by\u0142 zjazd, to musi by\u0107 i podjazd. Dlatego po przeci\u0119ciu Bystrzycy Dusznickiej i asfaltowej drogi z Dusznik-Zdroju do Ziele\u0144ca zaczyna si\u0119 wspinaczka w pobli\u017ce Rezerwatu Torfowisko pod Ziele\u0144cem. Pocz\u0105tek jedziemy Drog\u0105 Justyny, p\u00f3\u017aniej Czarn\u0105, a na sam koniec Widlast\u0105 Drog\u0105 i docieramy do tego niesamowitego miejsca, jakim jest Torfowisko. Obecnie (2023 rok) wie\u017ca widokowa znajduj\u0105ca si\u0119 na terenie Torfowiska jest rozebrana, ale planowane jest jej odbudowanie. Z Torfowiska jedziemy asfaltowym Szlakiem Liczyrzepy, kt\u00f3ry delikatnie w d\u00f3\u0142 poprowadzi nas do Autostrady Sudeckiej pomi\u0119dzy Las\u00f3wk\u0105 a Ziele\u0144cem. St\u0105d do pokonania zostaje nam ju\u017c tylko asfaltowy odcinek prowadz\u0105cy pod g\u00f3r\u0119 do Ziele\u0144ca z pi\u0119knymi widokami, bikeparkiem i restauracjami.<\/p>\n<p><strong>Spalona, wie\u017ca widokowa Jagodna<\/strong><\/p>\n<p><a href=\"https:\/\/www.bikemap.net\/en\/r\/13848911\/?utm_source=website&amp;utm_medium=route_detail&amp;utm_campaign=share_route\">&gt;&gt;&gt;TRASA&lt;&lt;&lt;<\/a><a href=\"https:\/\/d2p6e6u75xmxt8.cloudfront.net\/5\/2023\/12\/Obraz2.webp\"><img loading=\"lazy\" decoding=\"async\" class=\"alignnone size-full wp-image-14398\" src=\"https:\/\/d2p6e6u75xmxt8.cloudfront.net\/5\/2023\/12\/Obraz2.webp\" alt=\"\" width=\"389\" height=\"153\" srcset=\"https:\/\/d2p6e6u75xmxt8.cloudfront.net\/5\/2023\/12\/Obraz2.webp 389w, https:\/\/d2p6e6u75xmxt8.cloudfront.net\/5\/2023\/12\/Obraz2-300x118.webp 300w\" sizes=\"auto, (max-width: 389px) 100vw, 389px\" \/><\/a><\/p>\n<p>Wyruszamy w d\u00f3\u0142 z Ziele\u0144ca Autostrad\u0105 Sudeck\u0105, kt\u00f3ra wije si\u0119 wzd\u0142u\u017c granicy i prowadzi nas a\u017c do Spalonej. Od Ziele\u0144ca do Mostowic ca\u0142y czas przyjemnie poruszamy si\u0119 w d\u00f3\u0142 \u0142adn\u0105 drog\u0105 z fajnymi widokami. Mijamy kilka ma\u0142ych miejscowo\u015bci z typow\u0105 dla tych rejon\u00f3w zabudow\u0105. Z Mostowic, gdzie jest przej\u015bcie graniczne z Czechami, na razie nie skorzystamy, cho\u0107 te tereny te\u017c s\u0105 pi\u0119kne, a ja my\u015bl\u0119, \u017ce i na nie przyjdzie czas w naszym poradniku. Jedziemy w lewo pod g\u00f3r\u0119 do Spalonej. Podjazd nie jest d\u0142ugi, ale miejscami droga prowadzi stromo w g\u00f3r\u0119.<\/p>\n<p><a href=\"https:\/\/d2p6e6u75xmxt8.cloudfront.net\/5\/2023\/12\/5-scaled.webp\"><img loading=\"lazy\" decoding=\"async\" class=\"alignnone size-extra-large wp-image-14394\" src=\"https:\/\/d2p6e6u75xmxt8.cloudfront.net\/5\/2023\/12\/5-1920x1080.webp\" alt=\"\" width=\"1920\" height=\"1080\" srcset=\"https:\/\/d2p6e6u75xmxt8.cloudfront.net\/5\/2023\/12\/5-1920x1080.webp 1920w, https:\/\/d2p6e6u75xmxt8.cloudfront.net\/5\/2023\/12\/5-300x169.webp 300w, https:\/\/d2p6e6u75xmxt8.cloudfront.net\/5\/2023\/12\/5-1024x576.webp 1024w, https:\/\/d2p6e6u75xmxt8.cloudfront.net\/5\/2023\/12\/5-768x432.webp 768w, https:\/\/d2p6e6u75xmxt8.cloudfront.net\/5\/2023\/12\/5-1536x864.webp 1536w, https:\/\/d2p6e6u75xmxt8.cloudfront.net\/5\/2023\/12\/5-2048x1152.webp 2048w, https:\/\/d2p6e6u75xmxt8.cloudfront.net\/5\/2023\/12\/5-400x225.webp 400w, https:\/\/d2p6e6u75xmxt8.cloudfront.net\/5\/2023\/12\/5-1920x1080.webp 1920w\" sizes=\"auto, (max-width: 1920px) 100vw, 1920px\" \/><\/a><\/p>\n<p>Na szcz\u0119\u015bcie na szczycie czeka na nas schronisko, w kt\u00f3rym mo\u017cna na\u0142adowa\u0107 rower elektryczny w stacji \u0142adowania typu OZE lub uzupe\u0142ni\u0107 p\u0142yny i kalorie. Mo\u017cna te\u017c pojecha\u0107 dalej, kieruj\u0105c si\u0119 w lewo za stacj\u0105 narciarstwa biegowego, a przed pomnikiem ku pami\u0119ci mieszka\u0144c\u00f3w Spalonej. Od teraz droga zaczyna si\u0119 g\u0142\u00f3wnie wznosi\u0107, jedziemy bowiem do wie\u017cy widokowej Jagodna zlokalizowanej na wysoko\u015bci 977 m n.p.m. Oko\u0142o czterokilometrowy podjazd, na kt\u00f3rego ko\u0144cu wznosi si\u0119 otwarta w 2019 roku wie\u017ca z zapieraj\u0105c\u0105 dech w piersiach panoram\u0105 G\u00f3r Orlickich i Masywu \u015anie\u017cnika (to r\u00f3wnie\u017c niebieski szlak pieszy).<\/p>\n<p><a href=\"https:\/\/d2p6e6u75xmxt8.cloudfront.net\/5\/2023\/12\/6.webp\"><img loading=\"lazy\" decoding=\"async\" class=\"alignnone size-full wp-image-14395\" src=\"https:\/\/d2p6e6u75xmxt8.cloudfront.net\/5\/2023\/12\/6.webp\" alt=\"\" width=\"1280\" height=\"720\" srcset=\"https:\/\/d2p6e6u75xmxt8.cloudfront.net\/5\/2023\/12\/6.webp 1280w, https:\/\/d2p6e6u75xmxt8.cloudfront.net\/5\/2023\/12\/6-300x169.webp 300w, https:\/\/d2p6e6u75xmxt8.cloudfront.net\/5\/2023\/12\/6-1024x576.webp 1024w, https:\/\/d2p6e6u75xmxt8.cloudfront.net\/5\/2023\/12\/6-768x432.webp 768w, https:\/\/d2p6e6u75xmxt8.cloudfront.net\/5\/2023\/12\/6-400x225.webp 400w\" sizes=\"auto, (max-width: 1280px) 100vw, 1280px\" \/><\/a><\/p>\n<p>Alternatyw\u0105 mo\u017ce by\u0107 trasa singletrack, kt\u00f3ra zaczyna si\u0119 na pocz\u0105tku szlaku pieszego przy stacji narciarstwa biegowego i prowadzi nas prosto do punktu widokowego. My drug\u0105 cz\u0119\u015bci\u0105 tego singla zjedziemy. Sam zjazd nie jest uznawany za wymagaj\u0105cy, ale po drodze warto kilkukrotnie przystan\u0105\u0107, gdy\u017c widoki na przeciwleg\u0142e stoki s\u0105 genialne.<br \/>\nTym sposobem docieramy zn\u00f3w do Schroniska PTTK Jagodna, wi\u0119c je\u015bli kto\u015b chce lub musi zrobi\u0107 kolejny post\u00f3j, to lepszej okazji ju\u017c nie b\u0119dzie. Ze schroniska ruszamy dalej, pocz\u0105tkowo w kierunku Bystrzycy K\u0142odzkiej, by szybko odbi\u0107 w lewo z g\u0142\u00f3wnej drogi i przejecha\u0107 przez malowniczy obszar staw\u00f3w hodowlanych oraz Osmelakow\u0105 Dolin\u0119.<\/p>\n<p>Drog\u0105 t\u0105, kt\u00f3ra kiedy\u015b by\u0142a asfaltowa, a teraz jest bardziej szutrowa, dojedziemy do Niebieskiego Szlaku Rowerowego i Drogi nad Potokiem, kt\u00f3ra niestety zn\u00f3w spowoduje, \u017ce mocniej rozbol\u0105 nas nogi. Musimy wjecha\u0107 zn\u00f3w pod g\u00f3rk\u0119 a\u017c do mniej wi\u0119cej 34. km naszej wycieczki, czyli Prze\u0142\u0119czy pod Uboczem. Przed nami jeszcze kr\u00f3tki zjazd do dobrze nam znanej Autostrady Sudeckiej i trasa powrotna przez Las\u00f3wk\u0119 do Ziele\u0144ca.<\/p>\n<p>#Wsp\u00f3\u0142pracaReklamowa<\/p>\n<p><span data-sheets-value=\"{&quot;1&quot;:2,&quot;2&quot;:&quot;Artyku\u0142 powsta\u0142 we wsp\u00f3\u0142pracy ze skoda-auto.pl&quot;}\" data-sheets-userformat=\"{&quot;2&quot;:1,&quot;3&quot;:{&quot;1&quot;:0}}\" data-sheets-hyperlink=\"http:\/\/www.skoda-auto.pl\/\"><a class=\"in-cell-link\" href=\"http:\/\/www.skoda-auto.pl\/\" target=\"_blank\" rel=\"noopener noreferrer\">Artyku\u0142 powsta\u0142 we wsp\u00f3\u0142pracy ze skoda-auto.pl<\/a><\/span><\/p>\n<p><a href=\"https:\/\/d2p6e6u75xmxt8.cloudfront.net\/5\/2030\/11\/2.webp\"><img loading=\"lazy\" decoding=\"async\" class=\"size-full wp-image-13774 aligncenter\" src=\"https:\/\/d2p6e6u75xmxt8.cloudfront.net\/5\/2030\/11\/2.webp\" alt=\"\" width=\"640\" height=\"350\" srcset=\"https:\/\/d2p6e6u75xmxt8.cloudfront.net\/5\/2030\/11\/2.webp 640w, https:\/\/d2p6e6u75xmxt8.cloudfront.net\/5\/2030\/11\/2-300x164.webp 300w, https:\/\/d2p6e6u75xmxt8.cloudfront.net\/5\/2030\/11\/2-400x219.webp 400w\" sizes=\"auto, (max-width: 640px) 100vw, 640px\" \/><\/a><\/p>\n","protected":false},"excerpt":{"rendered":"<p>Pi\u0119kna polska jesie\u0144 sk\u0142oni\u0142a mnie do odkrycia na nowo jednego z moich ulubionych rowerowych miejsc \u2013 Ziele\u0144ca, dzielnicy Dusznik-Zdroju. Ten [&hellip;]<\/p>\n","protected":false},"author":153,"featured_media":14390,"comment_status":"open","ping_status":"open","sticky":false,"template":"","format":"standard","meta":{"footnotes":""},"categories":[203],"tags":[108,117,191,404,107],"global-categories":[303],"class_list":["post-14389","post","type-post","status-publish","format-standard","has-post-thumbnail","hentry","category-bartosz-huzarski","tag-bartosz-huzarski","tag-najlepsze-trasy","tag-skoda","tag-skodapolska","tag-trasy-rowerowe","global-categories-cycling"],"yoast_head":"<!-- This site is optimized with the Yoast SEO Premium plugin v25.3 (Yoast SEO v25.9) - https:\/\/yoast.com\/wordpress\/plugins\/seo\/ -->\n<title>Odkrywamy Zieleniec na rowerze - \u0160koda We Love Cycling - Poland<\/title>\n<meta name=\"robots\" content=\"index, follow, max-snippet:-1, max-image-preview:large, max-video-preview:-1\" \/>\n<link rel=\"canonical\" href=\"https:\/\/www.welovecycling.com\/pl\/2023\/12\/11\/odkrywamy-zieleniec-na-rowerze\/\" \/>\n<meta property=\"og:locale\" content=\"pl_PL\" \/>\n<meta property=\"og:type\" content=\"article\" \/>\n<meta property=\"og:title\" content=\"Odkrywamy Zieleniec na rowerze\" \/>\n<meta property=\"og:description\" content=\"Pi\u0119kna polska jesie\u0144 sk\u0142oni\u0142a mnie do odkrycia na nowo jednego z moich ulubionych rowerowych miejsc \u2013 Ziele\u0144ca, dzielnicy Dusznik-Zdroju. Ten [&hellip;]\" \/>\n<meta property=\"og:url\" content=\"https:\/\/www.welovecycling.com\/pl\/2023\/12\/11\/odkrywamy-zieleniec-na-rowerze\/\" \/>\n<meta property=\"og:site_name\" content=\"\u0160koda We Love Cycling - Poland\" \/>\n<meta property=\"article:published_time\" content=\"2023-12-11T14:50:30+00:00\" \/>\n<meta property=\"og:image\" content=\"https:\/\/d2p6e6u75xmxt8.cloudfront.net\/5\/2023\/12\/1-scaled.webp\" \/>\n\t<meta property=\"og:image:width\" content=\"2560\" \/>\n\t<meta property=\"og:image:height\" content=\"1440\" \/>\n\t<meta property=\"og:image:type\" content=\"image\/webp\" \/>\n<meta name=\"author\" content=\"rafal\" \/>\n<meta name=\"twitter:card\" content=\"summary_large_image\" \/>\n<meta name=\"twitter:label1\" content=\"Written by\" \/>\n\t<meta name=\"twitter:data1\" content=\"Bartosz Huzarski\" \/>\n\t<meta name=\"twitter:label2\" content=\"Est. reading time\" \/>\n\t<meta name=\"twitter:data2\" content=\"5\" \/>\n<script type=\"application\/ld+json\" class=\"yoast-schema-graph\">{\"@context\":\"https:\/\/schema.org\",\"@graph\":[{\"@type\":\"WebPage\",\"@id\":\"https:\/\/www.welovecycling.com\/pl\/2023\/12\/11\/odkrywamy-zieleniec-na-rowerze\/\",\"url\":\"https:\/\/www.welovecycling.com\/pl\/2023\/12\/11\/odkrywamy-zieleniec-na-rowerze\/\",\"name\":\"Odkrywamy Zieleniec na rowerze - \u0160koda We Love Cycling - Poland\",\"isPartOf\":{\"@id\":\"https:\/\/www.welovecycling.com\/pl\/#website\"},\"primaryImageOfPage\":{\"@id\":\"https:\/\/www.welovecycling.com\/pl\/2023\/12\/11\/odkrywamy-zieleniec-na-rowerze\/#primaryimage\"},\"image\":{\"@id\":\"https:\/\/www.welovecycling.com\/pl\/2023\/12\/11\/odkrywamy-zieleniec-na-rowerze\/#primaryimage\"},\"thumbnailUrl\":\"https:\/\/d2p6e6u75xmxt8.cloudfront.net\/5\/2023\/12\/1-scaled.webp\",\"datePublished\":\"2023-12-11T14:50:30+00:00\",\"author\":{\"@id\":\"https:\/\/www.welovecycling.com\/pl\/#\/schema\/person\/bf06ed916a1ef16618807fb60d2ebe42\"},\"breadcrumb\":{\"@id\":\"https:\/\/www.welovecycling.com\/pl\/2023\/12\/11\/odkrywamy-zieleniec-na-rowerze\/#breadcrumb\"},\"inLanguage\":\"pl-PL\",\"potentialAction\":[{\"@type\":\"ReadAction\",\"target\":[\"https:\/\/www.welovecycling.com\/pl\/2023\/12\/11\/odkrywamy-zieleniec-na-rowerze\/\"]}]},{\"@type\":\"ImageObject\",\"inLanguage\":\"pl-PL\",\"@id\":\"https:\/\/www.welovecycling.com\/pl\/2023\/12\/11\/odkrywamy-zieleniec-na-rowerze\/#primaryimage\",\"url\":\"https:\/\/d2p6e6u75xmxt8.cloudfront.net\/5\/2023\/12\/1-scaled.webp\",\"contentUrl\":\"https:\/\/d2p6e6u75xmxt8.cloudfront.net\/5\/2023\/12\/1-scaled.webp\",\"width\":2560,\"height\":1440},{\"@type\":\"BreadcrumbList\",\"@id\":\"https:\/\/www.welovecycling.com\/pl\/2023\/12\/11\/odkrywamy-zieleniec-na-rowerze\/#breadcrumb\",\"itemListElement\":[{\"@type\":\"ListItem\",\"position\":1,\"name\":\"Home\",\"item\":\"https:\/\/www.welovecycling.com\/pl\/\"},{\"@type\":\"ListItem\",\"position\":2,\"name\":\"Odkrywamy Zieleniec na rowerze\"}]},{\"@type\":\"WebSite\",\"@id\":\"https:\/\/www.welovecycling.com\/pl\/#website\",\"url\":\"https:\/\/www.welovecycling.com\/pl\/\",\"name\":\"\u0160koda We Love Cycling - Poland\",\"description\":\"\",\"potentialAction\":[{\"@type\":\"SearchAction\",\"target\":{\"@type\":\"EntryPoint\",\"urlTemplate\":\"https:\/\/www.welovecycling.com\/pl\/?s={search_term_string}\"},\"query-input\":{\"@type\":\"PropertyValueSpecification\",\"valueRequired\":true,\"valueName\":\"search_term_string\"}}],\"inLanguage\":\"pl-PL\"},{\"@type\":\"Person\",\"@id\":\"https:\/\/www.welovecycling.com\/pl\/#\/schema\/person\/bf06ed916a1ef16618807fb60d2ebe42\",\"name\":\"rafal\",\"image\":{\"@type\":\"ImageObject\",\"inLanguage\":\"pl-PL\",\"@id\":\"https:\/\/www.welovecycling.com\/pl\/#\/schema\/person\/image\/\",\"url\":\"https:\/\/secure.gravatar.com\/avatar\/203f240e63bee214f6f3a0dacbeb600c7829c09716c2b9ee3230c6961debcde2?s=96&d=mm&r=g\",\"contentUrl\":\"https:\/\/secure.gravatar.com\/avatar\/203f240e63bee214f6f3a0dacbeb600c7829c09716c2b9ee3230c6961debcde2?s=96&d=mm&r=g\",\"caption\":\"rafal\"},\"url\":\"https:\/\/www.welovecycling.com\/pl\/author\/rafal\/\"}]}<\/script>\n<!-- \/ Yoast SEO Premium plugin. -->","yoast_head_json":{"title":"Odkrywamy Zieleniec na rowerze - \u0160koda We Love Cycling - Poland","robots":{"index":"index","follow":"follow","max-snippet":"max-snippet:-1","max-image-preview":"max-image-preview:large","max-video-preview":"max-video-preview:-1"},"canonical":"https:\/\/www.welovecycling.com\/pl\/2023\/12\/11\/odkrywamy-zieleniec-na-rowerze\/","og_locale":"pl_PL","og_type":"article","og_title":"Odkrywamy Zieleniec na rowerze","og_description":"Pi\u0119kna polska jesie\u0144 sk\u0142oni\u0142a mnie do odkrycia na nowo jednego z moich ulubionych rowerowych miejsc \u2013 Ziele\u0144ca, dzielnicy Dusznik-Zdroju. Ten [&hellip;]","og_url":"https:\/\/www.welovecycling.com\/pl\/2023\/12\/11\/odkrywamy-zieleniec-na-rowerze\/","og_site_name":"\u0160koda We Love Cycling - Poland","article_published_time":"2023-12-11T14:50:30+00:00","og_image":[{"width":2560,"height":1440,"url":"https:\/\/d2p6e6u75xmxt8.cloudfront.net\/5\/2023\/12\/1-scaled.webp","type":"image\/webp"}],"author":"rafal","twitter_card":"summary_large_image","twitter_misc":{"Written by":"Bartosz Huzarski","Est. reading time":"5"},"schema":{"@context":"https:\/\/schema.org","@graph":[{"@type":"WebPage","@id":"https:\/\/www.welovecycling.com\/pl\/2023\/12\/11\/odkrywamy-zieleniec-na-rowerze\/","url":"https:\/\/www.welovecycling.com\/pl\/2023\/12\/11\/odkrywamy-zieleniec-na-rowerze\/","name":"Odkrywamy Zieleniec na rowerze - \u0160koda We Love Cycling - Poland","isPartOf":{"@id":"https:\/\/www.welovecycling.com\/pl\/#website"},"primaryImageOfPage":{"@id":"https:\/\/www.welovecycling.com\/pl\/2023\/12\/11\/odkrywamy-zieleniec-na-rowerze\/#primaryimage"},"image":{"@id":"https:\/\/www.welovecycling.com\/pl\/2023\/12\/11\/odkrywamy-zieleniec-na-rowerze\/#primaryimage"},"thumbnailUrl":"https:\/\/d2p6e6u75xmxt8.cloudfront.net\/5\/2023\/12\/1-scaled.webp","datePublished":"2023-12-11T14:50:30+00:00","author":{"@id":"https:\/\/www.welovecycling.com\/pl\/#\/schema\/person\/bf06ed916a1ef16618807fb60d2ebe42"},"breadcrumb":{"@id":"https:\/\/www.welovecycling.com\/pl\/2023\/12\/11\/odkrywamy-zieleniec-na-rowerze\/#breadcrumb"},"inLanguage":"pl-PL","potentialAction":[{"@type":"ReadAction","target":["https:\/\/www.welovecycling.com\/pl\/2023\/12\/11\/odkrywamy-zieleniec-na-rowerze\/"]}]},{"@type":"ImageObject","inLanguage":"pl-PL","@id":"https:\/\/www.welovecycling.com\/pl\/2023\/12\/11\/odkrywamy-zieleniec-na-rowerze\/#primaryimage","url":"https:\/\/d2p6e6u75xmxt8.cloudfront.net\/5\/2023\/12\/1-scaled.webp","contentUrl":"https:\/\/d2p6e6u75xmxt8.cloudfront.net\/5\/2023\/12\/1-scaled.webp","width":2560,"height":1440},{"@type":"BreadcrumbList","@id":"https:\/\/www.welovecycling.com\/pl\/2023\/12\/11\/odkrywamy-zieleniec-na-rowerze\/#breadcrumb","itemListElement":[{"@type":"ListItem","position":1,"name":"Home","item":"https:\/\/www.welovecycling.com\/pl\/"},{"@type":"ListItem","position":2,"name":"Odkrywamy Zieleniec na rowerze"}]},{"@type":"WebSite","@id":"https:\/\/www.welovecycling.com\/pl\/#website","url":"https:\/\/www.welovecycling.com\/pl\/","name":"\u0160koda We Love Cycling - Poland","description":"","potentialAction":[{"@type":"SearchAction","target":{"@type":"EntryPoint","urlTemplate":"https:\/\/www.welovecycling.com\/pl\/?s={search_term_string}"},"query-input":{"@type":"PropertyValueSpecification","valueRequired":true,"valueName":"search_term_string"}}],"inLanguage":"pl-PL"},{"@type":"Person","@id":"https:\/\/www.welovecycling.com\/pl\/#\/schema\/person\/bf06ed916a1ef16618807fb60d2ebe42","name":"rafal","image":{"@type":"ImageObject","inLanguage":"pl-PL","@id":"https:\/\/www.welovecycling.com\/pl\/#\/schema\/person\/image\/","url":"https:\/\/secure.gravatar.com\/avatar\/203f240e63bee214f6f3a0dacbeb600c7829c09716c2b9ee3230c6961debcde2?s=96&d=mm&r=g","contentUrl":"https:\/\/secure.gravatar.com\/avatar\/203f240e63bee214f6f3a0dacbeb600c7829c09716c2b9ee3230c6961debcde2?s=96&d=mm&r=g","caption":"rafal"},"url":"https:\/\/www.welovecycling.com\/pl\/author\/rafal\/"}]}},"_links":{"self":[{"href":"https:\/\/www.welovecycling.com\/pl\/wp-json\/wp\/v2\/posts\/14389","targetHints":{"allow":["GET"]}}],"collection":[{"href":"https:\/\/www.welovecycling.com\/pl\/wp-json\/wp\/v2\/posts"}],"about":[{"href":"https:\/\/www.welovecycling.com\/pl\/wp-json\/wp\/v2\/types\/post"}],"author":[{"embeddable":true,"href":"https:\/\/www.welovecycling.com\/pl\/wp-json\/wp\/v2\/users\/153"}],"replies":[{"embeddable":true,"href":"https:\/\/www.welovecycling.com\/pl\/wp-json\/wp\/v2\/comments?post=14389"}],"version-history":[{"count":3,"href":"https:\/\/www.welovecycling.com\/pl\/wp-json\/wp\/v2\/posts\/14389\/revisions"}],"predecessor-version":[{"id":14401,"href":"https:\/\/www.welovecycling.com\/pl\/wp-json\/wp\/v2\/posts\/14389\/revisions\/14401"}],"wp:featuredmedia":[{"embeddable":true,"href":"https:\/\/www.welovecycling.com\/pl\/wp-json\/wp\/v2\/media\/14390"}],"wp:attachment":[{"href":"https:\/\/www.welovecycling.com\/pl\/wp-json\/wp\/v2\/media?parent=14389"}],"wp:term":[{"taxonomy":"category","embeddable":true,"href":"https:\/\/www.welovecycling.com\/pl\/wp-json\/wp\/v2\/categories?post=14389"},{"taxonomy":"post_tag","embeddable":true,"href":"https:\/\/www.welovecycling.com\/pl\/wp-json\/wp\/v2\/tags?post=14389"},{"taxonomy":"global-categories","embeddable":true,"href":"https:\/\/www.welovecycling.com\/pl\/wp-json\/wp\/v2\/global-categories?post=14389"}],"curies":[{"name":"wp","href":"https:\/\/api.w.org\/{rel}","templated":true}]}}