{"id":14369,"date":"2023-11-30T08:25:59","date_gmt":"2023-11-30T08:25:59","guid":{"rendered":"https:\/\/www.welovecycling.com\/pl\/?p=14369"},"modified":"2023-11-30T08:25:59","modified_gmt":"2023-11-30T08:25:59","slug":"jazda-dla-sprawy-jak-jazda-na-rowerze-moze-pozytywnie-wplynac-na-spoleczenstwo","status":"publish","type":"post","link":"https:\/\/www.welovecycling.com\/pl\/2023\/11\/30\/jazda-dla-sprawy-jak-jazda-na-rowerze-moze-pozytywnie-wplynac-na-spoleczenstwo\/","title":{"rendered":"Jazda dla sprawy: jak jazda na rowerze mo\u017ce pozytywnie wp\u0142yn\u0105\u0107 na spo\u0142ecze\u0144stwo?"},"content":{"rendered":"<p><strong>Ludzie je\u017cd\u017c\u0105 na rowerach z wielu r\u00f3\u017cnych powod\u00f3w. Niezale\u017cnie od tego, czy chodzi o rekreacj\u0119, dojazdy do pracy, czy po prostu szybk\u0105 wizyt\u0119 w sklepie, i niezale\u017cnie, czy zdajesz sobie z tego spraw\u0119, czy nie \u2013 za ka\u017cdym razem, gdy wskakujesz na rower, wspierasz pot\u0119\u017cne narz\u0119dzie zmian spo\u0142ecznych.<\/strong><\/p>\n<p>Poza oczywistymi korzy\u015bciami dla zdrowia fizycznego i psychicznego jazda na rowerze mo\u017ce mie\u0107 znacz\u0105cy pozytywny wp\u0142yw na spo\u0142ecze\u0144stwo \u2013 od promowania zr\u00f3wnowa\u017conego rozwoju po budowanie wsp\u00f3lnoty. Zbadajmy, w jaki spos\u00f3b jazda na rowerze mo\u017ce si\u0119 sta\u0107 si\u0142\u0105 nap\u0119dow\u0105 dobra.<\/p>\n<p><span style=\"font-size: 14pt;\"><strong>Poprawa zdrowia publicznego<\/strong><\/span><\/p>\n<p>Jako aktywno\u015b\u0107 fizyczna jazda na rowerze oferuje ogromn\u0105 liczb\u0119 korzy\u015bci zdrowotnych. Osoby, kt\u00f3re je\u017cd\u017c\u0105 regularnie \u2013 bez wzgl\u0119du na to, jak je\u017cd\u017c\u0105 i po co \u2013 odznaczaj\u0105 si\u0119 lepsz\u0105 wydolno\u015bci\u0105 sercowo-naczyniow\u0105, zwi\u0119kszon\u0105 si\u0142\u0105 mi\u0119\u015bni i wi\u0119ksz\u0105 elastyczno\u015bci\u0105 staw\u00f3w. Wszystkie te korzy\u015bci zdrowotne maj\u0105 r\u00f3wnie\u017c wp\u0142yw d\u0142ugoterminowy, poniewa\u017c zmniejszaj\u0105 ryzyko oty\u0142o\u015bci i chor\u00f3b serca przez ca\u0142e \u017cycie. Tw\u00f3j og\u00f3lny koszt dla systemu opieki zdrowotnej znacznie spadnie, a w rezultacie mo\u017cesz uzna\u0107, \u017ce robisz co\u015b pozytywnego dla spo\u0142ecze\u0144stwa.<\/p>\n<p>W Wielkiej Brytanii z zanieczyszczeniem powietrza zwi\u0105zane s\u0105 dziesi\u0105tki tysi\u0119cy zgon\u00f3w rocznie. Ka\u017cdy, kto decyduje si\u0119 codziennie je\u017adzi\u0107 na rowerze, zmniejsza og\u00f3lny poziom zanieczyszczenia powietrza. Tak wi\u0119c, peda\u0142uj\u0105c na rowerze, zapewniasz korzy\u015bci nie tylko dla swojego zdrowia, ale tak\u017ce dla zdrowia ludzi wok\u00f3\u0142 Ciebie.<\/p>\n<p><span style=\"font-size: 14pt;\"><strong>Wzmacnianie spo\u0142eczno\u015bci i budowanie nowych<\/strong><\/span><\/p>\n<p>Jazda na rowerze zbli\u017ca ludzi, nie ma co do tego w\u0105tpliwo\u015bci. Kluby rowerowe, wsp\u00f3lne przeja\u017cd\u017cki i imprezy kolarskie stwarzaj\u0105 okazje do interakcji spo\u0142ecznych i kole\u017ce\u0144stwa. Spotkania te wykraczaj\u0105 poza wiek, p\u0142e\u0107 i pochodzenie, tworz\u0105c poczucie wsp\u00f3lnoty i przynale\u017cno\u015bci. Kiedy ludzie je\u017cd\u017c\u0105 razem, mog\u0105 napotka\u0107 trudno\u015bci lub pokona\u0107 przeszkody, co poprawia ich pewno\u015b\u0107 siebie \u2013 robienie tego z innymi lud\u017ami dodatkowo wzmacnia wi\u0119zi. Kiedy ludzie je\u017cd\u017c\u0105 razem na rowerach, nawi\u0105zuj\u0105 przyja\u017anie i kontakty, kt\u00f3re wykraczaj\u0105 daleko poza samo przemieszczanie si\u0119 z punktu A do punktu B.<\/p>\n<p>Kolarstwo to stale rozwijaj\u0105cy si\u0119 sport, a r\u00f3wnocze\u015bnie rosn\u0105 tak\u017ce zwi\u0105zane z nim spo\u0142eczno\u015bci. Wysi\u0142ki maj\u0105ce na celu zach\u0119cenie wi\u0119kszej liczby kobiet do jazdy doprowadzi\u0142y do rozkwitu grup kolarskich prowadzonych w\u0142a\u015bnie przez kobiety. Wp\u0142yw tych spo\u0142eczno\u015bci mo\u017cna dostrzec gdzie indziej, na przyk\u0142ad w wi\u0119kszej liczbie kobiet bior\u0105cych udzia\u0142 w niekt\u00f3rych imprezach kolarskich. M\u0142ode dziewcz\u0119ta, widz\u0105c kobiety w sporcie, mog\u0105 zmieni\u0107 sw\u00f3j spos\u00f3b my\u015blenia, co prowadzi do bardziej pozytywnej postawy wobec sportu od najm\u0142odszych lat i dalej w wieku doros\u0142ym. Spo\u0142ecze\u0144stwo mo\u017ce tylko skorzysta\u0107 na sprawniejszych i zdrowszych ludziach!<\/p>\n<p><span style=\"font-size: 14pt;\"><strong>Jazda w celach charytatywnych<\/strong><\/span><\/p>\n<div class=\"embed-controller-wrapper\">\n<blockquote class=\"twitter-tweet\" data-width=\"500\" data-dnt=\"true\">\n<p lang=\"en\" dir=\"ltr\">\ud83d\udeb2\u2728 Check out this amazing picture from this week&#39;s donation session in London! \ud83d\udcf8<\/p>\n<p>From week to week, our mission to support refugees and people seeking asylum continues. <\/p>\n<p>If you want to contribute and make a difference, simply register your old bike at <a href=\"https:\/\/t.co\/8bVdwUTiFv\">https:\/\/t.co\/8bVdwUTiFv<\/a> <a href=\"https:\/\/t.co\/ZjuKQbAdvi\">pic.twitter.com\/ZjuKQbAdvi<\/a><\/p>\n<p>&mdash; The Bike Project \ud83e\udde1 (@The_BikeProject) <a href=\"https:\/\/twitter.com\/The_BikeProject\/status\/1707802782852427967?ref_src=twsrc%5Etfw\">September 29, 2023<\/a><\/p><\/blockquote>\n<p><script async data-src=\"https:\/\/platform.twitter.com\/widgets.js\" charset=\"utf-8\"><\/script><\/div>\n<p>By\u0107 mo\u017ce jednym z bardziej oczywistych sposob\u00f3w bezpo\u015bredniego wp\u0142ywania na sytuacj\u0119 spo\u0142ecze\u0144stwa jest udzia\u0142 w charytatywnym rajdzie rowerowym. Rowerzy\u015bci mog\u0105 bra\u0107 udzia\u0142 w d\u0142ugodystansowych wyprawach, aby podnosi\u0107 \u015bwiadomo\u015b\u0107 i zbiera\u0107 fundusze na r\u00f3\u017cnego rodzaju cele spo\u0142eczne, od bada\u0144 medycznych po pomoc w przypadku katastrof lub walk\u0119 z ub\u00f3stwem. Tego rodzaju rajdy nie tylko generuj\u0105 wsparcie finansowe, ale tak\u017ce zwracaj\u0105 uwag\u0119 na wa\u017cne kwestie, kt\u00f3re mog\u0105 by\u0107 bliskie sercu rowerzysty, a w ten spos\u00f3b zach\u0119caj\u0105 do szerszego uczestnictwa i potencjalnie zwi\u0119kszaj\u0105 gromadzone fundusze.<\/p>\n<p>Istnieje wiele opcji zbierania pieni\u0119dzy na wsparcie organizacji charytatywnej:<\/p>\n<ul>\n<li><strong>Zorganizowany rajd charytatywny<\/strong>, w kt\u00f3rym ca\u0142a logistyka jest ju\u017c za\u0142atwiona \u2013 cho\u0107 prawdopodobnie b\u0119dzie to wymaga\u0142o zebrania minimalnej kwoty na pokrycie koszt\u00f3w. Mo\u017cesz nawet odby\u0107 szkolenie i spotka\u0107 inne osoby z podobn\u0105 motywacj\u0105, bior\u0105ce udzia\u0142 w tego typu wydarzeniach.<\/li>\n<li><strong>Niezale\u017cna jazda charytatywna:<\/strong> je\u015bli znasz konkretn\u0105 organizacj\u0119 charytatywn\u0105 lub spraw\u0119, kt\u00f3ra jest bliska Twojemu sercu, mo\u017cesz zorganizowa\u0107 rajd samodzielnie i zebra\u0107 na ni\u0105 pieni\u0105dze. Logistycznie b\u0119dzie to trudniejsze, ale ustalasz w\u0142asny cel finansowy i podejmujesz si\u0119 osobistego wyzwania. Mo\u017cesz zdecydowa\u0107 si\u0119 na zbieranie pieni\u0119dzy dla istniej\u0105cej organizacji charytatywnej lub broni\u0107 niezale\u017cnej sprawy, wykorzystuj\u0105c jazd\u0119 na rowerze do podnoszenia \u015bwiadomo\u015bci na jej temat, je\u015bli \u017cadna inna organizacja charytatywna dot\u0105d si\u0119 tym nie zainteresowa\u0142a.<\/li>\n<\/ul>\n<p><strong><span style=\"font-size: 14pt;\">Wzmocnienie sytuacji wra\u017cliwych spo\u0142eczno\u015bci<\/span><\/strong><\/p>\n<p>Na ca\u0142ym \u015bwiecie rowery odgrywaj\u0105 kluczow\u0105 rol\u0119 we wzmacnianiu sytuacji spo\u0142eczno\u015bci znajduj\u0105cych si\u0119 w trudnym po\u0142o\u017ceniu. Stanowi\u0105 one wzgl\u0119dnie dost\u0119pny \u015brodek transportu, zapewniaj\u0105cy dost\u0119p do edukacji, opieki zdrowotnej i mo\u017cliwo\u015bci ekonomicznych, kt\u00f3re w przeciwnym razie mog\u0142yby by\u0107 poza zasi\u0119giem ze wzgl\u0119du na ograniczone warunki transportu.<\/p>\n<p>Istniej\u0105 organizacje i inicjatywy, kt\u00f3re dystrybuuj\u0105 rowery do obszar\u00f3w o niedostatecznym dost\u0119pie do us\u0142ug i maj\u0105 bezpo\u015bredni wp\u0142yw na zmniejszenie ub\u00f3stwa, poprawiaj\u0105c mobilno\u015b\u0107 spo\u0142eczn\u0105. The Bike Project to jedna z takich organizacji \u2013 przyjmuje ona darowizny w postaci rower\u00f3w, odnawia je, a nast\u0119pnie przekazuje potrzebuj\u0105cym za po\u015brednictwem partner\u00f3w takich jak organizacje charytatywne zajmuj\u0105ce si\u0119 uchod\u017acami i zdrowiem psychicznym.<\/p>\n<p>Jazda na rowerze nie jest po prostu sposobem na dotarcie z punktu A do punktu B \u2013 zawsze by\u0142a si\u0142\u0105 nap\u0119dow\u0105 pozytywnych zmian. Niezale\u017cnie od tego, czy chodzi o zr\u00f3wnowa\u017cony rozw\u00f3j, spo\u0142eczno\u015b\u0107, rzecznictwo, czy popraw\u0119 czyjej\u015b sytuacji, dzi\u0119ki je\u017adzie na rowerze jednostki i spo\u0142eczno\u015bci mog\u0105 dzia\u0142a\u0107 w s\u0142usznej sprawie, przekszta\u0142caj\u0105c zwyk\u0142\u0105 przeja\u017cd\u017ck\u0119 w pot\u0119\u017cny akt spo\u0142ecznego nacisku. Podczas gdy \u015bwiatowi liderzy szukaj\u0105 innowacyjnych rozwi\u0105za\u0144 dla wyzwa\u0144 spo\u0142ecznych, prosta czynno\u015b\u0107 jazdy na rowerze mo\u017ce przyczyni\u0107 si\u0119 do szcz\u0119\u015bliwszej i zdrowszej przysz\u0142o\u015bci.<\/p>\n<p><span data-sheets-value=\"{&quot;1&quot;:2,&quot;2&quot;:&quot;Artyku\u0142 powsta\u0142 we wsp\u00f3\u0142pracy ze skoda-auto.pl&quot;}\" data-sheets-userformat=\"{&quot;2&quot;:1,&quot;3&quot;:{&quot;1&quot;:0}}\" data-sheets-hyperlink=\"http:\/\/www.skoda-auto.pl\/\"><a class=\"in-cell-link\" href=\"http:\/\/www.skoda-auto.pl\/\" target=\"_blank\" rel=\"noopener noreferrer\">Artyku\u0142 powsta\u0142 we wsp\u00f3\u0142pracy ze skoda-auto.pl<\/a><\/span><\/p>\n<p><img decoding=\"async\" src=\"https:\/\/d2p6e6u75xmxt8.cloudfront.net\/5\/2030\/11\/3.webp\" \/><\/p>\n","protected":false},"excerpt":{"rendered":"<p>Ludzie je\u017cd\u017c\u0105 na rowerach z wielu r\u00f3\u017cnych powod\u00f3w. Niezale\u017cnie od tego, czy chodzi o rekreacj\u0119, dojazdy do pracy, czy po [&hellip;]<\/p>\n","protected":false},"author":153,"featured_media":14374,"comment_status":"open","ping_status":"open","sticky":false,"template":"","format":"standard","meta":{"footnotes":""},"categories":[365],"tags":[138,191,404,16,373],"global-categories":[303],"class_list":["post-14369","post","type-post","status-publish","format-standard","has-post-thumbnail","hentry","category-spolecznosc","tag-relacje","tag-skoda","tag-skodapolska","tag-zdrowie","tag-zycie-spoleczne","global-categories-cycling"],"yoast_head":"<!-- This site is optimized with the Yoast SEO Premium plugin v25.3 (Yoast SEO v25.9) - https:\/\/yoast.com\/wordpress\/plugins\/seo\/ -->\n<title>Jazda dla sprawy: jak jazda na rowerze mo\u017ce pozytywnie wp\u0142yn\u0105\u0107 na spo\u0142ecze\u0144stwo? - \u0160koda We Love Cycling - Poland<\/title>\n<meta name=\"robots\" content=\"index, follow, max-snippet:-1, max-image-preview:large, max-video-preview:-1\" \/>\n<link rel=\"canonical\" href=\"https:\/\/www.welovecycling.com\/pl\/2023\/11\/30\/jazda-dla-sprawy-jak-jazda-na-rowerze-moze-pozytywnie-wplynac-na-spoleczenstwo\/\" \/>\n<meta property=\"og:locale\" content=\"pl_PL\" \/>\n<meta property=\"og:type\" content=\"article\" \/>\n<meta property=\"og:title\" content=\"Jazda dla sprawy: jak jazda na rowerze mo\u017ce pozytywnie wp\u0142yn\u0105\u0107 na spo\u0142ecze\u0144stwo?\" \/>\n<meta property=\"og:description\" content=\"Ludzie je\u017cd\u017c\u0105 na rowerach z wielu r\u00f3\u017cnych powod\u00f3w. Niezale\u017cnie od tego, czy chodzi o rekreacj\u0119, dojazdy do pracy, czy po [&hellip;]\" \/>\n<meta property=\"og:url\" content=\"https:\/\/www.welovecycling.com\/pl\/2023\/11\/30\/jazda-dla-sprawy-jak-jazda-na-rowerze-moze-pozytywnie-wplynac-na-spoleczenstwo\/\" \/>\n<meta property=\"og:site_name\" content=\"\u0160koda We Love Cycling - Poland\" \/>\n<meta property=\"article:published_time\" content=\"2023-11-30T08:25:59+00:00\" \/>\n<meta property=\"og:image\" content=\"https:\/\/d2p6e6u75xmxt8.cloudfront.net\/5\/2023\/11\/Ride-for-a-Cause-How-Can-Cycling-Make-a-Positive-Impact-on-Society.webp\" \/>\n\t<meta property=\"og:image:width\" content=\"990\" \/>\n\t<meta property=\"og:image:height\" content=\"660\" \/>\n\t<meta property=\"og:image:type\" content=\"image\/webp\" \/>\n<meta name=\"author\" content=\"rafal\" \/>\n<meta name=\"twitter:card\" content=\"summary_large_image\" \/>\n<meta name=\"twitter:label1\" content=\"Written by\" \/>\n\t<meta name=\"twitter:data1\" content=\"Charlotte Murray\" \/>\n\t<meta name=\"twitter:label2\" content=\"Est. reading time\" \/>\n\t<meta name=\"twitter:data2\" content=\"4\" \/>\n<script type=\"application\/ld+json\" class=\"yoast-schema-graph\">{\"@context\":\"https:\/\/schema.org\",\"@graph\":[{\"@type\":\"WebPage\",\"@id\":\"https:\/\/www.welovecycling.com\/pl\/2023\/11\/30\/jazda-dla-sprawy-jak-jazda-na-rowerze-moze-pozytywnie-wplynac-na-spoleczenstwo\/\",\"url\":\"https:\/\/www.welovecycling.com\/pl\/2023\/11\/30\/jazda-dla-sprawy-jak-jazda-na-rowerze-moze-pozytywnie-wplynac-na-spoleczenstwo\/\",\"name\":\"Jazda dla sprawy: jak jazda na rowerze mo\u017ce pozytywnie wp\u0142yn\u0105\u0107 na spo\u0142ecze\u0144stwo? - \u0160koda We Love Cycling - Poland\",\"isPartOf\":{\"@id\":\"https:\/\/www.welovecycling.com\/pl\/#website\"},\"primaryImageOfPage\":{\"@id\":\"https:\/\/www.welovecycling.com\/pl\/2023\/11\/30\/jazda-dla-sprawy-jak-jazda-na-rowerze-moze-pozytywnie-wplynac-na-spoleczenstwo\/#primaryimage\"},\"image\":{\"@id\":\"https:\/\/www.welovecycling.com\/pl\/2023\/11\/30\/jazda-dla-sprawy-jak-jazda-na-rowerze-moze-pozytywnie-wplynac-na-spoleczenstwo\/#primaryimage\"},\"thumbnailUrl\":\"https:\/\/d2p6e6u75xmxt8.cloudfront.net\/5\/2023\/11\/Ride-for-a-Cause-How-Can-Cycling-Make-a-Positive-Impact-on-Society.webp\",\"datePublished\":\"2023-11-30T08:25:59+00:00\",\"author\":{\"@id\":\"https:\/\/www.welovecycling.com\/pl\/#\/schema\/person\/bf06ed916a1ef16618807fb60d2ebe42\"},\"breadcrumb\":{\"@id\":\"https:\/\/www.welovecycling.com\/pl\/2023\/11\/30\/jazda-dla-sprawy-jak-jazda-na-rowerze-moze-pozytywnie-wplynac-na-spoleczenstwo\/#breadcrumb\"},\"inLanguage\":\"pl-PL\",\"potentialAction\":[{\"@type\":\"ReadAction\",\"target\":[\"https:\/\/www.welovecycling.com\/pl\/2023\/11\/30\/jazda-dla-sprawy-jak-jazda-na-rowerze-moze-pozytywnie-wplynac-na-spoleczenstwo\/\"]}]},{\"@type\":\"ImageObject\",\"inLanguage\":\"pl-PL\",\"@id\":\"https:\/\/www.welovecycling.com\/pl\/2023\/11\/30\/jazda-dla-sprawy-jak-jazda-na-rowerze-moze-pozytywnie-wplynac-na-spoleczenstwo\/#primaryimage\",\"url\":\"https:\/\/d2p6e6u75xmxt8.cloudfront.net\/5\/2023\/11\/Ride-for-a-Cause-How-Can-Cycling-Make-a-Positive-Impact-on-Society.webp\",\"contentUrl\":\"https:\/\/d2p6e6u75xmxt8.cloudfront.net\/5\/2023\/11\/Ride-for-a-Cause-How-Can-Cycling-Make-a-Positive-Impact-on-Society.webp\",\"width\":990,\"height\":660},{\"@type\":\"BreadcrumbList\",\"@id\":\"https:\/\/www.welovecycling.com\/pl\/2023\/11\/30\/jazda-dla-sprawy-jak-jazda-na-rowerze-moze-pozytywnie-wplynac-na-spoleczenstwo\/#breadcrumb\",\"itemListElement\":[{\"@type\":\"ListItem\",\"position\":1,\"name\":\"Home\",\"item\":\"https:\/\/www.welovecycling.com\/pl\/\"},{\"@type\":\"ListItem\",\"position\":2,\"name\":\"Jazda dla sprawy: jak jazda na rowerze mo\u017ce pozytywnie wp\u0142yn\u0105\u0107 na spo\u0142ecze\u0144stwo?\"}]},{\"@type\":\"WebSite\",\"@id\":\"https:\/\/www.welovecycling.com\/pl\/#website\",\"url\":\"https:\/\/www.welovecycling.com\/pl\/\",\"name\":\"\u0160koda We Love Cycling - Poland\",\"description\":\"\",\"potentialAction\":[{\"@type\":\"SearchAction\",\"target\":{\"@type\":\"EntryPoint\",\"urlTemplate\":\"https:\/\/www.welovecycling.com\/pl\/?s={search_term_string}\"},\"query-input\":{\"@type\":\"PropertyValueSpecification\",\"valueRequired\":true,\"valueName\":\"search_term_string\"}}],\"inLanguage\":\"pl-PL\"},{\"@type\":\"Person\",\"@id\":\"https:\/\/www.welovecycling.com\/pl\/#\/schema\/person\/bf06ed916a1ef16618807fb60d2ebe42\",\"name\":\"rafal\",\"image\":{\"@type\":\"ImageObject\",\"inLanguage\":\"pl-PL\",\"@id\":\"https:\/\/www.welovecycling.com\/pl\/#\/schema\/person\/image\/\",\"url\":\"https:\/\/secure.gravatar.com\/avatar\/203f240e63bee214f6f3a0dacbeb600c7829c09716c2b9ee3230c6961debcde2?s=96&d=mm&r=g\",\"contentUrl\":\"https:\/\/secure.gravatar.com\/avatar\/203f240e63bee214f6f3a0dacbeb600c7829c09716c2b9ee3230c6961debcde2?s=96&d=mm&r=g\",\"caption\":\"rafal\"},\"url\":\"https:\/\/www.welovecycling.com\/pl\/author\/rafal\/\"}]}<\/script>\n<!-- \/ Yoast SEO Premium plugin. -->","yoast_head_json":{"title":"Jazda dla sprawy: jak jazda na rowerze mo\u017ce pozytywnie wp\u0142yn\u0105\u0107 na spo\u0142ecze\u0144stwo? - \u0160koda We Love Cycling - Poland","robots":{"index":"index","follow":"follow","max-snippet":"max-snippet:-1","max-image-preview":"max-image-preview:large","max-video-preview":"max-video-preview:-1"},"canonical":"https:\/\/www.welovecycling.com\/pl\/2023\/11\/30\/jazda-dla-sprawy-jak-jazda-na-rowerze-moze-pozytywnie-wplynac-na-spoleczenstwo\/","og_locale":"pl_PL","og_type":"article","og_title":"Jazda dla sprawy: jak jazda na rowerze mo\u017ce pozytywnie wp\u0142yn\u0105\u0107 na spo\u0142ecze\u0144stwo?","og_description":"Ludzie je\u017cd\u017c\u0105 na rowerach z wielu r\u00f3\u017cnych powod\u00f3w. Niezale\u017cnie od tego, czy chodzi o rekreacj\u0119, dojazdy do pracy, czy po [&hellip;]","og_url":"https:\/\/www.welovecycling.com\/pl\/2023\/11\/30\/jazda-dla-sprawy-jak-jazda-na-rowerze-moze-pozytywnie-wplynac-na-spoleczenstwo\/","og_site_name":"\u0160koda We Love Cycling - Poland","article_published_time":"2023-11-30T08:25:59+00:00","og_image":[{"width":990,"height":660,"url":"https:\/\/d2p6e6u75xmxt8.cloudfront.net\/5\/2023\/11\/Ride-for-a-Cause-How-Can-Cycling-Make-a-Positive-Impact-on-Society.webp","type":"image\/webp"}],"author":"rafal","twitter_card":"summary_large_image","twitter_misc":{"Written by":"Charlotte Murray","Est. reading time":"4"},"schema":{"@context":"https:\/\/schema.org","@graph":[{"@type":"WebPage","@id":"https:\/\/www.welovecycling.com\/pl\/2023\/11\/30\/jazda-dla-sprawy-jak-jazda-na-rowerze-moze-pozytywnie-wplynac-na-spoleczenstwo\/","url":"https:\/\/www.welovecycling.com\/pl\/2023\/11\/30\/jazda-dla-sprawy-jak-jazda-na-rowerze-moze-pozytywnie-wplynac-na-spoleczenstwo\/","name":"Jazda dla sprawy: jak jazda na rowerze mo\u017ce pozytywnie wp\u0142yn\u0105\u0107 na spo\u0142ecze\u0144stwo? - \u0160koda We Love Cycling - Poland","isPartOf":{"@id":"https:\/\/www.welovecycling.com\/pl\/#website"},"primaryImageOfPage":{"@id":"https:\/\/www.welovecycling.com\/pl\/2023\/11\/30\/jazda-dla-sprawy-jak-jazda-na-rowerze-moze-pozytywnie-wplynac-na-spoleczenstwo\/#primaryimage"},"image":{"@id":"https:\/\/www.welovecycling.com\/pl\/2023\/11\/30\/jazda-dla-sprawy-jak-jazda-na-rowerze-moze-pozytywnie-wplynac-na-spoleczenstwo\/#primaryimage"},"thumbnailUrl":"https:\/\/d2p6e6u75xmxt8.cloudfront.net\/5\/2023\/11\/Ride-for-a-Cause-How-Can-Cycling-Make-a-Positive-Impact-on-Society.webp","datePublished":"2023-11-30T08:25:59+00:00","author":{"@id":"https:\/\/www.welovecycling.com\/pl\/#\/schema\/person\/bf06ed916a1ef16618807fb60d2ebe42"},"breadcrumb":{"@id":"https:\/\/www.welovecycling.com\/pl\/2023\/11\/30\/jazda-dla-sprawy-jak-jazda-na-rowerze-moze-pozytywnie-wplynac-na-spoleczenstwo\/#breadcrumb"},"inLanguage":"pl-PL","potentialAction":[{"@type":"ReadAction","target":["https:\/\/www.welovecycling.com\/pl\/2023\/11\/30\/jazda-dla-sprawy-jak-jazda-na-rowerze-moze-pozytywnie-wplynac-na-spoleczenstwo\/"]}]},{"@type":"ImageObject","inLanguage":"pl-PL","@id":"https:\/\/www.welovecycling.com\/pl\/2023\/11\/30\/jazda-dla-sprawy-jak-jazda-na-rowerze-moze-pozytywnie-wplynac-na-spoleczenstwo\/#primaryimage","url":"https:\/\/d2p6e6u75xmxt8.cloudfront.net\/5\/2023\/11\/Ride-for-a-Cause-How-Can-Cycling-Make-a-Positive-Impact-on-Society.webp","contentUrl":"https:\/\/d2p6e6u75xmxt8.cloudfront.net\/5\/2023\/11\/Ride-for-a-Cause-How-Can-Cycling-Make-a-Positive-Impact-on-Society.webp","width":990,"height":660},{"@type":"BreadcrumbList","@id":"https:\/\/www.welovecycling.com\/pl\/2023\/11\/30\/jazda-dla-sprawy-jak-jazda-na-rowerze-moze-pozytywnie-wplynac-na-spoleczenstwo\/#breadcrumb","itemListElement":[{"@type":"ListItem","position":1,"name":"Home","item":"https:\/\/www.welovecycling.com\/pl\/"},{"@type":"ListItem","position":2,"name":"Jazda dla sprawy: jak jazda na rowerze mo\u017ce pozytywnie wp\u0142yn\u0105\u0107 na spo\u0142ecze\u0144stwo?"}]},{"@type":"WebSite","@id":"https:\/\/www.welovecycling.com\/pl\/#website","url":"https:\/\/www.welovecycling.com\/pl\/","name":"\u0160koda We Love Cycling - Poland","description":"","potentialAction":[{"@type":"SearchAction","target":{"@type":"EntryPoint","urlTemplate":"https:\/\/www.welovecycling.com\/pl\/?s={search_term_string}"},"query-input":{"@type":"PropertyValueSpecification","valueRequired":true,"valueName":"search_term_string"}}],"inLanguage":"pl-PL"},{"@type":"Person","@id":"https:\/\/www.welovecycling.com\/pl\/#\/schema\/person\/bf06ed916a1ef16618807fb60d2ebe42","name":"rafal","image":{"@type":"ImageObject","inLanguage":"pl-PL","@id":"https:\/\/www.welovecycling.com\/pl\/#\/schema\/person\/image\/","url":"https:\/\/secure.gravatar.com\/avatar\/203f240e63bee214f6f3a0dacbeb600c7829c09716c2b9ee3230c6961debcde2?s=96&d=mm&r=g","contentUrl":"https:\/\/secure.gravatar.com\/avatar\/203f240e63bee214f6f3a0dacbeb600c7829c09716c2b9ee3230c6961debcde2?s=96&d=mm&r=g","caption":"rafal"},"url":"https:\/\/www.welovecycling.com\/pl\/author\/rafal\/"}]}},"_links":{"self":[{"href":"https:\/\/www.welovecycling.com\/pl\/wp-json\/wp\/v2\/posts\/14369","targetHints":{"allow":["GET"]}}],"collection":[{"href":"https:\/\/www.welovecycling.com\/pl\/wp-json\/wp\/v2\/posts"}],"about":[{"href":"https:\/\/www.welovecycling.com\/pl\/wp-json\/wp\/v2\/types\/post"}],"author":[{"embeddable":true,"href":"https:\/\/www.welovecycling.com\/pl\/wp-json\/wp\/v2\/users\/153"}],"replies":[{"embeddable":true,"href":"https:\/\/www.welovecycling.com\/pl\/wp-json\/wp\/v2\/comments?post=14369"}],"version-history":[{"count":6,"href":"https:\/\/www.welovecycling.com\/pl\/wp-json\/wp\/v2\/posts\/14369\/revisions"}],"predecessor-version":[{"id":14376,"href":"https:\/\/www.welovecycling.com\/pl\/wp-json\/wp\/v2\/posts\/14369\/revisions\/14376"}],"wp:featuredmedia":[{"embeddable":true,"href":"https:\/\/www.welovecycling.com\/pl\/wp-json\/wp\/v2\/media\/14374"}],"wp:attachment":[{"href":"https:\/\/www.welovecycling.com\/pl\/wp-json\/wp\/v2\/media?parent=14369"}],"wp:term":[{"taxonomy":"category","embeddable":true,"href":"https:\/\/www.welovecycling.com\/pl\/wp-json\/wp\/v2\/categories?post=14369"},{"taxonomy":"post_tag","embeddable":true,"href":"https:\/\/www.welovecycling.com\/pl\/wp-json\/wp\/v2\/tags?post=14369"},{"taxonomy":"global-categories","embeddable":true,"href":"https:\/\/www.welovecycling.com\/pl\/wp-json\/wp\/v2\/global-categories?post=14369"}],"curies":[{"name":"wp","href":"https:\/\/api.w.org\/{rel}","templated":true}]}}