{"id":14350,"date":"2023-11-10T12:19:30","date_gmt":"2023-11-10T12:19:30","guid":{"rendered":"https:\/\/www.welovecycling.com\/pl\/?p=14350"},"modified":"2023-11-10T12:19:30","modified_gmt":"2023-11-10T12:19:30","slug":"nowosci-w-tour-de-france-takich-rzeczy-jeszcze-nie-bylo","status":"publish","type":"post","link":"https:\/\/www.welovecycling.com\/pl\/2023\/11\/10\/nowosci-w-tour-de-france-takich-rzeczy-jeszcze-nie-bylo\/","title":{"rendered":"Nowo\u015bci w Tour de France. Takich rzeczy jeszcze nie by\u0142o"},"content":{"rendered":"<p><strong>Zn\u00f3w by\u0142o dostojnie, atrakcyjnie, ale przede wszystkim zaskakuj\u0105co. Podczas uroczystej gali poznali\u015bmy trasy przysz\u0142orocznych Tour de France oraz Tour de France Femmes, kt\u00f3re fanom kolarstwa zaserwuj\u0105 kilka nowo\u015bci.<\/strong><\/p>\n<p>Z tras\u0105 Wielkiej P\u0119tli jest troch\u0119 jak z pude\u0142kiem czekoladek \u2013 na co si\u0119 nie trafi, to niemal zawsze mo\u017cna mie\u0107 pewno\u015b\u0107, \u017ce b\u0119dzie smakowicie. Cho\u0107 jak co roku oczywi\u015bcie pojawiaj\u0105 si\u0119 tak\u017ce g\u0142osy krytyczne, to Tour de France 2024 zapowiada si\u0119 emocjonuj\u0105co.<\/p>\n<p><strong>\u201eJestem bardzo podekscytowany\u201d<\/strong><\/p>\n<p>Wystarczy\u0142oby, \u017ceby przysz\u0142oroczny wy\u015bcig nie odstawa\u0142 od ostatniego, kt\u00f3ry nale\u017ca\u0142 do jednego z najlepszych w XXI w. Gwarancji, \u017ce teraz b\u0119dzie podobnie, oczywi\u015bcie nie ma, ale trasa wygl\u0105da obiecuj\u0105co.<\/p>\n<p>\u2013 Je\u015bli mam by\u0107 szczery, to jestem bardzo podekscytowany. Trasa jest fajna, cho\u0107 widz\u0119 wiele trudnych etap\u00f3w, co akurat dzia\u0142a na moj\u0105 korzy\u015b\u0107 \u2013 komentowa\u0142 dwukrotny zwyci\u0119zca Tour de France Jonas Vingegaard (Jumbo-Visma) podczas uroczystej prezentacji trasy.<\/p>\n<p>Pierwsza du\u017ca nowo\u015b\u0107 to miejsce startu, poniewa\u017c tegoroczne Tour de France po raz pierwszy w historii zacznie si\u0119 we W\u0142oszech, a dok\u0142adniej we Florencji. Pierwszy etap poprowadzi do nadmorskiego Rimini. We W\u0142oszech najlepsi kolarze \u015bwiata b\u0119d\u0105 rywalizowali trzy dni (pojawi\u0105 si\u0119 m.in. w Bolonii i Turynie), a nast\u0119pnie przez Alpy przebij\u0105 si\u0119 do Francji, co oznacza walk\u0119 w g\u00f3rach na bardzo wczesnym etapie wy\u015bcigu.<\/p>\n<div class=\"embed-controller-wrapper\">\n<blockquote class=\"twitter-tweet\" data-width=\"500\" data-dnt=\"true\">\n<p lang=\"fr\" dir=\"ltr\">\ud83c\uddee\ud83c\uddf9  Avanti!<\/p>\n<p>\ud83d\udcf2 Follow <a href=\"https:\/\/twitter.com\/LeTour_Italia?ref_src=twsrc%5Etfw\">@LeTour_Italia<\/a> to get all the info regarding the Grand D\u00e9part of the <a href=\"https:\/\/twitter.com\/hashtag\/TDF2024?src=hash&amp;ref_src=twsrc%5Etfw\">#TDF2024<\/a>! <br \/> You can also follow them on Facebook (Grand D\u00e9part Italia) and Instagram (letour_it)<\/p>\n<p>\ud83d\udcf2 Pour ne rien manquer du Grand D\u00e9part italien du <a href=\"https:\/\/twitter.com\/hashtag\/TDF2024?src=hash&amp;ref_src=twsrc%5Etfw\">#TDF2024<\/a>, suivez <a href=\"https:\/\/twitter.com\/LeTour_Italia?ref_src=twsrc%5Etfw\">@LeTour_Italia<\/a> !<br \/> Vous\u2026 <a href=\"https:\/\/t.co\/IE00dFTgrH\">pic.twitter.com\/IE00dFTgrH<\/a><\/p>\n<p>&mdash; Tour de France\u2122 (@LeTour) <a href=\"https:\/\/twitter.com\/LeTour\/status\/1717196593655328822?ref_src=twsrc%5Etfw\">October 25, 2023<\/a><\/p><\/blockquote>\n<p><script async data-src=\"https:\/\/platform.twitter.com\/widgets.js\" charset=\"utf-8\"><\/script><\/div>\n<p>P\u00f3\u017aniej do g\u0142osu powinni doj\u015b\u0107 sprinterzy. Pierwsz\u0105 jazd\u0119 na czas zaplanowano podczas si\u00f3dmego etapu, natomiast kolejna jazda w g\u00f3rach odb\u0119dzie si\u0119 w drugiej cz\u0119\u015bci wy\u015bcigu. B\u0119dzie to mia\u0142o miejsce na etapie z Evaux les Bains do Le Lioran. W\u00f3wczas zawodnicy wjad\u0105 ju\u017c na kolarski rollercoaster, bo etapy g\u00f3rskie b\u0119d\u0105 przeplata\u0142y si\u0119 z p\u0142askimi.<\/p>\n<p><strong>Zako\u0144czenia w Pary\u017cu nie b\u0119dzie<\/strong><\/p>\n<p>Wszystko tradycyjnie powinno si\u0119 rozstrzygn\u0105\u0107 w ostatnim tygodniu, gdy ka\u017cdy fan kolarstwa znajdzie co\u015b dla siebie. Na koniec zapowiadana jest jednak kolejna nowo\u015b\u0107 \u2013 wy\u015bcig nie zako\u0144czy si\u0119 tradycyjnie na Polach Elizejskich, poniewa\u017c w tym czasie w Pary\u017cu b\u0119d\u0105 trwa\u0142y przygotowania do igrzysk olimpijskich. Z tego wzgl\u0119du met\u0119 wy\u015bcigu po raz pierwszy przeniesiono poza stolic\u0119 Francji, a to oznacza, \u017ce etap przyja\u017ani zostanie zast\u0105piony czas\u00f3wk\u0105 z Monako do Nicei.<\/p>\n<div class=\"embed-controller-wrapper\">\n<blockquote class=\"twitter-tweet\" data-width=\"500\" data-dnt=\"true\">\n<p lang=\"en\" dir=\"ltr\">\ud83e\udd29 Here it is, the official route of the <a href=\"https:\/\/twitter.com\/hashtag\/TDF2024?src=hash&amp;ref_src=twsrc%5Etfw\">#TDF2024<\/a>!<\/p>\n<p> \ud83e\udd29 Voici le parcours officiel du <a href=\"https:\/\/twitter.com\/hashtag\/TDF2024?src=hash&amp;ref_src=twsrc%5Etfw\">#TDF2024<\/a> ! <a href=\"https:\/\/t.co\/3ORf31AS4T\">pic.twitter.com\/3ORf31AS4T<\/a><\/p>\n<p>&mdash; Tour de France\u2122 (@LeTour) <a href=\"https:\/\/twitter.com\/LeTour\/status\/1717133015749460027?ref_src=twsrc%5Etfw\">October 25, 2023<\/a><\/p><\/blockquote>\n<p><script async data-src=\"https:\/\/platform.twitter.com\/widgets.js\" charset=\"utf-8\"><\/script><\/div>\n<p>\u2013 Takie rozwi\u0105zanie to nowo\u015b\u0107, bo oznacza, \u017ce w sumie b\u0119dziemy musieli \u015bciga\u0107 si\u0119 o jeden dzie\u0144 d\u0142u\u017cej. Na pewno b\u0119dzie ci\u0119\u017cko, szczeg\u00f3lnie w trzecim tygodniu. Nowo\u015bci\u0105 s\u0105 te\u017c dla mnie szutry, tam r\u00f3wnie\u017c b\u0119dzie mo\u017cna wiele straci\u0107 \u2013 przyznaje Vingegaard.<\/p>\n<p><strong>Plan dla pa\u0144 \u2013 Holandia, Belgia, Francja<\/strong><\/p>\n<p>Podczas uroczystej gali w Pary\u017cu poznali\u015bmy tak\u017ce tras\u0119 Tour de France Femmes. Panie b\u0119d\u0105 \u015bciga\u0142y si\u0119 przez siedem dni, a w ich rywalizacji r\u00f3wnie\u017c nie brakuje niespodzianek.<\/p>\n<p>Najwi\u0119ksz\u0105 nowo\u015bci\u0105 jest fakt, \u017ce niemal po\u0142owa wy\u015bcigu rozegra si\u0119\u2026 poza Francj\u0105. Zawodniczki rywalizacj\u0119 rozpoczn\u0105 w Holandii, nast\u0119pnie przenios\u0105 si\u0119 do Belgii, by we Francji zdecydowa\u0107 o kolejno\u015bci w klasyfikacji generalnej. To tutaj zostan\u0105 rozegrane dwa etapy g\u00f3rskie, w tym decyduj\u0105cy \u2013 z met\u0105 na legendarnym Alpe d&#8217;Huez.<\/p>\n<div class=\"embed-controller-wrapper\">\n<blockquote class=\"twitter-tweet\" data-width=\"500\" data-dnt=\"true\">\n<p lang=\"fr\" dir=\"ltr\">\u26f0 \ud835\udc68\ud835\udc8d\ud835\udc91\ud835\udc86 \ud835\udc85&#39;\ud835\udc6f\ud835\udc96\ud835\udc86\ud835\udc9b<\/p>\n<p>\ud83e\udd29 The mythical climb will be the decisive climb of the <a href=\"https:\/\/twitter.com\/hashtag\/TDFF2024?src=hash&amp;ref_src=twsrc%5Etfw\">#TDFF2024<\/a> avec <a href=\"https:\/\/twitter.com\/GoZwift?ref_src=twsrc%5Etfw\">@GoZwift<\/a>! Follow <a href=\"https:\/\/twitter.com\/EvitaMuzic?ref_src=twsrc%5Etfw\">@EvitaMuzic<\/a> and <a href=\"https:\/\/twitter.com\/marta_cavalli98?ref_src=twsrc%5Etfw\">@marta_cavalli98<\/a> in the famous hairpins.<\/p>\n<p>\ud83e\udd29 L&#39;arriv\u00e9e du <a href=\"https:\/\/twitter.com\/hashtag\/TDFF2024?src=hash&amp;ref_src=twsrc%5Etfw\">#TDFF2024<\/a>! Suivez <a href=\"https:\/\/twitter.com\/EvitaMuzic?ref_src=twsrc%5Etfw\">@EvitaMuzic<\/a> et <a href=\"https:\/\/twitter.com\/marta_cavalli98?ref_src=twsrc%5Etfw\">@marta_cavalli98<\/a> dans les fameux lacets.<\/p>\n<p> <a href=\"https:\/\/twitter.com\/hashtag\/WatchTheFemmes?src=hash&amp;ref_src=twsrc%5Etfw\">#WatchTheFemmes<\/a> <a href=\"https:\/\/t.co\/FzOAn5Vefv\">pic.twitter.com\/FzOAn5Vefv<\/a><\/p>\n<p>&mdash; Le Tour de France Femmes avec Zwift (@LeTourFemmes) <a href=\"https:\/\/twitter.com\/LeTourFemmes\/status\/1717473644954398900?ref_src=twsrc%5Etfw\">October 26, 2023<\/a><\/p><\/blockquote>\n<p><script async data-src=\"https:\/\/platform.twitter.com\/widgets.js\" charset=\"utf-8\"><\/script><\/div>\n<p>M\u0119\u017cczy\u017ani w Tour de France 2024 b\u0119d\u0105 \u015bcigali si\u0119 w dniach 29 czerwca \u2013 21 lipca, a kobiety 12 \u2013 18 sierpnia.<\/p>\n<p><span data-sheets-value=\"{&quot;1&quot;:2,&quot;2&quot;:&quot;Artyku\u0142 powsta\u0142 we wsp\u00f3\u0142pracy ze skoda-auto.pl&quot;}\" data-sheets-userformat=\"{&quot;2&quot;:1,&quot;3&quot;:{&quot;1&quot;:0}}\" data-sheets-hyperlink=\"http:\/\/www.skoda-auto.pl\/\"><a class=\"in-cell-link\" href=\"http:\/\/www.skoda-auto.pl\/\" target=\"_blank\" rel=\"noopener noreferrer\">Artyku\u0142 powsta\u0142 we wsp\u00f3\u0142pracy ze skoda-auto.pl<\/a><\/span><\/p>\n<p><img decoding=\"async\" src=\"https:\/\/d2p6e6u75xmxt8.cloudfront.net\/5\/2030\/11\/3.webp\" \/><\/p>\n","protected":false},"excerpt":{"rendered":"<p>Zn\u00f3w by\u0142o dostojnie, atrakcyjnie, ale przede wszystkim zaskakuj\u0105co. Podczas uroczystej gali poznali\u015bmy trasy przysz\u0142orocznych Tour de France oraz Tour de [&hellip;]<\/p>\n","protected":false},"author":153,"featured_media":14351,"comment_status":"open","ping_status":"open","sticky":false,"template":"","format":"standard","meta":{"footnotes":""},"categories":[6],"tags":[191,404,77,406,137,423],"global-categories":[303],"class_list":["post-14350","post","type-post","status-publish","format-standard","has-post-thumbnail","hentry","category-kolarstwo-szosowe","tag-skoda","tag-skodapolska","tag-tour-de-france","tag-tour-de-france-femmes","tag-wyscigi","tag-wyscigi-szosowe","global-categories-cycling"],"yoast_head":"<!-- This site is optimized with the Yoast SEO Premium plugin v25.3 (Yoast SEO v25.9) - https:\/\/yoast.com\/wordpress\/plugins\/seo\/ -->\n<title>Nowo\u015bci w Tour de France. Takich rzeczy jeszcze nie by\u0142o - \u0160koda We Love Cycling - Poland<\/title>\n<meta name=\"robots\" content=\"index, follow, max-snippet:-1, max-image-preview:large, max-video-preview:-1\" \/>\n<link rel=\"canonical\" href=\"https:\/\/www.welovecycling.com\/pl\/2023\/11\/10\/nowosci-w-tour-de-france-takich-rzeczy-jeszcze-nie-bylo\/\" \/>\n<meta property=\"og:locale\" content=\"pl_PL\" \/>\n<meta property=\"og:type\" content=\"article\" \/>\n<meta property=\"og:title\" content=\"Nowo\u015bci w Tour de France. Takich rzeczy jeszcze nie by\u0142o\" \/>\n<meta property=\"og:description\" content=\"Zn\u00f3w by\u0142o dostojnie, atrakcyjnie, ale przede wszystkim zaskakuj\u0105co. Podczas uroczystej gali poznali\u015bmy trasy przysz\u0142orocznych Tour de France oraz Tour de [&hellip;]\" \/>\n<meta property=\"og:url\" content=\"https:\/\/www.welovecycling.com\/pl\/2023\/11\/10\/nowosci-w-tour-de-france-takich-rzeczy-jeszcze-nie-bylo\/\" \/>\n<meta property=\"og:site_name\" content=\"\u0160koda We Love Cycling - Poland\" \/>\n<meta property=\"article:published_time\" content=\"2023-11-10T12:19:30+00:00\" \/>\n<meta property=\"og:image\" content=\"https:\/\/d2p6e6u75xmxt8.cloudfront.net\/5\/2023\/11\/Nowosci-w-Tour-de-France.-Takich-rzeczy-jeszcze-nie-bylo.webp\" \/>\n\t<meta property=\"og:image:width\" content=\"990\" \/>\n\t<meta property=\"og:image:height\" content=\"660\" \/>\n\t<meta property=\"og:image:type\" content=\"image\/webp\" \/>\n<meta name=\"author\" content=\"rafal\" \/>\n<meta name=\"twitter:card\" content=\"summary_large_image\" \/>\n<meta name=\"twitter:label1\" content=\"Written by\" \/>\n\t<meta name=\"twitter:data1\" content=\"Piotr Nowik\" \/>\n\t<meta name=\"twitter:label2\" content=\"Est. reading time\" \/>\n\t<meta name=\"twitter:data2\" content=\"4\" \/>\n<script type=\"application\/ld+json\" class=\"yoast-schema-graph\">{\"@context\":\"https:\/\/schema.org\",\"@graph\":[{\"@type\":\"WebPage\",\"@id\":\"https:\/\/www.welovecycling.com\/pl\/2023\/11\/10\/nowosci-w-tour-de-france-takich-rzeczy-jeszcze-nie-bylo\/\",\"url\":\"https:\/\/www.welovecycling.com\/pl\/2023\/11\/10\/nowosci-w-tour-de-france-takich-rzeczy-jeszcze-nie-bylo\/\",\"name\":\"Nowo\u015bci w Tour de France. Takich rzeczy jeszcze nie by\u0142o - \u0160koda We Love Cycling - Poland\",\"isPartOf\":{\"@id\":\"https:\/\/www.welovecycling.com\/pl\/#website\"},\"primaryImageOfPage\":{\"@id\":\"https:\/\/www.welovecycling.com\/pl\/2023\/11\/10\/nowosci-w-tour-de-france-takich-rzeczy-jeszcze-nie-bylo\/#primaryimage\"},\"image\":{\"@id\":\"https:\/\/www.welovecycling.com\/pl\/2023\/11\/10\/nowosci-w-tour-de-france-takich-rzeczy-jeszcze-nie-bylo\/#primaryimage\"},\"thumbnailUrl\":\"https:\/\/d2p6e6u75xmxt8.cloudfront.net\/5\/2023\/11\/Nowosci-w-Tour-de-France.-Takich-rzeczy-jeszcze-nie-bylo.webp\",\"datePublished\":\"2023-11-10T12:19:30+00:00\",\"author\":{\"@id\":\"https:\/\/www.welovecycling.com\/pl\/#\/schema\/person\/bf06ed916a1ef16618807fb60d2ebe42\"},\"breadcrumb\":{\"@id\":\"https:\/\/www.welovecycling.com\/pl\/2023\/11\/10\/nowosci-w-tour-de-france-takich-rzeczy-jeszcze-nie-bylo\/#breadcrumb\"},\"inLanguage\":\"pl-PL\",\"potentialAction\":[{\"@type\":\"ReadAction\",\"target\":[\"https:\/\/www.welovecycling.com\/pl\/2023\/11\/10\/nowosci-w-tour-de-france-takich-rzeczy-jeszcze-nie-bylo\/\"]}]},{\"@type\":\"ImageObject\",\"inLanguage\":\"pl-PL\",\"@id\":\"https:\/\/www.welovecycling.com\/pl\/2023\/11\/10\/nowosci-w-tour-de-france-takich-rzeczy-jeszcze-nie-bylo\/#primaryimage\",\"url\":\"https:\/\/d2p6e6u75xmxt8.cloudfront.net\/5\/2023\/11\/Nowosci-w-Tour-de-France.-Takich-rzeczy-jeszcze-nie-bylo.webp\",\"contentUrl\":\"https:\/\/d2p6e6u75xmxt8.cloudfront.net\/5\/2023\/11\/Nowosci-w-Tour-de-France.-Takich-rzeczy-jeszcze-nie-bylo.webp\",\"width\":990,\"height\":660},{\"@type\":\"BreadcrumbList\",\"@id\":\"https:\/\/www.welovecycling.com\/pl\/2023\/11\/10\/nowosci-w-tour-de-france-takich-rzeczy-jeszcze-nie-bylo\/#breadcrumb\",\"itemListElement\":[{\"@type\":\"ListItem\",\"position\":1,\"name\":\"Home\",\"item\":\"https:\/\/www.welovecycling.com\/pl\/\"},{\"@type\":\"ListItem\",\"position\":2,\"name\":\"Nowo\u015bci w Tour de France. Takich rzeczy jeszcze nie by\u0142o\"}]},{\"@type\":\"WebSite\",\"@id\":\"https:\/\/www.welovecycling.com\/pl\/#website\",\"url\":\"https:\/\/www.welovecycling.com\/pl\/\",\"name\":\"\u0160koda We Love Cycling - Poland\",\"description\":\"\",\"potentialAction\":[{\"@type\":\"SearchAction\",\"target\":{\"@type\":\"EntryPoint\",\"urlTemplate\":\"https:\/\/www.welovecycling.com\/pl\/?s={search_term_string}\"},\"query-input\":{\"@type\":\"PropertyValueSpecification\",\"valueRequired\":true,\"valueName\":\"search_term_string\"}}],\"inLanguage\":\"pl-PL\"},{\"@type\":\"Person\",\"@id\":\"https:\/\/www.welovecycling.com\/pl\/#\/schema\/person\/bf06ed916a1ef16618807fb60d2ebe42\",\"name\":\"rafal\",\"image\":{\"@type\":\"ImageObject\",\"inLanguage\":\"pl-PL\",\"@id\":\"https:\/\/www.welovecycling.com\/pl\/#\/schema\/person\/image\/\",\"url\":\"https:\/\/secure.gravatar.com\/avatar\/203f240e63bee214f6f3a0dacbeb600c7829c09716c2b9ee3230c6961debcde2?s=96&d=mm&r=g\",\"contentUrl\":\"https:\/\/secure.gravatar.com\/avatar\/203f240e63bee214f6f3a0dacbeb600c7829c09716c2b9ee3230c6961debcde2?s=96&d=mm&r=g\",\"caption\":\"rafal\"},\"url\":\"https:\/\/www.welovecycling.com\/pl\/author\/rafal\/\"}]}<\/script>\n<!-- \/ Yoast SEO Premium plugin. -->","yoast_head_json":{"title":"Nowo\u015bci w Tour de France. Takich rzeczy jeszcze nie by\u0142o - \u0160koda We Love Cycling - Poland","robots":{"index":"index","follow":"follow","max-snippet":"max-snippet:-1","max-image-preview":"max-image-preview:large","max-video-preview":"max-video-preview:-1"},"canonical":"https:\/\/www.welovecycling.com\/pl\/2023\/11\/10\/nowosci-w-tour-de-france-takich-rzeczy-jeszcze-nie-bylo\/","og_locale":"pl_PL","og_type":"article","og_title":"Nowo\u015bci w Tour de France. Takich rzeczy jeszcze nie by\u0142o","og_description":"Zn\u00f3w by\u0142o dostojnie, atrakcyjnie, ale przede wszystkim zaskakuj\u0105co. Podczas uroczystej gali poznali\u015bmy trasy przysz\u0142orocznych Tour de France oraz Tour de [&hellip;]","og_url":"https:\/\/www.welovecycling.com\/pl\/2023\/11\/10\/nowosci-w-tour-de-france-takich-rzeczy-jeszcze-nie-bylo\/","og_site_name":"\u0160koda We Love Cycling - Poland","article_published_time":"2023-11-10T12:19:30+00:00","og_image":[{"width":990,"height":660,"url":"https:\/\/d2p6e6u75xmxt8.cloudfront.net\/5\/2023\/11\/Nowosci-w-Tour-de-France.-Takich-rzeczy-jeszcze-nie-bylo.webp","type":"image\/webp"}],"author":"rafal","twitter_card":"summary_large_image","twitter_misc":{"Written by":"Piotr Nowik","Est. reading time":"4"},"schema":{"@context":"https:\/\/schema.org","@graph":[{"@type":"WebPage","@id":"https:\/\/www.welovecycling.com\/pl\/2023\/11\/10\/nowosci-w-tour-de-france-takich-rzeczy-jeszcze-nie-bylo\/","url":"https:\/\/www.welovecycling.com\/pl\/2023\/11\/10\/nowosci-w-tour-de-france-takich-rzeczy-jeszcze-nie-bylo\/","name":"Nowo\u015bci w Tour de France. Takich rzeczy jeszcze nie by\u0142o - \u0160koda We Love Cycling - Poland","isPartOf":{"@id":"https:\/\/www.welovecycling.com\/pl\/#website"},"primaryImageOfPage":{"@id":"https:\/\/www.welovecycling.com\/pl\/2023\/11\/10\/nowosci-w-tour-de-france-takich-rzeczy-jeszcze-nie-bylo\/#primaryimage"},"image":{"@id":"https:\/\/www.welovecycling.com\/pl\/2023\/11\/10\/nowosci-w-tour-de-france-takich-rzeczy-jeszcze-nie-bylo\/#primaryimage"},"thumbnailUrl":"https:\/\/d2p6e6u75xmxt8.cloudfront.net\/5\/2023\/11\/Nowosci-w-Tour-de-France.-Takich-rzeczy-jeszcze-nie-bylo.webp","datePublished":"2023-11-10T12:19:30+00:00","author":{"@id":"https:\/\/www.welovecycling.com\/pl\/#\/schema\/person\/bf06ed916a1ef16618807fb60d2ebe42"},"breadcrumb":{"@id":"https:\/\/www.welovecycling.com\/pl\/2023\/11\/10\/nowosci-w-tour-de-france-takich-rzeczy-jeszcze-nie-bylo\/#breadcrumb"},"inLanguage":"pl-PL","potentialAction":[{"@type":"ReadAction","target":["https:\/\/www.welovecycling.com\/pl\/2023\/11\/10\/nowosci-w-tour-de-france-takich-rzeczy-jeszcze-nie-bylo\/"]}]},{"@type":"ImageObject","inLanguage":"pl-PL","@id":"https:\/\/www.welovecycling.com\/pl\/2023\/11\/10\/nowosci-w-tour-de-france-takich-rzeczy-jeszcze-nie-bylo\/#primaryimage","url":"https:\/\/d2p6e6u75xmxt8.cloudfront.net\/5\/2023\/11\/Nowosci-w-Tour-de-France.-Takich-rzeczy-jeszcze-nie-bylo.webp","contentUrl":"https:\/\/d2p6e6u75xmxt8.cloudfront.net\/5\/2023\/11\/Nowosci-w-Tour-de-France.-Takich-rzeczy-jeszcze-nie-bylo.webp","width":990,"height":660},{"@type":"BreadcrumbList","@id":"https:\/\/www.welovecycling.com\/pl\/2023\/11\/10\/nowosci-w-tour-de-france-takich-rzeczy-jeszcze-nie-bylo\/#breadcrumb","itemListElement":[{"@type":"ListItem","position":1,"name":"Home","item":"https:\/\/www.welovecycling.com\/pl\/"},{"@type":"ListItem","position":2,"name":"Nowo\u015bci w Tour de France. Takich rzeczy jeszcze nie by\u0142o"}]},{"@type":"WebSite","@id":"https:\/\/www.welovecycling.com\/pl\/#website","url":"https:\/\/www.welovecycling.com\/pl\/","name":"\u0160koda We Love Cycling - Poland","description":"","potentialAction":[{"@type":"SearchAction","target":{"@type":"EntryPoint","urlTemplate":"https:\/\/www.welovecycling.com\/pl\/?s={search_term_string}"},"query-input":{"@type":"PropertyValueSpecification","valueRequired":true,"valueName":"search_term_string"}}],"inLanguage":"pl-PL"},{"@type":"Person","@id":"https:\/\/www.welovecycling.com\/pl\/#\/schema\/person\/bf06ed916a1ef16618807fb60d2ebe42","name":"rafal","image":{"@type":"ImageObject","inLanguage":"pl-PL","@id":"https:\/\/www.welovecycling.com\/pl\/#\/schema\/person\/image\/","url":"https:\/\/secure.gravatar.com\/avatar\/203f240e63bee214f6f3a0dacbeb600c7829c09716c2b9ee3230c6961debcde2?s=96&d=mm&r=g","contentUrl":"https:\/\/secure.gravatar.com\/avatar\/203f240e63bee214f6f3a0dacbeb600c7829c09716c2b9ee3230c6961debcde2?s=96&d=mm&r=g","caption":"rafal"},"url":"https:\/\/www.welovecycling.com\/pl\/author\/rafal\/"}]}},"_links":{"self":[{"href":"https:\/\/www.welovecycling.com\/pl\/wp-json\/wp\/v2\/posts\/14350","targetHints":{"allow":["GET"]}}],"collection":[{"href":"https:\/\/www.welovecycling.com\/pl\/wp-json\/wp\/v2\/posts"}],"about":[{"href":"https:\/\/www.welovecycling.com\/pl\/wp-json\/wp\/v2\/types\/post"}],"author":[{"embeddable":true,"href":"https:\/\/www.welovecycling.com\/pl\/wp-json\/wp\/v2\/users\/153"}],"replies":[{"embeddable":true,"href":"https:\/\/www.welovecycling.com\/pl\/wp-json\/wp\/v2\/comments?post=14350"}],"version-history":[{"count":1,"href":"https:\/\/www.welovecycling.com\/pl\/wp-json\/wp\/v2\/posts\/14350\/revisions"}],"predecessor-version":[{"id":14354,"href":"https:\/\/www.welovecycling.com\/pl\/wp-json\/wp\/v2\/posts\/14350\/revisions\/14354"}],"wp:featuredmedia":[{"embeddable":true,"href":"https:\/\/www.welovecycling.com\/pl\/wp-json\/wp\/v2\/media\/14351"}],"wp:attachment":[{"href":"https:\/\/www.welovecycling.com\/pl\/wp-json\/wp\/v2\/media?parent=14350"}],"wp:term":[{"taxonomy":"category","embeddable":true,"href":"https:\/\/www.welovecycling.com\/pl\/wp-json\/wp\/v2\/categories?post=14350"},{"taxonomy":"post_tag","embeddable":true,"href":"https:\/\/www.welovecycling.com\/pl\/wp-json\/wp\/v2\/tags?post=14350"},{"taxonomy":"global-categories","embeddable":true,"href":"https:\/\/www.welovecycling.com\/pl\/wp-json\/wp\/v2\/global-categories?post=14350"}],"curies":[{"name":"wp","href":"https:\/\/api.w.org\/{rel}","templated":true}]}}