{"id":1434,"date":"2016-07-15T15:35:46","date_gmt":"2016-07-15T15:35:46","guid":{"rendered":"http:\/\/skoda-rowery.pl\/?p=1434"},"modified":"2016-12-05T08:48:09","modified_gmt":"2016-12-05T08:48:09","slug":"nieslychana-historia-na-tdf-w-zyciu-czego-takiego-nie-widzialem","status":"publish","type":"post","link":"https:\/\/www.welovecycling.com\/pl\/2016\/07\/15\/nieslychana-historia-na-tdf-w-zyciu-czego-takiego-nie-widzialem\/","title":{"rendered":"Nies\u0142ychana historia na TdF. \u201eW \u017cyciu czego\u015b takiego nie widzia\u0142em!\u201d"},"content":{"rendered":"<p style=\"text-align: justify\">Je\u015bli kto\u015b nie wierzy\u0142, \u017ce w \u015bciganiu na Mont Ventoux jest co\u015b magicznego, to teraz nie ma ju\u017c w\u0105tpliwo\u015bci. &#8211; Rower! Gdzie on ma rower?! &#8211; ekscytowali si\u0119 komentatorzy 12. etapu Tour de France na widok Chrisa Froome&#8217;a, lidera klasyfikacji generalnej.<!--more--><\/p>\n<p style=\"text-align: justify\">To by\u0142o jak scena z filmu Forrest Gump. Tysi\u0105ce kibic\u00f3w skacz\u0105cych, klaszcz\u0105cych i krzycz\u0105cych, a mi\u0119dzy nimi on \u2013 Chris Froome. Na co dzie\u0144 widywany jak dumnie mknie w czo\u0142\u00f3wce stawki, tym razem pokonywa\u0142 kolejne mordercze metry&#8230; biegn\u0105c!<\/p>\n<p style=\"text-align: justify\"><strong>Problem z motorem telewizyjnym<\/strong><\/p>\n<p style=\"text-align: justify\">Brytyjczyk jecha\u0142 w peletonie, kt\u00f3ry kilometr przed met\u0105 mia\u0142 kraks\u0119. Wzd\u0142u\u017c trasy zebra\u0142 si\u0119 t\u0142um, wi\u0119c zawodnicy mieli zaw\u0119\u017cony tor jazdy. W pewnym momencie stan\u0105\u0142 tzw. motocykl telewizyjny, kt\u00f3ry prowadzi\u0142 peleton i na maszyn\u0119 zacz\u0119li naje\u017cd\u017ca\u0107 kolejni kolarze.\u00a0Froome mia\u0142 o tyle pecha, \u017ce w wyniku kraksy zosta\u0142 uszkodzony jego rower, a samoch\u00f3d techniczny z zapasowym sprz\u0119tem nie by\u0142 w stanie dotrze\u0107 do Brytyjczyka.\u00a0W tej sytuacji Froome ani chwili nie kalkulowa\u0142, tylko wzi\u0105\u0142 nogi za pas i pobieg\u0142 w kierunku mety. &#8211; Patrz, Froome nie ma roweru! W historii kolarstwa jeszcze nie by\u0142o sytuacji, \u017ceby lider klasyfikacji generalnej szed\u0142 na piechot\u0119! &#8211; ekscytowali si\u0119 dziennikarze, kt\u00f3ry komentuj\u0105 Tour de France w telewizji Eurosport.\u00a0W ko\u0144cu kolarz dosta\u0142 sprz\u0119t i na met\u0119 wpad\u0142 ju\u017c na dwuko\u0142owcu. &#8211; To by\u0142a dobra decyzja, widzia\u0142em jak Chris bieg\u0142 do mety niczym Forrest Gump \u2013 komentowa\u0142 zachowanie Brytyjczyka Micha\u0142 Kwiatkowski, kt\u00f3ry aktualnie startuje w Tour de Pologne.<\/p>\n<p style=\"text-align: justify\"><strong>Nerwowe oczekiwanie i dobra decyzja<\/strong><\/p>\n<p style=\"text-align: justify\">Z powodu ca\u0142ego zamieszania, s\u0119dziowie od razu nie byli w stanie poda\u0107 oficjalnych wynik\u00f3w. Dla Froome&#8217;a zacz\u0119\u0142y si\u0119 wi\u0119c kolejne nerwowe momenty. &#8222;Czekam na wynik obrad jury&#8230;&#8221; &#8211; napisa\u0142 na Twitterze kolarz. Niespe\u0142na kwadrans p\u00f3\u017aniej dowiedzia\u0142 si\u0119, \u017ce decyzj\u0105 komisji pozostaje liderem wy\u015bcigu. &#8222;Wci\u0105\u017c mam \u017c\u00f3\u0142t\u0105 koszulk\u0119&#8221; \u2013 napisa\u0142 Froome.<\/p>\n<p style=\"text-align: justify\">&#8211; Mont Ventoux zawsze zaskakuje i tak samo by\u0142o tym razem. Wydarzy\u0142o si\u0119 co\u015b niedobrego, ale ostatecznie przewa\u017cy\u0142 zdrowy rozs\u0105dek i komisarze podj\u0119li s\u0142uszn\u0105 decyzj\u0119, za kt\u00f3r\u0105 im bardzo dzi\u0119kuj\u0119 \u2013 m\u00f3wi\u0142 po wy\u015bcigu Froome.<\/p>\n<p style=\"text-align: justify\">Etap wygra\u0142 Belg Thomas de Gendt. Dwie sekundy p\u00f3\u017aniej na met\u0119 wpad\u0142 jego rodak Serge Pauwels, a Hiszpan Daniel Navarro straci\u0142 14 sekund.<\/p>\n<p style=\"text-align: justify\"><strong>Mont Ventoux jak Wembley<\/strong><\/p>\n<p style=\"text-align: justify\">\u017beby by\u0142o jeszcze ciekawiej, ta niecodzienna historia wydarzy\u0142a si\u0119 na trasie na legendarny szczyt Mont Ventoux, kt\u00f3ry dla kolarzy jest niczym stadion Wembley dla wi\u0119kszo\u015bci pi\u0142karzy.\u00a0\u015aciganie na tym etapie od pocz\u0105tku nie uk\u0142ada\u0142o si\u0119 po my\u015bli organizator\u00f3w, bo prognozy pogody przewidywa\u0142y gwa\u0142towne wiatry, a nawet huragan. W tej sytuacji zdecydowano si\u0119 przenie\u015b\u0107 met\u0119 o blisko 7 km wcze\u015bniej.<\/p>\n<p style=\"text-align: justify\">Teraz przed kolarzami kolejne etapy Tour de France, z kt\u00f3rych najd\u0142u\u017cszy b\u0119dzie poniedzia\u0142kowy. Trasa Moirans-en-Montagne\/Berne liczy 209 km.<\/p>\n<p style=\"text-align: justify\">\n","protected":false},"excerpt":{"rendered":"<p>Je\u015bli kto\u015b nie wierzy\u0142, \u017ce w \u015bciganiu na Mont Ventoux jest co\u015b magicznego, to teraz nie ma ju\u017c w\u0105tpliwo\u015bci. &#8211; [&hellip;]<\/p>\n","protected":false},"author":1,"featured_media":1435,"comment_status":"open","ping_status":"closed","sticky":false,"template":"","format":"standard","meta":{"footnotes":""},"categories":[1],"tags":[77],"global-categories":[],"class_list":["post-1434","post","type-post","status-publish","format-standard","has-post-thumbnail","hentry","category-uncategorized","tag-tour-de-france"],"yoast_head":"<!-- This site is optimized with the Yoast SEO Premium plugin v25.3 (Yoast SEO v25.9) - https:\/\/yoast.com\/wordpress\/plugins\/seo\/ -->\n<title>Nies\u0142ychana historia na TdF. \u201eW \u017cyciu czego\u015b takiego nie widzia\u0142em!\u201d - \u0160koda We Love Cycling - Poland<\/title>\n<meta name=\"robots\" content=\"index, follow, max-snippet:-1, max-image-preview:large, max-video-preview:-1\" \/>\n<link rel=\"canonical\" href=\"https:\/\/www.welovecycling.com\/pl\/2016\/07\/15\/nieslychana-historia-na-tdf-w-zyciu-czego-takiego-nie-widzialem\/\" \/>\n<meta property=\"og:locale\" content=\"pl_PL\" \/>\n<meta property=\"og:type\" content=\"article\" \/>\n<meta property=\"og:title\" content=\"Nies\u0142ychana historia na TdF. \u201eW \u017cyciu czego\u015b takiego nie widzia\u0142em!\u201d\" \/>\n<meta property=\"og:description\" content=\"Je\u015bli kto\u015b nie wierzy\u0142, \u017ce w \u015bciganiu na Mont Ventoux jest co\u015b magicznego, to teraz nie ma ju\u017c w\u0105tpliwo\u015bci. &#8211; [&hellip;]\" \/>\n<meta property=\"og:url\" content=\"https:\/\/www.welovecycling.com\/pl\/2016\/07\/15\/nieslychana-historia-na-tdf-w-zyciu-czego-takiego-nie-widzialem\/\" \/>\n<meta property=\"og:site_name\" content=\"\u0160koda We Love Cycling - Poland\" \/>\n<meta property=\"article:published_time\" content=\"2016-07-15T15:35:46+00:00\" \/>\n<meta property=\"article:modified_time\" content=\"2016-12-05T08:48:09+00:00\" \/>\n<meta property=\"og:image\" content=\"https:\/\/d2p6e6u75xmxt8.cloudfront.net\/5\/2016\/07\/20160714314_141801.jpg\" \/>\n\t<meta property=\"og:image:width\" content=\"1000\" \/>\n\t<meta property=\"og:image:height\" content=\"666\" \/>\n\t<meta property=\"og:image:type\" content=\"image\/jpeg\" \/>\n<meta name=\"author\" content=\"WeLoveCycling\" \/>\n<meta name=\"twitter:card\" content=\"summary_large_image\" \/>\n<meta name=\"twitter:label1\" content=\"Written by\" \/>\n\t<meta name=\"twitter:data1\" content=\"WeLoveCycling\" \/>\n\t<meta name=\"twitter:label2\" content=\"Est. reading time\" \/>\n\t<meta name=\"twitter:data2\" content=\"2 minutes\" \/>\n<script type=\"application\/ld+json\" class=\"yoast-schema-graph\">{\"@context\":\"https:\/\/schema.org\",\"@graph\":[{\"@type\":\"WebPage\",\"@id\":\"https:\/\/www.welovecycling.com\/pl\/2016\/07\/15\/nieslychana-historia-na-tdf-w-zyciu-czego-takiego-nie-widzialem\/\",\"url\":\"https:\/\/www.welovecycling.com\/pl\/2016\/07\/15\/nieslychana-historia-na-tdf-w-zyciu-czego-takiego-nie-widzialem\/\",\"name\":\"Nies\u0142ychana historia na TdF. \u201eW \u017cyciu czego\u015b takiego nie widzia\u0142em!\u201d - \u0160koda We Love Cycling - Poland\",\"isPartOf\":{\"@id\":\"https:\/\/www.welovecycling.com\/pl\/#website\"},\"primaryImageOfPage\":{\"@id\":\"https:\/\/www.welovecycling.com\/pl\/2016\/07\/15\/nieslychana-historia-na-tdf-w-zyciu-czego-takiego-nie-widzialem\/#primaryimage\"},\"image\":{\"@id\":\"https:\/\/www.welovecycling.com\/pl\/2016\/07\/15\/nieslychana-historia-na-tdf-w-zyciu-czego-takiego-nie-widzialem\/#primaryimage\"},\"thumbnailUrl\":\"https:\/\/d2p6e6u75xmxt8.cloudfront.net\/5\/2016\/07\/20160714314_141801.jpg\",\"datePublished\":\"2016-07-15T15:35:46+00:00\",\"dateModified\":\"2016-12-05T08:48:09+00:00\",\"author\":{\"@id\":\"https:\/\/www.welovecycling.com\/pl\/#\/schema\/person\/e5187c9cac8dd619ebc7b41bd73c2fd9\"},\"breadcrumb\":{\"@id\":\"https:\/\/www.welovecycling.com\/pl\/2016\/07\/15\/nieslychana-historia-na-tdf-w-zyciu-czego-takiego-nie-widzialem\/#breadcrumb\"},\"inLanguage\":\"pl-PL\",\"potentialAction\":[{\"@type\":\"ReadAction\",\"target\":[\"https:\/\/www.welovecycling.com\/pl\/2016\/07\/15\/nieslychana-historia-na-tdf-w-zyciu-czego-takiego-nie-widzialem\/\"]}]},{\"@type\":\"ImageObject\",\"inLanguage\":\"pl-PL\",\"@id\":\"https:\/\/www.welovecycling.com\/pl\/2016\/07\/15\/nieslychana-historia-na-tdf-w-zyciu-czego-takiego-nie-widzialem\/#primaryimage\",\"url\":\"https:\/\/d2p6e6u75xmxt8.cloudfront.net\/5\/2016\/07\/20160714314_141801.jpg\",\"contentUrl\":\"https:\/\/d2p6e6u75xmxt8.cloudfront.net\/5\/2016\/07\/20160714314_141801.jpg\",\"width\":1000,\"height\":666,\"caption\":\"Tour de France 2016 - 014\/07\/2016 - Etape 12 - Montpellier\/ Mont Ventoux (184 km) - FROOME Christopher (TEAM SKY) - Avec le maillot Jaune sur le podium\"},{\"@type\":\"BreadcrumbList\",\"@id\":\"https:\/\/www.welovecycling.com\/pl\/2016\/07\/15\/nieslychana-historia-na-tdf-w-zyciu-czego-takiego-nie-widzialem\/#breadcrumb\",\"itemListElement\":[{\"@type\":\"ListItem\",\"position\":1,\"name\":\"Home\",\"item\":\"https:\/\/www.welovecycling.com\/pl\/\"},{\"@type\":\"ListItem\",\"position\":2,\"name\":\"Nies\u0142ychana historia na TdF. \u201eW \u017cyciu czego\u015b takiego nie widzia\u0142em!\u201d\"}]},{\"@type\":\"WebSite\",\"@id\":\"https:\/\/www.welovecycling.com\/pl\/#website\",\"url\":\"https:\/\/www.welovecycling.com\/pl\/\",\"name\":\"\u0160koda We Love Cycling - Poland\",\"description\":\"\",\"potentialAction\":[{\"@type\":\"SearchAction\",\"target\":{\"@type\":\"EntryPoint\",\"urlTemplate\":\"https:\/\/www.welovecycling.com\/pl\/?s={search_term_string}\"},\"query-input\":{\"@type\":\"PropertyValueSpecification\",\"valueRequired\":true,\"valueName\":\"search_term_string\"}}],\"inLanguage\":\"pl-PL\"},{\"@type\":\"Person\",\"@id\":\"https:\/\/www.welovecycling.com\/pl\/#\/schema\/person\/e5187c9cac8dd619ebc7b41bd73c2fd9\",\"name\":\"WeLoveCycling\",\"image\":{\"@type\":\"ImageObject\",\"inLanguage\":\"pl-PL\",\"@id\":\"https:\/\/www.welovecycling.com\/pl\/#\/schema\/person\/image\/\",\"url\":\"https:\/\/secure.gravatar.com\/avatar\/7e1ee0ecc5e294b19ef32b9f6086e0afbb9da00c3cb0d465ba4695331f4a9187?s=96&d=mm&r=g\",\"contentUrl\":\"https:\/\/secure.gravatar.com\/avatar\/7e1ee0ecc5e294b19ef32b9f6086e0afbb9da00c3cb0d465ba4695331f4a9187?s=96&d=mm&r=g\",\"caption\":\"WeLoveCycling\"},\"url\":\"https:\/\/www.welovecycling.com\/pl\/author\/lukascech\/\"}]}<\/script>\n<!-- \/ Yoast SEO Premium plugin. -->","yoast_head_json":{"title":"Nies\u0142ychana historia na TdF. \u201eW \u017cyciu czego\u015b takiego nie widzia\u0142em!\u201d - \u0160koda We Love Cycling - Poland","robots":{"index":"index","follow":"follow","max-snippet":"max-snippet:-1","max-image-preview":"max-image-preview:large","max-video-preview":"max-video-preview:-1"},"canonical":"https:\/\/www.welovecycling.com\/pl\/2016\/07\/15\/nieslychana-historia-na-tdf-w-zyciu-czego-takiego-nie-widzialem\/","og_locale":"pl_PL","og_type":"article","og_title":"Nies\u0142ychana historia na TdF. \u201eW \u017cyciu czego\u015b takiego nie widzia\u0142em!\u201d","og_description":"Je\u015bli kto\u015b nie wierzy\u0142, \u017ce w \u015bciganiu na Mont Ventoux jest co\u015b magicznego, to teraz nie ma ju\u017c w\u0105tpliwo\u015bci. &#8211; [&hellip;]","og_url":"https:\/\/www.welovecycling.com\/pl\/2016\/07\/15\/nieslychana-historia-na-tdf-w-zyciu-czego-takiego-nie-widzialem\/","og_site_name":"\u0160koda We Love Cycling - Poland","article_published_time":"2016-07-15T15:35:46+00:00","article_modified_time":"2016-12-05T08:48:09+00:00","og_image":[{"width":1000,"height":666,"url":"https:\/\/d2p6e6u75xmxt8.cloudfront.net\/5\/2016\/07\/20160714314_141801.jpg","type":"image\/jpeg"}],"author":"WeLoveCycling","twitter_card":"summary_large_image","twitter_misc":{"Written by":"WeLoveCycling","Est. reading time":"2 minutes"},"schema":{"@context":"https:\/\/schema.org","@graph":[{"@type":"WebPage","@id":"https:\/\/www.welovecycling.com\/pl\/2016\/07\/15\/nieslychana-historia-na-tdf-w-zyciu-czego-takiego-nie-widzialem\/","url":"https:\/\/www.welovecycling.com\/pl\/2016\/07\/15\/nieslychana-historia-na-tdf-w-zyciu-czego-takiego-nie-widzialem\/","name":"Nies\u0142ychana historia na TdF. \u201eW \u017cyciu czego\u015b takiego nie widzia\u0142em!\u201d - \u0160koda We Love Cycling - Poland","isPartOf":{"@id":"https:\/\/www.welovecycling.com\/pl\/#website"},"primaryImageOfPage":{"@id":"https:\/\/www.welovecycling.com\/pl\/2016\/07\/15\/nieslychana-historia-na-tdf-w-zyciu-czego-takiego-nie-widzialem\/#primaryimage"},"image":{"@id":"https:\/\/www.welovecycling.com\/pl\/2016\/07\/15\/nieslychana-historia-na-tdf-w-zyciu-czego-takiego-nie-widzialem\/#primaryimage"},"thumbnailUrl":"https:\/\/d2p6e6u75xmxt8.cloudfront.net\/5\/2016\/07\/20160714314_141801.jpg","datePublished":"2016-07-15T15:35:46+00:00","dateModified":"2016-12-05T08:48:09+00:00","author":{"@id":"https:\/\/www.welovecycling.com\/pl\/#\/schema\/person\/e5187c9cac8dd619ebc7b41bd73c2fd9"},"breadcrumb":{"@id":"https:\/\/www.welovecycling.com\/pl\/2016\/07\/15\/nieslychana-historia-na-tdf-w-zyciu-czego-takiego-nie-widzialem\/#breadcrumb"},"inLanguage":"pl-PL","potentialAction":[{"@type":"ReadAction","target":["https:\/\/www.welovecycling.com\/pl\/2016\/07\/15\/nieslychana-historia-na-tdf-w-zyciu-czego-takiego-nie-widzialem\/"]}]},{"@type":"ImageObject","inLanguage":"pl-PL","@id":"https:\/\/www.welovecycling.com\/pl\/2016\/07\/15\/nieslychana-historia-na-tdf-w-zyciu-czego-takiego-nie-widzialem\/#primaryimage","url":"https:\/\/d2p6e6u75xmxt8.cloudfront.net\/5\/2016\/07\/20160714314_141801.jpg","contentUrl":"https:\/\/d2p6e6u75xmxt8.cloudfront.net\/5\/2016\/07\/20160714314_141801.jpg","width":1000,"height":666,"caption":"Tour de France 2016 - 014\/07\/2016 - Etape 12 - Montpellier\/ Mont Ventoux (184 km) - FROOME Christopher (TEAM SKY) - Avec le maillot Jaune sur le podium"},{"@type":"BreadcrumbList","@id":"https:\/\/www.welovecycling.com\/pl\/2016\/07\/15\/nieslychana-historia-na-tdf-w-zyciu-czego-takiego-nie-widzialem\/#breadcrumb","itemListElement":[{"@type":"ListItem","position":1,"name":"Home","item":"https:\/\/www.welovecycling.com\/pl\/"},{"@type":"ListItem","position":2,"name":"Nies\u0142ychana historia na TdF. \u201eW \u017cyciu czego\u015b takiego nie widzia\u0142em!\u201d"}]},{"@type":"WebSite","@id":"https:\/\/www.welovecycling.com\/pl\/#website","url":"https:\/\/www.welovecycling.com\/pl\/","name":"\u0160koda We Love Cycling - Poland","description":"","potentialAction":[{"@type":"SearchAction","target":{"@type":"EntryPoint","urlTemplate":"https:\/\/www.welovecycling.com\/pl\/?s={search_term_string}"},"query-input":{"@type":"PropertyValueSpecification","valueRequired":true,"valueName":"search_term_string"}}],"inLanguage":"pl-PL"},{"@type":"Person","@id":"https:\/\/www.welovecycling.com\/pl\/#\/schema\/person\/e5187c9cac8dd619ebc7b41bd73c2fd9","name":"WeLoveCycling","image":{"@type":"ImageObject","inLanguage":"pl-PL","@id":"https:\/\/www.welovecycling.com\/pl\/#\/schema\/person\/image\/","url":"https:\/\/secure.gravatar.com\/avatar\/7e1ee0ecc5e294b19ef32b9f6086e0afbb9da00c3cb0d465ba4695331f4a9187?s=96&d=mm&r=g","contentUrl":"https:\/\/secure.gravatar.com\/avatar\/7e1ee0ecc5e294b19ef32b9f6086e0afbb9da00c3cb0d465ba4695331f4a9187?s=96&d=mm&r=g","caption":"WeLoveCycling"},"url":"https:\/\/www.welovecycling.com\/pl\/author\/lukascech\/"}]}},"_links":{"self":[{"href":"https:\/\/www.welovecycling.com\/pl\/wp-json\/wp\/v2\/posts\/1434","targetHints":{"allow":["GET"]}}],"collection":[{"href":"https:\/\/www.welovecycling.com\/pl\/wp-json\/wp\/v2\/posts"}],"about":[{"href":"https:\/\/www.welovecycling.com\/pl\/wp-json\/wp\/v2\/types\/post"}],"author":[{"embeddable":true,"href":"https:\/\/www.welovecycling.com\/pl\/wp-json\/wp\/v2\/users\/1"}],"replies":[{"embeddable":true,"href":"https:\/\/www.welovecycling.com\/pl\/wp-json\/wp\/v2\/comments?post=1434"}],"version-history":[{"count":1,"href":"https:\/\/www.welovecycling.com\/pl\/wp-json\/wp\/v2\/posts\/1434\/revisions"}],"predecessor-version":[{"id":2427,"href":"https:\/\/www.welovecycling.com\/pl\/wp-json\/wp\/v2\/posts\/1434\/revisions\/2427"}],"wp:featuredmedia":[{"embeddable":true,"href":"https:\/\/www.welovecycling.com\/pl\/wp-json\/wp\/v2\/media\/1435"}],"wp:attachment":[{"href":"https:\/\/www.welovecycling.com\/pl\/wp-json\/wp\/v2\/media?parent=1434"}],"wp:term":[{"taxonomy":"category","embeddable":true,"href":"https:\/\/www.welovecycling.com\/pl\/wp-json\/wp\/v2\/categories?post=1434"},{"taxonomy":"post_tag","embeddable":true,"href":"https:\/\/www.welovecycling.com\/pl\/wp-json\/wp\/v2\/tags?post=1434"},{"taxonomy":"global-categories","embeddable":true,"href":"https:\/\/www.welovecycling.com\/pl\/wp-json\/wp\/v2\/global-categories?post=1434"}],"curies":[{"name":"wp","href":"https:\/\/api.w.org\/{rel}","templated":true}]}}