{"id":14319,"date":"2023-10-27T07:36:14","date_gmt":"2023-10-27T07:36:14","guid":{"rendered":"https:\/\/www.welovecycling.com\/pl\/?p=14319"},"modified":"2023-10-30T15:49:25","modified_gmt":"2023-10-30T15:49:25","slug":"historia-sukcesu-katarzyny-niewiadomej-w-tdff-2023","status":"publish","type":"post","link":"https:\/\/www.welovecycling.com\/pl\/2023\/10\/27\/historia-sukcesu-katarzyny-niewiadomej-w-tdff-2023\/","title":{"rendered":"Historia sukcesu Katarzyny Niewiadomej w TDFF 2023"},"content":{"rendered":"<p><strong>956 kilometr\u00f3w. 8 etap\u00f3w. 25 godzin 20 minut 38 sekund. Pierwsze miejsce w klasyfikacji g\u00f3rskiej. Obrona trzeciego miejsca w klasyfikacji generalnej. Zapisanie si\u0119 w historii polskiego kolarstwa.<\/strong><\/p>\n<p>Start Kasi Niewiadomej, ambasadorki marki \u0160koda, w Tour de France Femmes 2023 jest imponuj\u0105cy nawet po sprowadzeniu do suchych liczb. Te jednak nie oddaj\u0105 nawet u\u0142amka ca\u0142ej zwi\u0105zanej z nim historii. Nadludzkiego wysi\u0142ku na ka\u017cdym kilometrze. Wyczerpuj\u0105cej walki o u\u0142amki sekund podczas ostatniego, indywidualnego etapu. Rywalizacji rami\u0119 w rami\u0119 z najlepszymi na \u015bwiecie kolarkami z 27 kraj\u00f3w. A tak\u017ce po\u015bwi\u0119cenia i dyscypliny wymaganej podczas przygotowa\u0144.<\/p>\n<p>A to w\u0142a\u015bnie od przygotowa\u0144 zaczyna si\u0119 historia sukcesu Kasi, historia, kt\u00f3ra pozwoli\u0142a jej stan\u0105\u0107 na podium jednego z najbardziej presti\u017cowych wy\u015bcig\u00f3w kolarskich i za\u0142o\u017cy\u0107 koszulk\u0119 najlepszej g\u00f3ralki.<\/p>\n<p><a href=\"https:\/\/d2p6e6u75xmxt8.cloudfront.net\/5\/2023\/10\/K-Niewiadoma-3.webp\"><img loading=\"lazy\" decoding=\"async\" class=\"alignnone size-full wp-image-14321\" src=\"https:\/\/d2p6e6u75xmxt8.cloudfront.net\/5\/2023\/10\/K-Niewiadoma-3.webp\" alt=\"\" width=\"1280\" height=\"720\" srcset=\"https:\/\/d2p6e6u75xmxt8.cloudfront.net\/5\/2023\/10\/K-Niewiadoma-3.webp 1280w, https:\/\/d2p6e6u75xmxt8.cloudfront.net\/5\/2023\/10\/K-Niewiadoma-3-300x169.webp 300w, https:\/\/d2p6e6u75xmxt8.cloudfront.net\/5\/2023\/10\/K-Niewiadoma-3-1024x576.webp 1024w, https:\/\/d2p6e6u75xmxt8.cloudfront.net\/5\/2023\/10\/K-Niewiadoma-3-768x432.webp 768w, https:\/\/d2p6e6u75xmxt8.cloudfront.net\/5\/2023\/10\/K-Niewiadoma-3-400x225.webp 400w\" sizes=\"auto, (max-width: 1280px) 100vw, 1280px\" \/><\/a><\/p>\n<p>Kasia Niewiadoma przygotowa\u0142a kr\u00f3tkie materia\u0142y wideo, kt\u00f3re pozwalaj\u0105 nam pozna\u0107 wa\u017cne momenty z ostatniego etapu przygotowa\u0144 do Tour de France Femmes 2023. Zapraszamy do obejrzenia serii relacji, w kt\u00f3rych m.in. zobaczymy dzie\u0144 ostatniego treningu, dowiemy si\u0119, jak wygl\u0105da przedstartowa dieta naszej kolarki, poznamy jej sposoby na regeneracj\u0119 i wyciszenie, a tak\u017ce sprawdzimy jak wygl\u0105da serwis roweru na nieca\u0142e trzy dobry przed Tour de France Femmes .<\/p>\n<p>Zobacz wszystkie relacje -&gt; <a href=\"https:\/\/www.instagram.com\/stories\/highlights\/17972980769440316\/?r=1\">https:\/\/www.instagram.com\/stories\/highlights\/17972980769440316\/?r=1<\/a><\/p>\n<p><a href=\"https:\/\/d2p6e6u75xmxt8.cloudfront.net\/5\/2023\/10\/K-Niewiadoma-kolaz.webp\"><img loading=\"lazy\" decoding=\"async\" class=\"alignnone size-full wp-image-14322\" src=\"https:\/\/d2p6e6u75xmxt8.cloudfront.net\/5\/2023\/10\/K-Niewiadoma-kolaz.webp\" alt=\"\" width=\"1080\" height=\"1080\" srcset=\"https:\/\/d2p6e6u75xmxt8.cloudfront.net\/5\/2023\/10\/K-Niewiadoma-kolaz.webp 1080w, https:\/\/d2p6e6u75xmxt8.cloudfront.net\/5\/2023\/10\/K-Niewiadoma-kolaz-300x300.webp 300w, https:\/\/d2p6e6u75xmxt8.cloudfront.net\/5\/2023\/10\/K-Niewiadoma-kolaz-1024x1024.webp 1024w, https:\/\/d2p6e6u75xmxt8.cloudfront.net\/5\/2023\/10\/K-Niewiadoma-kolaz-150x150.webp 150w, https:\/\/d2p6e6u75xmxt8.cloudfront.net\/5\/2023\/10\/K-Niewiadoma-kolaz-768x768.webp 768w, https:\/\/d2p6e6u75xmxt8.cloudfront.net\/5\/2023\/10\/K-Niewiadoma-kolaz-400x400.webp 400w\" sizes=\"auto, (max-width: 1080px) 100vw, 1080px\" \/><\/a><\/p>\n<p>Jeszcze raz z ca\u0142ego serca gratulujemy historycznego sukcesu na Tour de France Femmes 2023! Zach\u0119camy te\u017c do \u015bledzenia kolejnych start\u00f3w i kibicowania Kasi Niewiadomej. Trzymamy mocno kciuki za dalsze zwyci\u0119stwa i czekamy na r\u00f3wnie pe\u0142ny emocji i pasji Tour de France Femmes 2024.<\/p>\n<p><a href=\"https:\/\/d2p6e6u75xmxt8.cloudfront.net\/5\/2023\/10\/K-Niewiadoma-4.webp\"><img loading=\"lazy\" decoding=\"async\" class=\"alignnone size-full wp-image-14326\" src=\"https:\/\/d2p6e6u75xmxt8.cloudfront.net\/5\/2023\/10\/K-Niewiadoma-4.webp\" alt=\"\" width=\"1280\" height=\"720\" srcset=\"https:\/\/d2p6e6u75xmxt8.cloudfront.net\/5\/2023\/10\/K-Niewiadoma-4.webp 1280w, https:\/\/d2p6e6u75xmxt8.cloudfront.net\/5\/2023\/10\/K-Niewiadoma-4-300x169.webp 300w, https:\/\/d2p6e6u75xmxt8.cloudfront.net\/5\/2023\/10\/K-Niewiadoma-4-1024x576.webp 1024w, https:\/\/d2p6e6u75xmxt8.cloudfront.net\/5\/2023\/10\/K-Niewiadoma-4-768x432.webp 768w, https:\/\/d2p6e6u75xmxt8.cloudfront.net\/5\/2023\/10\/K-Niewiadoma-4-400x225.webp 400w\" sizes=\"auto, (max-width: 1280px) 100vw, 1280px\" \/><\/a><\/p>\n<p><span data-sheets-value=\"{&quot;1&quot;:2,&quot;2&quot;:&quot;Artyku\u0142 powsta\u0142 we wsp\u00f3\u0142pracy ze skoda-auto.pl&quot;}\" data-sheets-userformat=\"{&quot;2&quot;:1,&quot;3&quot;:{&quot;1&quot;:0}}\" data-sheets-hyperlink=\"http:\/\/www.skoda-auto.pl\/\"><a class=\"in-cell-link\" href=\"http:\/\/www.skoda-auto.pl\/\" target=\"_blank\" rel=\"noopener noreferrer\">Artyku\u0142 powsta\u0142 we wsp\u00f3\u0142pracy ze skoda-auto.pl<\/a><\/span><\/p>\n<p><img decoding=\"async\" src=\"https:\/\/d2p6e6u75xmxt8.cloudfront.net\/5\/2030\/11\/3.webp\" \/><\/p>\n","protected":false},"excerpt":{"rendered":"<p>956 kilometr\u00f3w. 8 etap\u00f3w. 25 godzin 20 minut 38 sekund. Pierwsze miejsce w klasyfikacji g\u00f3rskiej. Obrona trzeciego miejsca w klasyfikacji [&hellip;]<\/p>\n","protected":false},"author":153,"featured_media":14320,"comment_status":"open","ping_status":"open","sticky":false,"template":"","format":"standard","meta":{"footnotes":""},"categories":[407],"tags":[369,191,404,421,77,399,406,146],"global-categories":[303],"class_list":["post-14319","post","type-post","status-publish","format-standard","has-post-thumbnail","hentry","category-kasia-niewiadoma","tag-kasia-niewiadoma","tag-skoda","tag-skodapolska","tag-tdff","tag-tour-de-france","tag-tour-de-france-2023","tag-tour-de-france-femmes","tag-wyscig","global-categories-cycling"],"yoast_head":"<!-- This site is optimized with the Yoast SEO Premium plugin v25.3 (Yoast SEO v25.9) - https:\/\/yoast.com\/wordpress\/plugins\/seo\/ -->\n<title>Historia sukcesu Katarzyny Niewiadomej w TDFF 2023 - \u0160koda We Love Cycling - Poland<\/title>\n<meta name=\"robots\" content=\"index, follow, max-snippet:-1, max-image-preview:large, max-video-preview:-1\" \/>\n<link rel=\"canonical\" href=\"https:\/\/www.welovecycling.com\/pl\/2023\/10\/27\/historia-sukcesu-katarzyny-niewiadomej-w-tdff-2023\/\" \/>\n<meta property=\"og:locale\" content=\"pl_PL\" \/>\n<meta property=\"og:type\" content=\"article\" \/>\n<meta property=\"og:title\" content=\"Historia sukcesu Katarzyny Niewiadomej w TDFF 2023\" \/>\n<meta property=\"og:description\" content=\"956 kilometr\u00f3w. 8 etap\u00f3w. 25 godzin 20 minut 38 sekund. Pierwsze miejsce w klasyfikacji g\u00f3rskiej. Obrona trzeciego miejsca w klasyfikacji [&hellip;]\" \/>\n<meta property=\"og:url\" content=\"https:\/\/www.welovecycling.com\/pl\/2023\/10\/27\/historia-sukcesu-katarzyny-niewiadomej-w-tdff-2023\/\" \/>\n<meta property=\"og:site_name\" content=\"\u0160koda We Love Cycling - Poland\" \/>\n<meta property=\"article:published_time\" content=\"2023-10-27T07:36:14+00:00\" \/>\n<meta property=\"article:modified_time\" content=\"2023-10-30T15:49:25+00:00\" \/>\n<meta property=\"og:image\" content=\"https:\/\/d2p6e6u75xmxt8.cloudfront.net\/5\/2023\/10\/K-Niewiadoma-2.webp\" \/>\n\t<meta property=\"og:image:width\" content=\"1280\" \/>\n\t<meta property=\"og:image:height\" content=\"720\" \/>\n\t<meta property=\"og:image:type\" content=\"image\/webp\" \/>\n<meta name=\"author\" content=\"rafal\" \/>\n<meta name=\"twitter:card\" content=\"summary_large_image\" \/>\n<meta name=\"twitter:label1\" content=\"Written by\" \/>\n\t<meta name=\"twitter:data1\" content=\"We Love Cycling\" \/>\n\t<meta name=\"twitter:label2\" content=\"Est. reading time\" \/>\n\t<meta name=\"twitter:data2\" content=\"3\" \/>\n<script type=\"application\/ld+json\" class=\"yoast-schema-graph\">{\"@context\":\"https:\/\/schema.org\",\"@graph\":[{\"@type\":\"WebPage\",\"@id\":\"https:\/\/www.welovecycling.com\/pl\/2023\/10\/27\/historia-sukcesu-katarzyny-niewiadomej-w-tdff-2023\/\",\"url\":\"https:\/\/www.welovecycling.com\/pl\/2023\/10\/27\/historia-sukcesu-katarzyny-niewiadomej-w-tdff-2023\/\",\"name\":\"Historia sukcesu Katarzyny Niewiadomej w TDFF 2023 - \u0160koda We Love Cycling - Poland\",\"isPartOf\":{\"@id\":\"https:\/\/www.welovecycling.com\/pl\/#website\"},\"primaryImageOfPage\":{\"@id\":\"https:\/\/www.welovecycling.com\/pl\/2023\/10\/27\/historia-sukcesu-katarzyny-niewiadomej-w-tdff-2023\/#primaryimage\"},\"image\":{\"@id\":\"https:\/\/www.welovecycling.com\/pl\/2023\/10\/27\/historia-sukcesu-katarzyny-niewiadomej-w-tdff-2023\/#primaryimage\"},\"thumbnailUrl\":\"https:\/\/d2p6e6u75xmxt8.cloudfront.net\/5\/2023\/10\/K-Niewiadoma-2.webp\",\"datePublished\":\"2023-10-27T07:36:14+00:00\",\"dateModified\":\"2023-10-30T15:49:25+00:00\",\"author\":{\"@id\":\"https:\/\/www.welovecycling.com\/pl\/#\/schema\/person\/bf06ed916a1ef16618807fb60d2ebe42\"},\"breadcrumb\":{\"@id\":\"https:\/\/www.welovecycling.com\/pl\/2023\/10\/27\/historia-sukcesu-katarzyny-niewiadomej-w-tdff-2023\/#breadcrumb\"},\"inLanguage\":\"pl-PL\",\"potentialAction\":[{\"@type\":\"ReadAction\",\"target\":[\"https:\/\/www.welovecycling.com\/pl\/2023\/10\/27\/historia-sukcesu-katarzyny-niewiadomej-w-tdff-2023\/\"]}]},{\"@type\":\"ImageObject\",\"inLanguage\":\"pl-PL\",\"@id\":\"https:\/\/www.welovecycling.com\/pl\/2023\/10\/27\/historia-sukcesu-katarzyny-niewiadomej-w-tdff-2023\/#primaryimage\",\"url\":\"https:\/\/d2p6e6u75xmxt8.cloudfront.net\/5\/2023\/10\/K-Niewiadoma-2.webp\",\"contentUrl\":\"https:\/\/d2p6e6u75xmxt8.cloudfront.net\/5\/2023\/10\/K-Niewiadoma-2.webp\",\"width\":1280,\"height\":720},{\"@type\":\"BreadcrumbList\",\"@id\":\"https:\/\/www.welovecycling.com\/pl\/2023\/10\/27\/historia-sukcesu-katarzyny-niewiadomej-w-tdff-2023\/#breadcrumb\",\"itemListElement\":[{\"@type\":\"ListItem\",\"position\":1,\"name\":\"Home\",\"item\":\"https:\/\/www.welovecycling.com\/pl\/\"},{\"@type\":\"ListItem\",\"position\":2,\"name\":\"Historia sukcesu Katarzyny Niewiadomej w TDFF 2023\"}]},{\"@type\":\"WebSite\",\"@id\":\"https:\/\/www.welovecycling.com\/pl\/#website\",\"url\":\"https:\/\/www.welovecycling.com\/pl\/\",\"name\":\"\u0160koda We Love Cycling - Poland\",\"description\":\"\",\"potentialAction\":[{\"@type\":\"SearchAction\",\"target\":{\"@type\":\"EntryPoint\",\"urlTemplate\":\"https:\/\/www.welovecycling.com\/pl\/?s={search_term_string}\"},\"query-input\":{\"@type\":\"PropertyValueSpecification\",\"valueRequired\":true,\"valueName\":\"search_term_string\"}}],\"inLanguage\":\"pl-PL\"},{\"@type\":\"Person\",\"@id\":\"https:\/\/www.welovecycling.com\/pl\/#\/schema\/person\/bf06ed916a1ef16618807fb60d2ebe42\",\"name\":\"rafal\",\"image\":{\"@type\":\"ImageObject\",\"inLanguage\":\"pl-PL\",\"@id\":\"https:\/\/www.welovecycling.com\/pl\/#\/schema\/person\/image\/\",\"url\":\"https:\/\/secure.gravatar.com\/avatar\/203f240e63bee214f6f3a0dacbeb600c7829c09716c2b9ee3230c6961debcde2?s=96&d=mm&r=g\",\"contentUrl\":\"https:\/\/secure.gravatar.com\/avatar\/203f240e63bee214f6f3a0dacbeb600c7829c09716c2b9ee3230c6961debcde2?s=96&d=mm&r=g\",\"caption\":\"rafal\"},\"url\":\"https:\/\/www.welovecycling.com\/pl\/author\/rafal\/\"}]}<\/script>\n<!-- \/ Yoast SEO Premium plugin. -->","yoast_head_json":{"title":"Historia sukcesu Katarzyny Niewiadomej w TDFF 2023 - \u0160koda We Love Cycling - Poland","robots":{"index":"index","follow":"follow","max-snippet":"max-snippet:-1","max-image-preview":"max-image-preview:large","max-video-preview":"max-video-preview:-1"},"canonical":"https:\/\/www.welovecycling.com\/pl\/2023\/10\/27\/historia-sukcesu-katarzyny-niewiadomej-w-tdff-2023\/","og_locale":"pl_PL","og_type":"article","og_title":"Historia sukcesu Katarzyny Niewiadomej w TDFF 2023","og_description":"956 kilometr\u00f3w. 8 etap\u00f3w. 25 godzin 20 minut 38 sekund. Pierwsze miejsce w klasyfikacji g\u00f3rskiej. Obrona trzeciego miejsca w klasyfikacji [&hellip;]","og_url":"https:\/\/www.welovecycling.com\/pl\/2023\/10\/27\/historia-sukcesu-katarzyny-niewiadomej-w-tdff-2023\/","og_site_name":"\u0160koda We Love Cycling - Poland","article_published_time":"2023-10-27T07:36:14+00:00","article_modified_time":"2023-10-30T15:49:25+00:00","og_image":[{"width":1280,"height":720,"url":"https:\/\/d2p6e6u75xmxt8.cloudfront.net\/5\/2023\/10\/K-Niewiadoma-2.webp","type":"image\/webp"}],"author":"rafal","twitter_card":"summary_large_image","twitter_misc":{"Written by":"We Love Cycling","Est. reading time":"3"},"schema":{"@context":"https:\/\/schema.org","@graph":[{"@type":"WebPage","@id":"https:\/\/www.welovecycling.com\/pl\/2023\/10\/27\/historia-sukcesu-katarzyny-niewiadomej-w-tdff-2023\/","url":"https:\/\/www.welovecycling.com\/pl\/2023\/10\/27\/historia-sukcesu-katarzyny-niewiadomej-w-tdff-2023\/","name":"Historia sukcesu Katarzyny Niewiadomej w TDFF 2023 - \u0160koda We Love Cycling - Poland","isPartOf":{"@id":"https:\/\/www.welovecycling.com\/pl\/#website"},"primaryImageOfPage":{"@id":"https:\/\/www.welovecycling.com\/pl\/2023\/10\/27\/historia-sukcesu-katarzyny-niewiadomej-w-tdff-2023\/#primaryimage"},"image":{"@id":"https:\/\/www.welovecycling.com\/pl\/2023\/10\/27\/historia-sukcesu-katarzyny-niewiadomej-w-tdff-2023\/#primaryimage"},"thumbnailUrl":"https:\/\/d2p6e6u75xmxt8.cloudfront.net\/5\/2023\/10\/K-Niewiadoma-2.webp","datePublished":"2023-10-27T07:36:14+00:00","dateModified":"2023-10-30T15:49:25+00:00","author":{"@id":"https:\/\/www.welovecycling.com\/pl\/#\/schema\/person\/bf06ed916a1ef16618807fb60d2ebe42"},"breadcrumb":{"@id":"https:\/\/www.welovecycling.com\/pl\/2023\/10\/27\/historia-sukcesu-katarzyny-niewiadomej-w-tdff-2023\/#breadcrumb"},"inLanguage":"pl-PL","potentialAction":[{"@type":"ReadAction","target":["https:\/\/www.welovecycling.com\/pl\/2023\/10\/27\/historia-sukcesu-katarzyny-niewiadomej-w-tdff-2023\/"]}]},{"@type":"ImageObject","inLanguage":"pl-PL","@id":"https:\/\/www.welovecycling.com\/pl\/2023\/10\/27\/historia-sukcesu-katarzyny-niewiadomej-w-tdff-2023\/#primaryimage","url":"https:\/\/d2p6e6u75xmxt8.cloudfront.net\/5\/2023\/10\/K-Niewiadoma-2.webp","contentUrl":"https:\/\/d2p6e6u75xmxt8.cloudfront.net\/5\/2023\/10\/K-Niewiadoma-2.webp","width":1280,"height":720},{"@type":"BreadcrumbList","@id":"https:\/\/www.welovecycling.com\/pl\/2023\/10\/27\/historia-sukcesu-katarzyny-niewiadomej-w-tdff-2023\/#breadcrumb","itemListElement":[{"@type":"ListItem","position":1,"name":"Home","item":"https:\/\/www.welovecycling.com\/pl\/"},{"@type":"ListItem","position":2,"name":"Historia sukcesu Katarzyny Niewiadomej w TDFF 2023"}]},{"@type":"WebSite","@id":"https:\/\/www.welovecycling.com\/pl\/#website","url":"https:\/\/www.welovecycling.com\/pl\/","name":"\u0160koda We Love Cycling - Poland","description":"","potentialAction":[{"@type":"SearchAction","target":{"@type":"EntryPoint","urlTemplate":"https:\/\/www.welovecycling.com\/pl\/?s={search_term_string}"},"query-input":{"@type":"PropertyValueSpecification","valueRequired":true,"valueName":"search_term_string"}}],"inLanguage":"pl-PL"},{"@type":"Person","@id":"https:\/\/www.welovecycling.com\/pl\/#\/schema\/person\/bf06ed916a1ef16618807fb60d2ebe42","name":"rafal","image":{"@type":"ImageObject","inLanguage":"pl-PL","@id":"https:\/\/www.welovecycling.com\/pl\/#\/schema\/person\/image\/","url":"https:\/\/secure.gravatar.com\/avatar\/203f240e63bee214f6f3a0dacbeb600c7829c09716c2b9ee3230c6961debcde2?s=96&d=mm&r=g","contentUrl":"https:\/\/secure.gravatar.com\/avatar\/203f240e63bee214f6f3a0dacbeb600c7829c09716c2b9ee3230c6961debcde2?s=96&d=mm&r=g","caption":"rafal"},"url":"https:\/\/www.welovecycling.com\/pl\/author\/rafal\/"}]}},"_links":{"self":[{"href":"https:\/\/www.welovecycling.com\/pl\/wp-json\/wp\/v2\/posts\/14319","targetHints":{"allow":["GET"]}}],"collection":[{"href":"https:\/\/www.welovecycling.com\/pl\/wp-json\/wp\/v2\/posts"}],"about":[{"href":"https:\/\/www.welovecycling.com\/pl\/wp-json\/wp\/v2\/types\/post"}],"author":[{"embeddable":true,"href":"https:\/\/www.welovecycling.com\/pl\/wp-json\/wp\/v2\/users\/153"}],"replies":[{"embeddable":true,"href":"https:\/\/www.welovecycling.com\/pl\/wp-json\/wp\/v2\/comments?post=14319"}],"version-history":[{"count":5,"href":"https:\/\/www.welovecycling.com\/pl\/wp-json\/wp\/v2\/posts\/14319\/revisions"}],"predecessor-version":[{"id":14338,"href":"https:\/\/www.welovecycling.com\/pl\/wp-json\/wp\/v2\/posts\/14319\/revisions\/14338"}],"wp:featuredmedia":[{"embeddable":true,"href":"https:\/\/www.welovecycling.com\/pl\/wp-json\/wp\/v2\/media\/14320"}],"wp:attachment":[{"href":"https:\/\/www.welovecycling.com\/pl\/wp-json\/wp\/v2\/media?parent=14319"}],"wp:term":[{"taxonomy":"category","embeddable":true,"href":"https:\/\/www.welovecycling.com\/pl\/wp-json\/wp\/v2\/categories?post=14319"},{"taxonomy":"post_tag","embeddable":true,"href":"https:\/\/www.welovecycling.com\/pl\/wp-json\/wp\/v2\/tags?post=14319"},{"taxonomy":"global-categories","embeddable":true,"href":"https:\/\/www.welovecycling.com\/pl\/wp-json\/wp\/v2\/global-categories?post=14319"}],"curies":[{"name":"wp","href":"https:\/\/api.w.org\/{rel}","templated":true}]}}