{"id":14310,"date":"2023-10-23T13:50:19","date_gmt":"2023-10-23T13:50:19","guid":{"rendered":"https:\/\/www.welovecycling.com\/pl\/?p=14310"},"modified":"2023-10-23T13:50:19","modified_gmt":"2023-10-23T13:50:19","slug":"zdobyl-trzecia-korone-z-rzedu-ale-tylko-na-otarcie-lez","status":"publish","type":"post","link":"https:\/\/www.welovecycling.com\/pl\/2023\/10\/23\/zdobyl-trzecia-korone-z-rzedu-ale-tylko-na-otarcie-lez\/","title":{"rendered":"Zdoby\u0142 trzeci\u0105 koron\u0119 z rz\u0119du! Ale tylko na otarcie \u0142ez"},"content":{"rendered":"<p><strong>10 miesi\u0119cy, 34 wy\u015bcigi i tylko jeden zwyci\u0119zca \u2013 Tadej Pogacar. Cho\u0107 S\u0142oweniec z wyst\u0119p\u00f3w w najwi\u0119kszych wy\u015bcigach tego sezonu nie mo\u017ce by\u0107 do ko\u0144ca zadowolony, to jednak zdo\u0142a\u0142 po raz trzeci wygra\u0107 klasyfikacj\u0119 generaln\u0105 UCI World Tour.<\/strong><\/p>\n<p>Rywalizacja zacz\u0119\u0142a si\u0119 ju\u017c w styczniu. Gdy w Europie pogoda bardziej sprzyja\u0142a \u015bciganiu si\u0119 na nartach, kolarze przenie\u015bli si\u0119 do Australii, gdzie tradycyjnie zainaugurowali walk\u0119 w UCI World Tour. To by\u0142a jednak tylko rozgrzewka, podobnie jak wy\u015bcig promuj\u0105cy kolarstwo na Bliskim Wschodzie.<\/p>\n<p>Pod koniec lutego kolarze zameldowali si\u0119 w Europie, a walka zacz\u0119\u0142a si\u0119 na powa\u017cnie. Sezon na Starym Kontynencie rozkr\u0119ca\u0142 si\u0119 z pr\u0119dko\u015bci\u0105 finiszuj\u0105cych zawodnik\u00f3w, a na pocz\u0105tku marca Tadej Pogacar wygra\u0142 po raz pierwszy. S\u0142oweniec triumfowa\u0142 w jednodniowym wy\u015bcigu Pary\u017c \u2013 Nicea.<\/p>\n<div class=\"embed-controller-wrapper\">\n<blockquote class=\"twitter-tweet\" data-width=\"500\" data-dnt=\"true\">\n<p lang=\"und\" dir=\"ltr\">Tadej Poga\u010dar<\/p>\n<p>Paris-Nice, march 12th 2023 <a href=\"https:\/\/t.co\/YIjjcuEv76\">pic.twitter.com\/YIjjcuEv76<\/a><\/p>\n<p>&mdash; Cycling Pics That Go Hard (@cycIingpics) <a href=\"https:\/\/twitter.com\/cycIingpics\/status\/1635189834372489216?ref_src=twsrc%5Etfw\">March 13, 2023<\/a><\/p><\/blockquote>\n<p><script async data-src=\"https:\/\/platform.twitter.com\/widgets.js\" charset=\"utf-8\"><\/script><\/div>\n<p>W ekipie UAE Team Emirates mieli nadziej\u0119, \u017ce to zwiastun udanego sezonu i przede wszystkim trzeciego w karierze zwyci\u0119stwa Pogacara w Tour de France. Wtedy bowiem jeszcze nic nie zapowiada\u0142o, \u017ce wszystkie triumfy w najwa\u017cniejszych wy\u015bcigach zgarnie Jumbo-Visma.<\/p>\n<p><strong>Kwiecie\u0144 miesi\u0105cem S\u0142owe\u0144ca<\/strong><\/p>\n<p>Pogacar tylko w kwietniu wygra\u0142 Tour of Flanders, Amstel Gold Race oraz La Fleche Walonne, wi\u0119c wydawa\u0142o si\u0119, \u017ce zn\u00f3w zaczyna b\u0142yszcze\u0107 jak w poprzednich lat. Te wygrane mia\u0142y by\u0107 ma\u0142ymi krokami do celu, kt\u00f3rym by\u0142o zwyci\u0119stwo w Tour de France.<\/p>\n<p>Podczas Wielkiej P\u0119tli S\u0142oweniec pojecha\u0142 dobrze, ale nie znakomicie, a w tak wielkim wy\u015bcigu do talentu i \u015bwietnej formy nale\u017cy do\u0142o\u017cy\u0107 co\u015b ekstra. A to co\u015b mia\u0142 Jonas Vingegaard, kt\u00f3ry zgarn\u0105\u0142 zwyci\u0119stwo w Tour de France sprzed nosa Pogacarowi.<\/p>\n<div class=\"embed-controller-wrapper\">\n<blockquote class=\"twitter-tweet\" data-width=\"500\" data-dnt=\"true\">\n<p lang=\"en\" dir=\"ltr\">Last night was long, so I will keep this post short. Thank you, it\u2019s been a wild ride. Handing the white jersey over now. \ud83e\udd0d Vive le Tour \ud83c\uddeb\ud83c\uddf7\ud83e\udd56 \ud83e\udd50 \ud83d\udc0a \ud83d\udc2f . <a href=\"https:\/\/t.co\/rsnObN1mLW\">pic.twitter.com\/rsnObN1mLW<\/a><\/p>\n<p>&mdash; Tadej Poga\u010dar (@TamauPogi) <a href=\"https:\/\/twitter.com\/TamauPogi\/status\/1683442627692077057?ref_src=twsrc%5Etfw\">July 24, 2023<\/a><\/p><\/blockquote>\n<p><script async data-src=\"https:\/\/platform.twitter.com\/widgets.js\" charset=\"utf-8\"><\/script><\/div>\n<p>W tej sytuacji pod znakiem zapytania stan\u0105\u0142 triumf S\u0142owe\u0144ca tak\u017ce w UCI World Tour, szczeg\u00f3lnie \u017ce po Wielkiej P\u0119tli pr\u00f3\u017cno by\u0142o szuka\u0107 go na podium najwi\u0119kszych wy\u015bcig\u00f3w. Kropk\u0119 nad i Pogacar postawi\u0142 jednak na pocz\u0105tku pa\u017adziernika, gdy wygra\u0142 Il Lombardia.<\/p>\n<p><strong>Jako\u015b\u0107, liczba i r\u00f3\u017cnorodno\u015b\u0107<\/strong><\/p>\n<p>Sezon zamkni\u0119ty zosta\u0142 we wtorek, gdy w Chinach zako\u0144czy\u0142 si\u0119 Tour of Guangxi. Sze\u015bciodniowe \u015bciganie wygra\u0142 Milan Vader, kt\u00f3ry tym samym przypiecz\u0119towa\u0142 tegoroczny \u015bwietny wyst\u0119p ekipy Jumbo-Visma. W tym wy\u015bcigu Pogacar nie startowa\u0142, ale ju\u017c wcze\u015bniej zapewni\u0142 sobie wygran\u0105 w rankingu UCI World Tour.<\/p>\n<div class=\"embed-controller-wrapper\">\n<blockquote class=\"twitter-tweet\" data-width=\"500\" data-dnt=\"true\">\n<p lang=\"en\" dir=\"ltr\">2021 \ud83c\udfc6<br \/>2022 \ud83c\udfc6<br \/>2023 \ud83c\udfc6 <\/p>\n<p>\ud83d\udc51 <a href=\"https:\/\/twitter.com\/TamauPogi?ref_src=twsrc%5Etfw\">@TamauPogi<\/a>, the king of <a href=\"https:\/\/twitter.com\/Il_Lombardia?ref_src=twsrc%5Etfw\">@Il_Lombardia<\/a> <a href=\"https:\/\/twitter.com\/hashtag\/UCIWT?src=hash&amp;ref_src=twsrc%5Etfw\">#UCIWT<\/a> <a href=\"https:\/\/t.co\/xt29kajWP2\">pic.twitter.com\/xt29kajWP2<\/a><\/p>\n<p>&mdash; UCI (@UCI_cycling) <a href=\"https:\/\/twitter.com\/UCI_cycling\/status\/1710667181149552684?ref_src=twsrc%5Etfw\">October 7, 2023<\/a><\/p><\/blockquote>\n<p><script async data-src=\"https:\/\/platform.twitter.com\/widgets.js\" charset=\"utf-8\"><\/script><\/div>\n<p>\u2013 W wieku 25 lat przeszed\u0142 do historii dzi\u0119ki jako\u015bci, liczbie i r\u00f3\u017cnorodno\u015bci zwyci\u0119stw. Po swoje trzecie zwyci\u0119stwo w rankingu si\u0119gn\u0105\u0142 dzi\u0119ki zdobyciu 7695,9 punktu \u2013 podaje strona Mi\u0119dzynarodowej Unii Kolarskiej.<\/p>\n<p>Pogacar wyprzedzi\u0142 Jonasa Vingegarda (Jumbo-Visma), kt\u00f3ry uzbiera 6304,1 punktu, a trzecie miejsce zaj\u0105\u0142 Remco Evenepoel z Soudal \u2013 Quick Step (5631,7).<\/p>\n<p><strong>Trzy miesi\u0105ce przerwy<\/strong><\/p>\n<p>Teraz zawodnicy powoli rozje\u017cd\u017caj\u0105 si\u0119 na urlopy, a po raz pierwszy na starcie wy\u015bcigu z cyklu UCI World Tour 2024 stan\u0105 16 stycznia, gdy w Australii rozpocznie si\u0119 sze\u015bciodniowy Tour Down Under.<\/p>\n<p><span data-sheets-value=\"{&quot;1&quot;:2,&quot;2&quot;:&quot;Artyku\u0142 powsta\u0142 we wsp\u00f3\u0142pracy ze skoda-auto.pl&quot;}\" data-sheets-userformat=\"{&quot;2&quot;:1,&quot;3&quot;:{&quot;1&quot;:0}}\" data-sheets-hyperlink=\"http:\/\/www.skoda-auto.pl\/\"><a class=\"in-cell-link\" href=\"http:\/\/www.skoda-auto.pl\/\" target=\"_blank\" rel=\"noopener noreferrer\">Artyku\u0142 powsta\u0142 we wsp\u00f3\u0142pracy ze skoda-auto.pl<\/a><\/span><\/p>\n<p><img decoding=\"async\" src=\"https:\/\/d2p6e6u75xmxt8.cloudfront.net\/5\/2030\/11\/3.webp\" \/><\/p>\n","protected":false},"excerpt":{"rendered":"<p>10 miesi\u0119cy, 34 wy\u015bcigi i tylko jeden zwyci\u0119zca \u2013 Tadej Pogacar. Cho\u0107 S\u0142oweniec z wyst\u0119p\u00f3w w najwi\u0119kszych wy\u015bcigach tego sezonu [&hellip;]<\/p>\n","protected":false},"author":153,"featured_media":14314,"comment_status":"open","ping_status":"open","sticky":false,"template":"","format":"standard","meta":{"footnotes":""},"categories":[6,1],"tags":[176,411,91,191,404,82,146],"global-categories":[303],"class_list":["post-14310","post","type-post","status-publish","format-standard","has-post-thumbnail","hentry","category-kolarstwo-szosowe","category-uncategorized","tag-kolarstwo","tag-peleton","tag-rowery","tag-skoda","tag-skodapolska","tag-welovecycling","tag-wyscig","global-categories-cycling"],"yoast_head":"<!-- This site is optimized with the Yoast SEO Premium plugin v25.3 (Yoast SEO v25.9) - https:\/\/yoast.com\/wordpress\/plugins\/seo\/ -->\n<title>Zdoby\u0142 trzeci\u0105 koron\u0119 z rz\u0119du! Ale tylko na otarcie \u0142ez - \u0160koda We Love Cycling - Poland<\/title>\n<meta name=\"robots\" content=\"index, follow, max-snippet:-1, max-image-preview:large, max-video-preview:-1\" \/>\n<link rel=\"canonical\" href=\"https:\/\/www.welovecycling.com\/pl\/2023\/10\/23\/zdobyl-trzecia-korone-z-rzedu-ale-tylko-na-otarcie-lez\/\" \/>\n<meta property=\"og:locale\" content=\"pl_PL\" \/>\n<meta property=\"og:type\" content=\"article\" \/>\n<meta property=\"og:title\" content=\"Zdoby\u0142 trzeci\u0105 koron\u0119 z rz\u0119du! Ale tylko na otarcie \u0142ez\" \/>\n<meta property=\"og:description\" content=\"10 miesi\u0119cy, 34 wy\u015bcigi i tylko jeden zwyci\u0119zca \u2013 Tadej Pogacar. Cho\u0107 S\u0142oweniec z wyst\u0119p\u00f3w w najwi\u0119kszych wy\u015bcigach tego sezonu [&hellip;]\" \/>\n<meta property=\"og:url\" content=\"https:\/\/www.welovecycling.com\/pl\/2023\/10\/23\/zdobyl-trzecia-korone-z-rzedu-ale-tylko-na-otarcie-lez\/\" \/>\n<meta property=\"og:site_name\" content=\"\u0160koda We Love Cycling - Poland\" \/>\n<meta property=\"article:published_time\" content=\"2023-10-23T13:50:19+00:00\" \/>\n<meta property=\"og:image\" content=\"https:\/\/d2p6e6u75xmxt8.cloudfront.net\/5\/2023\/10\/Zdobyl-trzecia-korone-z-rzedu-Ale-tylko-na-otarcie-lez.webp\" \/>\n\t<meta property=\"og:image:width\" content=\"900\" \/>\n\t<meta property=\"og:image:height\" content=\"600\" \/>\n\t<meta property=\"og:image:type\" content=\"image\/webp\" \/>\n<meta name=\"author\" content=\"rafal\" \/>\n<meta name=\"twitter:card\" content=\"summary_large_image\" \/>\n<meta name=\"twitter:label1\" content=\"Written by\" \/>\n\t<meta name=\"twitter:data1\" content=\"Piotr Nowik\" \/>\n\t<meta name=\"twitter:label2\" content=\"Est. reading time\" \/>\n\t<meta name=\"twitter:data2\" content=\"4\" \/>\n<script type=\"application\/ld+json\" class=\"yoast-schema-graph\">{\"@context\":\"https:\/\/schema.org\",\"@graph\":[{\"@type\":\"WebPage\",\"@id\":\"https:\/\/www.welovecycling.com\/pl\/2023\/10\/23\/zdobyl-trzecia-korone-z-rzedu-ale-tylko-na-otarcie-lez\/\",\"url\":\"https:\/\/www.welovecycling.com\/pl\/2023\/10\/23\/zdobyl-trzecia-korone-z-rzedu-ale-tylko-na-otarcie-lez\/\",\"name\":\"Zdoby\u0142 trzeci\u0105 koron\u0119 z rz\u0119du! Ale tylko na otarcie \u0142ez - \u0160koda We Love Cycling - Poland\",\"isPartOf\":{\"@id\":\"https:\/\/www.welovecycling.com\/pl\/#website\"},\"primaryImageOfPage\":{\"@id\":\"https:\/\/www.welovecycling.com\/pl\/2023\/10\/23\/zdobyl-trzecia-korone-z-rzedu-ale-tylko-na-otarcie-lez\/#primaryimage\"},\"image\":{\"@id\":\"https:\/\/www.welovecycling.com\/pl\/2023\/10\/23\/zdobyl-trzecia-korone-z-rzedu-ale-tylko-na-otarcie-lez\/#primaryimage\"},\"thumbnailUrl\":\"https:\/\/d2p6e6u75xmxt8.cloudfront.net\/5\/2023\/10\/Zdobyl-trzecia-korone-z-rzedu-Ale-tylko-na-otarcie-lez.webp\",\"datePublished\":\"2023-10-23T13:50:19+00:00\",\"author\":{\"@id\":\"https:\/\/www.welovecycling.com\/pl\/#\/schema\/person\/bf06ed916a1ef16618807fb60d2ebe42\"},\"breadcrumb\":{\"@id\":\"https:\/\/www.welovecycling.com\/pl\/2023\/10\/23\/zdobyl-trzecia-korone-z-rzedu-ale-tylko-na-otarcie-lez\/#breadcrumb\"},\"inLanguage\":\"pl-PL\",\"potentialAction\":[{\"@type\":\"ReadAction\",\"target\":[\"https:\/\/www.welovecycling.com\/pl\/2023\/10\/23\/zdobyl-trzecia-korone-z-rzedu-ale-tylko-na-otarcie-lez\/\"]}]},{\"@type\":\"ImageObject\",\"inLanguage\":\"pl-PL\",\"@id\":\"https:\/\/www.welovecycling.com\/pl\/2023\/10\/23\/zdobyl-trzecia-korone-z-rzedu-ale-tylko-na-otarcie-lez\/#primaryimage\",\"url\":\"https:\/\/d2p6e6u75xmxt8.cloudfront.net\/5\/2023\/10\/Zdobyl-trzecia-korone-z-rzedu-Ale-tylko-na-otarcie-lez.webp\",\"contentUrl\":\"https:\/\/d2p6e6u75xmxt8.cloudfront.net\/5\/2023\/10\/Zdobyl-trzecia-korone-z-rzedu-Ale-tylko-na-otarcie-lez.webp\",\"width\":900,\"height\":600},{\"@type\":\"BreadcrumbList\",\"@id\":\"https:\/\/www.welovecycling.com\/pl\/2023\/10\/23\/zdobyl-trzecia-korone-z-rzedu-ale-tylko-na-otarcie-lez\/#breadcrumb\",\"itemListElement\":[{\"@type\":\"ListItem\",\"position\":1,\"name\":\"Home\",\"item\":\"https:\/\/www.welovecycling.com\/pl\/\"},{\"@type\":\"ListItem\",\"position\":2,\"name\":\"Zdoby\u0142 trzeci\u0105 koron\u0119 z rz\u0119du! Ale tylko na otarcie \u0142ez\"}]},{\"@type\":\"WebSite\",\"@id\":\"https:\/\/www.welovecycling.com\/pl\/#website\",\"url\":\"https:\/\/www.welovecycling.com\/pl\/\",\"name\":\"\u0160koda We Love Cycling - Poland\",\"description\":\"\",\"potentialAction\":[{\"@type\":\"SearchAction\",\"target\":{\"@type\":\"EntryPoint\",\"urlTemplate\":\"https:\/\/www.welovecycling.com\/pl\/?s={search_term_string}\"},\"query-input\":{\"@type\":\"PropertyValueSpecification\",\"valueRequired\":true,\"valueName\":\"search_term_string\"}}],\"inLanguage\":\"pl-PL\"},{\"@type\":\"Person\",\"@id\":\"https:\/\/www.welovecycling.com\/pl\/#\/schema\/person\/bf06ed916a1ef16618807fb60d2ebe42\",\"name\":\"rafal\",\"image\":{\"@type\":\"ImageObject\",\"inLanguage\":\"pl-PL\",\"@id\":\"https:\/\/www.welovecycling.com\/pl\/#\/schema\/person\/image\/\",\"url\":\"https:\/\/secure.gravatar.com\/avatar\/203f240e63bee214f6f3a0dacbeb600c7829c09716c2b9ee3230c6961debcde2?s=96&d=mm&r=g\",\"contentUrl\":\"https:\/\/secure.gravatar.com\/avatar\/203f240e63bee214f6f3a0dacbeb600c7829c09716c2b9ee3230c6961debcde2?s=96&d=mm&r=g\",\"caption\":\"rafal\"},\"url\":\"https:\/\/www.welovecycling.com\/pl\/author\/rafal\/\"}]}<\/script>\n<!-- \/ Yoast SEO Premium plugin. -->","yoast_head_json":{"title":"Zdoby\u0142 trzeci\u0105 koron\u0119 z rz\u0119du! Ale tylko na otarcie \u0142ez - \u0160koda We Love Cycling - Poland","robots":{"index":"index","follow":"follow","max-snippet":"max-snippet:-1","max-image-preview":"max-image-preview:large","max-video-preview":"max-video-preview:-1"},"canonical":"https:\/\/www.welovecycling.com\/pl\/2023\/10\/23\/zdobyl-trzecia-korone-z-rzedu-ale-tylko-na-otarcie-lez\/","og_locale":"pl_PL","og_type":"article","og_title":"Zdoby\u0142 trzeci\u0105 koron\u0119 z rz\u0119du! Ale tylko na otarcie \u0142ez","og_description":"10 miesi\u0119cy, 34 wy\u015bcigi i tylko jeden zwyci\u0119zca \u2013 Tadej Pogacar. Cho\u0107 S\u0142oweniec z wyst\u0119p\u00f3w w najwi\u0119kszych wy\u015bcigach tego sezonu [&hellip;]","og_url":"https:\/\/www.welovecycling.com\/pl\/2023\/10\/23\/zdobyl-trzecia-korone-z-rzedu-ale-tylko-na-otarcie-lez\/","og_site_name":"\u0160koda We Love Cycling - Poland","article_published_time":"2023-10-23T13:50:19+00:00","og_image":[{"width":900,"height":600,"url":"https:\/\/d2p6e6u75xmxt8.cloudfront.net\/5\/2023\/10\/Zdobyl-trzecia-korone-z-rzedu-Ale-tylko-na-otarcie-lez.webp","type":"image\/webp"}],"author":"rafal","twitter_card":"summary_large_image","twitter_misc":{"Written by":"Piotr Nowik","Est. reading time":"4"},"schema":{"@context":"https:\/\/schema.org","@graph":[{"@type":"WebPage","@id":"https:\/\/www.welovecycling.com\/pl\/2023\/10\/23\/zdobyl-trzecia-korone-z-rzedu-ale-tylko-na-otarcie-lez\/","url":"https:\/\/www.welovecycling.com\/pl\/2023\/10\/23\/zdobyl-trzecia-korone-z-rzedu-ale-tylko-na-otarcie-lez\/","name":"Zdoby\u0142 trzeci\u0105 koron\u0119 z rz\u0119du! Ale tylko na otarcie \u0142ez - \u0160koda We Love Cycling - Poland","isPartOf":{"@id":"https:\/\/www.welovecycling.com\/pl\/#website"},"primaryImageOfPage":{"@id":"https:\/\/www.welovecycling.com\/pl\/2023\/10\/23\/zdobyl-trzecia-korone-z-rzedu-ale-tylko-na-otarcie-lez\/#primaryimage"},"image":{"@id":"https:\/\/www.welovecycling.com\/pl\/2023\/10\/23\/zdobyl-trzecia-korone-z-rzedu-ale-tylko-na-otarcie-lez\/#primaryimage"},"thumbnailUrl":"https:\/\/d2p6e6u75xmxt8.cloudfront.net\/5\/2023\/10\/Zdobyl-trzecia-korone-z-rzedu-Ale-tylko-na-otarcie-lez.webp","datePublished":"2023-10-23T13:50:19+00:00","author":{"@id":"https:\/\/www.welovecycling.com\/pl\/#\/schema\/person\/bf06ed916a1ef16618807fb60d2ebe42"},"breadcrumb":{"@id":"https:\/\/www.welovecycling.com\/pl\/2023\/10\/23\/zdobyl-trzecia-korone-z-rzedu-ale-tylko-na-otarcie-lez\/#breadcrumb"},"inLanguage":"pl-PL","potentialAction":[{"@type":"ReadAction","target":["https:\/\/www.welovecycling.com\/pl\/2023\/10\/23\/zdobyl-trzecia-korone-z-rzedu-ale-tylko-na-otarcie-lez\/"]}]},{"@type":"ImageObject","inLanguage":"pl-PL","@id":"https:\/\/www.welovecycling.com\/pl\/2023\/10\/23\/zdobyl-trzecia-korone-z-rzedu-ale-tylko-na-otarcie-lez\/#primaryimage","url":"https:\/\/d2p6e6u75xmxt8.cloudfront.net\/5\/2023\/10\/Zdobyl-trzecia-korone-z-rzedu-Ale-tylko-na-otarcie-lez.webp","contentUrl":"https:\/\/d2p6e6u75xmxt8.cloudfront.net\/5\/2023\/10\/Zdobyl-trzecia-korone-z-rzedu-Ale-tylko-na-otarcie-lez.webp","width":900,"height":600},{"@type":"BreadcrumbList","@id":"https:\/\/www.welovecycling.com\/pl\/2023\/10\/23\/zdobyl-trzecia-korone-z-rzedu-ale-tylko-na-otarcie-lez\/#breadcrumb","itemListElement":[{"@type":"ListItem","position":1,"name":"Home","item":"https:\/\/www.welovecycling.com\/pl\/"},{"@type":"ListItem","position":2,"name":"Zdoby\u0142 trzeci\u0105 koron\u0119 z rz\u0119du! Ale tylko na otarcie \u0142ez"}]},{"@type":"WebSite","@id":"https:\/\/www.welovecycling.com\/pl\/#website","url":"https:\/\/www.welovecycling.com\/pl\/","name":"\u0160koda We Love Cycling - Poland","description":"","potentialAction":[{"@type":"SearchAction","target":{"@type":"EntryPoint","urlTemplate":"https:\/\/www.welovecycling.com\/pl\/?s={search_term_string}"},"query-input":{"@type":"PropertyValueSpecification","valueRequired":true,"valueName":"search_term_string"}}],"inLanguage":"pl-PL"},{"@type":"Person","@id":"https:\/\/www.welovecycling.com\/pl\/#\/schema\/person\/bf06ed916a1ef16618807fb60d2ebe42","name":"rafal","image":{"@type":"ImageObject","inLanguage":"pl-PL","@id":"https:\/\/www.welovecycling.com\/pl\/#\/schema\/person\/image\/","url":"https:\/\/secure.gravatar.com\/avatar\/203f240e63bee214f6f3a0dacbeb600c7829c09716c2b9ee3230c6961debcde2?s=96&d=mm&r=g","contentUrl":"https:\/\/secure.gravatar.com\/avatar\/203f240e63bee214f6f3a0dacbeb600c7829c09716c2b9ee3230c6961debcde2?s=96&d=mm&r=g","caption":"rafal"},"url":"https:\/\/www.welovecycling.com\/pl\/author\/rafal\/"}]}},"_links":{"self":[{"href":"https:\/\/www.welovecycling.com\/pl\/wp-json\/wp\/v2\/posts\/14310","targetHints":{"allow":["GET"]}}],"collection":[{"href":"https:\/\/www.welovecycling.com\/pl\/wp-json\/wp\/v2\/posts"}],"about":[{"href":"https:\/\/www.welovecycling.com\/pl\/wp-json\/wp\/v2\/types\/post"}],"author":[{"embeddable":true,"href":"https:\/\/www.welovecycling.com\/pl\/wp-json\/wp\/v2\/users\/153"}],"replies":[{"embeddable":true,"href":"https:\/\/www.welovecycling.com\/pl\/wp-json\/wp\/v2\/comments?post=14310"}],"version-history":[{"count":1,"href":"https:\/\/www.welovecycling.com\/pl\/wp-json\/wp\/v2\/posts\/14310\/revisions"}],"predecessor-version":[{"id":14313,"href":"https:\/\/www.welovecycling.com\/pl\/wp-json\/wp\/v2\/posts\/14310\/revisions\/14313"}],"wp:featuredmedia":[{"embeddable":true,"href":"https:\/\/www.welovecycling.com\/pl\/wp-json\/wp\/v2\/media\/14314"}],"wp:attachment":[{"href":"https:\/\/www.welovecycling.com\/pl\/wp-json\/wp\/v2\/media?parent=14310"}],"wp:term":[{"taxonomy":"category","embeddable":true,"href":"https:\/\/www.welovecycling.com\/pl\/wp-json\/wp\/v2\/categories?post=14310"},{"taxonomy":"post_tag","embeddable":true,"href":"https:\/\/www.welovecycling.com\/pl\/wp-json\/wp\/v2\/tags?post=14310"},{"taxonomy":"global-categories","embeddable":true,"href":"https:\/\/www.welovecycling.com\/pl\/wp-json\/wp\/v2\/global-categories?post=14310"}],"curies":[{"name":"wp","href":"https:\/\/api.w.org\/{rel}","templated":true}]}}