{"id":14299,"date":"2023-10-20T08:27:29","date_gmt":"2023-10-20T08:27:29","guid":{"rendered":"https:\/\/www.welovecycling.com\/pl\/?p=14299"},"modified":"2023-10-20T08:27:29","modified_gmt":"2023-10-20T08:27:29","slug":"tak-sie-spelnia-marzenia-kapitalny-wystep-katarzyny-niewiadomej","status":"publish","type":"post","link":"https:\/\/www.welovecycling.com\/pl\/2023\/10\/20\/tak-sie-spelnia-marzenia-kapitalny-wystep-katarzyny-niewiadomej\/","title":{"rendered":"Tak si\u0119 spe\u0142nia marzenia! Kapitalny wyst\u0119p Katarzyny Niewiadomej"},"content":{"rendered":"<p><b><span data-contrast=\"none\">Najsilniejsza, najszybsza, po prostu najlepsza. Katarzyna Niewiadoma zosta\u0142a gravelow\u0105 mistrzyni\u0105 \u015bwiata i w ten spos\u00f3b spe\u0142ni\u0142a jedno ze swoich marze\u0144. \u2013 Jestem taka szcz\u0119\u015bliwa. Nie mog\u0119 znale\u017a\u0107 s\u0142\u00f3w, by to opisa\u0107 \u2013 cieszy\u0142a si\u0119 Polka.<\/span><\/b><span data-ccp-props=\"{&quot;201341983&quot;:0,&quot;335559739&quot;:160,&quot;335559740&quot;:256}\">\u00a0<\/span><\/p>\n<p><span data-contrast=\"none\">Lata trening\u00f3w, hektolitry wylanego potu, setki konkurentek, a nagroda w postaci t\u0119czowej koszulki w gravelach tylko jedna. Jej w\u0142a\u015bcicielk\u0105 sta\u0142a si\u0119 Katarzyna Niewiadoma.<\/span><span data-ccp-props=\"{&quot;201341983&quot;:0,&quot;335559739&quot;:160,&quot;335559740&quot;:256}\">\u00a0<\/span><\/p>\n<p><span data-contrast=\"none\">\u201eMarzenia w\u0142a\u015bnie si\u0119 spe\u0142ni\u0142y. Mistrzyni \u015bwiata gravel. Dzi\u0119kuj\u0119 za ogromne wsparcie i mi\u0142e wiadomo\u015bci\u201d \u2013 napisa\u0142 Polka na Instagramie.<\/span><span data-ccp-props=\"{&quot;201341983&quot;:0,&quot;335559739&quot;:160,&quot;335559740&quot;:256}\">\u00a0<\/span><\/p>\n<p>https:\/\/www.instagram.com\/p\/CyI6fhZI5dF\/?hl=pl&#038;img_index=1<\/p>\n<p><b><span data-contrast=\"none\">\u201eJestem taka szcz\u0119\u015bliwa\u201d<\/span><\/b><span data-ccp-props=\"{&quot;201341983&quot;:0,&quot;335559739&quot;:160,&quot;335559740&quot;:256}\">\u00a0<\/span><\/p>\n<p><span data-contrast=\"none\">To by\u0142 wy\u015bcig dla zawodniczek, kt\u00f3re nie boj\u0105 si\u0119 morderczych podjazd\u00f3w, zr\u00f3\u017cnicowanych tras oraz trudnych warunk\u00f3w, a do tego w decyduj\u0105cych momentach potrafi\u0105 ca\u0142\u0105 si\u0142\u0119 prze\u0142o\u017cy\u0107 na sprint. I w\u0142a\u015bnie w tak wymagaj\u0105cej rywalizacji Katarzyna Niewiadoma czu\u0142a si\u0119 jak ryba w wodzie.<\/span><span data-ccp-props=\"{&quot;201341983&quot;:0,&quot;335559739&quot;:160,&quot;335559740&quot;:256}\">\u00a0<\/span><\/p>\n<div class=\"embed-controller-wrapper\">\n<blockquote class=\"twitter-tweet\" data-width=\"500\" data-dnt=\"true\">\n<p lang=\"pl\" dir=\"ltr\">\ud83c\udf08\ud83e\udd47 KASIA NIEWIADOMA <\/p>\n<p>A solo victory at the 2023 UCI Gravel World Championships! \ud83d\udc4f<a href=\"https:\/\/twitter.com\/hashtag\/Veneto2023?src=hash&amp;ref_src=twsrc%5Etfw\">#Veneto2023<\/a> <a href=\"https:\/\/t.co\/SoQXFJicLy\">pic.twitter.com\/SoQXFJicLy<\/a><\/p>\n<p>&mdash; UCI (@UCI_cycling) <a href=\"https:\/\/twitter.com\/UCI_cycling\/status\/1710646822853558304?ref_src=twsrc%5Etfw\">October 7, 2023<\/a><\/p><\/blockquote>\n<p><script async data-src=\"https:\/\/platform.twitter.com\/widgets.js\" charset=\"utf-8\"><\/script><\/div>\n<p><span data-contrast=\"none\">Konkurencja by\u0142a ogromna, bo mistrzostwa \u015bwiata graveli to miejsce, w kt\u00f3rym mierz\u0105 si\u0119 najlepsze zawodniczki kolarstwa szosowego, g\u00f3rskiego i prze\u0142ajowego. W takim towarzystwie i na morderczej trasie w\u0142oskiego regionu Veneto Niewidoma spisa\u0142a si\u0119 \u015bwietnie, zostawiaj\u0105c konkurentki w tyle.<\/span><span data-ccp-props=\"{&quot;201341983&quot;:0,&quot;335559739&quot;:160,&quot;335559740&quot;:256}\">\u00a0<\/span><\/p>\n<p><span data-contrast=\"none\">\u2013 Nie mog\u0119 znale\u017a\u0107 s\u0142\u00f3w, by to opisa\u0107. To moja pierwsza t\u0119czowa koszulka, jestem taka szcz\u0119\u015bliwa! Po tak d\u0142ugim czasie bez wygranej ten triumf smakuje wyj\u0105tkowo \u2013 cieszy\u0142a si\u0119 po wy\u015bcigu mistrzyni \u015bwiata.<\/span><span data-ccp-props=\"{&quot;201341983&quot;:0,&quot;335559739&quot;:160,&quot;335559740&quot;:256}\">\u00a0<\/span><\/p>\n<p>https:\/\/www.instagram.com\/p\/CyGiLajtvjr\/?hl=pl<\/p>\n<p><b><span data-contrast=\"none\">Ogromna moc<\/span><\/b><span data-ccp-props=\"{&quot;201341983&quot;:0,&quot;335559739&quot;:160,&quot;335559740&quot;:256}\">\u00a0<\/span><\/p>\n<p><span data-contrast=\"none\">Zawodniczki do przejechania mia\u0142y 140 km. Od pocz\u0105tku rytm rywalizacji nadawa\u0142y kolarki szosowe, z kt\u00f3rych cz\u0119\u015b\u0107 w ko\u0144cu zdecydowa\u0142a si\u0119 na ucieczk\u0119. Z czasem towarzystwo stawa\u0142o si\u0119 coraz mniej liczne, a\u017c w ko\u0144cu na atak zdecydowa\u0142a si\u0119 Niewiadoma. By\u0142y obawy, czy na ucieczk\u0119 nie jest za wcze\u015bnie, ale Polka pokaza\u0142a ogromn\u0105 moc i na met\u0119 wpad\u0142a 30 sekund przed rywalkami. Za jej plecami walk\u0119 o wicemistrzostwo \u015bwiata stoczy\u0142y Silvia Persico oraz Demi Vollering, a g\u00f3r\u0105 by\u0142a W\u0142oszka.<\/span><span data-ccp-props=\"{&quot;201341983&quot;:0,&quot;335559739&quot;:160,&quot;335559740&quot;:256}\">\u00a0<\/span><\/p>\n<p>https:\/\/www.instagram.com\/p\/CyGpPvat1_q\/?hl=pl&#038;img_index=3<\/p>\n<p><span data-contrast=\"none\">\u2013 Na pocz\u0105tkowych podjazdach czu\u0142am si\u0119 dobrze i widzia\u0142am, \u017ce inne dziewczyny cierpi\u0105. Gdy zbli\u017ca\u0142y\u015bmy si\u0119 do ko\u0144ca, zaatakowa\u0142am, spodziewaj\u0105c si\u0119, \u017ce Demi lub kto\u015b inny do mnie do\u0142\u0105czy i b\u0119dziemy mia\u0142y szans\u0119 uciec razem. Nie my\u015bla\u0142am o samotnym ataku, chcia\u0142am po prostu zmniejszy\u0107 grup\u0119. Zna\u0142am ostatnie okr\u0105\u017cenie i wiedzia\u0142am, \u017ce by\u0142o tam kilka technicznych fragment\u00f3w, wi\u0119c czu\u0142am, \u017ce to dobry moment do ataku \u2013 m\u00f3wi\u0142a szcz\u0119\u015bliwa Niewiadoma.<\/span><span data-ccp-props=\"{&quot;201341983&quot;:0,&quot;335559739&quot;:160,&quot;335559740&quot;:256}\">\u00a0<\/span><\/p>\n<p><b><span data-contrast=\"none\">Czas na muffinki, cappuccino i\u2026 kolejny wy\u015bcig<\/span><\/b><\/p>\n<p><span data-contrast=\"none\">Teraz przed Polk\u0105 ostatni wy\u015bcig sezonu, ale wida\u0107, \u017ce optymizmem zd\u0105\u017cy\u0142a na\u0142adowa\u0107 si\u0119 na d\u0142ugie miesi\u0105ce. Przed wylotem do Stan\u00f3w Zjednoczonych napisa\u0142a bowiem:<\/span><span data-ccp-props=\"{&quot;201341983&quot;:0,&quot;335559739&quot;:160,&quot;335559740&quot;:256}\">\u00a0<\/span><\/p>\n<p><span data-contrast=\"none\">\u2013 Nie mog\u0119 doczeka\u0107 si\u0119 pysznej granoli i mas\u0142a orzechowego oraz wszystkich piekarni z ciep\u0142ymi muffinkami i du\u017cymi kubkami cappuccino, kt\u00f3re otwieraj\u0105 si\u0119 wystarczaj\u0105co wcze\u015bnie, aby pom\u00f3c mi walczy\u0107 na trasie. No i oczywi\u015bcie wszystkich s\u0142odkich szlak\u00f3w oraz szos, jakie wy\u015bcig ma do zaoferowania \u2013 napisa\u0142a Polka.<\/span><span data-ccp-props=\"{&quot;201341983&quot;:0,&quot;335559739&quot;:160,&quot;335559740&quot;:256}\">\u00a0<\/span><\/p>\n<p><span data-sheets-value=\"{&quot;1&quot;:2,&quot;2&quot;:&quot;Artyku\u0142 powsta\u0142 we wsp\u00f3\u0142pracy ze skoda-auto.pl&quot;}\" data-sheets-userformat=\"{&quot;2&quot;:1,&quot;3&quot;:{&quot;1&quot;:0}}\" data-sheets-hyperlink=\"http:\/\/www.skoda-auto.pl\/\"><a class=\"in-cell-link\" href=\"http:\/\/www.skoda-auto.pl\/\" target=\"_blank\" rel=\"noopener noreferrer\">Artyku\u0142 powsta\u0142 we wsp\u00f3\u0142pracy ze skoda-auto.pl<\/a><\/span><\/p>\n<p><img decoding=\"async\" src=\"https:\/\/d2p6e6u75xmxt8.cloudfront.net\/5\/2030\/11\/1.webp\" \/><\/p>\n<p>&nbsp;<\/p>\n","protected":false},"excerpt":{"rendered":"<p>Najsilniejsza, najszybsza, po prostu najlepsza. Katarzyna Niewiadoma zosta\u0142a gravelow\u0105 mistrzyni\u0105 \u015bwiata i w ten spos\u00f3b spe\u0142ni\u0142a jedno ze swoich marze\u0144. [&hellip;]<\/p>\n","protected":false},"author":153,"featured_media":14300,"comment_status":"open","ping_status":"open","sticky":false,"template":"","format":"standard","meta":{"footnotes":""},"categories":[407],"tags":[272,369,374,191,404,82,146],"global-categories":[303],"class_list":["post-14299","post","type-post","status-publish","format-standard","has-post-thumbnail","hentry","category-kasia-niewiadoma","tag-gravel","tag-kasia-niewiadoma","tag-rower-gravelowy","tag-skoda","tag-skodapolska","tag-welovecycling","tag-wyscig","global-categories-cycling"],"yoast_head":"<!-- This site is optimized with the Yoast SEO Premium plugin v25.3 (Yoast SEO v25.9) - https:\/\/yoast.com\/wordpress\/plugins\/seo\/ -->\n<title>Tak si\u0119 spe\u0142nia marzenia! Kapitalny wyst\u0119p Katarzyny Niewiadomej - \u0160koda We Love Cycling - Poland<\/title>\n<meta name=\"robots\" content=\"index, follow, max-snippet:-1, max-image-preview:large, max-video-preview:-1\" \/>\n<link rel=\"canonical\" href=\"https:\/\/www.welovecycling.com\/pl\/2023\/10\/20\/tak-sie-spelnia-marzenia-kapitalny-wystep-katarzyny-niewiadomej\/\" \/>\n<meta property=\"og:locale\" content=\"pl_PL\" \/>\n<meta property=\"og:type\" content=\"article\" \/>\n<meta property=\"og:title\" content=\"Tak si\u0119 spe\u0142nia marzenia! Kapitalny wyst\u0119p Katarzyny Niewiadomej\" \/>\n<meta property=\"og:description\" content=\"Najsilniejsza, najszybsza, po prostu najlepsza. Katarzyna Niewiadoma zosta\u0142a gravelow\u0105 mistrzyni\u0105 \u015bwiata i w ten spos\u00f3b spe\u0142ni\u0142a jedno ze swoich marze\u0144. [&hellip;]\" \/>\n<meta property=\"og:url\" content=\"https:\/\/www.welovecycling.com\/pl\/2023\/10\/20\/tak-sie-spelnia-marzenia-kapitalny-wystep-katarzyny-niewiadomej\/\" \/>\n<meta property=\"og:site_name\" content=\"\u0160koda We Love Cycling - Poland\" \/>\n<meta property=\"article:published_time\" content=\"2023-10-20T08:27:29+00:00\" \/>\n<meta property=\"og:image\" content=\"https:\/\/d2p6e6u75xmxt8.cloudfront.net\/5\/2023\/10\/Kasia-Niewiadoma.webp\" \/>\n\t<meta property=\"og:image:width\" content=\"1179\" \/>\n\t<meta property=\"og:image:height\" content=\"786\" \/>\n\t<meta property=\"og:image:type\" content=\"image\/webp\" \/>\n<meta name=\"author\" content=\"rafal\" \/>\n<meta name=\"twitter:card\" content=\"summary_large_image\" \/>\n<meta name=\"twitter:label1\" content=\"Written by\" \/>\n\t<meta name=\"twitter:data1\" content=\"Piotr Nowik\" \/>\n\t<meta name=\"twitter:label2\" content=\"Est. reading time\" \/>\n\t<meta name=\"twitter:data2\" content=\"6\" \/>\n<script type=\"application\/ld+json\" class=\"yoast-schema-graph\">{\"@context\":\"https:\/\/schema.org\",\"@graph\":[{\"@type\":\"WebPage\",\"@id\":\"https:\/\/www.welovecycling.com\/pl\/2023\/10\/20\/tak-sie-spelnia-marzenia-kapitalny-wystep-katarzyny-niewiadomej\/\",\"url\":\"https:\/\/www.welovecycling.com\/pl\/2023\/10\/20\/tak-sie-spelnia-marzenia-kapitalny-wystep-katarzyny-niewiadomej\/\",\"name\":\"Tak si\u0119 spe\u0142nia marzenia! Kapitalny wyst\u0119p Katarzyny Niewiadomej - \u0160koda We Love Cycling - Poland\",\"isPartOf\":{\"@id\":\"https:\/\/www.welovecycling.com\/pl\/#website\"},\"primaryImageOfPage\":{\"@id\":\"https:\/\/www.welovecycling.com\/pl\/2023\/10\/20\/tak-sie-spelnia-marzenia-kapitalny-wystep-katarzyny-niewiadomej\/#primaryimage\"},\"image\":{\"@id\":\"https:\/\/www.welovecycling.com\/pl\/2023\/10\/20\/tak-sie-spelnia-marzenia-kapitalny-wystep-katarzyny-niewiadomej\/#primaryimage\"},\"thumbnailUrl\":\"https:\/\/d2p6e6u75xmxt8.cloudfront.net\/5\/2023\/10\/Kasia-Niewiadoma.webp\",\"datePublished\":\"2023-10-20T08:27:29+00:00\",\"author\":{\"@id\":\"https:\/\/www.welovecycling.com\/pl\/#\/schema\/person\/bf06ed916a1ef16618807fb60d2ebe42\"},\"breadcrumb\":{\"@id\":\"https:\/\/www.welovecycling.com\/pl\/2023\/10\/20\/tak-sie-spelnia-marzenia-kapitalny-wystep-katarzyny-niewiadomej\/#breadcrumb\"},\"inLanguage\":\"pl-PL\",\"potentialAction\":[{\"@type\":\"ReadAction\",\"target\":[\"https:\/\/www.welovecycling.com\/pl\/2023\/10\/20\/tak-sie-spelnia-marzenia-kapitalny-wystep-katarzyny-niewiadomej\/\"]}]},{\"@type\":\"ImageObject\",\"inLanguage\":\"pl-PL\",\"@id\":\"https:\/\/www.welovecycling.com\/pl\/2023\/10\/20\/tak-sie-spelnia-marzenia-kapitalny-wystep-katarzyny-niewiadomej\/#primaryimage\",\"url\":\"https:\/\/d2p6e6u75xmxt8.cloudfront.net\/5\/2023\/10\/Kasia-Niewiadoma.webp\",\"contentUrl\":\"https:\/\/d2p6e6u75xmxt8.cloudfront.net\/5\/2023\/10\/Kasia-Niewiadoma.webp\",\"width\":1179,\"height\":786},{\"@type\":\"BreadcrumbList\",\"@id\":\"https:\/\/www.welovecycling.com\/pl\/2023\/10\/20\/tak-sie-spelnia-marzenia-kapitalny-wystep-katarzyny-niewiadomej\/#breadcrumb\",\"itemListElement\":[{\"@type\":\"ListItem\",\"position\":1,\"name\":\"Home\",\"item\":\"https:\/\/www.welovecycling.com\/pl\/\"},{\"@type\":\"ListItem\",\"position\":2,\"name\":\"Tak si\u0119 spe\u0142nia marzenia! Kapitalny wyst\u0119p Katarzyny Niewiadomej\"}]},{\"@type\":\"WebSite\",\"@id\":\"https:\/\/www.welovecycling.com\/pl\/#website\",\"url\":\"https:\/\/www.welovecycling.com\/pl\/\",\"name\":\"\u0160koda We Love Cycling - Poland\",\"description\":\"\",\"potentialAction\":[{\"@type\":\"SearchAction\",\"target\":{\"@type\":\"EntryPoint\",\"urlTemplate\":\"https:\/\/www.welovecycling.com\/pl\/?s={search_term_string}\"},\"query-input\":{\"@type\":\"PropertyValueSpecification\",\"valueRequired\":true,\"valueName\":\"search_term_string\"}}],\"inLanguage\":\"pl-PL\"},{\"@type\":\"Person\",\"@id\":\"https:\/\/www.welovecycling.com\/pl\/#\/schema\/person\/bf06ed916a1ef16618807fb60d2ebe42\",\"name\":\"rafal\",\"image\":{\"@type\":\"ImageObject\",\"inLanguage\":\"pl-PL\",\"@id\":\"https:\/\/www.welovecycling.com\/pl\/#\/schema\/person\/image\/\",\"url\":\"https:\/\/secure.gravatar.com\/avatar\/203f240e63bee214f6f3a0dacbeb600c7829c09716c2b9ee3230c6961debcde2?s=96&d=mm&r=g\",\"contentUrl\":\"https:\/\/secure.gravatar.com\/avatar\/203f240e63bee214f6f3a0dacbeb600c7829c09716c2b9ee3230c6961debcde2?s=96&d=mm&r=g\",\"caption\":\"rafal\"},\"url\":\"https:\/\/www.welovecycling.com\/pl\/author\/rafal\/\"}]}<\/script>\n<!-- \/ Yoast SEO Premium plugin. -->","yoast_head_json":{"title":"Tak si\u0119 spe\u0142nia marzenia! Kapitalny wyst\u0119p Katarzyny Niewiadomej - \u0160koda We Love Cycling - Poland","robots":{"index":"index","follow":"follow","max-snippet":"max-snippet:-1","max-image-preview":"max-image-preview:large","max-video-preview":"max-video-preview:-1"},"canonical":"https:\/\/www.welovecycling.com\/pl\/2023\/10\/20\/tak-sie-spelnia-marzenia-kapitalny-wystep-katarzyny-niewiadomej\/","og_locale":"pl_PL","og_type":"article","og_title":"Tak si\u0119 spe\u0142nia marzenia! Kapitalny wyst\u0119p Katarzyny Niewiadomej","og_description":"Najsilniejsza, najszybsza, po prostu najlepsza. Katarzyna Niewiadoma zosta\u0142a gravelow\u0105 mistrzyni\u0105 \u015bwiata i w ten spos\u00f3b spe\u0142ni\u0142a jedno ze swoich marze\u0144. [&hellip;]","og_url":"https:\/\/www.welovecycling.com\/pl\/2023\/10\/20\/tak-sie-spelnia-marzenia-kapitalny-wystep-katarzyny-niewiadomej\/","og_site_name":"\u0160koda We Love Cycling - Poland","article_published_time":"2023-10-20T08:27:29+00:00","og_image":[{"width":1179,"height":786,"url":"https:\/\/d2p6e6u75xmxt8.cloudfront.net\/5\/2023\/10\/Kasia-Niewiadoma.webp","type":"image\/webp"}],"author":"rafal","twitter_card":"summary_large_image","twitter_misc":{"Written by":"Piotr Nowik","Est. reading time":"6"},"schema":{"@context":"https:\/\/schema.org","@graph":[{"@type":"WebPage","@id":"https:\/\/www.welovecycling.com\/pl\/2023\/10\/20\/tak-sie-spelnia-marzenia-kapitalny-wystep-katarzyny-niewiadomej\/","url":"https:\/\/www.welovecycling.com\/pl\/2023\/10\/20\/tak-sie-spelnia-marzenia-kapitalny-wystep-katarzyny-niewiadomej\/","name":"Tak si\u0119 spe\u0142nia marzenia! Kapitalny wyst\u0119p Katarzyny Niewiadomej - \u0160koda We Love Cycling - Poland","isPartOf":{"@id":"https:\/\/www.welovecycling.com\/pl\/#website"},"primaryImageOfPage":{"@id":"https:\/\/www.welovecycling.com\/pl\/2023\/10\/20\/tak-sie-spelnia-marzenia-kapitalny-wystep-katarzyny-niewiadomej\/#primaryimage"},"image":{"@id":"https:\/\/www.welovecycling.com\/pl\/2023\/10\/20\/tak-sie-spelnia-marzenia-kapitalny-wystep-katarzyny-niewiadomej\/#primaryimage"},"thumbnailUrl":"https:\/\/d2p6e6u75xmxt8.cloudfront.net\/5\/2023\/10\/Kasia-Niewiadoma.webp","datePublished":"2023-10-20T08:27:29+00:00","author":{"@id":"https:\/\/www.welovecycling.com\/pl\/#\/schema\/person\/bf06ed916a1ef16618807fb60d2ebe42"},"breadcrumb":{"@id":"https:\/\/www.welovecycling.com\/pl\/2023\/10\/20\/tak-sie-spelnia-marzenia-kapitalny-wystep-katarzyny-niewiadomej\/#breadcrumb"},"inLanguage":"pl-PL","potentialAction":[{"@type":"ReadAction","target":["https:\/\/www.welovecycling.com\/pl\/2023\/10\/20\/tak-sie-spelnia-marzenia-kapitalny-wystep-katarzyny-niewiadomej\/"]}]},{"@type":"ImageObject","inLanguage":"pl-PL","@id":"https:\/\/www.welovecycling.com\/pl\/2023\/10\/20\/tak-sie-spelnia-marzenia-kapitalny-wystep-katarzyny-niewiadomej\/#primaryimage","url":"https:\/\/d2p6e6u75xmxt8.cloudfront.net\/5\/2023\/10\/Kasia-Niewiadoma.webp","contentUrl":"https:\/\/d2p6e6u75xmxt8.cloudfront.net\/5\/2023\/10\/Kasia-Niewiadoma.webp","width":1179,"height":786},{"@type":"BreadcrumbList","@id":"https:\/\/www.welovecycling.com\/pl\/2023\/10\/20\/tak-sie-spelnia-marzenia-kapitalny-wystep-katarzyny-niewiadomej\/#breadcrumb","itemListElement":[{"@type":"ListItem","position":1,"name":"Home","item":"https:\/\/www.welovecycling.com\/pl\/"},{"@type":"ListItem","position":2,"name":"Tak si\u0119 spe\u0142nia marzenia! Kapitalny wyst\u0119p Katarzyny Niewiadomej"}]},{"@type":"WebSite","@id":"https:\/\/www.welovecycling.com\/pl\/#website","url":"https:\/\/www.welovecycling.com\/pl\/","name":"\u0160koda We Love Cycling - Poland","description":"","potentialAction":[{"@type":"SearchAction","target":{"@type":"EntryPoint","urlTemplate":"https:\/\/www.welovecycling.com\/pl\/?s={search_term_string}"},"query-input":{"@type":"PropertyValueSpecification","valueRequired":true,"valueName":"search_term_string"}}],"inLanguage":"pl-PL"},{"@type":"Person","@id":"https:\/\/www.welovecycling.com\/pl\/#\/schema\/person\/bf06ed916a1ef16618807fb60d2ebe42","name":"rafal","image":{"@type":"ImageObject","inLanguage":"pl-PL","@id":"https:\/\/www.welovecycling.com\/pl\/#\/schema\/person\/image\/","url":"https:\/\/secure.gravatar.com\/avatar\/203f240e63bee214f6f3a0dacbeb600c7829c09716c2b9ee3230c6961debcde2?s=96&d=mm&r=g","contentUrl":"https:\/\/secure.gravatar.com\/avatar\/203f240e63bee214f6f3a0dacbeb600c7829c09716c2b9ee3230c6961debcde2?s=96&d=mm&r=g","caption":"rafal"},"url":"https:\/\/www.welovecycling.com\/pl\/author\/rafal\/"}]}},"_links":{"self":[{"href":"https:\/\/www.welovecycling.com\/pl\/wp-json\/wp\/v2\/posts\/14299","targetHints":{"allow":["GET"]}}],"collection":[{"href":"https:\/\/www.welovecycling.com\/pl\/wp-json\/wp\/v2\/posts"}],"about":[{"href":"https:\/\/www.welovecycling.com\/pl\/wp-json\/wp\/v2\/types\/post"}],"author":[{"embeddable":true,"href":"https:\/\/www.welovecycling.com\/pl\/wp-json\/wp\/v2\/users\/153"}],"replies":[{"embeddable":true,"href":"https:\/\/www.welovecycling.com\/pl\/wp-json\/wp\/v2\/comments?post=14299"}],"version-history":[{"count":5,"href":"https:\/\/www.welovecycling.com\/pl\/wp-json\/wp\/v2\/posts\/14299\/revisions"}],"predecessor-version":[{"id":14305,"href":"https:\/\/www.welovecycling.com\/pl\/wp-json\/wp\/v2\/posts\/14299\/revisions\/14305"}],"wp:featuredmedia":[{"embeddable":true,"href":"https:\/\/www.welovecycling.com\/pl\/wp-json\/wp\/v2\/media\/14300"}],"wp:attachment":[{"href":"https:\/\/www.welovecycling.com\/pl\/wp-json\/wp\/v2\/media?parent=14299"}],"wp:term":[{"taxonomy":"category","embeddable":true,"href":"https:\/\/www.welovecycling.com\/pl\/wp-json\/wp\/v2\/categories?post=14299"},{"taxonomy":"post_tag","embeddable":true,"href":"https:\/\/www.welovecycling.com\/pl\/wp-json\/wp\/v2\/tags?post=14299"},{"taxonomy":"global-categories","embeddable":true,"href":"https:\/\/www.welovecycling.com\/pl\/wp-json\/wp\/v2\/global-categories?post=14299"}],"curies":[{"name":"wp","href":"https:\/\/api.w.org\/{rel}","templated":true}]}}