{"id":14274,"date":"2023-10-05T07:37:43","date_gmt":"2023-10-05T07:37:43","guid":{"rendered":"https:\/\/www.welovecycling.com\/pl\/?p=14274"},"modified":"2023-10-05T07:37:43","modified_gmt":"2023-10-05T07:37:43","slug":"co-sprawia-ze-monument-jest-monumentem","status":"publish","type":"post","link":"https:\/\/www.welovecycling.com\/pl\/2023\/10\/05\/co-sprawia-ze-monument-jest-monumentem\/","title":{"rendered":"Co sprawia, \u017ce monument jest monumentem?"},"content":{"rendered":"<p><b><span data-contrast=\"auto\">Gdy sama nie je\u017cd\u017c\u0119, uwielbiam ogl\u0105da\u0107 kolarstwo. A Wy? Dzisiejsze p\u0142atne us\u0142ugi streamingowe u\u0142atwiaj\u0105 fanom \u015bledzenie wszystkich wy\u015bcig\u00f3w i trzymanie r\u0119ki na pulsie. Nigdy w \u017cyciu nie ogl\u0105da\u0142am tylu zawod\u00f3w. Uwielbiam to.<\/span><\/b><span data-ccp-props=\"{&quot;201341983&quot;:0,&quot;335559739&quot;:200,&quot;335559740&quot;:276}\">\u00a0<\/span><\/p>\n<p><span data-contrast=\"auto\">My\u015bla\u0142am, \u017ce znam si\u0119 na kalendarzu World Tour, ale niekt\u00f3re relacje na \u017cywo zawiera\u0142y modne s\u0142owo, kt\u00f3re wprawi\u0142o mnie w zak\u0142opotanie. Jakie to s\u0142owo? \u201eMonument\u201d. Czym u licha jest monument? I dlaczego tylko kilka wy\u015bcig\u00f3w otrzymuje t\u0119 etykietk\u0119? Dlaczego monument jest monumentem? M\u00f3j g\u0142\u00f3d wiedzy kolarskiej sprawi\u0142, \u017ce postanowi\u0142am poszuka\u0107 odpowiedzi na te pytania. Czy jeste\u015bcie gotowi, by do mnie do\u0142\u0105czy\u0107? No to jedziemy.<\/span><span data-ccp-props=\"{&quot;201341983&quot;:0,&quot;335559739&quot;:200,&quot;335559740&quot;:276}\">\u00a0<\/span><\/p>\n<p><b><span data-contrast=\"auto\">Czym jest monument?<\/span><\/b><span data-ccp-props=\"{&quot;201341983&quot;:0,&quot;335559739&quot;:200,&quot;335559740&quot;:276}\">\u00a0<\/span><\/p>\n<p><span data-contrast=\"auto\">Kalendarz profesjonalnych wy\u015bcig\u00f3w zdominowa\u0142y trzy wielkie toury: Giro, <\/span><a href=\"http:\/\/letour.fr\/#?s_aid=5lmel17p-3zsa-itko-un3u-idxzioic343y_004_1\"><span data-contrast=\"none\">Tour de France<\/span><\/a><span data-contrast=\"auto\"> i La Vuelta, nie bez powodu najbardziej znane w\u015br\u00f3d publiczno\u015bci. Ka\u017cdy z nich trwa trzy tygodnie i wi\u0105\u017ce si\u0119 z ogromn\u0105 liczb\u0105 relacji telewizyjnych oraz presti\u017cem dla zwyci\u0119zc\u00f3w poszczeg\u00f3lnych etap\u00f3w i zwyci\u0119zcy klasyfikacji generalnej. Istniej\u0105 jednak inne r\u00f3wnie wa\u017cne profesjonalne wy\u015bcigi jednodniowe, a pi\u0119\u0107 z nich nazywanych jest w\u0142a\u015bnie monumentami. Ta metafora podkre\u015bla historyczne, kulturowe i sportowe znaczenie wy\u015bcigu. Po g\u0142\u0119bszym zastanowieniu odkry\u0142am jednak, \u017ce kryje si\u0119 za tym co\u015b wi\u0119cej.<\/span><span data-ccp-props=\"{&quot;201341983&quot;:0,&quot;335559739&quot;:200,&quot;335559740&quot;:276}\">\u00a0<\/span><\/p>\n<p><b><span data-contrast=\"auto\">Wi\u0119cej o monumentach<\/span><\/b><span data-ccp-props=\"{&quot;201341983&quot;:0,&quot;335559739&quot;:200,&quot;335559740&quot;:276}\">\u00a0<\/span><\/p>\n<p><span data-contrast=\"auto\">Dlaczego w\u0142a\u015bnie monument? Wy\u015bcigi te maj\u0105 monumentalne znaczenie dla ka\u017cdego zawodowca. Zwyci\u0119stwo w monumencie mo\u017ce zawa\u017cy\u0107 na ca\u0142ej karierze kolarskiej. Dla niekt\u00f3rych zawodnik\u00f3w jest to jedyny cel na dany rok. Czy wiecie, \u017ce prawie niemo\u017cliwe jest wygranie ich wszystkich? Wyczyn ten pozostaje jednym z najtrudniejszych, je\u015bli nie najtrudniejszym, w ca\u0142ej dyscyplinie. Monumenty s\u0105 \u015bwietne dla rankingu World<\/span> <span data-contrast=\"auto\">Tour, poniewa\u017c oferuj\u0105 najwi\u0119cej punkt\u00f3w UCI za wy\u015bcigi jednodniowe.<\/span><span data-ccp-props=\"{&quot;201341983&quot;:0,&quot;335559739&quot;:200,&quot;335559740&quot;:276}\">\u00a0<\/span><\/p>\n<p><span data-contrast=\"auto\">Tylko trzech kolarzy wygra\u0142o je wszystkie: Rik Van Looy, <\/span><a href=\"https:\/\/www.welovecycling.com\/wide\/2021\/06\/30\/the-fall-of-eddy-merckx-the-greatest-tour-de-france-champion\/\"><span data-contrast=\"none\">Eddy Merckx<\/span><\/a><span data-contrast=\"auto\"> i Roger de Vlaeminck. Co jednak wyr\u00f3\u017cnia te pi\u0119\u0107 wy\u015bcig\u00f3w na tle innych jednodniowych klasyk\u00f3w? Odpowied\u017a mo\u017cna znale\u017a\u0107 w historii. Nie tylko kolarstwa, ale tak\u017ce wydarze\u0144 globalnych. Ka\u017cdy z cz\u0142onk\u00f3w tego elitarnego grona mia\u0142 swoj\u0105 pierwsz\u0105 edycj\u0119 jeszcze przed I wojn\u0105 \u015bwiatow\u0105.<\/span><span data-ccp-props=\"{&quot;201341983&quot;:0,&quot;335559739&quot;:200,&quot;335559740&quot;:276}\">\u00a0<\/span><\/p>\n<p><span data-contrast=\"auto\">A je\u015bli kiedykolwiek byli\u015bcie w Europie, z pewno\u015bci\u0105 zauwa\u017cyli\u015bcie, \u017ce wojny \u015bwiatowe wsz\u0119dzie pozostawi\u0142y sw\u00f3j \u015blad. Trasy tych ekskluzywnych wy\u015bcig\u00f3w przebiegaj\u0105 drogami pe\u0142nymi pomnik\u00f3w upami\u0119tniaj\u0105cych dzielne dusze, kt\u00f3re w\u00f3wczas poleg\u0142y. W\u0142a\u015bnie dlatego nazywa si\u0119 je monumentami.<\/span><span data-ccp-props=\"{&quot;201341983&quot;:0,&quot;335559739&quot;:200,&quot;335559740&quot;:276}\">\u00a0<\/span><\/p>\n<p><b><span data-contrast=\"auto\">Pi\u0119\u0107 kolarskich klasyk\u00f3w<\/span><\/b><span data-ccp-props=\"{&quot;201341983&quot;:0,&quot;335559739&quot;:200,&quot;335559740&quot;:276}\">\u00a0<\/span><\/p>\n<p><span data-contrast=\"auto\">Skoro wiemy ju\u017c, sk\u0105d wzi\u0119\u0142a si\u0119 ich nazwa, przyjrzyjmy si\u0119 pi\u0119ciu kolarskim monumentom. Ich wsp\u00f3ln\u0105 cech\u0105 jest to, \u017ce trasa ka\u017cdego z nich liczy co najmniej 250 km. Niekt\u00f3re s\u0105 stworzone dla wspinaczy, a inne dla sprinter\u00f3w, o ile doci\u0105gn\u0105 do ostatnich 200 metr\u00f3w finiszowej prostej.<\/span><span data-ccp-props=\"{&quot;201341983&quot;:0,&quot;335559739&quot;:200,&quot;335559740&quot;:276}\">\u00a0<\/span><\/p>\n<p><b><span data-contrast=\"auto\">Mediolan \u2013 San Remo<\/span><\/b><span data-ccp-props=\"{&quot;201341983&quot;:0,&quot;335559739&quot;:200,&quot;335559740&quot;:276}\">\u00a0<\/span><\/p>\n<figure id=\"attachment_14275\" aria-describedby=\"caption-attachment-14275\" style=\"width: 990px\" class=\"wp-caption alignnone\"><a href=\"https:\/\/d2p6e6u75xmxt8.cloudfront.net\/5\/2023\/10\/kolarstwo-szosowe_welovecycling.webp\"><img loading=\"lazy\" decoding=\"async\" class=\"wp-image-14275 size-full\" src=\"https:\/\/d2p6e6u75xmxt8.cloudfront.net\/5\/2023\/10\/kolarstwo-szosowe_welovecycling.webp\" alt=\"\" width=\"990\" height=\"660\" srcset=\"https:\/\/d2p6e6u75xmxt8.cloudfront.net\/5\/2023\/10\/kolarstwo-szosowe_welovecycling.webp 990w, https:\/\/d2p6e6u75xmxt8.cloudfront.net\/5\/2023\/10\/kolarstwo-szosowe_welovecycling-300x200.webp 300w, https:\/\/d2p6e6u75xmxt8.cloudfront.net\/5\/2023\/10\/kolarstwo-szosowe_welovecycling-768x512.webp 768w, https:\/\/d2p6e6u75xmxt8.cloudfront.net\/5\/2023\/10\/kolarstwo-szosowe_welovecycling-400x267.webp 400w, https:\/\/d2p6e6u75xmxt8.cloudfront.net\/5\/2023\/10\/kolarstwo-szosowe_welovecycling-272x182.webp 272w\" sizes=\"auto, (max-width: 990px) 100vw, 990px\" \/><\/a><figcaption id=\"caption-attachment-14275\" class=\"wp-caption-text\">Mediolan \u2013 San Remo to pierwszy monument roku. \u00a9 Profimedia<\/figcaption><\/figure>\n<p><span data-contrast=\"auto\">Znany te\u017c jako \u201eLa Classicissima\u201d Mediolan \u2013 San Remo jest pierwszym monumentem roku. Zwyczajowo przypada na koniec marca, a wi\u0119c pocz\u0105tek wiosny, jest zatem r\u00f3wnie\u017c nazywany \u201eLa Primavera\u201d. Po raz pierwszy odby\u0142 si\u0119 w 1907 roku i tradycyjnie wygrywa go sprinter. Jest to najd\u0142u\u017cszy z monument\u00f3w, a jego trasa wynosi zwykle nieca\u0142e 300 km. Czy zaskocz\u0119 Was informacj\u0105, \u017ce Eddy Merckx ma na swoim koncie siedem zwyci\u0119stw w Mediolan \u2013 San Remo?<\/span><span data-ccp-props=\"{&quot;201341983&quot;:0,&quot;335559739&quot;:200,&quot;335559740&quot;:276}\">\u00a0<\/span><\/p>\n<p><b><span data-contrast=\"auto\">Dooko\u0142a Flandrii<\/span><\/b><span data-ccp-props=\"{&quot;201341983&quot;:0,&quot;335559739&quot;:200,&quot;335559740&quot;:276}\">\u00a0<\/span><\/p>\n<p><span data-contrast=\"auto\">By\u0107 mo\u017ce s\u0142yszeli\u015bcie, \u017ce wy\u015bcig Dooko\u0142a Flandrii nazywany jest po holendersku \u201eRonde van Vlaanderen\u201d. Po raz pierwszy zorganizowano go w 1913 roku, prowadzi przez brukowane drogi i jest najm\u0142odszym monumentem. Odbywa si\u0119 w pierwsz\u0105 niedziel\u0119 kwietnia. S\u0142ynie z w\u0105skich i stromych kr\u00f3tkich podjazd\u00f3w zwanych \u201ebergs\u201d, kt\u00f3re \u0142ami\u0105 nogi najsilniejszym kolarzom po 275 km wy\u015bcigu. Tylko ustawienie si\u0119 na czele wy\u015bcigu daje jak\u0105kolwiek szans\u0119 na zwyci\u0119stwo.<\/span><span data-ccp-props=\"{&quot;201341983&quot;:0,&quot;335559739&quot;:200,&quot;335559740&quot;:276}\">\u00a0<\/span><\/p>\n<p><b><span data-contrast=\"auto\">Pary\u017c \u2013 Roubaix<\/span><\/b><span data-ccp-props=\"{&quot;201341983&quot;:0,&quot;335559739&quot;:200,&quot;335559740&quot;:276}\">\u00a0<\/span><\/p>\n<p><span data-contrast=\"auto\">Pary\u017c \u2013 Roubaix, ostatni z brukowanych klasyk\u00f3w, odbywa si\u0119 zwykle tydzie\u0144 po wy\u015bcigu Dooko\u0142a Flandrii. Ma dwa przydomki: \u201ePiek\u0142o P\u00f3\u0142nocy\u201d i \u201eKr\u00f3lowa Klasyk\u00f3w\u201d. Pierwszy Pary\u017c \u2013 Roubaix odby\u0142 si\u0119 w 1896 roku, co czyni go drugim najstarszym wydarzeniem w kalendarzu wy\u015bcigowym. <\/span><a href=\"https:\/\/www.welovecycling.com\/wide\/2022\/04\/18\/a-few-takeaways-from-paris-roubaix-2022\/\"><span data-contrast=\"none\">Deszczowa pogoda mo\u017ce sprawi\u0107, \u017ce <\/span><\/a><a href=\"https:\/\/www.welovecycling.com\/wide\/2022\/04\/18\/a-few-takeaways-from-paris-roubaix-2022\/\"><span data-contrast=\"none\">stanie si\u0119 prawdziwym utrapieniem<\/span><\/a><span data-contrast=\"auto\">, poniewa\u017c mokre nier\u00f3wne stare bruki s\u0105 \u015bliskie jak l\u00f3d \u2013 chyba \u017ce wcze\u015bniej z\u0142apana guma wykluczy nas z rywalizacji. Zwyci\u0119zcy potrzebna jest ko\u0144ska dawka szcz\u0119\u015bcia, aby uko\u0144czy\u0107 wy\u015bcig na pierwszym miejscu na kultowym welodromie Roubaix.<\/span><span data-ccp-props=\"{&quot;201341983&quot;:0,&quot;335559739&quot;:200,&quot;335559740&quot;:276}\">\u00a0<\/span><\/p>\n<p><b><span data-contrast=\"auto\">Li\u00e8ge \u2013 Baston \u2013 Li\u00e8ge<\/span><\/b><span data-ccp-props=\"{&quot;201341983&quot;:0,&quot;335559739&quot;:200,&quot;335559740&quot;:276}\">\u00a0<\/span><\/p>\n<p><span data-contrast=\"auto\">Li\u00e8ge \u2013 Baston \u2013 Li\u00e8ge jest najstarszym z monument\u00f3w, zatem jego przydomek \u201eLa Doyenne\u201d (po francusku \u201eStaruszka\u201d) jest bardzo adekwatny. Zadebiutowa\u0142 w 1892 roku jako wy\u015bcig amatorski, ale dwa lata p\u00f3\u017aniej pojawi\u0142a si\u0119 wersja profesjonalna, kt\u00f3ra od tamtej pory \u015bwi\u0119ci triumfy. LBL jest zwykle ostatnim z wiosennych klasyk\u00f3w, a jego trasa jest odpowiednia dla potencjalnych zwyci\u0119zc\u00f3w Grand Tour. Eddy Merckx, ikona kolarstwa, zapisa\u0142 si\u0119 w historii tego wy\u015bcigu \u2013 wygra\u0142 go pi\u0119ciokrotnie.<\/span><span data-ccp-props=\"{&quot;201341983&quot;:0,&quot;335559739&quot;:200,&quot;335559740&quot;:276}\">\u00a0<\/span><\/p>\n<p><b><span data-contrast=\"auto\">Il Lombardia<\/span><\/b><span data-ccp-props=\"{&quot;201341983&quot;:0,&quot;335559739&quot;:200,&quot;335559740&quot;:276}\">\u00a0<\/span><\/p>\n<p><span data-contrast=\"auto\">Koniec lata przynosi ostatni monument w harmonogramie, Il Lombardia. Przypada on na prze\u0142omie wrze\u015bnia i pa\u017adziernika, co sprawia, \u017ce jest nazywany \u201eJesiennym Klasykiem\u201d lub \u201eWy\u015bcigiem Spadaj\u0105cych Li\u015bci\u201d. Po raz pierwszy odby\u0142 si\u0119 w 1905 roku pod nazw\u0105 \u201eMilano \u2013 Milano\u201d, dwa lata p\u00f3\u017aniej jako \u201eGiro de Lombardia\u201d, a w 2012 roku przyj\u0105\u0142 nazw\u0119 Il Lombardia. Przepi\u0119kna trasa wiod\u0105ca po wzg\u00f3rzach i wok\u00f3\u0142 jeziora Como sprawia, \u017ce szczeg\u00f3lnie mi\u0142o si\u0119 go ogl\u0105da, o ile faktycznie opadaj\u0105 li\u015bcie. Teren jest odpowiedni dla wspinaczy, kt\u00f3rzy maj\u0105 w zapasie odrobin\u0119 si\u0142 na wypadek sprinterskiego finiszu. Kr\u00f3lem Il Lombardia pozostaje Fausto Coppi z pi\u0119cioma zwyci\u0119stwami na koncie.<\/span><span data-ccp-props=\"{&quot;201341983&quot;:0,&quot;335559739&quot;:200,&quot;335559740&quot;:276}\">\u00a0<\/span><\/p>\n<p><b><span data-contrast=\"auto\">Uwagi na koniec<\/span><\/b><span data-ccp-props=\"{&quot;201341983&quot;:0,&quot;335559739&quot;:200,&quot;335559740&quot;:276}\">\u00a0<\/span><\/p>\n<p><span data-contrast=\"auto\">Niestety zwyci\u0119\u017cczyni kobiecych wersji Ronde van Vlaanderen, Pary\u017c \u2013 Roubaix i Li\u00e8ge \u2013 Baston \u2013 Li\u00e8ge nie mo\u017ce liczy\u0107 na oficjalny status monumentu; pozostaje jedynie presti\u017c. Mediolan \u2013 San Remo i Il Lombardia nie maj\u0105 jeszcze edycji dla kobiet. Miejmy nadziej\u0119, \u017ce zmieni si\u0119 to w przysz\u0142o\u015bci, gdy kolarstwo kobiet b\u0119dzie si\u0119 rozwija\u0107.<\/span><span data-ccp-props=\"{&quot;201341983&quot;:0,&quot;335559739&quot;:200,&quot;335559740&quot;:276}\">\u00a0<\/span><\/p>\n<p><span data-contrast=\"auto\">Poznanie pochodzenia nazwy \u201emonument\u201d da\u0142o mi do my\u015blenia. Nast\u0119pnym razem, ogl\u0105daj\u0105c kt\u00f3rykolwiek z tych pi\u0119ciu jednodniowych klasyk\u00f3w, b\u0119d\u0119 szuka\u0142a pomnik\u00f3w na poboczu drogi. To idealny moment, aby nie trac\u0105c nic z akcji, wspomnie\u0107 tak\u017ce poleg\u0142ych, kt\u00f3rzy zajmuj\u0105 szczeg\u00f3lne miejsce w historii, i odda\u0107 im zas\u0142u\u017con\u0105 cze\u015b\u0107.<\/span><span data-ccp-props=\"{&quot;201341983&quot;:0,&quot;335559739&quot;:200,&quot;335559740&quot;:276}\">\u00a0<\/span><\/p>\n<p><span data-sheets-value=\"{&quot;1&quot;:2,&quot;2&quot;:&quot;Artyku\u0142 powsta\u0142 we wsp\u00f3\u0142pracy ze skoda-auto.pl&quot;}\" data-sheets-userformat=\"{&quot;2&quot;:1,&quot;3&quot;:{&quot;1&quot;:0}}\" data-sheets-hyperlink=\"http:\/\/www.skoda-auto.pl\/\"><a class=\"in-cell-link\" href=\"http:\/\/www.skoda-auto.pl\/\" target=\"_blank\" rel=\"noopener noreferrer\">Artyku\u0142 powsta\u0142 we wsp\u00f3\u0142pracy ze skoda-auto.pl<\/a><\/span><\/p>\n<p><a href=\"https:\/\/d2p6e6u75xmxt8.cloudfront.net\/5\/2030\/11\/3.webp\"><img loading=\"lazy\" decoding=\"async\" class=\"size-full wp-image-13776 aligncenter\" src=\"https:\/\/d2p6e6u75xmxt8.cloudfront.net\/5\/2030\/11\/3.webp\" alt=\"\" width=\"640\" height=\"350\" srcset=\"https:\/\/d2p6e6u75xmxt8.cloudfront.net\/5\/2030\/11\/3.webp 640w, https:\/\/d2p6e6u75xmxt8.cloudfront.net\/5\/2030\/11\/3-300x164.webp 300w, https:\/\/d2p6e6u75xmxt8.cloudfront.net\/5\/2030\/11\/3-400x219.webp 400w\" sizes=\"auto, (max-width: 640px) 100vw, 640px\" \/><\/a><\/p>\n","protected":false},"excerpt":{"rendered":"<p>Gdy sama nie je\u017cd\u017c\u0119, uwielbiam ogl\u0105da\u0107 kolarstwo. A Wy? Dzisiejsze p\u0142atne us\u0142ugi streamingowe u\u0142atwiaj\u0105 fanom \u015bledzenie wszystkich wy\u015bcig\u00f3w i trzymanie [&hellip;]<\/p>\n","protected":false},"author":153,"featured_media":14276,"comment_status":"open","ping_status":"open","sticky":false,"template":"","format":"standard","meta":{"footnotes":""},"categories":[6],"tags":[151,405,191,404,82,146],"global-categories":[303],"class_list":["post-14274","post","type-post","status-publish","format-standard","has-post-thumbnail","hentry","category-kolarstwo-szosowe","tag-kolarstwo-szosowe","tag-rower","tag-skoda","tag-skodapolska","tag-welovecycling","tag-wyscig","global-categories-cycling"],"yoast_head":"<!-- This site is optimized with the Yoast SEO Premium plugin v25.3 (Yoast SEO v25.9) - https:\/\/yoast.com\/wordpress\/plugins\/seo\/ -->\n<title>Co sprawia, \u017ce monument jest monumentem? - \u0160koda We Love Cycling - Poland<\/title>\n<meta name=\"robots\" content=\"index, follow, max-snippet:-1, max-image-preview:large, max-video-preview:-1\" \/>\n<link rel=\"canonical\" href=\"https:\/\/www.welovecycling.com\/pl\/2023\/10\/05\/co-sprawia-ze-monument-jest-monumentem\/\" \/>\n<meta property=\"og:locale\" content=\"pl_PL\" \/>\n<meta property=\"og:type\" content=\"article\" \/>\n<meta property=\"og:title\" content=\"Co sprawia, \u017ce monument jest monumentem?\" \/>\n<meta property=\"og:description\" content=\"Gdy sama nie je\u017cd\u017c\u0119, uwielbiam ogl\u0105da\u0107 kolarstwo. A Wy? Dzisiejsze p\u0142atne us\u0142ugi streamingowe u\u0142atwiaj\u0105 fanom \u015bledzenie wszystkich wy\u015bcig\u00f3w i trzymanie [&hellip;]\" \/>\n<meta property=\"og:url\" content=\"https:\/\/www.welovecycling.com\/pl\/2023\/10\/05\/co-sprawia-ze-monument-jest-monumentem\/\" \/>\n<meta property=\"og:site_name\" content=\"\u0160koda We Love Cycling - Poland\" \/>\n<meta property=\"article:published_time\" content=\"2023-10-05T07:37:43+00:00\" \/>\n<meta property=\"og:image\" content=\"https:\/\/d2p6e6u75xmxt8.cloudfront.net\/5\/2023\/10\/kolarstwo-szosowe.webp\" \/>\n\t<meta property=\"og:image:width\" content=\"900\" \/>\n\t<meta property=\"og:image:height\" content=\"600\" \/>\n\t<meta property=\"og:image:type\" content=\"image\/webp\" \/>\n<meta name=\"author\" content=\"rafal\" \/>\n<meta name=\"twitter:card\" content=\"summary_large_image\" \/>\n<meta name=\"twitter:label1\" content=\"Written by\" \/>\n\t<meta name=\"twitter:data1\" content=\"Andrea Champredonde\" \/>\n\t<meta name=\"twitter:label2\" content=\"Est. reading time\" \/>\n\t<meta name=\"twitter:data2\" content=\"4\" \/>\n<script type=\"application\/ld+json\" class=\"yoast-schema-graph\">{\"@context\":\"https:\/\/schema.org\",\"@graph\":[{\"@type\":\"WebPage\",\"@id\":\"https:\/\/www.welovecycling.com\/pl\/2023\/10\/05\/co-sprawia-ze-monument-jest-monumentem\/\",\"url\":\"https:\/\/www.welovecycling.com\/pl\/2023\/10\/05\/co-sprawia-ze-monument-jest-monumentem\/\",\"name\":\"Co sprawia, \u017ce monument jest monumentem? - \u0160koda We Love Cycling - Poland\",\"isPartOf\":{\"@id\":\"https:\/\/www.welovecycling.com\/pl\/#website\"},\"primaryImageOfPage\":{\"@id\":\"https:\/\/www.welovecycling.com\/pl\/2023\/10\/05\/co-sprawia-ze-monument-jest-monumentem\/#primaryimage\"},\"image\":{\"@id\":\"https:\/\/www.welovecycling.com\/pl\/2023\/10\/05\/co-sprawia-ze-monument-jest-monumentem\/#primaryimage\"},\"thumbnailUrl\":\"https:\/\/d2p6e6u75xmxt8.cloudfront.net\/5\/2023\/10\/kolarstwo-szosowe.webp\",\"datePublished\":\"2023-10-05T07:37:43+00:00\",\"author\":{\"@id\":\"https:\/\/www.welovecycling.com\/pl\/#\/schema\/person\/bf06ed916a1ef16618807fb60d2ebe42\"},\"breadcrumb\":{\"@id\":\"https:\/\/www.welovecycling.com\/pl\/2023\/10\/05\/co-sprawia-ze-monument-jest-monumentem\/#breadcrumb\"},\"inLanguage\":\"pl-PL\",\"potentialAction\":[{\"@type\":\"ReadAction\",\"target\":[\"https:\/\/www.welovecycling.com\/pl\/2023\/10\/05\/co-sprawia-ze-monument-jest-monumentem\/\"]}]},{\"@type\":\"ImageObject\",\"inLanguage\":\"pl-PL\",\"@id\":\"https:\/\/www.welovecycling.com\/pl\/2023\/10\/05\/co-sprawia-ze-monument-jest-monumentem\/#primaryimage\",\"url\":\"https:\/\/d2p6e6u75xmxt8.cloudfront.net\/5\/2023\/10\/kolarstwo-szosowe.webp\",\"contentUrl\":\"https:\/\/d2p6e6u75xmxt8.cloudfront.net\/5\/2023\/10\/kolarstwo-szosowe.webp\",\"width\":900,\"height\":600},{\"@type\":\"BreadcrumbList\",\"@id\":\"https:\/\/www.welovecycling.com\/pl\/2023\/10\/05\/co-sprawia-ze-monument-jest-monumentem\/#breadcrumb\",\"itemListElement\":[{\"@type\":\"ListItem\",\"position\":1,\"name\":\"Home\",\"item\":\"https:\/\/www.welovecycling.com\/pl\/\"},{\"@type\":\"ListItem\",\"position\":2,\"name\":\"Co sprawia, \u017ce monument jest monumentem?\"}]},{\"@type\":\"WebSite\",\"@id\":\"https:\/\/www.welovecycling.com\/pl\/#website\",\"url\":\"https:\/\/www.welovecycling.com\/pl\/\",\"name\":\"\u0160koda We Love Cycling - Poland\",\"description\":\"\",\"potentialAction\":[{\"@type\":\"SearchAction\",\"target\":{\"@type\":\"EntryPoint\",\"urlTemplate\":\"https:\/\/www.welovecycling.com\/pl\/?s={search_term_string}\"},\"query-input\":{\"@type\":\"PropertyValueSpecification\",\"valueRequired\":true,\"valueName\":\"search_term_string\"}}],\"inLanguage\":\"pl-PL\"},{\"@type\":\"Person\",\"@id\":\"https:\/\/www.welovecycling.com\/pl\/#\/schema\/person\/bf06ed916a1ef16618807fb60d2ebe42\",\"name\":\"rafal\",\"image\":{\"@type\":\"ImageObject\",\"inLanguage\":\"pl-PL\",\"@id\":\"https:\/\/www.welovecycling.com\/pl\/#\/schema\/person\/image\/\",\"url\":\"https:\/\/secure.gravatar.com\/avatar\/203f240e63bee214f6f3a0dacbeb600c7829c09716c2b9ee3230c6961debcde2?s=96&d=mm&r=g\",\"contentUrl\":\"https:\/\/secure.gravatar.com\/avatar\/203f240e63bee214f6f3a0dacbeb600c7829c09716c2b9ee3230c6961debcde2?s=96&d=mm&r=g\",\"caption\":\"rafal\"},\"url\":\"https:\/\/www.welovecycling.com\/pl\/author\/rafal\/\"}]}<\/script>\n<!-- \/ Yoast SEO Premium plugin. -->","yoast_head_json":{"title":"Co sprawia, \u017ce monument jest monumentem? - \u0160koda We Love Cycling - Poland","robots":{"index":"index","follow":"follow","max-snippet":"max-snippet:-1","max-image-preview":"max-image-preview:large","max-video-preview":"max-video-preview:-1"},"canonical":"https:\/\/www.welovecycling.com\/pl\/2023\/10\/05\/co-sprawia-ze-monument-jest-monumentem\/","og_locale":"pl_PL","og_type":"article","og_title":"Co sprawia, \u017ce monument jest monumentem?","og_description":"Gdy sama nie je\u017cd\u017c\u0119, uwielbiam ogl\u0105da\u0107 kolarstwo. A Wy? Dzisiejsze p\u0142atne us\u0142ugi streamingowe u\u0142atwiaj\u0105 fanom \u015bledzenie wszystkich wy\u015bcig\u00f3w i trzymanie [&hellip;]","og_url":"https:\/\/www.welovecycling.com\/pl\/2023\/10\/05\/co-sprawia-ze-monument-jest-monumentem\/","og_site_name":"\u0160koda We Love Cycling - Poland","article_published_time":"2023-10-05T07:37:43+00:00","og_image":[{"width":900,"height":600,"url":"https:\/\/d2p6e6u75xmxt8.cloudfront.net\/5\/2023\/10\/kolarstwo-szosowe.webp","type":"image\/webp"}],"author":"rafal","twitter_card":"summary_large_image","twitter_misc":{"Written by":"Andrea Champredonde","Est. reading time":"4"},"schema":{"@context":"https:\/\/schema.org","@graph":[{"@type":"WebPage","@id":"https:\/\/www.welovecycling.com\/pl\/2023\/10\/05\/co-sprawia-ze-monument-jest-monumentem\/","url":"https:\/\/www.welovecycling.com\/pl\/2023\/10\/05\/co-sprawia-ze-monument-jest-monumentem\/","name":"Co sprawia, \u017ce monument jest monumentem? - \u0160koda We Love Cycling - Poland","isPartOf":{"@id":"https:\/\/www.welovecycling.com\/pl\/#website"},"primaryImageOfPage":{"@id":"https:\/\/www.welovecycling.com\/pl\/2023\/10\/05\/co-sprawia-ze-monument-jest-monumentem\/#primaryimage"},"image":{"@id":"https:\/\/www.welovecycling.com\/pl\/2023\/10\/05\/co-sprawia-ze-monument-jest-monumentem\/#primaryimage"},"thumbnailUrl":"https:\/\/d2p6e6u75xmxt8.cloudfront.net\/5\/2023\/10\/kolarstwo-szosowe.webp","datePublished":"2023-10-05T07:37:43+00:00","author":{"@id":"https:\/\/www.welovecycling.com\/pl\/#\/schema\/person\/bf06ed916a1ef16618807fb60d2ebe42"},"breadcrumb":{"@id":"https:\/\/www.welovecycling.com\/pl\/2023\/10\/05\/co-sprawia-ze-monument-jest-monumentem\/#breadcrumb"},"inLanguage":"pl-PL","potentialAction":[{"@type":"ReadAction","target":["https:\/\/www.welovecycling.com\/pl\/2023\/10\/05\/co-sprawia-ze-monument-jest-monumentem\/"]}]},{"@type":"ImageObject","inLanguage":"pl-PL","@id":"https:\/\/www.welovecycling.com\/pl\/2023\/10\/05\/co-sprawia-ze-monument-jest-monumentem\/#primaryimage","url":"https:\/\/d2p6e6u75xmxt8.cloudfront.net\/5\/2023\/10\/kolarstwo-szosowe.webp","contentUrl":"https:\/\/d2p6e6u75xmxt8.cloudfront.net\/5\/2023\/10\/kolarstwo-szosowe.webp","width":900,"height":600},{"@type":"BreadcrumbList","@id":"https:\/\/www.welovecycling.com\/pl\/2023\/10\/05\/co-sprawia-ze-monument-jest-monumentem\/#breadcrumb","itemListElement":[{"@type":"ListItem","position":1,"name":"Home","item":"https:\/\/www.welovecycling.com\/pl\/"},{"@type":"ListItem","position":2,"name":"Co sprawia, \u017ce monument jest monumentem?"}]},{"@type":"WebSite","@id":"https:\/\/www.welovecycling.com\/pl\/#website","url":"https:\/\/www.welovecycling.com\/pl\/","name":"\u0160koda We Love Cycling - Poland","description":"","potentialAction":[{"@type":"SearchAction","target":{"@type":"EntryPoint","urlTemplate":"https:\/\/www.welovecycling.com\/pl\/?s={search_term_string}"},"query-input":{"@type":"PropertyValueSpecification","valueRequired":true,"valueName":"search_term_string"}}],"inLanguage":"pl-PL"},{"@type":"Person","@id":"https:\/\/www.welovecycling.com\/pl\/#\/schema\/person\/bf06ed916a1ef16618807fb60d2ebe42","name":"rafal","image":{"@type":"ImageObject","inLanguage":"pl-PL","@id":"https:\/\/www.welovecycling.com\/pl\/#\/schema\/person\/image\/","url":"https:\/\/secure.gravatar.com\/avatar\/203f240e63bee214f6f3a0dacbeb600c7829c09716c2b9ee3230c6961debcde2?s=96&d=mm&r=g","contentUrl":"https:\/\/secure.gravatar.com\/avatar\/203f240e63bee214f6f3a0dacbeb600c7829c09716c2b9ee3230c6961debcde2?s=96&d=mm&r=g","caption":"rafal"},"url":"https:\/\/www.welovecycling.com\/pl\/author\/rafal\/"}]}},"_links":{"self":[{"href":"https:\/\/www.welovecycling.com\/pl\/wp-json\/wp\/v2\/posts\/14274","targetHints":{"allow":["GET"]}}],"collection":[{"href":"https:\/\/www.welovecycling.com\/pl\/wp-json\/wp\/v2\/posts"}],"about":[{"href":"https:\/\/www.welovecycling.com\/pl\/wp-json\/wp\/v2\/types\/post"}],"author":[{"embeddable":true,"href":"https:\/\/www.welovecycling.com\/pl\/wp-json\/wp\/v2\/users\/153"}],"replies":[{"embeddable":true,"href":"https:\/\/www.welovecycling.com\/pl\/wp-json\/wp\/v2\/comments?post=14274"}],"version-history":[{"count":3,"href":"https:\/\/www.welovecycling.com\/pl\/wp-json\/wp\/v2\/posts\/14274\/revisions"}],"predecessor-version":[{"id":14279,"href":"https:\/\/www.welovecycling.com\/pl\/wp-json\/wp\/v2\/posts\/14274\/revisions\/14279"}],"wp:featuredmedia":[{"embeddable":true,"href":"https:\/\/www.welovecycling.com\/pl\/wp-json\/wp\/v2\/media\/14276"}],"wp:attachment":[{"href":"https:\/\/www.welovecycling.com\/pl\/wp-json\/wp\/v2\/media?parent=14274"}],"wp:term":[{"taxonomy":"category","embeddable":true,"href":"https:\/\/www.welovecycling.com\/pl\/wp-json\/wp\/v2\/categories?post=14274"},{"taxonomy":"post_tag","embeddable":true,"href":"https:\/\/www.welovecycling.com\/pl\/wp-json\/wp\/v2\/tags?post=14274"},{"taxonomy":"global-categories","embeddable":true,"href":"https:\/\/www.welovecycling.com\/pl\/wp-json\/wp\/v2\/global-categories?post=14274"}],"curies":[{"name":"wp","href":"https:\/\/api.w.org\/{rel}","templated":true}]}}