{"id":1426,"date":"2016-07-17T08:45:35","date_gmt":"2016-07-17T08:45:35","guid":{"rendered":"http:\/\/skoda-rowery.pl\/?p=1426"},"modified":"2016-12-05T08:47:59","modified_gmt":"2016-12-05T08:47:59","slug":"zakochani-na-rowerze","status":"publish","type":"post","link":"https:\/\/www.welovecycling.com\/pl\/2016\/07\/17\/zakochani-na-rowerze\/","title":{"rendered":"Zakochani na rowerze"},"content":{"rendered":"<p style=\"text-align: justify\">Co mo\u017ce by\u0107 lepszego, ni\u017c niezr\u00f3wnane poczucie rado\u015bci i swobody p\u0142yn\u0105ce z jazdy na rowerze? Jad\u0105c na rowerze po g\u00f3rach, myj\u0105c si\u0119 w rzekach, oceanach, strumieniach, czy dowolnej innej wodzie, kt\u00f3r\u0105 uda si\u0119 znale\u017a\u0107, spotykaj\u0105 po drodze wspania\u0142ych ludzi, cz\u0119sto widz\u0105c smutek i rado\u015b\u0107 w ich najprawdziwszych ods\u0142onach. To dopiero historia mi\u0142osna na dw\u00f3ch ko\u0142ach! Pop\u0142y\u0144 z nami przez histori\u0119 Shirine i Kevina.<!--more--><\/p>\n<p style=\"text-align: justify\">A co, je\u015bli dwoje zadeklarowanych fanatyk\u00f3w rower\u00f3w po\u0142\u0105czy si\u0142y, zjednawszy si\u0119 we wzajemnej mi\u0142o\u015bci do siebie i podr\u00f3\u017cy? Stawiaj\u0105c te warto\u015bci ponad wszystko, czy podj\u0119liby radykaln\u0105 decyzj\u0119 o opuszczeniu domu i zdecydowali si\u0119 na \u017cycie, podr\u00f3\u017cuj\u0105c razem po \u015bwiecie na rowerze? Mo\u017ce to brzmie\u0107 jak kolarska bajka, ale w przypadku Shirine i Kevina dok\u0142adnie tak si\u0119 sta\u0142o.<\/p>\n<p style=\"text-align: justify\"><img loading=\"lazy\" decoding=\"async\" class=\"alignnone size-large wp-image-1429\" src=\"http:\/\/skoda-rowery.pl\/wp-content\/uploads\/2016\/07\/8489489_498489487-1024x447.jpg\" alt=\"8489489_498489487\" width=\"1024\" height=\"447\" srcset=\"https:\/\/d2p6e6u75xmxt8.cloudfront.net\/5\/2016\/07\/8489489_498489487-1024x447.jpg 1024w, https:\/\/d2p6e6u75xmxt8.cloudfront.net\/5\/2016\/07\/8489489_498489487-300x131.jpg 300w, https:\/\/d2p6e6u75xmxt8.cloudfront.net\/5\/2016\/07\/8489489_498489487-768x335.jpg 768w, https:\/\/d2p6e6u75xmxt8.cloudfront.net\/5\/2016\/07\/8489489_498489487.jpg 1375w\" sizes=\"auto, (max-width: 1024px) 100vw, 1024px\" \/><\/p>\n<p style=\"text-align: justify\">Spotkali si\u0119 na forum online u\u017cywanym do szukania wsp\u00f3\u0142lokator\u00f3w, oboje szybko si\u0119 zaprzyja\u017anili, potem zakochali. Po roku sp\u0119dzonym razem w Bend w stanie Oregon musieli i\u015b\u0107 w\u0142asnymi drogami, gdy Kevin wr\u00f3ci\u0142 na Alask\u0119 do pracy w stra\u017cy po\u017carnej. Poniewa\u017c nic jej nie trzyma\u0142o na miejscu, Shirine wyruszy\u0142a na wypraw\u0119 rowerow\u0105 dooko\u0142a \u015bwiata. Jednak Kevin szybko u\u015bwiadomi\u0142 sobie, jaka jest jego prawdziwa pasja i po dziewi\u0119ciu miesi\u0105cach roz\u0142\u0105ki kupi\u0142 bilet na samolot i do\u0142\u0105czy\u0142 do Shrine w Nepalu. Samotny w\u0119drowiec sta\u0142 si\u0119 zespo\u0142em dw\u00f3ch os\u00f3b i od tamtej pory ju\u017c tak pozosta\u0142o.<\/p>\n<p style=\"text-align: justify\">Nomadzi, minimali\u015bci i podr\u00f3\u017cnicy &#8211; ambitna, nieustraszona para przemieszcza si\u0119, dokumentuj\u0105c swoje przygody i przekazuj\u0105c na bie\u017c\u0105co refleksje dotycz\u0105ce swoich do\u015bwiadcze\u0144. Dumnie g\u0142osz\u0105c, \u017ce staraj\u0105 si\u0119 inspirowa\u0107 innych do na\u015bladowania, dziel\u0105 si\u0119 zdj\u0119ciami, historiami, wskaz\u00f3wkami i poradami. Budz\u0105 si\u0119 o wschodzie s\u0142o\u0144ca, aby rozpocz\u0105\u0107 dzie\u0144 i spakowa\u0107 sw\u00f3j ob\u00f3z i ponownie sta\u0107 si\u0119 nomadami.<\/p>\n<p style=\"text-align: justify\">Shirine to zadeklarowana buntowniczka, kt\u00f3ra twierdzi, \u017ce nie jest jej obca nag\u0142a zmiana plan\u00f3w, je\u015bli zainspiruje j\u0105 co\u015b napotkanego po drodze. B\u0119d\u0105c dusz\u0105 towarzystwa, potrafi zaprzyja\u017ani\u0107 si\u0119 z prawie ka\u017cdym cz\u0142owiekiem napotkanym po drodze. Natomiast Kevin to ten bardziej cichy. Cz\u0142owiek z drugiego planu, kt\u00f3ry zachowuje spok\u00f3j i r\u00f3wnowag\u0119 w ka\u017cdej sytuacji. Facet z ma\u0142ego miasteczka, kt\u00f3ry kocha proste \u017cycie, dzi\u0119ki kt\u00f3remu podr\u00f3\u017c przebiega p\u0142ynnie.<\/p>\n<p style=\"text-align: justify\"><img loading=\"lazy\" decoding=\"async\" class=\"alignnone size-large wp-image-1430\" src=\"http:\/\/skoda-rowery.pl\/wp-content\/uploads\/2016\/07\/10710229_1509350649316968_6738199666383393016_o-1024x680.jpg\" alt=\"10710229_1509350649316968_6738199666383393016_o\" width=\"1024\" height=\"680\" srcset=\"https:\/\/d2p6e6u75xmxt8.cloudfront.net\/5\/2016\/07\/10710229_1509350649316968_6738199666383393016_o-1024x680.jpg 1024w, https:\/\/d2p6e6u75xmxt8.cloudfront.net\/5\/2016\/07\/10710229_1509350649316968_6738199666383393016_o-300x199.jpg 300w, https:\/\/d2p6e6u75xmxt8.cloudfront.net\/5\/2016\/07\/10710229_1509350649316968_6738199666383393016_o-768x510.jpg 768w, https:\/\/d2p6e6u75xmxt8.cloudfront.net\/5\/2016\/07\/10710229_1509350649316968_6738199666383393016_o-272x182.jpg 272w, https:\/\/d2p6e6u75xmxt8.cloudfront.net\/5\/2016\/07\/10710229_1509350649316968_6738199666383393016_o.jpg 2048w\" sizes=\"auto, (max-width: 1024px) 100vw, 1024px\" \/><\/p>\n<p style=\"text-align: justify\">Dzia\u0142aj\u0105c jak doskonale uzupe\u0142niaj\u0105ca si\u0119 para, tych dwoje jednoczy r\u00f3wnie\u017c silna wiara w to, co naprawd\u0119 si\u0119 liczy. Kieruj\u0105c si\u0119 przekonaniem, \u017ce kluczem do szcz\u0119\u015bcia, a wi\u0119c do sukcesu, jest to, by zrobi\u0107 wszystko, o czym kiedykolwiek marzy\u0142e\u015b, nigdy nie zwalniaj\u0105. Szcz\u0119\u015bliwie dzi\u0119ki temu, \u017ce oboje ju\u017c na pocz\u0105tku zdali sobie spraw\u0119, jak chc\u0105 odbywa\u0107 swoje podr\u00f3\u017ce, pragn\u0105 odwiedzi\u0107 miejsca, do kt\u00f3rych nie docieraj\u0105 inni podr\u00f3\u017cnicy, wszystko przy zachowaniu swobody jazdy tam, gdzie chc\u0105. Podr\u00f3\u017cowanie rowerem zapewnia im to wszystko i wiele wi\u0119cej. Podr\u00f3\u017cuj\u0105c rowerem, s\u0105 podejmowani przez mieszka\u0144c\u00f3w, sp\u0119dzaj\u0105 noce, rozbijaj\u0105c obozy w pi\u0119knych miejscach i maj\u0105 poczucie osobistego spe\u0142nienia, osi\u0105gaj\u0105c to wszystko w\u0142asnymi si\u0142ami.<\/p>\n<p style=\"text-align: justify\">Spok\u00f3j, kt\u00f3ry odnajduj\u0105 w miejscach, do kt\u00f3rych si\u0119 udaj\u0105, jak r\u00f3wnie\u017c odpr\u0119\u017cenie p\u0142yn\u0105ce z jazdy na rowerze, pozwala im na utrzymanie spokojnego i harmonijnego zwi\u0105zku. Pomimo faktu, \u017ce sp\u0119dzaj\u0105 praktycznie ca\u0142y czas razem i musz\u0105 zmierzy\u0107 si\u0119 z szerok\u0105 gam\u0105 niepewnych, a czasami stresuj\u0105cych sytuacji, ich zapa\u0142 do siebie w og\u00f3le si\u0119 nie zmniejszy\u0142. Ich wsp\u00f3lne motto brzmi nast\u0119puj\u0105co: \u201edwa rowery, jedno \u017cycie, ca\u0142y \u015bwiat do obejrzenia\u201d. Potwierdza to fakt, \u017ce para tworzy prawdziwy dream team &#8211; podczas podr\u00f3\u017cy s\u0105 mistrzami kompromis\u00f3w i zawsze dostosowuj\u0105 si\u0119 wzajemnie do swoich potrzeb. Wiedz\u0105 jakie maj\u0105 szcz\u0119\u015bcie, \u017ce si\u0119 znale\u017ali i sp\u0119dzaj\u0105 \u017cycie, robi\u0105c to, co kochaj\u0105. Gdy nadejdzie dzie\u0144 \u015blubu, dzwonki rowerowe z pewno\u015bci\u0105 zabrzmi\u0105 w trakcie uroczysto\u015bci, kiedy para b\u0119dzie odje\u017cd\u017ca\u0107 w stron\u0119 zachodz\u0105cego s\u0142o\u0144ca.<\/p>\n<p style=\"text-align: justify\"><img loading=\"lazy\" decoding=\"async\" class=\"alignnone size-large wp-image-1431\" src=\"http:\/\/skoda-rowery.pl\/wp-content\/uploads\/2016\/07\/11164650_1567166853535347_3610940530310377147_o-1024x680.jpg\" alt=\"11164650_1567166853535347_3610940530310377147_o\" width=\"1024\" height=\"680\" srcset=\"https:\/\/d2p6e6u75xmxt8.cloudfront.net\/5\/2016\/07\/11164650_1567166853535347_3610940530310377147_o-1024x680.jpg 1024w, https:\/\/d2p6e6u75xmxt8.cloudfront.net\/5\/2016\/07\/11164650_1567166853535347_3610940530310377147_o-300x199.jpg 300w, https:\/\/d2p6e6u75xmxt8.cloudfront.net\/5\/2016\/07\/11164650_1567166853535347_3610940530310377147_o-768x510.jpg 768w, https:\/\/d2p6e6u75xmxt8.cloudfront.net\/5\/2016\/07\/11164650_1567166853535347_3610940530310377147_o-272x182.jpg 272w, https:\/\/d2p6e6u75xmxt8.cloudfront.net\/5\/2016\/07\/11164650_1567166853535347_3610940530310377147_o.jpg 2048w\" sizes=\"auto, (max-width: 1024px) 100vw, 1024px\" \/><\/p>\n<p style=\"text-align: justify\"><strong>\u0141\u0105czy nas kolarska pasja! \u0160koda nap\u0119dza Tour de France.<\/strong><\/p>\n","protected":false},"excerpt":{"rendered":"<p>Co mo\u017ce by\u0107 lepszego, ni\u017c niezr\u00f3wnane poczucie rado\u015bci i swobody p\u0142yn\u0105ce z jazdy na rowerze? Jad\u0105c na rowerze po g\u00f3rach, [&hellip;]<\/p>\n","protected":false},"author":1,"featured_media":1427,"comment_status":"open","ping_status":"closed","sticky":false,"template":"","format":"standard","meta":{"footnotes":""},"categories":[1],"tags":[77],"global-categories":[],"class_list":["post-1426","post","type-post","status-publish","format-standard","has-post-thumbnail","hentry","category-uncategorized","tag-tour-de-france"],"yoast_head":"<!-- This site is optimized with the Yoast SEO Premium plugin v25.3 (Yoast SEO v25.9) - https:\/\/yoast.com\/wordpress\/plugins\/seo\/ -->\n<title>Zakochani na rowerze - \u0160koda We Love Cycling - Poland<\/title>\n<meta name=\"robots\" content=\"index, follow, max-snippet:-1, max-image-preview:large, max-video-preview:-1\" \/>\n<link rel=\"canonical\" href=\"https:\/\/www.welovecycling.com\/pl\/2016\/07\/17\/zakochani-na-rowerze\/\" \/>\n<meta property=\"og:locale\" content=\"pl_PL\" \/>\n<meta property=\"og:type\" content=\"article\" \/>\n<meta property=\"og:title\" content=\"Zakochani na rowerze\" \/>\n<meta property=\"og:description\" content=\"Co mo\u017ce by\u0107 lepszego, ni\u017c niezr\u00f3wnane poczucie rado\u015bci i swobody p\u0142yn\u0105ce z jazdy na rowerze? Jad\u0105c na rowerze po g\u00f3rach, [&hellip;]\" \/>\n<meta property=\"og:url\" content=\"https:\/\/www.welovecycling.com\/pl\/2016\/07\/17\/zakochani-na-rowerze\/\" \/>\n<meta property=\"og:site_name\" content=\"\u0160koda We Love Cycling - Poland\" \/>\n<meta property=\"article:published_time\" content=\"2016-07-17T08:45:35+00:00\" \/>\n<meta property=\"article:modified_time\" content=\"2016-12-05T08:47:59+00:00\" \/>\n<meta property=\"og:image\" content=\"https:\/\/d2p6e6u75xmxt8.cloudfront.net\/5\/2016\/07\/11074635_1567517040166995_7116838017891400692_o.jpg\" \/>\n\t<meta property=\"og:image:width\" content=\"1360\" \/>\n\t<meta property=\"og:image:height\" content=\"1360\" \/>\n\t<meta property=\"og:image:type\" content=\"image\/jpeg\" \/>\n<meta name=\"author\" content=\"WeLoveCycling\" \/>\n<meta name=\"twitter:card\" content=\"summary_large_image\" \/>\n<meta name=\"twitter:label1\" content=\"Written by\" \/>\n\t<meta name=\"twitter:data1\" content=\"WeLoveCycling\" \/>\n\t<meta name=\"twitter:label2\" content=\"Est. reading time\" \/>\n\t<meta name=\"twitter:data2\" content=\"4 minutes\" \/>\n<script type=\"application\/ld+json\" class=\"yoast-schema-graph\">{\"@context\":\"https:\/\/schema.org\",\"@graph\":[{\"@type\":\"WebPage\",\"@id\":\"https:\/\/www.welovecycling.com\/pl\/2016\/07\/17\/zakochani-na-rowerze\/\",\"url\":\"https:\/\/www.welovecycling.com\/pl\/2016\/07\/17\/zakochani-na-rowerze\/\",\"name\":\"Zakochani na rowerze - \u0160koda We Love Cycling - Poland\",\"isPartOf\":{\"@id\":\"https:\/\/www.welovecycling.com\/pl\/#website\"},\"primaryImageOfPage\":{\"@id\":\"https:\/\/www.welovecycling.com\/pl\/2016\/07\/17\/zakochani-na-rowerze\/#primaryimage\"},\"image\":{\"@id\":\"https:\/\/www.welovecycling.com\/pl\/2016\/07\/17\/zakochani-na-rowerze\/#primaryimage\"},\"thumbnailUrl\":\"https:\/\/d2p6e6u75xmxt8.cloudfront.net\/5\/2016\/07\/11074635_1567517040166995_7116838017891400692_o.jpg\",\"datePublished\":\"2016-07-17T08:45:35+00:00\",\"dateModified\":\"2016-12-05T08:47:59+00:00\",\"author\":{\"@id\":\"https:\/\/www.welovecycling.com\/pl\/#\/schema\/person\/e5187c9cac8dd619ebc7b41bd73c2fd9\"},\"breadcrumb\":{\"@id\":\"https:\/\/www.welovecycling.com\/pl\/2016\/07\/17\/zakochani-na-rowerze\/#breadcrumb\"},\"inLanguage\":\"pl-PL\",\"potentialAction\":[{\"@type\":\"ReadAction\",\"target\":[\"https:\/\/www.welovecycling.com\/pl\/2016\/07\/17\/zakochani-na-rowerze\/\"]}]},{\"@type\":\"ImageObject\",\"inLanguage\":\"pl-PL\",\"@id\":\"https:\/\/www.welovecycling.com\/pl\/2016\/07\/17\/zakochani-na-rowerze\/#primaryimage\",\"url\":\"https:\/\/d2p6e6u75xmxt8.cloudfront.net\/5\/2016\/07\/11074635_1567517040166995_7116838017891400692_o.jpg\",\"contentUrl\":\"https:\/\/d2p6e6u75xmxt8.cloudfront.net\/5\/2016\/07\/11074635_1567517040166995_7116838017891400692_o.jpg\",\"width\":1360,\"height\":1360},{\"@type\":\"BreadcrumbList\",\"@id\":\"https:\/\/www.welovecycling.com\/pl\/2016\/07\/17\/zakochani-na-rowerze\/#breadcrumb\",\"itemListElement\":[{\"@type\":\"ListItem\",\"position\":1,\"name\":\"Home\",\"item\":\"https:\/\/www.welovecycling.com\/pl\/\"},{\"@type\":\"ListItem\",\"position\":2,\"name\":\"Zakochani na rowerze\"}]},{\"@type\":\"WebSite\",\"@id\":\"https:\/\/www.welovecycling.com\/pl\/#website\",\"url\":\"https:\/\/www.welovecycling.com\/pl\/\",\"name\":\"\u0160koda We Love Cycling - Poland\",\"description\":\"\",\"potentialAction\":[{\"@type\":\"SearchAction\",\"target\":{\"@type\":\"EntryPoint\",\"urlTemplate\":\"https:\/\/www.welovecycling.com\/pl\/?s={search_term_string}\"},\"query-input\":{\"@type\":\"PropertyValueSpecification\",\"valueRequired\":true,\"valueName\":\"search_term_string\"}}],\"inLanguage\":\"pl-PL\"},{\"@type\":\"Person\",\"@id\":\"https:\/\/www.welovecycling.com\/pl\/#\/schema\/person\/e5187c9cac8dd619ebc7b41bd73c2fd9\",\"name\":\"WeLoveCycling\",\"image\":{\"@type\":\"ImageObject\",\"inLanguage\":\"pl-PL\",\"@id\":\"https:\/\/www.welovecycling.com\/pl\/#\/schema\/person\/image\/\",\"url\":\"https:\/\/secure.gravatar.com\/avatar\/7e1ee0ecc5e294b19ef32b9f6086e0afbb9da00c3cb0d465ba4695331f4a9187?s=96&d=mm&r=g\",\"contentUrl\":\"https:\/\/secure.gravatar.com\/avatar\/7e1ee0ecc5e294b19ef32b9f6086e0afbb9da00c3cb0d465ba4695331f4a9187?s=96&d=mm&r=g\",\"caption\":\"WeLoveCycling\"},\"url\":\"https:\/\/www.welovecycling.com\/pl\/author\/lukascech\/\"}]}<\/script>\n<!-- \/ Yoast SEO Premium plugin. -->","yoast_head_json":{"title":"Zakochani na rowerze - \u0160koda We Love Cycling - Poland","robots":{"index":"index","follow":"follow","max-snippet":"max-snippet:-1","max-image-preview":"max-image-preview:large","max-video-preview":"max-video-preview:-1"},"canonical":"https:\/\/www.welovecycling.com\/pl\/2016\/07\/17\/zakochani-na-rowerze\/","og_locale":"pl_PL","og_type":"article","og_title":"Zakochani na rowerze","og_description":"Co mo\u017ce by\u0107 lepszego, ni\u017c niezr\u00f3wnane poczucie rado\u015bci i swobody p\u0142yn\u0105ce z jazdy na rowerze? Jad\u0105c na rowerze po g\u00f3rach, [&hellip;]","og_url":"https:\/\/www.welovecycling.com\/pl\/2016\/07\/17\/zakochani-na-rowerze\/","og_site_name":"\u0160koda We Love Cycling - Poland","article_published_time":"2016-07-17T08:45:35+00:00","article_modified_time":"2016-12-05T08:47:59+00:00","og_image":[{"width":1360,"height":1360,"url":"https:\/\/d2p6e6u75xmxt8.cloudfront.net\/5\/2016\/07\/11074635_1567517040166995_7116838017891400692_o.jpg","type":"image\/jpeg"}],"author":"WeLoveCycling","twitter_card":"summary_large_image","twitter_misc":{"Written by":"WeLoveCycling","Est. reading time":"4 minutes"},"schema":{"@context":"https:\/\/schema.org","@graph":[{"@type":"WebPage","@id":"https:\/\/www.welovecycling.com\/pl\/2016\/07\/17\/zakochani-na-rowerze\/","url":"https:\/\/www.welovecycling.com\/pl\/2016\/07\/17\/zakochani-na-rowerze\/","name":"Zakochani na rowerze - \u0160koda We Love Cycling - Poland","isPartOf":{"@id":"https:\/\/www.welovecycling.com\/pl\/#website"},"primaryImageOfPage":{"@id":"https:\/\/www.welovecycling.com\/pl\/2016\/07\/17\/zakochani-na-rowerze\/#primaryimage"},"image":{"@id":"https:\/\/www.welovecycling.com\/pl\/2016\/07\/17\/zakochani-na-rowerze\/#primaryimage"},"thumbnailUrl":"https:\/\/d2p6e6u75xmxt8.cloudfront.net\/5\/2016\/07\/11074635_1567517040166995_7116838017891400692_o.jpg","datePublished":"2016-07-17T08:45:35+00:00","dateModified":"2016-12-05T08:47:59+00:00","author":{"@id":"https:\/\/www.welovecycling.com\/pl\/#\/schema\/person\/e5187c9cac8dd619ebc7b41bd73c2fd9"},"breadcrumb":{"@id":"https:\/\/www.welovecycling.com\/pl\/2016\/07\/17\/zakochani-na-rowerze\/#breadcrumb"},"inLanguage":"pl-PL","potentialAction":[{"@type":"ReadAction","target":["https:\/\/www.welovecycling.com\/pl\/2016\/07\/17\/zakochani-na-rowerze\/"]}]},{"@type":"ImageObject","inLanguage":"pl-PL","@id":"https:\/\/www.welovecycling.com\/pl\/2016\/07\/17\/zakochani-na-rowerze\/#primaryimage","url":"https:\/\/d2p6e6u75xmxt8.cloudfront.net\/5\/2016\/07\/11074635_1567517040166995_7116838017891400692_o.jpg","contentUrl":"https:\/\/d2p6e6u75xmxt8.cloudfront.net\/5\/2016\/07\/11074635_1567517040166995_7116838017891400692_o.jpg","width":1360,"height":1360},{"@type":"BreadcrumbList","@id":"https:\/\/www.welovecycling.com\/pl\/2016\/07\/17\/zakochani-na-rowerze\/#breadcrumb","itemListElement":[{"@type":"ListItem","position":1,"name":"Home","item":"https:\/\/www.welovecycling.com\/pl\/"},{"@type":"ListItem","position":2,"name":"Zakochani na rowerze"}]},{"@type":"WebSite","@id":"https:\/\/www.welovecycling.com\/pl\/#website","url":"https:\/\/www.welovecycling.com\/pl\/","name":"\u0160koda We Love Cycling - Poland","description":"","potentialAction":[{"@type":"SearchAction","target":{"@type":"EntryPoint","urlTemplate":"https:\/\/www.welovecycling.com\/pl\/?s={search_term_string}"},"query-input":{"@type":"PropertyValueSpecification","valueRequired":true,"valueName":"search_term_string"}}],"inLanguage":"pl-PL"},{"@type":"Person","@id":"https:\/\/www.welovecycling.com\/pl\/#\/schema\/person\/e5187c9cac8dd619ebc7b41bd73c2fd9","name":"WeLoveCycling","image":{"@type":"ImageObject","inLanguage":"pl-PL","@id":"https:\/\/www.welovecycling.com\/pl\/#\/schema\/person\/image\/","url":"https:\/\/secure.gravatar.com\/avatar\/7e1ee0ecc5e294b19ef32b9f6086e0afbb9da00c3cb0d465ba4695331f4a9187?s=96&d=mm&r=g","contentUrl":"https:\/\/secure.gravatar.com\/avatar\/7e1ee0ecc5e294b19ef32b9f6086e0afbb9da00c3cb0d465ba4695331f4a9187?s=96&d=mm&r=g","caption":"WeLoveCycling"},"url":"https:\/\/www.welovecycling.com\/pl\/author\/lukascech\/"}]}},"_links":{"self":[{"href":"https:\/\/www.welovecycling.com\/pl\/wp-json\/wp\/v2\/posts\/1426","targetHints":{"allow":["GET"]}}],"collection":[{"href":"https:\/\/www.welovecycling.com\/pl\/wp-json\/wp\/v2\/posts"}],"about":[{"href":"https:\/\/www.welovecycling.com\/pl\/wp-json\/wp\/v2\/types\/post"}],"author":[{"embeddable":true,"href":"https:\/\/www.welovecycling.com\/pl\/wp-json\/wp\/v2\/users\/1"}],"replies":[{"embeddable":true,"href":"https:\/\/www.welovecycling.com\/pl\/wp-json\/wp\/v2\/comments?post=1426"}],"version-history":[{"count":1,"href":"https:\/\/www.welovecycling.com\/pl\/wp-json\/wp\/v2\/posts\/1426\/revisions"}],"predecessor-version":[{"id":2425,"href":"https:\/\/www.welovecycling.com\/pl\/wp-json\/wp\/v2\/posts\/1426\/revisions\/2425"}],"wp:featuredmedia":[{"embeddable":true,"href":"https:\/\/www.welovecycling.com\/pl\/wp-json\/wp\/v2\/media\/1427"}],"wp:attachment":[{"href":"https:\/\/www.welovecycling.com\/pl\/wp-json\/wp\/v2\/media?parent=1426"}],"wp:term":[{"taxonomy":"category","embeddable":true,"href":"https:\/\/www.welovecycling.com\/pl\/wp-json\/wp\/v2\/categories?post=1426"},{"taxonomy":"post_tag","embeddable":true,"href":"https:\/\/www.welovecycling.com\/pl\/wp-json\/wp\/v2\/tags?post=1426"},{"taxonomy":"global-categories","embeddable":true,"href":"https:\/\/www.welovecycling.com\/pl\/wp-json\/wp\/v2\/global-categories?post=1426"}],"curies":[{"name":"wp","href":"https:\/\/api.w.org\/{rel}","templated":true}]}}