{"id":14244,"date":"2023-09-18T14:06:00","date_gmt":"2023-09-18T14:06:00","guid":{"rendered":"https:\/\/www.welovecycling.com\/pl\/?p=14244"},"modified":"2023-09-18T14:06:00","modified_gmt":"2023-09-18T14:06:00","slug":"koniec-vuleta-a-espana-a-co-za-tym-idzie-grand-tourow-w-tym-sezonie","status":"publish","type":"post","link":"https:\/\/www.welovecycling.com\/pl\/2023\/09\/18\/koniec-vuleta-a-espana-a-co-za-tym-idzie-grand-tourow-w-tym-sezonie\/","title":{"rendered":"Koniec Vuleta a Espana, a co za tym idzie &#8211; grand tour\u00f3w w tym sezonie"},"content":{"rendered":"<p><b><span data-contrast=\"auto\">Jak ameryka\u0144ski sen\u2026 Tak si\u0119 wchodzi do historii kolarstwa!<\/span><\/b><span data-ccp-props=\"{&quot;201341983&quot;:0,&quot;335551550&quot;:1,&quot;335551620&quot;:1,&quot;335559739&quot;:160,&quot;335559740&quot;:259}\">\u00a0<\/span><\/p>\n<p><span data-contrast=\"auto\">\u2013 To jest jak sen \u2013 nie kryje Sepp Kuss, kt\u00f3ry wygra\u0142 klasyfikacj\u0119 generaln\u0105 78. Vuelta a Espa\u00f1a. W szampanie p\u0142ywa jednak ca\u0142a ekipa Jumbo Visma, bo nie do\u015b\u0107, \u017ce zawodnicy tego zespo\u0142u zdominowali podium, to jeszcze weszli do historii \u015bwiatowego kolarstwa. Z kolei u pa\u0144 wci\u0105\u017c \u015bwietnie spisuje si\u0119 Katarzyna Niewiadoma.<\/span><span data-ccp-props=\"{&quot;201341983&quot;:0,&quot;335559739&quot;:160,&quot;335559740&quot;:259}\">\u00a0<\/span><\/p>\n<p><span data-contrast=\"auto\">\u2013 Chc\u0119 by\u0107 zawodowym kolarzem \u2013 powtarza\u0142 jako nastolatek Sepp Kuss, kt\u00f3ry ju\u017c jako junior zapowiada\u0142 si\u0119 na niez\u0142ego zawodnika. \u015aciga\u0142 si\u0119 na kr\u00f3tkich dystansach, bra\u0142 r\u00f3wnie\u017c udzia\u0142 w wy\u015bcigach prze\u0142ajowych, a pytany o to, z kim chcia\u0142by zje\u015b\u0107 kolacj\u0119, bez namys\u0142u wymienia\u0142 nazwisko Petera Sagana, znakomitego s\u0142owackiego sprintera.<\/span><span data-ccp-props=\"{&quot;201341983&quot;:0,&quot;335559739&quot;:160,&quot;335559740&quot;:259}\">\u00a0<\/span><\/p>\n<p><b><span data-contrast=\"auto\">\u201eNigdy o tym nawet nie marzy\u0142em\u201d<\/span><\/b><span data-ccp-props=\"{&quot;201341983&quot;:0,&quot;335559739&quot;:160,&quot;335559740&quot;:259}\">\u00a0<\/span><\/p>\n<p><span data-contrast=\"auto\">W zawodowym peletonie Kuss pojawi\u0142 si\u0119 pi\u0119\u0107 lat temu, a w Grand Tourze debiutowa\u0142 w Vuelta a Espa\u00f1a. Te zawody od pocz\u0105tku by\u0142y mu pisane, bo tak\u017ce w wy\u015bcigu dooko\u0142a Hiszpanii odni\u00f3s\u0142 swoje pierwsze powa\u017cne zwyci\u0119stwo etapowe (w 2019 r.). Dwa lata p\u00f3\u017aniej zdoby\u0142 r\u00f3wnie\u017c etap podczas Tour de France, ale nic nie zapowiada\u0142o, \u017ce za par\u0119 lat b\u0119dzie na ustach ca\u0142ego \u015bwiatowego kolarstwa.<\/span><span data-ccp-props=\"{&quot;201341983&quot;:0,&quot;335559739&quot;:160,&quot;335559740&quot;:259}\">\u00a0<\/span><\/p>\n<div class=\"embed-controller-wrapper\">\n<blockquote class=\"twitter-tweet\" data-width=\"500\" data-dnt=\"true\">\n<p lang=\"es\" dir=\"ltr\">\ud83d\udcf8 FOTO DEL D\u00cdA | PIC OF THE DAY \ud83d\ude0d  <\/p>\n<p>Powered by Plenitude Espa\u00f1a  <br \/>  <a href=\"https:\/\/twitter.com\/hashtag\/LaVuelta23?src=hash&amp;ref_src=twsrc%5Etfw\">#LaVuelta23<\/a> &#8211; \ud83d\udcf8 <a href=\"https:\/\/twitter.com\/cxcling?ref_src=twsrc%5Etfw\">@cxcling<\/a> <a href=\"https:\/\/t.co\/5R5GWdWVOP\">pic.twitter.com\/5R5GWdWVOP<\/a><\/p>\n<p>&mdash; La Vuelta (@lavuelta) <a href=\"https:\/\/twitter.com\/lavuelta\/status\/1703139916039823771?ref_src=twsrc%5Etfw\">September 16, 2023<\/a><\/p><\/blockquote>\n<p><script async data-src=\"https:\/\/platform.twitter.com\/widgets.js\" charset=\"utf-8\"><\/script><\/div>\n<p><span data-contrast=\"auto\">Sygna\u0142 o wysokich aspiracjach wys\u0142a\u0142 na sz\u00f3stym etapie tegorocznego Vuelta a Espa\u00f1a, gdy jako pierwszy przeci\u0105\u0142 lini\u0119 mety. Dwa dni p\u00f3\u017aniej przej\u0105\u0142 czerwon\u0105 koszulk\u0119, ale wci\u0105\u017c niewielu wierzy\u0142o, \u017ce zdo\u0142a j\u0105 dowie\u017a\u0107 a\u017c do Madrytu. Szczeg\u00f3lnie \u017ce za jego plecami czai\u0142o si\u0119 dw\u00f3ch znacznie bardziej utytu\u0142owanych koleg\u00f3w z zespo\u0142u: Du\u0144czyk Jonas Vingegaard oraz S\u0142oweniec Primo\u017e Rogli\u010d.<\/span><span data-ccp-props=\"{&quot;201341983&quot;:0,&quot;335559739&quot;:160,&quot;335559740&quot;:259}\">\u00a0<\/span><\/p>\n<p><span data-contrast=\"auto\">Amerykanin nie zamierza\u0142 jednak odda\u0107 pola i mocno walczy\u0142 o swoje. Ataki odpiera\u0142 w g\u00f3rach, podczas sprint\u00f3w oraz w je\u017adzie na czas, ale tak\u017ce wsp\u00f3\u0142pracowa\u0142 z kolegami. A\u017c w ko\u0144cu sta\u0142o si\u0119 jasne, \u017ce to w\u0142a\u015bnie on wygra 78. Vuelta a Espa\u00f1a.<\/span><span data-ccp-props=\"{&quot;201341983&quot;:0,&quot;335559739&quot;:160,&quot;335559740&quot;:259}\">\u00a0<\/span><\/p>\n<p>https:\/\/www.instagram.com\/p\/Cw9vsRWMNdb\/<\/p>\n<p><span data-contrast=\"auto\">\u2013 Nigdy o tym nawet nie marzy\u0142em. Ko\u0144c\u00f3wka przedostatniego etapu by\u0142a niesamowita, bo w ko\u0144cu mogli\u015bmy si\u0119 troch\u0119 zrelaksowa\u0107. Zazwyczaj moja rola jest troch\u0119 inna, bo na og\u00f3\u0142 jestem cz\u0142onkiem dru\u017cyny zwyci\u0119zcy, ale tym razem to ja nosz\u0119 koszulk\u0119 lidera \u2013 cieszy\u0142 si\u0119 na mecie Kuss.<\/span><span data-ccp-props=\"{&quot;201341983&quot;:0,&quot;335559739&quot;:160,&quot;335559740&quot;:259}\">\u00a0<\/span><\/p>\n<p><b><span data-contrast=\"auto\">Jumbo Visma przechodzi do historii<\/span><\/b><span data-ccp-props=\"{&quot;201341983&quot;:0,&quot;335559739&quot;:160,&quot;335559740&quot;:259}\">\u00a0<\/span><\/p>\n<p><span data-contrast=\"auto\">Szampany w ekipie Jumbo Visma eksplodowa\u0142y z podw\u00f3jn\u0105 si\u0142\u0105, poniewa\u017c wygrana Kussa oznacza, \u017ce holenderska ekipa jest pierwsz\u0105 w historii, kt\u00f3rej przedstawiciel w jednym sezonie wygra\u0142 <\/span><span data-contrast=\"auto\">Giro d\u2019Italia <\/span><span data-contrast=\"auto\">(Jonas Vingegaard) oraz Vuelta a Espa\u00f1a (Sepp Kuss).\u00a0<\/span><span data-ccp-props=\"{&quot;201341983&quot;:0,&quot;335559739&quot;:160,&quot;335559740&quot;:259}\">\u00a0<\/span><\/p>\n<p><span data-contrast=\"auto\">Co wi\u0119cej, w wy\u015bcigu dooko\u0142a Hiszpanii zawodnicy tej ekipy obsadzili ca\u0142e podium, bo drugi by\u0142 Vingegaard, a trzeci Rogli\u010d.<\/span><span data-ccp-props=\"{&quot;201341983&quot;:0,&quot;335559739&quot;:160,&quot;335559740&quot;:259}\">\u00a0<\/span><\/p>\n<p><span data-contrast=\"auto\">\u2013 Napisali\u015bmy histori\u0119, wi\u0119c jeste\u015bmy bardzo szcz\u0119\u015bliwi i dumni z tego, jak wygl\u0105da\u0142 ten rok. To by\u0142 historyczny sezon dla naszego zespo\u0142u \u2013 cieszy\u0142 si\u0119 Vingegaard.<\/span><span data-ccp-props=\"{&quot;201341983&quot;:0,&quot;335559739&quot;:160,&quot;335559740&quot;:259}\">\u00a0<\/span><\/p>\n<div class=\"embed-controller-wrapper\">\n<blockquote class=\"twitter-tweet\" data-width=\"500\" data-dnt=\"true\">\n<p lang=\"es\" dir=\"ltr\">\ud83e\ude77\ud83d\udc9b\u2764\ufe0f\ud83d\udc1d<\/p>\n<p>\u00a1Qu\u00e9 temporada para <a href=\"https:\/\/twitter.com\/JumboVismaRoad?ref_src=twsrc%5Etfw\">@JumboVismaRoad<\/a>!<br \/>What a season for Jumbo Visma!<a href=\"https:\/\/twitter.com\/hashtag\/LaVuelta23?src=hash&amp;ref_src=twsrc%5Etfw\">#LaVuelta23<\/a> <a href=\"https:\/\/t.co\/yzydaPNZsa\">pic.twitter.com\/yzydaPNZsa<\/a><\/p>\n<p>&mdash; La Vuelta (@lavuelta) <a href=\"https:\/\/twitter.com\/lavuelta\/status\/1703438272028962822?ref_src=twsrc%5Etfw\">September 17, 2023<\/a><\/p><\/blockquote>\n<p><script async data-src=\"https:\/\/platform.twitter.com\/widgets.js\" charset=\"utf-8\"><\/script><\/div>\n<p><b><span data-contrast=\"auto\">Wysoka forma Katarzyny Niewiadomej<\/span><\/b><span data-ccp-props=\"{&quot;201341983&quot;:0,&quot;335559739&quot;:160,&quot;335559740&quot;:259}\">\u00a0<\/span><\/p>\n<p><span data-contrast=\"auto\">Wiele ciekawego dzieje si\u0119 tak\u017ce w kolarstwie kobiet, a szczeg\u00f3lnie dobrze radzi sobie Katarzyna Niewiadoma (CANYON\/\/SRAM Racing). Polka z powodu choroby musia\u0142a opu\u015bci\u0107 niedawne mistrzostwa \u015bwiata, ale ci\u0105gle jest w wysokiej formie. Niewiadoma zaj\u0119\u0142a drugie miejsce w klasyfikacji generalnej Tour de Romandie F\u00e9minin, a lepsza by\u0142a tylko Demi Vollering z Team SD Worx.<\/span><span data-ccp-props=\"{&quot;201341983&quot;:0,&quot;335559739&quot;:160,&quot;335559740&quot;:259}\">\u00a0<\/span><\/p>\n<p><span data-sheets-value=\"{&quot;1&quot;:2,&quot;2&quot;:&quot;Artyku\u0142 powsta\u0142 we wsp\u00f3\u0142pracy ze skoda-auto.pl&quot;}\" data-sheets-userformat=\"{&quot;2&quot;:1,&quot;3&quot;:{&quot;1&quot;:0}}\" data-sheets-hyperlink=\"http:\/\/www.skoda-auto.pl\/\"><a class=\"in-cell-link\" href=\"http:\/\/www.skoda-auto.pl\/\" target=\"_blank\" rel=\"noopener noreferrer\">Artyku\u0142 powsta\u0142 we wsp\u00f3\u0142pracy ze skoda-auto.pl<\/a><\/span><\/p>\n<p><a href=\"https:\/\/d2p6e6u75xmxt8.cloudfront.net\/5\/2030\/11\/3.webp\"><img loading=\"lazy\" decoding=\"async\" class=\"size-full wp-image-13776 aligncenter\" src=\"https:\/\/d2p6e6u75xmxt8.cloudfront.net\/5\/2030\/11\/3.webp\" alt=\"\" width=\"640\" height=\"350\" srcset=\"https:\/\/d2p6e6u75xmxt8.cloudfront.net\/5\/2030\/11\/3.webp 640w, https:\/\/d2p6e6u75xmxt8.cloudfront.net\/5\/2030\/11\/3-300x164.webp 300w, https:\/\/d2p6e6u75xmxt8.cloudfront.net\/5\/2030\/11\/3-400x219.webp 400w\" sizes=\"auto, (max-width: 640px) 100vw, 640px\" \/><\/a><\/p>\n","protected":false},"excerpt":{"rendered":"<p>Jak ameryka\u0144ski sen\u2026 Tak si\u0119 wchodzi do historii kolarstwa!\u00a0 \u2013 To jest jak sen \u2013 nie kryje Sepp Kuss, kt\u00f3ry [&hellip;]<\/p>\n","protected":false},"author":153,"featured_media":14245,"comment_status":"open","ping_status":"open","sticky":false,"template":"","format":"standard","meta":{"footnotes":""},"categories":[361],"tags":[418,176,419,191,404,82,146],"global-categories":[303],"class_list":["post-14244","post","type-post","status-publish","format-standard","has-post-thumbnail","hentry","category-vuelta-a-espana","tag-2023-la-vuelta","tag-kolarstwo","tag-la-vuelta","tag-skoda","tag-skodapolska","tag-welovecycling","tag-wyscig","global-categories-cycling"],"yoast_head":"<!-- This site is optimized with the Yoast SEO Premium plugin v25.3 (Yoast SEO v25.9) - https:\/\/yoast.com\/wordpress\/plugins\/seo\/ -->\n<title>Koniec Vuleta a Espana, a co za tym idzie - grand tour\u00f3w w tym sezonie - \u0160koda We Love Cycling - Poland<\/title>\n<meta name=\"robots\" content=\"index, follow, max-snippet:-1, max-image-preview:large, max-video-preview:-1\" \/>\n<link rel=\"canonical\" href=\"https:\/\/www.welovecycling.com\/pl\/2023\/09\/18\/koniec-vuleta-a-espana-a-co-za-tym-idzie-grand-tourow-w-tym-sezonie\/\" \/>\n<meta property=\"og:locale\" content=\"pl_PL\" \/>\n<meta property=\"og:type\" content=\"article\" \/>\n<meta property=\"og:title\" content=\"Koniec Vuleta a Espana, a co za tym idzie - grand tour\u00f3w w tym sezonie\" \/>\n<meta property=\"og:description\" content=\"Jak ameryka\u0144ski sen\u2026 Tak si\u0119 wchodzi do historii kolarstwa!\u00a0 \u2013 To jest jak sen \u2013 nie kryje Sepp Kuss, kt\u00f3ry [&hellip;]\" \/>\n<meta property=\"og:url\" content=\"https:\/\/www.welovecycling.com\/pl\/2023\/09\/18\/koniec-vuleta-a-espana-a-co-za-tym-idzie-grand-tourow-w-tym-sezonie\/\" \/>\n<meta property=\"og:site_name\" content=\"\u0160koda We Love Cycling - Poland\" \/>\n<meta property=\"article:published_time\" content=\"2023-09-18T14:06:00+00:00\" \/>\n<meta property=\"og:image\" content=\"https:\/\/d2p6e6u75xmxt8.cloudfront.net\/5\/2023\/09\/vouleta.webp\" \/>\n\t<meta property=\"og:image:width\" content=\"1107\" \/>\n\t<meta property=\"og:image:height\" content=\"741\" \/>\n\t<meta property=\"og:image:type\" content=\"image\/webp\" \/>\n<meta name=\"author\" content=\"rafal\" \/>\n<meta name=\"twitter:card\" content=\"summary_large_image\" \/>\n<meta name=\"twitter:label1\" content=\"Written by\" \/>\n\t<meta name=\"twitter:data1\" content=\"Piotr Nowik\" \/>\n\t<meta name=\"twitter:label2\" content=\"Est. reading time\" \/>\n\t<meta name=\"twitter:data2\" content=\"4\" \/>\n<script type=\"application\/ld+json\" class=\"yoast-schema-graph\">{\"@context\":\"https:\/\/schema.org\",\"@graph\":[{\"@type\":\"WebPage\",\"@id\":\"https:\/\/www.welovecycling.com\/pl\/2023\/09\/18\/koniec-vuleta-a-espana-a-co-za-tym-idzie-grand-tourow-w-tym-sezonie\/\",\"url\":\"https:\/\/www.welovecycling.com\/pl\/2023\/09\/18\/koniec-vuleta-a-espana-a-co-za-tym-idzie-grand-tourow-w-tym-sezonie\/\",\"name\":\"Koniec Vuleta a Espana, a co za tym idzie - grand tour\u00f3w w tym sezonie - \u0160koda We Love Cycling - Poland\",\"isPartOf\":{\"@id\":\"https:\/\/www.welovecycling.com\/pl\/#website\"},\"primaryImageOfPage\":{\"@id\":\"https:\/\/www.welovecycling.com\/pl\/2023\/09\/18\/koniec-vuleta-a-espana-a-co-za-tym-idzie-grand-tourow-w-tym-sezonie\/#primaryimage\"},\"image\":{\"@id\":\"https:\/\/www.welovecycling.com\/pl\/2023\/09\/18\/koniec-vuleta-a-espana-a-co-za-tym-idzie-grand-tourow-w-tym-sezonie\/#primaryimage\"},\"thumbnailUrl\":\"https:\/\/d2p6e6u75xmxt8.cloudfront.net\/5\/2023\/09\/vouleta.webp\",\"datePublished\":\"2023-09-18T14:06:00+00:00\",\"author\":{\"@id\":\"https:\/\/www.welovecycling.com\/pl\/#\/schema\/person\/bf06ed916a1ef16618807fb60d2ebe42\"},\"breadcrumb\":{\"@id\":\"https:\/\/www.welovecycling.com\/pl\/2023\/09\/18\/koniec-vuleta-a-espana-a-co-za-tym-idzie-grand-tourow-w-tym-sezonie\/#breadcrumb\"},\"inLanguage\":\"pl-PL\",\"potentialAction\":[{\"@type\":\"ReadAction\",\"target\":[\"https:\/\/www.welovecycling.com\/pl\/2023\/09\/18\/koniec-vuleta-a-espana-a-co-za-tym-idzie-grand-tourow-w-tym-sezonie\/\"]}]},{\"@type\":\"ImageObject\",\"inLanguage\":\"pl-PL\",\"@id\":\"https:\/\/www.welovecycling.com\/pl\/2023\/09\/18\/koniec-vuleta-a-espana-a-co-za-tym-idzie-grand-tourow-w-tym-sezonie\/#primaryimage\",\"url\":\"https:\/\/d2p6e6u75xmxt8.cloudfront.net\/5\/2023\/09\/vouleta.webp\",\"contentUrl\":\"https:\/\/d2p6e6u75xmxt8.cloudfront.net\/5\/2023\/09\/vouleta.webp\",\"width\":1107,\"height\":741},{\"@type\":\"BreadcrumbList\",\"@id\":\"https:\/\/www.welovecycling.com\/pl\/2023\/09\/18\/koniec-vuleta-a-espana-a-co-za-tym-idzie-grand-tourow-w-tym-sezonie\/#breadcrumb\",\"itemListElement\":[{\"@type\":\"ListItem\",\"position\":1,\"name\":\"Home\",\"item\":\"https:\/\/www.welovecycling.com\/pl\/\"},{\"@type\":\"ListItem\",\"position\":2,\"name\":\"Koniec Vuleta a Espana, a co za tym idzie &#8211; grand tour\u00f3w w tym sezonie\"}]},{\"@type\":\"WebSite\",\"@id\":\"https:\/\/www.welovecycling.com\/pl\/#website\",\"url\":\"https:\/\/www.welovecycling.com\/pl\/\",\"name\":\"\u0160koda We Love Cycling - Poland\",\"description\":\"\",\"potentialAction\":[{\"@type\":\"SearchAction\",\"target\":{\"@type\":\"EntryPoint\",\"urlTemplate\":\"https:\/\/www.welovecycling.com\/pl\/?s={search_term_string}\"},\"query-input\":{\"@type\":\"PropertyValueSpecification\",\"valueRequired\":true,\"valueName\":\"search_term_string\"}}],\"inLanguage\":\"pl-PL\"},{\"@type\":\"Person\",\"@id\":\"https:\/\/www.welovecycling.com\/pl\/#\/schema\/person\/bf06ed916a1ef16618807fb60d2ebe42\",\"name\":\"rafal\",\"image\":{\"@type\":\"ImageObject\",\"inLanguage\":\"pl-PL\",\"@id\":\"https:\/\/www.welovecycling.com\/pl\/#\/schema\/person\/image\/\",\"url\":\"https:\/\/secure.gravatar.com\/avatar\/203f240e63bee214f6f3a0dacbeb600c7829c09716c2b9ee3230c6961debcde2?s=96&d=mm&r=g\",\"contentUrl\":\"https:\/\/secure.gravatar.com\/avatar\/203f240e63bee214f6f3a0dacbeb600c7829c09716c2b9ee3230c6961debcde2?s=96&d=mm&r=g\",\"caption\":\"rafal\"},\"url\":\"https:\/\/www.welovecycling.com\/pl\/author\/rafal\/\"}]}<\/script>\n<!-- \/ Yoast SEO Premium plugin. -->","yoast_head_json":{"title":"Koniec Vuleta a Espana, a co za tym idzie - grand tour\u00f3w w tym sezonie - \u0160koda We Love Cycling - Poland","robots":{"index":"index","follow":"follow","max-snippet":"max-snippet:-1","max-image-preview":"max-image-preview:large","max-video-preview":"max-video-preview:-1"},"canonical":"https:\/\/www.welovecycling.com\/pl\/2023\/09\/18\/koniec-vuleta-a-espana-a-co-za-tym-idzie-grand-tourow-w-tym-sezonie\/","og_locale":"pl_PL","og_type":"article","og_title":"Koniec Vuleta a Espana, a co za tym idzie - grand tour\u00f3w w tym sezonie","og_description":"Jak ameryka\u0144ski sen\u2026 Tak si\u0119 wchodzi do historii kolarstwa!\u00a0 \u2013 To jest jak sen \u2013 nie kryje Sepp Kuss, kt\u00f3ry [&hellip;]","og_url":"https:\/\/www.welovecycling.com\/pl\/2023\/09\/18\/koniec-vuleta-a-espana-a-co-za-tym-idzie-grand-tourow-w-tym-sezonie\/","og_site_name":"\u0160koda We Love Cycling - Poland","article_published_time":"2023-09-18T14:06:00+00:00","og_image":[{"width":1107,"height":741,"url":"https:\/\/d2p6e6u75xmxt8.cloudfront.net\/5\/2023\/09\/vouleta.webp","type":"image\/webp"}],"author":"rafal","twitter_card":"summary_large_image","twitter_misc":{"Written by":"Piotr Nowik","Est. reading time":"4"},"schema":{"@context":"https:\/\/schema.org","@graph":[{"@type":"WebPage","@id":"https:\/\/www.welovecycling.com\/pl\/2023\/09\/18\/koniec-vuleta-a-espana-a-co-za-tym-idzie-grand-tourow-w-tym-sezonie\/","url":"https:\/\/www.welovecycling.com\/pl\/2023\/09\/18\/koniec-vuleta-a-espana-a-co-za-tym-idzie-grand-tourow-w-tym-sezonie\/","name":"Koniec Vuleta a Espana, a co za tym idzie - grand tour\u00f3w w tym sezonie - \u0160koda We Love Cycling - Poland","isPartOf":{"@id":"https:\/\/www.welovecycling.com\/pl\/#website"},"primaryImageOfPage":{"@id":"https:\/\/www.welovecycling.com\/pl\/2023\/09\/18\/koniec-vuleta-a-espana-a-co-za-tym-idzie-grand-tourow-w-tym-sezonie\/#primaryimage"},"image":{"@id":"https:\/\/www.welovecycling.com\/pl\/2023\/09\/18\/koniec-vuleta-a-espana-a-co-za-tym-idzie-grand-tourow-w-tym-sezonie\/#primaryimage"},"thumbnailUrl":"https:\/\/d2p6e6u75xmxt8.cloudfront.net\/5\/2023\/09\/vouleta.webp","datePublished":"2023-09-18T14:06:00+00:00","author":{"@id":"https:\/\/www.welovecycling.com\/pl\/#\/schema\/person\/bf06ed916a1ef16618807fb60d2ebe42"},"breadcrumb":{"@id":"https:\/\/www.welovecycling.com\/pl\/2023\/09\/18\/koniec-vuleta-a-espana-a-co-za-tym-idzie-grand-tourow-w-tym-sezonie\/#breadcrumb"},"inLanguage":"pl-PL","potentialAction":[{"@type":"ReadAction","target":["https:\/\/www.welovecycling.com\/pl\/2023\/09\/18\/koniec-vuleta-a-espana-a-co-za-tym-idzie-grand-tourow-w-tym-sezonie\/"]}]},{"@type":"ImageObject","inLanguage":"pl-PL","@id":"https:\/\/www.welovecycling.com\/pl\/2023\/09\/18\/koniec-vuleta-a-espana-a-co-za-tym-idzie-grand-tourow-w-tym-sezonie\/#primaryimage","url":"https:\/\/d2p6e6u75xmxt8.cloudfront.net\/5\/2023\/09\/vouleta.webp","contentUrl":"https:\/\/d2p6e6u75xmxt8.cloudfront.net\/5\/2023\/09\/vouleta.webp","width":1107,"height":741},{"@type":"BreadcrumbList","@id":"https:\/\/www.welovecycling.com\/pl\/2023\/09\/18\/koniec-vuleta-a-espana-a-co-za-tym-idzie-grand-tourow-w-tym-sezonie\/#breadcrumb","itemListElement":[{"@type":"ListItem","position":1,"name":"Home","item":"https:\/\/www.welovecycling.com\/pl\/"},{"@type":"ListItem","position":2,"name":"Koniec Vuleta a Espana, a co za tym idzie &#8211; grand tour\u00f3w w tym sezonie"}]},{"@type":"WebSite","@id":"https:\/\/www.welovecycling.com\/pl\/#website","url":"https:\/\/www.welovecycling.com\/pl\/","name":"\u0160koda We Love Cycling - Poland","description":"","potentialAction":[{"@type":"SearchAction","target":{"@type":"EntryPoint","urlTemplate":"https:\/\/www.welovecycling.com\/pl\/?s={search_term_string}"},"query-input":{"@type":"PropertyValueSpecification","valueRequired":true,"valueName":"search_term_string"}}],"inLanguage":"pl-PL"},{"@type":"Person","@id":"https:\/\/www.welovecycling.com\/pl\/#\/schema\/person\/bf06ed916a1ef16618807fb60d2ebe42","name":"rafal","image":{"@type":"ImageObject","inLanguage":"pl-PL","@id":"https:\/\/www.welovecycling.com\/pl\/#\/schema\/person\/image\/","url":"https:\/\/secure.gravatar.com\/avatar\/203f240e63bee214f6f3a0dacbeb600c7829c09716c2b9ee3230c6961debcde2?s=96&d=mm&r=g","contentUrl":"https:\/\/secure.gravatar.com\/avatar\/203f240e63bee214f6f3a0dacbeb600c7829c09716c2b9ee3230c6961debcde2?s=96&d=mm&r=g","caption":"rafal"},"url":"https:\/\/www.welovecycling.com\/pl\/author\/rafal\/"}]}},"_links":{"self":[{"href":"https:\/\/www.welovecycling.com\/pl\/wp-json\/wp\/v2\/posts\/14244","targetHints":{"allow":["GET"]}}],"collection":[{"href":"https:\/\/www.welovecycling.com\/pl\/wp-json\/wp\/v2\/posts"}],"about":[{"href":"https:\/\/www.welovecycling.com\/pl\/wp-json\/wp\/v2\/types\/post"}],"author":[{"embeddable":true,"href":"https:\/\/www.welovecycling.com\/pl\/wp-json\/wp\/v2\/users\/153"}],"replies":[{"embeddable":true,"href":"https:\/\/www.welovecycling.com\/pl\/wp-json\/wp\/v2\/comments?post=14244"}],"version-history":[{"count":3,"href":"https:\/\/www.welovecycling.com\/pl\/wp-json\/wp\/v2\/posts\/14244\/revisions"}],"predecessor-version":[{"id":14248,"href":"https:\/\/www.welovecycling.com\/pl\/wp-json\/wp\/v2\/posts\/14244\/revisions\/14248"}],"wp:featuredmedia":[{"embeddable":true,"href":"https:\/\/www.welovecycling.com\/pl\/wp-json\/wp\/v2\/media\/14245"}],"wp:attachment":[{"href":"https:\/\/www.welovecycling.com\/pl\/wp-json\/wp\/v2\/media?parent=14244"}],"wp:term":[{"taxonomy":"category","embeddable":true,"href":"https:\/\/www.welovecycling.com\/pl\/wp-json\/wp\/v2\/categories?post=14244"},{"taxonomy":"post_tag","embeddable":true,"href":"https:\/\/www.welovecycling.com\/pl\/wp-json\/wp\/v2\/tags?post=14244"},{"taxonomy":"global-categories","embeddable":true,"href":"https:\/\/www.welovecycling.com\/pl\/wp-json\/wp\/v2\/global-categories?post=14244"}],"curies":[{"name":"wp","href":"https:\/\/api.w.org\/{rel}","templated":true}]}}