{"id":14226,"date":"2023-09-12T08:07:49","date_gmt":"2023-09-12T08:07:49","guid":{"rendered":"https:\/\/www.welovecycling.com\/pl\/?p=14226"},"modified":"2023-09-12T08:07:49","modified_gmt":"2023-09-12T08:07:49","slug":"wielkie-emocje-trwa-niesamowity-wyscig-z-historia","status":"publish","type":"post","link":"https:\/\/www.welovecycling.com\/pl\/2023\/09\/12\/wielkie-emocje-trwa-niesamowity-wyscig-z-historia\/","title":{"rendered":"Wielkie emocje! Trwa niesamowity wy\u015bcig z histori\u0105"},"content":{"rendered":"<p><strong>Nie do\u015b\u0107, \u017ce trzyma w napi\u0119ciu, to jeszcze serwuje zaskakuj\u0105ce rozstrzygni\u0119cia. Amerykanin Sepp Kuss niespodziewanie prowadzi w klasyfikacji generalnej Vuelta a Espa\u00f1a, ale teraz przed zawodnikami decyduj\u0105cy tydzie\u0144.<\/strong><\/p>\n<p>Sepp Kuss to nie jest pierwszoplanowa posta\u0107 \u015bwiatowego peletonu. Nigdy nie jest wymieniany w\u015br\u00f3d faworyt\u00f3w, brakuje go r\u00f3wnie\u017c w gronie czarnych koni. Po prostu zawodnik z drugiego szeregu, jakich w peletonie s\u0105 dziesi\u0105tki.<\/p>\n<p>To wszystko jednak zmieni\u0142o si\u0119 podczas tegorocznej Vuelta a Espa\u00f1a. Po pierwszych etapach prowadzili W\u0142osi, p\u00f3\u017aniej do g\u0142osu doszed\u0142 Remco Evenepoel, ale straci\u0142 prowadzenie na rzecz Lenny\u2019ego Martineza. Po \u00f3smym etapie koszulk\u0119 lidera przej\u0105\u0142 jednak Kuss, nie odda\u0142 jej przez ponad tydzie\u0144 i zapewnia, \u017ce jeszcze nie powiedzia\u0142 ostatniego s\u0142owa.<\/p>\n<div class=\"embed-controller-wrapper\">\n<blockquote class=\"twitter-tweet\" data-width=\"500\" data-dnt=\"true\">\n<p lang=\"und\" dir=\"ltr\">\ud83c\udfc6 Podio etapa 1\u20e35\u20e3 | Podium stage 1\u20e35\u20e3<\/p>\n<p>\u2764\ufe0f \ud83c\uddfa\ud83c\uddf8 <a href=\"https:\/\/twitter.com\/seppkuss?ref_src=twsrc%5Etfw\">@seppkuss<\/a> &#8211; <a href=\"https:\/\/twitter.com\/JumboVismaRoad?ref_src=twsrc%5Etfw\">@jumbovismaroad<\/a><br \/>\ud83d\udc9a \ud83c\udde6\ud83c\uddfa <a href=\"https:\/\/twitter.com\/kaden_groves?ref_src=twsrc%5Etfw\">@kaden_groves<\/a> &#8211; <a href=\"https:\/\/twitter.com\/AlpecinDCK?ref_src=twsrc%5Etfw\">@AlpecinDCK<\/a><br \/>\ud83d\udc99 \ud83c\udde7\ud83c\uddea <a href=\"https:\/\/twitter.com\/EvenepoelRemco?ref_src=twsrc%5Etfw\">@EvenepoelRemco<\/a> &#8211; <a href=\"https:\/\/twitter.com\/soudalquickstep?ref_src=twsrc%5Etfw\">@soudalquickstep<\/a><br \/>\ud83e\udd0d \ud83c\uddea\ud83c\uddf8 <a href=\"https:\/\/twitter.com\/juann_ayuso?ref_src=twsrc%5Etfw\">@juann_ayuso<\/a> &#8211; <a href=\"https:\/\/twitter.com\/TeamEmiratesUAE?ref_src=twsrc%5Etfw\">@TeamEmiratesUAE<\/a><a href=\"https:\/\/twitter.com\/hashtag\/LaVuelta23?src=hash&amp;ref_src=twsrc%5Etfw\">#LaVuelta23<\/a> <a href=\"https:\/\/t.co\/H1dsOP78Hc\">pic.twitter.com\/H1dsOP78Hc<\/a><\/p>\n<p>&mdash; La Vuelta (@lavuelta) <a href=\"https:\/\/twitter.com\/lavuelta\/status\/1700905678934528210?ref_src=twsrc%5Etfw\">September 10, 2023<\/a><\/p><\/blockquote>\n<p><script async data-src=\"https:\/\/platform.twitter.com\/widgets.js\" charset=\"utf-8\"><\/script><\/div>\n<p><strong>Wielkie trio z Jumbo Visma<\/strong><\/p>\n<p>Amerykanin odpiera\u0142 ju\u017c ataki w g\u00f3rach, na etapie p\u0142askim oraz pag\u00f3rkowatym, a tak\u017ce podczas jazdy na czas. Sytuacja jest o tyle ciekawsza, \u017ce za plecami Kussa czai si\u0119 jego dw\u00f3ch koleg\u00f3w z Jumbo Visma. Amerykanin ma bowiem minut\u0119 i trzydzie\u015bci siedem sekund przewagi nad Primo\u017cem Rogliciem oraz minut\u0119 i czterdzie\u015bci cztery sekundy nad Jonasem Vingegaardem.<\/p>\n<p>W tej sytuacji kibic\u00f3w w napi\u0119ciu trzyma tak\u017ce szefostwo holenderskiej grupy, kt\u00f3re na lider\u00f3w typowa\u0142o Roglicia i Vingegaarda, tymczasem na razie wyprzedza ich zawodnik, kt\u00f3ry mia\u0142 by\u0107 pomocnikiem bardziej utytu\u0142owanych kolarzy. Taki b\u00f3l g\u0142owy jednak mo\u017ce tylko cieszy\u0107 ca\u0142\u0105 ekip\u0119 Jumbo Visma, bo je\u015bli to ich zawodnik wygra Vuelta a Espa\u00f1a, to grupa b\u0119dzie pierwsz\u0105 w historii, kt\u00f3ra w jednym roku zgarnie wszystkie Grand Toury.<\/p>\n<p>Na razie zawodnicy Jumbo Visma mocno wspieraj\u0105 Kussa.<\/p>\n<p>\u2013 Dzi\u0119ki pomocy koleg\u00f3w z dru\u017cyny Amerykaninowi uda\u0142o si\u0119 pokona\u0107 kilka trudnych moment\u00f3w i utrzyma\u0107 prowadzenie w wy\u015bcigu \u2013 napisano w mediach spo\u0142eczno\u015bciowych Vuelta a Espa\u00f1a.<\/p>\n<div class=\"embed-controller-wrapper\">\n<blockquote class=\"twitter-tweet\" data-width=\"500\" data-dnt=\"true\">\n<p lang=\"en\" dir=\"ltr\">\u2764\ufe0f Kuss ha tenido momentos complicados durante la etapa que gracias a su equipo ha podido salvar. \u00a1Disfruta del minuto de La Roja!<\/p>\n<p>\u2764\ufe0f Thanks to help from his teammates, Kuss was able to overcome a few difficult moments to maintain his race lead. Enjoy the minute of the red\u2026 <a href=\"https:\/\/t.co\/ayk2J662Hk\">pic.twitter.com\/ayk2J662Hk<\/a><\/p>\n<p>&mdash; La Vuelta (@lavuelta) <a href=\"https:\/\/twitter.com\/lavuelta\/status\/1700909645919834580?ref_src=twsrc%5Etfw\">September 10, 2023<\/a><\/p><\/blockquote>\n<p><script async data-src=\"https:\/\/platform.twitter.com\/widgets.js\" charset=\"utf-8\"><\/script><\/div>\n<p><strong>Szampan na g\u0142owie Portugalczyka<\/strong><\/p>\n<p>Amerykanin utrzyma\u0142 prowadzenie w klasyfikacji generalnej, ale niedzielny etap pad\u0142 \u0142upem Rui Costy z Intermarche Circus Wanty. W niedziel\u0119 Portugalczyk by\u0142 najszybszy z trio, kt\u00f3re rozegra\u0142o mi\u0119dzy sob\u0105 zaci\u0119ty finisz\u2026<\/p>\n<div class=\"embed-controller-wrapper\">\n<blockquote class=\"twitter-tweet\" data-width=\"500\" data-dnt=\"true\">\n<p lang=\"en\" dir=\"ltr\">\u2b05\ufe0f Un sprint entre 3 con victoria para Rui Costa que supo elegir el momento adecuado. Revive el \u00daLTIMO KM. <\/p>\n<p>\u2b05\ufe0f A three-up sprint to the line with Costa coming through to make it count when it mattered most. Watch the final KM back. <br \/> <a href=\"https:\/\/twitter.com\/hashtag\/LaVuelta23?src=hash&amp;ref_src=twsrc%5Etfw\">#LaVuelta23<\/a> <a href=\"https:\/\/t.co\/jyh3vzFscD\">pic.twitter.com\/jyh3vzFscD<\/a><\/p>\n<p>&mdash; La Vuelta (@lavuelta) <a href=\"https:\/\/twitter.com\/lavuelta\/status\/1700895262565179574?ref_src=twsrc%5Etfw\">September 10, 2023<\/a><\/p><\/blockquote>\n<p><script async data-src=\"https:\/\/platform.twitter.com\/widgets.js\" charset=\"utf-8\"><\/script><\/div>\n<p>\u2026i na podium pola\u0142 si\u0119 szampan.<\/p>\n<div class=\"embed-controller-wrapper\">\n<blockquote class=\"twitter-tweet\" data-width=\"500\" data-dnt=\"true\">\n<p lang=\"pt\" dir=\"ltr\">\ud83c\udf7e \ud835\udc02\ud835\udc21\ud835\udc1a\ud835\udc26\ud835\udc29\ud835\udc1a\ud835\udc20\ud835\udc27\ud835\udc1e \ud835\udc12\ud835\udc21\ud835\udc28\ud835\udc30\ud835\udc1e\ud835\udc2b\ud835\udc2c \ud835\udc1f\ud835\udc28\ud835\udc2b \ud835\udc0a\ud835\udc22\ud835\udc27\ud835\udc20 \ud835\udc02\ud835\udc28\ud835\udc2c\ud835\udc2d\ud835\udc1a! \ud83c\udf7e <\/p>\n<p>Parab\u00e9ns <a href=\"https:\/\/twitter.com\/RuiCostaCyclist?ref_src=twsrc%5Etfw\">@RuiCostaCyclist<\/a>!<a href=\"https:\/\/twitter.com\/hashtag\/LaVuelta23?src=hash&amp;ref_src=twsrc%5Etfw\">#LaVuelta23<\/a> <a href=\"https:\/\/t.co\/R4EvHSwnkU\">pic.twitter.com\/R4EvHSwnkU<\/a><\/p>\n<p>&mdash; La Vuelta (@lavuelta) <a href=\"https:\/\/twitter.com\/lavuelta\/status\/1700896836188319976?ref_src=twsrc%5Etfw\">September 10, 2023<\/a><\/p><\/blockquote>\n<p><script async data-src=\"https:\/\/platform.twitter.com\/widgets.js\" charset=\"utf-8\"><\/script><\/div>\n<p>\u2013 Nigdy nie jeste\u015b pewien, jak rozegra si\u0119 dany etap. Tym razem start by\u0142 do\u015b\u0107 szybki, ale na ostatnich podjazdach tempo te\u017c by\u0142o wysokie. Cz\u0119sto tak to jednak wygl\u0105da, \u017ce przed dniem przerwy wszyscy daj\u0105 z siebie wszystko. Po tych kilku etapach ju\u017c przywyk\u0142em do bycia liderem i jest to mi\u0142e uczucie. Chcia\u0142bym zosta\u0107 na prowadzeniu ju\u017c do ko\u0144ca \u2013 podsumowa\u0142 dotychczasowe zmagania Kuss.<\/p>\n<p><strong>Emocje do ostatnich kilometr\u00f3w?<\/strong><\/p>\n<p>Teraz przed zawodnikami decyduj\u0105cy tydzie\u0144 i wiele wskazuje, \u017ce kibice na brak emocji nie b\u0119d\u0105 mogli narzeka\u0107, a najwa\u017cniejsze rozstrzygni\u0119cia mog\u0105 zapa\u015b\u0107 nawet na ostatnich kilometrach.<\/p>\n<p>Kolarzy czekaj\u0105 jeszcze dwa etapy g\u00f3rskie, dwa pag\u00f3rkowate i dwa p\u0142askie. Meta 17 wrze\u015bnia w Madrycie.<\/p>\n<p><span data-sheets-value=\"{&quot;1&quot;:2,&quot;2&quot;:&quot;Artyku\u0142 powsta\u0142 we wsp\u00f3\u0142pracy ze skoda-auto.pl&quot;}\" data-sheets-userformat=\"{&quot;2&quot;:1,&quot;3&quot;:{&quot;1&quot;:0}}\" data-sheets-hyperlink=\"http:\/\/www.skoda-auto.pl\/\"><a class=\"in-cell-link\" href=\"http:\/\/www.skoda-auto.pl\/\" target=\"_blank\" rel=\"noopener noreferrer\">Artyku\u0142 powsta\u0142 we wsp\u00f3\u0142pracy ze skoda-auto.pl<\/a><\/span><\/p>\n<p><a href=\"https:\/\/d2p6e6u75xmxt8.cloudfront.net\/5\/2030\/11\/2.webp\"><img loading=\"lazy\" decoding=\"async\" class=\"size-full wp-image-13774 aligncenter\" src=\"https:\/\/d2p6e6u75xmxt8.cloudfront.net\/5\/2030\/11\/2.webp\" alt=\"\" width=\"640\" height=\"350\" srcset=\"https:\/\/d2p6e6u75xmxt8.cloudfront.net\/5\/2030\/11\/2.webp 640w, https:\/\/d2p6e6u75xmxt8.cloudfront.net\/5\/2030\/11\/2-300x164.webp 300w, https:\/\/d2p6e6u75xmxt8.cloudfront.net\/5\/2030\/11\/2-400x219.webp 400w\" sizes=\"auto, (max-width: 640px) 100vw, 640px\" \/><\/a><\/p>\n","protected":false},"excerpt":{"rendered":"<p>Nie do\u015b\u0107, \u017ce trzyma w napi\u0119ciu, to jeszcze serwuje zaskakuj\u0105ce rozstrzygni\u0119cia. Amerykanin Sepp Kuss niespodziewanie prowadzi w klasyfikacji generalnej Vuelta [&hellip;]<\/p>\n","protected":false},"author":153,"featured_media":14227,"comment_status":"open","ping_status":"open","sticky":false,"template":"","format":"standard","meta":{"footnotes":""},"categories":[361],"tags":[176,191,404,202,82,146],"global-categories":[303],"class_list":["post-14226","post","type-post","status-publish","format-standard","has-post-thumbnail","hentry","category-vuelta-a-espana","tag-kolarstwo","tag-skoda","tag-skodapolska","tag-vuelta-a-espana","tag-welovecycling","tag-wyscig","global-categories-cycling"],"yoast_head":"<!-- This site is optimized with the Yoast SEO Premium plugin v25.3 (Yoast SEO v25.9) - https:\/\/yoast.com\/wordpress\/plugins\/seo\/ -->\n<title>Wielkie emocje! Trwa niesamowity wy\u015bcig z histori\u0105 - \u0160koda We Love Cycling - Poland<\/title>\n<meta name=\"robots\" content=\"index, follow, max-snippet:-1, max-image-preview:large, max-video-preview:-1\" \/>\n<link rel=\"canonical\" href=\"https:\/\/www.welovecycling.com\/pl\/2023\/09\/12\/wielkie-emocje-trwa-niesamowity-wyscig-z-historia\/\" \/>\n<meta property=\"og:locale\" content=\"pl_PL\" \/>\n<meta property=\"og:type\" content=\"article\" \/>\n<meta property=\"og:title\" content=\"Wielkie emocje! Trwa niesamowity wy\u015bcig z histori\u0105\" \/>\n<meta property=\"og:description\" content=\"Nie do\u015b\u0107, \u017ce trzyma w napi\u0119ciu, to jeszcze serwuje zaskakuj\u0105ce rozstrzygni\u0119cia. Amerykanin Sepp Kuss niespodziewanie prowadzi w klasyfikacji generalnej Vuelta [&hellip;]\" \/>\n<meta property=\"og:url\" content=\"https:\/\/www.welovecycling.com\/pl\/2023\/09\/12\/wielkie-emocje-trwa-niesamowity-wyscig-z-historia\/\" \/>\n<meta property=\"og:site_name\" content=\"\u0160koda We Love Cycling - Poland\" \/>\n<meta property=\"article:published_time\" content=\"2023-09-12T08:07:49+00:00\" \/>\n<meta property=\"og:image\" content=\"https:\/\/d2p6e6u75xmxt8.cloudfront.net\/5\/2023\/09\/Vuelta-a-Espana_2.webp\" \/>\n\t<meta property=\"og:image:width\" content=\"990\" \/>\n\t<meta property=\"og:image:height\" content=\"660\" \/>\n\t<meta property=\"og:image:type\" content=\"image\/webp\" \/>\n<meta name=\"author\" content=\"rafal\" \/>\n<meta name=\"twitter:card\" content=\"summary_large_image\" \/>\n<meta name=\"twitter:label1\" content=\"Written by\" \/>\n\t<meta name=\"twitter:data1\" content=\"Piotr Nowik\" \/>\n\t<meta name=\"twitter:label2\" content=\"Est. reading time\" \/>\n\t<meta name=\"twitter:data2\" content=\"5\" \/>\n<script type=\"application\/ld+json\" class=\"yoast-schema-graph\">{\"@context\":\"https:\/\/schema.org\",\"@graph\":[{\"@type\":\"WebPage\",\"@id\":\"https:\/\/www.welovecycling.com\/pl\/2023\/09\/12\/wielkie-emocje-trwa-niesamowity-wyscig-z-historia\/\",\"url\":\"https:\/\/www.welovecycling.com\/pl\/2023\/09\/12\/wielkie-emocje-trwa-niesamowity-wyscig-z-historia\/\",\"name\":\"Wielkie emocje! Trwa niesamowity wy\u015bcig z histori\u0105 - \u0160koda We Love Cycling - Poland\",\"isPartOf\":{\"@id\":\"https:\/\/www.welovecycling.com\/pl\/#website\"},\"primaryImageOfPage\":{\"@id\":\"https:\/\/www.welovecycling.com\/pl\/2023\/09\/12\/wielkie-emocje-trwa-niesamowity-wyscig-z-historia\/#primaryimage\"},\"image\":{\"@id\":\"https:\/\/www.welovecycling.com\/pl\/2023\/09\/12\/wielkie-emocje-trwa-niesamowity-wyscig-z-historia\/#primaryimage\"},\"thumbnailUrl\":\"https:\/\/d2p6e6u75xmxt8.cloudfront.net\/5\/2023\/09\/Vuelta-a-Espana_2.webp\",\"datePublished\":\"2023-09-12T08:07:49+00:00\",\"author\":{\"@id\":\"https:\/\/www.welovecycling.com\/pl\/#\/schema\/person\/bf06ed916a1ef16618807fb60d2ebe42\"},\"breadcrumb\":{\"@id\":\"https:\/\/www.welovecycling.com\/pl\/2023\/09\/12\/wielkie-emocje-trwa-niesamowity-wyscig-z-historia\/#breadcrumb\"},\"inLanguage\":\"pl-PL\",\"potentialAction\":[{\"@type\":\"ReadAction\",\"target\":[\"https:\/\/www.welovecycling.com\/pl\/2023\/09\/12\/wielkie-emocje-trwa-niesamowity-wyscig-z-historia\/\"]}]},{\"@type\":\"ImageObject\",\"inLanguage\":\"pl-PL\",\"@id\":\"https:\/\/www.welovecycling.com\/pl\/2023\/09\/12\/wielkie-emocje-trwa-niesamowity-wyscig-z-historia\/#primaryimage\",\"url\":\"https:\/\/d2p6e6u75xmxt8.cloudfront.net\/5\/2023\/09\/Vuelta-a-Espana_2.webp\",\"contentUrl\":\"https:\/\/d2p6e6u75xmxt8.cloudfront.net\/5\/2023\/09\/Vuelta-a-Espana_2.webp\",\"width\":990,\"height\":660},{\"@type\":\"BreadcrumbList\",\"@id\":\"https:\/\/www.welovecycling.com\/pl\/2023\/09\/12\/wielkie-emocje-trwa-niesamowity-wyscig-z-historia\/#breadcrumb\",\"itemListElement\":[{\"@type\":\"ListItem\",\"position\":1,\"name\":\"Home\",\"item\":\"https:\/\/www.welovecycling.com\/pl\/\"},{\"@type\":\"ListItem\",\"position\":2,\"name\":\"Wielkie emocje! Trwa niesamowity wy\u015bcig z histori\u0105\"}]},{\"@type\":\"WebSite\",\"@id\":\"https:\/\/www.welovecycling.com\/pl\/#website\",\"url\":\"https:\/\/www.welovecycling.com\/pl\/\",\"name\":\"\u0160koda We Love Cycling - Poland\",\"description\":\"\",\"potentialAction\":[{\"@type\":\"SearchAction\",\"target\":{\"@type\":\"EntryPoint\",\"urlTemplate\":\"https:\/\/www.welovecycling.com\/pl\/?s={search_term_string}\"},\"query-input\":{\"@type\":\"PropertyValueSpecification\",\"valueRequired\":true,\"valueName\":\"search_term_string\"}}],\"inLanguage\":\"pl-PL\"},{\"@type\":\"Person\",\"@id\":\"https:\/\/www.welovecycling.com\/pl\/#\/schema\/person\/bf06ed916a1ef16618807fb60d2ebe42\",\"name\":\"rafal\",\"image\":{\"@type\":\"ImageObject\",\"inLanguage\":\"pl-PL\",\"@id\":\"https:\/\/www.welovecycling.com\/pl\/#\/schema\/person\/image\/\",\"url\":\"https:\/\/secure.gravatar.com\/avatar\/203f240e63bee214f6f3a0dacbeb600c7829c09716c2b9ee3230c6961debcde2?s=96&d=mm&r=g\",\"contentUrl\":\"https:\/\/secure.gravatar.com\/avatar\/203f240e63bee214f6f3a0dacbeb600c7829c09716c2b9ee3230c6961debcde2?s=96&d=mm&r=g\",\"caption\":\"rafal\"},\"url\":\"https:\/\/www.welovecycling.com\/pl\/author\/rafal\/\"}]}<\/script>\n<!-- \/ Yoast SEO Premium plugin. -->","yoast_head_json":{"title":"Wielkie emocje! Trwa niesamowity wy\u015bcig z histori\u0105 - \u0160koda We Love Cycling - Poland","robots":{"index":"index","follow":"follow","max-snippet":"max-snippet:-1","max-image-preview":"max-image-preview:large","max-video-preview":"max-video-preview:-1"},"canonical":"https:\/\/www.welovecycling.com\/pl\/2023\/09\/12\/wielkie-emocje-trwa-niesamowity-wyscig-z-historia\/","og_locale":"pl_PL","og_type":"article","og_title":"Wielkie emocje! Trwa niesamowity wy\u015bcig z histori\u0105","og_description":"Nie do\u015b\u0107, \u017ce trzyma w napi\u0119ciu, to jeszcze serwuje zaskakuj\u0105ce rozstrzygni\u0119cia. Amerykanin Sepp Kuss niespodziewanie prowadzi w klasyfikacji generalnej Vuelta [&hellip;]","og_url":"https:\/\/www.welovecycling.com\/pl\/2023\/09\/12\/wielkie-emocje-trwa-niesamowity-wyscig-z-historia\/","og_site_name":"\u0160koda We Love Cycling - Poland","article_published_time":"2023-09-12T08:07:49+00:00","og_image":[{"width":990,"height":660,"url":"https:\/\/d2p6e6u75xmxt8.cloudfront.net\/5\/2023\/09\/Vuelta-a-Espana_2.webp","type":"image\/webp"}],"author":"rafal","twitter_card":"summary_large_image","twitter_misc":{"Written by":"Piotr Nowik","Est. reading time":"5"},"schema":{"@context":"https:\/\/schema.org","@graph":[{"@type":"WebPage","@id":"https:\/\/www.welovecycling.com\/pl\/2023\/09\/12\/wielkie-emocje-trwa-niesamowity-wyscig-z-historia\/","url":"https:\/\/www.welovecycling.com\/pl\/2023\/09\/12\/wielkie-emocje-trwa-niesamowity-wyscig-z-historia\/","name":"Wielkie emocje! Trwa niesamowity wy\u015bcig z histori\u0105 - \u0160koda We Love Cycling - Poland","isPartOf":{"@id":"https:\/\/www.welovecycling.com\/pl\/#website"},"primaryImageOfPage":{"@id":"https:\/\/www.welovecycling.com\/pl\/2023\/09\/12\/wielkie-emocje-trwa-niesamowity-wyscig-z-historia\/#primaryimage"},"image":{"@id":"https:\/\/www.welovecycling.com\/pl\/2023\/09\/12\/wielkie-emocje-trwa-niesamowity-wyscig-z-historia\/#primaryimage"},"thumbnailUrl":"https:\/\/d2p6e6u75xmxt8.cloudfront.net\/5\/2023\/09\/Vuelta-a-Espana_2.webp","datePublished":"2023-09-12T08:07:49+00:00","author":{"@id":"https:\/\/www.welovecycling.com\/pl\/#\/schema\/person\/bf06ed916a1ef16618807fb60d2ebe42"},"breadcrumb":{"@id":"https:\/\/www.welovecycling.com\/pl\/2023\/09\/12\/wielkie-emocje-trwa-niesamowity-wyscig-z-historia\/#breadcrumb"},"inLanguage":"pl-PL","potentialAction":[{"@type":"ReadAction","target":["https:\/\/www.welovecycling.com\/pl\/2023\/09\/12\/wielkie-emocje-trwa-niesamowity-wyscig-z-historia\/"]}]},{"@type":"ImageObject","inLanguage":"pl-PL","@id":"https:\/\/www.welovecycling.com\/pl\/2023\/09\/12\/wielkie-emocje-trwa-niesamowity-wyscig-z-historia\/#primaryimage","url":"https:\/\/d2p6e6u75xmxt8.cloudfront.net\/5\/2023\/09\/Vuelta-a-Espana_2.webp","contentUrl":"https:\/\/d2p6e6u75xmxt8.cloudfront.net\/5\/2023\/09\/Vuelta-a-Espana_2.webp","width":990,"height":660},{"@type":"BreadcrumbList","@id":"https:\/\/www.welovecycling.com\/pl\/2023\/09\/12\/wielkie-emocje-trwa-niesamowity-wyscig-z-historia\/#breadcrumb","itemListElement":[{"@type":"ListItem","position":1,"name":"Home","item":"https:\/\/www.welovecycling.com\/pl\/"},{"@type":"ListItem","position":2,"name":"Wielkie emocje! Trwa niesamowity wy\u015bcig z histori\u0105"}]},{"@type":"WebSite","@id":"https:\/\/www.welovecycling.com\/pl\/#website","url":"https:\/\/www.welovecycling.com\/pl\/","name":"\u0160koda We Love Cycling - Poland","description":"","potentialAction":[{"@type":"SearchAction","target":{"@type":"EntryPoint","urlTemplate":"https:\/\/www.welovecycling.com\/pl\/?s={search_term_string}"},"query-input":{"@type":"PropertyValueSpecification","valueRequired":true,"valueName":"search_term_string"}}],"inLanguage":"pl-PL"},{"@type":"Person","@id":"https:\/\/www.welovecycling.com\/pl\/#\/schema\/person\/bf06ed916a1ef16618807fb60d2ebe42","name":"rafal","image":{"@type":"ImageObject","inLanguage":"pl-PL","@id":"https:\/\/www.welovecycling.com\/pl\/#\/schema\/person\/image\/","url":"https:\/\/secure.gravatar.com\/avatar\/203f240e63bee214f6f3a0dacbeb600c7829c09716c2b9ee3230c6961debcde2?s=96&d=mm&r=g","contentUrl":"https:\/\/secure.gravatar.com\/avatar\/203f240e63bee214f6f3a0dacbeb600c7829c09716c2b9ee3230c6961debcde2?s=96&d=mm&r=g","caption":"rafal"},"url":"https:\/\/www.welovecycling.com\/pl\/author\/rafal\/"}]}},"_links":{"self":[{"href":"https:\/\/www.welovecycling.com\/pl\/wp-json\/wp\/v2\/posts\/14226","targetHints":{"allow":["GET"]}}],"collection":[{"href":"https:\/\/www.welovecycling.com\/pl\/wp-json\/wp\/v2\/posts"}],"about":[{"href":"https:\/\/www.welovecycling.com\/pl\/wp-json\/wp\/v2\/types\/post"}],"author":[{"embeddable":true,"href":"https:\/\/www.welovecycling.com\/pl\/wp-json\/wp\/v2\/users\/153"}],"replies":[{"embeddable":true,"href":"https:\/\/www.welovecycling.com\/pl\/wp-json\/wp\/v2\/comments?post=14226"}],"version-history":[{"count":1,"href":"https:\/\/www.welovecycling.com\/pl\/wp-json\/wp\/v2\/posts\/14226\/revisions"}],"predecessor-version":[{"id":14228,"href":"https:\/\/www.welovecycling.com\/pl\/wp-json\/wp\/v2\/posts\/14226\/revisions\/14228"}],"wp:featuredmedia":[{"embeddable":true,"href":"https:\/\/www.welovecycling.com\/pl\/wp-json\/wp\/v2\/media\/14227"}],"wp:attachment":[{"href":"https:\/\/www.welovecycling.com\/pl\/wp-json\/wp\/v2\/media?parent=14226"}],"wp:term":[{"taxonomy":"category","embeddable":true,"href":"https:\/\/www.welovecycling.com\/pl\/wp-json\/wp\/v2\/categories?post=14226"},{"taxonomy":"post_tag","embeddable":true,"href":"https:\/\/www.welovecycling.com\/pl\/wp-json\/wp\/v2\/tags?post=14226"},{"taxonomy":"global-categories","embeddable":true,"href":"https:\/\/www.welovecycling.com\/pl\/wp-json\/wp\/v2\/global-categories?post=14226"}],"curies":[{"name":"wp","href":"https:\/\/api.w.org\/{rel}","templated":true}]}}