{"id":1421,"date":"2016-07-16T08:43:46","date_gmt":"2016-07-16T08:43:46","guid":{"rendered":"http:\/\/skoda-rowery.pl\/?p=1421"},"modified":"2016-12-05T08:48:03","modified_gmt":"2016-12-05T08:48:03","slug":"fashionistka-alex-feechan","status":"publish","type":"post","link":"https:\/\/www.welovecycling.com\/pl\/2016\/07\/16\/fashionistka-alex-feechan\/","title":{"rendered":"Fashionistka: Alex Feechan  \u00a0"},"content":{"rendered":"<p>&nbsp;<\/p>\n<p style=\"text-align: justify\">Ju\u017c dawno min\u0119\u0142y czasy, w kt\u00f3rych uwa\u017ca\u0142o si\u0119, \u017ce na rower zak\u0142ada si\u0119 tylko jeden typ stroju, taki sam dla wszystkich. Rower jest sposobem wyra\u017cania siebie i podobnie powinno by\u0107 w przypadku sprz\u0119tu. Koniec z topornymi kaskami i \u017ale dopasowanymi topami, nowoczesny kolarz mo\u017ce zdobywa\u0107 najwy\u017cszy szczyt lub jecha\u0107 w najdzikszym wy\u015bcigu i wygl\u0105da\u0107 dobrze. Atrakcyjny rower zas\u0142uguje na atrakcyjnego rowerzyst\u0119, a styl nie musi schodzi\u0107 na drugi plan nawet wtedy, gdy jazda jest ostra. Bez zb\u0119dnych ceregieli przedstawmy oryginaln\u0105 stylistk\u0119 kolarsk\u0105, Alex Feechan.<!--more--><\/p>\n<p style=\"text-align: justify\">Kiedy trendsetterka dostrzeg\u0142a luk\u0119 na rynku, je\u015bli chodzi o elegancki sprz\u0119t rowerowy dla kobiet, postanowi\u0142a wzi\u0105\u0107 sprawy w swoje r\u0119ce. Feechan rozpocz\u0119\u0142a swoj\u0105 przygod\u0119 z projektowaniem odzie\u017cy sportowej nieco ponad rok temu, kiedy za\u0142o\u017cy\u0142a mark\u0119 FINDRA, a jej wyniki s\u0105 zadziwiaj\u0105ce. Marka FINDRA, kt\u00f3ra sama okre\u015bla si\u0119 jako \u201estylowe stroje rowerowe dla kobiet\u201d, zmienia to, co kobiety my\u015bl\u0105 i czuj\u0105, je\u015bli chodzi o ubi\u00f3r na rower. Mogli\u015bmy zobaczy\u0107 umiej\u0119tno\u015bci Alex w akcji, kiedy stworzy\u0142a na zam\u00f3wienie odzie\u017c rowerow\u0105 na nasz\u0105 aukcj\u0119 charytatywn\u0105 dla Afryki, podczas kt\u00f3rej suknia by\u0142a wystawiona na aukcj\u0119 wraz z unikalnym rowerem Cinelli, a wp\u0142ywy zasili\u0142y World Bicycle Relief &#8211; organizacj\u0119 charytatywn\u0105, kt\u00f3ra zapewnia rowery dla potrzebuj\u0105cych na ca\u0142ym kontynencie afryka\u0144skim.<\/p>\n<p style=\"text-align: justify\"><img loading=\"lazy\" decoding=\"async\" class=\"alignnone size-full wp-image-1423\" src=\"http:\/\/skoda-rowery.pl\/wp-content\/uploads\/2016\/07\/DSCF3426-600x399.jpg\" alt=\"DSCF3426-600x399\" width=\"600\" height=\"399\" srcset=\"https:\/\/d2p6e6u75xmxt8.cloudfront.net\/5\/2016\/07\/DSCF3426-600x399.jpg 600w, https:\/\/d2p6e6u75xmxt8.cloudfront.net\/5\/2016\/07\/DSCF3426-600x399-300x200.jpg 300w, https:\/\/d2p6e6u75xmxt8.cloudfront.net\/5\/2016\/07\/DSCF3426-600x399-272x182.jpg 272w\" sizes=\"auto, (max-width: 600px) 100vw, 600px\" \/><\/p>\n<p style=\"text-align: justify\">Jak sama to uj\u0119\u0142a: \u201eGdy po raz pierwszy dostrzeg\u0142am luk\u0119 na rynku, zainspirowa\u0142o mnie to, by zrobi\u0107 co\u015b lepszego.\u201d FINDRA by\u0142a dok\u0142adnie tym, na co czeka\u0142o wiele kobiet je\u017cd\u017c\u0105cych na rowerze, st\u0105d kilka nagr\u00f3d biznesowych zdobytych ju\u017c w pierwszym roku istnienia. Pytana o swoje do\u015bwiadczenia zdobyte w ci\u0105gu ostatniego roku, Alex odpowiedzia\u0142a, \u017ce by\u0142 to rollercoaster z wieloma wzlotami i upadkami. Przyzna\u0142a, \u017ce najwi\u0119kszym zaskoczeniem by\u0142 ogromny impet, z jakim marka ruszy\u0142a od samego pocz\u0105tku. A przynajmniej by\u0142o to mi\u0142ym zaskoczeniem, zwa\u017cywszy, \u017ce \u201eto niesamowite wsparcie i wiara w mark\u0119 FINDRA p\u0142yn\u0119\u0142y nie tylko ze strony klient\u00f3w, ale tak\u017ce z wewn\u0105trz bran\u017cy i spoza niej\u201d.<\/p>\n<p style=\"text-align: justify\">Pochwa\u0142y by\u0142y w pe\u0142ni zas\u0142u\u017cone. W przypadku Feechan w szczeg\u00f3lno\u015bci to w\u0142a\u015bnie jej ch\u0119\u0107, by odwa\u017cnie podj\u0105\u0107 nowe wyzwanie jest najbardziej godna podziwu.<\/p>\n<p style=\"text-align: justify\">Design marki FINDRA, prawdopodobnie czynnik szybkiego sukcesu firmy, odzwierciedla do\u015bwiadczenie Alex \u0142\u0105cz\u0105ce mod\u0119 z wyj\u0105tkow\u0105 funkcjonalno\u015bci\u0105 i trwa\u0142o\u015bci\u0105. Je\u015bli chodzi o szczeg\u00f3lne aspekty damskich akcesori\u00f3w do sport\u00f3w wyczynowych, produkty s\u0105 przyjazne dla kobiet, ale daleko im do podej\u015bcia \u201eobcis\u0142y i r\u00f3\u017cowy\u201d, kt\u00f3re dominuje w konwencjonalnej kobiecej odzie\u017cy wierzchniej. Feechan rozumie, \u017ce w je\u017adzie na rowerze chodzi o wyra\u017canie siebie, a ma to sens tylko wtedy, gdy ubranie odzwierciedla pewno\u015b\u0107 siebie, kt\u00f3r\u0105 uciele\u015bnia ten sport.<\/p>\n<p style=\"text-align: justify\">My\u015bl\u0105c o powi\u0119kszeniu firmy i rozwoju za granic\u0105, Feechan pokazuje nam, co mo\u017ce si\u0119 zdarzy\u0107, gdy po\u0142\u0105czy si\u0119 ci\u0119\u017ck\u0105 prac\u0119, wiedz\u0119 i pasj\u0119. Tworzenie niepowtarzalnego produktu, kt\u00f3ry przetrwa pr\u00f3b\u0119 czasu oznacza produkowanie czego\u015b, co stawi czo\u0142a do\u015bwiadczeniu i stale b\u0119dzie ekscytowa\u0107 u\u017cytkownik\u00f3w. S\u0105dz\u0105c po opiniach i entuzjazmie dla odzie\u017cy FINDRA jej producentom uda\u0142o si\u0119 znale\u017a\u0107 \u201eto magiczne co\u015b\u201d.<\/p>\n<p style=\"text-align: justify\">Opr\u00f3cz wspierania innych cz\u0142onk\u00f3w spo\u0142eczno\u015bci, zintegrowane podej\u015bcie Feechan do jazdy na rowerze czyni z niej wa\u017cny, wyr\u00f3\u017cniaj\u0105cy si\u0119 g\u0142os w tej dziedzinie. Projektuj\u0105c odzie\u017c, kt\u00f3ra jest bardzo funkcjonalna i uniwersalna, jej firma odzwierciedla zar\u00f3wno dost\u0119pno\u015b\u0107 kultury rowerowej, jak i fakt, \u017ce staje si\u0119 ona integraln\u0105 cz\u0119\u015bci\u0105 codziennego \u017cycia wielu ludzi. A Ty dzi\u0119ki czemu czujesz si\u0119 \u015bwietnie podczas jazdy?<\/p>\n<p style=\"text-align: justify\"><strong>\u0141\u0105czy nas kolarska pasja! \u0160koda nap\u0119dza Tour de France.<\/strong><\/p>\n<p style=\"text-align: justify\">\n<p style=\"text-align: justify\">\n","protected":false},"excerpt":{"rendered":"<p>&nbsp; Ju\u017c dawno min\u0119\u0142y czasy, w kt\u00f3rych uwa\u017ca\u0142o si\u0119, \u017ce na rower zak\u0142ada si\u0119 tylko jeden typ stroju, taki sam [&hellip;]<\/p>\n","protected":false},"author":1,"featured_media":1422,"comment_status":"open","ping_status":"closed","sticky":false,"template":"","format":"standard","meta":{"footnotes":""},"categories":[1],"tags":[77],"global-categories":[],"class_list":["post-1421","post","type-post","status-publish","format-standard","has-post-thumbnail","hentry","category-uncategorized","tag-tour-de-france"],"yoast_head":"<!-- This site is optimized with the Yoast SEO Premium plugin v25.3 (Yoast SEO v25.9) - https:\/\/yoast.com\/wordpress\/plugins\/seo\/ -->\n<title>Fashionistka: Alex Feechan \u00a0 - \u0160koda We Love Cycling - Poland<\/title>\n<meta name=\"robots\" content=\"index, follow, max-snippet:-1, max-image-preview:large, max-video-preview:-1\" \/>\n<link rel=\"canonical\" href=\"https:\/\/www.welovecycling.com\/pl\/2016\/07\/16\/fashionistka-alex-feechan\/\" \/>\n<meta property=\"og:locale\" content=\"pl_PL\" \/>\n<meta property=\"og:type\" content=\"article\" \/>\n<meta property=\"og:title\" content=\"Fashionistka: Alex Feechan \u00a0\" \/>\n<meta property=\"og:description\" content=\"&nbsp; Ju\u017c dawno min\u0119\u0142y czasy, w kt\u00f3rych uwa\u017ca\u0142o si\u0119, \u017ce na rower zak\u0142ada si\u0119 tylko jeden typ stroju, taki sam [&hellip;]\" \/>\n<meta property=\"og:url\" content=\"https:\/\/www.welovecycling.com\/pl\/2016\/07\/16\/fashionistka-alex-feechan\/\" \/>\n<meta property=\"og:site_name\" content=\"\u0160koda We Love Cycling - Poland\" \/>\n<meta property=\"article:published_time\" content=\"2016-07-16T08:43:46+00:00\" \/>\n<meta property=\"article:modified_time\" content=\"2016-12-05T08:48:03+00:00\" \/>\n<meta property=\"og:image\" content=\"https:\/\/d2p6e6u75xmxt8.cloudfront.net\/5\/2016\/07\/8494864_5959849.jpg\" \/>\n\t<meta property=\"og:image:width\" content=\"1375\" \/>\n\t<meta property=\"og:image:height\" content=\"600\" \/>\n\t<meta property=\"og:image:type\" content=\"image\/jpeg\" \/>\n<meta name=\"author\" content=\"WeLoveCycling\" \/>\n<meta name=\"twitter:card\" content=\"summary_large_image\" \/>\n<meta name=\"twitter:label1\" content=\"Written by\" \/>\n\t<meta name=\"twitter:data1\" content=\"WeLoveCycling\" \/>\n\t<meta name=\"twitter:label2\" content=\"Est. reading time\" \/>\n\t<meta name=\"twitter:data2\" content=\"3 minutes\" \/>\n<script type=\"application\/ld+json\" class=\"yoast-schema-graph\">{\"@context\":\"https:\/\/schema.org\",\"@graph\":[{\"@type\":\"WebPage\",\"@id\":\"https:\/\/www.welovecycling.com\/pl\/2016\/07\/16\/fashionistka-alex-feechan\/\",\"url\":\"https:\/\/www.welovecycling.com\/pl\/2016\/07\/16\/fashionistka-alex-feechan\/\",\"name\":\"Fashionistka: Alex Feechan \u00a0 - \u0160koda We Love Cycling - Poland\",\"isPartOf\":{\"@id\":\"https:\/\/www.welovecycling.com\/pl\/#website\"},\"primaryImageOfPage\":{\"@id\":\"https:\/\/www.welovecycling.com\/pl\/2016\/07\/16\/fashionistka-alex-feechan\/#primaryimage\"},\"image\":{\"@id\":\"https:\/\/www.welovecycling.com\/pl\/2016\/07\/16\/fashionistka-alex-feechan\/#primaryimage\"},\"thumbnailUrl\":\"https:\/\/d2p6e6u75xmxt8.cloudfront.net\/5\/2016\/07\/8494864_5959849.jpg\",\"datePublished\":\"2016-07-16T08:43:46+00:00\",\"dateModified\":\"2016-12-05T08:48:03+00:00\",\"author\":{\"@id\":\"https:\/\/www.welovecycling.com\/pl\/#\/schema\/person\/e5187c9cac8dd619ebc7b41bd73c2fd9\"},\"breadcrumb\":{\"@id\":\"https:\/\/www.welovecycling.com\/pl\/2016\/07\/16\/fashionistka-alex-feechan\/#breadcrumb\"},\"inLanguage\":\"pl-PL\",\"potentialAction\":[{\"@type\":\"ReadAction\",\"target\":[\"https:\/\/www.welovecycling.com\/pl\/2016\/07\/16\/fashionistka-alex-feechan\/\"]}]},{\"@type\":\"ImageObject\",\"inLanguage\":\"pl-PL\",\"@id\":\"https:\/\/www.welovecycling.com\/pl\/2016\/07\/16\/fashionistka-alex-feechan\/#primaryimage\",\"url\":\"https:\/\/d2p6e6u75xmxt8.cloudfront.net\/5\/2016\/07\/8494864_5959849.jpg\",\"contentUrl\":\"https:\/\/d2p6e6u75xmxt8.cloudfront.net\/5\/2016\/07\/8494864_5959849.jpg\",\"width\":1375,\"height\":600},{\"@type\":\"BreadcrumbList\",\"@id\":\"https:\/\/www.welovecycling.com\/pl\/2016\/07\/16\/fashionistka-alex-feechan\/#breadcrumb\",\"itemListElement\":[{\"@type\":\"ListItem\",\"position\":1,\"name\":\"Home\",\"item\":\"https:\/\/www.welovecycling.com\/pl\/\"},{\"@type\":\"ListItem\",\"position\":2,\"name\":\"Fashionistka: Alex Feechan \u00a0\"}]},{\"@type\":\"WebSite\",\"@id\":\"https:\/\/www.welovecycling.com\/pl\/#website\",\"url\":\"https:\/\/www.welovecycling.com\/pl\/\",\"name\":\"\u0160koda We Love Cycling - Poland\",\"description\":\"\",\"potentialAction\":[{\"@type\":\"SearchAction\",\"target\":{\"@type\":\"EntryPoint\",\"urlTemplate\":\"https:\/\/www.welovecycling.com\/pl\/?s={search_term_string}\"},\"query-input\":{\"@type\":\"PropertyValueSpecification\",\"valueRequired\":true,\"valueName\":\"search_term_string\"}}],\"inLanguage\":\"pl-PL\"},{\"@type\":\"Person\",\"@id\":\"https:\/\/www.welovecycling.com\/pl\/#\/schema\/person\/e5187c9cac8dd619ebc7b41bd73c2fd9\",\"name\":\"WeLoveCycling\",\"image\":{\"@type\":\"ImageObject\",\"inLanguage\":\"pl-PL\",\"@id\":\"https:\/\/www.welovecycling.com\/pl\/#\/schema\/person\/image\/\",\"url\":\"https:\/\/secure.gravatar.com\/avatar\/7e1ee0ecc5e294b19ef32b9f6086e0afbb9da00c3cb0d465ba4695331f4a9187?s=96&d=mm&r=g\",\"contentUrl\":\"https:\/\/secure.gravatar.com\/avatar\/7e1ee0ecc5e294b19ef32b9f6086e0afbb9da00c3cb0d465ba4695331f4a9187?s=96&d=mm&r=g\",\"caption\":\"WeLoveCycling\"},\"url\":\"https:\/\/www.welovecycling.com\/pl\/author\/lukascech\/\"}]}<\/script>\n<!-- \/ Yoast SEO Premium plugin. -->","yoast_head_json":{"title":"Fashionistka: Alex Feechan \u00a0 - \u0160koda We Love Cycling - Poland","robots":{"index":"index","follow":"follow","max-snippet":"max-snippet:-1","max-image-preview":"max-image-preview:large","max-video-preview":"max-video-preview:-1"},"canonical":"https:\/\/www.welovecycling.com\/pl\/2016\/07\/16\/fashionistka-alex-feechan\/","og_locale":"pl_PL","og_type":"article","og_title":"Fashionistka: Alex Feechan \u00a0","og_description":"&nbsp; Ju\u017c dawno min\u0119\u0142y czasy, w kt\u00f3rych uwa\u017ca\u0142o si\u0119, \u017ce na rower zak\u0142ada si\u0119 tylko jeden typ stroju, taki sam [&hellip;]","og_url":"https:\/\/www.welovecycling.com\/pl\/2016\/07\/16\/fashionistka-alex-feechan\/","og_site_name":"\u0160koda We Love Cycling - Poland","article_published_time":"2016-07-16T08:43:46+00:00","article_modified_time":"2016-12-05T08:48:03+00:00","og_image":[{"width":1375,"height":600,"url":"https:\/\/d2p6e6u75xmxt8.cloudfront.net\/5\/2016\/07\/8494864_5959849.jpg","type":"image\/jpeg"}],"author":"WeLoveCycling","twitter_card":"summary_large_image","twitter_misc":{"Written by":"WeLoveCycling","Est. reading time":"3 minutes"},"schema":{"@context":"https:\/\/schema.org","@graph":[{"@type":"WebPage","@id":"https:\/\/www.welovecycling.com\/pl\/2016\/07\/16\/fashionistka-alex-feechan\/","url":"https:\/\/www.welovecycling.com\/pl\/2016\/07\/16\/fashionistka-alex-feechan\/","name":"Fashionistka: Alex Feechan \u00a0 - \u0160koda We Love Cycling - Poland","isPartOf":{"@id":"https:\/\/www.welovecycling.com\/pl\/#website"},"primaryImageOfPage":{"@id":"https:\/\/www.welovecycling.com\/pl\/2016\/07\/16\/fashionistka-alex-feechan\/#primaryimage"},"image":{"@id":"https:\/\/www.welovecycling.com\/pl\/2016\/07\/16\/fashionistka-alex-feechan\/#primaryimage"},"thumbnailUrl":"https:\/\/d2p6e6u75xmxt8.cloudfront.net\/5\/2016\/07\/8494864_5959849.jpg","datePublished":"2016-07-16T08:43:46+00:00","dateModified":"2016-12-05T08:48:03+00:00","author":{"@id":"https:\/\/www.welovecycling.com\/pl\/#\/schema\/person\/e5187c9cac8dd619ebc7b41bd73c2fd9"},"breadcrumb":{"@id":"https:\/\/www.welovecycling.com\/pl\/2016\/07\/16\/fashionistka-alex-feechan\/#breadcrumb"},"inLanguage":"pl-PL","potentialAction":[{"@type":"ReadAction","target":["https:\/\/www.welovecycling.com\/pl\/2016\/07\/16\/fashionistka-alex-feechan\/"]}]},{"@type":"ImageObject","inLanguage":"pl-PL","@id":"https:\/\/www.welovecycling.com\/pl\/2016\/07\/16\/fashionistka-alex-feechan\/#primaryimage","url":"https:\/\/d2p6e6u75xmxt8.cloudfront.net\/5\/2016\/07\/8494864_5959849.jpg","contentUrl":"https:\/\/d2p6e6u75xmxt8.cloudfront.net\/5\/2016\/07\/8494864_5959849.jpg","width":1375,"height":600},{"@type":"BreadcrumbList","@id":"https:\/\/www.welovecycling.com\/pl\/2016\/07\/16\/fashionistka-alex-feechan\/#breadcrumb","itemListElement":[{"@type":"ListItem","position":1,"name":"Home","item":"https:\/\/www.welovecycling.com\/pl\/"},{"@type":"ListItem","position":2,"name":"Fashionistka: Alex Feechan \u00a0"}]},{"@type":"WebSite","@id":"https:\/\/www.welovecycling.com\/pl\/#website","url":"https:\/\/www.welovecycling.com\/pl\/","name":"\u0160koda We Love Cycling - Poland","description":"","potentialAction":[{"@type":"SearchAction","target":{"@type":"EntryPoint","urlTemplate":"https:\/\/www.welovecycling.com\/pl\/?s={search_term_string}"},"query-input":{"@type":"PropertyValueSpecification","valueRequired":true,"valueName":"search_term_string"}}],"inLanguage":"pl-PL"},{"@type":"Person","@id":"https:\/\/www.welovecycling.com\/pl\/#\/schema\/person\/e5187c9cac8dd619ebc7b41bd73c2fd9","name":"WeLoveCycling","image":{"@type":"ImageObject","inLanguage":"pl-PL","@id":"https:\/\/www.welovecycling.com\/pl\/#\/schema\/person\/image\/","url":"https:\/\/secure.gravatar.com\/avatar\/7e1ee0ecc5e294b19ef32b9f6086e0afbb9da00c3cb0d465ba4695331f4a9187?s=96&d=mm&r=g","contentUrl":"https:\/\/secure.gravatar.com\/avatar\/7e1ee0ecc5e294b19ef32b9f6086e0afbb9da00c3cb0d465ba4695331f4a9187?s=96&d=mm&r=g","caption":"WeLoveCycling"},"url":"https:\/\/www.welovecycling.com\/pl\/author\/lukascech\/"}]}},"_links":{"self":[{"href":"https:\/\/www.welovecycling.com\/pl\/wp-json\/wp\/v2\/posts\/1421","targetHints":{"allow":["GET"]}}],"collection":[{"href":"https:\/\/www.welovecycling.com\/pl\/wp-json\/wp\/v2\/posts"}],"about":[{"href":"https:\/\/www.welovecycling.com\/pl\/wp-json\/wp\/v2\/types\/post"}],"author":[{"embeddable":true,"href":"https:\/\/www.welovecycling.com\/pl\/wp-json\/wp\/v2\/users\/1"}],"replies":[{"embeddable":true,"href":"https:\/\/www.welovecycling.com\/pl\/wp-json\/wp\/v2\/comments?post=1421"}],"version-history":[{"count":1,"href":"https:\/\/www.welovecycling.com\/pl\/wp-json\/wp\/v2\/posts\/1421\/revisions"}],"predecessor-version":[{"id":2426,"href":"https:\/\/www.welovecycling.com\/pl\/wp-json\/wp\/v2\/posts\/1421\/revisions\/2426"}],"wp:featuredmedia":[{"embeddable":true,"href":"https:\/\/www.welovecycling.com\/pl\/wp-json\/wp\/v2\/media\/1422"}],"wp:attachment":[{"href":"https:\/\/www.welovecycling.com\/pl\/wp-json\/wp\/v2\/media?parent=1421"}],"wp:term":[{"taxonomy":"category","embeddable":true,"href":"https:\/\/www.welovecycling.com\/pl\/wp-json\/wp\/v2\/categories?post=1421"},{"taxonomy":"post_tag","embeddable":true,"href":"https:\/\/www.welovecycling.com\/pl\/wp-json\/wp\/v2\/tags?post=1421"},{"taxonomy":"global-categories","embeddable":true,"href":"https:\/\/www.welovecycling.com\/pl\/wp-json\/wp\/v2\/global-categories?post=1421"}],"curies":[{"name":"wp","href":"https:\/\/api.w.org\/{rel}","templated":true}]}}