{"id":14174,"date":"2023-08-28T07:41:33","date_gmt":"2023-08-28T07:41:33","guid":{"rendered":"https:\/\/www.welovecycling.com\/pl\/?p=14174"},"modified":"2023-08-28T07:41:33","modified_gmt":"2023-08-28T07:41:33","slug":"ostatnia-taka-uczta-dzis-startuje-vuelta-a-espana","status":"publish","type":"post","link":"https:\/\/www.welovecycling.com\/pl\/2023\/08\/28\/ostatnia-taka-uczta-dzis-startuje-vuelta-a-espana\/","title":{"rendered":"Ostatnia taka uczta. Dzi\u015b startuje Vuelta a Espa\u00f1a"},"content":{"rendered":"<p><b><span data-contrast=\"none\">Jeszcze nie opad\u0142y emocje po kapitalnym Tour de France, a kibice ju\u017c dostaj\u0105 kolejn\u0105 kolarsk\u0105 uczt\u0119. W sobot\u0119 startuje Vuelta a Espa\u00f1a, kt\u00f3ra ma szans\u0119 przej\u015b\u0107 do historii.<\/span><\/b><span data-ccp-props=\"{&quot;201341983&quot;:0,&quot;335559739&quot;:160,&quot;335559740&quot;:256}\">\u00a0<\/span><\/p>\n<p><span data-contrast=\"none\">Niby jest najm\u0142odsza z rodze\u0144stwa, ale to wcale nie znaczy, \u017ce sprawia mniej rado\u015bci i jest mniej emocjonuj\u0105ca. W tym roku odby\u0142a si\u0119 110. edycja Tour de France oraz 106. Giro d\u2019Italia, tymczasem kolarze podczas Vuelta a Espa\u00f1a pojad\u0105 po raz 78. W tym przypadku liczby nie maj\u0105 jednak wi\u0119kszego znaczenia.<\/span><span data-ccp-props=\"{&quot;134233117&quot;:false,&quot;134233118&quot;:false,&quot;201341983&quot;:0,&quot;335551550&quot;:1,&quot;335551620&quot;:1,&quot;335559685&quot;:0,&quot;335559737&quot;:0,&quot;335559738&quot;:0,&quot;335559739&quot;:160,&quot;335559740&quot;:256}\">\u00a0<\/span><\/p>\n<p><b><span data-contrast=\"none\">Historia pisze si\u0119 na naszych oczach?<\/span><\/b><span data-ccp-props=\"{&quot;201341983&quot;:0,&quot;335559739&quot;:160,&quot;335559740&quot;:256}\">\u00a0<\/span><\/p>\n<p><span data-contrast=\"none\">Vuleta a Espa\u00f1a jest pe\u0142noprawnym cz\u0142onkiem rodziny Grand Tour\u00f3w i od dawna nikt ju\u017c tego nie podwa\u017ca. Zr\u00f3\u017cnicowana trasa, organizacja na najwy\u017cszym poziomie oraz czo\u0142owi kolarze na starcie sprawiaj\u0105, \u017ce wy\u015bcig dooko\u0142a Hiszpanii sta\u0142 si\u0119 godnym zako\u0144czeniem sezonu najwi\u0119kszych zawod\u00f3w wieloetapowych.<\/span><span data-ccp-props=\"{&quot;201341983&quot;:0,&quot;335559739&quot;:160,&quot;335559740&quot;:256}\">\u00a0<\/span><\/p>\n<div class=\"embed-controller-wrapper\">\n<blockquote class=\"twitter-tweet\" data-width=\"500\" data-dnt=\"true\">\n<p lang=\"en\" dir=\"ltr\">La historia continua\u2026 \ud83d\udd25\ud83d\udcd5<\/p>\n<p>The story continues\u2026 \ud83d\udd25\ud83d\udcd5<\/p>\n<p>\ud83d\udcc6 26\/08 &#8211; 17\/09<\/p>\n<p>\u2764\ufe0f\ud83d\udd1c <a href=\"https:\/\/twitter.com\/hashtag\/LaVuelta23?src=hash&amp;ref_src=twsrc%5Etfw\">#LaVuelta23<\/a> <a href=\"https:\/\/t.co\/efWdOskGte\">pic.twitter.com\/efWdOskGte<\/a><\/p>\n<p>&mdash; La Vuelta (@lavuelta) <a href=\"https:\/\/twitter.com\/lavuelta\/status\/1691799649668005889?ref_src=twsrc%5Etfw\">August 16, 2023<\/a><\/p><\/blockquote>\n<p><script async data-src=\"https:\/\/platform.twitter.com\/widgets.js\" charset=\"utf-8\"><\/script><\/div>\n<p><span data-contrast=\"none\">Tegoroczna Vuelta a Espa\u00f1a b\u0119dzie mia\u0142a jeszcze jeden smaczek \u2013 swoj\u0105 dominacj\u0119 chc\u0105 przypiecz\u0119towa\u0107 zawodnicy Jumbo-Visma. Od pocz\u0105tku sezonu wskazywano, \u017ce b\u0119dzie to jedna z najmocniejszych ekip, a jej zawodnicy wype\u0142niaj\u0105 plan z nawi\u0105zk\u0105. Giro d\u2019Italia wygra\u0142 Primo\u017e Rogli\u0107, a Tour de France jego kolega z zespo\u0142u \u2013 Jonas Vingegaard. W Vuelta a Espa\u00f1a pojad\u0105 obaj, co jest jasnym sygna\u0142em, \u017ce Jumbo-Visma celuje w hattrick. Je\u015bli go ustrzeli, to holenderska dru\u017cyna przejdzie do historii kolarstwa jako pierwsza, kt\u00f3ra wygra\u0142a wszystkie Grand Toury w jednym roku.<\/span><span data-ccp-props=\"{&quot;201341983&quot;:0,&quot;335559739&quot;:160,&quot;335559740&quot;:256}\">\u00a0<\/span><\/p>\n<p>https:\/\/www.instagram.com\/p\/CwVxM6aM1Dh\/<\/p>\n<p><span data-contrast=\"none\">Najwi\u0119ksze szanse na zwyci\u0119stwo przypisuje si\u0119 Rogliciowi, kt\u00f3ry powoli staje si\u0119 kolarskim kr\u00f3lem Hiszpanii. S\u0142oweniec ten wy\u015bcig wygra\u0142 ju\u017c trzy razy i zapewnia, \u017ce wci\u0105\u017c nie ma do\u015b\u0107. Nie b\u0119dzie on jednak liderem zespo\u0142u, poniewa\u017c na takich samych prawach pojedzie Vingegaard.<\/span><span data-ccp-props=\"{&quot;201341983&quot;:0,&quot;335559739&quot;:160,&quot;335559740&quot;:256}\">\u00a0<\/span><\/p>\n<p><span data-contrast=\"none\">\u2013 Obaj b\u0119d\u0105 naszymi liderami. Marzeniem i celem ca\u0142ej ekipy jest to, by jeden z nich dojecha\u0142 do Madrytu w czerwonej koszulce. Z t\u0105 dru\u017cyn\u0105 jeste\u015bmy gotowi na wszystko, nie mog\u0119 doczeka\u0107 si\u0119 startu w Barcelonie z tymi o\u015bmioma kolarzami \u2013 podkre\u015bla Marc Reef, dyrektor sportowy Jumbo-Visma.<\/span><span data-ccp-props=\"{&quot;201341983&quot;:0,&quot;335559739&quot;:160,&quot;335559740&quot;:256}\">\u00a0<\/span><\/p>\n<div class=\"embed-controller-wrapper\">\n<blockquote class=\"twitter-tweet\" data-width=\"500\" data-dnt=\"true\">\n<p lang=\"en\" dir=\"ltr\">\ud83c\uddea\ud83c\uddf8 <a href=\"https:\/\/twitter.com\/hashtag\/LaVuelta23?src=hash&amp;ref_src=twsrc%5Etfw\">#LaVuelta23<\/a><\/p>\n<p>TTT training \ud83d\ude04\ud83d\udca8 <a href=\"https:\/\/t.co\/SUZIBYq3Jd\">pic.twitter.com\/SUZIBYq3Jd<\/a><\/p>\n<p>&mdash; Team Visma | Lease a Bike (@vismaleaseabike) <a href=\"https:\/\/twitter.com\/vismaleaseabike\/status\/1694711385777983778?ref_src=twsrc%5Etfw\">August 24, 2023<\/a><\/p><\/blockquote>\n<p><script async data-src=\"https:\/\/platform.twitter.com\/widgets.js\" charset=\"utf-8\"><\/script><\/div>\n<p><span data-contrast=\"none\">Swoich przedstawicieli b\u0119d\u0105 mieli r\u00f3wnie\u017c polscy kibice. Kamil Gradek pojedzie w sk\u0142adzie Bahrain \u2013 Victorious, a \u0141ukasz Owsian znalaz\u0142 si\u0119 w ekipie Arkea Samsic.<\/span><span data-ccp-props=\"{&quot;201341983&quot;:0,&quot;335559739&quot;:160,&quot;335559740&quot;:256}\">\u00a0<\/span><\/p>\n<p><b><span data-contrast=\"none\">Czasu na rozgrzewk\u0119 nie b\u0119dzie<\/span><\/b><span data-ccp-props=\"{&quot;201341983&quot;:0,&quot;335559739&quot;:160,&quot;335559740&quot;:256}\">\u00a0<\/span><\/p>\n<ol start=\"78\">\n<li><span data-contrast=\"none\"> Vuelta a Espa\u00f1a rozpoczyna si\u0119 jazd\u0105 na czas w Barcelonie. P\u00f3\u017aniej zawodnicy nie b\u0119d\u0105 mieli chwili na spokojny \u201erozjazd\u201d po p\u0142askich trasach, tylko od razu zaczn\u0105 si\u0119 etapy pag\u00f3rkowate i g\u00f3rskie. Ju\u017c we wtorek czekaj\u0105 ich pierwsze wspinaczki na trasie Suria \u2013 Andora, a pierwszy p\u0142aski etap przewidziano dopiero pod koniec pierwszego tygodnia \u015bcigania.<\/span><\/li>\n<\/ol>\n<p><span data-contrast=\"none\">Druga czas\u00f3wka zostanie rozegrana podczas 10. etapu, a zawodnicy b\u0119d\u0105 p\u0119dzili ulicami Valladolid. W ka\u017cdym z dw\u00f3ch ostatnich tygodni kolarze b\u0119d\u0105 mieli do przejechania po dwa etapy g\u00f3rskie, nie b\u0119dzie brakowa\u0142o r\u00f3wnie\u017c tras pag\u00f3rkowatych.<\/span><span data-ccp-props=\"{&quot;201341983&quot;:0,&quot;335559739&quot;:160,&quot;335559740&quot;:256}\">\u00a0<\/span><\/p>\n<p><span data-contrast=\"none\">Zako\u0144czenie wy\u015bcigu 17 wrze\u015bnia w Madrycie.<\/span><span data-ccp-props=\"{&quot;201341983&quot;:0,&quot;335559739&quot;:160,&quot;335559740&quot;:256}\">\u00a0<\/span><\/p>\n<p>https:\/\/www.instagram.com\/p\/CnPtuL5oao3\/<\/p>\n<p><span data-sheets-value=\"{&quot;1&quot;:2,&quot;2&quot;:&quot;Artyku\u0142 powsta\u0142 we wsp\u00f3\u0142pracy ze skoda-auto.pl&quot;}\" data-sheets-userformat=\"{&quot;2&quot;:1,&quot;3&quot;:{&quot;1&quot;:0}}\" data-sheets-hyperlink=\"http:\/\/www.skoda-auto.pl\/\"><a class=\"in-cell-link\" href=\"http:\/\/www.skoda-auto.pl\/\" target=\"_blank\" rel=\"noopener noreferrer\">Artyku\u0142 powsta\u0142 we wsp\u00f3\u0142pracy ze skoda-auto.pl<\/a><\/span><\/p>\n<p><a href=\"https:\/\/d2p6e6u75xmxt8.cloudfront.net\/5\/2030\/11\/3.webp\"><img loading=\"lazy\" decoding=\"async\" class=\"size-full wp-image-13776 aligncenter\" src=\"https:\/\/d2p6e6u75xmxt8.cloudfront.net\/5\/2030\/11\/3.webp\" alt=\"\" width=\"640\" height=\"350\" srcset=\"https:\/\/d2p6e6u75xmxt8.cloudfront.net\/5\/2030\/11\/3.webp 640w, https:\/\/d2p6e6u75xmxt8.cloudfront.net\/5\/2030\/11\/3-300x164.webp 300w, https:\/\/d2p6e6u75xmxt8.cloudfront.net\/5\/2030\/11\/3-400x219.webp 400w\" sizes=\"auto, (max-width: 640px) 100vw, 640px\" \/><\/a><\/p>\n","protected":false},"excerpt":{"rendered":"<p>Jeszcze nie opad\u0142y emocje po kapitalnym Tour de France, a kibice ju\u017c dostaj\u0105 kolejn\u0105 kolarsk\u0105 uczt\u0119. W sobot\u0119 startuje Vuelta [&hellip;]<\/p>\n","protected":false},"author":153,"featured_media":14175,"comment_status":"open","ping_status":"open","sticky":false,"template":"","format":"standard","meta":{"footnotes":""},"categories":[361],"tags":[176,151,191,404,202,82,146],"global-categories":[303],"class_list":["post-14174","post","type-post","status-publish","format-standard","has-post-thumbnail","hentry","category-vuelta-a-espana","tag-kolarstwo","tag-kolarstwo-szosowe","tag-skoda","tag-skodapolska","tag-vuelta-a-espana","tag-welovecycling","tag-wyscig","global-categories-cycling"],"yoast_head":"<!-- This site is optimized with the Yoast SEO Premium plugin v25.3 (Yoast SEO v25.9) - https:\/\/yoast.com\/wordpress\/plugins\/seo\/ -->\n<title>Ostatnia taka uczta. Dzi\u015b startuje Vuelta a Espa\u00f1a - \u0160koda We Love Cycling - Poland<\/title>\n<meta name=\"robots\" content=\"index, follow, max-snippet:-1, max-image-preview:large, max-video-preview:-1\" \/>\n<link rel=\"canonical\" href=\"https:\/\/www.welovecycling.com\/pl\/2023\/08\/28\/ostatnia-taka-uczta-dzis-startuje-vuelta-a-espana\/\" \/>\n<meta property=\"og:locale\" content=\"pl_PL\" \/>\n<meta property=\"og:type\" content=\"article\" \/>\n<meta property=\"og:title\" content=\"Ostatnia taka uczta. Dzi\u015b startuje Vuelta a Espa\u00f1a\" \/>\n<meta property=\"og:description\" content=\"Jeszcze nie opad\u0142y emocje po kapitalnym Tour de France, a kibice ju\u017c dostaj\u0105 kolejn\u0105 kolarsk\u0105 uczt\u0119. W sobot\u0119 startuje Vuelta [&hellip;]\" \/>\n<meta property=\"og:url\" content=\"https:\/\/www.welovecycling.com\/pl\/2023\/08\/28\/ostatnia-taka-uczta-dzis-startuje-vuelta-a-espana\/\" \/>\n<meta property=\"og:site_name\" content=\"\u0160koda We Love Cycling - Poland\" \/>\n<meta property=\"article:published_time\" content=\"2023-08-28T07:41:33+00:00\" \/>\n<meta property=\"og:image\" content=\"https:\/\/d2p6e6u75xmxt8.cloudfront.net\/5\/2023\/08\/Vuelta-a-Espana.webp\" \/>\n\t<meta property=\"og:image:width\" content=\"990\" \/>\n\t<meta property=\"og:image:height\" content=\"660\" \/>\n\t<meta property=\"og:image:type\" content=\"image\/webp\" \/>\n<meta name=\"author\" content=\"rafal\" \/>\n<meta name=\"twitter:card\" content=\"summary_large_image\" \/>\n<meta name=\"twitter:label1\" content=\"Written by\" \/>\n\t<meta name=\"twitter:data1\" content=\"Piotr Nowik\" \/>\n\t<meta name=\"twitter:label2\" content=\"Est. reading time\" \/>\n\t<meta name=\"twitter:data2\" content=\"5\" \/>\n<script type=\"application\/ld+json\" class=\"yoast-schema-graph\">{\"@context\":\"https:\/\/schema.org\",\"@graph\":[{\"@type\":\"WebPage\",\"@id\":\"https:\/\/www.welovecycling.com\/pl\/2023\/08\/28\/ostatnia-taka-uczta-dzis-startuje-vuelta-a-espana\/\",\"url\":\"https:\/\/www.welovecycling.com\/pl\/2023\/08\/28\/ostatnia-taka-uczta-dzis-startuje-vuelta-a-espana\/\",\"name\":\"Ostatnia taka uczta. Dzi\u015b startuje Vuelta a Espa\u00f1a - \u0160koda We Love Cycling - Poland\",\"isPartOf\":{\"@id\":\"https:\/\/www.welovecycling.com\/pl\/#website\"},\"primaryImageOfPage\":{\"@id\":\"https:\/\/www.welovecycling.com\/pl\/2023\/08\/28\/ostatnia-taka-uczta-dzis-startuje-vuelta-a-espana\/#primaryimage\"},\"image\":{\"@id\":\"https:\/\/www.welovecycling.com\/pl\/2023\/08\/28\/ostatnia-taka-uczta-dzis-startuje-vuelta-a-espana\/#primaryimage\"},\"thumbnailUrl\":\"https:\/\/d2p6e6u75xmxt8.cloudfront.net\/5\/2023\/08\/Vuelta-a-Espana.webp\",\"datePublished\":\"2023-08-28T07:41:33+00:00\",\"author\":{\"@id\":\"https:\/\/www.welovecycling.com\/pl\/#\/schema\/person\/bf06ed916a1ef16618807fb60d2ebe42\"},\"breadcrumb\":{\"@id\":\"https:\/\/www.welovecycling.com\/pl\/2023\/08\/28\/ostatnia-taka-uczta-dzis-startuje-vuelta-a-espana\/#breadcrumb\"},\"inLanguage\":\"pl-PL\",\"potentialAction\":[{\"@type\":\"ReadAction\",\"target\":[\"https:\/\/www.welovecycling.com\/pl\/2023\/08\/28\/ostatnia-taka-uczta-dzis-startuje-vuelta-a-espana\/\"]}]},{\"@type\":\"ImageObject\",\"inLanguage\":\"pl-PL\",\"@id\":\"https:\/\/www.welovecycling.com\/pl\/2023\/08\/28\/ostatnia-taka-uczta-dzis-startuje-vuelta-a-espana\/#primaryimage\",\"url\":\"https:\/\/d2p6e6u75xmxt8.cloudfront.net\/5\/2023\/08\/Vuelta-a-Espana.webp\",\"contentUrl\":\"https:\/\/d2p6e6u75xmxt8.cloudfront.net\/5\/2023\/08\/Vuelta-a-Espana.webp\",\"width\":990,\"height\":660},{\"@type\":\"BreadcrumbList\",\"@id\":\"https:\/\/www.welovecycling.com\/pl\/2023\/08\/28\/ostatnia-taka-uczta-dzis-startuje-vuelta-a-espana\/#breadcrumb\",\"itemListElement\":[{\"@type\":\"ListItem\",\"position\":1,\"name\":\"Home\",\"item\":\"https:\/\/www.welovecycling.com\/pl\/\"},{\"@type\":\"ListItem\",\"position\":2,\"name\":\"Ostatnia taka uczta. Dzi\u015b startuje Vuelta a Espa\u00f1a\"}]},{\"@type\":\"WebSite\",\"@id\":\"https:\/\/www.welovecycling.com\/pl\/#website\",\"url\":\"https:\/\/www.welovecycling.com\/pl\/\",\"name\":\"\u0160koda We Love Cycling - Poland\",\"description\":\"\",\"potentialAction\":[{\"@type\":\"SearchAction\",\"target\":{\"@type\":\"EntryPoint\",\"urlTemplate\":\"https:\/\/www.welovecycling.com\/pl\/?s={search_term_string}\"},\"query-input\":{\"@type\":\"PropertyValueSpecification\",\"valueRequired\":true,\"valueName\":\"search_term_string\"}}],\"inLanguage\":\"pl-PL\"},{\"@type\":\"Person\",\"@id\":\"https:\/\/www.welovecycling.com\/pl\/#\/schema\/person\/bf06ed916a1ef16618807fb60d2ebe42\",\"name\":\"rafal\",\"image\":{\"@type\":\"ImageObject\",\"inLanguage\":\"pl-PL\",\"@id\":\"https:\/\/www.welovecycling.com\/pl\/#\/schema\/person\/image\/\",\"url\":\"https:\/\/secure.gravatar.com\/avatar\/203f240e63bee214f6f3a0dacbeb600c7829c09716c2b9ee3230c6961debcde2?s=96&d=mm&r=g\",\"contentUrl\":\"https:\/\/secure.gravatar.com\/avatar\/203f240e63bee214f6f3a0dacbeb600c7829c09716c2b9ee3230c6961debcde2?s=96&d=mm&r=g\",\"caption\":\"rafal\"},\"url\":\"https:\/\/www.welovecycling.com\/pl\/author\/rafal\/\"}]}<\/script>\n<!-- \/ Yoast SEO Premium plugin. -->","yoast_head_json":{"title":"Ostatnia taka uczta. Dzi\u015b startuje Vuelta a Espa\u00f1a - \u0160koda We Love Cycling - Poland","robots":{"index":"index","follow":"follow","max-snippet":"max-snippet:-1","max-image-preview":"max-image-preview:large","max-video-preview":"max-video-preview:-1"},"canonical":"https:\/\/www.welovecycling.com\/pl\/2023\/08\/28\/ostatnia-taka-uczta-dzis-startuje-vuelta-a-espana\/","og_locale":"pl_PL","og_type":"article","og_title":"Ostatnia taka uczta. Dzi\u015b startuje Vuelta a Espa\u00f1a","og_description":"Jeszcze nie opad\u0142y emocje po kapitalnym Tour de France, a kibice ju\u017c dostaj\u0105 kolejn\u0105 kolarsk\u0105 uczt\u0119. W sobot\u0119 startuje Vuelta [&hellip;]","og_url":"https:\/\/www.welovecycling.com\/pl\/2023\/08\/28\/ostatnia-taka-uczta-dzis-startuje-vuelta-a-espana\/","og_site_name":"\u0160koda We Love Cycling - Poland","article_published_time":"2023-08-28T07:41:33+00:00","og_image":[{"width":990,"height":660,"url":"https:\/\/d2p6e6u75xmxt8.cloudfront.net\/5\/2023\/08\/Vuelta-a-Espana.webp","type":"image\/webp"}],"author":"rafal","twitter_card":"summary_large_image","twitter_misc":{"Written by":"Piotr Nowik","Est. reading time":"5"},"schema":{"@context":"https:\/\/schema.org","@graph":[{"@type":"WebPage","@id":"https:\/\/www.welovecycling.com\/pl\/2023\/08\/28\/ostatnia-taka-uczta-dzis-startuje-vuelta-a-espana\/","url":"https:\/\/www.welovecycling.com\/pl\/2023\/08\/28\/ostatnia-taka-uczta-dzis-startuje-vuelta-a-espana\/","name":"Ostatnia taka uczta. Dzi\u015b startuje Vuelta a Espa\u00f1a - \u0160koda We Love Cycling - Poland","isPartOf":{"@id":"https:\/\/www.welovecycling.com\/pl\/#website"},"primaryImageOfPage":{"@id":"https:\/\/www.welovecycling.com\/pl\/2023\/08\/28\/ostatnia-taka-uczta-dzis-startuje-vuelta-a-espana\/#primaryimage"},"image":{"@id":"https:\/\/www.welovecycling.com\/pl\/2023\/08\/28\/ostatnia-taka-uczta-dzis-startuje-vuelta-a-espana\/#primaryimage"},"thumbnailUrl":"https:\/\/d2p6e6u75xmxt8.cloudfront.net\/5\/2023\/08\/Vuelta-a-Espana.webp","datePublished":"2023-08-28T07:41:33+00:00","author":{"@id":"https:\/\/www.welovecycling.com\/pl\/#\/schema\/person\/bf06ed916a1ef16618807fb60d2ebe42"},"breadcrumb":{"@id":"https:\/\/www.welovecycling.com\/pl\/2023\/08\/28\/ostatnia-taka-uczta-dzis-startuje-vuelta-a-espana\/#breadcrumb"},"inLanguage":"pl-PL","potentialAction":[{"@type":"ReadAction","target":["https:\/\/www.welovecycling.com\/pl\/2023\/08\/28\/ostatnia-taka-uczta-dzis-startuje-vuelta-a-espana\/"]}]},{"@type":"ImageObject","inLanguage":"pl-PL","@id":"https:\/\/www.welovecycling.com\/pl\/2023\/08\/28\/ostatnia-taka-uczta-dzis-startuje-vuelta-a-espana\/#primaryimage","url":"https:\/\/d2p6e6u75xmxt8.cloudfront.net\/5\/2023\/08\/Vuelta-a-Espana.webp","contentUrl":"https:\/\/d2p6e6u75xmxt8.cloudfront.net\/5\/2023\/08\/Vuelta-a-Espana.webp","width":990,"height":660},{"@type":"BreadcrumbList","@id":"https:\/\/www.welovecycling.com\/pl\/2023\/08\/28\/ostatnia-taka-uczta-dzis-startuje-vuelta-a-espana\/#breadcrumb","itemListElement":[{"@type":"ListItem","position":1,"name":"Home","item":"https:\/\/www.welovecycling.com\/pl\/"},{"@type":"ListItem","position":2,"name":"Ostatnia taka uczta. Dzi\u015b startuje Vuelta a Espa\u00f1a"}]},{"@type":"WebSite","@id":"https:\/\/www.welovecycling.com\/pl\/#website","url":"https:\/\/www.welovecycling.com\/pl\/","name":"\u0160koda We Love Cycling - Poland","description":"","potentialAction":[{"@type":"SearchAction","target":{"@type":"EntryPoint","urlTemplate":"https:\/\/www.welovecycling.com\/pl\/?s={search_term_string}"},"query-input":{"@type":"PropertyValueSpecification","valueRequired":true,"valueName":"search_term_string"}}],"inLanguage":"pl-PL"},{"@type":"Person","@id":"https:\/\/www.welovecycling.com\/pl\/#\/schema\/person\/bf06ed916a1ef16618807fb60d2ebe42","name":"rafal","image":{"@type":"ImageObject","inLanguage":"pl-PL","@id":"https:\/\/www.welovecycling.com\/pl\/#\/schema\/person\/image\/","url":"https:\/\/secure.gravatar.com\/avatar\/203f240e63bee214f6f3a0dacbeb600c7829c09716c2b9ee3230c6961debcde2?s=96&d=mm&r=g","contentUrl":"https:\/\/secure.gravatar.com\/avatar\/203f240e63bee214f6f3a0dacbeb600c7829c09716c2b9ee3230c6961debcde2?s=96&d=mm&r=g","caption":"rafal"},"url":"https:\/\/www.welovecycling.com\/pl\/author\/rafal\/"}]}},"_links":{"self":[{"href":"https:\/\/www.welovecycling.com\/pl\/wp-json\/wp\/v2\/posts\/14174","targetHints":{"allow":["GET"]}}],"collection":[{"href":"https:\/\/www.welovecycling.com\/pl\/wp-json\/wp\/v2\/posts"}],"about":[{"href":"https:\/\/www.welovecycling.com\/pl\/wp-json\/wp\/v2\/types\/post"}],"author":[{"embeddable":true,"href":"https:\/\/www.welovecycling.com\/pl\/wp-json\/wp\/v2\/users\/153"}],"replies":[{"embeddable":true,"href":"https:\/\/www.welovecycling.com\/pl\/wp-json\/wp\/v2\/comments?post=14174"}],"version-history":[{"count":1,"href":"https:\/\/www.welovecycling.com\/pl\/wp-json\/wp\/v2\/posts\/14174\/revisions"}],"predecessor-version":[{"id":14176,"href":"https:\/\/www.welovecycling.com\/pl\/wp-json\/wp\/v2\/posts\/14174\/revisions\/14176"}],"wp:featuredmedia":[{"embeddable":true,"href":"https:\/\/www.welovecycling.com\/pl\/wp-json\/wp\/v2\/media\/14175"}],"wp:attachment":[{"href":"https:\/\/www.welovecycling.com\/pl\/wp-json\/wp\/v2\/media?parent=14174"}],"wp:term":[{"taxonomy":"category","embeddable":true,"href":"https:\/\/www.welovecycling.com\/pl\/wp-json\/wp\/v2\/categories?post=14174"},{"taxonomy":"post_tag","embeddable":true,"href":"https:\/\/www.welovecycling.com\/pl\/wp-json\/wp\/v2\/tags?post=14174"},{"taxonomy":"global-categories","embeddable":true,"href":"https:\/\/www.welovecycling.com\/pl\/wp-json\/wp\/v2\/global-categories?post=14174"}],"curies":[{"name":"wp","href":"https:\/\/api.w.org\/{rel}","templated":true}]}}