{"id":1416,"date":"2016-07-15T14:40:01","date_gmt":"2016-07-15T14:40:01","guid":{"rendered":"http:\/\/skoda-rowery.pl\/?p=1416"},"modified":"2016-12-05T08:48:13","modified_gmt":"2016-12-05T08:48:13","slug":"kolarz-torowy-pavel-kelemen-w-rio-dam-z-siebie-wszystko","status":"publish","type":"post","link":"https:\/\/www.welovecycling.com\/pl\/2016\/07\/15\/kolarz-torowy-pavel-kelemen-w-rio-dam-z-siebie-wszystko\/","title":{"rendered":"Kolarz torowy Pavel Kelemen: W Rio dam z siebie wszystko"},"content":{"rendered":"<p>&nbsp;<\/p>\n<p style=\"text-align: justify\">Si\u0142ownia i trening na torze rano, jazda po szosie popo\u0142udniu. Tak wygl\u0105da standardowy dzie\u0144 czeskiego kolarza sprintera, Pavela Kelemena (lat 25). Cz\u0142onek kadry olimpijskiej z Londynu czerpie z kolarstwa prawdziw\u0105 rado\u015b\u0107. \u201eW to trzeba by\u0107 zaanga\u017cowanym ca\u0142ym sercem\u201d \u2013 tak opisuje \u017cycie wyczynowego kolarza torowego.<!--more--><\/p>\n<p style=\"text-align: justify\">\n<p style=\"text-align: justify\">B\u0119d\u0105c zawodowym sportowcem, ma mo\u017cliwo\u015b\u0107 podr\u00f3\u017cowania i odwiedzania ciekawych miejsc, kt\u00f3rych najprawdopodobniej nigdy by nie zobaczy\u0142, gdyby jego kariera potoczy\u0142a si\u0119 inaczej. \u201eGdy by\u0142em bardzo m\u0142ody, musia\u0142em trenowa\u0107 naprawd\u0119 ci\u0119\u017cko, podczas gdy moi r\u00f3wie\u015bnicy wykorzystywali wolny czas na zabaw\u0119, ale niczego nie \u017ca\u0142uj\u0119\u201d, wyznaje Pavel.<\/p>\n<p style=\"text-align: justify\">Pocz\u0105tki pami\u0119ta jak przez mg\u0142\u0119, g\u0142\u00f3wnie dlatego, \u017ce z roweru niemal nie schodzi odk\u0105d sko\u0144czy\u0142 cztery lata. Najstarsze wspomnienia nabieraj\u0105 nieco wyra\u017aniejszych kszta\u0142t\u00f3w z ka\u017cd\u0105 wizyt\u0105 na oddziale chirurgicznym szpitala, gdzie w jego najm\u0142odszych latach zszywano mu podbr\u00f3dek po kolejnej nieplanowanej kolizji.<\/p>\n<p style=\"text-align: justify\">Tylko nieliczni wiedz\u0105, \u017ce Kelemen zaczyna\u0142 karier\u0119 sportow\u0105 je\u017cd\u017c\u0105c na rowerach BMX. \u201eWed\u0142ug mnie, BMX to dla dzieci absolutnie najlepszy mo\u017cliwy spos\u00f3b na wej\u015bcie w \u015bwiat kolarstwa, bowiem znakomicie umo\u017cliwia poznanie tajnik\u00f3w kierowania rowerem. Zar\u00f3wno sprint, jak i keirin to dyscypliny kontaktowe, przy uprawianiu kt\u00f3rych przydaj\u0105 si\u0119 silne \u0142okcie, a u\u017cywania ich najlepiej nauczy\u0107 si\u0119 w\u0142a\u015bnie je\u017cd\u017c\u0105c BMXem\u201d, twierdzi Pavel.<\/p>\n<p style=\"text-align: justify\">Zapytany o to, jakie s\u0105 wed\u0142ug niego najwa\u017cniejsze r\u00f3\u017cnice mi\u0119dzy rowerami do kolarstwa wieloetapowego a jego specjalnym modelem torowym, wskazuje na ram\u0119, kt\u00f3ra musi pe\u0142ni\u0107 bardzo wyspecjalizowane funkcje, k\u0142ad\u0105c nacisk na sztywno\u015b\u0107 i mas\u0119. W przeciwie\u0144stwie do rower\u00f3w szosowych, model torowy charakteryzuje si\u0119 bezpo\u015brednim przeniesieniem nap\u0119du, dlatego te\u017c posiada tylko jedno prze\u0142o\u017cenie oraz pozbawiony jest ko\u0142a wolnego, jak i hamulc\u00f3w.<\/p>\n<p style=\"text-align: justify\"><img loading=\"lazy\" decoding=\"async\" class=\"alignnone size-large wp-image-1419\" src=\"http:\/\/skoda-rowery.pl\/wp-content\/uploads\/2016\/07\/profimedia-0262984699-1024x682.jpg\" alt=\"Radsport - Bahn EM Grenchen 2015\" width=\"1024\" height=\"682\" srcset=\"https:\/\/d2p6e6u75xmxt8.cloudfront.net\/5\/2016\/07\/profimedia-0262984699-1024x682.jpg 1024w, https:\/\/d2p6e6u75xmxt8.cloudfront.net\/5\/2016\/07\/profimedia-0262984699-300x200.jpg 300w, https:\/\/d2p6e6u75xmxt8.cloudfront.net\/5\/2016\/07\/profimedia-0262984699-768x512.jpg 768w, https:\/\/d2p6e6u75xmxt8.cloudfront.net\/5\/2016\/07\/profimedia-0262984699-272x182.jpg 272w, https:\/\/d2p6e6u75xmxt8.cloudfront.net\/5\/2016\/07\/profimedia-0262984699.jpg 1250w\" sizes=\"auto, (max-width: 1024px) 100vw, 1024px\" \/><\/p>\n<p style=\"text-align: justify\">W por\u00f3wnaniu z kolarzem \u015bcigaj\u0105cym si\u0119 w zawodach wieloetapowych, od kolarza torowego wymaga si\u0119 zaanga\u017cowania jego pe\u0142nej mocy w bardzo kr\u00f3tkim czasie, kt\u00f3ry zazwyczaj liczy si\u0119 w sekundach, podczas gdy uczestnicy Tour de France musz\u0105 nauczy\u0107 si\u0119 odpowiednio gospodarowa\u0107 w\u0142asnymi si\u0142ami, rozdzielaj\u0105c je na znacznie d\u0142u\u017cszy okres. \u201eAnalogia do lekkoatletyki narzuca si\u0119 sama \u2013 sprinterzy biegaj\u0105cy na 100 m nie s\u0105 najlepszymi marato\u0144czykami, i odwrotnie\u201d, twierdzi Pavel. Jak ka\u017cdy profesjonalny sportowiec, kolarz torowy nie tylko musi by\u0107 odpowiednio utalentowany, lecz potrzebuje tak\u017ce olbrzymich ilo\u015bci energii i mozolnie wy\u0107wiczonej dynamiki.<\/p>\n<p style=\"text-align: justify\">W roku 2011, na Mistrzostwach Europy w Apeldoorn, Kelemen wraz ze \u0160pi\u010dk\u0105 i Filipem Ditzelem zaj\u0119li \u00f3sme miejsce w sprincie dru\u017cynowym. Rok p\u00f3\u017aniej, od czeskiej federacji kolarskiej otrzyma\u0142 powo\u0142anie do kadry olimpijskiej na letnie igrzyska w Londynie, gdzie startowa\u0142 w sprincie m\u0119\u017cczyzn. W tym roku podejmie si\u0119 kolejnego sportowego wyzwania na olimpiadzie w Rio. To g\u0142\u00f3wnie dzi\u0119ki niemu czeska reprezentacja wywalczy\u0142a awans do turnieju. \u201eDam z siebie wszystko. Tak, jak w Londynie\u201d, obiecuje.<\/p>\n<p style=\"text-align: justify\"><strong>Z ka\u017cdym, kto daje z siebie wszystko na rowerze \u0142\u0105czy nas kolarska pasja. \u0160koda nap\u0119dza rowery.<\/strong><\/p>\n","protected":false},"excerpt":{"rendered":"<p>&nbsp; Si\u0142ownia i trening na torze rano, jazda po szosie popo\u0142udniu. Tak wygl\u0105da standardowy dzie\u0144 czeskiego kolarza sprintera, Pavela Kelemena [&hellip;]<\/p>\n","protected":false},"author":1,"featured_media":1417,"comment_status":"open","ping_status":"closed","sticky":false,"template":"","format":"standard","meta":{"footnotes":""},"categories":[1],"tags":[77],"global-categories":[],"class_list":["post-1416","post","type-post","status-publish","format-standard","has-post-thumbnail","hentry","category-uncategorized","tag-tour-de-france"],"yoast_head":"<!-- This site is optimized with the Yoast SEO Premium plugin v25.3 (Yoast SEO v25.9) - https:\/\/yoast.com\/wordpress\/plugins\/seo\/ -->\n<title>Kolarz torowy Pavel Kelemen: W Rio dam z siebie wszystko - \u0160koda We Love Cycling - Poland<\/title>\n<meta name=\"robots\" content=\"index, follow, max-snippet:-1, max-image-preview:large, max-video-preview:-1\" \/>\n<link rel=\"canonical\" href=\"https:\/\/www.welovecycling.com\/pl\/2016\/07\/15\/kolarz-torowy-pavel-kelemen-w-rio-dam-z-siebie-wszystko\/\" \/>\n<meta property=\"og:locale\" content=\"pl_PL\" \/>\n<meta property=\"og:type\" content=\"article\" \/>\n<meta property=\"og:title\" content=\"Kolarz torowy Pavel Kelemen: W Rio dam z siebie wszystko\" \/>\n<meta property=\"og:description\" content=\"&nbsp; Si\u0142ownia i trening na torze rano, jazda po szosie popo\u0142udniu. Tak wygl\u0105da standardowy dzie\u0144 czeskiego kolarza sprintera, Pavela Kelemena [&hellip;]\" \/>\n<meta property=\"og:url\" content=\"https:\/\/www.welovecycling.com\/pl\/2016\/07\/15\/kolarz-torowy-pavel-kelemen-w-rio-dam-z-siebie-wszystko\/\" \/>\n<meta property=\"og:site_name\" content=\"\u0160koda We Love Cycling - Poland\" \/>\n<meta property=\"article:published_time\" content=\"2016-07-15T14:40:01+00:00\" \/>\n<meta property=\"article:modified_time\" content=\"2016-12-05T08:48:13+00:00\" \/>\n<meta property=\"og:image\" content=\"https:\/\/d2p6e6u75xmxt8.cloudfront.net\/5\/2016\/07\/profimedia-0262984988.jpg\" \/>\n\t<meta property=\"og:image:width\" content=\"1800\" \/>\n\t<meta property=\"og:image:height\" content=\"1230\" \/>\n\t<meta property=\"og:image:type\" content=\"image\/jpeg\" \/>\n<meta name=\"author\" content=\"WeLoveCycling\" \/>\n<meta name=\"twitter:card\" content=\"summary_large_image\" \/>\n<meta name=\"twitter:label1\" content=\"Written by\" \/>\n\t<meta name=\"twitter:data1\" content=\"WeLoveCycling\" \/>\n\t<meta name=\"twitter:label2\" content=\"Est. reading time\" \/>\n\t<meta name=\"twitter:data2\" content=\"3 minutes\" \/>\n<script type=\"application\/ld+json\" class=\"yoast-schema-graph\">{\"@context\":\"https:\/\/schema.org\",\"@graph\":[{\"@type\":\"WebPage\",\"@id\":\"https:\/\/www.welovecycling.com\/pl\/2016\/07\/15\/kolarz-torowy-pavel-kelemen-w-rio-dam-z-siebie-wszystko\/\",\"url\":\"https:\/\/www.welovecycling.com\/pl\/2016\/07\/15\/kolarz-torowy-pavel-kelemen-w-rio-dam-z-siebie-wszystko\/\",\"name\":\"Kolarz torowy Pavel Kelemen: W Rio dam z siebie wszystko - \u0160koda We Love Cycling - Poland\",\"isPartOf\":{\"@id\":\"https:\/\/www.welovecycling.com\/pl\/#website\"},\"primaryImageOfPage\":{\"@id\":\"https:\/\/www.welovecycling.com\/pl\/2016\/07\/15\/kolarz-torowy-pavel-kelemen-w-rio-dam-z-siebie-wszystko\/#primaryimage\"},\"image\":{\"@id\":\"https:\/\/www.welovecycling.com\/pl\/2016\/07\/15\/kolarz-torowy-pavel-kelemen-w-rio-dam-z-siebie-wszystko\/#primaryimage\"},\"thumbnailUrl\":\"https:\/\/d2p6e6u75xmxt8.cloudfront.net\/5\/2016\/07\/profimedia-0262984988.jpg\",\"datePublished\":\"2016-07-15T14:40:01+00:00\",\"dateModified\":\"2016-12-05T08:48:13+00:00\",\"author\":{\"@id\":\"https:\/\/www.welovecycling.com\/pl\/#\/schema\/person\/e5187c9cac8dd619ebc7b41bd73c2fd9\"},\"breadcrumb\":{\"@id\":\"https:\/\/www.welovecycling.com\/pl\/2016\/07\/15\/kolarz-torowy-pavel-kelemen-w-rio-dam-z-siebie-wszystko\/#breadcrumb\"},\"inLanguage\":\"pl-PL\",\"potentialAction\":[{\"@type\":\"ReadAction\",\"target\":[\"https:\/\/www.welovecycling.com\/pl\/2016\/07\/15\/kolarz-torowy-pavel-kelemen-w-rio-dam-z-siebie-wszystko\/\"]}]},{\"@type\":\"ImageObject\",\"inLanguage\":\"pl-PL\",\"@id\":\"https:\/\/www.welovecycling.com\/pl\/2016\/07\/15\/kolarz-torowy-pavel-kelemen-w-rio-dam-z-siebie-wszystko\/#primaryimage\",\"url\":\"https:\/\/d2p6e6u75xmxt8.cloudfront.net\/5\/2016\/07\/profimedia-0262984988.jpg\",\"contentUrl\":\"https:\/\/d2p6e6u75xmxt8.cloudfront.net\/5\/2016\/07\/profimedia-0262984988.jpg\",\"width\":1800,\"height\":1230,\"caption\":\"Czech Republic's Pavel Kelemen, left, competes in the Men's Keirin final during the UCI European Track Cycling Championships in Grenchen, Switzerland, 18 October 2015., Image: 262984988, License: Rights-managed, Restrictions: , Model Release: no, Credit line: Profimedia, TEMP EPA\"},{\"@type\":\"BreadcrumbList\",\"@id\":\"https:\/\/www.welovecycling.com\/pl\/2016\/07\/15\/kolarz-torowy-pavel-kelemen-w-rio-dam-z-siebie-wszystko\/#breadcrumb\",\"itemListElement\":[{\"@type\":\"ListItem\",\"position\":1,\"name\":\"Home\",\"item\":\"https:\/\/www.welovecycling.com\/pl\/\"},{\"@type\":\"ListItem\",\"position\":2,\"name\":\"Kolarz torowy Pavel Kelemen: W Rio dam z siebie wszystko\"}]},{\"@type\":\"WebSite\",\"@id\":\"https:\/\/www.welovecycling.com\/pl\/#website\",\"url\":\"https:\/\/www.welovecycling.com\/pl\/\",\"name\":\"\u0160koda We Love Cycling - Poland\",\"description\":\"\",\"potentialAction\":[{\"@type\":\"SearchAction\",\"target\":{\"@type\":\"EntryPoint\",\"urlTemplate\":\"https:\/\/www.welovecycling.com\/pl\/?s={search_term_string}\"},\"query-input\":{\"@type\":\"PropertyValueSpecification\",\"valueRequired\":true,\"valueName\":\"search_term_string\"}}],\"inLanguage\":\"pl-PL\"},{\"@type\":\"Person\",\"@id\":\"https:\/\/www.welovecycling.com\/pl\/#\/schema\/person\/e5187c9cac8dd619ebc7b41bd73c2fd9\",\"name\":\"WeLoveCycling\",\"image\":{\"@type\":\"ImageObject\",\"inLanguage\":\"pl-PL\",\"@id\":\"https:\/\/www.welovecycling.com\/pl\/#\/schema\/person\/image\/\",\"url\":\"https:\/\/secure.gravatar.com\/avatar\/7e1ee0ecc5e294b19ef32b9f6086e0afbb9da00c3cb0d465ba4695331f4a9187?s=96&d=mm&r=g\",\"contentUrl\":\"https:\/\/secure.gravatar.com\/avatar\/7e1ee0ecc5e294b19ef32b9f6086e0afbb9da00c3cb0d465ba4695331f4a9187?s=96&d=mm&r=g\",\"caption\":\"WeLoveCycling\"},\"url\":\"https:\/\/www.welovecycling.com\/pl\/author\/lukascech\/\"}]}<\/script>\n<!-- \/ Yoast SEO Premium plugin. -->","yoast_head_json":{"title":"Kolarz torowy Pavel Kelemen: W Rio dam z siebie wszystko - \u0160koda We Love Cycling - Poland","robots":{"index":"index","follow":"follow","max-snippet":"max-snippet:-1","max-image-preview":"max-image-preview:large","max-video-preview":"max-video-preview:-1"},"canonical":"https:\/\/www.welovecycling.com\/pl\/2016\/07\/15\/kolarz-torowy-pavel-kelemen-w-rio-dam-z-siebie-wszystko\/","og_locale":"pl_PL","og_type":"article","og_title":"Kolarz torowy Pavel Kelemen: W Rio dam z siebie wszystko","og_description":"&nbsp; Si\u0142ownia i trening na torze rano, jazda po szosie popo\u0142udniu. Tak wygl\u0105da standardowy dzie\u0144 czeskiego kolarza sprintera, Pavela Kelemena [&hellip;]","og_url":"https:\/\/www.welovecycling.com\/pl\/2016\/07\/15\/kolarz-torowy-pavel-kelemen-w-rio-dam-z-siebie-wszystko\/","og_site_name":"\u0160koda We Love Cycling - Poland","article_published_time":"2016-07-15T14:40:01+00:00","article_modified_time":"2016-12-05T08:48:13+00:00","og_image":[{"width":1800,"height":1230,"url":"https:\/\/d2p6e6u75xmxt8.cloudfront.net\/5\/2016\/07\/profimedia-0262984988.jpg","type":"image\/jpeg"}],"author":"WeLoveCycling","twitter_card":"summary_large_image","twitter_misc":{"Written by":"WeLoveCycling","Est. reading time":"3 minutes"},"schema":{"@context":"https:\/\/schema.org","@graph":[{"@type":"WebPage","@id":"https:\/\/www.welovecycling.com\/pl\/2016\/07\/15\/kolarz-torowy-pavel-kelemen-w-rio-dam-z-siebie-wszystko\/","url":"https:\/\/www.welovecycling.com\/pl\/2016\/07\/15\/kolarz-torowy-pavel-kelemen-w-rio-dam-z-siebie-wszystko\/","name":"Kolarz torowy Pavel Kelemen: W Rio dam z siebie wszystko - \u0160koda We Love Cycling - Poland","isPartOf":{"@id":"https:\/\/www.welovecycling.com\/pl\/#website"},"primaryImageOfPage":{"@id":"https:\/\/www.welovecycling.com\/pl\/2016\/07\/15\/kolarz-torowy-pavel-kelemen-w-rio-dam-z-siebie-wszystko\/#primaryimage"},"image":{"@id":"https:\/\/www.welovecycling.com\/pl\/2016\/07\/15\/kolarz-torowy-pavel-kelemen-w-rio-dam-z-siebie-wszystko\/#primaryimage"},"thumbnailUrl":"https:\/\/d2p6e6u75xmxt8.cloudfront.net\/5\/2016\/07\/profimedia-0262984988.jpg","datePublished":"2016-07-15T14:40:01+00:00","dateModified":"2016-12-05T08:48:13+00:00","author":{"@id":"https:\/\/www.welovecycling.com\/pl\/#\/schema\/person\/e5187c9cac8dd619ebc7b41bd73c2fd9"},"breadcrumb":{"@id":"https:\/\/www.welovecycling.com\/pl\/2016\/07\/15\/kolarz-torowy-pavel-kelemen-w-rio-dam-z-siebie-wszystko\/#breadcrumb"},"inLanguage":"pl-PL","potentialAction":[{"@type":"ReadAction","target":["https:\/\/www.welovecycling.com\/pl\/2016\/07\/15\/kolarz-torowy-pavel-kelemen-w-rio-dam-z-siebie-wszystko\/"]}]},{"@type":"ImageObject","inLanguage":"pl-PL","@id":"https:\/\/www.welovecycling.com\/pl\/2016\/07\/15\/kolarz-torowy-pavel-kelemen-w-rio-dam-z-siebie-wszystko\/#primaryimage","url":"https:\/\/d2p6e6u75xmxt8.cloudfront.net\/5\/2016\/07\/profimedia-0262984988.jpg","contentUrl":"https:\/\/d2p6e6u75xmxt8.cloudfront.net\/5\/2016\/07\/profimedia-0262984988.jpg","width":1800,"height":1230,"caption":"Czech Republic's Pavel Kelemen, left, competes in the Men's Keirin final during the UCI European Track Cycling Championships in Grenchen, Switzerland, 18 October 2015., Image: 262984988, License: Rights-managed, Restrictions: , Model Release: no, Credit line: Profimedia, TEMP EPA"},{"@type":"BreadcrumbList","@id":"https:\/\/www.welovecycling.com\/pl\/2016\/07\/15\/kolarz-torowy-pavel-kelemen-w-rio-dam-z-siebie-wszystko\/#breadcrumb","itemListElement":[{"@type":"ListItem","position":1,"name":"Home","item":"https:\/\/www.welovecycling.com\/pl\/"},{"@type":"ListItem","position":2,"name":"Kolarz torowy Pavel Kelemen: W Rio dam z siebie wszystko"}]},{"@type":"WebSite","@id":"https:\/\/www.welovecycling.com\/pl\/#website","url":"https:\/\/www.welovecycling.com\/pl\/","name":"\u0160koda We Love Cycling - Poland","description":"","potentialAction":[{"@type":"SearchAction","target":{"@type":"EntryPoint","urlTemplate":"https:\/\/www.welovecycling.com\/pl\/?s={search_term_string}"},"query-input":{"@type":"PropertyValueSpecification","valueRequired":true,"valueName":"search_term_string"}}],"inLanguage":"pl-PL"},{"@type":"Person","@id":"https:\/\/www.welovecycling.com\/pl\/#\/schema\/person\/e5187c9cac8dd619ebc7b41bd73c2fd9","name":"WeLoveCycling","image":{"@type":"ImageObject","inLanguage":"pl-PL","@id":"https:\/\/www.welovecycling.com\/pl\/#\/schema\/person\/image\/","url":"https:\/\/secure.gravatar.com\/avatar\/7e1ee0ecc5e294b19ef32b9f6086e0afbb9da00c3cb0d465ba4695331f4a9187?s=96&d=mm&r=g","contentUrl":"https:\/\/secure.gravatar.com\/avatar\/7e1ee0ecc5e294b19ef32b9f6086e0afbb9da00c3cb0d465ba4695331f4a9187?s=96&d=mm&r=g","caption":"WeLoveCycling"},"url":"https:\/\/www.welovecycling.com\/pl\/author\/lukascech\/"}]}},"_links":{"self":[{"href":"https:\/\/www.welovecycling.com\/pl\/wp-json\/wp\/v2\/posts\/1416","targetHints":{"allow":["GET"]}}],"collection":[{"href":"https:\/\/www.welovecycling.com\/pl\/wp-json\/wp\/v2\/posts"}],"about":[{"href":"https:\/\/www.welovecycling.com\/pl\/wp-json\/wp\/v2\/types\/post"}],"author":[{"embeddable":true,"href":"https:\/\/www.welovecycling.com\/pl\/wp-json\/wp\/v2\/users\/1"}],"replies":[{"embeddable":true,"href":"https:\/\/www.welovecycling.com\/pl\/wp-json\/wp\/v2\/comments?post=1416"}],"version-history":[{"count":1,"href":"https:\/\/www.welovecycling.com\/pl\/wp-json\/wp\/v2\/posts\/1416\/revisions"}],"predecessor-version":[{"id":2428,"href":"https:\/\/www.welovecycling.com\/pl\/wp-json\/wp\/v2\/posts\/1416\/revisions\/2428"}],"wp:featuredmedia":[{"embeddable":true,"href":"https:\/\/www.welovecycling.com\/pl\/wp-json\/wp\/v2\/media\/1417"}],"wp:attachment":[{"href":"https:\/\/www.welovecycling.com\/pl\/wp-json\/wp\/v2\/media?parent=1416"}],"wp:term":[{"taxonomy":"category","embeddable":true,"href":"https:\/\/www.welovecycling.com\/pl\/wp-json\/wp\/v2\/categories?post=1416"},{"taxonomy":"post_tag","embeddable":true,"href":"https:\/\/www.welovecycling.com\/pl\/wp-json\/wp\/v2\/tags?post=1416"},{"taxonomy":"global-categories","embeddable":true,"href":"https:\/\/www.welovecycling.com\/pl\/wp-json\/wp\/v2\/global-categories?post=1416"}],"curies":[{"name":"wp","href":"https:\/\/api.w.org\/{rel}","templated":true}]}}