{"id":14117,"date":"2023-08-17T08:06:55","date_gmt":"2023-08-17T08:06:55","guid":{"rendered":"https:\/\/www.welovecycling.com\/pl\/?p=14117"},"modified":"2023-08-17T08:06:55","modified_gmt":"2023-08-17T08:06:55","slug":"tour-de-france-2023-wczoraj-wyscig-dzis-legenda","status":"publish","type":"post","link":"https:\/\/www.welovecycling.com\/pl\/2023\/08\/17\/tour-de-france-2023-wczoraj-wyscig-dzis-legenda\/","title":{"rendered":"Tour de France 2023: wczoraj wy\u015bcig, dzi\u015b \u2013 legenda"},"content":{"rendered":"<p><b><span data-contrast=\"auto\">Moim ulubionym momentem tego niezwyk\u0142ego wy\u015bcigu, kt\u00f3ry mia\u0142 wi\u0119cej niezapomnianych chwil ni\u017c niejeden miesi\u0105c miodowy, by\u0142a reakcja Mateja Mohori\u010da na zwyci\u0119stwo na 19. etapie i jego pe\u0142en emocji wywiad. Mohori\u010d \u015bciga si\u0119 w ekipie Bahrain Victorious, kt\u00f3ra wystartowa\u0142a w Tour de France w cieniu \u015bmierci swojego cz\u0142onka, popularnego kolarza Gino M\u00e4dera, w Tour de Suisse. Zesp\u00f3\u0142 odda\u0142 mu ho\u0142d, wygrywaj\u0105c trzy etapy \u2013 w jednym z nich triumfowa\u0142 sympatyczny 28-letni S\u0142oweniec.<\/span><\/b><span data-ccp-props=\"{&quot;134233117&quot;:true,&quot;134233118&quot;:true,&quot;201341983&quot;:0,&quot;335559740&quot;:240}\">\u00a0<\/span><\/p>\n<p><span data-contrast=\"auto\">Po serii szale\u0144czych ucieczek na ostatnich 20 kilometrach 172,8-kilometrowego 19. etapu Mohori\u010d spotka\u0142 si\u0119 w wy\u015bcigu do mety z Benem O&#8217;Connorem (AG2R Citro\u00ebn) i Kasperem Asgreenem (Soudal-Quick Step), kt\u00f3ry wygra\u0142 poprzedni etap w podobnym trzyosobowym sprincie. Mohori\u010d i Asgreen wpadli na met\u0119 w tym samym czasie. Gdy zdj\u0119cie z finiszu by\u0142o poddawane analizie, S\u0142oweniec cierpliwie czeka\u0142. Gdy w ko\u0144cu og\u0142oszono jego zwyci\u0119stwo (o nie wi\u0119cej ni\u017c 2 cm), Mohori\u010d wzbi\u0142 si\u0119 w powietrze z okrzykiem rado\u015bci. Zacz\u0105\u0142 p\u0142aka\u0107 z ulgi, wyczerpania i, jak wkr\u00f3tce zdradzi\u0142, wielu innych emocji.<\/span><span data-ccp-props=\"{&quot;201341983&quot;:0,&quot;335559739&quot;:200,&quot;335559740&quot;:276}\">\u00a0<\/span><\/p>\n<p><span data-contrast=\"auto\">W udzielonym par\u0119 chwil p\u00f3\u017aniej wywiadzie Mohori\u010d opisa\u0142 w cz\u0119sto dramatycznych s\u0142owach \u017cycie kolarza Tour de France, jak r\u00f3wnie\u017c<\/span> <span data-contrast=\"auto\">personelu, kt\u00f3ry go wspiera. Zacz\u0105\u0142 od stwierdzenia, \u017ce jego zwyci\u0119stwo:<\/span><span data-ccp-props=\"{&quot;134233117&quot;:true,&quot;134233118&quot;:true,&quot;201341983&quot;:0,&quot;335559740&quot;:240}\">\u00a0<\/span><\/p>\n<p><span data-contrast=\"auto\">\u2013 Du\u017co znaczy, poniewa\u017c \u017cycie zawodowego kolarza jest trudne i okrutne. Bardzo cierpisz podczas przygotowa\u0144. Po\u015bwi\u0119casz swoje \u017cycie, swoj\u0105 rodzin\u0119. Robisz wszystko, by by\u0107 w nieustaj\u0105cej gotowo\u015bci. A po kilku dniach zdajesz sobie spraw\u0119, \u017ce wszyscy tutaj s\u0105 tak niesamowicie silni, \u017ce czasami trudno jest utrzyma\u0107 w d\u0142oni kierownic\u0119.\u00a0<\/span><span data-ccp-props=\"{&quot;134233117&quot;:true,&quot;134233118&quot;:true,&quot;201341983&quot;:0,&quot;335559740&quot;:240}\">\u00a0<\/span><\/p>\n<p><span data-contrast=\"auto\">Trzykrotny zwyci\u0119zca zako\u0144czy\u0142 wywiad stwierdzeniem:\u00a0<\/span><span data-ccp-props=\"{&quot;134233117&quot;:true,&quot;134233118&quot;:true,&quot;201341983&quot;:0,&quot;335559740&quot;:240}\">\u00a0<\/span><\/p>\n<p><span data-contrast=\"auto\">\u2013 Wiem, jak bardzo zwyci\u0119stwo w Tour de France mo\u017ce zmieni\u0107 twoje \u017cycie. Chcia\u0142bym, aby ka\u017cdy m\u00f3g\u0142 wygra\u0107 etap tego wy\u015bcigu, ale to po prostu niemo\u017cliwe. To jest okrutne.\u00a0<\/span><span data-ccp-props=\"{&quot;134233117&quot;:true,&quot;134233118&quot;:true,&quot;201341983&quot;:0,&quot;335559740&quot;:240}\">\u00a0<\/span><\/p>\n<p><span data-contrast=\"auto\">Ka\u017cdy czytelnik, kt\u00f3ry kocha Tour de France i podziwia jego kolarzy, powinien wys\u0142ucha\u0107 ca\u0142ego wywiadu:<\/span><span data-ccp-props=\"{&quot;134233117&quot;:true,&quot;134233118&quot;:true,&quot;201341983&quot;:0,&quot;335559740&quot;:240}\">\u00a0<\/span><\/p>\n<div class=\"embed-controller-wrapper\">\n<blockquote class=\"twitter-tweet\" data-width=\"500\" data-dnt=\"true\">\n<p lang=\"fr\" dir=\"ltr\">There isn&#39;t one quote we could pick out of this interview to do it justice. If there is one interview you watch today, make it this one with <a href=\"https:\/\/twitter.com\/matmohoric?ref_src=twsrc%5Etfw\">@matmohoric<\/a>.<\/p>\n<p>On n&#39;a pas su choisir une seule citation qui rendrait hommage \u00e0 l&#39;interview. Du coup si vous devez \u00e9coutez un seul interview\u2026 <a href=\"https:\/\/t.co\/sK0LUkCStD\">pic.twitter.com\/sK0LUkCStD<\/a><\/p>\n<p>&mdash; Tour de France\u2122 (@LeTour) <a href=\"https:\/\/twitter.com\/LeTour\/status\/1682422045458550785?ref_src=twsrc%5Etfw\">July 21, 2023<\/a><\/p><\/blockquote>\n<p><script async data-src=\"https:\/\/platform.twitter.com\/widgets.js\" charset=\"utf-8\"><\/script><\/div>\n<p><span data-contrast=\"auto\">M\u00f3j drugi ulubiony moment mia\u0142 miejsce w trakcie 20. etapu. Wtedy to ekstrawagancki francuski kolarz Thibaut Pinot, jad\u0105cy na swoim ostatnim g\u00f3rskim etapie w swoim ostatnim Tour de France \u2013 a do tego w swoim rodzinnym regionie \u2013 dotar\u0142 na szczyt przedostatniego podjazdu etapu, Petit Ballon (9,3 km, 8,1%) z 20-sekundow\u0105 przewag\u0105 nad grup\u0105 \u015bcigaj\u0105cych i ponad minut\u0119 przed peletonem. Ryk aplauzu, kt\u00f3ry go przywita\u0142 i za nim pod\u0105\u017ca\u0142, przyprawi\u0142 niejednego obserwatora o g\u0119si\u0105 sk\u00f3rk\u0119. Ten aplauz z pewno\u015bci\u0105 zrekompensowa\u0142 fakt, \u017ce Pinot nie wygra\u0142 \u017cadnego etapu w swoim ostatnim Tour de France.\u00a0<\/span><span data-ccp-props=\"{&quot;201341983&quot;:0,&quot;335559739&quot;:200,&quot;335559740&quot;:276}\">\u00a0<\/span><\/p>\n<div class=\"embed-controller-wrapper\">\n<blockquote class=\"twitter-tweet\" data-width=\"500\" data-dnt=\"true\">\n<p lang=\"en\" dir=\"ltr\">Oh, Paris ! <a href=\"https:\/\/twitter.com\/hashtag\/TDF2023?src=hash&amp;ref_src=twsrc%5Etfw\">#TDF2023<\/a> <\/p>\n<p>\ud83d\udcf8 A.S.O \/ Ashley &amp; Jered Gruber <a href=\"https:\/\/t.co\/N3vrRZytVI\">pic.twitter.com\/N3vrRZytVI<\/a><\/p>\n<p>&mdash; Tour de France\u2122 (@LeTour) <a href=\"https:\/\/twitter.com\/LeTour\/status\/1683403717175853057?ref_src=twsrc%5Etfw\">July 24, 2023<\/a><\/p><\/blockquote>\n<p><script async data-src=\"https:\/\/platform.twitter.com\/widgets.js\" charset=\"utf-8\"><\/script><\/div>\n<p><span data-contrast=\"auto\">To by\u0142 taki <\/span><a href=\"http:\/\/letour.fr\/#?s_aid=sx65lb1t-fbn6-ywni-mqlj-yo87bxmkv9uf_004_1\"><span data-contrast=\"none\">Tour de France<\/span><\/a><span data-contrast=\"auto\">, kt\u00f3ry zar\u00f3wno inspirowa\u0142, jak i zas\u0142ugiwa\u0142 na podziw. Na d\u0142ugo pozostanie w pami\u0119ci widz\u00f3w ze wzgl\u0119du na intensywno\u015b\u0107 wy\u015bcigu, wiele niespodzianek i dramatycznych zwrot\u00f3w akcji \u2013 a przede wszystkim ze wzgl\u0119du na bezkompromisowy pojedynek dw\u00f3ch kolarzy, kt\u00f3rzy wyrazi\u015bcie wybijali si\u0119 ponad innych. Przez 15 etap\u00f3w r\u00f3\u017cnic\u0119 dziel\u0105c\u0105 Jonasa Vingegaarda (Jumbo-Visma) i Tadeja Poga\u010dara (UAE Team Emirates) liczono w sekundach \u2013 a\u017c do niezwyk\u0142ej jazdy na czas Du\u0144czyka na 16. etapie. Wtedy zaskoczy\u0142 nawet samego siebie.\u00a0<\/span><span data-ccp-props=\"{&quot;201341983&quot;:0,&quot;335559739&quot;:200,&quot;335559740&quot;:276}\">\u00a0<\/span><\/p>\n<p><span data-contrast=\"auto\">\u2013 Czu\u0142em si\u0119 dzi\u015b \u015bwietnie \u2013 powiedzia\u0142 po tym decyduj\u0105cym zwyci\u0119stwie, w kt\u00f3rym pokona\u0142 rywala o 1 minut\u0119 i 38 sekund. \u2013 Nie spodziewa\u0142em si\u0119 tak dobrego wyniku.<\/span><span data-ccp-props=\"{&quot;201341983&quot;:0,&quot;335559739&quot;:200,&quot;335559740&quot;:276}\">\u00a0<\/span><\/p>\n<p><span data-contrast=\"auto\">Ostateczny cios przyszed\u0142 na nast\u0119pnym etapie \u2013 na stromych zboczach najtrudniejszego podjazdu wy\u015bcigu, Col de la Loze (28,1 km, 6%). Taki rodzaj podjazdu odpowiada\u0142 Vingegaardowi, ale nie Poga\u010darowi. 24-letni S\u0142oweniec p\u0119k\u0142 zaskakuj\u0105co wcze\u015bnie, gdy do ko\u0144ca podjazdu pozosta\u0142o ponad 8 km.\u00a0<\/span><span data-ccp-props=\"{&quot;201341983&quot;:0,&quot;335559739&quot;:200,&quot;335559740&quot;:276}\">\u00a0<\/span><\/p>\n<p><span data-contrast=\"auto\">\u2013 Ju\u017c po mnie \u2013 przekaza\u0142 swojej dru\u017cynie wiadomo\u015b\u0107 przez radio. \u2013 Nie \u017cyj\u0119.<\/span><span data-ccp-props=\"{&quot;201341983&quot;:0,&quot;335559739&quot;:200,&quot;335559740&quot;:276}\">\u00a0<\/span><\/p>\n<p><span data-contrast=\"auto\">Nikt nie by\u0142 bardziej zaskoczony ni\u017c Vingegaard, kt\u00f3ry spogl\u0105da\u0142 w d\u00f3\u0142 zbocza i wygl\u0105da\u0142 niepewnie. M\u00f3g\u0142 pomy\u015ble\u0107, \u017ce Poga\u010dar upad\u0142, i by\u0107 mo\u017ce uzna\u0142, \u017ce powinien na niego poczeka\u0107, bo tak nakazuje etykieta w\u015br\u00f3d rywali w \u017c\u00f3\u0142tych koszulkach. Nie \u2013 Poga\u010darowi po prostu zabrak\u0142o si\u0142. Uko\u0144czy\u0142 etap na 22. miejscu, 7 minut i 37 sekund za zwyci\u0119zc\u0105, Felixem Gallem (AG2R Citro\u00ebn) i prawie 6 minut za Vingegaardem.<\/span><span data-ccp-props=\"{&quot;201341983&quot;:0,&quot;335559739&quot;:200,&quot;335559740&quot;:276}\">\u00a0<\/span><\/p>\n<p><span data-contrast=\"auto\">Wy\u015bcig o \u017c\u00f3\u0142t\u0105 koszulk\u0119 zosta\u0142 prawdopodobnie rozstrzygni\u0119ty 23 kwietnia, gdy w Li\u00e8ge-Bastogne-Li\u00e8ge Poga\u010dar z\u0142ama\u0142 nadgarstek. W rezultacie S\u0142oweniec straci\u0142 sporo czasu na treningi i prawie nie bra\u0142 udzia\u0142u w wy\u015bcigach poprzedzaj\u0105cych Tour de France. To t\u0142umaczy jego niespotykan\u0105 wcze\u015bniej i nag\u0142\u0105 utrat\u0119 formy. Wr\u00f3ci\u0142, by wygra\u0107 20. etap w typowym dla siebie stylu i odzyska\u0107 cz\u0119\u015b\u0107 swojej formy, ale wy\u015bcig m\u00f3g\u0142 ju\u017c spisa\u0107 na straty.\u00a0<\/span><span data-ccp-props=\"{&quot;201341983&quot;:0,&quot;335559739&quot;:200,&quot;335559740&quot;:276}\">\u00a0<\/span><\/p>\n<p><span data-contrast=\"auto\">\u2013 Nie zauwa\u017cy\u0142em, \u017ce nie jestem sob\u0105 \u2013 powiedzia\u0142 p\u00f3\u017aniej. \u2013 Jecha\u0142em i z dnia na dzie\u0144 czu\u0142em si\u0119 coraz gorzej. Dla Col de la Loze nie mam wyt\u0142umaczenia. My\u015bl\u0119, \u017ce ka\u017cdy do\u015bwiadcza czego\u015b takiego w swojej karierze.\u00a0<\/span><span data-ccp-props=\"{&quot;201341983&quot;:0,&quot;335559739&quot;:200,&quot;335559740&quot;:276}\">\u00a0<\/span><\/p>\n<p><span data-contrast=\"auto\">Z pewno\u015bci\u0105 mia\u0142 racj\u0119, gdy powiedzia\u0142:\u00a0<\/span><span data-ccp-props=\"{&quot;201341983&quot;:0,&quot;335559739&quot;:200,&quot;335559740&quot;:276}\">\u00a0<\/span><\/p>\n<p><span data-contrast=\"auto\">\u2013 Po prostu p\u0119k\u0142em. Nikt mnie nie z\u0142ama\u0142.<\/span><span data-ccp-props=\"{&quot;201341983&quot;:0,&quot;335559739&quot;:200,&quot;335559740&quot;:276}\">\u00a0<\/span><\/p>\n<p><span data-contrast=\"auto\">Do tego momentu dwaj wojownicy zapewnili nam emocjonuj\u0105cy pojedynek w jednym z najbardziej dramatycznych Tour de France w historii, cz\u0119\u015bciowo dzi\u0119ki nietradycyjnej trasie wytyczonej przez organizator\u00f3w. Przypomnia\u0142o nam to, je\u015bli tego potrzebowali\u015bmy, dlaczego Tour de France jest najch\u0119tniej ogl\u0105danym wydarzeniem sportowym na \u015bwiecie, z <\/span><span data-contrast=\"auto\">szacowan\u0105 <\/span><span data-contrast=\"auto\">liczb\u0105 <\/span><a href=\"https:\/\/www.roadtrips.com\/blog\/the-most-watched-sporting-events-in-the-world\/#?s_aid=sx65lb1t-fbn6-ywni-mqlj-yo87bxmkv9uf_004_1\"><span data-contrast=\"none\">3,5 miliarda widz\u00f3w<\/span><\/a><span data-contrast=\"auto\">.<\/span><span data-ccp-props=\"{&quot;201341983&quot;:0,&quot;335559739&quot;:200,&quot;335559740&quot;:276}\">\u00a0<\/span><\/p>\n<p><span data-contrast=\"auto\">By\u0142o wielu uczestnik\u00f3w tego spektaklu: na przyk\u0142ad bli\u017aniacy Yates, Adam (UAE Team Emirates) i Simon (Jayco AlUla), kt\u00f3rzy \u015bcigali si\u0119 dla siebie i przeciwko sobie \u2013 zaj\u0119li trzecie i czwarte miejsce w klasyfikacji generalnej. Albo 25-letni Austriak Gall, kt\u00f3ry zaskoczy\u0142 nas i samego siebie, pozostaj\u0105c z najlepszymi na niekt\u00f3rych podjazdach i wygrywaj\u0105c brutalny etap kr\u00f3lowej.\u00a0<\/span><span data-ccp-props=\"{&quot;201341983&quot;:0,&quot;335559739&quot;:200,&quot;335559740&quot;:276}\">\u00a0<\/span><\/p>\n<p><span data-contrast=\"auto\">\u2013 Jestem zdumiony tym, do czego jestem zdolny w Tour de France \u2013 powiedzia\u0142 po tym etapie.\u00a0<\/span><span data-ccp-props=\"{&quot;201341983&quot;:0,&quot;335559739&quot;:200,&quot;335559740&quot;:276}\">\u00a0<\/span><\/p>\n<p><span data-contrast=\"auto\">By\u0142 te\u017c Giulio Ciccone (Lidl-Trek), kt\u00f3ry wygra\u0142 koszulk\u0119 kr\u00f3la g\u00f3r dzi\u0119ki konsekwentnej wspinaczce, bardzo wspieraj\u0105cej dru\u017cynie i doskona\u0142emu planowi.<\/span><span data-ccp-props=\"{&quot;201341983&quot;:0,&quot;335559739&quot;:200,&quot;335559740&quot;:276}\">\u00a0<\/span><\/p>\n<p><span data-contrast=\"auto\">W swoim pe\u0142nym emocji wywiadzie Mohori\u010d zasugerowa\u0142, \u017ce wszyscy, kt\u00f3rzy byli na starcie trzy tygodnie temu w Bilbao \u2013 niezale\u017cnie od tego, czy dowozili wod\u0119 i posi\u0142ki dla dru\u017cyny, p\u0119dzili do przodu w ka\u017cdej ucieczce, jak Victor Campenaerts (Lotto Dstny), czy te\u017c zapewniali liderom dru\u017cyny os\u0142on\u0119 przed wiatrem \u2013 zas\u0142uguj\u0105 na \u017c\u00f3\u0142t\u0105 koszulk\u0119, bo dzi\u0119ki nim tegoroczny Tour de France sta\u0142 si\u0119 legend\u0105.<\/span><\/p>\n<p><span data-sheets-value=\"{&quot;1&quot;:2,&quot;2&quot;:&quot;Artyku\u0142 powsta\u0142 we wsp\u00f3\u0142pracy ze skoda-auto.pl&quot;}\" data-sheets-userformat=\"{&quot;2&quot;:1,&quot;3&quot;:{&quot;1&quot;:0}}\" data-sheets-hyperlink=\"http:\/\/www.skoda-auto.pl\/\"><a class=\"in-cell-link\" href=\"http:\/\/www.skoda-auto.pl\/\" target=\"_blank\" rel=\"noopener noreferrer\">Artyku\u0142 powsta\u0142 we wsp\u00f3\u0142pracy ze skoda-auto.pl<\/a><\/span><\/p>\n<p><a href=\"https:\/\/d2p6e6u75xmxt8.cloudfront.net\/5\/2030\/11\/2.webp\"><img loading=\"lazy\" decoding=\"async\" class=\"size-full wp-image-13774 aligncenter\" src=\"https:\/\/d2p6e6u75xmxt8.cloudfront.net\/5\/2030\/11\/2.webp\" alt=\"\" width=\"640\" height=\"350\" srcset=\"https:\/\/d2p6e6u75xmxt8.cloudfront.net\/5\/2030\/11\/2.webp 640w, https:\/\/d2p6e6u75xmxt8.cloudfront.net\/5\/2030\/11\/2-300x164.webp 300w, https:\/\/d2p6e6u75xmxt8.cloudfront.net\/5\/2030\/11\/2-400x219.webp 400w\" sizes=\"auto, (max-width: 640px) 100vw, 640px\" \/><\/a><\/p>\n","protected":false},"excerpt":{"rendered":"<p>Moim ulubionym momentem tego niezwyk\u0142ego wy\u015bcigu, kt\u00f3ry mia\u0142 wi\u0119cej niezapomnianych chwil ni\u017c niejeden miesi\u0105c miodowy, by\u0142a reakcja Mateja Mohori\u010da na [&hellip;]<\/p>\n","protected":false},"author":153,"featured_media":14118,"comment_status":"open","ping_status":"open","sticky":false,"template":"","format":"standard","meta":{"footnotes":""},"categories":[398],"tags":[410,411,405,191,404,77,399,82,146],"global-categories":[303],"class_list":["post-14117","post","type-post","status-publish","format-standard","has-post-thumbnail","hentry","category-tour-de-france-2023","tag-kasianiewiadoma","tag-peleton","tag-rower","tag-skoda","tag-skodapolska","tag-tour-de-france","tag-tour-de-france-2023","tag-welovecycling","tag-wyscig","global-categories-cycling"],"yoast_head":"<!-- This site is optimized with the Yoast SEO Premium plugin v25.3 (Yoast SEO v25.9) - https:\/\/yoast.com\/wordpress\/plugins\/seo\/ -->\n<title>Tour de France 2023: wczoraj wy\u015bcig, dzi\u015b \u2013 legenda - \u0160koda We Love Cycling - Poland<\/title>\n<meta name=\"robots\" content=\"index, follow, max-snippet:-1, max-image-preview:large, max-video-preview:-1\" \/>\n<link rel=\"canonical\" href=\"https:\/\/www.welovecycling.com\/pl\/2023\/08\/17\/tour-de-france-2023-wczoraj-wyscig-dzis-legenda\/\" \/>\n<meta property=\"og:locale\" content=\"pl_PL\" \/>\n<meta property=\"og:type\" content=\"article\" \/>\n<meta property=\"og:title\" content=\"Tour de France 2023: wczoraj wy\u015bcig, dzi\u015b \u2013 legenda\" \/>\n<meta property=\"og:description\" content=\"Moim ulubionym momentem tego niezwyk\u0142ego wy\u015bcigu, kt\u00f3ry mia\u0142 wi\u0119cej niezapomnianych chwil ni\u017c niejeden miesi\u0105c miodowy, by\u0142a reakcja Mateja Mohori\u010da na [&hellip;]\" \/>\n<meta property=\"og:url\" content=\"https:\/\/www.welovecycling.com\/pl\/2023\/08\/17\/tour-de-france-2023-wczoraj-wyscig-dzis-legenda\/\" \/>\n<meta property=\"og:site_name\" content=\"\u0160koda We Love Cycling - Poland\" \/>\n<meta property=\"article:published_time\" content=\"2023-08-17T08:06:55+00:00\" \/>\n<meta property=\"og:image\" content=\"https:\/\/d2p6e6u75xmxt8.cloudfront.net\/5\/2023\/08\/Tour-de-France-2023.webp\" \/>\n\t<meta property=\"og:image:width\" content=\"990\" \/>\n\t<meta property=\"og:image:height\" content=\"660\" \/>\n\t<meta property=\"og:image:type\" content=\"image\/webp\" \/>\n<meta name=\"author\" content=\"rafal\" \/>\n<meta name=\"twitter:card\" content=\"summary_large_image\" \/>\n<meta name=\"twitter:label1\" content=\"Written by\" \/>\n\t<meta name=\"twitter:data1\" content=\"Siegfried Mortkowitz\" \/>\n\t<meta name=\"twitter:label2\" content=\"Est. reading time\" \/>\n\t<meta name=\"twitter:data2\" content=\"4\" \/>\n<script type=\"application\/ld+json\" class=\"yoast-schema-graph\">{\"@context\":\"https:\/\/schema.org\",\"@graph\":[{\"@type\":\"WebPage\",\"@id\":\"https:\/\/www.welovecycling.com\/pl\/2023\/08\/17\/tour-de-france-2023-wczoraj-wyscig-dzis-legenda\/\",\"url\":\"https:\/\/www.welovecycling.com\/pl\/2023\/08\/17\/tour-de-france-2023-wczoraj-wyscig-dzis-legenda\/\",\"name\":\"Tour de France 2023: wczoraj wy\u015bcig, dzi\u015b \u2013 legenda - \u0160koda We Love Cycling - Poland\",\"isPartOf\":{\"@id\":\"https:\/\/www.welovecycling.com\/pl\/#website\"},\"primaryImageOfPage\":{\"@id\":\"https:\/\/www.welovecycling.com\/pl\/2023\/08\/17\/tour-de-france-2023-wczoraj-wyscig-dzis-legenda\/#primaryimage\"},\"image\":{\"@id\":\"https:\/\/www.welovecycling.com\/pl\/2023\/08\/17\/tour-de-france-2023-wczoraj-wyscig-dzis-legenda\/#primaryimage\"},\"thumbnailUrl\":\"https:\/\/d2p6e6u75xmxt8.cloudfront.net\/5\/2023\/08\/Tour-de-France-2023.webp\",\"datePublished\":\"2023-08-17T08:06:55+00:00\",\"author\":{\"@id\":\"https:\/\/www.welovecycling.com\/pl\/#\/schema\/person\/bf06ed916a1ef16618807fb60d2ebe42\"},\"breadcrumb\":{\"@id\":\"https:\/\/www.welovecycling.com\/pl\/2023\/08\/17\/tour-de-france-2023-wczoraj-wyscig-dzis-legenda\/#breadcrumb\"},\"inLanguage\":\"pl-PL\",\"potentialAction\":[{\"@type\":\"ReadAction\",\"target\":[\"https:\/\/www.welovecycling.com\/pl\/2023\/08\/17\/tour-de-france-2023-wczoraj-wyscig-dzis-legenda\/\"]}]},{\"@type\":\"ImageObject\",\"inLanguage\":\"pl-PL\",\"@id\":\"https:\/\/www.welovecycling.com\/pl\/2023\/08\/17\/tour-de-france-2023-wczoraj-wyscig-dzis-legenda\/#primaryimage\",\"url\":\"https:\/\/d2p6e6u75xmxt8.cloudfront.net\/5\/2023\/08\/Tour-de-France-2023.webp\",\"contentUrl\":\"https:\/\/d2p6e6u75xmxt8.cloudfront.net\/5\/2023\/08\/Tour-de-France-2023.webp\",\"width\":990,\"height\":660},{\"@type\":\"BreadcrumbList\",\"@id\":\"https:\/\/www.welovecycling.com\/pl\/2023\/08\/17\/tour-de-france-2023-wczoraj-wyscig-dzis-legenda\/#breadcrumb\",\"itemListElement\":[{\"@type\":\"ListItem\",\"position\":1,\"name\":\"Home\",\"item\":\"https:\/\/www.welovecycling.com\/pl\/\"},{\"@type\":\"ListItem\",\"position\":2,\"name\":\"Tour de France 2023: wczoraj wy\u015bcig, dzi\u015b \u2013 legenda\"}]},{\"@type\":\"WebSite\",\"@id\":\"https:\/\/www.welovecycling.com\/pl\/#website\",\"url\":\"https:\/\/www.welovecycling.com\/pl\/\",\"name\":\"\u0160koda We Love Cycling - Poland\",\"description\":\"\",\"potentialAction\":[{\"@type\":\"SearchAction\",\"target\":{\"@type\":\"EntryPoint\",\"urlTemplate\":\"https:\/\/www.welovecycling.com\/pl\/?s={search_term_string}\"},\"query-input\":{\"@type\":\"PropertyValueSpecification\",\"valueRequired\":true,\"valueName\":\"search_term_string\"}}],\"inLanguage\":\"pl-PL\"},{\"@type\":\"Person\",\"@id\":\"https:\/\/www.welovecycling.com\/pl\/#\/schema\/person\/bf06ed916a1ef16618807fb60d2ebe42\",\"name\":\"rafal\",\"image\":{\"@type\":\"ImageObject\",\"inLanguage\":\"pl-PL\",\"@id\":\"https:\/\/www.welovecycling.com\/pl\/#\/schema\/person\/image\/\",\"url\":\"https:\/\/secure.gravatar.com\/avatar\/203f240e63bee214f6f3a0dacbeb600c7829c09716c2b9ee3230c6961debcde2?s=96&d=mm&r=g\",\"contentUrl\":\"https:\/\/secure.gravatar.com\/avatar\/203f240e63bee214f6f3a0dacbeb600c7829c09716c2b9ee3230c6961debcde2?s=96&d=mm&r=g\",\"caption\":\"rafal\"},\"url\":\"https:\/\/www.welovecycling.com\/pl\/author\/rafal\/\"}]}<\/script>\n<!-- \/ Yoast SEO Premium plugin. -->","yoast_head_json":{"title":"Tour de France 2023: wczoraj wy\u015bcig, dzi\u015b \u2013 legenda - \u0160koda We Love Cycling - Poland","robots":{"index":"index","follow":"follow","max-snippet":"max-snippet:-1","max-image-preview":"max-image-preview:large","max-video-preview":"max-video-preview:-1"},"canonical":"https:\/\/www.welovecycling.com\/pl\/2023\/08\/17\/tour-de-france-2023-wczoraj-wyscig-dzis-legenda\/","og_locale":"pl_PL","og_type":"article","og_title":"Tour de France 2023: wczoraj wy\u015bcig, dzi\u015b \u2013 legenda","og_description":"Moim ulubionym momentem tego niezwyk\u0142ego wy\u015bcigu, kt\u00f3ry mia\u0142 wi\u0119cej niezapomnianych chwil ni\u017c niejeden miesi\u0105c miodowy, by\u0142a reakcja Mateja Mohori\u010da na [&hellip;]","og_url":"https:\/\/www.welovecycling.com\/pl\/2023\/08\/17\/tour-de-france-2023-wczoraj-wyscig-dzis-legenda\/","og_site_name":"\u0160koda We Love Cycling - Poland","article_published_time":"2023-08-17T08:06:55+00:00","og_image":[{"width":990,"height":660,"url":"https:\/\/d2p6e6u75xmxt8.cloudfront.net\/5\/2023\/08\/Tour-de-France-2023.webp","type":"image\/webp"}],"author":"rafal","twitter_card":"summary_large_image","twitter_misc":{"Written by":"Siegfried Mortkowitz","Est. reading time":"4"},"schema":{"@context":"https:\/\/schema.org","@graph":[{"@type":"WebPage","@id":"https:\/\/www.welovecycling.com\/pl\/2023\/08\/17\/tour-de-france-2023-wczoraj-wyscig-dzis-legenda\/","url":"https:\/\/www.welovecycling.com\/pl\/2023\/08\/17\/tour-de-france-2023-wczoraj-wyscig-dzis-legenda\/","name":"Tour de France 2023: wczoraj wy\u015bcig, dzi\u015b \u2013 legenda - \u0160koda We Love Cycling - Poland","isPartOf":{"@id":"https:\/\/www.welovecycling.com\/pl\/#website"},"primaryImageOfPage":{"@id":"https:\/\/www.welovecycling.com\/pl\/2023\/08\/17\/tour-de-france-2023-wczoraj-wyscig-dzis-legenda\/#primaryimage"},"image":{"@id":"https:\/\/www.welovecycling.com\/pl\/2023\/08\/17\/tour-de-france-2023-wczoraj-wyscig-dzis-legenda\/#primaryimage"},"thumbnailUrl":"https:\/\/d2p6e6u75xmxt8.cloudfront.net\/5\/2023\/08\/Tour-de-France-2023.webp","datePublished":"2023-08-17T08:06:55+00:00","author":{"@id":"https:\/\/www.welovecycling.com\/pl\/#\/schema\/person\/bf06ed916a1ef16618807fb60d2ebe42"},"breadcrumb":{"@id":"https:\/\/www.welovecycling.com\/pl\/2023\/08\/17\/tour-de-france-2023-wczoraj-wyscig-dzis-legenda\/#breadcrumb"},"inLanguage":"pl-PL","potentialAction":[{"@type":"ReadAction","target":["https:\/\/www.welovecycling.com\/pl\/2023\/08\/17\/tour-de-france-2023-wczoraj-wyscig-dzis-legenda\/"]}]},{"@type":"ImageObject","inLanguage":"pl-PL","@id":"https:\/\/www.welovecycling.com\/pl\/2023\/08\/17\/tour-de-france-2023-wczoraj-wyscig-dzis-legenda\/#primaryimage","url":"https:\/\/d2p6e6u75xmxt8.cloudfront.net\/5\/2023\/08\/Tour-de-France-2023.webp","contentUrl":"https:\/\/d2p6e6u75xmxt8.cloudfront.net\/5\/2023\/08\/Tour-de-France-2023.webp","width":990,"height":660},{"@type":"BreadcrumbList","@id":"https:\/\/www.welovecycling.com\/pl\/2023\/08\/17\/tour-de-france-2023-wczoraj-wyscig-dzis-legenda\/#breadcrumb","itemListElement":[{"@type":"ListItem","position":1,"name":"Home","item":"https:\/\/www.welovecycling.com\/pl\/"},{"@type":"ListItem","position":2,"name":"Tour de France 2023: wczoraj wy\u015bcig, dzi\u015b \u2013 legenda"}]},{"@type":"WebSite","@id":"https:\/\/www.welovecycling.com\/pl\/#website","url":"https:\/\/www.welovecycling.com\/pl\/","name":"\u0160koda We Love Cycling - Poland","description":"","potentialAction":[{"@type":"SearchAction","target":{"@type":"EntryPoint","urlTemplate":"https:\/\/www.welovecycling.com\/pl\/?s={search_term_string}"},"query-input":{"@type":"PropertyValueSpecification","valueRequired":true,"valueName":"search_term_string"}}],"inLanguage":"pl-PL"},{"@type":"Person","@id":"https:\/\/www.welovecycling.com\/pl\/#\/schema\/person\/bf06ed916a1ef16618807fb60d2ebe42","name":"rafal","image":{"@type":"ImageObject","inLanguage":"pl-PL","@id":"https:\/\/www.welovecycling.com\/pl\/#\/schema\/person\/image\/","url":"https:\/\/secure.gravatar.com\/avatar\/203f240e63bee214f6f3a0dacbeb600c7829c09716c2b9ee3230c6961debcde2?s=96&d=mm&r=g","contentUrl":"https:\/\/secure.gravatar.com\/avatar\/203f240e63bee214f6f3a0dacbeb600c7829c09716c2b9ee3230c6961debcde2?s=96&d=mm&r=g","caption":"rafal"},"url":"https:\/\/www.welovecycling.com\/pl\/author\/rafal\/"}]}},"_links":{"self":[{"href":"https:\/\/www.welovecycling.com\/pl\/wp-json\/wp\/v2\/posts\/14117","targetHints":{"allow":["GET"]}}],"collection":[{"href":"https:\/\/www.welovecycling.com\/pl\/wp-json\/wp\/v2\/posts"}],"about":[{"href":"https:\/\/www.welovecycling.com\/pl\/wp-json\/wp\/v2\/types\/post"}],"author":[{"embeddable":true,"href":"https:\/\/www.welovecycling.com\/pl\/wp-json\/wp\/v2\/users\/153"}],"replies":[{"embeddable":true,"href":"https:\/\/www.welovecycling.com\/pl\/wp-json\/wp\/v2\/comments?post=14117"}],"version-history":[{"count":3,"href":"https:\/\/www.welovecycling.com\/pl\/wp-json\/wp\/v2\/posts\/14117\/revisions"}],"predecessor-version":[{"id":14127,"href":"https:\/\/www.welovecycling.com\/pl\/wp-json\/wp\/v2\/posts\/14117\/revisions\/14127"}],"wp:featuredmedia":[{"embeddable":true,"href":"https:\/\/www.welovecycling.com\/pl\/wp-json\/wp\/v2\/media\/14118"}],"wp:attachment":[{"href":"https:\/\/www.welovecycling.com\/pl\/wp-json\/wp\/v2\/media?parent=14117"}],"wp:term":[{"taxonomy":"category","embeddable":true,"href":"https:\/\/www.welovecycling.com\/pl\/wp-json\/wp\/v2\/categories?post=14117"},{"taxonomy":"post_tag","embeddable":true,"href":"https:\/\/www.welovecycling.com\/pl\/wp-json\/wp\/v2\/tags?post=14117"},{"taxonomy":"global-categories","embeddable":true,"href":"https:\/\/www.welovecycling.com\/pl\/wp-json\/wp\/v2\/global-categories?post=14117"}],"curies":[{"name":"wp","href":"https:\/\/api.w.org\/{rel}","templated":true}]}}