{"id":14112,"date":"2023-08-14T15:17:03","date_gmt":"2023-08-14T15:17:03","guid":{"rendered":"https:\/\/www.welovecycling.com\/pl\/?p=14112"},"modified":"2023-09-26T14:38:38","modified_gmt":"2023-09-26T14:38:38","slug":"szampany-wystrzelily-polka-niestety-musiala-odpuscic","status":"publish","type":"post","link":"https:\/\/www.welovecycling.com\/pl\/2023\/08\/14\/szampany-wystrzelily-polka-niestety-musiala-odpuscic\/","title":{"rendered":"Szampany wystrzeli\u0142y a Polka musia\u0142a odpu\u015bci\u0107"},"content":{"rendered":"<p><strong>Nadzieje by\u0142y ogromne, ale czasem nawet najwi\u0119ksi sportowcy musz\u0105 powiedzie\u0107 \u201epas\u201d. Katarzyna Niewiadoma by\u0142a w wysokiej formie, seryjnie pokonywa\u0142a rywalki, ale w najwa\u017cniejszym momencie przegra\u0142a z chorob\u0105. Z powodu infekcji dr\u00f3g oddechowych Polka nie stan\u0119\u0142a na starcie wy\u015bcigu ze startu wsp\u00f3lnego elity kobiet o mistrzostwo \u015bwiata. Szampany wystrzeli\u0142y za to w Belgii.\u00a0<\/strong><\/p>\n<p><span data-contrast=\"auto\">Katarzyna Niewiadoma mia\u0142a prawo mie\u0107 du\u017ce oczekiwania przed mistrzostwami \u015bwiata. Polka w ostatnich tygodniach prezentowa\u0142a si\u0119 bardzo dobrze, a udowodni\u0142a to, zajmuj\u0105c trzecie miejsce w klasyfikacji generalnej Tour de France Femmes i wygrywaj\u0105c klasyfikacj\u0119 g\u00f3rsk\u0105 tego wy\u015bcigu. Kolejne rywalki pokonywa\u0142a z \u0142atwo\u015bci\u0105, ale w ko\u0144cu trafi\u0142a na przeciwnika, kt\u00f3ry potrafi zniweczy\u0107 wszystkie plany.<\/span><span data-ccp-props=\"{&quot;201341983&quot;:0,&quot;335559739&quot;:160,&quot;335559740&quot;:259}\">\u00a0<\/span><\/p>\n<p><b><span data-contrast=\"auto\">\u201eWci\u0105\u017c ci\u0119\u017cko jest pogodzi\u0107 si\u0119 z t\u0105 decyzj\u0105\u201d<\/span><\/b><span data-ccp-props=\"{&quot;201341983&quot;:0,&quot;335559739&quot;:160,&quot;335559740&quot;:259}\">\u00a0<\/span><\/p>\n<p><span data-contrast=\"auto\">\u2013 Mistrzostwa \u015bwiata! Na ten dzie\u0144 czeka\u0142am z niecierpliwo\u015bci\u0105 i du\u017cym u\u015bmiechem na twarzy przez ostatnie kilka miesi\u0119cy i z podw\u00f3jn\u0105 pewno\u015bci\u0105 siebie po zako\u0144czeniu wy\u015bcigu TdFF. Od kilku dni czu\u0142am, \u017ce m\u00f3j organizm zmaga si\u0119 z problemami, kt\u00f3re utrudnia\u0142y trening i odpowiedni odpoczynek. Po ostatecznej konsultacji z naszym kadrowym Doktorem otrzyma\u0142am diagnoz\u0119 infekcji g\u00f3rnych dr\u00f3g oddechowych \u2013 poinformowa\u0142a Niewiadoma na Instagramie.<\/span><span data-ccp-props=\"{&quot;201341983&quot;:0,&quot;335559739&quot;:160,&quot;335559740&quot;:259}\">\u00a0<\/span><\/p>\n<p>https:\/\/www.instagram.com\/p\/Cv4JPUmofLk\/?hl=pl<\/p>\n<p><span data-contrast=\"auto\">W tej sytuacji decyzja mog\u0142a by\u0107 tylko jedna \u2013 wycofanie z wy\u015bcigu \u2013 a sta\u0142o si\u0119 to kilka godzin przed startem.<\/span><span data-ccp-props=\"{&quot;201341983&quot;:0,&quot;335559739&quot;:160,&quot;335559740&quot;:259}\">\u00a0<\/span><\/p>\n<p><span data-contrast=\"auto\">\u2013 Wci\u0105\u017c bardzo ci\u0119\u017cko jest mi pogodzi\u0107 si\u0119 z t\u0105 decyzj\u0105 [\u2026]. Wiem, \u017ce zdrowie jest najwa\u017cniejsze, i chc\u0119 si\u0119 skupi\u0107 na totalnym odpoczynku, natomiast bardzo mi przykro, \u017ce wy\u015bcig odb\u0119dzie si\u0119 beze mnie \u2013 doda\u0142a Niewiadoma.<\/span><span data-ccp-props=\"{&quot;201341983&quot;:0,&quot;335559739&quot;:160,&quot;335559740&quot;:259}\">\u00a0<\/span><\/p>\n<p><b><span data-contrast=\"auto\">Pierwsza mistrzyni z Belgii od 50 lat<\/span><\/b><span data-ccp-props=\"{&quot;201341983&quot;:0,&quot;335559739&quot;:160,&quot;335559740&quot;:259}\">\u00a0<\/span><\/p>\n<p><span data-contrast=\"auto\">W tej sytuacji polska kadra, pozbawiona swojej liderki, musia\u0142a szybko otrz\u0105sn\u0105\u0107 si\u0119 ze z\u0142ych wie\u015bci, by powalczy\u0107 o jak najwy\u017csze lokaty. \u017badna z zawodniczek nie by\u0142a pretendentk\u0105 do podium, ale mimo to spisa\u0142y si\u0119 bardzo dobrze. Agnieszka Skalnika-S\u00f3jka zaj\u0119\u0142a 14. miejsce, Marta Lach \u2013 21., Karolina Kumi\u0119ga \u2013 41., a Dominika W\u0142odarczyk \u2013 43. <\/span><span data-ccp-props=\"{&quot;201341983&quot;:0,&quot;335559739&quot;:160,&quot;335559740&quot;:259}\">\u00a0<\/span><\/p>\n<p><span data-contrast=\"auto\">Wygra\u0142a Lotte Kopecky, pierwsza Belgijka od 50 lat, kt\u00f3ra si\u0119gn\u0119\u0142a po z\u0142oty medal mistrzostw \u015bwiata. Drugie miejsce zaj\u0119\u0142a Holenderka Demi Vollering, a trzecie \u2013 Dunka Cecilie Ludwig.<\/span><span data-ccp-props=\"{&quot;201341983&quot;:0,&quot;335559739&quot;:160,&quot;335559740&quot;:259}\">\u00a0<\/span><\/p>\n<div class=\"embed-controller-wrapper\">\n<blockquote class=\"twitter-tweet\" data-width=\"500\" data-dnt=\"true\">\n<p lang=\"en\" dir=\"ltr\">Finish line to remember \ud83e\udd72<a href=\"https:\/\/twitter.com\/LotteKopecky?ref_src=twsrc%5Etfw\">@LotteKopecky<\/a> \ud83c\udde7\ud83c\uddea <a href=\"https:\/\/twitter.com\/hashtag\/GlasgowScotland2023?src=hash&amp;ref_src=twsrc%5Etfw\">#GlasgowScotland2023<\/a> <a href=\"https:\/\/t.co\/9mddJ3bY8x\">pic.twitter.com\/9mddJ3bY8x<\/a><\/p>\n<p>&mdash; UCI (@UCI_cycling) <a href=\"https:\/\/twitter.com\/UCI_cycling\/status\/1690770049580040194?ref_src=twsrc%5Etfw\">August 13, 2023<\/a><\/p><\/blockquote>\n<p><script async data-src=\"https:\/\/platform.twitter.com\/widgets.js\" charset=\"utf-8\"><\/script><\/div>\n<p><span data-contrast=\"auto\">\u2013 Chyba jeszcze nie dochodzi do mnie, co uda\u0142o si\u0119 osi\u0105gn\u0105\u0107. To spe\u0142nienie marze\u0144. B\u0119d\u0119 cieszy\u0107 si\u0119 jazd\u0105 w t\u0119czowej koszulce w przysz\u0142ym roku \u2013 podkre\u015bla\u0142a na mecie Kopecky.<\/span><span data-ccp-props=\"{&quot;201341983&quot;:0,&quot;335559739&quot;:160,&quot;335559740&quot;:259}\">\u00a0<\/span><\/p>\n<div class=\"embed-controller-wrapper\">\n<blockquote class=\"twitter-tweet\" data-width=\"500\" data-dnt=\"true\">\n<p lang=\"en\" dir=\"ltr\">\ud83c\udde7\ud83c\uddeaLotte Kopecky becomes the first Belgian woman to claim the world champion title in 50 years!<a href=\"https:\/\/twitter.com\/hashtag\/GlasgowScotland2023?src=hash&amp;ref_src=twsrc%5Etfw\">#GlasgowScotland2023<\/a> <a href=\"https:\/\/t.co\/O5TcVLOWMO\">pic.twitter.com\/O5TcVLOWMO<\/a><\/p>\n<p>&mdash; UCI (@UCI_cycling) <a href=\"https:\/\/twitter.com\/UCI_cycling\/status\/1690764558594351104?ref_src=twsrc%5Etfw\">August 13, 2023<\/a><\/p><\/blockquote>\n<p><script async data-src=\"https:\/\/platform.twitter.com\/widgets.js\" charset=\"utf-8\"><\/script><\/div>\n<p><b><span data-contrast=\"auto\">Fantastyczne zwyci\u0119stwo<\/span><\/b><span data-ccp-props=\"{&quot;201341983&quot;:0,&quot;335559739&quot;:160,&quot;335559740&quot;:259}\">\u00a0<\/span><\/p>\n<p><span data-contrast=\"auto\">Belgowie mieli jeszcze wi\u0119ksze powody do rado\u015bci, poniewa\u017c dwa dni wcze\u015bniej mistrzem \u015bwiata w je\u017adzie indywidualnej na czas zosta\u0142 tak\u017ce ich rodak \u2013 Remco Evenepoel. Pokona\u0142 on W\u0142ocha Filippo Gann\u0119 oraz Brytyjczyka Joshu\u0119 Tarlinga. Jedyny startuj\u0105cy Polak \u2013 Maciej Bodnar \u2013 zaj\u0105\u0142 31. miejsce.<\/span><span data-ccp-props=\"{&quot;201341983&quot;:0,&quot;335559739&quot;:160,&quot;335559740&quot;:259}\">\u00a0<\/span><\/p>\n<p><span data-contrast=\"auto\">\u2013 To zwyci\u0119stwo jest dla mnie fantastyczne. Czu\u0142em si\u0119 \u015bwietnie, utrzymywa\u0142em wysokie tempo i teraz bardzo ciesz\u0119 si\u0119 z wygranej \u2013 m\u00f3wi\u0142 na mecie Evenepoel.<\/span><span data-ccp-props=\"{&quot;201341983&quot;:0,&quot;335559739&quot;:160,&quot;335559740&quot;:259}\">\u00a0<\/span><\/p>\n<p><span data-contrast=\"auto\">U kobiet czas\u00f3wk\u0119 najszybciej przejecha\u0142a Amerykanka Chloe Dygert, srebro zdoby\u0142a Australijka Grace Brown, a br\u0105z \u2013 Austriaczka Christina Schweinberger.<\/span><span data-ccp-props=\"{&quot;201341983&quot;:0,&quot;335559739&quot;:160,&quot;335559740&quot;:259}\">\u00a0<\/span><\/p>\n<div class=\"embed-controller-wrapper\">\n<blockquote class=\"twitter-tweet\" data-width=\"500\" data-dnt=\"true\">\n<p lang=\"en\" dir=\"ltr\">\ud83d\ude80\ud83d\ude80\ud83d\ude80<\/p>\n<p>The only way Chloe Dygert knows how to ride \ud83d\ude0e<a href=\"https:\/\/twitter.com\/hashtag\/GlasgowScotland2023?src=hash&amp;ref_src=twsrc%5Etfw\">#GlasgowScotland2023<\/a> <a href=\"https:\/\/t.co\/iG9Z6JCUVp\">pic.twitter.com\/iG9Z6JCUVp<\/a><\/p>\n<p>&mdash; UCI (@UCI_cycling) <a href=\"https:\/\/twitter.com\/UCI_cycling\/status\/1689638951018283019?ref_src=twsrc%5Etfw\">August 10, 2023<\/a><\/p><\/blockquote>\n<p><script async data-src=\"https:\/\/platform.twitter.com\/widgets.js\" charset=\"utf-8\"><\/script><\/div>\n<p><span data-contrast=\"auto\">Z kolei mistrzem \u015bwiata w wy\u015bcigu ze startu wsp\u00f3lnego m\u0119\u017cczyzn zosta\u0142 Holender Mathieu van der Poel, na drugim miejscu zameldowa\u0142 si\u0119 kolejny reprezentant Belgii \u2013 Wout Van Aert, a na trzecim \u2013 S\u0142oweniec Tadej Pogacar.<\/span><span data-ccp-props=\"{&quot;201341983&quot;:0,&quot;335559739&quot;:160,&quot;335559740&quot;:259}\">\u00a0<\/span><\/p>\n<p>https:\/\/www.instagram.com\/p\/CvqGwgMo6hB\/?img_index=1<\/p>\n<p><span data-sheets-value=\"{&quot;1&quot;:2,&quot;2&quot;:&quot;Artyku\u0142 powsta\u0142 we wsp\u00f3\u0142pracy ze skoda-auto.pl&quot;}\" data-sheets-userformat=\"{&quot;2&quot;:1,&quot;3&quot;:{&quot;1&quot;:0}}\" data-sheets-hyperlink=\"http:\/\/www.skoda-auto.pl\/\"><a class=\"in-cell-link\" href=\"http:\/\/www.skoda-auto.pl\/\" target=\"_blank\" rel=\"noopener noreferrer\">Artyku\u0142 powsta\u0142 we wsp\u00f3\u0142pracy ze skoda-auto.pl<\/a><\/span><\/p>\n<p><a href=\"https:\/\/d2p6e6u75xmxt8.cloudfront.net\/5\/2030\/11\/3.webp\"><img loading=\"lazy\" decoding=\"async\" class=\"size-full wp-image-13776 aligncenter\" src=\"https:\/\/d2p6e6u75xmxt8.cloudfront.net\/5\/2030\/11\/3.webp\" alt=\"\" width=\"640\" height=\"350\" srcset=\"https:\/\/d2p6e6u75xmxt8.cloudfront.net\/5\/2030\/11\/3.webp 640w, https:\/\/d2p6e6u75xmxt8.cloudfront.net\/5\/2030\/11\/3-300x164.webp 300w, https:\/\/d2p6e6u75xmxt8.cloudfront.net\/5\/2030\/11\/3-400x219.webp 400w\" sizes=\"auto, (max-width: 640px) 100vw, 640px\" \/><\/a><\/p>\n","protected":false},"excerpt":{"rendered":"<p>Nadzieje by\u0142y ogromne, ale czasem nawet najwi\u0119ksi sportowcy musz\u0105 powiedzie\u0107 \u201epas\u201d. Katarzyna Niewiadoma by\u0142a w wysokiej formie, seryjnie pokonywa\u0142a rywalki, [&hellip;]<\/p>\n","protected":false},"author":153,"featured_media":14113,"comment_status":"open","ping_status":"open","sticky":false,"template":"","format":"standard","meta":{"footnotes":""},"categories":[407],"tags":[410,176,405,191,404,82,146],"global-categories":[303],"class_list":["post-14112","post","type-post","status-publish","format-standard","has-post-thumbnail","hentry","category-kasia-niewiadoma","tag-kasianiewiadoma","tag-kolarstwo","tag-rower","tag-skoda","tag-skodapolska","tag-welovecycling","tag-wyscig","global-categories-cycling"],"yoast_head":"<!-- This site is optimized with the Yoast SEO Premium plugin v25.3 (Yoast SEO v25.9) - https:\/\/yoast.com\/wordpress\/plugins\/seo\/ -->\n<title>Szampany wystrzeli\u0142y a Polka musia\u0142a odpu\u015bci\u0107 - \u0160koda We Love Cycling - Poland<\/title>\n<meta name=\"robots\" content=\"index, follow, max-snippet:-1, max-image-preview:large, max-video-preview:-1\" \/>\n<link rel=\"canonical\" href=\"https:\/\/www.welovecycling.com\/pl\/2023\/08\/14\/szampany-wystrzelily-polka-niestety-musiala-odpuscic\/\" \/>\n<meta property=\"og:locale\" content=\"pl_PL\" \/>\n<meta property=\"og:type\" content=\"article\" \/>\n<meta property=\"og:title\" content=\"Szampany wystrzeli\u0142y a Polka musia\u0142a odpu\u015bci\u0107\" \/>\n<meta property=\"og:description\" content=\"Nadzieje by\u0142y ogromne, ale czasem nawet najwi\u0119ksi sportowcy musz\u0105 powiedzie\u0107 \u201epas\u201d. Katarzyna Niewiadoma by\u0142a w wysokiej formie, seryjnie pokonywa\u0142a rywalki, [&hellip;]\" \/>\n<meta property=\"og:url\" content=\"https:\/\/www.welovecycling.com\/pl\/2023\/08\/14\/szampany-wystrzelily-polka-niestety-musiala-odpuscic\/\" \/>\n<meta property=\"og:site_name\" content=\"\u0160koda We Love Cycling - Poland\" \/>\n<meta property=\"article:published_time\" content=\"2023-08-14T15:17:03+00:00\" \/>\n<meta property=\"article:modified_time\" content=\"2023-09-26T14:38:38+00:00\" \/>\n<meta property=\"og:image\" content=\"https:\/\/d2p6e6u75xmxt8.cloudfront.net\/5\/2023\/08\/Kasia_Niewiadoma_welovecycling.webp\" \/>\n\t<meta property=\"og:image:width\" content=\"1200\" \/>\n\t<meta property=\"og:image:height\" content=\"800\" \/>\n\t<meta property=\"og:image:type\" content=\"image\/webp\" \/>\n<meta name=\"author\" content=\"rafal\" \/>\n<meta name=\"twitter:card\" content=\"summary_large_image\" \/>\n<meta name=\"twitter:label1\" content=\"Written by\" \/>\n\t<meta name=\"twitter:data1\" content=\"Piotr Nowik\" \/>\n\t<meta name=\"twitter:label2\" content=\"Est. reading time\" \/>\n\t<meta name=\"twitter:data2\" content=\"6\" \/>\n<script type=\"application\/ld+json\" class=\"yoast-schema-graph\">{\"@context\":\"https:\/\/schema.org\",\"@graph\":[{\"@type\":\"WebPage\",\"@id\":\"https:\/\/www.welovecycling.com\/pl\/2023\/08\/14\/szampany-wystrzelily-polka-niestety-musiala-odpuscic\/\",\"url\":\"https:\/\/www.welovecycling.com\/pl\/2023\/08\/14\/szampany-wystrzelily-polka-niestety-musiala-odpuscic\/\",\"name\":\"Szampany wystrzeli\u0142y a Polka musia\u0142a odpu\u015bci\u0107 - \u0160koda We Love Cycling - Poland\",\"isPartOf\":{\"@id\":\"https:\/\/www.welovecycling.com\/pl\/#website\"},\"primaryImageOfPage\":{\"@id\":\"https:\/\/www.welovecycling.com\/pl\/2023\/08\/14\/szampany-wystrzelily-polka-niestety-musiala-odpuscic\/#primaryimage\"},\"image\":{\"@id\":\"https:\/\/www.welovecycling.com\/pl\/2023\/08\/14\/szampany-wystrzelily-polka-niestety-musiala-odpuscic\/#primaryimage\"},\"thumbnailUrl\":\"https:\/\/d2p6e6u75xmxt8.cloudfront.net\/5\/2023\/08\/Kasia_Niewiadoma_welovecycling.webp\",\"datePublished\":\"2023-08-14T15:17:03+00:00\",\"dateModified\":\"2023-09-26T14:38:38+00:00\",\"author\":{\"@id\":\"https:\/\/www.welovecycling.com\/pl\/#\/schema\/person\/bf06ed916a1ef16618807fb60d2ebe42\"},\"breadcrumb\":{\"@id\":\"https:\/\/www.welovecycling.com\/pl\/2023\/08\/14\/szampany-wystrzelily-polka-niestety-musiala-odpuscic\/#breadcrumb\"},\"inLanguage\":\"pl-PL\",\"potentialAction\":[{\"@type\":\"ReadAction\",\"target\":[\"https:\/\/www.welovecycling.com\/pl\/2023\/08\/14\/szampany-wystrzelily-polka-niestety-musiala-odpuscic\/\"]}]},{\"@type\":\"ImageObject\",\"inLanguage\":\"pl-PL\",\"@id\":\"https:\/\/www.welovecycling.com\/pl\/2023\/08\/14\/szampany-wystrzelily-polka-niestety-musiala-odpuscic\/#primaryimage\",\"url\":\"https:\/\/d2p6e6u75xmxt8.cloudfront.net\/5\/2023\/08\/Kasia_Niewiadoma_welovecycling.webp\",\"contentUrl\":\"https:\/\/d2p6e6u75xmxt8.cloudfront.net\/5\/2023\/08\/Kasia_Niewiadoma_welovecycling.webp\",\"width\":1200,\"height\":800},{\"@type\":\"BreadcrumbList\",\"@id\":\"https:\/\/www.welovecycling.com\/pl\/2023\/08\/14\/szampany-wystrzelily-polka-niestety-musiala-odpuscic\/#breadcrumb\",\"itemListElement\":[{\"@type\":\"ListItem\",\"position\":1,\"name\":\"Home\",\"item\":\"https:\/\/www.welovecycling.com\/pl\/\"},{\"@type\":\"ListItem\",\"position\":2,\"name\":\"Szampany wystrzeli\u0142y a Polka musia\u0142a odpu\u015bci\u0107\"}]},{\"@type\":\"WebSite\",\"@id\":\"https:\/\/www.welovecycling.com\/pl\/#website\",\"url\":\"https:\/\/www.welovecycling.com\/pl\/\",\"name\":\"\u0160koda We Love Cycling - Poland\",\"description\":\"\",\"potentialAction\":[{\"@type\":\"SearchAction\",\"target\":{\"@type\":\"EntryPoint\",\"urlTemplate\":\"https:\/\/www.welovecycling.com\/pl\/?s={search_term_string}\"},\"query-input\":{\"@type\":\"PropertyValueSpecification\",\"valueRequired\":true,\"valueName\":\"search_term_string\"}}],\"inLanguage\":\"pl-PL\"},{\"@type\":\"Person\",\"@id\":\"https:\/\/www.welovecycling.com\/pl\/#\/schema\/person\/bf06ed916a1ef16618807fb60d2ebe42\",\"name\":\"rafal\",\"image\":{\"@type\":\"ImageObject\",\"inLanguage\":\"pl-PL\",\"@id\":\"https:\/\/www.welovecycling.com\/pl\/#\/schema\/person\/image\/\",\"url\":\"https:\/\/secure.gravatar.com\/avatar\/203f240e63bee214f6f3a0dacbeb600c7829c09716c2b9ee3230c6961debcde2?s=96&d=mm&r=g\",\"contentUrl\":\"https:\/\/secure.gravatar.com\/avatar\/203f240e63bee214f6f3a0dacbeb600c7829c09716c2b9ee3230c6961debcde2?s=96&d=mm&r=g\",\"caption\":\"rafal\"},\"url\":\"https:\/\/www.welovecycling.com\/pl\/author\/rafal\/\"}]}<\/script>\n<!-- \/ Yoast SEO Premium plugin. -->","yoast_head_json":{"title":"Szampany wystrzeli\u0142y a Polka musia\u0142a odpu\u015bci\u0107 - \u0160koda We Love Cycling - Poland","robots":{"index":"index","follow":"follow","max-snippet":"max-snippet:-1","max-image-preview":"max-image-preview:large","max-video-preview":"max-video-preview:-1"},"canonical":"https:\/\/www.welovecycling.com\/pl\/2023\/08\/14\/szampany-wystrzelily-polka-niestety-musiala-odpuscic\/","og_locale":"pl_PL","og_type":"article","og_title":"Szampany wystrzeli\u0142y a Polka musia\u0142a odpu\u015bci\u0107","og_description":"Nadzieje by\u0142y ogromne, ale czasem nawet najwi\u0119ksi sportowcy musz\u0105 powiedzie\u0107 \u201epas\u201d. Katarzyna Niewiadoma by\u0142a w wysokiej formie, seryjnie pokonywa\u0142a rywalki, [&hellip;]","og_url":"https:\/\/www.welovecycling.com\/pl\/2023\/08\/14\/szampany-wystrzelily-polka-niestety-musiala-odpuscic\/","og_site_name":"\u0160koda We Love Cycling - Poland","article_published_time":"2023-08-14T15:17:03+00:00","article_modified_time":"2023-09-26T14:38:38+00:00","og_image":[{"width":1200,"height":800,"url":"https:\/\/d2p6e6u75xmxt8.cloudfront.net\/5\/2023\/08\/Kasia_Niewiadoma_welovecycling.webp","type":"image\/webp"}],"author":"rafal","twitter_card":"summary_large_image","twitter_misc":{"Written by":"Piotr Nowik","Est. reading time":"6"},"schema":{"@context":"https:\/\/schema.org","@graph":[{"@type":"WebPage","@id":"https:\/\/www.welovecycling.com\/pl\/2023\/08\/14\/szampany-wystrzelily-polka-niestety-musiala-odpuscic\/","url":"https:\/\/www.welovecycling.com\/pl\/2023\/08\/14\/szampany-wystrzelily-polka-niestety-musiala-odpuscic\/","name":"Szampany wystrzeli\u0142y a Polka musia\u0142a odpu\u015bci\u0107 - \u0160koda We Love Cycling - Poland","isPartOf":{"@id":"https:\/\/www.welovecycling.com\/pl\/#website"},"primaryImageOfPage":{"@id":"https:\/\/www.welovecycling.com\/pl\/2023\/08\/14\/szampany-wystrzelily-polka-niestety-musiala-odpuscic\/#primaryimage"},"image":{"@id":"https:\/\/www.welovecycling.com\/pl\/2023\/08\/14\/szampany-wystrzelily-polka-niestety-musiala-odpuscic\/#primaryimage"},"thumbnailUrl":"https:\/\/d2p6e6u75xmxt8.cloudfront.net\/5\/2023\/08\/Kasia_Niewiadoma_welovecycling.webp","datePublished":"2023-08-14T15:17:03+00:00","dateModified":"2023-09-26T14:38:38+00:00","author":{"@id":"https:\/\/www.welovecycling.com\/pl\/#\/schema\/person\/bf06ed916a1ef16618807fb60d2ebe42"},"breadcrumb":{"@id":"https:\/\/www.welovecycling.com\/pl\/2023\/08\/14\/szampany-wystrzelily-polka-niestety-musiala-odpuscic\/#breadcrumb"},"inLanguage":"pl-PL","potentialAction":[{"@type":"ReadAction","target":["https:\/\/www.welovecycling.com\/pl\/2023\/08\/14\/szampany-wystrzelily-polka-niestety-musiala-odpuscic\/"]}]},{"@type":"ImageObject","inLanguage":"pl-PL","@id":"https:\/\/www.welovecycling.com\/pl\/2023\/08\/14\/szampany-wystrzelily-polka-niestety-musiala-odpuscic\/#primaryimage","url":"https:\/\/d2p6e6u75xmxt8.cloudfront.net\/5\/2023\/08\/Kasia_Niewiadoma_welovecycling.webp","contentUrl":"https:\/\/d2p6e6u75xmxt8.cloudfront.net\/5\/2023\/08\/Kasia_Niewiadoma_welovecycling.webp","width":1200,"height":800},{"@type":"BreadcrumbList","@id":"https:\/\/www.welovecycling.com\/pl\/2023\/08\/14\/szampany-wystrzelily-polka-niestety-musiala-odpuscic\/#breadcrumb","itemListElement":[{"@type":"ListItem","position":1,"name":"Home","item":"https:\/\/www.welovecycling.com\/pl\/"},{"@type":"ListItem","position":2,"name":"Szampany wystrzeli\u0142y a Polka musia\u0142a odpu\u015bci\u0107"}]},{"@type":"WebSite","@id":"https:\/\/www.welovecycling.com\/pl\/#website","url":"https:\/\/www.welovecycling.com\/pl\/","name":"\u0160koda We Love Cycling - Poland","description":"","potentialAction":[{"@type":"SearchAction","target":{"@type":"EntryPoint","urlTemplate":"https:\/\/www.welovecycling.com\/pl\/?s={search_term_string}"},"query-input":{"@type":"PropertyValueSpecification","valueRequired":true,"valueName":"search_term_string"}}],"inLanguage":"pl-PL"},{"@type":"Person","@id":"https:\/\/www.welovecycling.com\/pl\/#\/schema\/person\/bf06ed916a1ef16618807fb60d2ebe42","name":"rafal","image":{"@type":"ImageObject","inLanguage":"pl-PL","@id":"https:\/\/www.welovecycling.com\/pl\/#\/schema\/person\/image\/","url":"https:\/\/secure.gravatar.com\/avatar\/203f240e63bee214f6f3a0dacbeb600c7829c09716c2b9ee3230c6961debcde2?s=96&d=mm&r=g","contentUrl":"https:\/\/secure.gravatar.com\/avatar\/203f240e63bee214f6f3a0dacbeb600c7829c09716c2b9ee3230c6961debcde2?s=96&d=mm&r=g","caption":"rafal"},"url":"https:\/\/www.welovecycling.com\/pl\/author\/rafal\/"}]}},"_links":{"self":[{"href":"https:\/\/www.welovecycling.com\/pl\/wp-json\/wp\/v2\/posts\/14112","targetHints":{"allow":["GET"]}}],"collection":[{"href":"https:\/\/www.welovecycling.com\/pl\/wp-json\/wp\/v2\/posts"}],"about":[{"href":"https:\/\/www.welovecycling.com\/pl\/wp-json\/wp\/v2\/types\/post"}],"author":[{"embeddable":true,"href":"https:\/\/www.welovecycling.com\/pl\/wp-json\/wp\/v2\/users\/153"}],"replies":[{"embeddable":true,"href":"https:\/\/www.welovecycling.com\/pl\/wp-json\/wp\/v2\/comments?post=14112"}],"version-history":[{"count":6,"href":"https:\/\/www.welovecycling.com\/pl\/wp-json\/wp\/v2\/posts\/14112\/revisions"}],"predecessor-version":[{"id":14273,"href":"https:\/\/www.welovecycling.com\/pl\/wp-json\/wp\/v2\/posts\/14112\/revisions\/14273"}],"wp:featuredmedia":[{"embeddable":true,"href":"https:\/\/www.welovecycling.com\/pl\/wp-json\/wp\/v2\/media\/14113"}],"wp:attachment":[{"href":"https:\/\/www.welovecycling.com\/pl\/wp-json\/wp\/v2\/media?parent=14112"}],"wp:term":[{"taxonomy":"category","embeddable":true,"href":"https:\/\/www.welovecycling.com\/pl\/wp-json\/wp\/v2\/categories?post=14112"},{"taxonomy":"post_tag","embeddable":true,"href":"https:\/\/www.welovecycling.com\/pl\/wp-json\/wp\/v2\/tags?post=14112"},{"taxonomy":"global-categories","embeddable":true,"href":"https:\/\/www.welovecycling.com\/pl\/wp-json\/wp\/v2\/global-categories?post=14112"}],"curies":[{"name":"wp","href":"https:\/\/api.w.org\/{rel}","templated":true}]}}