{"id":14090,"date":"2023-08-04T08:13:54","date_gmt":"2023-08-04T08:13:54","guid":{"rendered":"https:\/\/www.welovecycling.com\/pl\/?p=14090"},"modified":"2023-09-19T09:53:08","modified_gmt":"2023-09-19T09:53:08","slug":"piekne-polskie-chwile-na-tour-de-france-femmes","status":"publish","type":"post","link":"https:\/\/www.welovecycling.com\/pl\/2023\/08\/04\/piekne-polskie-chwile-na-tour-de-france-femmes\/","title":{"rendered":"Pi\u0119kne polskie chwile na Tour de France Femmes"},"content":{"rendered":"<p><b><span data-contrast=\"auto\">Micha\u0142 Kwiatkowski zgarn\u0105\u0142 etap u pan\u00f3w, a Katarzyna Niewiadoma do\u0142o\u017cy\u0142a koszulk\u0119 najlepszej g\u00f3ralki oraz podium klasyfikacji generalnej u pa\u0144. \u2013 Wow! Co to by\u0142 za tydzie\u0144! \u2013 cieszy\u0142a si\u0119 polska zawodniczka.<\/span><\/b><span data-ccp-props=\"{&quot;201341983&quot;:0,&quot;335559739&quot;:160,&quot;335559740&quot;:259}\">\u00a0<\/span><\/p>\n<p><span data-contrast=\"auto\">Reaktywowanie Tour de France Femmes avec Zwift okaza\u0142o si\u0119 strza\u0142em w dziesi\u0105tk\u0119, a udowodni\u0142a to tegoroczna edycja. Panie walczy\u0142y z wielkim zaci\u0119ciem, stawia\u0142y czo\u0142a sporym przewy\u017cszeniom i kr\u0119ci\u0142y z ca\u0142ych si\u0142 podczas jazdy na czas. Efekt? Emocjonuj\u0105cy i pi\u0119kny wy\u015bcig.<\/span><span data-ccp-props=\"{&quot;201341983&quot;:0,&quot;335559739&quot;:160,&quot;335559740&quot;:259}\">\u00a0<\/span><\/p>\n<p><b><span data-contrast=\"auto\">\u201eDzi\u0119kujemy wszystkim!\u201d<\/span><\/b><span data-ccp-props=\"{&quot;201341983&quot;:0,&quot;335559739&quot;:160,&quot;335559740&quot;:259}\">\u00a0<\/span><\/p>\n<p><span data-contrast=\"auto\">Szczeg\u00f3lnie zadowolona mog\u0142a by\u0107 Katarzyna Niewiadoma (Canyon\/\/SRAM). Polka nie do\u015b\u0107, \u017ce zdoby\u0142a koszulk\u0119 najlepszej g\u00f3ralki, to jeszcze podczas jazdy na czas zdo\u0142a\u0142a obroni\u0107 miejsce na podium. Niewiadoma w klasyfikacji generalnej zaj\u0119\u0142a trzeci\u0105 pozycj\u0119, a mog\u0142a nawet pokusi\u0107 si\u0119 o zaj\u0119cie drugiego miejsca.<\/span><span data-ccp-props=\"{&quot;201341983&quot;:0,&quot;335559739&quot;:160,&quot;335559740&quot;:259}\">\u00a0<\/span><\/p>\n<div class=\"embed-controller-wrapper\">\n<blockquote class=\"twitter-tweet\" data-width=\"500\" data-dnt=\"true\">\n<p lang=\"en\" dir=\"ltr\">The final\u26aa\ud83d\udd34Polka Dot\u26aa\ud83d\udd34 rankings<\/p>\n<p>Le classement final de la\u26aa\ud83d\udd34<a href=\"https:\/\/twitter.com\/maillotapois?ref_src=twsrc%5Etfw\">@maillotapois<\/a>\u26aa\ud83d\udd34<\/p>\n<p>\ud83c\uddf5\ud83c\uddf1<a href=\"https:\/\/twitter.com\/KNiewiadoma?ref_src=twsrc%5Etfw\">@KNiewiadoma<\/a>\ud83c\udfc5<a href=\"https:\/\/twitter.com\/hashtag\/TDFF2023?src=hash&amp;ref_src=twsrc%5Etfw\">#TDFF2023<\/a> <a href=\"https:\/\/twitter.com\/hashtag\/WatchTheFemmes?src=hash&amp;ref_src=twsrc%5Etfw\">#WatchTheFemmes<\/a> <a href=\"https:\/\/twitter.com\/GoZwift?ref_src=twsrc%5Etfw\">@Gozwift<\/a> <a href=\"https:\/\/t.co\/4N38oZbXSG\">pic.twitter.com\/4N38oZbXSG<\/a><\/p>\n<p>&mdash; Le Tour de France Femmes avec Zwift (@LeTourFemmes) <a href=\"https:\/\/twitter.com\/LeTourFemmes\/status\/1685953456975028224?ref_src=twsrc%5Etfw\">July 31, 2023<\/a><\/p><\/blockquote>\n<p><script async data-src=\"https:\/\/platform.twitter.com\/widgets.js\" charset=\"utf-8\"><\/script><\/div>\n<p><span data-contrast=\"auto\">\u2013 Wow! Co to by\u0142 za tydzie\u0144! Wiedzieli\u015bmy, co chcemy osi\u0105gn\u0105\u0107, i walczyli\u015bmy o to od samego pocz\u0105tku! Jestem bardzo dumna z moich kole\u017canek za to, \u017ce marzy\u0142y i nie odpuszcza\u0142y! Jestem te\u017c dumna z naszych pracownik\u00f3w za to, \u017ce tak ci\u0119\u017cko pracowali. [\u2026] Dzi\u0119kujemy wszystkim za kibicowanie! Za wykrzykiwanie naszych imion na poboczach dr\u00f3g i przekazywanie tej niesamowitej energii za ka\u017cdym razem, gdy mijali\u015bmy Wasze miasta \u2013 napisa\u0142a na Instagramie Niewiadoma.<\/span><span data-ccp-props=\"{&quot;201341983&quot;:0,&quot;335559739&quot;:160,&quot;335559740&quot;:259}\">\u00a0<\/span><\/p>\n<p>https:\/\/www.instagram.com\/p\/CvXAAqfLHcU\/?img_index=8<\/p>\n<p><b><span data-contrast=\"auto\">Nawi\u0105zanie do sukces\u00f3w Rafa\u0142a Majki<\/span><\/b><span data-ccp-props=\"{&quot;201341983&quot;:0,&quot;335559739&quot;:160,&quot;335559740&quot;:259}\">\u00a0<\/span><\/p>\n<p><span data-contrast=\"auto\">Polka prowadzenie w klasyfikacji g\u00f3rskiej obj\u0119\u0142a po przedostatnim etapie, kt\u00f3ry zako\u0144czy\u0142a na drugim miejscu. Po g\u00f3rskiej je\u017adzie z Lannemezan do Tourmalet Bagn\u00e8res-de-Bigorre by\u0142a tak\u017ce wiceliderk\u0105 klasyfikacji generalnej, ale po je\u017adzie na czas minimalnie wyprzedzi\u0142a j\u0105 Belgijka Lotte Kopecky (SD Worx). Zwyci\u0119\u017cczyni\u0105 ca\u0142ego Tour de France Femmes zosta\u0142a Demi Vollering (SD Worx).<\/span><span data-ccp-props=\"{&quot;201341983&quot;:0,&quot;335559739&quot;:160,&quot;335559740&quot;:259}\">\u00a0<\/span><\/p>\n<p><span data-contrast=\"auto\">Holenderka d\u0142ugo czai\u0142a si\u0119 za plecami rywalek, ale si\u0142y zostawi\u0142a na dwa ostatnie dni. Na pierwsze miejsce wskoczy\u0142a po g\u00f3rskim etapie, a zwyci\u0119stwo przypiecz\u0119towa\u0142a \u201eczas\u00f3wk\u0105\u201d.<\/span><span data-ccp-props=\"{&quot;201341983&quot;:0,&quot;335559739&quot;:160,&quot;335559740&quot;:259}\">\u00a0<\/span><\/p>\n<div class=\"embed-controller-wrapper\">\n<blockquote class=\"twitter-tweet\" data-width=\"500\" data-dnt=\"true\">\n<p lang=\"en\" dir=\"ltr\">The final\ud83d\udc9bYellow jersey\ud83d\udc9brankings<\/p>\n<p>Le classement final de la\ud83d\udc9b<a href=\"https:\/\/twitter.com\/MaillotjauneLCL?ref_src=twsrc%5Etfw\">@maillotjauneLCL<\/a>\ud83d\udc9b<\/p>\n<p>\ud83c\uddf3\ud83c\uddf1<a href=\"https:\/\/twitter.com\/demivollering?ref_src=twsrc%5Etfw\">@demivollering<\/a>\ud83c\udfc5<a href=\"https:\/\/twitter.com\/hashtag\/TDFF2023?src=hash&amp;ref_src=twsrc%5Etfw\">#TDFF2023<\/a> <a href=\"https:\/\/twitter.com\/hashtag\/WatchTheFemmes?src=hash&amp;ref_src=twsrc%5Etfw\">#WatchTheFemmes<\/a> <a href=\"https:\/\/twitter.com\/GoZwift?ref_src=twsrc%5Etfw\">@GoZwift<\/a> <a href=\"https:\/\/t.co\/MGnnurs4kZ\">pic.twitter.com\/MGnnurs4kZ<\/a><\/p>\n<p>&mdash; Le Tour de France Femmes avec Zwift (@LeTourFemmes) <a href=\"https:\/\/twitter.com\/LeTourFemmes\/status\/1686029366117941248?ref_src=twsrc%5Etfw\">July 31, 2023<\/a><\/p><\/blockquote>\n<p><script async data-src=\"https:\/\/platform.twitter.com\/widgets.js\" charset=\"utf-8\"><\/script><\/div>\n<p><span data-contrast=\"auto\">Trzecie miejsce w klasyfikacji generalnej Niewiadomej to powt\u00f3rzenie sukcesu Polki sprzed roku. Z kolei wygranie klasyfikacji g\u00f3rskiej to nawi\u0105zanie do fantastycznych moment\u00f3w Rafa\u0142a Majki, kt\u00f3ry Tour de France w koszulce w grochy ko\u0144czy\u0142 w 2014 i 2017 r.<\/span><span data-ccp-props=\"{&quot;201341983&quot;:0,&quot;335559739&quot;:160,&quot;335559740&quot;:259}\">\u00a0<\/span><\/p>\n<p><b><span data-contrast=\"auto\">Panowie walcz\u0105 podczas Tour de Pologne<\/span><\/b><span data-ccp-props=\"{&quot;201341983&quot;:0,&quot;335559739&quot;:160,&quot;335559740&quot;:259}\">\u00a0<\/span><\/p>\n<p><span data-contrast=\"auto\">Podczas gdy panie ko\u0144czy\u0142y zmagania w Tour de France Femmes avec Zwift, panowie rozpocz\u0119li rywalizacj\u0119 na trasie Tour de Pologne. We wtorek \u015bwietnie pojecha\u0142 w\u0142a\u015bnie Rafa\u0142 Majka (UAE Team Emirates), kt\u00f3ry wygra\u0142 etap z Wa\u0142brzycha do Dusznik-Zdroju.<\/span><span data-ccp-props=\"{&quot;201341983&quot;:0,&quot;335559739&quot;:160,&quot;335559740&quot;:259}\">\u00a0<\/span><\/p>\n<div class=\"embed-controller-wrapper\">\n<blockquote class=\"twitter-tweet\" data-width=\"500\" data-dnt=\"true\">\n<p lang=\"pl\" dir=\"ltr\">BAWIMY SI\u0118! \ud83d\ude09\ud83c\udf7e<a href=\"https:\/\/twitter.com\/hashtag\/UAETeamEmirates?src=hash&amp;ref_src=twsrc%5Etfw\">#UAETeamEmirates<\/a> <a href=\"https:\/\/twitter.com\/hashtag\/WeAreUAE?src=hash&amp;ref_src=twsrc%5Etfw\">#WeAreUAE<\/a> <a href=\"https:\/\/twitter.com\/hashtag\/TdP2023?src=hash&amp;ref_src=twsrc%5Etfw\">#TdP2023<\/a> <a href=\"https:\/\/t.co\/VPNLCL79qe\">pic.twitter.com\/VPNLCL79qe<\/a><\/p>\n<p>&mdash; Rafa\u0142 Majka (@majkaformal) <a href=\"https:\/\/twitter.com\/majkaformal\/status\/1686055094247211014?ref_src=twsrc%5Etfw\">July 31, 2023<\/a><\/p><\/blockquote>\n<p><script async data-src=\"https:\/\/platform.twitter.com\/widgets.js\" charset=\"utf-8\"><\/script><\/div>\n<p><span data-contrast=\"auto\">W Tour de Pologne zawodnicy musz\u0105 stawi\u0107 czo\u0142a siedmiu etapom. Zako\u0144czenie wy\u015bcigu w pi\u0105tek przejazdem z Zabrza do Krakowa. \u0141\u0105cznie podczas 80. Tour de Pologne zawodnicy przejad\u0105 1130,5 km, a p\u00f3\u017aniej b\u0119d\u0105 przygotowywali si\u0119 ju\u017c do ostatniego tegorocznego Grand Touru \u2013 Vuelta a Espana (28 sierpnia \u2013 17 wrze\u015bnia).<\/span><span data-ccp-props=\"{&quot;201341983&quot;:0,&quot;335559739&quot;:160,&quot;335559740&quot;:259}\">\u00a0<\/span><\/p>\n<p><span data-sheets-value=\"{&quot;1&quot;:2,&quot;2&quot;:&quot;Artyku\u0142 powsta\u0142 we wsp\u00f3\u0142pracy ze skoda-auto.pl&quot;}\" data-sheets-userformat=\"{&quot;2&quot;:1,&quot;3&quot;:{&quot;1&quot;:0}}\" data-sheets-hyperlink=\"http:\/\/www.skoda-auto.pl\/\"><a class=\"in-cell-link\" href=\"http:\/\/www.skoda-auto.pl\/\" target=\"_blank\" rel=\"noopener noreferrer\">Artyku\u0142 powsta\u0142 we wsp\u00f3\u0142pracy ze skoda-auto.pl<\/a><\/span><\/p>\n<p><a href=\"https:\/\/d2p6e6u75xmxt8.cloudfront.net\/5\/2030\/11\/2.webp\"><img loading=\"lazy\" decoding=\"async\" class=\"size-full wp-image-13774 aligncenter\" src=\"https:\/\/d2p6e6u75xmxt8.cloudfront.net\/5\/2030\/11\/2.webp\" alt=\"\" width=\"640\" height=\"350\" srcset=\"https:\/\/d2p6e6u75xmxt8.cloudfront.net\/5\/2030\/11\/2.webp 640w, https:\/\/d2p6e6u75xmxt8.cloudfront.net\/5\/2030\/11\/2-300x164.webp 300w, https:\/\/d2p6e6u75xmxt8.cloudfront.net\/5\/2030\/11\/2-400x219.webp 400w\" sizes=\"auto, (max-width: 640px) 100vw, 640px\" \/><\/a><\/p>\n","protected":false},"excerpt":{"rendered":"<p>Micha\u0142 Kwiatkowski zgarn\u0105\u0142 etap u pan\u00f3w, a Katarzyna Niewiadoma do\u0142o\u017cy\u0142a koszulk\u0119 najlepszej g\u00f3ralki oraz podium klasyfikacji generalnej u pa\u0144. \u2013 [&hellip;]<\/p>\n","protected":false},"author":153,"featured_media":14091,"comment_status":"open","ping_status":"open","sticky":false,"template":"","format":"standard","meta":{"footnotes":""},"categories":[407,398],"tags":[369,176,91,191,404,409,77,406,82],"global-categories":[303],"class_list":["post-14090","post","type-post","status-publish","format-standard","has-post-thumbnail","hentry","category-kasia-niewiadoma","category-tour-de-france-2023","tag-kasia-niewiadoma","tag-kolarstwo","tag-rowery","tag-skoda","tag-skodapolska","tag-tdff-2023","tag-tour-de-france","tag-tour-de-france-femmes","tag-welovecycling","global-categories-cycling"],"yoast_head":"<!-- This site is optimized with the Yoast SEO Premium plugin v25.3 (Yoast SEO v25.9) - https:\/\/yoast.com\/wordpress\/plugins\/seo\/ -->\n<title>Pi\u0119kne polskie chwile na Tour de France Femmes - \u0160koda We Love Cycling - Poland<\/title>\n<meta name=\"robots\" content=\"index, follow, max-snippet:-1, max-image-preview:large, max-video-preview:-1\" \/>\n<link rel=\"canonical\" href=\"https:\/\/www.welovecycling.com\/pl\/2023\/08\/04\/piekne-polskie-chwile-na-tour-de-france-femmes\/\" \/>\n<meta property=\"og:locale\" content=\"pl_PL\" \/>\n<meta property=\"og:type\" content=\"article\" \/>\n<meta property=\"og:title\" content=\"Pi\u0119kne polskie chwile na Tour de France Femmes\" \/>\n<meta property=\"og:description\" content=\"Micha\u0142 Kwiatkowski zgarn\u0105\u0142 etap u pan\u00f3w, a Katarzyna Niewiadoma do\u0142o\u017cy\u0142a koszulk\u0119 najlepszej g\u00f3ralki oraz podium klasyfikacji generalnej u pa\u0144. \u2013 [&hellip;]\" \/>\n<meta property=\"og:url\" content=\"https:\/\/www.welovecycling.com\/pl\/2023\/08\/04\/piekne-polskie-chwile-na-tour-de-france-femmes\/\" \/>\n<meta property=\"og:site_name\" content=\"\u0160koda We Love Cycling - Poland\" \/>\n<meta property=\"article:published_time\" content=\"2023-08-04T08:13:54+00:00\" \/>\n<meta property=\"article:modified_time\" content=\"2023-09-19T09:53:08+00:00\" \/>\n<meta property=\"og:image\" content=\"https:\/\/d2p6e6u75xmxt8.cloudfront.net\/5\/2023\/08\/Tour-de-France-Femmes-2023.webp\" \/>\n\t<meta property=\"og:image:width\" content=\"990\" \/>\n\t<meta property=\"og:image:height\" content=\"660\" \/>\n\t<meta property=\"og:image:type\" content=\"image\/webp\" \/>\n<meta name=\"author\" content=\"rafal\" \/>\n<meta name=\"twitter:card\" content=\"summary_large_image\" \/>\n<meta name=\"twitter:label1\" content=\"Written by\" \/>\n\t<meta name=\"twitter:data1\" content=\"Piotr Nowik\" \/>\n\t<meta name=\"twitter:label2\" content=\"Est. reading time\" \/>\n\t<meta name=\"twitter:data2\" content=\"5\" \/>\n<script type=\"application\/ld+json\" class=\"yoast-schema-graph\">{\"@context\":\"https:\/\/schema.org\",\"@graph\":[{\"@type\":\"WebPage\",\"@id\":\"https:\/\/www.welovecycling.com\/pl\/2023\/08\/04\/piekne-polskie-chwile-na-tour-de-france-femmes\/\",\"url\":\"https:\/\/www.welovecycling.com\/pl\/2023\/08\/04\/piekne-polskie-chwile-na-tour-de-france-femmes\/\",\"name\":\"Pi\u0119kne polskie chwile na Tour de France Femmes - \u0160koda We Love Cycling - Poland\",\"isPartOf\":{\"@id\":\"https:\/\/www.welovecycling.com\/pl\/#website\"},\"primaryImageOfPage\":{\"@id\":\"https:\/\/www.welovecycling.com\/pl\/2023\/08\/04\/piekne-polskie-chwile-na-tour-de-france-femmes\/#primaryimage\"},\"image\":{\"@id\":\"https:\/\/www.welovecycling.com\/pl\/2023\/08\/04\/piekne-polskie-chwile-na-tour-de-france-femmes\/#primaryimage\"},\"thumbnailUrl\":\"https:\/\/d2p6e6u75xmxt8.cloudfront.net\/5\/2023\/08\/Tour-de-France-Femmes-2023.webp\",\"datePublished\":\"2023-08-04T08:13:54+00:00\",\"dateModified\":\"2023-09-19T09:53:08+00:00\",\"author\":{\"@id\":\"https:\/\/www.welovecycling.com\/pl\/#\/schema\/person\/bf06ed916a1ef16618807fb60d2ebe42\"},\"breadcrumb\":{\"@id\":\"https:\/\/www.welovecycling.com\/pl\/2023\/08\/04\/piekne-polskie-chwile-na-tour-de-france-femmes\/#breadcrumb\"},\"inLanguage\":\"pl-PL\",\"potentialAction\":[{\"@type\":\"ReadAction\",\"target\":[\"https:\/\/www.welovecycling.com\/pl\/2023\/08\/04\/piekne-polskie-chwile-na-tour-de-france-femmes\/\"]}]},{\"@type\":\"ImageObject\",\"inLanguage\":\"pl-PL\",\"@id\":\"https:\/\/www.welovecycling.com\/pl\/2023\/08\/04\/piekne-polskie-chwile-na-tour-de-france-femmes\/#primaryimage\",\"url\":\"https:\/\/d2p6e6u75xmxt8.cloudfront.net\/5\/2023\/08\/Tour-de-France-Femmes-2023.webp\",\"contentUrl\":\"https:\/\/d2p6e6u75xmxt8.cloudfront.net\/5\/2023\/08\/Tour-de-France-Femmes-2023.webp\",\"width\":990,\"height\":660},{\"@type\":\"BreadcrumbList\",\"@id\":\"https:\/\/www.welovecycling.com\/pl\/2023\/08\/04\/piekne-polskie-chwile-na-tour-de-france-femmes\/#breadcrumb\",\"itemListElement\":[{\"@type\":\"ListItem\",\"position\":1,\"name\":\"Home\",\"item\":\"https:\/\/www.welovecycling.com\/pl\/\"},{\"@type\":\"ListItem\",\"position\":2,\"name\":\"Pi\u0119kne polskie chwile na Tour de France Femmes\"}]},{\"@type\":\"WebSite\",\"@id\":\"https:\/\/www.welovecycling.com\/pl\/#website\",\"url\":\"https:\/\/www.welovecycling.com\/pl\/\",\"name\":\"\u0160koda We Love Cycling - Poland\",\"description\":\"\",\"potentialAction\":[{\"@type\":\"SearchAction\",\"target\":{\"@type\":\"EntryPoint\",\"urlTemplate\":\"https:\/\/www.welovecycling.com\/pl\/?s={search_term_string}\"},\"query-input\":{\"@type\":\"PropertyValueSpecification\",\"valueRequired\":true,\"valueName\":\"search_term_string\"}}],\"inLanguage\":\"pl-PL\"},{\"@type\":\"Person\",\"@id\":\"https:\/\/www.welovecycling.com\/pl\/#\/schema\/person\/bf06ed916a1ef16618807fb60d2ebe42\",\"name\":\"rafal\",\"image\":{\"@type\":\"ImageObject\",\"inLanguage\":\"pl-PL\",\"@id\":\"https:\/\/www.welovecycling.com\/pl\/#\/schema\/person\/image\/\",\"url\":\"https:\/\/secure.gravatar.com\/avatar\/203f240e63bee214f6f3a0dacbeb600c7829c09716c2b9ee3230c6961debcde2?s=96&d=mm&r=g\",\"contentUrl\":\"https:\/\/secure.gravatar.com\/avatar\/203f240e63bee214f6f3a0dacbeb600c7829c09716c2b9ee3230c6961debcde2?s=96&d=mm&r=g\",\"caption\":\"rafal\"},\"url\":\"https:\/\/www.welovecycling.com\/pl\/author\/rafal\/\"}]}<\/script>\n<!-- \/ Yoast SEO Premium plugin. -->","yoast_head_json":{"title":"Pi\u0119kne polskie chwile na Tour de France Femmes - \u0160koda We Love Cycling - Poland","robots":{"index":"index","follow":"follow","max-snippet":"max-snippet:-1","max-image-preview":"max-image-preview:large","max-video-preview":"max-video-preview:-1"},"canonical":"https:\/\/www.welovecycling.com\/pl\/2023\/08\/04\/piekne-polskie-chwile-na-tour-de-france-femmes\/","og_locale":"pl_PL","og_type":"article","og_title":"Pi\u0119kne polskie chwile na Tour de France Femmes","og_description":"Micha\u0142 Kwiatkowski zgarn\u0105\u0142 etap u pan\u00f3w, a Katarzyna Niewiadoma do\u0142o\u017cy\u0142a koszulk\u0119 najlepszej g\u00f3ralki oraz podium klasyfikacji generalnej u pa\u0144. \u2013 [&hellip;]","og_url":"https:\/\/www.welovecycling.com\/pl\/2023\/08\/04\/piekne-polskie-chwile-na-tour-de-france-femmes\/","og_site_name":"\u0160koda We Love Cycling - Poland","article_published_time":"2023-08-04T08:13:54+00:00","article_modified_time":"2023-09-19T09:53:08+00:00","og_image":[{"width":990,"height":660,"url":"https:\/\/d2p6e6u75xmxt8.cloudfront.net\/5\/2023\/08\/Tour-de-France-Femmes-2023.webp","type":"image\/webp"}],"author":"rafal","twitter_card":"summary_large_image","twitter_misc":{"Written by":"Piotr Nowik","Est. reading time":"5"},"schema":{"@context":"https:\/\/schema.org","@graph":[{"@type":"WebPage","@id":"https:\/\/www.welovecycling.com\/pl\/2023\/08\/04\/piekne-polskie-chwile-na-tour-de-france-femmes\/","url":"https:\/\/www.welovecycling.com\/pl\/2023\/08\/04\/piekne-polskie-chwile-na-tour-de-france-femmes\/","name":"Pi\u0119kne polskie chwile na Tour de France Femmes - \u0160koda We Love Cycling - Poland","isPartOf":{"@id":"https:\/\/www.welovecycling.com\/pl\/#website"},"primaryImageOfPage":{"@id":"https:\/\/www.welovecycling.com\/pl\/2023\/08\/04\/piekne-polskie-chwile-na-tour-de-france-femmes\/#primaryimage"},"image":{"@id":"https:\/\/www.welovecycling.com\/pl\/2023\/08\/04\/piekne-polskie-chwile-na-tour-de-france-femmes\/#primaryimage"},"thumbnailUrl":"https:\/\/d2p6e6u75xmxt8.cloudfront.net\/5\/2023\/08\/Tour-de-France-Femmes-2023.webp","datePublished":"2023-08-04T08:13:54+00:00","dateModified":"2023-09-19T09:53:08+00:00","author":{"@id":"https:\/\/www.welovecycling.com\/pl\/#\/schema\/person\/bf06ed916a1ef16618807fb60d2ebe42"},"breadcrumb":{"@id":"https:\/\/www.welovecycling.com\/pl\/2023\/08\/04\/piekne-polskie-chwile-na-tour-de-france-femmes\/#breadcrumb"},"inLanguage":"pl-PL","potentialAction":[{"@type":"ReadAction","target":["https:\/\/www.welovecycling.com\/pl\/2023\/08\/04\/piekne-polskie-chwile-na-tour-de-france-femmes\/"]}]},{"@type":"ImageObject","inLanguage":"pl-PL","@id":"https:\/\/www.welovecycling.com\/pl\/2023\/08\/04\/piekne-polskie-chwile-na-tour-de-france-femmes\/#primaryimage","url":"https:\/\/d2p6e6u75xmxt8.cloudfront.net\/5\/2023\/08\/Tour-de-France-Femmes-2023.webp","contentUrl":"https:\/\/d2p6e6u75xmxt8.cloudfront.net\/5\/2023\/08\/Tour-de-France-Femmes-2023.webp","width":990,"height":660},{"@type":"BreadcrumbList","@id":"https:\/\/www.welovecycling.com\/pl\/2023\/08\/04\/piekne-polskie-chwile-na-tour-de-france-femmes\/#breadcrumb","itemListElement":[{"@type":"ListItem","position":1,"name":"Home","item":"https:\/\/www.welovecycling.com\/pl\/"},{"@type":"ListItem","position":2,"name":"Pi\u0119kne polskie chwile na Tour de France Femmes"}]},{"@type":"WebSite","@id":"https:\/\/www.welovecycling.com\/pl\/#website","url":"https:\/\/www.welovecycling.com\/pl\/","name":"\u0160koda We Love Cycling - Poland","description":"","potentialAction":[{"@type":"SearchAction","target":{"@type":"EntryPoint","urlTemplate":"https:\/\/www.welovecycling.com\/pl\/?s={search_term_string}"},"query-input":{"@type":"PropertyValueSpecification","valueRequired":true,"valueName":"search_term_string"}}],"inLanguage":"pl-PL"},{"@type":"Person","@id":"https:\/\/www.welovecycling.com\/pl\/#\/schema\/person\/bf06ed916a1ef16618807fb60d2ebe42","name":"rafal","image":{"@type":"ImageObject","inLanguage":"pl-PL","@id":"https:\/\/www.welovecycling.com\/pl\/#\/schema\/person\/image\/","url":"https:\/\/secure.gravatar.com\/avatar\/203f240e63bee214f6f3a0dacbeb600c7829c09716c2b9ee3230c6961debcde2?s=96&d=mm&r=g","contentUrl":"https:\/\/secure.gravatar.com\/avatar\/203f240e63bee214f6f3a0dacbeb600c7829c09716c2b9ee3230c6961debcde2?s=96&d=mm&r=g","caption":"rafal"},"url":"https:\/\/www.welovecycling.com\/pl\/author\/rafal\/"}]}},"_links":{"self":[{"href":"https:\/\/www.welovecycling.com\/pl\/wp-json\/wp\/v2\/posts\/14090","targetHints":{"allow":["GET"]}}],"collection":[{"href":"https:\/\/www.welovecycling.com\/pl\/wp-json\/wp\/v2\/posts"}],"about":[{"href":"https:\/\/www.welovecycling.com\/pl\/wp-json\/wp\/v2\/types\/post"}],"author":[{"embeddable":true,"href":"https:\/\/www.welovecycling.com\/pl\/wp-json\/wp\/v2\/users\/153"}],"replies":[{"embeddable":true,"href":"https:\/\/www.welovecycling.com\/pl\/wp-json\/wp\/v2\/comments?post=14090"}],"version-history":[{"count":2,"href":"https:\/\/www.welovecycling.com\/pl\/wp-json\/wp\/v2\/posts\/14090\/revisions"}],"predecessor-version":[{"id":14258,"href":"https:\/\/www.welovecycling.com\/pl\/wp-json\/wp\/v2\/posts\/14090\/revisions\/14258"}],"wp:featuredmedia":[{"embeddable":true,"href":"https:\/\/www.welovecycling.com\/pl\/wp-json\/wp\/v2\/media\/14091"}],"wp:attachment":[{"href":"https:\/\/www.welovecycling.com\/pl\/wp-json\/wp\/v2\/media?parent=14090"}],"wp:term":[{"taxonomy":"category","embeddable":true,"href":"https:\/\/www.welovecycling.com\/pl\/wp-json\/wp\/v2\/categories?post=14090"},{"taxonomy":"post_tag","embeddable":true,"href":"https:\/\/www.welovecycling.com\/pl\/wp-json\/wp\/v2\/tags?post=14090"},{"taxonomy":"global-categories","embeddable":true,"href":"https:\/\/www.welovecycling.com\/pl\/wp-json\/wp\/v2\/global-categories?post=14090"}],"curies":[{"name":"wp","href":"https:\/\/api.w.org\/{rel}","templated":true}]}}