{"id":14084,"date":"2023-08-03T08:45:22","date_gmt":"2023-08-03T08:45:22","guid":{"rendered":"https:\/\/www.welovecycling.com\/pl\/?p=14084"},"modified":"2023-09-19T09:50:36","modified_gmt":"2023-09-19T09:50:36","slug":"powstaja-kolarskie-legendy-czego-dowiedzielismy-sie-z-tour-de-france-femmes-avec-zwift","status":"publish","type":"post","link":"https:\/\/www.welovecycling.com\/pl\/2023\/08\/03\/powstaja-kolarskie-legendy-czego-dowiedzielismy-sie-z-tour-de-france-femmes-avec-zwift\/","title":{"rendered":"Kolarskie legendy na Tour de France Femmes"},"content":{"rendered":"<p><b><span data-contrast=\"auto\">Tour de France Femmes avec Zwift 2023 by\u0142 pi\u0119knym, epickim wydarzeniem kolarskim, kt\u00f3rego kulminacj\u0119 stanowi\u0142a emocjonuj\u0105ca jazda indywidualna na czas na dystansie 22,6 km w Pau. Ostatni etap, podobnie jak reszta wy\u015bcigu, by\u0142 prawdziwym sprawdzianem umiej\u0119tno\u015bci i wytrzyma\u0142o\u015bci kolarek, z bezlitosnym podjazdem w po\u0142owie trasy, kt\u00f3ry okaza\u0142 si\u0119 decyduj\u0105cy dla wyniku rywalizacji.<\/span><\/b><span data-ccp-props=\"{&quot;201341983&quot;:0,&quot;335559739&quot;:200,&quot;335559740&quot;:276}\">\u00a0<\/span><\/p>\n<p><span data-contrast=\"auto\">Demi Vollering (SD Worx) rozpocz\u0119\u0142a etap na \u017c\u00f3\u0142to po swoim dominuj\u0105cym wyst\u0119pie podczas sobotniego finiszu si\u00f3dmego etapu na nies\u0142awnym Col du Tourmalet. Zako\u0144czy\u0142a etap jako tegoroczna zwyci\u0119\u017cczyni Tour de France Femmes avec Zwift.<\/span><span data-ccp-props=\"{&quot;201341983&quot;:0,&quot;335559739&quot;:200,&quot;335559740&quot;:276}\">\u00a0<\/span><\/p>\n<p><span data-contrast=\"auto\">C\u00f3\u017c to by\u0142a za jazda! Przyjrzyjmy si\u0119 kilku najwa\u017cniejszym wnioskom z ostatnich o\u015bmiu dni emocjonuj\u0105cych wy\u015bcig\u00f3w.<\/span><span data-ccp-props=\"{&quot;201341983&quot;:0,&quot;335559739&quot;:200,&quot;335559740&quot;:276}\">\u00a0<\/span><\/p>\n<p><b><span data-contrast=\"auto\">Demi Vollering to si\u0142a, z kt\u00f3r\u0105 nale\u017cy si\u0119 liczy\u0107<\/span><\/b><span data-ccp-props=\"{&quot;201341983&quot;:0,&quot;335559739&quot;:200,&quot;335559740&quot;:276}\">\u00a0<\/span><\/p>\n<p><span data-contrast=\"auto\">W\u015br\u00f3d niezwyk\u0142ych kolarek, kt\u00f3re zaprezentowa\u0142y sw\u00f3j talent podczas tegorocznego Tour de France Femmes avec Zwift, Demi Vollering z SD Worx wyr\u00f3\u017cnia\u0142a si\u0119 jako si\u0142a nie do powstrzymania.<\/span><span data-ccp-props=\"{&quot;201341983&quot;:0,&quot;335559739&quot;:200,&quot;335559740&quot;:276}\">\u00a0<\/span><\/p>\n<p><span data-contrast=\"auto\">Droga Vollering do zwyci\u0119stwa nie by\u0142a jednak pozbawiona wyzwa\u0144. Podczas pi\u0105tego etapu do Albi zawodniczka zosta\u0142a ukarana za jazd\u0119 za samochodem swojego zespo\u0142u, co kosztowa\u0142o j\u0105 cenne 20 sekund. Przez to spad\u0142a na si\u00f3dme miejsce w klasyfikacji generalnej, 1 minut\u0119 i 3 sekundy za liderk\u0105 Kopecky i 12 sekund za innymi czo\u0142owymi zawodniczkami w klasyfikacji generalnej.<\/span><span data-ccp-props=\"{&quot;201341983&quot;:0,&quot;335559739&quot;:200,&quot;335559740&quot;:276}\">\u00a0<\/span><\/p>\n<p><span data-contrast=\"auto\">Nie zniech\u0119ci\u0142o to jednak Vollering. Na podjazdach w Pirenejach na si\u00f3dmym etapie uwolni\u0142a sw\u00f3j pe\u0142ny potencja\u0142 i pokaza\u0142a, \u017ce jest wschodz\u0105c\u0105 gwiazd\u0105, przy\u0107miewaj\u0105c nawet swoj\u0105 rywalk\u0119, rodaczk\u0119 i by\u0142\u0105 kole\u017cank\u0119 z dru\u017cyny Annemiek van Vleuten. Krytyczny moment, kt\u00f3ry ugruntowa\u0142 jej zwyci\u0119stwo, nast\u0105pi\u0142 5 km od mety, gdy Pireneje spowi\u0142a g\u0119sta mg\u0142a. Na najbardziej stromym odcinku Col du Tourmalet Vollering wykona\u0142a decyduj\u0105cy ruch, przyspieszaj\u0105c i oddalaj\u0105c si\u0119 od elitarnej grupy kolarek. Jej rywalki nie zd\u0105\u017cy\u0142y zareagowa\u0107, a ona znikn\u0119\u0142a w mrocznej g\u00f3rskiej scenerii, buduj\u0105c przewag\u0119 nie do pokonania, kt\u00f3ra ostatecznie doprowadzi\u0142a j\u0105 do triumfu.\u00a0<\/span><span data-ccp-props=\"{&quot;201341983&quot;:0,&quot;335559739&quot;:200,&quot;335559740&quot;:276}\">\u00a0<\/span><\/p>\n<p><span data-contrast=\"auto\">\u2013 Wci\u0105\u017c nie mog\u0119 w to uwierzy\u0107. Ci\u0119\u017cka praca, ale to nie tylko ci\u0119\u017cka praca. To wiara w to. To tak wiele \u2013 powiedzia\u0142a Vollering po zako\u0144czeniu wy\u015bcigu. \u2013 W ko\u0144cu masz marzenie i ci\u0119\u017cko na nie pracujesz, ale zachowujesz spok\u00f3j. Musisz znale\u017a\u0107 r\u00f3wnowag\u0119 w swoim \u017cyciu i spos\u00f3b, w jaki mo\u017cesz to osi\u0105gn\u0105\u0107. Nauczy\u0107 si\u0119 robi\u0107 to wszystko w zrelaksowany spos\u00f3b. My\u015bl\u0119, \u017ce w tym roku czuj\u0119 si\u0119 naprawd\u0119 stabilnie, dobrze, w tym, co robi\u0119. Czuj\u0119, \u017ce wszystko si\u0119 uk\u0142ada. To dla mnie po prostu niesamowity sezon \u2013 doda\u0142a.<\/span><span data-ccp-props=\"{&quot;201341983&quot;:0,&quot;335559739&quot;:200,&quot;335559740&quot;:276}\">\u00a0<\/span><\/p>\n<div class=\"embed-controller-wrapper\">\n<blockquote class=\"twitter-tweet\" data-width=\"500\" data-dnt=\"true\">\n<p lang=\"en\" dir=\"ltr\">\ud83d\udc9b<a href=\"https:\/\/twitter.com\/demivollering?ref_src=twsrc%5Etfw\">@demivollering<\/a> wins the <a href=\"https:\/\/twitter.com\/hashtag\/TDFF2023?src=hash&amp;ref_src=twsrc%5Etfw\">#TDFF2023<\/a>! <\/p>\n<p>\ud83d\udc9b<a href=\"https:\/\/twitter.com\/demivollering?ref_src=twsrc%5Etfw\">@demivollering<\/a> gagne le <a href=\"https:\/\/twitter.com\/hashtag\/TDFF2023?src=hash&amp;ref_src=twsrc%5Etfw\">#TDFF2023<\/a> ! <a href=\"https:\/\/twitter.com\/hashtag\/TDFF2023?src=hash&amp;ref_src=twsrc%5Etfw\">#TDFF2023<\/a> <a href=\"https:\/\/twitter.com\/hashtag\/WatchTheFemmes?src=hash&amp;ref_src=twsrc%5Etfw\">#WatchTheFemmes<\/a> <a href=\"https:\/\/twitter.com\/GoZwift?ref_src=twsrc%5Etfw\">@Gozwift<\/a> <a href=\"https:\/\/t.co\/dSg9KGeCnI\">pic.twitter.com\/dSg9KGeCnI<\/a><\/p>\n<p>&mdash; Le Tour de France Femmes avec Zwift (@LeTourFemmes) <a href=\"https:\/\/twitter.com\/LeTourFemmes\/status\/1685675442181722112?ref_src=twsrc%5Etfw\">July 30, 2023<\/a><\/p><\/blockquote>\n<p><script async data-src=\"https:\/\/platform.twitter.com\/widgets.js\" charset=\"utf-8\"><\/script><\/div>\n<p><b><span data-contrast=\"auto\">SD Worx jest dru\u017cyn\u0105 nie do pokonania<\/span><\/b><span data-ccp-props=\"{&quot;201341983&quot;:0,&quot;335559739&quot;:200,&quot;335559740&quot;:276}\">\u00a0<\/span><\/p>\n<p><span data-contrast=\"auto\">Team SD Worx zaprezentowa\u0142 dominuj\u0105cy pokaz si\u0142y i strategii podczas Tour de France Femmes avec Zwift. Marlen Reusser, mistrzyni Europy w je\u017adzie na czas, uzupe\u0142ni\u0142a triumf Vollering swoim pot\u0119\u017cnym wyst\u0119pem w je\u017adzie indywidualnej na czas w Pau. Na ostatnim etapie dru\u017cyna stan\u0119\u0142a na podium, pokazuj\u0105c swoj\u0105 kolektywn\u0105 dominacj\u0119.<\/span><span data-ccp-props=\"{&quot;201341983&quot;:0,&quot;335559739&quot;:200,&quot;335559740&quot;:276}\">\u00a0<\/span><\/p>\n<p><span data-contrast=\"auto\">Pomimo wyzwa\u0144, w tym sporu z komisarzami wy\u015bcigu, kt\u00f3ry doprowadzi\u0142 do kary dla Vollering i usuni\u0119cia dyrektora sportowego Danny&#8217;ego Stama, zesp\u00f3\u0142 SD Worx pozosta\u0142 niez\u0142omny i skoncentrowany. Utrzyma\u0142 \u017c\u00f3\u0142t\u0105 koszulk\u0119 przez ca\u0142y wy\u015bcig, zapewniaj\u0105c j\u0105 sobie na pierwszym etapie w Clermont-Ferrand, i zwyci\u0119\u017cy\u0142 cztery z o\u015bmiu etap\u00f3w, w tym presti\u017cow\u0105 jazd\u0119 indywidualn\u0105 na czas.<\/span><span data-ccp-props=\"{&quot;201341983&quot;:0,&quot;335559739&quot;:200,&quot;335559740&quot;:276}\">\u00a0<\/span><\/p>\n<p><span data-contrast=\"auto\">Sukces SD Worx w tegorocznym Tour de France Femmes avec Zwift wzbudzi\u0142 zar\u00f3wno podziw, jak i krytyk\u0119, a niekt\u00f3rzy okre\u015blili go jako \u201earogancki\u201d. Niemniej jednak zesp\u00f3\u0142 pozostaje nieugi\u0119ty. Jak powiedzia\u0142a dyrektor sportowa SD Worx Anna van der Breggen:\u00a0<\/span><span data-ccp-props=\"{&quot;201341983&quot;:0,&quot;335559739&quot;:200,&quot;335559740&quot;:276}\">\u00a0<\/span><\/p>\n<p><span data-contrast=\"auto\">\u2013 Te\u017c by\u0142abym sfrustrowana, gdybym nie by\u0142a w dru\u017cynie, kt\u00f3ra ca\u0142y czas wygrywa.<\/span><span data-ccp-props=\"{&quot;201341983&quot;:0,&quot;335559739&quot;:200,&quot;335559740&quot;:276}\">\u00a0<\/span><\/p>\n<p><b><span data-contrast=\"auto\">Marlen Reusser jest nasz\u0105 kr\u00f3low\u0105 jazdy na czas<\/span><\/b><span data-ccp-props=\"{&quot;201341983&quot;:0,&quot;335559739&quot;:200,&quot;335559740&quot;:276}\">\u00a0<\/span><\/p>\n<p><span data-contrast=\"auto\">Marlen Reusser, ze swoj\u0105 fenomenaln\u0105 potrzeb\u0105 szybko\u015bci, okaza\u0142a si\u0119 kr\u00f3low\u0105 jazdy na czas Tour de France Femmes. Do fina\u0142owej jazdy na czas podesz\u0142a z precyzj\u0105 i determinacj\u0105, staj\u0105c si\u0119 g\u0142\u00f3wn\u0105 faworytk\u0105 i osi\u0105gaj\u0105c osza\u0142amiaj\u0105cy wynik. Mimo \u017ce przez ca\u0142y tydzie\u0144 nie skupia\u0142a si\u0119 na klasyfikacji generalnej, zachowa\u0142a rezerwy energii na decyduj\u0105cy moment, pokazuj\u0105c swoj\u0105 wszechstronno\u015b\u0107 i do\u015bwiadczenie w je\u017adzie na czas. Jej zwyci\u0119stwo w tej konkurencji, w po\u0142\u0105czeniu z og\u00f3lnym triumfem Demi Vollering, zako\u0144czy\u0142o niezwyk\u0142y weekendowy dublet dla Team SD Worx.<\/span><span data-ccp-props=\"{&quot;201341983&quot;:0,&quot;335559739&quot;:200,&quot;335559740&quot;:276}\">\u00a0<\/span><\/p>\n<p><b><span data-contrast=\"auto\">Kasia Niewiadoma pozostaje pot\u0119\u017cn\u0105 lekcj\u0105 konsekwencji<\/span><\/b><span data-ccp-props=\"{&quot;201341983&quot;:0,&quot;335559739&quot;:200,&quot;335559740&quot;:276}\">\u00a0<\/span><\/p>\n<p>https:\/\/www.instagram.com\/p\/CvVRXANIScr\/?utm_source=ig_web_copy_link&#038;igshid=MzRlODBiNWFlZA==<\/p>\n<p><span data-contrast=\"auto\">Po raz kolejny zajmuj\u0105c trzecie miejsce w klasyfikacji generalnej, Niewiadoma odjecha\u0142a z tegorocznego wy\u015bcigu jako Kr\u00f3lowa G\u00f3r. To bardzo zas\u0142u\u017cony tytu\u0142 po jej niesamowitym wyst\u0119pie na 7. etapie, gdzie zaimponowa\u0142a wszystkim, wykorzystuj\u0105c okazj\u0119 do w\u0142\u0105czenia si\u0119 w zaci\u0119t\u0105 walk\u0119 mi\u0119dzy Annemiek van Vleuten i Demi Vollering.<\/span><span data-ccp-props=\"{&quot;201341983&quot;:0,&quot;335559739&quot;:200,&quot;335559740&quot;:276}\">\u00a0<\/span><\/p>\n<p><span data-contrast=\"auto\">Po osi\u0105gni\u0119ciu przez ni\u0105 etapu kr\u00f3lowej na pi\u0105tej pozycji imponuj\u0105cy wyst\u0119p Niewiadomej na podje\u017adzie Col d&#8217;Aspin pozwoli\u0142 jej awansowa\u0107 na czwarte miejsce w klasyfikacji. Nie poprzesta\u0142a jednak na tym i od razu postawi\u0142a sobie za cel zdobycie drugiego z rz\u0119du miejsca na podium. Demonstruj\u0105c wyj\u0105tkowe umiej\u0119tno\u015bci zjazdowe, Niewiadoma zdystansowa\u0142a si\u0119 od rywalek podczas zjazdu, wykorzysta\u0142a rywalizacj\u0119 i ostatecznie da\u0142a wyst\u0119p, kt\u00f3ry uczyni\u0142 j\u0105 jedn\u0105 z najbardziej utytu\u0142owanych zawodniczek tegorocznego wy\u015bcigu.<\/span><span data-ccp-props=\"{&quot;201341983&quot;:0,&quot;335559739&quot;:200,&quot;335559740&quot;:276}\">\u00a0<\/span><\/p>\n<p><b><span data-contrast=\"auto\">Annemiek van Vleuten ust\u0119puje nast\u0119pnemu pokoleniu<\/span><\/b><span data-ccp-props=\"{&quot;201341983&quot;:0,&quot;335559739&quot;:200,&quot;335559740&quot;:276}\">\u00a0<\/span><\/p>\n<p><span data-contrast=\"auto\">Podczas gdy wiecznie zielona Annemiek van Vleuten \u015bwi\u0119towa\u0142a zwyci\u0119stwa w tegorocznych Vuelta Femenina i Giro Donne, Tour de France Femmes stanowi\u0142 inne wyzwanie. Jazda indywidualna na czas dooko\u0142a Pau okaza\u0142a si\u0119 dla niej punktem kulminacyjnym, poniewa\u017c wtedy w\u0142a\u015bnie van Vleuten straci\u0142a kluczowy czas i miejsce na podium. Pomimo rozczarowania pozostaje jednak siln\u0105 i utalentowan\u0105 kolark\u0105, kt\u00f3ra zachowa ducha rywalizacji i po\u0142\u0105czy si\u0142y z Demi Vollering, by reprezentowa\u0107 Holandi\u0119 w szosowych mistrzostwach \u015bwiata w Glasgow.<\/span><span data-ccp-props=\"{&quot;201341983&quot;:0,&quot;335559739&quot;:200,&quot;335559740&quot;:276}\">\u00a0<\/span><\/p>\n<p><b><span data-contrast=\"auto\">Peleton kobiet to biznes<\/span><\/b><span data-ccp-props=\"{&quot;201341983&quot;:0,&quot;335559739&quot;:200,&quot;335559740&quot;:276}\">\u00a0<\/span><\/p>\n<p><span data-contrast=\"auto\">Si\u0142a kobiecego peletonu by\u0142a w pe\u0142ni widoczna podczas Tour de France Femmes avec Zwift 2023. Pomimo dominacji SD Worx zawody pokaza\u0142y rosn\u0105cy talent i ducha rywalizacji w\u015br\u00f3d kolarek. \u0141\u0105cznie 123 ze 154 zawodniczek wzi\u0119\u0142y udzia\u0142 w fina\u0142owej je\u017adzie na czas (w por\u00f3wnaniu do 109 ze 144 w 2022 r.), co podkre\u015bla zaanga\u017cowanie i determinacj\u0119 tych uczestniczek. Pierwsza pi\u0105tka finiszowa\u0142a w odleg\u0142o\u015bci zaledwie pi\u0119ciu minut od siebie, a dziesi\u0119\u0107 kolarek finiszowa\u0142o w czasie dziesi\u0119ciu minut od Vollering. Ta niezwyk\u0142a g\u0142\u0119bia i jako\u015b\u0107 rywalizacji pokazuj\u0105 \u015bwietlan\u0105 przysz\u0142o\u015b\u0107, kt\u00f3ra bez w\u0105tpienia czeka kolarstwo kobiet.<\/span><span data-ccp-props=\"{&quot;201341983&quot;:0,&quot;335559739&quot;:200,&quot;335559740&quot;:276}\">\u00a0<\/span><\/p>\n<p><span data-contrast=\"auto\">W zwi\u0105zku z tym ko\u0144czymy Tour de France Femmes avec Zwift 2023 pe\u0142ni nadziei i ekscytacji. Warto r\u00f3wnie\u017c wspomnie\u0107, \u017ce w przeciwie\u0144stwie do poprzedniego roku uwaga medi\u00f3w przenios\u0142a si\u0119 z prze\u0142omowego momentu dla kobiecego kolarstwa na sam\u0105 jako\u015b\u0107 i emocje zwi\u0105zane z wy\u015bcigami. Po\u015bwi\u0119cenie i pasja kolarek da\u0142y o sobie zna\u0107, czyni\u0105c t\u0119 edycj\u0119 Tour de France Femmes niezapomnianym widowiskiem.<\/span><span data-ccp-props=\"{&quot;201341983&quot;:0,&quot;335559739&quot;:200,&quot;335559740&quot;:276}\">\u00a0<\/span><\/p>\n<p><b><span data-contrast=\"auto\">Wyniki ko\u0144cowe<\/span><\/b><span data-ccp-props=\"{&quot;201341983&quot;:0,&quot;335559739&quot;:200,&quot;335559740&quot;:276}\">\u00a0<\/span><\/p>\n<p><b><span data-contrast=\"auto\">Klasyfikacja generalna:<\/span><\/b><span data-ccp-props=\"{&quot;201341983&quot;:0,&quot;335559739&quot;:200,&quot;335559740&quot;:276}\">\u00a0<\/span><\/p>\n<ul>\n<li data-leveltext=\"\uf0b7\" data-font=\"Symbol\" data-listid=\"5\" data-list-defn-props=\"{&quot;335552541&quot;:1,&quot;335559684&quot;:-2,&quot;335559685&quot;:720,&quot;335559991&quot;:360,&quot;469769226&quot;:&quot;Symbol&quot;,&quot;469769242&quot;:[8226],&quot;469777803&quot;:&quot;left&quot;,&quot;469777804&quot;:&quot;\uf0b7&quot;,&quot;469777815&quot;:&quot;hybridMultilevel&quot;}\" aria-setsize=\"-1\" data-aria-posinset=\"1\" data-aria-level=\"1\"><span data-contrast=\"auto\">Demi Vollering (SD Worx): 25:17:35<\/span><span data-ccp-props=\"{&quot;201341983&quot;:0,&quot;335559739&quot;:200,&quot;335559740&quot;:276}\">\u00a0<\/span><\/li>\n<li data-leveltext=\"\uf0b7\" data-font=\"Symbol\" data-listid=\"5\" data-list-defn-props=\"{&quot;335552541&quot;:1,&quot;335559684&quot;:-2,&quot;335559685&quot;:720,&quot;335559991&quot;:360,&quot;469769226&quot;:&quot;Symbol&quot;,&quot;469769242&quot;:[8226],&quot;469777803&quot;:&quot;left&quot;,&quot;469777804&quot;:&quot;\uf0b7&quot;,&quot;469777815&quot;:&quot;hybridMultilevel&quot;}\" aria-setsize=\"-1\" data-aria-posinset=\"2\" data-aria-level=\"1\"><span data-contrast=\"auto\">Lotte Kopecky (SD Worx): +3:03<\/span><span data-ccp-props=\"{&quot;201341983&quot;:0,&quot;335559739&quot;:200,&quot;335559740&quot;:276}\">\u00a0<\/span><\/li>\n<li data-leveltext=\"\uf0b7\" data-font=\"Symbol\" data-listid=\"5\" data-list-defn-props=\"{&quot;335552541&quot;:1,&quot;335559684&quot;:-2,&quot;335559685&quot;:720,&quot;335559991&quot;:360,&quot;469769226&quot;:&quot;Symbol&quot;,&quot;469769242&quot;:[8226],&quot;469777803&quot;:&quot;left&quot;,&quot;469777804&quot;:&quot;\uf0b7&quot;,&quot;469777815&quot;:&quot;hybridMultilevel&quot;}\" aria-setsize=\"-1\" data-aria-posinset=\"3\" data-aria-level=\"1\"><span data-contrast=\"auto\">Kasia Niewiadoma (Canyon\/\/SRAM): +3:03<\/span><span data-ccp-props=\"{&quot;201341983&quot;:0,&quot;335559739&quot;:200,&quot;335559740&quot;:276}\">\u00a0<\/span><\/li>\n<li data-leveltext=\"\uf0b7\" data-font=\"Symbol\" data-listid=\"5\" data-list-defn-props=\"{&quot;335552541&quot;:1,&quot;335559684&quot;:-2,&quot;335559685&quot;:720,&quot;335559991&quot;:360,&quot;469769226&quot;:&quot;Symbol&quot;,&quot;469769242&quot;:[8226],&quot;469777803&quot;:&quot;left&quot;,&quot;469777804&quot;:&quot;\uf0b7&quot;,&quot;469777815&quot;:&quot;hybridMultilevel&quot;}\" aria-setsize=\"-1\" data-aria-posinset=\"4\" data-aria-level=\"1\"><span data-contrast=\"auto\">Annemiek van Vleuten (Movistar): +3:59<\/span><span data-ccp-props=\"{&quot;201341983&quot;:0,&quot;335559739&quot;:200,&quot;335559740&quot;:276}\">\u00a0<\/span><\/li>\n<li data-leveltext=\"\uf0b7\" data-font=\"Symbol\" data-listid=\"5\" data-list-defn-props=\"{&quot;335552541&quot;:1,&quot;335559684&quot;:-2,&quot;335559685&quot;:720,&quot;335559991&quot;:360,&quot;469769226&quot;:&quot;Symbol&quot;,&quot;469769242&quot;:[8226],&quot;469777803&quot;:&quot;left&quot;,&quot;469777804&quot;:&quot;\uf0b7&quot;,&quot;469777815&quot;:&quot;hybridMultilevel&quot;}\" aria-setsize=\"-1\" data-aria-posinset=\"1\" data-aria-level=\"1\"><span data-contrast=\"auto\">Juliette Labous (Team DSM-Firmenich): +4:48<\/span><span data-ccp-props=\"{&quot;201341983&quot;:0,&quot;335559739&quot;:200,&quot;335559740&quot;:276}\">\u00a0<\/span><\/li>\n<\/ul>\n<p><strong>Liderka klasyfikacji punktowej:<\/strong><\/p>\n<ul>\n<li>Lotte Kopecky (SD Worx): 243 punkty<\/li>\n<\/ul>\n<p><strong>Liderka klasyfikacji Queen of the Mountains:<\/strong><\/p>\n<ul>\n<li>Kasia Niewiadoma (Canyon\/SRAM): 27 punkt\u00f3w<\/li>\n<\/ul>\n<p><strong>Najlepsza m\u0142oda kolarka \u2013 liderka klasyfikacji:<\/strong><\/p>\n<ul>\n<li>C\u00e9drine Kerbaol (Ceratizit-WNT Pro Cycling): 25:30:02<\/li>\n<\/ul>\n<p><span data-sheets-value=\"{&quot;1&quot;:2,&quot;2&quot;:&quot;Artyku\u0142 powsta\u0142 we wsp\u00f3\u0142pracy ze skoda-auto.pl&quot;}\" data-sheets-userformat=\"{&quot;2&quot;:1,&quot;3&quot;:{&quot;1&quot;:0}}\" data-sheets-hyperlink=\"http:\/\/www.skoda-auto.pl\/\"><a class=\"in-cell-link\" href=\"http:\/\/www.skoda-auto.pl\/\" target=\"_blank\" rel=\"noopener noreferrer\">Artyku\u0142 powsta\u0142 we wsp\u00f3\u0142pracy ze skoda-auto.pl<\/a><\/span><\/p>\n<p><a href=\"https:\/\/d2p6e6u75xmxt8.cloudfront.net\/5\/2030\/11\/3.webp\"><img loading=\"lazy\" decoding=\"async\" class=\"size-full wp-image-13776 aligncenter\" src=\"https:\/\/d2p6e6u75xmxt8.cloudfront.net\/5\/2030\/11\/3.webp\" alt=\"\" width=\"640\" height=\"350\" srcset=\"https:\/\/d2p6e6u75xmxt8.cloudfront.net\/5\/2030\/11\/3.webp 640w, https:\/\/d2p6e6u75xmxt8.cloudfront.net\/5\/2030\/11\/3-300x164.webp 300w, https:\/\/d2p6e6u75xmxt8.cloudfront.net\/5\/2030\/11\/3-400x219.webp 400w\" sizes=\"auto, (max-width: 640px) 100vw, 640px\" \/><\/a><\/p>\n","protected":false},"excerpt":{"rendered":"<p>Tour de France Femmes avec Zwift 2023 by\u0142 pi\u0119knym, epickim wydarzeniem kolarskim, kt\u00f3rego kulminacj\u0119 stanowi\u0142a emocjonuj\u0105ca jazda indywidualna na czas [&hellip;]<\/p>\n","protected":false},"author":153,"featured_media":14086,"comment_status":"open","ping_status":"open","sticky":false,"template":"","format":"standard","meta":{"footnotes":""},"categories":[407],"tags":[369,176,91,191,404,409,77,406,82],"global-categories":[303],"class_list":["post-14084","post","type-post","status-publish","format-standard","has-post-thumbnail","hentry","category-kasia-niewiadoma","tag-kasia-niewiadoma","tag-kolarstwo","tag-rowery","tag-skoda","tag-skodapolska","tag-tdff-2023","tag-tour-de-france","tag-tour-de-france-femmes","tag-welovecycling","global-categories-cycling"],"yoast_head":"<!-- This site is optimized with the Yoast SEO Premium plugin v25.3 (Yoast SEO v25.9) - https:\/\/yoast.com\/wordpress\/plugins\/seo\/ -->\n<title>Kolarskie legendy na Tour de France Femmes - \u0160koda We Love Cycling - Poland<\/title>\n<meta name=\"robots\" content=\"index, follow, max-snippet:-1, max-image-preview:large, max-video-preview:-1\" \/>\n<link rel=\"canonical\" href=\"https:\/\/www.welovecycling.com\/pl\/2023\/08\/03\/powstaja-kolarskie-legendy-czego-dowiedzielismy-sie-z-tour-de-france-femmes-avec-zwift\/\" \/>\n<meta property=\"og:locale\" content=\"pl_PL\" \/>\n<meta property=\"og:type\" content=\"article\" \/>\n<meta property=\"og:title\" content=\"Kolarskie legendy na Tour de France Femmes\" \/>\n<meta property=\"og:description\" content=\"Tour de France Femmes avec Zwift 2023 by\u0142 pi\u0119knym, epickim wydarzeniem kolarskim, kt\u00f3rego kulminacj\u0119 stanowi\u0142a emocjonuj\u0105ca jazda indywidualna na czas [&hellip;]\" \/>\n<meta property=\"og:url\" content=\"https:\/\/www.welovecycling.com\/pl\/2023\/08\/03\/powstaja-kolarskie-legendy-czego-dowiedzielismy-sie-z-tour-de-france-femmes-avec-zwift\/\" \/>\n<meta property=\"og:site_name\" content=\"\u0160koda We Love Cycling - Poland\" \/>\n<meta property=\"article:published_time\" content=\"2023-08-03T08:45:22+00:00\" \/>\n<meta property=\"article:modified_time\" content=\"2023-09-19T09:50:36+00:00\" \/>\n<meta property=\"og:image\" content=\"https:\/\/d2p6e6u75xmxt8.cloudfront.net\/5\/2023\/08\/kolarskie-legendy.webp\" \/>\n\t<meta property=\"og:image:width\" content=\"990\" \/>\n\t<meta property=\"og:image:height\" content=\"660\" \/>\n\t<meta property=\"og:image:type\" content=\"image\/webp\" \/>\n<meta name=\"author\" content=\"rafal\" \/>\n<meta name=\"twitter:card\" content=\"summary_large_image\" \/>\n<meta name=\"twitter:label1\" content=\"Written by\" \/>\n\t<meta name=\"twitter:data1\" content=\"Megan Flottorp\" \/>\n\t<meta name=\"twitter:label2\" content=\"Est. reading time\" \/>\n\t<meta name=\"twitter:data2\" content=\"6\" \/>\n<script type=\"application\/ld+json\" class=\"yoast-schema-graph\">{\"@context\":\"https:\/\/schema.org\",\"@graph\":[{\"@type\":\"WebPage\",\"@id\":\"https:\/\/www.welovecycling.com\/pl\/2023\/08\/03\/powstaja-kolarskie-legendy-czego-dowiedzielismy-sie-z-tour-de-france-femmes-avec-zwift\/\",\"url\":\"https:\/\/www.welovecycling.com\/pl\/2023\/08\/03\/powstaja-kolarskie-legendy-czego-dowiedzielismy-sie-z-tour-de-france-femmes-avec-zwift\/\",\"name\":\"Kolarskie legendy na Tour de France Femmes - \u0160koda We Love Cycling - Poland\",\"isPartOf\":{\"@id\":\"https:\/\/www.welovecycling.com\/pl\/#website\"},\"primaryImageOfPage\":{\"@id\":\"https:\/\/www.welovecycling.com\/pl\/2023\/08\/03\/powstaja-kolarskie-legendy-czego-dowiedzielismy-sie-z-tour-de-france-femmes-avec-zwift\/#primaryimage\"},\"image\":{\"@id\":\"https:\/\/www.welovecycling.com\/pl\/2023\/08\/03\/powstaja-kolarskie-legendy-czego-dowiedzielismy-sie-z-tour-de-france-femmes-avec-zwift\/#primaryimage\"},\"thumbnailUrl\":\"https:\/\/d2p6e6u75xmxt8.cloudfront.net\/5\/2023\/08\/kolarskie-legendy.webp\",\"datePublished\":\"2023-08-03T08:45:22+00:00\",\"dateModified\":\"2023-09-19T09:50:36+00:00\",\"author\":{\"@id\":\"https:\/\/www.welovecycling.com\/pl\/#\/schema\/person\/bf06ed916a1ef16618807fb60d2ebe42\"},\"breadcrumb\":{\"@id\":\"https:\/\/www.welovecycling.com\/pl\/2023\/08\/03\/powstaja-kolarskie-legendy-czego-dowiedzielismy-sie-z-tour-de-france-femmes-avec-zwift\/#breadcrumb\"},\"inLanguage\":\"pl-PL\",\"potentialAction\":[{\"@type\":\"ReadAction\",\"target\":[\"https:\/\/www.welovecycling.com\/pl\/2023\/08\/03\/powstaja-kolarskie-legendy-czego-dowiedzielismy-sie-z-tour-de-france-femmes-avec-zwift\/\"]}]},{\"@type\":\"ImageObject\",\"inLanguage\":\"pl-PL\",\"@id\":\"https:\/\/www.welovecycling.com\/pl\/2023\/08\/03\/powstaja-kolarskie-legendy-czego-dowiedzielismy-sie-z-tour-de-france-femmes-avec-zwift\/#primaryimage\",\"url\":\"https:\/\/d2p6e6u75xmxt8.cloudfront.net\/5\/2023\/08\/kolarskie-legendy.webp\",\"contentUrl\":\"https:\/\/d2p6e6u75xmxt8.cloudfront.net\/5\/2023\/08\/kolarskie-legendy.webp\",\"width\":990,\"height\":660},{\"@type\":\"BreadcrumbList\",\"@id\":\"https:\/\/www.welovecycling.com\/pl\/2023\/08\/03\/powstaja-kolarskie-legendy-czego-dowiedzielismy-sie-z-tour-de-france-femmes-avec-zwift\/#breadcrumb\",\"itemListElement\":[{\"@type\":\"ListItem\",\"position\":1,\"name\":\"Home\",\"item\":\"https:\/\/www.welovecycling.com\/pl\/\"},{\"@type\":\"ListItem\",\"position\":2,\"name\":\"Kolarskie legendy na Tour de France Femmes\"}]},{\"@type\":\"WebSite\",\"@id\":\"https:\/\/www.welovecycling.com\/pl\/#website\",\"url\":\"https:\/\/www.welovecycling.com\/pl\/\",\"name\":\"\u0160koda We Love Cycling - Poland\",\"description\":\"\",\"potentialAction\":[{\"@type\":\"SearchAction\",\"target\":{\"@type\":\"EntryPoint\",\"urlTemplate\":\"https:\/\/www.welovecycling.com\/pl\/?s={search_term_string}\"},\"query-input\":{\"@type\":\"PropertyValueSpecification\",\"valueRequired\":true,\"valueName\":\"search_term_string\"}}],\"inLanguage\":\"pl-PL\"},{\"@type\":\"Person\",\"@id\":\"https:\/\/www.welovecycling.com\/pl\/#\/schema\/person\/bf06ed916a1ef16618807fb60d2ebe42\",\"name\":\"rafal\",\"image\":{\"@type\":\"ImageObject\",\"inLanguage\":\"pl-PL\",\"@id\":\"https:\/\/www.welovecycling.com\/pl\/#\/schema\/person\/image\/\",\"url\":\"https:\/\/secure.gravatar.com\/avatar\/203f240e63bee214f6f3a0dacbeb600c7829c09716c2b9ee3230c6961debcde2?s=96&d=mm&r=g\",\"contentUrl\":\"https:\/\/secure.gravatar.com\/avatar\/203f240e63bee214f6f3a0dacbeb600c7829c09716c2b9ee3230c6961debcde2?s=96&d=mm&r=g\",\"caption\":\"rafal\"},\"url\":\"https:\/\/www.welovecycling.com\/pl\/author\/rafal\/\"}]}<\/script>\n<!-- \/ Yoast SEO Premium plugin. -->","yoast_head_json":{"title":"Kolarskie legendy na Tour de France Femmes - \u0160koda We Love Cycling - Poland","robots":{"index":"index","follow":"follow","max-snippet":"max-snippet:-1","max-image-preview":"max-image-preview:large","max-video-preview":"max-video-preview:-1"},"canonical":"https:\/\/www.welovecycling.com\/pl\/2023\/08\/03\/powstaja-kolarskie-legendy-czego-dowiedzielismy-sie-z-tour-de-france-femmes-avec-zwift\/","og_locale":"pl_PL","og_type":"article","og_title":"Kolarskie legendy na Tour de France Femmes","og_description":"Tour de France Femmes avec Zwift 2023 by\u0142 pi\u0119knym, epickim wydarzeniem kolarskim, kt\u00f3rego kulminacj\u0119 stanowi\u0142a emocjonuj\u0105ca jazda indywidualna na czas [&hellip;]","og_url":"https:\/\/www.welovecycling.com\/pl\/2023\/08\/03\/powstaja-kolarskie-legendy-czego-dowiedzielismy-sie-z-tour-de-france-femmes-avec-zwift\/","og_site_name":"\u0160koda We Love Cycling - Poland","article_published_time":"2023-08-03T08:45:22+00:00","article_modified_time":"2023-09-19T09:50:36+00:00","og_image":[{"width":990,"height":660,"url":"https:\/\/d2p6e6u75xmxt8.cloudfront.net\/5\/2023\/08\/kolarskie-legendy.webp","type":"image\/webp"}],"author":"rafal","twitter_card":"summary_large_image","twitter_misc":{"Written by":"Megan Flottorp","Est. reading time":"6"},"schema":{"@context":"https:\/\/schema.org","@graph":[{"@type":"WebPage","@id":"https:\/\/www.welovecycling.com\/pl\/2023\/08\/03\/powstaja-kolarskie-legendy-czego-dowiedzielismy-sie-z-tour-de-france-femmes-avec-zwift\/","url":"https:\/\/www.welovecycling.com\/pl\/2023\/08\/03\/powstaja-kolarskie-legendy-czego-dowiedzielismy-sie-z-tour-de-france-femmes-avec-zwift\/","name":"Kolarskie legendy na Tour de France Femmes - \u0160koda We Love Cycling - Poland","isPartOf":{"@id":"https:\/\/www.welovecycling.com\/pl\/#website"},"primaryImageOfPage":{"@id":"https:\/\/www.welovecycling.com\/pl\/2023\/08\/03\/powstaja-kolarskie-legendy-czego-dowiedzielismy-sie-z-tour-de-france-femmes-avec-zwift\/#primaryimage"},"image":{"@id":"https:\/\/www.welovecycling.com\/pl\/2023\/08\/03\/powstaja-kolarskie-legendy-czego-dowiedzielismy-sie-z-tour-de-france-femmes-avec-zwift\/#primaryimage"},"thumbnailUrl":"https:\/\/d2p6e6u75xmxt8.cloudfront.net\/5\/2023\/08\/kolarskie-legendy.webp","datePublished":"2023-08-03T08:45:22+00:00","dateModified":"2023-09-19T09:50:36+00:00","author":{"@id":"https:\/\/www.welovecycling.com\/pl\/#\/schema\/person\/bf06ed916a1ef16618807fb60d2ebe42"},"breadcrumb":{"@id":"https:\/\/www.welovecycling.com\/pl\/2023\/08\/03\/powstaja-kolarskie-legendy-czego-dowiedzielismy-sie-z-tour-de-france-femmes-avec-zwift\/#breadcrumb"},"inLanguage":"pl-PL","potentialAction":[{"@type":"ReadAction","target":["https:\/\/www.welovecycling.com\/pl\/2023\/08\/03\/powstaja-kolarskie-legendy-czego-dowiedzielismy-sie-z-tour-de-france-femmes-avec-zwift\/"]}]},{"@type":"ImageObject","inLanguage":"pl-PL","@id":"https:\/\/www.welovecycling.com\/pl\/2023\/08\/03\/powstaja-kolarskie-legendy-czego-dowiedzielismy-sie-z-tour-de-france-femmes-avec-zwift\/#primaryimage","url":"https:\/\/d2p6e6u75xmxt8.cloudfront.net\/5\/2023\/08\/kolarskie-legendy.webp","contentUrl":"https:\/\/d2p6e6u75xmxt8.cloudfront.net\/5\/2023\/08\/kolarskie-legendy.webp","width":990,"height":660},{"@type":"BreadcrumbList","@id":"https:\/\/www.welovecycling.com\/pl\/2023\/08\/03\/powstaja-kolarskie-legendy-czego-dowiedzielismy-sie-z-tour-de-france-femmes-avec-zwift\/#breadcrumb","itemListElement":[{"@type":"ListItem","position":1,"name":"Home","item":"https:\/\/www.welovecycling.com\/pl\/"},{"@type":"ListItem","position":2,"name":"Kolarskie legendy na Tour de France Femmes"}]},{"@type":"WebSite","@id":"https:\/\/www.welovecycling.com\/pl\/#website","url":"https:\/\/www.welovecycling.com\/pl\/","name":"\u0160koda We Love Cycling - Poland","description":"","potentialAction":[{"@type":"SearchAction","target":{"@type":"EntryPoint","urlTemplate":"https:\/\/www.welovecycling.com\/pl\/?s={search_term_string}"},"query-input":{"@type":"PropertyValueSpecification","valueRequired":true,"valueName":"search_term_string"}}],"inLanguage":"pl-PL"},{"@type":"Person","@id":"https:\/\/www.welovecycling.com\/pl\/#\/schema\/person\/bf06ed916a1ef16618807fb60d2ebe42","name":"rafal","image":{"@type":"ImageObject","inLanguage":"pl-PL","@id":"https:\/\/www.welovecycling.com\/pl\/#\/schema\/person\/image\/","url":"https:\/\/secure.gravatar.com\/avatar\/203f240e63bee214f6f3a0dacbeb600c7829c09716c2b9ee3230c6961debcde2?s=96&d=mm&r=g","contentUrl":"https:\/\/secure.gravatar.com\/avatar\/203f240e63bee214f6f3a0dacbeb600c7829c09716c2b9ee3230c6961debcde2?s=96&d=mm&r=g","caption":"rafal"},"url":"https:\/\/www.welovecycling.com\/pl\/author\/rafal\/"}]}},"_links":{"self":[{"href":"https:\/\/www.welovecycling.com\/pl\/wp-json\/wp\/v2\/posts\/14084","targetHints":{"allow":["GET"]}}],"collection":[{"href":"https:\/\/www.welovecycling.com\/pl\/wp-json\/wp\/v2\/posts"}],"about":[{"href":"https:\/\/www.welovecycling.com\/pl\/wp-json\/wp\/v2\/types\/post"}],"author":[{"embeddable":true,"href":"https:\/\/www.welovecycling.com\/pl\/wp-json\/wp\/v2\/users\/153"}],"replies":[{"embeddable":true,"href":"https:\/\/www.welovecycling.com\/pl\/wp-json\/wp\/v2\/comments?post=14084"}],"version-history":[{"count":7,"href":"https:\/\/www.welovecycling.com\/pl\/wp-json\/wp\/v2\/posts\/14084\/revisions"}],"predecessor-version":[{"id":14252,"href":"https:\/\/www.welovecycling.com\/pl\/wp-json\/wp\/v2\/posts\/14084\/revisions\/14252"}],"wp:featuredmedia":[{"embeddable":true,"href":"https:\/\/www.welovecycling.com\/pl\/wp-json\/wp\/v2\/media\/14086"}],"wp:attachment":[{"href":"https:\/\/www.welovecycling.com\/pl\/wp-json\/wp\/v2\/media?parent=14084"}],"wp:term":[{"taxonomy":"category","embeddable":true,"href":"https:\/\/www.welovecycling.com\/pl\/wp-json\/wp\/v2\/categories?post=14084"},{"taxonomy":"post_tag","embeddable":true,"href":"https:\/\/www.welovecycling.com\/pl\/wp-json\/wp\/v2\/tags?post=14084"},{"taxonomy":"global-categories","embeddable":true,"href":"https:\/\/www.welovecycling.com\/pl\/wp-json\/wp\/v2\/global-categories?post=14084"}],"curies":[{"name":"wp","href":"https:\/\/api.w.org\/{rel}","templated":true}]}}