{"id":1407,"date":"2016-07-14T15:07:44","date_gmt":"2016-07-14T15:07:44","guid":{"rendered":"http:\/\/skoda-rowery.pl\/?p=1407"},"modified":"2016-12-05T08:48:21","modified_gmt":"2016-12-05T08:48:21","slug":"sciagnij-aplikacje-2016-tour-de-france-otrzymuj-newsy-interaktywne-mapy-materialy-wideo","status":"publish","type":"post","link":"https:\/\/www.welovecycling.com\/pl\/2016\/07\/14\/sciagnij-aplikacje-2016-tour-de-france-otrzymuj-newsy-interaktywne-mapy-materialy-wideo\/","title":{"rendered":"\u015aci\u0105gnij aplikacj\u0119 Tour de France 2016"},"content":{"rendered":"<p style=\"text-align: justify\">Ciesz si\u0119 ekskluzywnym materia\u0142em wideo z <span style=\"color: #008000\"><strong><a style=\"color: #008000\" href=\"http:\/\/www.letour.com\/le-tour\/2016\/us\/mobile-tablet-applications.html\">oficjaln\u0105 aplikacj\u0105 2016 Tour de France<\/a><\/strong><\/span> stworzon\u0105 przez \u0160KOD\u0118! Sprawdzaj naj\u015bwie\u017csze newsy z wy\u015bcigu, obserwuj zawodnik\u00f3w na mapie oraz na profilach na \u017cywo i ciesz si\u0119 unikatowym materia\u0142em zza kulis.<!--more--><\/p>\n<p style=\"text-align: justify\">Poza funkcjonalno\u015bciami, kt\u00f3re udost\u0119pniane by\u0142y przez ostatnie kilka lat, mo\u017cesz teraz do\u015bwiadczy\u0107 funkcji Race Center \u2013 \u015bledz\u0105cego na \u017cywo modu\u0142u i zindywidualizowanego systemu powiadomie\u0144. Tej aplikacji nie mo\u017ce zabrakn\u0105\u0107 w\u00a0 telefonie ka\u017cdego fana Tour de France.<\/p>\n<p style=\"text-align: justify\"><strong>Funkcjonalno\u015bci:<\/strong><\/p>\n<p style=\"text-align: justify\">&#8211; Wszystkie materia\u0142y wideo z wydarzenia (materia\u0142y z trasy, streszczenia, wywiady, reporta\u017ce itp.)<\/p>\n<p style=\"text-align: justify\">&#8211; Bie\u017c\u0105ce newsy<\/p>\n<p style=\"text-align: justify\">&#8211; \u015aledzenie zawodnik\u00f3w na mapie etapu dzi\u0119ki funkcji GPS<\/p>\n<p style=\"text-align: justify\">&#8211; Wyniki i klasyfikacja dla ka\u017cdego etapu<\/p>\n<p style=\"text-align: justify\">&#8211; Profile ka\u017cdego etapu<\/p>\n<p style=\"text-align: justify\">&#8211; Unikatowy materia\u0142 zza kulis &#8211; Le Tour ze \u0160KOD\u0104<\/p>\n<p style=\"text-align: justify\"><img loading=\"lazy\" decoding=\"async\" class=\"alignnone size-full wp-image-1409\" src=\"http:\/\/skoda-rowery.pl\/wp-content\/uploads\/2016\/07\/tdfapp.jpg\" alt=\"tdfapp\" width=\"626\" height=\"396\" srcset=\"https:\/\/d2p6e6u75xmxt8.cloudfront.net\/5\/2016\/07\/tdfapp.jpg 626w, https:\/\/d2p6e6u75xmxt8.cloudfront.net\/5\/2016\/07\/tdfapp-300x190.jpg 300w\" sizes=\"auto, (max-width: 626px) 100vw, 626px\" \/><\/p>\n<p style=\"text-align: justify\"><strong>Nowo\u015bci w 2016:<\/strong><\/p>\n<p style=\"text-align: justify\"><strong>&#8211;<\/strong> Race Center: nowa funkcja \u015bledzenia na \u017cywo, kt\u00f3ra zabierze Ci\u0119 w centrum akcji<\/p>\n<p style=\"text-align: justify\">&#8211; Nowy system zindywidualizowanych powiadomie\u0144<\/p>\n<p style=\"text-align: justify\">&#8211; Naprawione b\u0142\u0119dy, poprawiona szata graficzna i kr\u00f3tszy czas \u0142adowania<\/p>\n<h3 style=\"text-align: center\"><a href=\"http:\/\/www.letour.com\/le-tour\/2016\/us\/mobile-tablet-applications.html\">&gt;POBIERZ&lt;\u00a0<\/a><\/h3>\n","protected":false},"excerpt":{"rendered":"<p>Ciesz si\u0119 ekskluzywnym materia\u0142em wideo z oficjaln\u0105 aplikacj\u0105 2016 Tour de France stworzon\u0105 przez \u0160KOD\u0118! Sprawdzaj naj\u015bwie\u017csze newsy z wy\u015bcigu, [&hellip;]<\/p>\n","protected":false},"author":1,"featured_media":1408,"comment_status":"open","ping_status":"closed","sticky":false,"template":"","format":"standard","meta":{"footnotes":""},"categories":[1],"tags":[77],"global-categories":[],"class_list":["post-1407","post","type-post","status-publish","format-standard","has-post-thumbnail","hentry","category-uncategorized","tag-tour-de-france"],"yoast_head":"<!-- This site is optimized with the Yoast SEO Premium plugin v25.3 (Yoast SEO v25.9) - https:\/\/yoast.com\/wordpress\/plugins\/seo\/ -->\n<title>\u015aci\u0105gnij aplikacj\u0119 Tour de France 2016 - \u0160koda We Love Cycling - Poland<\/title>\n<meta name=\"robots\" content=\"index, follow, max-snippet:-1, max-image-preview:large, max-video-preview:-1\" \/>\n<link rel=\"canonical\" href=\"https:\/\/www.welovecycling.com\/pl\/2016\/07\/14\/sciagnij-aplikacje-2016-tour-de-france-otrzymuj-newsy-interaktywne-mapy-materialy-wideo\/\" \/>\n<meta property=\"og:locale\" content=\"pl_PL\" \/>\n<meta property=\"og:type\" content=\"article\" \/>\n<meta property=\"og:title\" content=\"\u015aci\u0105gnij aplikacj\u0119 Tour de France 2016\" \/>\n<meta property=\"og:description\" content=\"Ciesz si\u0119 ekskluzywnym materia\u0142em wideo z oficjaln\u0105 aplikacj\u0105 2016 Tour de France stworzon\u0105 przez \u0160KOD\u0118! Sprawdzaj naj\u015bwie\u017csze newsy z wy\u015bcigu, [&hellip;]\" \/>\n<meta property=\"og:url\" content=\"https:\/\/www.welovecycling.com\/pl\/2016\/07\/14\/sciagnij-aplikacje-2016-tour-de-france-otrzymuj-newsy-interaktywne-mapy-materialy-wideo\/\" \/>\n<meta property=\"og:site_name\" content=\"\u0160koda We Love Cycling - Poland\" \/>\n<meta property=\"article:published_time\" content=\"2016-07-14T15:07:44+00:00\" \/>\n<meta property=\"article:modified_time\" content=\"2016-12-05T08:48:21+00:00\" \/>\n<meta property=\"og:image\" content=\"https:\/\/d2p6e6u75xmxt8.cloudfront.net\/5\/2016\/07\/app1.jpg\" \/>\n\t<meta property=\"og:image:width\" content=\"1375\" \/>\n\t<meta property=\"og:image:height\" content=\"600\" \/>\n\t<meta property=\"og:image:type\" content=\"image\/jpeg\" \/>\n<meta name=\"author\" content=\"WeLoveCycling\" \/>\n<meta name=\"twitter:card\" content=\"summary_large_image\" \/>\n<meta name=\"twitter:label1\" content=\"Written by\" \/>\n\t<meta name=\"twitter:data1\" content=\"WeLoveCycling\" \/>\n\t<meta name=\"twitter:label2\" content=\"Est. reading time\" \/>\n\t<meta name=\"twitter:data2\" content=\"1 minute\" \/>\n<script type=\"application\/ld+json\" class=\"yoast-schema-graph\">{\"@context\":\"https:\/\/schema.org\",\"@graph\":[{\"@type\":\"WebPage\",\"@id\":\"https:\/\/www.welovecycling.com\/pl\/2016\/07\/14\/sciagnij-aplikacje-2016-tour-de-france-otrzymuj-newsy-interaktywne-mapy-materialy-wideo\/\",\"url\":\"https:\/\/www.welovecycling.com\/pl\/2016\/07\/14\/sciagnij-aplikacje-2016-tour-de-france-otrzymuj-newsy-interaktywne-mapy-materialy-wideo\/\",\"name\":\"\u015aci\u0105gnij aplikacj\u0119 Tour de France 2016 - \u0160koda We Love Cycling - Poland\",\"isPartOf\":{\"@id\":\"https:\/\/www.welovecycling.com\/pl\/#website\"},\"primaryImageOfPage\":{\"@id\":\"https:\/\/www.welovecycling.com\/pl\/2016\/07\/14\/sciagnij-aplikacje-2016-tour-de-france-otrzymuj-newsy-interaktywne-mapy-materialy-wideo\/#primaryimage\"},\"image\":{\"@id\":\"https:\/\/www.welovecycling.com\/pl\/2016\/07\/14\/sciagnij-aplikacje-2016-tour-de-france-otrzymuj-newsy-interaktywne-mapy-materialy-wideo\/#primaryimage\"},\"thumbnailUrl\":\"https:\/\/d2p6e6u75xmxt8.cloudfront.net\/5\/2016\/07\/app1.jpg\",\"datePublished\":\"2016-07-14T15:07:44+00:00\",\"dateModified\":\"2016-12-05T08:48:21+00:00\",\"author\":{\"@id\":\"https:\/\/www.welovecycling.com\/pl\/#\/schema\/person\/e5187c9cac8dd619ebc7b41bd73c2fd9\"},\"breadcrumb\":{\"@id\":\"https:\/\/www.welovecycling.com\/pl\/2016\/07\/14\/sciagnij-aplikacje-2016-tour-de-france-otrzymuj-newsy-interaktywne-mapy-materialy-wideo\/#breadcrumb\"},\"inLanguage\":\"pl-PL\",\"potentialAction\":[{\"@type\":\"ReadAction\",\"target\":[\"https:\/\/www.welovecycling.com\/pl\/2016\/07\/14\/sciagnij-aplikacje-2016-tour-de-france-otrzymuj-newsy-interaktywne-mapy-materialy-wideo\/\"]}]},{\"@type\":\"ImageObject\",\"inLanguage\":\"pl-PL\",\"@id\":\"https:\/\/www.welovecycling.com\/pl\/2016\/07\/14\/sciagnij-aplikacje-2016-tour-de-france-otrzymuj-newsy-interaktywne-mapy-materialy-wideo\/#primaryimage\",\"url\":\"https:\/\/d2p6e6u75xmxt8.cloudfront.net\/5\/2016\/07\/app1.jpg\",\"contentUrl\":\"https:\/\/d2p6e6u75xmxt8.cloudfront.net\/5\/2016\/07\/app1.jpg\",\"width\":1375,\"height\":600},{\"@type\":\"BreadcrumbList\",\"@id\":\"https:\/\/www.welovecycling.com\/pl\/2016\/07\/14\/sciagnij-aplikacje-2016-tour-de-france-otrzymuj-newsy-interaktywne-mapy-materialy-wideo\/#breadcrumb\",\"itemListElement\":[{\"@type\":\"ListItem\",\"position\":1,\"name\":\"Home\",\"item\":\"https:\/\/www.welovecycling.com\/pl\/\"},{\"@type\":\"ListItem\",\"position\":2,\"name\":\"\u015aci\u0105gnij aplikacj\u0119 Tour de France 2016\"}]},{\"@type\":\"WebSite\",\"@id\":\"https:\/\/www.welovecycling.com\/pl\/#website\",\"url\":\"https:\/\/www.welovecycling.com\/pl\/\",\"name\":\"\u0160koda We Love Cycling - Poland\",\"description\":\"\",\"potentialAction\":[{\"@type\":\"SearchAction\",\"target\":{\"@type\":\"EntryPoint\",\"urlTemplate\":\"https:\/\/www.welovecycling.com\/pl\/?s={search_term_string}\"},\"query-input\":{\"@type\":\"PropertyValueSpecification\",\"valueRequired\":true,\"valueName\":\"search_term_string\"}}],\"inLanguage\":\"pl-PL\"},{\"@type\":\"Person\",\"@id\":\"https:\/\/www.welovecycling.com\/pl\/#\/schema\/person\/e5187c9cac8dd619ebc7b41bd73c2fd9\",\"name\":\"WeLoveCycling\",\"image\":{\"@type\":\"ImageObject\",\"inLanguage\":\"pl-PL\",\"@id\":\"https:\/\/www.welovecycling.com\/pl\/#\/schema\/person\/image\/\",\"url\":\"https:\/\/secure.gravatar.com\/avatar\/7e1ee0ecc5e294b19ef32b9f6086e0afbb9da00c3cb0d465ba4695331f4a9187?s=96&d=mm&r=g\",\"contentUrl\":\"https:\/\/secure.gravatar.com\/avatar\/7e1ee0ecc5e294b19ef32b9f6086e0afbb9da00c3cb0d465ba4695331f4a9187?s=96&d=mm&r=g\",\"caption\":\"WeLoveCycling\"},\"url\":\"https:\/\/www.welovecycling.com\/pl\/author\/lukascech\/\"}]}<\/script>\n<!-- \/ Yoast SEO Premium plugin. -->","yoast_head_json":{"title":"\u015aci\u0105gnij aplikacj\u0119 Tour de France 2016 - \u0160koda We Love Cycling - Poland","robots":{"index":"index","follow":"follow","max-snippet":"max-snippet:-1","max-image-preview":"max-image-preview:large","max-video-preview":"max-video-preview:-1"},"canonical":"https:\/\/www.welovecycling.com\/pl\/2016\/07\/14\/sciagnij-aplikacje-2016-tour-de-france-otrzymuj-newsy-interaktywne-mapy-materialy-wideo\/","og_locale":"pl_PL","og_type":"article","og_title":"\u015aci\u0105gnij aplikacj\u0119 Tour de France 2016","og_description":"Ciesz si\u0119 ekskluzywnym materia\u0142em wideo z oficjaln\u0105 aplikacj\u0105 2016 Tour de France stworzon\u0105 przez \u0160KOD\u0118! Sprawdzaj naj\u015bwie\u017csze newsy z wy\u015bcigu, [&hellip;]","og_url":"https:\/\/www.welovecycling.com\/pl\/2016\/07\/14\/sciagnij-aplikacje-2016-tour-de-france-otrzymuj-newsy-interaktywne-mapy-materialy-wideo\/","og_site_name":"\u0160koda We Love Cycling - Poland","article_published_time":"2016-07-14T15:07:44+00:00","article_modified_time":"2016-12-05T08:48:21+00:00","og_image":[{"width":1375,"height":600,"url":"https:\/\/d2p6e6u75xmxt8.cloudfront.net\/5\/2016\/07\/app1.jpg","type":"image\/jpeg"}],"author":"WeLoveCycling","twitter_card":"summary_large_image","twitter_misc":{"Written by":"WeLoveCycling","Est. reading time":"1 minute"},"schema":{"@context":"https:\/\/schema.org","@graph":[{"@type":"WebPage","@id":"https:\/\/www.welovecycling.com\/pl\/2016\/07\/14\/sciagnij-aplikacje-2016-tour-de-france-otrzymuj-newsy-interaktywne-mapy-materialy-wideo\/","url":"https:\/\/www.welovecycling.com\/pl\/2016\/07\/14\/sciagnij-aplikacje-2016-tour-de-france-otrzymuj-newsy-interaktywne-mapy-materialy-wideo\/","name":"\u015aci\u0105gnij aplikacj\u0119 Tour de France 2016 - \u0160koda We Love Cycling - Poland","isPartOf":{"@id":"https:\/\/www.welovecycling.com\/pl\/#website"},"primaryImageOfPage":{"@id":"https:\/\/www.welovecycling.com\/pl\/2016\/07\/14\/sciagnij-aplikacje-2016-tour-de-france-otrzymuj-newsy-interaktywne-mapy-materialy-wideo\/#primaryimage"},"image":{"@id":"https:\/\/www.welovecycling.com\/pl\/2016\/07\/14\/sciagnij-aplikacje-2016-tour-de-france-otrzymuj-newsy-interaktywne-mapy-materialy-wideo\/#primaryimage"},"thumbnailUrl":"https:\/\/d2p6e6u75xmxt8.cloudfront.net\/5\/2016\/07\/app1.jpg","datePublished":"2016-07-14T15:07:44+00:00","dateModified":"2016-12-05T08:48:21+00:00","author":{"@id":"https:\/\/www.welovecycling.com\/pl\/#\/schema\/person\/e5187c9cac8dd619ebc7b41bd73c2fd9"},"breadcrumb":{"@id":"https:\/\/www.welovecycling.com\/pl\/2016\/07\/14\/sciagnij-aplikacje-2016-tour-de-france-otrzymuj-newsy-interaktywne-mapy-materialy-wideo\/#breadcrumb"},"inLanguage":"pl-PL","potentialAction":[{"@type":"ReadAction","target":["https:\/\/www.welovecycling.com\/pl\/2016\/07\/14\/sciagnij-aplikacje-2016-tour-de-france-otrzymuj-newsy-interaktywne-mapy-materialy-wideo\/"]}]},{"@type":"ImageObject","inLanguage":"pl-PL","@id":"https:\/\/www.welovecycling.com\/pl\/2016\/07\/14\/sciagnij-aplikacje-2016-tour-de-france-otrzymuj-newsy-interaktywne-mapy-materialy-wideo\/#primaryimage","url":"https:\/\/d2p6e6u75xmxt8.cloudfront.net\/5\/2016\/07\/app1.jpg","contentUrl":"https:\/\/d2p6e6u75xmxt8.cloudfront.net\/5\/2016\/07\/app1.jpg","width":1375,"height":600},{"@type":"BreadcrumbList","@id":"https:\/\/www.welovecycling.com\/pl\/2016\/07\/14\/sciagnij-aplikacje-2016-tour-de-france-otrzymuj-newsy-interaktywne-mapy-materialy-wideo\/#breadcrumb","itemListElement":[{"@type":"ListItem","position":1,"name":"Home","item":"https:\/\/www.welovecycling.com\/pl\/"},{"@type":"ListItem","position":2,"name":"\u015aci\u0105gnij aplikacj\u0119 Tour de France 2016"}]},{"@type":"WebSite","@id":"https:\/\/www.welovecycling.com\/pl\/#website","url":"https:\/\/www.welovecycling.com\/pl\/","name":"\u0160koda We Love Cycling - Poland","description":"","potentialAction":[{"@type":"SearchAction","target":{"@type":"EntryPoint","urlTemplate":"https:\/\/www.welovecycling.com\/pl\/?s={search_term_string}"},"query-input":{"@type":"PropertyValueSpecification","valueRequired":true,"valueName":"search_term_string"}}],"inLanguage":"pl-PL"},{"@type":"Person","@id":"https:\/\/www.welovecycling.com\/pl\/#\/schema\/person\/e5187c9cac8dd619ebc7b41bd73c2fd9","name":"WeLoveCycling","image":{"@type":"ImageObject","inLanguage":"pl-PL","@id":"https:\/\/www.welovecycling.com\/pl\/#\/schema\/person\/image\/","url":"https:\/\/secure.gravatar.com\/avatar\/7e1ee0ecc5e294b19ef32b9f6086e0afbb9da00c3cb0d465ba4695331f4a9187?s=96&d=mm&r=g","contentUrl":"https:\/\/secure.gravatar.com\/avatar\/7e1ee0ecc5e294b19ef32b9f6086e0afbb9da00c3cb0d465ba4695331f4a9187?s=96&d=mm&r=g","caption":"WeLoveCycling"},"url":"https:\/\/www.welovecycling.com\/pl\/author\/lukascech\/"}]}},"_links":{"self":[{"href":"https:\/\/www.welovecycling.com\/pl\/wp-json\/wp\/v2\/posts\/1407","targetHints":{"allow":["GET"]}}],"collection":[{"href":"https:\/\/www.welovecycling.com\/pl\/wp-json\/wp\/v2\/posts"}],"about":[{"href":"https:\/\/www.welovecycling.com\/pl\/wp-json\/wp\/v2\/types\/post"}],"author":[{"embeddable":true,"href":"https:\/\/www.welovecycling.com\/pl\/wp-json\/wp\/v2\/users\/1"}],"replies":[{"embeddable":true,"href":"https:\/\/www.welovecycling.com\/pl\/wp-json\/wp\/v2\/comments?post=1407"}],"version-history":[{"count":1,"href":"https:\/\/www.welovecycling.com\/pl\/wp-json\/wp\/v2\/posts\/1407\/revisions"}],"predecessor-version":[{"id":2429,"href":"https:\/\/www.welovecycling.com\/pl\/wp-json\/wp\/v2\/posts\/1407\/revisions\/2429"}],"wp:featuredmedia":[{"embeddable":true,"href":"https:\/\/www.welovecycling.com\/pl\/wp-json\/wp\/v2\/media\/1408"}],"wp:attachment":[{"href":"https:\/\/www.welovecycling.com\/pl\/wp-json\/wp\/v2\/media?parent=1407"}],"wp:term":[{"taxonomy":"category","embeddable":true,"href":"https:\/\/www.welovecycling.com\/pl\/wp-json\/wp\/v2\/categories?post=1407"},{"taxonomy":"post_tag","embeddable":true,"href":"https:\/\/www.welovecycling.com\/pl\/wp-json\/wp\/v2\/tags?post=1407"},{"taxonomy":"global-categories","embeddable":true,"href":"https:\/\/www.welovecycling.com\/pl\/wp-json\/wp\/v2\/global-categories?post=1407"}],"curies":[{"name":"wp","href":"https:\/\/api.w.org\/{rel}","templated":true}]}}