{"id":14057,"date":"2023-08-30T11:36:42","date_gmt":"2023-08-30T11:36:42","guid":{"rendered":"https:\/\/www.welovecycling.com\/pl\/?p=14057"},"modified":"2024-01-11T07:54:48","modified_gmt":"2024-01-11T07:54:48","slug":"polanica-zdroj-na-rowerowy-weekend-szosa","status":"publish","type":"post","link":"https:\/\/www.welovecycling.com\/pl\/2023\/08\/30\/polanica-zdroj-na-rowerowy-weekend-szosa\/","title":{"rendered":"Polanica-Zdr\u00f3j na rowerowy weekend &#8211; Szosa"},"content":{"rendered":"<p><a href=\"https:\/\/d2p6e6u75xmxt8.cloudfront.net\/5\/2023\/07\/Trasa-szosowa.webp\"><img loading=\"lazy\" decoding=\"async\" class=\"alignnone wp-image-14060\" src=\"https:\/\/d2p6e6u75xmxt8.cloudfront.net\/5\/2023\/07\/Trasa-szosowa.webp\" alt=\"\" width=\"503\" height=\"230\" srcset=\"https:\/\/d2p6e6u75xmxt8.cloudfront.net\/5\/2023\/07\/Trasa-szosowa.webp 840w, https:\/\/d2p6e6u75xmxt8.cloudfront.net\/5\/2023\/07\/Trasa-szosowa-300x137.webp 300w, https:\/\/d2p6e6u75xmxt8.cloudfront.net\/5\/2023\/07\/Trasa-szosowa-768x351.webp 768w, https:\/\/d2p6e6u75xmxt8.cloudfront.net\/5\/2023\/07\/Trasa-szosowa-400x183.webp 400w\" sizes=\"auto, (max-width: 503px) 100vw, 503px\" \/><\/a><\/p>\n<p><a href=\"https:\/\/www.bikemap.net\/en\/r\/12715191\/#11.17\/50.455\/16.4246\">&gt;&gt;TRASA&lt;&lt;<\/a><\/p>\n<p><span data-contrast=\"auto\">W nowej serii artyku\u0142\u00f3w wsp\u00f3lnie odkrywa\u0107 b\u0119dziemy ciekawe dla rowerzyst\u00f3w miejsca. Na pocz\u0105tek chcia\u0142bym Was zaprosi\u0107 do Polanicy-Zdroju. Wok\u00f3\u0142 Polanicy mamy pi\u0119kne tereny na wycieczk\u0119 rowerow\u0105, wiele podjazd\u00f3w, zjazd\u00f3w i innych atrakcji. A samo miejsce startu i mety pozwala aktywnie sp\u0119dzi\u0107 wolny czas.\u00a0<\/span><span data-ccp-props=\"{&quot;201341983&quot;:0,&quot;335559739&quot;:160,&quot;335559740&quot;:259}\">\u00a0<\/span><\/p>\n<p><span data-contrast=\"auto\">Polanica to miasto w wojew\u00f3dztwie dolno\u015bl\u0105skim, wyj\u0105tkowo pi\u0119knie po\u0142o\u017cone na styku G\u00f3r Sto\u0142owych, Bystrzyckich i Kotliny K\u0142odzkiej. Polanica wznosi si\u0119 na wysoko\u015bci od 370 do 560 m n.p.m., a przez miasto przep\u0142ywa Bystrzyca Dusznicka, wp\u0142ywaj\u0105ca w dalszym swym biegu do Nysy K\u0142odzkiej.\u00a0<\/span><span data-ccp-props=\"{&quot;201341983&quot;:0,&quot;335559739&quot;:160,&quot;335559740&quot;:259}\">\u00a0<\/span><\/p>\n<p><span data-contrast=\"auto\">Na pocz\u0105tek \u2013 na zach\u0119t\u0119 \u2013 zapraszam do obejrzenia filmu, kt\u00f3ry zobrazuje proponowan\u0105 przeze mnie tras\u0119 rowerow\u0105.<\/span><span data-ccp-props=\"{&quot;201341983&quot;:0,&quot;335559739&quot;:160,&quot;335559740&quot;:259}\">\u00a0<\/span><\/p>\n<lite-youtube videoid=EhMxQiV7-Ts params=\"enablejsapi=1\" style=\"background-image: url('https:\/\/i.ytimg.com\/vi_webp\/EhMxQiV7-Ts\/maxresdefault.webp');\"><\/lite-youtube>\n<p><span data-contrast=\"auto\">Polanica skrywa w sobie poka\u017an\u0105 list\u0119 zabytk\u00f3w, z kt\u00f3rych najwa\u017cniejsze to:\u00a0<\/span><span data-ccp-props=\"{&quot;201341983&quot;:0,&quot;335559739&quot;:160,&quot;335559740&quot;:259}\">\u00a0<\/span><\/p>\n<ul>\n<li data-leveltext=\"\uf0b7\" data-font=\"Symbol\" data-listid=\"5\" data-list-defn-props=\"{&quot;335552541&quot;:1,&quot;335559684&quot;:-2,&quot;335559685&quot;:720,&quot;335559991&quot;:360,&quot;469769226&quot;:&quot;Symbol&quot;,&quot;469769242&quot;:[8226],&quot;469777803&quot;:&quot;left&quot;,&quot;469777804&quot;:&quot;\uf0b7&quot;,&quot;469777815&quot;:&quot;hybridMultilevel&quot;}\" aria-setsize=\"-1\" data-aria-posinset=\"1\" data-aria-level=\"1\"><span data-contrast=\"none\">historyczny uk\u0142ad urbanistyczny z XIV\u2013XX w.,<\/span><span data-ccp-props=\"{&quot;201341983&quot;:0,&quot;335559739&quot;:160,&quot;335559740&quot;:259}\">\u00a0<\/span><\/li>\n<li data-leveltext=\"\uf0b7\" data-font=\"Symbol\" data-listid=\"5\" data-list-defn-props=\"{&quot;335552541&quot;:1,&quot;335559684&quot;:-2,&quot;335559685&quot;:720,&quot;335559991&quot;:360,&quot;469769226&quot;:&quot;Symbol&quot;,&quot;469769242&quot;:[8226],&quot;469777803&quot;:&quot;left&quot;,&quot;469777804&quot;:&quot;\uf0b7&quot;,&quot;469777815&quot;:&quot;hybridMultilevel&quot;}\" aria-setsize=\"-1\" data-aria-posinset=\"2\" data-aria-level=\"1\"><span data-contrast=\"none\">ko\u015bci\u00f3\u0142 parafialny pw. Wniebowzi\u0119cia NMP, wybudowany w 1910 r. w stylu neobarokowym \u2013 jest \u015bwi\u0105tyni\u0105 jednonawow\u0105, z jedn\u0105 wie\u017c\u0105 i bogato dekorowanymi elewacjami, powsta\u0142 na miejscu drewnianej kaplicy z XVII w. i stoi obok dawnego dworu jezuickiego,<\/span><span data-ccp-props=\"{&quot;134233117&quot;:true,&quot;201341983&quot;:0,&quot;335559739&quot;:24,&quot;335559740&quot;:240}\">\u00a0<\/span><\/li>\n<li data-leveltext=\"\uf0b7\" data-font=\"Symbol\" data-listid=\"5\" data-list-defn-props=\"{&quot;335552541&quot;:1,&quot;335559684&quot;:-2,&quot;335559685&quot;:720,&quot;335559991&quot;:360,&quot;469769226&quot;:&quot;Symbol&quot;,&quot;469769242&quot;:[8226],&quot;469777803&quot;:&quot;left&quot;,&quot;469777804&quot;:&quot;\uf0b7&quot;,&quot;469777815&quot;:&quot;hybridMultilevel&quot;}\" aria-setsize=\"-1\" data-aria-posinset=\"3\" data-aria-level=\"1\"><span data-contrast=\"none\">kaplica pomocnicza pw. \u015bw. Antoniego z XVIII w.,\u202fNowy Wielis\u0142aw,\u00a0<\/span><span data-ccp-props=\"{&quot;134233117&quot;:true,&quot;201341983&quot;:0,&quot;335559739&quot;:24,&quot;335559740&quot;:240}\">\u00a0<\/span><\/li>\n<\/ul>\n<ul>\n<li data-leveltext=\"\uf0b7\" data-font=\"Symbol\" data-listid=\"5\" data-list-defn-props=\"{&quot;335552541&quot;:1,&quot;335559684&quot;:-2,&quot;335559685&quot;:720,&quot;335559991&quot;:360,&quot;469769226&quot;:&quot;Symbol&quot;,&quot;469769242&quot;:[8226],&quot;469777803&quot;:&quot;left&quot;,&quot;469777804&quot;:&quot;\uf0b7&quot;,&quot;469777815&quot;:&quot;hybridMultilevel&quot;}\" aria-setsize=\"-1\" data-aria-posinset=\"1\" data-aria-level=\"1\"><span data-contrast=\"none\">park zdrojowy z 1906 r.,<\/span><span data-ccp-props=\"{&quot;134233117&quot;:true,&quot;201341983&quot;:0,&quot;335559739&quot;:24,&quot;335559740&quot;:240}\">\u00a0<\/span><\/li>\n<li data-leveltext=\"\uf0b7\" data-font=\"Symbol\" data-listid=\"5\" data-list-defn-props=\"{&quot;335552541&quot;:1,&quot;335559684&quot;:-2,&quot;335559685&quot;:720,&quot;335559991&quot;:360,&quot;469769226&quot;:&quot;Symbol&quot;,&quot;469769242&quot;:[8226],&quot;469777803&quot;:&quot;left&quot;,&quot;469777804&quot;:&quot;\uf0b7&quot;,&quot;469777815&quot;:&quot;hybridMultilevel&quot;}\" aria-setsize=\"-1\" data-aria-posinset=\"2\" data-aria-level=\"1\"><span data-contrast=\"none\">Teatr Zdrojowy\u202fz 1925 r., po\u0142\u0105czony z budynkiem pijalni; sala mie\u015bci 282 widz\u00f3w; w latach 2010\u20132011 dzi\u0119ki pozyskaniu funduszy unijnych przeszed\u0142 gruntown\u0105 modernizacj\u0119,<\/span><span data-ccp-props=\"{&quot;134233117&quot;:true,&quot;201341983&quot;:0,&quot;335559739&quot;:24,&quot;335559740&quot;:240}\">\u00a0<\/span><\/li>\n<li data-leveltext=\"\uf0b7\" data-font=\"Symbol\" data-listid=\"5\" data-list-defn-props=\"{&quot;335552541&quot;:1,&quot;335559684&quot;:-2,&quot;335559685&quot;:720,&quot;335559991&quot;:360,&quot;469769226&quot;:&quot;Symbol&quot;,&quot;469769242&quot;:[8226],&quot;469777803&quot;:&quot;left&quot;,&quot;469777804&quot;:&quot;\uf0b7&quot;,&quot;469777815&quot;:&quot;hybridMultilevel&quot;}\" aria-setsize=\"-1\" data-aria-posinset=\"3\" data-aria-level=\"1\"><span data-contrast=\"none\">Dom Zdrojowy \u2013 pijalnia w\u00f3d mineralnych z 1911 r. w stylu\u202fsecesyjno-klasycystycznym\u202fz hal\u0105 spacerow\u0105.<\/span><span data-ccp-props=\"{&quot;134233117&quot;:true,&quot;201341983&quot;:0,&quot;335559739&quot;:24,&quot;335559740&quot;:240}\">\u00a0<\/span><\/li>\n<\/ul>\n<p><span data-ccp-props=\"{&quot;201341983&quot;:0,&quot;335559685&quot;:720,&quot;335559739&quot;:160,&quot;335559740&quot;:259}\">\u00a0<\/span><span data-contrast=\"auto\">Polanica-Zdr\u00f3j s\u0142ynie g\u0142\u00f3wnie z parku zdrojowego oraz bardzo bogatej oferty uzdrowiskowej, w\u0142\u0105cznie z pijalni\u0105 wody. Powsta\u0142y w 1974 roku Zesp\u00f3\u0142 Uzdrowisk K\u0142odzkich dzia\u0142a obecnie jako Uzdrowiska K\u0142odzkie S.A. i ma w swoich zasobach ogromn\u0105 baz\u0119 lecznicz\u0105 oraz hotelow\u0105, przystosowan\u0105 do potrzeb os\u00f3b niepe\u0142nosprawnych. Lecznicza s\u0142awa Polanicy znacznie wzros\u0142a po 1950 roku dzi\u0119ki chirurgii plastycznej zastosowanej po raz pierwszy w Polsce przez prof. Micha\u0142a Kraussa.\u00a0<\/span><span data-ccp-props=\"{&quot;201341983&quot;:0,&quot;335559739&quot;:160,&quot;335559740&quot;:259}\">\u00a0<\/span><\/p>\n<p><span data-contrast=\"auto\">Z Polanicy udajemy si\u0119 w kierunku Wambierzyc, przecinaj\u0105c krajow\u0105 drog\u0119 numer 8, najd\u0142u\u017csz\u0105 w Polsce, ci\u0105gn\u0105c\u0105 si\u0119 od przej\u015bcia granicznego w Kudowie-Zdroju a\u017c do Bia\u0142egostoku.\u00a0<\/span><span data-ccp-props=\"{&quot;201341983&quot;:0,&quot;335559739&quot;:160,&quot;335559740&quot;:259}\">\u00a0<\/span><\/p>\n<p><span data-contrast=\"auto\">Od 12 listopada 1946 roku Wambierzyce to prawomocnie wie\u015b, a nazw\u0119 swoj\u0105 zawdzi\u0119czaj\u0105 czeskiej nazwie <\/span><span data-contrast=\"none\">Vambe\u0159ice. Od roku 1253 trafia\u0142y pod zarz\u0105dy r\u00f3\u017cnych rodzin i kr\u00f3l\u00f3w, a\u017c wreszcie w 1945 roku w\u0142\u0105czono je w granice Polski. Jednak to, co w Wambierzycach jest najwa\u017cniejsze, to bazylika. Prowadzi do niej symboliczna liczba 57 schod\u00f3w: 9 (liczba ch\u00f3r\u00f3w anielskich) + 33 (wiek\u202f<\/span><span data-contrast=\"auto\">Chrystusa<\/span><span data-contrast=\"none\">\u202fw chwili ukrzy\u017cowania) + 15 (wiek\u202f<\/span><span data-contrast=\"auto\">Marii<\/span><span data-contrast=\"none\">\u202fw chwili pocz\u0119cia Chrystusa), a ca\u0142o\u015b\u0107 robi naprawd\u0119 piorunuj\u0105ce wra\u017cenie.<\/span><span data-ccp-props=\"{&quot;201341983&quot;:0,&quot;335559739&quot;:160,&quot;335559740&quot;:259}\">\u00a0<\/span><\/p>\n<p><span data-contrast=\"none\">Najwa\u017cniejsze zabytki Wambierzyc to:<\/span><span data-ccp-props=\"{&quot;201341983&quot;:0,&quot;335559739&quot;:160,&quot;335559740&quot;:259}\">\u00a0<\/span><\/p>\n<ul>\n<li data-leveltext=\"\uf0b7\" data-font=\"Symbol\" data-listid=\"2\" data-list-defn-props=\"{&quot;335552541&quot;:1,&quot;335559684&quot;:-2,&quot;335559685&quot;:720,&quot;335559991&quot;:360,&quot;469769226&quot;:&quot;Symbol&quot;,&quot;469769242&quot;:[8226],&quot;469777803&quot;:&quot;left&quot;,&quot;469777804&quot;:&quot;\uf0b7&quot;,&quot;469777815&quot;:&quot;multilevel&quot;}\" aria-setsize=\"-1\" data-aria-posinset=\"1\" data-aria-level=\"1\"><span data-contrast=\"none\">ko\u015bci\u00f3\u0142 parafialny Nawiedzenia Naj\u015bwi\u0119tszej Marii Panny z lat 1695\u20131750,<\/span><span data-ccp-props=\"{&quot;134233117&quot;:true,&quot;201341983&quot;:0,&quot;335559685&quot;:1104,&quot;335559739&quot;:24,&quot;335559740&quot;:240}\">\u00a0<\/span><\/li>\n<li data-leveltext=\"\uf0b7\" data-font=\"Symbol\" data-listid=\"2\" data-list-defn-props=\"{&quot;335552541&quot;:1,&quot;335559684&quot;:-2,&quot;335559685&quot;:720,&quot;335559991&quot;:360,&quot;469769226&quot;:&quot;Symbol&quot;,&quot;469769242&quot;:[8226],&quot;469777803&quot;:&quot;left&quot;,&quot;469777804&quot;:&quot;\uf0b7&quot;,&quot;469777815&quot;:&quot;multilevel&quot;}\" aria-setsize=\"-1\" data-aria-posinset=\"2\" data-aria-level=\"1\"><span data-contrast=\"none\">zesp\u00f3\u0142 kalwarii, kaplice na g\u00f3rze Tabor i g\u00f3rze Kalwaria, kaplice i bramy z XVII w. po\u0142o\u017cone na obszarze miasta, kt\u00f3re zosta\u0142y przebudowane w XIX w.,<\/span><span data-ccp-props=\"{&quot;134233117&quot;:true,&quot;201341983&quot;:0,&quot;335559685&quot;:1104,&quot;335559739&quot;:24,&quot;335559740&quot;:240}\">\u00a0<\/span><\/li>\n<\/ul>\n<ul>\n<li data-leveltext=\"\uf0b7\" data-font=\"Symbol\" data-listid=\"2\" data-list-defn-props=\"{&quot;335552541&quot;:1,&quot;335559684&quot;:-2,&quot;335559685&quot;:720,&quot;335559991&quot;:360,&quot;469769226&quot;:&quot;Symbol&quot;,&quot;469769242&quot;:[8226],&quot;469777803&quot;:&quot;left&quot;,&quot;469777804&quot;:&quot;\uf0b7&quot;,&quot;469777815&quot;:&quot;multilevel&quot;}\" aria-setsize=\"-1\" data-aria-posinset=\"1\" data-aria-level=\"1\"><span data-contrast=\"none\">hotel z drugiej po\u0142owy XIX w., obecnie dom wycieczkowy, znajduj\u0105cy si\u0119 na pl. Naj\u015bwi\u0119tszej Marii Panny 1,<\/span><span data-ccp-props=\"{&quot;134233117&quot;:true,&quot;201341983&quot;:0,&quot;335559685&quot;:1104,&quot;335559739&quot;:24,&quot;335559740&quot;:240}\">\u00a0<\/span><\/li>\n<li data-leveltext=\"\uf0b7\" data-font=\"Symbol\" data-listid=\"2\" data-list-defn-props=\"{&quot;335552541&quot;:1,&quot;335559684&quot;:-2,&quot;335559685&quot;:720,&quot;335559991&quot;:360,&quot;469769226&quot;:&quot;Symbol&quot;,&quot;469769242&quot;:[8226],&quot;469777803&quot;:&quot;left&quot;,&quot;469777804&quot;:&quot;\uf0b7&quot;,&quot;469777815&quot;:&quot;multilevel&quot;}\" aria-setsize=\"-1\" data-aria-posinset=\"2\" data-aria-level=\"1\"><span data-contrast=\"none\">stajnie z drugiej po\u0142owy XIX w.<\/span><span data-ccp-props=\"{&quot;134233117&quot;:true,&quot;201341983&quot;:0,&quot;335559685&quot;:1104,&quot;335559739&quot;:24,&quot;335559740&quot;:240}\">\u00a0<\/span><\/li>\n<\/ul>\n<p><span data-contrast=\"none\">Z Wambierzyc kierujemy si\u0119 w stron\u0119 G\u00f3r Sto\u0142owych. Zanim jednak rozpoczniemy d\u0142ug\u0105, aczkolwiek \u0142agodn\u0105 wspinaczk\u0119, pojawimy si\u0119 w Radkowie, do kt\u00f3rego dotrzemy drog\u0105 zwan\u0105 potocznie \u201eSzos\u0105 Stu Zakr\u0119t\u00f3w\u201d. Wielki po\u017car z 1738 roku strawi\u0142 ca\u0142\u0105 zabudow\u0119 centrum miasta w\u0142\u0105cznie z renesansowym ratuszem. O\u017cywienie gospodarcze nast\u0105pi\u0142o pod koniec XIX wieku dzi\u0119ki przemys\u0142owi w\u0142\u00f3kienniczemu i tkackiemu. Radk\u00f3w to r\u00f3wnie\u017c zalew, kt\u00f3ry powsta\u0142 dzi\u0119ki budowie zapory na Potoku Czerwonog\u00f3rskim. Zalew ma d\u0142ugo\u015b\u0107 oko\u0142o kilometra i szeroko\u015b\u0107 oko\u0142o trzystu metr\u00f3w. G\u00f3ruj\u0105 nad nim domki letniskowe, restauracje i miejsca do aktywnego sp\u0119dzania wolnego czasu. Jest \u015bwietnym miejscem na z\u0142apanie chwili oddechu przed podjazdem do Kar\u0142owa.<\/span><span data-ccp-props=\"{&quot;201341983&quot;:0,&quot;335559739&quot;:160,&quot;335559740&quot;:259}\">\u00a0<\/span><\/p>\n<p><span data-contrast=\"none\">Podjazd ten b\u0119dzie najwi\u0119ksz\u0105 przeszkod\u0105 terenow\u0105 na naszej trasie, jednak to wyzwanie, z kt\u00f3rym na pewno warto si\u0119 zmierzy\u0107. Sam podjazd nie jest bardzo stromy, dzi\u0119ki czemu ka\u017cdy powinien sobie z nim poradzi\u0107. Na g\u00f3r\u0119 wiedzie wygodna droga poprowadzona w\u015br\u00f3d pi\u0119knych, wieloletnich drzew. Wiele zakr\u0119t\u00f3w pozwoli nam poczu\u0107 si\u0119 jak profesjonalni zawodnicy \u015bcigaj\u0105cy si\u0119 w\u015br\u00f3d alpejskich prze\u0142\u0119czy.\u00a0<\/span><span data-ccp-props=\"{&quot;201341983&quot;:0,&quot;335559739&quot;:160,&quot;335559740&quot;:259}\">\u00a0<\/span><\/p>\n<p><span data-contrast=\"none\">Sam Kar\u0142\u00f3w po\u0142o\u017cony jest na wysoko\u015bci 750 m n.p.m. i stanowi \u015bwietn\u0105 baz\u0119 wypadow\u0105 w najwi\u0119ksze atrakcje\u202fokolicznych g\u00f3r, takie jak <\/span><span data-contrast=\"auto\">B\u0142\u0119dne Ska\u0142y<\/span><span data-contrast=\"none\">,\u202f<\/span><span data-contrast=\"auto\">Bia\u0142e Ska\u0142y<\/span><span data-contrast=\"none\">,\u202f<\/span><span data-contrast=\"auto\">Kopa \u015amierci<\/span><span data-contrast=\"none\">,\u202f<\/span><span data-contrast=\"auto\">Naro\u017cnik<\/span><span data-contrast=\"none\">\u202fi\u202f<\/span><span data-contrast=\"auto\">Szczeliniec Wielki<\/span><span data-contrast=\"none\">. Przez Kar\u0142\u00f3w przebiega\u202f<\/span><span data-contrast=\"auto\">Szosa Stu Zakr\u0119t\u00f3w<\/span><span data-contrast=\"none\">, z kt\u00f3rej odbijamy w lewo kawa\u0142ek za znakiem wyznaczaj\u0105cym koniec miejscowo\u015bci. Po d\u0142ugim podje\u017adzie od Radkowa tutaj czeka na nas nagroda \u2013 pi\u0119kny zar\u00f3wno widokowo, jak i pod wzgl\u0119dem jako\u015bci asfaltu zjazd do Dusznik-Zdroju.<\/span><span data-ccp-props=\"{&quot;201341983&quot;:0,&quot;335559739&quot;:160,&quot;335559740&quot;:259}\">\u00a0<\/span><\/p>\n<p><span data-contrast=\"none\">Duszniki to kolejny na naszej trasie kurort uzdrowiskowy, z pi\u0119knym brukowanym rynkiem, pijalni\u0105 wody oraz parkiem zdrojowym. Miejscowo\u015b\u0107 jest po\u0142o\u017cona w dolinie rzeki Bystrzycy Dusznickiej, kt\u00f3ra oddziela G\u00f3ry Orlickie od G\u00f3r Bystrzyckich. Wbrew pozorom Duszniki-Zdr\u00f3j zajmuj\u0105 spor\u0105 powierzchni\u0119, a najdalej i najwy\u017cej po\u0142o\u017con\u0105 cz\u0119\u015bci\u0105 miasta jest Zieleniec, kt\u00f3ry znajduje si\u0119 na naszej trasie stworzonej z my\u015bl\u0105 o mi\u0142o\u015bnikach rower\u00f3w MTB i gravel. W Dusznikach wiele si\u0119 dzieje, co rok odbywa si\u0119 tutaj m.in. Mi\u0119dzynarodowy Festiwal Chopinowski.\u00a0<\/span><span data-ccp-props=\"{&quot;201341983&quot;:0,&quot;335559739&quot;:160,&quot;335559740&quot;:259}\">\u00a0<\/span><\/p>\n<p><span data-contrast=\"none\">Na li\u015bcie zabytk\u00f3w wyr\u00f3\u017cni\u0107 nale\u017cy:<\/span><span data-ccp-props=\"{&quot;201341983&quot;:0,&quot;335559739&quot;:160,&quot;335559740&quot;:259}\">\u00a0<\/span><\/p>\n<ul>\n<li><span data-contrast=\"none\"> ko\u015bci\u00f3\u0142 parafialny pw. \u015b\u015b. Piotra i Paw\u0142a z XVII w.,<\/span><\/li>\n<li><span data-contrast=\"none\"> ko\u015bci\u00f3\u0142 ewangelicki,<\/span><\/li>\n<li><span data-contrast=\"none\"> kaplic\u0119 pustelnika z XVIII w. (dawniej kaplica \u015awi\u0119tej Tr\u00f3jcy),<\/span><\/li>\n<li><span data-contrast=\"none\"> park zdrojowy.<\/span><\/li>\n<\/ul>\n<p><span data-contrast=\"none\">Ciekaw\u0105 atrakcj\u0105 turystyczn\u0105 wart\u0105 odwiedzenia jest r\u00f3wnie\u017c Muzeum Papiernictwa, gromadz\u0105ce eksponaty dotycz\u0105ce historii papiernictwa i rozwoju przemys\u0142u papierniczego. W 2011 roku m\u0142yn papierniczy uzyska\u0142 status pomnika historii, a w 2019 roku sta\u0142 si\u0119 kandydatem Rzeczypospolitej Polskiej do wpisu na list\u0119 dziedzictwa kulturowego UNESCO. W 1998 roku Duszniki zosta\u0142y zniszczone przez pow\u00f3d\u017a. Szczeg\u00f3lnie ucierpia\u0142a cz\u0119\u015b\u0107 zdrojowa z zabytkowym parkiem zdrojowym. Obecnie skutki powodzi zosta\u0142y usuni\u0119te, a Muzeum Papiernictwa, park i po\u0142o\u017cony w nim Dworek Chopina s\u0105 starannie odnowione. W parku przebudowano graj\u0105c\u0105, kolorow\u0105 fontann\u0119 (czynn\u0105 w soboty i niedziele po zmroku), a nad potokiem zrekonstruowano w 1999 roku zadaszone mostki wykonane wed\u0142ug dawnych zdj\u0119\u0107.<\/span><br \/>\n<span data-contrast=\"none\">Z miejscowo\u015bci Duszniki-Zdr\u00f3j jedziemy kawa\u0142ek pod pr\u0105d trasy, kt\u00f3r\u0105 wcze\u015bniej jechali\u015bmy przez chwil\u0119, by omin\u0105\u0107 ruchliw\u0105 krajow\u0105 \u00f3semk\u0119, i zmierzamy do Szczytnej. To kolejna ma\u0142a, ale ciekawa miejscowo\u015b\u0107 na naszej mapie. Wje\u017cd\u017caj\u0105c do Szczytnej, warto kierowa\u0107 si\u0119 od razu w stron\u0119 zamku Le\u015bna, gdy\u017c po drodze przejedziemy przez bardzo \u0142adne tereny rekreacyjne. Zamek jest najwi\u0119ksz\u0105 atrakcj\u0105 na tym etapie naszej wycieczki. Prowadzi do niego kr\u00f3tki podjazd, ale warto uda\u0107 si\u0119 na g\u00f3r\u0119 pieszo. Sam zamek oraz punkt widokowy na d\u0142ugo pozostan\u0105 w naszej pami\u0119ci. <\/span><span data-contrast=\"auto\">Data powstania budowli szacowana jest na lata 1831\u20131837. W p\u00f3\u017aniejszym okresie zamek zmienia\u0142 zar\u00f3wno sw\u00f3j wygl\u0105d, jak i w\u0142a\u015bcicieli. Zbudowano go na wz\u00f3r \u015bredniowiecznego zamku obronnego. Otaczaj\u0105 go sucha fosa oraz mur obronny, na kt\u00f3rym w przesz\u0142o\u015bci sta\u0142y armaty. W \u015brodku mo\u017cna zwiedza\u0107 sal\u0119 rycersk\u0105 oraz kaplic\u0119 Matki Boskiej Kr\u00f3lowej Pokoju z unikalnym zabytkiem, jakim s\u0105 rury wykonane ze stopu spi\u017cowego, pe\u0142ni\u0105ce rol\u0119 dzwonka.\u00a0<\/span><span data-ccp-props=\"{&quot;201341983&quot;:0,&quot;335559739&quot;:160,&quot;335559740&quot;:259}\">\u00a0<\/span><\/p>\n<p><span data-contrast=\"none\">Z zamku Le\u015bna, po\u0142o\u017conego na wysoko\u015bci 589 m n.p.m., niezbyt ruchliwa boczna droga, wznosz\u0105c si\u0119 i opadaj\u0105c, prowadzi nas do miejsca startu, czyli Polanicy-Zdroju.<\/span><span data-ccp-props=\"{&quot;201341983&quot;:0,&quot;335559739&quot;:160,&quot;335559740&quot;:259}\">\u00a0<\/span><\/p>\n<p><span data-sheets-value=\"{&quot;1&quot;:2,&quot;2&quot;:&quot;Artyku\u0142 powsta\u0142 we wsp\u00f3\u0142pracy ze skoda-auto.pl&quot;}\" data-sheets-userformat=\"{&quot;2&quot;:1,&quot;3&quot;:{&quot;1&quot;:0}}\" data-sheets-hyperlink=\"http:\/\/www.skoda-auto.pl\/\"><a class=\"in-cell-link\" href=\"http:\/\/www.skoda-auto.pl\/\" target=\"_blank\" rel=\"noopener noreferrer\">Artyku\u0142 powsta\u0142 we wsp\u00f3\u0142pracy ze skoda-auto.pl<\/a><\/span><\/p>\n<p><a href=\"https:\/\/d2p6e6u75xmxt8.cloudfront.net\/5\/2030\/11\/2.webp\"><img loading=\"lazy\" decoding=\"async\" class=\"size-full wp-image-13774 aligncenter\" src=\"https:\/\/d2p6e6u75xmxt8.cloudfront.net\/5\/2030\/11\/2.webp\" alt=\"\" width=\"640\" height=\"350\" srcset=\"https:\/\/d2p6e6u75xmxt8.cloudfront.net\/5\/2030\/11\/2.webp 640w, https:\/\/d2p6e6u75xmxt8.cloudfront.net\/5\/2030\/11\/2-300x164.webp 300w, https:\/\/d2p6e6u75xmxt8.cloudfront.net\/5\/2030\/11\/2-400x219.webp 400w\" sizes=\"auto, (max-width: 640px) 100vw, 640px\" \/><\/a><\/p>\n","protected":false},"excerpt":{"rendered":"<p>&gt;&gt;TRASA&lt;&lt; W nowej serii artyku\u0142\u00f3w wsp\u00f3lnie odkrywa\u0107 b\u0119dziemy ciekawe dla rowerzyst\u00f3w miejsca. Na pocz\u0105tek chcia\u0142bym Was zaprosi\u0107 do Polanicy-Zdroju. Wok\u00f3\u0142 [&hellip;]<\/p>\n","protected":false},"author":153,"featured_media":14058,"comment_status":"open","ping_status":"open","sticky":false,"template":"","format":"standard","meta":{"footnotes":""},"categories":[203],"tags":[108,176,151,405,122,191,404,107,82],"global-categories":[303],"class_list":["post-14057","post","type-post","status-publish","format-standard","has-post-thumbnail","hentry","category-bartosz-huzarski","tag-bartosz-huzarski","tag-kolarstwo","tag-kolarstwo-szosowe","tag-rower","tag-rowery-szosowe","tag-skoda","tag-skodapolska","tag-trasy-rowerowe","tag-welovecycling","global-categories-cycling"],"yoast_head":"<!-- This site is optimized with the Yoast SEO Premium plugin v25.3 (Yoast SEO v25.9) - https:\/\/yoast.com\/wordpress\/plugins\/seo\/ -->\n<title>Polanica-Zdr\u00f3j na rowerowy weekend - Szosa - \u0160koda We Love Cycling - Poland<\/title>\n<meta name=\"robots\" content=\"index, follow, max-snippet:-1, max-image-preview:large, max-video-preview:-1\" \/>\n<link rel=\"canonical\" href=\"https:\/\/www.welovecycling.com\/pl\/2023\/08\/30\/polanica-zdroj-na-rowerowy-weekend-szosa\/\" \/>\n<meta property=\"og:locale\" content=\"pl_PL\" \/>\n<meta property=\"og:type\" content=\"article\" \/>\n<meta property=\"og:title\" content=\"Polanica-Zdr\u00f3j na rowerowy weekend - Szosa\" \/>\n<meta property=\"og:description\" content=\"&gt;&gt;TRASA&lt;&lt; W nowej serii artyku\u0142\u00f3w wsp\u00f3lnie odkrywa\u0107 b\u0119dziemy ciekawe dla rowerzyst\u00f3w miejsca. Na pocz\u0105tek chcia\u0142bym Was zaprosi\u0107 do Polanicy-Zdroju. Wok\u00f3\u0142 [&hellip;]\" \/>\n<meta property=\"og:url\" content=\"https:\/\/www.welovecycling.com\/pl\/2023\/08\/30\/polanica-zdroj-na-rowerowy-weekend-szosa\/\" \/>\n<meta property=\"og:site_name\" content=\"\u0160koda We Love Cycling - Poland\" \/>\n<meta property=\"article:published_time\" content=\"2023-08-30T11:36:42+00:00\" \/>\n<meta property=\"article:modified_time\" content=\"2024-01-11T07:54:48+00:00\" \/>\n<meta property=\"og:image\" content=\"https:\/\/d2p6e6u75xmxt8.cloudfront.net\/5\/2023\/07\/SCSV2-4231-Polanica-Zdroj-okladki-v2-no-txt-1.webp\" \/>\n\t<meta property=\"og:image:width\" content=\"1280\" \/>\n\t<meta property=\"og:image:height\" content=\"720\" \/>\n\t<meta property=\"og:image:type\" content=\"image\/webp\" \/>\n<meta name=\"author\" content=\"rafal\" \/>\n<meta name=\"twitter:card\" content=\"summary_large_image\" \/>\n<meta name=\"twitter:label1\" content=\"Written by\" \/>\n\t<meta name=\"twitter:data1\" content=\"Bartosz Huzarski\" \/>\n\t<meta name=\"twitter:label2\" content=\"Est. reading time\" \/>\n\t<meta name=\"twitter:data2\" content=\"13\" \/>\n<script type=\"application\/ld+json\" class=\"yoast-schema-graph\">{\"@context\":\"https:\/\/schema.org\",\"@graph\":[{\"@type\":\"WebPage\",\"@id\":\"https:\/\/www.welovecycling.com\/pl\/2023\/08\/30\/polanica-zdroj-na-rowerowy-weekend-szosa\/\",\"url\":\"https:\/\/www.welovecycling.com\/pl\/2023\/08\/30\/polanica-zdroj-na-rowerowy-weekend-szosa\/\",\"name\":\"Polanica-Zdr\u00f3j na rowerowy weekend - Szosa - \u0160koda We Love Cycling - Poland\",\"isPartOf\":{\"@id\":\"https:\/\/www.welovecycling.com\/pl\/#website\"},\"primaryImageOfPage\":{\"@id\":\"https:\/\/www.welovecycling.com\/pl\/2023\/08\/30\/polanica-zdroj-na-rowerowy-weekend-szosa\/#primaryimage\"},\"image\":{\"@id\":\"https:\/\/www.welovecycling.com\/pl\/2023\/08\/30\/polanica-zdroj-na-rowerowy-weekend-szosa\/#primaryimage\"},\"thumbnailUrl\":\"https:\/\/d2p6e6u75xmxt8.cloudfront.net\/5\/2023\/07\/SCSV2-4231-Polanica-Zdroj-okladki-v2-no-txt-1.webp\",\"datePublished\":\"2023-08-30T11:36:42+00:00\",\"dateModified\":\"2024-01-11T07:54:48+00:00\",\"author\":{\"@id\":\"https:\/\/www.welovecycling.com\/pl\/#\/schema\/person\/bf06ed916a1ef16618807fb60d2ebe42\"},\"breadcrumb\":{\"@id\":\"https:\/\/www.welovecycling.com\/pl\/2023\/08\/30\/polanica-zdroj-na-rowerowy-weekend-szosa\/#breadcrumb\"},\"inLanguage\":\"pl-PL\",\"potentialAction\":[{\"@type\":\"ReadAction\",\"target\":[\"https:\/\/www.welovecycling.com\/pl\/2023\/08\/30\/polanica-zdroj-na-rowerowy-weekend-szosa\/\"]}]},{\"@type\":\"ImageObject\",\"inLanguage\":\"pl-PL\",\"@id\":\"https:\/\/www.welovecycling.com\/pl\/2023\/08\/30\/polanica-zdroj-na-rowerowy-weekend-szosa\/#primaryimage\",\"url\":\"https:\/\/d2p6e6u75xmxt8.cloudfront.net\/5\/2023\/07\/SCSV2-4231-Polanica-Zdroj-okladki-v2-no-txt-1.webp\",\"contentUrl\":\"https:\/\/d2p6e6u75xmxt8.cloudfront.net\/5\/2023\/07\/SCSV2-4231-Polanica-Zdroj-okladki-v2-no-txt-1.webp\",\"width\":1280,\"height\":720},{\"@type\":\"BreadcrumbList\",\"@id\":\"https:\/\/www.welovecycling.com\/pl\/2023\/08\/30\/polanica-zdroj-na-rowerowy-weekend-szosa\/#breadcrumb\",\"itemListElement\":[{\"@type\":\"ListItem\",\"position\":1,\"name\":\"Home\",\"item\":\"https:\/\/www.welovecycling.com\/pl\/\"},{\"@type\":\"ListItem\",\"position\":2,\"name\":\"Polanica-Zdr\u00f3j na rowerowy weekend &#8211; Szosa\"}]},{\"@type\":\"WebSite\",\"@id\":\"https:\/\/www.welovecycling.com\/pl\/#website\",\"url\":\"https:\/\/www.welovecycling.com\/pl\/\",\"name\":\"\u0160koda We Love Cycling - Poland\",\"description\":\"\",\"potentialAction\":[{\"@type\":\"SearchAction\",\"target\":{\"@type\":\"EntryPoint\",\"urlTemplate\":\"https:\/\/www.welovecycling.com\/pl\/?s={search_term_string}\"},\"query-input\":{\"@type\":\"PropertyValueSpecification\",\"valueRequired\":true,\"valueName\":\"search_term_string\"}}],\"inLanguage\":\"pl-PL\"},{\"@type\":\"Person\",\"@id\":\"https:\/\/www.welovecycling.com\/pl\/#\/schema\/person\/bf06ed916a1ef16618807fb60d2ebe42\",\"name\":\"rafal\",\"image\":{\"@type\":\"ImageObject\",\"inLanguage\":\"pl-PL\",\"@id\":\"https:\/\/www.welovecycling.com\/pl\/#\/schema\/person\/image\/\",\"url\":\"https:\/\/secure.gravatar.com\/avatar\/203f240e63bee214f6f3a0dacbeb600c7829c09716c2b9ee3230c6961debcde2?s=96&d=mm&r=g\",\"contentUrl\":\"https:\/\/secure.gravatar.com\/avatar\/203f240e63bee214f6f3a0dacbeb600c7829c09716c2b9ee3230c6961debcde2?s=96&d=mm&r=g\",\"caption\":\"rafal\"},\"url\":\"https:\/\/www.welovecycling.com\/pl\/author\/rafal\/\"}]}<\/script>\n<!-- \/ Yoast SEO Premium plugin. -->","yoast_head_json":{"title":"Polanica-Zdr\u00f3j na rowerowy weekend - Szosa - \u0160koda We Love Cycling - Poland","robots":{"index":"index","follow":"follow","max-snippet":"max-snippet:-1","max-image-preview":"max-image-preview:large","max-video-preview":"max-video-preview:-1"},"canonical":"https:\/\/www.welovecycling.com\/pl\/2023\/08\/30\/polanica-zdroj-na-rowerowy-weekend-szosa\/","og_locale":"pl_PL","og_type":"article","og_title":"Polanica-Zdr\u00f3j na rowerowy weekend - Szosa","og_description":"&gt;&gt;TRASA&lt;&lt; W nowej serii artyku\u0142\u00f3w wsp\u00f3lnie odkrywa\u0107 b\u0119dziemy ciekawe dla rowerzyst\u00f3w miejsca. Na pocz\u0105tek chcia\u0142bym Was zaprosi\u0107 do Polanicy-Zdroju. Wok\u00f3\u0142 [&hellip;]","og_url":"https:\/\/www.welovecycling.com\/pl\/2023\/08\/30\/polanica-zdroj-na-rowerowy-weekend-szosa\/","og_site_name":"\u0160koda We Love Cycling - Poland","article_published_time":"2023-08-30T11:36:42+00:00","article_modified_time":"2024-01-11T07:54:48+00:00","og_image":[{"width":1280,"height":720,"url":"https:\/\/d2p6e6u75xmxt8.cloudfront.net\/5\/2023\/07\/SCSV2-4231-Polanica-Zdroj-okladki-v2-no-txt-1.webp","type":"image\/webp"}],"author":"rafal","twitter_card":"summary_large_image","twitter_misc":{"Written by":"Bartosz Huzarski","Est. reading time":"13"},"schema":{"@context":"https:\/\/schema.org","@graph":[{"@type":"WebPage","@id":"https:\/\/www.welovecycling.com\/pl\/2023\/08\/30\/polanica-zdroj-na-rowerowy-weekend-szosa\/","url":"https:\/\/www.welovecycling.com\/pl\/2023\/08\/30\/polanica-zdroj-na-rowerowy-weekend-szosa\/","name":"Polanica-Zdr\u00f3j na rowerowy weekend - Szosa - \u0160koda We Love Cycling - Poland","isPartOf":{"@id":"https:\/\/www.welovecycling.com\/pl\/#website"},"primaryImageOfPage":{"@id":"https:\/\/www.welovecycling.com\/pl\/2023\/08\/30\/polanica-zdroj-na-rowerowy-weekend-szosa\/#primaryimage"},"image":{"@id":"https:\/\/www.welovecycling.com\/pl\/2023\/08\/30\/polanica-zdroj-na-rowerowy-weekend-szosa\/#primaryimage"},"thumbnailUrl":"https:\/\/d2p6e6u75xmxt8.cloudfront.net\/5\/2023\/07\/SCSV2-4231-Polanica-Zdroj-okladki-v2-no-txt-1.webp","datePublished":"2023-08-30T11:36:42+00:00","dateModified":"2024-01-11T07:54:48+00:00","author":{"@id":"https:\/\/www.welovecycling.com\/pl\/#\/schema\/person\/bf06ed916a1ef16618807fb60d2ebe42"},"breadcrumb":{"@id":"https:\/\/www.welovecycling.com\/pl\/2023\/08\/30\/polanica-zdroj-na-rowerowy-weekend-szosa\/#breadcrumb"},"inLanguage":"pl-PL","potentialAction":[{"@type":"ReadAction","target":["https:\/\/www.welovecycling.com\/pl\/2023\/08\/30\/polanica-zdroj-na-rowerowy-weekend-szosa\/"]}]},{"@type":"ImageObject","inLanguage":"pl-PL","@id":"https:\/\/www.welovecycling.com\/pl\/2023\/08\/30\/polanica-zdroj-na-rowerowy-weekend-szosa\/#primaryimage","url":"https:\/\/d2p6e6u75xmxt8.cloudfront.net\/5\/2023\/07\/SCSV2-4231-Polanica-Zdroj-okladki-v2-no-txt-1.webp","contentUrl":"https:\/\/d2p6e6u75xmxt8.cloudfront.net\/5\/2023\/07\/SCSV2-4231-Polanica-Zdroj-okladki-v2-no-txt-1.webp","width":1280,"height":720},{"@type":"BreadcrumbList","@id":"https:\/\/www.welovecycling.com\/pl\/2023\/08\/30\/polanica-zdroj-na-rowerowy-weekend-szosa\/#breadcrumb","itemListElement":[{"@type":"ListItem","position":1,"name":"Home","item":"https:\/\/www.welovecycling.com\/pl\/"},{"@type":"ListItem","position":2,"name":"Polanica-Zdr\u00f3j na rowerowy weekend &#8211; Szosa"}]},{"@type":"WebSite","@id":"https:\/\/www.welovecycling.com\/pl\/#website","url":"https:\/\/www.welovecycling.com\/pl\/","name":"\u0160koda We Love Cycling - Poland","description":"","potentialAction":[{"@type":"SearchAction","target":{"@type":"EntryPoint","urlTemplate":"https:\/\/www.welovecycling.com\/pl\/?s={search_term_string}"},"query-input":{"@type":"PropertyValueSpecification","valueRequired":true,"valueName":"search_term_string"}}],"inLanguage":"pl-PL"},{"@type":"Person","@id":"https:\/\/www.welovecycling.com\/pl\/#\/schema\/person\/bf06ed916a1ef16618807fb60d2ebe42","name":"rafal","image":{"@type":"ImageObject","inLanguage":"pl-PL","@id":"https:\/\/www.welovecycling.com\/pl\/#\/schema\/person\/image\/","url":"https:\/\/secure.gravatar.com\/avatar\/203f240e63bee214f6f3a0dacbeb600c7829c09716c2b9ee3230c6961debcde2?s=96&d=mm&r=g","contentUrl":"https:\/\/secure.gravatar.com\/avatar\/203f240e63bee214f6f3a0dacbeb600c7829c09716c2b9ee3230c6961debcde2?s=96&d=mm&r=g","caption":"rafal"},"url":"https:\/\/www.welovecycling.com\/pl\/author\/rafal\/"}]}},"_links":{"self":[{"href":"https:\/\/www.welovecycling.com\/pl\/wp-json\/wp\/v2\/posts\/14057","targetHints":{"allow":["GET"]}}],"collection":[{"href":"https:\/\/www.welovecycling.com\/pl\/wp-json\/wp\/v2\/posts"}],"about":[{"href":"https:\/\/www.welovecycling.com\/pl\/wp-json\/wp\/v2\/types\/post"}],"author":[{"embeddable":true,"href":"https:\/\/www.welovecycling.com\/pl\/wp-json\/wp\/v2\/users\/153"}],"replies":[{"embeddable":true,"href":"https:\/\/www.welovecycling.com\/pl\/wp-json\/wp\/v2\/comments?post=14057"}],"version-history":[{"count":11,"href":"https:\/\/www.welovecycling.com\/pl\/wp-json\/wp\/v2\/posts\/14057\/revisions"}],"predecessor-version":[{"id":14480,"href":"https:\/\/www.welovecycling.com\/pl\/wp-json\/wp\/v2\/posts\/14057\/revisions\/14480"}],"wp:featuredmedia":[{"embeddable":true,"href":"https:\/\/www.welovecycling.com\/pl\/wp-json\/wp\/v2\/media\/14058"}],"wp:attachment":[{"href":"https:\/\/www.welovecycling.com\/pl\/wp-json\/wp\/v2\/media?parent=14057"}],"wp:term":[{"taxonomy":"category","embeddable":true,"href":"https:\/\/www.welovecycling.com\/pl\/wp-json\/wp\/v2\/categories?post=14057"},{"taxonomy":"post_tag","embeddable":true,"href":"https:\/\/www.welovecycling.com\/pl\/wp-json\/wp\/v2\/tags?post=14057"},{"taxonomy":"global-categories","embeddable":true,"href":"https:\/\/www.welovecycling.com\/pl\/wp-json\/wp\/v2\/global-categories?post=14057"}],"curies":[{"name":"wp","href":"https:\/\/api.w.org\/{rel}","templated":true}]}}