{"id":14053,"date":"2023-07-28T09:15:18","date_gmt":"2023-07-28T09:15:18","guid":{"rendered":"https:\/\/www.welovecycling.com\/pl\/?p=14053"},"modified":"2023-08-23T13:14:14","modified_gmt":"2023-08-23T13:14:14","slug":"podsumowanie-tour-de-france-2023","status":"publish","type":"post","link":"https:\/\/www.welovecycling.com\/pl\/2023\/07\/28\/podsumowanie-tour-de-france-2023\/","title":{"rendered":"Podsumowanie Tour de France 2023"},"content":{"rendered":"<p><strong>Jonas Vingegaard i, jak si\u0119 okaza\u0142o, d\u0142ugo, d\u0142ugo nikt.<\/strong><\/p>\n<p><strong>Trzeci tydzie\u0144 wy\u015bcigu Tour de France otworzy\u0142a jazda indywidualna na czas. Etap prawdy nie by\u0142 d\u0142ugi, ale to wystarczy\u0142o, by namiesza\u0107 w klasyfikacji generalnej i jeszcze podkr\u0119ci\u0107 potencjometr emocji. Tak jak pisa\u0142em wcze\u015bniej, czas\u00f3wki s\u0105 bardzo wymagaj\u0105ce pod k\u0105tem nie tylko sprawno\u015bci fizycznej, ale i si\u0142y psychicznej. Na ka\u017cdym z poprzednich etap\u00f3w TdF dw\u00f3ch najwi\u0119kszych faworyt\u00f3w wy\u015bcigu w kluczowych momentach mia\u0142o do dyspozycji po kilku swoich pomocnik\u00f3w. Tutaj byli zdani tylko na siebie i podpowiedzi (b\u0105d\u017a ich brak \u2013 w zale\u017cno\u015bci od tego, co kto lubi) z jad\u0105cego z ty\u0142u samochodu i od dyrektora sportowego.<\/strong><\/p>\n<p>Zwyci\u0119sko z tej batalii wyszed\u0142 Jonas, kt\u00f3ry wygra\u0142 ca\u0142y etap i o 1:38 s odjecha\u0142 Tadejowi Poga\u010darowi. Czy mo\u017cna m\u00f3wi\u0107 o s\u0142abszym dniu Tadeja i o jego pora\u017cce? W tym momencie ci\u0119\u017cko to by\u0142o oceni\u0107 \u2013 pojecha\u0142 poni\u017cej oczekiwa\u0144, ale wci\u0105\u017c osi\u0105gn\u0105\u0142 drugi czas dnia. Warto zwr\u00f3ci\u0107 uwag\u0119, \u017ce na miejscu trzecim uplasowa\u0142 si\u0119 Wout van Aert ze strat\u0105 a\u017c 2:51 s do Vingegaarda. To kosmiczna r\u00f3\u017cnica (przecie\u017c wiemy, jak Wout potrafi pojecha\u0107 czas\u00f3wk\u0119) i w sumie dla niego by\u0142a to jedyna szansa, \u017ceby w tegorocznym Tour de France wygra\u0107 cokolwiek. Niestety si\u0119 nie uda\u0142o.<\/p>\n<p>\u015arodowy etap do alpejskiego kurortu Courchevel mia\u0142 by\u0107 rewan\u017cem Tadeja za nieudany poprzedni. 166 km i a\u017c 5400 metr\u00f3w przewy\u017cszenia, wi\u0119c czysto teoretycznie <strong>\u2013 <\/strong>by\u0142o gdzie odrabia\u0107 straty z etapu ITT. Po drodze do mety dwie g\u00f3ry pierwszej kategorii, jedna drugiej kategorii i na zako\u0144czenie 28-kilometrowej wspinaczki dach wy\u015bcigu, czyli prze\u0142\u0119cz Col de la Loze, po\u0142o\u017cona na wysoko\u015bci 2304 m n.p.m. Niestety rewan\u017cu nie by\u0142o, nie by\u0142o te\u017c \u015bwiate\u0142ka w tunelu dla ekipy UAE, gdy\u017c lider dru\u017cyny, jad\u0105cy w bia\u0142ej koszulce najlepszego m\u0142odzie\u017cowca <strong>\u2013<\/strong> S\u0142oweniec, zgas\u0142 tego dnia ca\u0142kowicie. Tutaj wy\u015bcig sko\u0144czy\u0142 si\u0119 dla wi\u0119kszo\u015bci kibic\u00f3w, kt\u00f3rzy emocjonowali si\u0119 niesamowicie zaci\u0119t\u0105 i widowiskow\u0105 walk\u0105 o tryumf w tegorocznej edycji. Tadej tego dnia przyjecha\u0142 na odleg\u0142ym jak na niego 22. miejscu i ca\u0142kowicie pogodzi\u0142 si\u0119 z przegraniem Tour de France 2023.<\/p>\n<p>Od tej pory jednak mogli\u015bmy si\u0119 zn\u00f3w emocjonowa\u0107 walk\u0105 uciekinier\u00f3w. Czwartkowy i pi\u0105tkowy etap by\u0142y w\u0142a\u015bnie dla nich stworzone. Pierwszy tryumfowa\u0142 Kasper Asgreen, kt\u00f3ry przygotowa\u0142 \u015bwietn\u0105 form\u0119 na trzeci tydzie\u0144 grand tour\u2019u. Nast\u0119pnego dnia by\u0142 drugi, lepszy okaza\u0142 si\u0119 Matej Mohori\u010d. Komisja s\u0119dziowska przetrzyma\u0142a zawodnik\u00f3w w niepewno\u015bci kilka minut, gdy\u017c nie wiedzieli, kto by\u0142 tego dnia najlepszy i potrzebny by\u0142 werdykt z fotofiniszu.<\/p>\n<p>Sobotni etap na otarcie \u0142ez wygra\u0142 Tadej Poga\u010dar, kt\u00f3ry po dw\u00f3ch dniach kryzysu i dw\u00f3ch dniach \u201eodpoczynku\u201d zn\u00f3w okaza\u0142 si\u0119 najlepszym zawodnikiem, odnosz\u0105c sw\u00f3j jedenasty sukces etapowy na Tour de France. Sobotni etap w Wogezach nie zmieni\u0142 nic w czo\u0142\u00f3wce klasyfikacji generalnej. Lider wy\u015bcigu nie mia\u0142 spektakularnego kryzysu, nie pope\u0142ni\u0142 b\u0142\u0119du na zje\u017adzie\u00a0i nie zabrak\u0142o mu jedzenia ani picia. Wypracowan\u0105 przewag\u0119 bezpiecznie dowi\u00f3z\u0142 do mety 20. etapu.<\/p>\n<p>Ostatni dzie\u0144 \u015bcigania tradycyjnie by\u0142 w pocz\u0105tkowej fazie etapem \u015bwi\u0119towania. Widzieli\u015bmy wi\u0119c posiadaczy poszczeg\u00f3lnych koszulek popijaj\u0105cych symbolicznie szampana, by\u0142y gratulacje i zdj\u0119cia. P\u00f3\u017aniej zacz\u0119\u0142o si\u0119 szalone \u015bciganie na brukach u\u0142o\u017conych w okolicy \u0141uku Tryumfalnego. Wszystko zmienia\u0142o si\u0119 jak w kalejdoskopie, jednak liczne ataki, nawet wielkiego przegranego Tadeja Poga\u010dara, na nic si\u0119 nie zda\u0142y. Na met\u0119 wpad\u0142a rozp\u0119dzona do maksymalnych pr\u0119dko\u015bci grupa najlepszych sprinter\u00f3w, kt\u00f3rzy pozostali w grze. Wygrana etapowa na Polach Elizejskich musi smakowa\u0107 wyj\u0105tkowo. Czy tak w\u0142a\u015bnie jest, trzeba by zapyta\u0107 Jordiego Meeusa z dru\u017cyny Bora-Hansgrohe, kt\u00f3ry odni\u00f3s\u0142 najwi\u0119kszy sukces w karierze.<\/p>\n<p>Jak wi\u0119c mo\u017cna by podsumowa\u0107 tegoroczn\u0105 edycj\u0119? My\u015bl\u0119, \u017ce by\u0142a wyj\u0105tkowo ciekawa. Ostra walka o ka\u017cd\u0105 sekund\u0119 pomi\u0119dzy Poga\u010darem i Vingegaardem. Wygrana etapowa Micha\u0142a Kwiatkowskiego. \u015awietne wyst\u0119py sprinter\u00f3w i wygrane Jaspera Philipsena. Pi\u0119kne widoki i ca\u0142a masa kibic\u00f3w. Pojawi\u0142y si\u0119 te\u017c chwile smutne, takie jak kraksy czy wycofanie z wy\u015bcigu Marca Cavendisha. Wielu m\u00f3g\u0142 rozczarowa\u0107 r\u00f3wnie\u017c brak zwyci\u0119stwa etapowego Wouta van Aerta i Mathieu van der Poela. \u015awietny Rafa\u0142 Majka pomagaj\u0105cy Tadejowi osi\u0105gn\u0105\u0107 zak\u0142adany przed startem cel, ale te\u017c, gdy pojawi\u0142a si\u0119 okazja, walcz\u0105cy o zwyci\u0119stwo etapowe. Bez wi\u0119kszego echa przejecha\u0142 wy\u015bcig Peter Sagan, cicho by\u0142o o Alexandrze Kristoffie, bez tryumfu zako\u0144czy\u0142 TdF r\u00f3wnie\u017c najwi\u0119kszy obecnie ulubieniec francuskiej publiczno\u015bci \u2013 Thibaut Pinot. Niemniej jednak wy\u015bcig okaza\u0142 si\u0119 chyba nawet ciekawszy ni\u017c zesz\u0142oroczna edycja.<\/p>\n<p>Jonas Vingegaard wyprzedza na mecie Tadeja Poga\u010dara o 7:29 s<\/p>\n<p>Miejsca 3. i 4. zajmuj\u0105 bracia bli\u017aniacy. Adam ze strat\u0105 do Jonasa 10:56 s oraz Simon ze strat\u0105 12:23 s. Rafa\u0142 Majka ko\u0144czy wy\u015bcig na miejscu 14., a Micha\u0142 Kwiatkowski na miejscu 49. (jednak nie KG by\u0142a ich g\u0142\u00f3wnym celem).<\/p>\n<p>W klasyfikacji punktowej \u2013 \u0160kody \u2013 tryumfuje Jasper Philipsen, kt\u00f3ry zgromadzi\u0142 377 punkt\u00f3w, przed Madsem Pedersenem (258 punkt\u00f3w) oraz Bryanem Coquardem (203 punkty).<\/p>\n<p>Klasyfikacj\u0119 g\u00f3rsk\u0105 wygrywa W\u0142och Giulio Ciccone (106 punkt\u00f3w) przed Felixem Gallem (92 punkty) oraz Jonasem Vingegaardem (89 punkt\u00f3w).<\/p>\n<p>Najlepszym m\u0142odym zawodnikiem okaza\u0142 si\u0119 po raz kolejny \u2013 i ju\u017c ostatni, bo za rok nie b\u0119dzie m\u0142odzie\u017cowcem \u2013 Tadej Poga\u010dar, drugi by\u0142 Carlos Rodriguez, a trzeci Felix Gall.<\/p>\n<p>Najlepsza dru\u017cyna to Jumbo-Visma, drugie miejsce w tej klasyfikacji zaj\u0119\u0142a ekipa UAE Team Emirates, a trzecie Bahrain Victorious.<\/p>\n<p><span data-sheets-value=\"{&quot;1&quot;:2,&quot;2&quot;:&quot;Artyku\u0142 powsta\u0142 we wsp\u00f3\u0142pracy ze skoda-auto.pl&quot;}\" data-sheets-userformat=\"{&quot;2&quot;:1,&quot;3&quot;:{&quot;1&quot;:0}}\" data-sheets-hyperlink=\"http:\/\/www.skoda-auto.pl\/\"><a class=\"in-cell-link\" href=\"http:\/\/www.skoda-auto.pl\/\" target=\"_blank\" rel=\"noopener noreferrer\">Artyku\u0142 powsta\u0142 we wsp\u00f3\u0142pracy ze skoda-auto.pl<\/a><\/span><\/p>\n<p><a href=\"https:\/\/d2p6e6u75xmxt8.cloudfront.net\/5\/2030\/11\/1.webp\"><img loading=\"lazy\" decoding=\"async\" class=\"size-full wp-image-13777 aligncenter\" src=\"https:\/\/d2p6e6u75xmxt8.cloudfront.net\/5\/2030\/11\/1.webp\" alt=\"\" width=\"640\" height=\"350\" srcset=\"https:\/\/d2p6e6u75xmxt8.cloudfront.net\/5\/2030\/11\/1.webp 640w, https:\/\/d2p6e6u75xmxt8.cloudfront.net\/5\/2030\/11\/1-300x164.webp 300w, https:\/\/d2p6e6u75xmxt8.cloudfront.net\/5\/2030\/11\/1-400x219.webp 400w\" sizes=\"auto, (max-width: 640px) 100vw, 640px\" \/><\/a><\/p>\n","protected":false},"excerpt":{"rendered":"<p>Jonas Vingegaard i, jak si\u0119 okaza\u0142o, d\u0142ugo, d\u0142ugo nikt. Trzeci tydzie\u0144 wy\u015bcigu Tour de France otworzy\u0142a jazda indywidualna na czas. [&hellip;]<\/p>\n","protected":false},"author":153,"featured_media":14054,"comment_status":"open","ping_status":"open","sticky":false,"template":"","format":"standard","meta":{"footnotes":""},"categories":[203,398],"tags":[176,405,191,404,73,77,399,82,146],"global-categories":[303],"class_list":["post-14053","post","type-post","status-publish","format-standard","has-post-thumbnail","hentry","category-bartosz-huzarski","category-tour-de-france-2023","tag-kolarstwo","tag-rower","tag-skoda","tag-skodapolska","tag-tdf","tag-tour-de-france","tag-tour-de-france-2023","tag-welovecycling","tag-wyscig","global-categories-cycling"],"yoast_head":"<!-- This site is optimized with the Yoast SEO Premium plugin v25.3 (Yoast SEO v25.9) - https:\/\/yoast.com\/wordpress\/plugins\/seo\/ -->\n<title>Podsumowanie Tour de France 2023 - \u0160koda We Love Cycling - Poland<\/title>\n<meta name=\"robots\" content=\"index, follow, max-snippet:-1, max-image-preview:large, max-video-preview:-1\" \/>\n<link rel=\"canonical\" href=\"https:\/\/www.welovecycling.com\/pl\/2023\/07\/28\/podsumowanie-tour-de-france-2023\/\" \/>\n<meta property=\"og:locale\" content=\"pl_PL\" \/>\n<meta property=\"og:type\" content=\"article\" \/>\n<meta property=\"og:title\" content=\"Podsumowanie Tour de France 2023\" \/>\n<meta property=\"og:description\" content=\"Jonas Vingegaard i, jak si\u0119 okaza\u0142o, d\u0142ugo, d\u0142ugo nikt. Trzeci tydzie\u0144 wy\u015bcigu Tour de France otworzy\u0142a jazda indywidualna na czas. [&hellip;]\" \/>\n<meta property=\"og:url\" content=\"https:\/\/www.welovecycling.com\/pl\/2023\/07\/28\/podsumowanie-tour-de-france-2023\/\" \/>\n<meta property=\"og:site_name\" content=\"\u0160koda We Love Cycling - Poland\" \/>\n<meta property=\"article:published_time\" content=\"2023-07-28T09:15:18+00:00\" \/>\n<meta property=\"article:modified_time\" content=\"2023-08-23T13:14:14+00:00\" \/>\n<meta property=\"og:image\" content=\"https:\/\/d2p6e6u75xmxt8.cloudfront.net\/5\/2023\/07\/20230706TDF1047-2-scaled.webp\" \/>\n\t<meta property=\"og:image:width\" content=\"2560\" \/>\n\t<meta property=\"og:image:height\" content=\"1705\" \/>\n\t<meta property=\"og:image:type\" content=\"image\/webp\" \/>\n<meta name=\"author\" content=\"rafal\" \/>\n<meta name=\"twitter:card\" content=\"summary_large_image\" \/>\n<meta name=\"twitter:label1\" content=\"Written by\" \/>\n\t<meta name=\"twitter:data1\" content=\"Bartosz Huzarski\" \/>\n\t<meta name=\"twitter:label2\" content=\"Est. reading time\" \/>\n\t<meta name=\"twitter:data2\" content=\"10\" \/>\n<script type=\"application\/ld+json\" class=\"yoast-schema-graph\">{\"@context\":\"https:\/\/schema.org\",\"@graph\":[{\"@type\":\"WebPage\",\"@id\":\"https:\/\/www.welovecycling.com\/pl\/2023\/07\/28\/podsumowanie-tour-de-france-2023\/\",\"url\":\"https:\/\/www.welovecycling.com\/pl\/2023\/07\/28\/podsumowanie-tour-de-france-2023\/\",\"name\":\"Podsumowanie Tour de France 2023 - \u0160koda We Love Cycling - Poland\",\"isPartOf\":{\"@id\":\"https:\/\/www.welovecycling.com\/pl\/#website\"},\"primaryImageOfPage\":{\"@id\":\"https:\/\/www.welovecycling.com\/pl\/2023\/07\/28\/podsumowanie-tour-de-france-2023\/#primaryimage\"},\"image\":{\"@id\":\"https:\/\/www.welovecycling.com\/pl\/2023\/07\/28\/podsumowanie-tour-de-france-2023\/#primaryimage\"},\"thumbnailUrl\":\"https:\/\/d2p6e6u75xmxt8.cloudfront.net\/5\/2023\/07\/20230706TDF1047-2-scaled.webp\",\"datePublished\":\"2023-07-28T09:15:18+00:00\",\"dateModified\":\"2023-08-23T13:14:14+00:00\",\"author\":{\"@id\":\"https:\/\/www.welovecycling.com\/pl\/#\/schema\/person\/bf06ed916a1ef16618807fb60d2ebe42\"},\"breadcrumb\":{\"@id\":\"https:\/\/www.welovecycling.com\/pl\/2023\/07\/28\/podsumowanie-tour-de-france-2023\/#breadcrumb\"},\"inLanguage\":\"pl-PL\",\"potentialAction\":[{\"@type\":\"ReadAction\",\"target\":[\"https:\/\/www.welovecycling.com\/pl\/2023\/07\/28\/podsumowanie-tour-de-france-2023\/\"]}]},{\"@type\":\"ImageObject\",\"inLanguage\":\"pl-PL\",\"@id\":\"https:\/\/www.welovecycling.com\/pl\/2023\/07\/28\/podsumowanie-tour-de-france-2023\/#primaryimage\",\"url\":\"https:\/\/d2p6e6u75xmxt8.cloudfront.net\/5\/2023\/07\/20230706TDF1047-2-scaled.webp\",\"contentUrl\":\"https:\/\/d2p6e6u75xmxt8.cloudfront.net\/5\/2023\/07\/20230706TDF1047-2-scaled.webp\",\"width\":2560,\"height\":1705},{\"@type\":\"BreadcrumbList\",\"@id\":\"https:\/\/www.welovecycling.com\/pl\/2023\/07\/28\/podsumowanie-tour-de-france-2023\/#breadcrumb\",\"itemListElement\":[{\"@type\":\"ListItem\",\"position\":1,\"name\":\"Home\",\"item\":\"https:\/\/www.welovecycling.com\/pl\/\"},{\"@type\":\"ListItem\",\"position\":2,\"name\":\"Podsumowanie Tour de France 2023\"}]},{\"@type\":\"WebSite\",\"@id\":\"https:\/\/www.welovecycling.com\/pl\/#website\",\"url\":\"https:\/\/www.welovecycling.com\/pl\/\",\"name\":\"\u0160koda We Love Cycling - Poland\",\"description\":\"\",\"potentialAction\":[{\"@type\":\"SearchAction\",\"target\":{\"@type\":\"EntryPoint\",\"urlTemplate\":\"https:\/\/www.welovecycling.com\/pl\/?s={search_term_string}\"},\"query-input\":{\"@type\":\"PropertyValueSpecification\",\"valueRequired\":true,\"valueName\":\"search_term_string\"}}],\"inLanguage\":\"pl-PL\"},{\"@type\":\"Person\",\"@id\":\"https:\/\/www.welovecycling.com\/pl\/#\/schema\/person\/bf06ed916a1ef16618807fb60d2ebe42\",\"name\":\"rafal\",\"image\":{\"@type\":\"ImageObject\",\"inLanguage\":\"pl-PL\",\"@id\":\"https:\/\/www.welovecycling.com\/pl\/#\/schema\/person\/image\/\",\"url\":\"https:\/\/secure.gravatar.com\/avatar\/203f240e63bee214f6f3a0dacbeb600c7829c09716c2b9ee3230c6961debcde2?s=96&d=mm&r=g\",\"contentUrl\":\"https:\/\/secure.gravatar.com\/avatar\/203f240e63bee214f6f3a0dacbeb600c7829c09716c2b9ee3230c6961debcde2?s=96&d=mm&r=g\",\"caption\":\"rafal\"},\"url\":\"https:\/\/www.welovecycling.com\/pl\/author\/rafal\/\"}]}<\/script>\n<!-- \/ Yoast SEO Premium plugin. -->","yoast_head_json":{"title":"Podsumowanie Tour de France 2023 - \u0160koda We Love Cycling - Poland","robots":{"index":"index","follow":"follow","max-snippet":"max-snippet:-1","max-image-preview":"max-image-preview:large","max-video-preview":"max-video-preview:-1"},"canonical":"https:\/\/www.welovecycling.com\/pl\/2023\/07\/28\/podsumowanie-tour-de-france-2023\/","og_locale":"pl_PL","og_type":"article","og_title":"Podsumowanie Tour de France 2023","og_description":"Jonas Vingegaard i, jak si\u0119 okaza\u0142o, d\u0142ugo, d\u0142ugo nikt. Trzeci tydzie\u0144 wy\u015bcigu Tour de France otworzy\u0142a jazda indywidualna na czas. [&hellip;]","og_url":"https:\/\/www.welovecycling.com\/pl\/2023\/07\/28\/podsumowanie-tour-de-france-2023\/","og_site_name":"\u0160koda We Love Cycling - Poland","article_published_time":"2023-07-28T09:15:18+00:00","article_modified_time":"2023-08-23T13:14:14+00:00","og_image":[{"width":2560,"height":1705,"url":"https:\/\/d2p6e6u75xmxt8.cloudfront.net\/5\/2023\/07\/20230706TDF1047-2-scaled.webp","type":"image\/webp"}],"author":"rafal","twitter_card":"summary_large_image","twitter_misc":{"Written by":"Bartosz Huzarski","Est. reading time":"10"},"schema":{"@context":"https:\/\/schema.org","@graph":[{"@type":"WebPage","@id":"https:\/\/www.welovecycling.com\/pl\/2023\/07\/28\/podsumowanie-tour-de-france-2023\/","url":"https:\/\/www.welovecycling.com\/pl\/2023\/07\/28\/podsumowanie-tour-de-france-2023\/","name":"Podsumowanie Tour de France 2023 - \u0160koda We Love Cycling - Poland","isPartOf":{"@id":"https:\/\/www.welovecycling.com\/pl\/#website"},"primaryImageOfPage":{"@id":"https:\/\/www.welovecycling.com\/pl\/2023\/07\/28\/podsumowanie-tour-de-france-2023\/#primaryimage"},"image":{"@id":"https:\/\/www.welovecycling.com\/pl\/2023\/07\/28\/podsumowanie-tour-de-france-2023\/#primaryimage"},"thumbnailUrl":"https:\/\/d2p6e6u75xmxt8.cloudfront.net\/5\/2023\/07\/20230706TDF1047-2-scaled.webp","datePublished":"2023-07-28T09:15:18+00:00","dateModified":"2023-08-23T13:14:14+00:00","author":{"@id":"https:\/\/www.welovecycling.com\/pl\/#\/schema\/person\/bf06ed916a1ef16618807fb60d2ebe42"},"breadcrumb":{"@id":"https:\/\/www.welovecycling.com\/pl\/2023\/07\/28\/podsumowanie-tour-de-france-2023\/#breadcrumb"},"inLanguage":"pl-PL","potentialAction":[{"@type":"ReadAction","target":["https:\/\/www.welovecycling.com\/pl\/2023\/07\/28\/podsumowanie-tour-de-france-2023\/"]}]},{"@type":"ImageObject","inLanguage":"pl-PL","@id":"https:\/\/www.welovecycling.com\/pl\/2023\/07\/28\/podsumowanie-tour-de-france-2023\/#primaryimage","url":"https:\/\/d2p6e6u75xmxt8.cloudfront.net\/5\/2023\/07\/20230706TDF1047-2-scaled.webp","contentUrl":"https:\/\/d2p6e6u75xmxt8.cloudfront.net\/5\/2023\/07\/20230706TDF1047-2-scaled.webp","width":2560,"height":1705},{"@type":"BreadcrumbList","@id":"https:\/\/www.welovecycling.com\/pl\/2023\/07\/28\/podsumowanie-tour-de-france-2023\/#breadcrumb","itemListElement":[{"@type":"ListItem","position":1,"name":"Home","item":"https:\/\/www.welovecycling.com\/pl\/"},{"@type":"ListItem","position":2,"name":"Podsumowanie Tour de France 2023"}]},{"@type":"WebSite","@id":"https:\/\/www.welovecycling.com\/pl\/#website","url":"https:\/\/www.welovecycling.com\/pl\/","name":"\u0160koda We Love Cycling - Poland","description":"","potentialAction":[{"@type":"SearchAction","target":{"@type":"EntryPoint","urlTemplate":"https:\/\/www.welovecycling.com\/pl\/?s={search_term_string}"},"query-input":{"@type":"PropertyValueSpecification","valueRequired":true,"valueName":"search_term_string"}}],"inLanguage":"pl-PL"},{"@type":"Person","@id":"https:\/\/www.welovecycling.com\/pl\/#\/schema\/person\/bf06ed916a1ef16618807fb60d2ebe42","name":"rafal","image":{"@type":"ImageObject","inLanguage":"pl-PL","@id":"https:\/\/www.welovecycling.com\/pl\/#\/schema\/person\/image\/","url":"https:\/\/secure.gravatar.com\/avatar\/203f240e63bee214f6f3a0dacbeb600c7829c09716c2b9ee3230c6961debcde2?s=96&d=mm&r=g","contentUrl":"https:\/\/secure.gravatar.com\/avatar\/203f240e63bee214f6f3a0dacbeb600c7829c09716c2b9ee3230c6961debcde2?s=96&d=mm&r=g","caption":"rafal"},"url":"https:\/\/www.welovecycling.com\/pl\/author\/rafal\/"}]}},"_links":{"self":[{"href":"https:\/\/www.welovecycling.com\/pl\/wp-json\/wp\/v2\/posts\/14053","targetHints":{"allow":["GET"]}}],"collection":[{"href":"https:\/\/www.welovecycling.com\/pl\/wp-json\/wp\/v2\/posts"}],"about":[{"href":"https:\/\/www.welovecycling.com\/pl\/wp-json\/wp\/v2\/types\/post"}],"author":[{"embeddable":true,"href":"https:\/\/www.welovecycling.com\/pl\/wp-json\/wp\/v2\/users\/153"}],"replies":[{"embeddable":true,"href":"https:\/\/www.welovecycling.com\/pl\/wp-json\/wp\/v2\/comments?post=14053"}],"version-history":[{"count":7,"href":"https:\/\/www.welovecycling.com\/pl\/wp-json\/wp\/v2\/posts\/14053\/revisions"}],"predecessor-version":[{"id":14170,"href":"https:\/\/www.welovecycling.com\/pl\/wp-json\/wp\/v2\/posts\/14053\/revisions\/14170"}],"wp:featuredmedia":[{"embeddable":true,"href":"https:\/\/www.welovecycling.com\/pl\/wp-json\/wp\/v2\/media\/14054"}],"wp:attachment":[{"href":"https:\/\/www.welovecycling.com\/pl\/wp-json\/wp\/v2\/media?parent=14053"}],"wp:term":[{"taxonomy":"category","embeddable":true,"href":"https:\/\/www.welovecycling.com\/pl\/wp-json\/wp\/v2\/categories?post=14053"},{"taxonomy":"post_tag","embeddable":true,"href":"https:\/\/www.welovecycling.com\/pl\/wp-json\/wp\/v2\/tags?post=14053"},{"taxonomy":"global-categories","embeddable":true,"href":"https:\/\/www.welovecycling.com\/pl\/wp-json\/wp\/v2\/global-categories?post=14053"}],"curies":[{"name":"wp","href":"https:\/\/api.w.org\/{rel}","templated":true}]}}