{"id":14046,"date":"2023-07-27T08:01:50","date_gmt":"2023-07-27T08:01:50","guid":{"rendered":"https:\/\/www.welovecycling.com\/pl\/?p=14046"},"modified":"2023-08-21T12:32:55","modified_gmt":"2023-08-21T12:32:55","slug":"co-to-byl-za-wyscig-za-nami-kapitalny-tour-de-france","status":"publish","type":"post","link":"https:\/\/www.welovecycling.com\/pl\/2023\/07\/27\/co-to-byl-za-wyscig-za-nami-kapitalny-tour-de-france\/","title":{"rendered":"Co to by\u0142 za wy\u015bcig! Za nami kapitalny Tour de France"},"content":{"rendered":"<p><strong>Zwroty akcji, pi\u0119kne historie i zaskakuj\u0105ce rozstrzygni\u0119cia. Za nami jeden z najciekawszych Tour de France w XXI w., a najlepiej b\u0119dzie wspomina\u0142 go zwyci\u0119zca \u2013 Jonas Vingegaard (Jumbo-Visma).<\/strong><\/p>\n<p>Je\u015bli kto\u015b pr\u00f3bowa\u0142 podwa\u017ca\u0107 wielko\u015b\u0107 najstarszego wieloetapowego wy\u015bcigu \u015bwiata, to w minionych trzech tygodniach chyba straci\u0142 wszystkie argumenty. 110. edycja wy\u015bcigu Tour de France mia\u0142a bowiem wszystko, czym pasjonuj\u0105 si\u0119 fani \u015bwiatowego kolarstwa.<\/p>\n<div class=\"embed-controller-wrapper\">\n<blockquote class=\"twitter-tweet\" data-width=\"500\" data-dnt=\"true\">\n<p lang=\"fr\" dir=\"ltr\">\ud83e\udd42 Le dernier chapitre de cette 110\u00e8me \u00e9dition du Tour de France.<\/p>\n<p>\ud83c\udfc6 Victoire de prestige pour <a href=\"https:\/\/twitter.com\/jordimeeus?ref_src=twsrc%5Etfw\">@jordimeeus<\/a> sur les Champs-Elys\u00e9es, et deuxi\u00e8me sacre pour Jonas Vingegaard !<\/p>\n<p>\ud83e\udef6 Merci \u00e0 tous d&#39;avoir suivi le <a href=\"https:\/\/twitter.com\/hashtag\/TDF2023?src=hash&amp;ref_src=twsrc%5Etfw\">#TDF2023<\/a>, rendez-vous l&#39;an prochain pour le <a href=\"https:\/\/twitter.com\/hashtag\/TDF2024?src=hash&amp;ref_src=twsrc%5Etfw\">#TDF2024<\/a> ! <a href=\"https:\/\/t.co\/gF7jqVCfAK\">pic.twitter.com\/gF7jqVCfAK<\/a><\/p>\n<p>&mdash; Tour de France\u2122 (@LeTour) <a href=\"https:\/\/twitter.com\/LeTour\/status\/1683212180563296256?ref_src=twsrc%5Etfw\">July 23, 2023<\/a><\/p><\/blockquote>\n<p><script async data-src=\"https:\/\/platform.twitter.com\/widgets.js\" charset=\"utf-8\"><\/script><\/div>\n<p>Tegoroczn\u0105 Wielk\u0105 P\u0119tl\u0119 zapowiadano jako pojedynek Tadej Pogacara (UAE Team Emirates) z Jonasem Vingegaardem. I tak te\u017c by\u0142o, tylko \u017ce w pewnym momencie ta rywalizacja przeistoczy\u0142a si\u0119 w show Du\u0144czyka.<\/p>\n<p><strong>Du\u0144ska dominacja<\/strong><\/p>\n<p>Na pocz\u0105tku obaj kolarze dali si\u0119 wyszumie\u0107 Adamowi Yatesowi (UAE Team Emirates), kt\u00f3ry jecha\u0142 w \u017c\u00f3\u0142tej koszulce przez cztery dni, nast\u0119pnie trykot na 24 godziny przej\u0105\u0142 Jai Hindley (Bora-Hansgrohe), a p\u00f3\u017aniej na dobre przyklei\u0142 si\u0119 do niego Vingegaard. Gdy Du\u0144czyk za\u0142o\u017cy\u0142 najbardziej po\u017c\u0105dan\u0105 koszulk\u0119 w kolarskim \u015bwiecie, to nie odda\u0142 jej ju\u017c do ko\u0144ca.<\/p>\n<div class=\"embed-controller-wrapper\">\n<blockquote class=\"twitter-tweet\" data-width=\"500\" data-dnt=\"true\">\n<p lang=\"fr\" dir=\"ltr\">\ud83e\udd81\ud83d\udc9bThe King and its bodyguards\ud83d\udc9b\ud83e\udd81<\/p>\n<p>\ud83e\udd81\ud83d\udc9bLe Roi et sa garde rapproch\u00e9e\ud83d\udc9b\ud83e\udd81<a href=\"https:\/\/twitter.com\/hashtag\/TDF2023?src=hash&amp;ref_src=twsrc%5Etfw\">#TDF2023<\/a> <a href=\"https:\/\/twitter.com\/JumboVismaRoad?ref_src=twsrc%5Etfw\">@JumboVismaRoad<\/a> <a href=\"https:\/\/t.co\/FDSMJTKctY\">https:\/\/t.co\/FDSMJTKctY<\/a> <a href=\"https:\/\/t.co\/M5LYo9ldpX\">pic.twitter.com\/M5LYo9ldpX<\/a><\/p>\n<p>&mdash; Tour de France\u2122 (@LeTour) <a href=\"https:\/\/twitter.com\/LeTour\/status\/1683174764070993921?ref_src=twsrc%5Etfw\">July 23, 2023<\/a><\/p><\/blockquote>\n<p><script async data-src=\"https:\/\/platform.twitter.com\/widgets.js\" charset=\"utf-8\"><\/script><\/div>\n<p>Za jego plecami ca\u0142y czas czai\u0142 si\u0119 jednak Pogacar. Vingegaard szuka\u0142 sposob\u00f3w na odjechanie S\u0142owe\u0144cowi, ale ten pod\u0105\u017ca\u0142 ca\u0142y czas za nim. A\u017c do 16. etapu, czyli 22-kilometrowej jazdy na czas. Du\u0144czyk pokona\u0142 j\u0105 w niesamowitym stylu, jakby poprzednie etapy by\u0142y dla niego tylko rozgrzewk\u0105. W efekcie wpad\u0142 na met\u0119 blisko dwie minuty wcze\u015bniej ni\u017c Pogacar i sta\u0142o si\u0119 jasne, \u017ce S\u0142owe\u0144cowi b\u0119dzie ju\u017c niezwykle trudno odrobi\u0107 straty.<\/p>\n<div class=\"embed-controller-wrapper\">\n<blockquote class=\"twitter-tweet\" data-width=\"500\" data-dnt=\"true\">\n<p lang=\"fr\" dir=\"ltr\">\ud83d\udc9b RT &amp; follow for a chance to win a Jonas Vingegaard Yellow Jersey with <a href=\"https:\/\/twitter.com\/SANTINI_SMS?ref_src=twsrc%5Etfw\">@Santini_SMS<\/a><\/p>\n<p>\ud83d\udc9b RT &amp; follow pour tenter de remporter un Maillot Jaune d\u00e9dicac\u00e9 par Jonas Vingegaard avec <a href=\"https:\/\/twitter.com\/SANTINI_SMS?ref_src=twsrc%5Etfw\">@Santini_SMS<\/a><a href=\"https:\/\/twitter.com\/hashtag\/TDF2023?src=hash&amp;ref_src=twsrc%5Etfw\">#TDF2023<\/a> <a href=\"https:\/\/t.co\/JzkmJaaEms\">pic.twitter.com\/JzkmJaaEms<\/a><\/p>\n<p>&mdash; Tour de France\u2122 (@LeTour) <a href=\"https:\/\/twitter.com\/LeTour\/status\/1683196913535811585?ref_src=twsrc%5Etfw\">July 23, 2023<\/a><\/p><\/blockquote>\n<p><script async data-src=\"https:\/\/platform.twitter.com\/widgets.js\" charset=\"utf-8\"><\/script><\/div>\n<p>\u2013\u00a0 Dzi\u015b czu\u0142em si\u0119 bardzo dobrze i chyba pojecha\u0142em najlepsz\u0105 czas\u00f3wk\u0119 w ca\u0142ym moim \u017cyciu. Jestem dumny z tego zwyci\u0119stwa, zaskoczy\u0142em nawet sam siebie. Nie spodziewa\u0142em si\u0119, \u017ce p\u00f3jdzie a\u017c tak dobrze \u2013 m\u00f3wi\u0142 Vingegaard portalowi cyclingnews.com.<\/p>\n<p><strong>Nagroda pocieszenia dla S\u0142owe\u0144ca<\/strong><\/p>\n<p>Tymczasem Pogacar wpad\u0142 w kryzys i nazajutrz niemal straci\u0142 szans\u0119 na wygran\u0105. Podczas kr\u00f3lewskiego etapu z Saint-Gervais-les-Bains do Courchevel S\u0142oweniec upad\u0142 i cho\u0107 szybko si\u0119 pozbiera\u0142, to wida\u0107 by\u0142o, \u017ce tego dnia jazda jest dla niego cierpieniem. W efekcie na met\u0119 wjecha\u0142 sze\u015b\u0107 minut po Vingegaardzie i by\u0142o pewne, \u017ce nie wygra trzeciej Wielkiej P\u0119tli w karierze.<\/p>\n<div class=\"embed-controller-wrapper\">\n<blockquote class=\"twitter-tweet\" data-width=\"500\" data-dnt=\"true\">\n<p lang=\"fr\" dir=\"ltr\">\ud83d\udc9b\ud83d\udc9a\ud83d\udd34\ud83d\udc76Your distinctive jerseys, one final time <\/p>\n<p>\ud83d\udc9b\ud83d\udc9a\ud83d\udd34\ud83d\udc76Vos maillots distinctifs, une derni\u00e8re fois<\/p>\n<p>\ud83d\udc9bJonas Vingegaard<br \/>\ud83d\udc9a<a href=\"https:\/\/twitter.com\/JasperPhilipsen?ref_src=twsrc%5Etfw\">@JasperPhilipsen<\/a> <br \/>\ud83d\udd34<a href=\"https:\/\/twitter.com\/giuliocicco1?ref_src=twsrc%5Etfw\">@GiulioCicco1<\/a><br \/>\ud83d\udc76<a href=\"https:\/\/twitter.com\/TamauPogi?ref_src=twsrc%5Etfw\">@TamauPogi<\/a><a href=\"https:\/\/twitter.com\/hashtag\/TDF2023?src=hash&amp;ref_src=twsrc%5Etfw\">#TDF2023<\/a> <a href=\"https:\/\/t.co\/uGPs0bdcq1\">pic.twitter.com\/uGPs0bdcq1<\/a><\/p>\n<p>&mdash; Tour de France\u2122 (@LeTour) <a href=\"https:\/\/twitter.com\/LeTour\/status\/1683188283419811841?ref_src=twsrc%5Etfw\">July 23, 2023<\/a><\/p><\/blockquote>\n<p><script async data-src=\"https:\/\/platform.twitter.com\/widgets.js\" charset=\"utf-8\"><\/script><\/div>\n<p>Na os\u0142od\u0119 Pogacar zdoby\u0142 koszulk\u0119 dla najlepszego m\u0142odzie\u017cowca. Z kolei klasyfikacj\u0119 g\u00f3rsk\u0105 wygra\u0142 Giulio Ciccone (Lidl-Trek), punktow\u0105 \u2013 Jasper Philipsen (Alpecin-Deceuninck), dru\u017cynow\u0105 \u2013 Jumbo-Visma, a najaktywniejszym kolarzem zosta\u0142 Victor Campenaerts (Lotto Dstny).<\/p>\n<p>To by\u0142 tak\u017ce udany Tour de France dla polskich zawodnik\u00f3w. Rafa\u0142 Majka zaj\u0105\u0142 14. miejsce w klasyfikacji generalnej, a Micha\u0142 Kwiatkowski sko\u0144czy\u0142 na 49. pozycji, ale przede wszystkim wygra\u0142 drugi w karierze etap Wielkiej P\u0119tli.<\/p>\n<div class=\"embed-controller-wrapper\">\n<blockquote class=\"twitter-tweet\" data-width=\"500\" data-dnt=\"true\">\n<p lang=\"en\" dir=\"ltr\">The final <a href=\"https:\/\/twitter.com\/hashtag\/TDF2023?src=hash&amp;ref_src=twsrc%5Etfw\">#TDF2023<\/a> rankings \/ Les derniers classements du <a href=\"https:\/\/twitter.com\/hashtag\/TDF2023?src=hash&amp;ref_src=twsrc%5Etfw\">#TDF2023<\/a> <\/p>\n<p>\ud83d\udc9bJonas Vingegaard<br \/>2\ufe0f\u20e3<a href=\"https:\/\/twitter.com\/TamauPogi?ref_src=twsrc%5Etfw\">@TamauPogi<\/a> <br \/>3\ufe0f\u20e3<a href=\"https:\/\/twitter.com\/AdamYates7?ref_src=twsrc%5Etfw\">@AdamYates7<\/a> <a href=\"https:\/\/twitter.com\/MaillotjauneLCL?ref_src=twsrc%5Etfw\">@MaillotjauneLCL<\/a> <a href=\"https:\/\/t.co\/7EznYLxiLA\">pic.twitter.com\/7EznYLxiLA<\/a><\/p>\n<p>&mdash; Tour de France\u2122 (@LeTour) <a href=\"https:\/\/twitter.com\/LeTour\/status\/1683202823696072705?ref_src=twsrc%5Etfw\">July 23, 2023<\/a><\/p><\/blockquote>\n<p><script async data-src=\"https:\/\/platform.twitter.com\/widgets.js\" charset=\"utf-8\"><\/script><\/div>\n<p><strong>Czas na panie<\/strong><\/p>\n<p>Rywalizacja m\u0119\u017cczyzn w Tour de France przesz\u0142a ju\u017c do historii, a teraz do gry wesz\u0142y kobiety. Od niedzieli 154 zawodniczki rywalizuj\u0105 o \u017c\u00f3\u0142t\u0105 koszulk\u0119, a pierwszy etap zgarn\u0119\u0142a Lotte Kopecky (Team SD Worx).<\/p>\n<div class=\"embed-controller-wrapper\">\n<blockquote class=\"twitter-tweet\" data-width=\"500\" data-dnt=\"true\">\n<p lang=\"fr\" dir=\"ltr\">L\ud83d\udc9bTTE<a href=\"https:\/\/twitter.com\/hashtag\/TDFF2023?src=hash&amp;ref_src=twsrc%5Etfw\">#TDFF2023<\/a> <a href=\"https:\/\/twitter.com\/hashtag\/WatchTheFemmes?src=hash&amp;ref_src=twsrc%5Etfw\">#WatchTheFemmes<\/a> <a href=\"https:\/\/twitter.com\/GoZwift?ref_src=twsrc%5Etfw\">@GoZwift<\/a> <a href=\"https:\/\/twitter.com\/teamsdworx?ref_src=twsrc%5Etfw\">@teamsdworx<\/a> <a href=\"https:\/\/twitter.com\/LotteKopecky?ref_src=twsrc%5Etfw\">@LotteKopecky<\/a> <a href=\"https:\/\/t.co\/nGzprOZM6y\">pic.twitter.com\/nGzprOZM6y<\/a><\/p>\n<p>&mdash; Le Tour de France Femmes avec Zwift (@LeTourFemmes) <a href=\"https:\/\/twitter.com\/LeTourFemmes\/status\/1683194015943110656?ref_src=twsrc%5Etfw\">July 23, 2023<\/a><\/p><\/blockquote>\n<p><script async data-src=\"https:\/\/platform.twitter.com\/widgets.js\" charset=\"utf-8\"><\/script><\/div>\n<p>Przed kolarkami jeszcze siedem etap\u00f3w, a wszystko najpewniej rozegra si\u0119 w dw\u00f3ch ostatnich dniach, gdy najpierw wjad\u0105 w wysokie g\u00f3ry, a na koniec zmierz\u0105 si\u0119 podczas 22-kilometrowej jazdy na czas.<\/p>\n<p>Zako\u0144czenie wy\u015bcigu Tour de France Femmes w najbli\u017csz\u0105 niedziel\u0119.<\/p>\n<p><span data-sheets-value=\"{&quot;1&quot;:2,&quot;2&quot;:&quot;Artyku\u0142 powsta\u0142 we wsp\u00f3\u0142pracy ze skoda-auto.pl&quot;}\" data-sheets-userformat=\"{&quot;2&quot;:1,&quot;3&quot;:{&quot;1&quot;:0}}\" data-sheets-hyperlink=\"http:\/\/www.skoda-auto.pl\/\"><a class=\"in-cell-link\" href=\"http:\/\/www.skoda-auto.pl\/\" target=\"_blank\" rel=\"noopener noreferrer\">Artyku\u0142 powsta\u0142 we wsp\u00f3\u0142pracy ze skoda-auto.pl<\/a><\/span><\/p>\n<p><a href=\"https:\/\/d2p6e6u75xmxt8.cloudfront.net\/5\/2030\/11\/2.webp\"><img loading=\"lazy\" decoding=\"async\" class=\"size-full wp-image-13774 aligncenter\" src=\"https:\/\/d2p6e6u75xmxt8.cloudfront.net\/5\/2030\/11\/2.webp\" alt=\"\" width=\"640\" height=\"350\" srcset=\"https:\/\/d2p6e6u75xmxt8.cloudfront.net\/5\/2030\/11\/2.webp 640w, https:\/\/d2p6e6u75xmxt8.cloudfront.net\/5\/2030\/11\/2-300x164.webp 300w, https:\/\/d2p6e6u75xmxt8.cloudfront.net\/5\/2030\/11\/2-400x219.webp 400w\" sizes=\"auto, (max-width: 640px) 100vw, 640px\" \/><\/a><\/p>\n","protected":false},"excerpt":{"rendered":"<p>Zwroty akcji, pi\u0119kne historie i zaskakuj\u0105ce rozstrzygni\u0119cia. Za nami jeden z najciekawszych Tour de France w XXI w., a najlepiej [&hellip;]<\/p>\n","protected":false},"author":153,"featured_media":14022,"comment_status":"open","ping_status":"open","sticky":false,"template":"","format":"standard","meta":{"footnotes":""},"categories":[398],"tags":[176,405,191,404,73,77,399,82,146],"global-categories":[303],"class_list":["post-14046","post","type-post","status-publish","format-standard","has-post-thumbnail","hentry","category-tour-de-france-2023","tag-kolarstwo","tag-rower","tag-skoda","tag-skodapolska","tag-tdf","tag-tour-de-france","tag-tour-de-france-2023","tag-welovecycling","tag-wyscig","global-categories-cycling"],"yoast_head":"<!-- This site is optimized with the Yoast SEO Premium plugin v25.3 (Yoast SEO v25.9) - https:\/\/yoast.com\/wordpress\/plugins\/seo\/ -->\n<title>Co to by\u0142 za wy\u015bcig! Za nami kapitalny Tour de France - \u0160koda We Love Cycling - Poland<\/title>\n<meta name=\"robots\" content=\"index, follow, max-snippet:-1, max-image-preview:large, max-video-preview:-1\" \/>\n<link rel=\"canonical\" href=\"https:\/\/www.welovecycling.com\/pl\/2023\/07\/27\/co-to-byl-za-wyscig-za-nami-kapitalny-tour-de-france\/\" \/>\n<meta property=\"og:locale\" content=\"pl_PL\" \/>\n<meta property=\"og:type\" content=\"article\" \/>\n<meta property=\"og:title\" content=\"Co to by\u0142 za wy\u015bcig! Za nami kapitalny Tour de France\" \/>\n<meta property=\"og:description\" content=\"Zwroty akcji, pi\u0119kne historie i zaskakuj\u0105ce rozstrzygni\u0119cia. Za nami jeden z najciekawszych Tour de France w XXI w., a najlepiej [&hellip;]\" \/>\n<meta property=\"og:url\" content=\"https:\/\/www.welovecycling.com\/pl\/2023\/07\/27\/co-to-byl-za-wyscig-za-nami-kapitalny-tour-de-france\/\" \/>\n<meta property=\"og:site_name\" content=\"\u0160koda We Love Cycling - Poland\" \/>\n<meta property=\"article:published_time\" content=\"2023-07-27T08:01:50+00:00\" \/>\n<meta property=\"article:modified_time\" content=\"2023-08-21T12:32:55+00:00\" \/>\n<meta property=\"og:image\" content=\"https:\/\/d2p6e6u75xmxt8.cloudfront.net\/5\/2023\/07\/MicrosoftTeams-image.webp\" \/>\n\t<meta property=\"og:image:width\" content=\"990\" \/>\n\t<meta property=\"og:image:height\" content=\"660\" \/>\n\t<meta property=\"og:image:type\" content=\"image\/webp\" \/>\n<meta name=\"author\" content=\"rafal\" \/>\n<meta name=\"twitter:card\" content=\"summary_large_image\" \/>\n<meta name=\"twitter:label1\" content=\"Written by\" \/>\n\t<meta name=\"twitter:data1\" content=\"Piotr Nowik\" \/>\n\t<meta name=\"twitter:label2\" content=\"Est. reading time\" \/>\n\t<meta name=\"twitter:data2\" content=\"6\" \/>\n<script type=\"application\/ld+json\" class=\"yoast-schema-graph\">{\"@context\":\"https:\/\/schema.org\",\"@graph\":[{\"@type\":\"WebPage\",\"@id\":\"https:\/\/www.welovecycling.com\/pl\/2023\/07\/27\/co-to-byl-za-wyscig-za-nami-kapitalny-tour-de-france\/\",\"url\":\"https:\/\/www.welovecycling.com\/pl\/2023\/07\/27\/co-to-byl-za-wyscig-za-nami-kapitalny-tour-de-france\/\",\"name\":\"Co to by\u0142 za wy\u015bcig! Za nami kapitalny Tour de France - \u0160koda We Love Cycling - Poland\",\"isPartOf\":{\"@id\":\"https:\/\/www.welovecycling.com\/pl\/#website\"},\"primaryImageOfPage\":{\"@id\":\"https:\/\/www.welovecycling.com\/pl\/2023\/07\/27\/co-to-byl-za-wyscig-za-nami-kapitalny-tour-de-france\/#primaryimage\"},\"image\":{\"@id\":\"https:\/\/www.welovecycling.com\/pl\/2023\/07\/27\/co-to-byl-za-wyscig-za-nami-kapitalny-tour-de-france\/#primaryimage\"},\"thumbnailUrl\":\"https:\/\/d2p6e6u75xmxt8.cloudfront.net\/5\/2023\/07\/MicrosoftTeams-image.webp\",\"datePublished\":\"2023-07-27T08:01:50+00:00\",\"dateModified\":\"2023-08-21T12:32:55+00:00\",\"author\":{\"@id\":\"https:\/\/www.welovecycling.com\/pl\/#\/schema\/person\/bf06ed916a1ef16618807fb60d2ebe42\"},\"breadcrumb\":{\"@id\":\"https:\/\/www.welovecycling.com\/pl\/2023\/07\/27\/co-to-byl-za-wyscig-za-nami-kapitalny-tour-de-france\/#breadcrumb\"},\"inLanguage\":\"pl-PL\",\"potentialAction\":[{\"@type\":\"ReadAction\",\"target\":[\"https:\/\/www.welovecycling.com\/pl\/2023\/07\/27\/co-to-byl-za-wyscig-za-nami-kapitalny-tour-de-france\/\"]}]},{\"@type\":\"ImageObject\",\"inLanguage\":\"pl-PL\",\"@id\":\"https:\/\/www.welovecycling.com\/pl\/2023\/07\/27\/co-to-byl-za-wyscig-za-nami-kapitalny-tour-de-france\/#primaryimage\",\"url\":\"https:\/\/d2p6e6u75xmxt8.cloudfront.net\/5\/2023\/07\/MicrosoftTeams-image.webp\",\"contentUrl\":\"https:\/\/d2p6e6u75xmxt8.cloudfront.net\/5\/2023\/07\/MicrosoftTeams-image.webp\",\"width\":990,\"height\":660},{\"@type\":\"BreadcrumbList\",\"@id\":\"https:\/\/www.welovecycling.com\/pl\/2023\/07\/27\/co-to-byl-za-wyscig-za-nami-kapitalny-tour-de-france\/#breadcrumb\",\"itemListElement\":[{\"@type\":\"ListItem\",\"position\":1,\"name\":\"Home\",\"item\":\"https:\/\/www.welovecycling.com\/pl\/\"},{\"@type\":\"ListItem\",\"position\":2,\"name\":\"Co to by\u0142 za wy\u015bcig! Za nami kapitalny Tour de France\"}]},{\"@type\":\"WebSite\",\"@id\":\"https:\/\/www.welovecycling.com\/pl\/#website\",\"url\":\"https:\/\/www.welovecycling.com\/pl\/\",\"name\":\"\u0160koda We Love Cycling - Poland\",\"description\":\"\",\"potentialAction\":[{\"@type\":\"SearchAction\",\"target\":{\"@type\":\"EntryPoint\",\"urlTemplate\":\"https:\/\/www.welovecycling.com\/pl\/?s={search_term_string}\"},\"query-input\":{\"@type\":\"PropertyValueSpecification\",\"valueRequired\":true,\"valueName\":\"search_term_string\"}}],\"inLanguage\":\"pl-PL\"},{\"@type\":\"Person\",\"@id\":\"https:\/\/www.welovecycling.com\/pl\/#\/schema\/person\/bf06ed916a1ef16618807fb60d2ebe42\",\"name\":\"rafal\",\"image\":{\"@type\":\"ImageObject\",\"inLanguage\":\"pl-PL\",\"@id\":\"https:\/\/www.welovecycling.com\/pl\/#\/schema\/person\/image\/\",\"url\":\"https:\/\/secure.gravatar.com\/avatar\/203f240e63bee214f6f3a0dacbeb600c7829c09716c2b9ee3230c6961debcde2?s=96&d=mm&r=g\",\"contentUrl\":\"https:\/\/secure.gravatar.com\/avatar\/203f240e63bee214f6f3a0dacbeb600c7829c09716c2b9ee3230c6961debcde2?s=96&d=mm&r=g\",\"caption\":\"rafal\"},\"url\":\"https:\/\/www.welovecycling.com\/pl\/author\/rafal\/\"}]}<\/script>\n<!-- \/ Yoast SEO Premium plugin. -->","yoast_head_json":{"title":"Co to by\u0142 za wy\u015bcig! Za nami kapitalny Tour de France - \u0160koda We Love Cycling - Poland","robots":{"index":"index","follow":"follow","max-snippet":"max-snippet:-1","max-image-preview":"max-image-preview:large","max-video-preview":"max-video-preview:-1"},"canonical":"https:\/\/www.welovecycling.com\/pl\/2023\/07\/27\/co-to-byl-za-wyscig-za-nami-kapitalny-tour-de-france\/","og_locale":"pl_PL","og_type":"article","og_title":"Co to by\u0142 za wy\u015bcig! Za nami kapitalny Tour de France","og_description":"Zwroty akcji, pi\u0119kne historie i zaskakuj\u0105ce rozstrzygni\u0119cia. Za nami jeden z najciekawszych Tour de France w XXI w., a najlepiej [&hellip;]","og_url":"https:\/\/www.welovecycling.com\/pl\/2023\/07\/27\/co-to-byl-za-wyscig-za-nami-kapitalny-tour-de-france\/","og_site_name":"\u0160koda We Love Cycling - Poland","article_published_time":"2023-07-27T08:01:50+00:00","article_modified_time":"2023-08-21T12:32:55+00:00","og_image":[{"width":990,"height":660,"url":"https:\/\/d2p6e6u75xmxt8.cloudfront.net\/5\/2023\/07\/MicrosoftTeams-image.webp","type":"image\/webp"}],"author":"rafal","twitter_card":"summary_large_image","twitter_misc":{"Written by":"Piotr Nowik","Est. reading time":"6"},"schema":{"@context":"https:\/\/schema.org","@graph":[{"@type":"WebPage","@id":"https:\/\/www.welovecycling.com\/pl\/2023\/07\/27\/co-to-byl-za-wyscig-za-nami-kapitalny-tour-de-france\/","url":"https:\/\/www.welovecycling.com\/pl\/2023\/07\/27\/co-to-byl-za-wyscig-za-nami-kapitalny-tour-de-france\/","name":"Co to by\u0142 za wy\u015bcig! Za nami kapitalny Tour de France - \u0160koda We Love Cycling - Poland","isPartOf":{"@id":"https:\/\/www.welovecycling.com\/pl\/#website"},"primaryImageOfPage":{"@id":"https:\/\/www.welovecycling.com\/pl\/2023\/07\/27\/co-to-byl-za-wyscig-za-nami-kapitalny-tour-de-france\/#primaryimage"},"image":{"@id":"https:\/\/www.welovecycling.com\/pl\/2023\/07\/27\/co-to-byl-za-wyscig-za-nami-kapitalny-tour-de-france\/#primaryimage"},"thumbnailUrl":"https:\/\/d2p6e6u75xmxt8.cloudfront.net\/5\/2023\/07\/MicrosoftTeams-image.webp","datePublished":"2023-07-27T08:01:50+00:00","dateModified":"2023-08-21T12:32:55+00:00","author":{"@id":"https:\/\/www.welovecycling.com\/pl\/#\/schema\/person\/bf06ed916a1ef16618807fb60d2ebe42"},"breadcrumb":{"@id":"https:\/\/www.welovecycling.com\/pl\/2023\/07\/27\/co-to-byl-za-wyscig-za-nami-kapitalny-tour-de-france\/#breadcrumb"},"inLanguage":"pl-PL","potentialAction":[{"@type":"ReadAction","target":["https:\/\/www.welovecycling.com\/pl\/2023\/07\/27\/co-to-byl-za-wyscig-za-nami-kapitalny-tour-de-france\/"]}]},{"@type":"ImageObject","inLanguage":"pl-PL","@id":"https:\/\/www.welovecycling.com\/pl\/2023\/07\/27\/co-to-byl-za-wyscig-za-nami-kapitalny-tour-de-france\/#primaryimage","url":"https:\/\/d2p6e6u75xmxt8.cloudfront.net\/5\/2023\/07\/MicrosoftTeams-image.webp","contentUrl":"https:\/\/d2p6e6u75xmxt8.cloudfront.net\/5\/2023\/07\/MicrosoftTeams-image.webp","width":990,"height":660},{"@type":"BreadcrumbList","@id":"https:\/\/www.welovecycling.com\/pl\/2023\/07\/27\/co-to-byl-za-wyscig-za-nami-kapitalny-tour-de-france\/#breadcrumb","itemListElement":[{"@type":"ListItem","position":1,"name":"Home","item":"https:\/\/www.welovecycling.com\/pl\/"},{"@type":"ListItem","position":2,"name":"Co to by\u0142 za wy\u015bcig! Za nami kapitalny Tour de France"}]},{"@type":"WebSite","@id":"https:\/\/www.welovecycling.com\/pl\/#website","url":"https:\/\/www.welovecycling.com\/pl\/","name":"\u0160koda We Love Cycling - Poland","description":"","potentialAction":[{"@type":"SearchAction","target":{"@type":"EntryPoint","urlTemplate":"https:\/\/www.welovecycling.com\/pl\/?s={search_term_string}"},"query-input":{"@type":"PropertyValueSpecification","valueRequired":true,"valueName":"search_term_string"}}],"inLanguage":"pl-PL"},{"@type":"Person","@id":"https:\/\/www.welovecycling.com\/pl\/#\/schema\/person\/bf06ed916a1ef16618807fb60d2ebe42","name":"rafal","image":{"@type":"ImageObject","inLanguage":"pl-PL","@id":"https:\/\/www.welovecycling.com\/pl\/#\/schema\/person\/image\/","url":"https:\/\/secure.gravatar.com\/avatar\/203f240e63bee214f6f3a0dacbeb600c7829c09716c2b9ee3230c6961debcde2?s=96&d=mm&r=g","contentUrl":"https:\/\/secure.gravatar.com\/avatar\/203f240e63bee214f6f3a0dacbeb600c7829c09716c2b9ee3230c6961debcde2?s=96&d=mm&r=g","caption":"rafal"},"url":"https:\/\/www.welovecycling.com\/pl\/author\/rafal\/"}]}},"_links":{"self":[{"href":"https:\/\/www.welovecycling.com\/pl\/wp-json\/wp\/v2\/posts\/14046","targetHints":{"allow":["GET"]}}],"collection":[{"href":"https:\/\/www.welovecycling.com\/pl\/wp-json\/wp\/v2\/posts"}],"about":[{"href":"https:\/\/www.welovecycling.com\/pl\/wp-json\/wp\/v2\/types\/post"}],"author":[{"embeddable":true,"href":"https:\/\/www.welovecycling.com\/pl\/wp-json\/wp\/v2\/users\/153"}],"replies":[{"embeddable":true,"href":"https:\/\/www.welovecycling.com\/pl\/wp-json\/wp\/v2\/comments?post=14046"}],"version-history":[{"count":4,"href":"https:\/\/www.welovecycling.com\/pl\/wp-json\/wp\/v2\/posts\/14046\/revisions"}],"predecessor-version":[{"id":14162,"href":"https:\/\/www.welovecycling.com\/pl\/wp-json\/wp\/v2\/posts\/14046\/revisions\/14162"}],"wp:featuredmedia":[{"embeddable":true,"href":"https:\/\/www.welovecycling.com\/pl\/wp-json\/wp\/v2\/media\/14022"}],"wp:attachment":[{"href":"https:\/\/www.welovecycling.com\/pl\/wp-json\/wp\/v2\/media?parent=14046"}],"wp:term":[{"taxonomy":"category","embeddable":true,"href":"https:\/\/www.welovecycling.com\/pl\/wp-json\/wp\/v2\/categories?post=14046"},{"taxonomy":"post_tag","embeddable":true,"href":"https:\/\/www.welovecycling.com\/pl\/wp-json\/wp\/v2\/tags?post=14046"},{"taxonomy":"global-categories","embeddable":true,"href":"https:\/\/www.welovecycling.com\/pl\/wp-json\/wp\/v2\/global-categories?post=14046"}],"curies":[{"name":"wp","href":"https:\/\/api.w.org\/{rel}","templated":true}]}}